{"id":15773,"date":"2021-10-25T05:22:50","date_gmt":"2021-10-25T12:22:50","guid":{"rendered":"https:\/\/fuentesfidedignas.com.mx\/?p=15773"},"modified":"2021-10-25T05:22:52","modified_gmt":"2021-10-25T12:22:52","slug":"la-concentracion-de-gases-de-efecto-invernadero-alcanza-un-nuevo-record","status":"publish","type":"post","link":"https:\/\/fuentesfidedignas.com.mx\/index.php\/2021\/10\/25\/la-concentracion-de-gases-de-efecto-invernadero-alcanza-un-nuevo-record\/","title":{"rendered":"La concentraci\u00f3n de gases de efecto invernadero alcanza un nuevo r\u00e9cord"},"content":{"rendered":"\n<p><strong><em>La agencia meteorol\u00f3gica de la ONU dijo que los niveles de di\u00f3xido de carbono aumentaron a 413.2 partes por mill\u00f3n en 2020, lo que significa un incremento mayor que la tasa media de la \u00faltima d\u00e9cada<\/em><\/strong><\/p>\n\n\n\n<p>Ciudad de M\u00e9xico .- Las concentraciones de gases de efecto invernadero alcanzaron un r\u00e9cord el a\u00f1o pasado y el mundo est\u00e1 muy lejos de los objetivos clim\u00e1ticos, dijo el lunes la agencia meteorol\u00f3gica de la ONU, mostrando la magnitud de la tarea a la que se enfrentan los Gobiernos en sus planes para evitar niveles peligrosos de calentamiento.<\/p>\n\n\n\n<p>Un informe de la Organizaci\u00f3n Meteorol\u00f3gica Mundial mostr\u00f3 que los niveles de di\u00f3xido de carbono aumentaron a 413.2 partes por mill\u00f3n en 2020, lo que significa un incremento mayor que la tasa media de la \u00faltima d\u00e9cada, a pesar de un descenso temporal de las emisiones durante los confinamientos por Covid-19.<\/p>\n\n\n\n<p>El secretario general de la organizaci\u00f3n, Petteri Taalas, dijo que el ritmo actual de aumento de los gases que atrapan el calor provocar\u00eda un aumento de la temperatura \u201cmuy superior\u201d al objetivo del Acuerdo de Par\u00eds de 2015 de 1.5 grados cent\u00edgrados por encima de la media preindustrial en este siglo.<\/p>\n\n\n\n<p>\u201cEstamos muy lejos de la meta\u201d, dijo. \u201cTenemos que revisar nuestros sistemas industriales, energ\u00e9ticos y de transporte, as\u00ed como todo nuestro modo de vida\u201d, a\u00f1adi\u00f3, y pidi\u00f3 un \u201cdram\u00e1tico aumento\u201d en los compromisos de los pa\u00edses en la conferencia COP26 que comienza el domingo.<\/p>\n\n\n\n<p>La ciudad escocesa de Glasgow est\u00e1 dando los \u00faltimos retoques antes de acoger las conversaciones sobre el clima, que pueden ser la \u00faltima oportunidad del mundo para limitar el calentamiento global al l\u00edmite m\u00e1ximo de 1.5 a 2 grados cent\u00edgrados establecido en el Acuerdo de Par\u00eds.<\/p>\n\n\n\n<p>Hay mucho en juego en la cumbre, tanto por el impacto en los medios de vida econ\u00f3micos de todo el mundo como por la futura estabilidad del sistema financiero mundial.<\/p>\n\n\n\n<p>El pr\u00edncipe heredero de Arabia Saud\u00ed declar\u00f3 el s\u00e1bado que el principal exportador de petr\u00f3leo del mundo pretende alcanzar las emisiones \u201cnetas cero\u201d de gases de efecto invernadero, producidas en su mayor\u00eda por la quema de combustibles f\u00f3siles, para 2060, 10 a\u00f1os m\u00e1s tarde que Estados Unidos.<\/p>\n\n\n\n<p>Es previsible que el gabinete de Australia adopte formalmente un objetivo de emisiones netas cero para 2050 cuando se re\u00fana el lunes para revisar un acuerdo alcanzado entre los partidos del Gobierno de coalici\u00f3n del primer ministro Scott Morrison, seg\u00fan dijeron fuentes oficiales a Reuters.<\/p>\n\n\n\n<p>La coalici\u00f3n en el poder ha estado dividida sobre c\u00f3mo abordar el cambio clim\u00e1tico, y el Gobierno sostiene que unos objetivos m\u00e1s estrictos da\u00f1ar\u00edan la econom\u00eda de 2 billones de d\u00f3lares australianos (1.5 billones de d\u00f3lares).<\/p>\n\n\n\n<p>En Berl\u00edn, representantes de Alemania y Canad\u00e1 ten\u00edan previsto presentar un plan sobre c\u00f3mo los pa\u00edses ricos pueden ayudar a las naciones m\u00e1s pobres a financiar la reforma necesaria para hacer frente al cambio clim\u00e1tico.<\/p>\n\n\n\n<p>Hasta ahora, los pa\u00edses ricos no han cumplido su promesa de 2009 de aportar 100,000 millones de d\u00f3lares anuales en financiaci\u00f3n del clima a los pa\u00edses m\u00e1s pobres para 2020.<\/p>\n\n\n\n<p>Una encuesta realizada por Reuters entre economistas concluy\u00f3 que para alcanzar el objetivo del Acuerdo de Par\u00eds de cero emisiones netas de carbono se necesitar\u00e1n inversiones en una transici\u00f3n ecol\u00f3gica por valor del 2% al 3% de la producci\u00f3n mundial cada a\u00f1o hasta 2050, mucho menos que el coste econ\u00f3mico de no hacer nada.<\/p>\n\n\n\n<p>En Londres, los activistas del clima reanudaron su campa\u00f1a de bloqueo de las principales carreteras interrumpiendo el tr\u00e1fico en el distrito financiero de la ciudad.<\/p>\n","protected":false},"excerpt":{"rendered":"<p>La agencia meteorol\u00f3gica de la ONU dijo que los niveles de di\u00f3xido de carbono aumentaron a 413.2 partes por mill\u00f3n en 2020, lo que significa un incremento mayor que la tasa media de la \u00faltima d\u00e9cada Ciudad de M\u00e9xico .- Las concentraciones de gases de efecto invernadero alcanzaron un r\u00e9cord el a\u00f1o pasado y el [&hellip;]<\/p>\n","protected":false},"author":5,"featured_media":15774,"comment_status":"open","ping_status":"open","sticky":false,"template":"","format":"standard","meta":{"tdm_status":"","tdm_grid_status":"","footnotes":""},"categories":[37],"tags":[],"class_list":{"0":"post-15773","1":"post","2":"type-post","3":"status-publish","4":"format-standard","5":"has-post-thumbnail","7":"category-nota-principal"},"yoast_head":"<!-- This site is optimized with the Yoast SEO plugin v27.5 - https:\/\/yoast.com\/product\/yoast-seo-wordpress\/ -->\n<title>La concentraci\u00f3n de gases de efecto invernadero alcanza un nuevo r\u00e9cord - Fuentes Fidedignas<\/title>\n<meta name=\"robots\" content=\"index, follow, max-snippet:-1, max-image-preview:large, max-video-preview:-1\" \/>\n<link rel=\"canonical\" href=\"https:\/\/fuentesfidedignas.com.mx\/index.php\/2021\/10\/25\/la-concentracion-de-gases-de-efecto-invernadero-alcanza-un-nuevo-record\/\" \/>\n<meta property=\"og:locale\" content=\"es_MX\" \/>\n<meta property=\"og:type\" content=\"article\" \/>\n<meta property=\"og:title\" content=\"La concentraci\u00f3n de gases de efecto invernadero alcanza un nuevo r\u00e9cord - Fuentes Fidedignas\" \/>\n<meta property=\"og:description\" content=\"La agencia meteorol\u00f3gica de la ONU dijo que los niveles de di\u00f3xido de carbono aumentaron a 413.2 partes por mill\u00f3n en 2020, lo que significa un incremento mayor que la tasa media de la \u00faltima d\u00e9cada Ciudad de M\u00e9xico .- Las concentraciones de gases de efecto invernadero alcanzaron un r\u00e9cord el a\u00f1o pasado y el [&hellip;]\" \/>\n<meta property=\"og:url\" content=\"https:\/\/fuentesfidedignas.com.mx\/index.php\/2021\/10\/25\/la-concentracion-de-gases-de-efecto-invernadero-alcanza-un-nuevo-record\/\" \/>\n<meta property=\"og:site_name\" content=\"Fuentes Fidedignas\" \/>\n<meta property=\"article:publisher\" content=\"https:\/\/www.facebook.com\/Fuentes-Fidedignas-368234489921644\" \/>\n<meta property=\"article:published_time\" content=\"2021-10-25T12:22:50+00:00\" \/>\n<meta property=\"article:modified_time\" content=\"2021-10-25T12:22:52+00:00\" \/>\n<meta property=\"og:image\" content=\"https:\/\/fuentesfidedignas.com.mx\/wp-content\/uploads\/2021\/10\/gases-efecto-invernadero-onu-768x432-1.jpg\" \/>\n\t<meta property=\"og:image:width\" content=\"768\" \/>\n\t<meta property=\"og:image:height\" content=\"432\" \/>\n\t<meta property=\"og:image:type\" content=\"image\/jpeg\" \/>\n<meta name=\"author\" content=\"Forbes\" \/>\n<meta name=\"twitter:card\" content=\"summary_large_image\" \/>\n<meta name=\"twitter:creator\" content=\"@fidedignas\" \/>\n<meta name=\"twitter:site\" content=\"@fidedignas\" \/>\n<meta name=\"twitter:label1\" content=\"Escrito por\" \/>\n\t<meta name=\"twitter:data1\" content=\"Forbes\" \/>\n\t<meta name=\"twitter:label2\" content=\"Tiempo de lectura\" \/>\n\t<meta name=\"twitter:data2\" content=\"3 minutos\" \/>\n<script type=\"application\/ld+json\" class=\"yoast-schema-graph\">{\"@context\":\"https:\\\/\\\/schema.org\",\"@graph\":[{\"@type\":\"Article\",\"@id\":\"https:\\\/\\\/fuentesfidedignas.com.mx\\\/index.php\\\/2021\\\/10\\\/25\\\/la-concentracion-de-gases-de-efecto-invernadero-alcanza-un-nuevo-record\\\/#article\",\"isPartOf\":{\"@id\":\"https:\\\/\\\/fuentesfidedignas.com.mx\\\/index.php\\\/2021\\\/10\\\/25\\\/la-concentracion-de-gases-de-efecto-invernadero-alcanza-un-nuevo-record\\\/\"},\"author\":{\"name\":\"Forbes\",\"@id\":\"https:\\\/\\\/fuentesfidedignas.com.mx\\\/#\\\/schema\\\/person\\\/5623d53fe2e579d825b1679734abcc44\"},\"headline\":\"La concentraci\u00f3n de gases de efecto invernadero alcanza un nuevo r\u00e9cord\",\"datePublished\":\"2021-10-25T12:22:50+00:00\",\"dateModified\":\"2021-10-25T12:22:52+00:00\",\"mainEntityOfPage\":{\"@id\":\"https:\\\/\\\/fuentesfidedignas.com.mx\\\/index.php\\\/2021\\\/10\\\/25\\\/la-concentracion-de-gases-de-efecto-invernadero-alcanza-un-nuevo-record\\\/\"},\"wordCount\":648,\"commentCount\":0,\"publisher\":{\"@id\":\"https:\\\/\\\/fuentesfidedignas.com.mx\\\/#organization\"},\"image\":{\"@id\":\"https:\\\/\\\/fuentesfidedignas.com.mx\\\/index.php\\\/2021\\\/10\\\/25\\\/la-concentracion-de-gases-de-efecto-invernadero-alcanza-un-nuevo-record\\\/#primaryimage\"},\"thumbnailUrl\":\"https:\\\/\\\/fuentesfidedignas.com.mx\\\/wp-content\\\/uploads\\\/2021\\\/10\\\/gases-efecto-invernadero-onu-768x432-1.jpg\",\"articleSection\":[\"NOTA PRINCIPAL\"],\"inLanguage\":\"es\",\"potentialAction\":[{\"@type\":\"CommentAction\",\"name\":\"Comment\",\"target\":[\"https:\\\/\\\/fuentesfidedignas.com.mx\\\/index.php\\\/2021\\\/10\\\/25\\\/la-concentracion-de-gases-de-efecto-invernadero-alcanza-un-nuevo-record\\\/#respond\"]}]},{\"@type\":\"WebPage\",\"@id\":\"https:\\\/\\\/fuentesfidedignas.com.mx\\\/index.php\\\/2021\\\/10\\\/25\\\/la-concentracion-de-gases-de-efecto-invernadero-alcanza-un-nuevo-record\\\/\",\"url\":\"https:\\\/\\\/fuentesfidedignas.com.mx\\\/index.php\\\/2021\\\/10\\\/25\\\/la-concentracion-de-gases-de-efecto-invernadero-alcanza-un-nuevo-record\\\/\",\"name\":\"La concentraci\u00f3n de gases de efecto invernadero alcanza un nuevo r\u00e9cord - Fuentes Fidedignas\",\"isPartOf\":{\"@id\":\"https:\\\/\\\/fuentesfidedignas.com.mx\\\/#website\"},\"primaryImageOfPage\":{\"@id\":\"https:\\\/\\\/fuentesfidedignas.com.mx\\\/index.php\\\/2021\\\/10\\\/25\\\/la-concentracion-de-gases-de-efecto-invernadero-alcanza-un-nuevo-record\\\/#primaryimage\"},\"image\":{\"@id\":\"https:\\\/\\\/fuentesfidedignas.com.mx\\\/index.php\\\/2021\\\/10\\\/25\\\/la-concentracion-de-gases-de-efecto-invernadero-alcanza-un-nuevo-record\\\/#primaryimage\"},\"thumbnailUrl\":\"https:\\\/\\\/fuentesfidedignas.com.mx\\\/wp-content\\\/uploads\\\/2021\\\/10\\\/gases-efecto-invernadero-onu-768x432-1.jpg\",\"datePublished\":\"2021-10-25T12:22:50+00:00\",\"dateModified\":\"2021-10-25T12:22:52+00:00\",\"breadcrumb\":{\"@id\":\"https:\\\/\\\/fuentesfidedignas.com.mx\\\/index.php\\\/2021\\\/10\\\/25\\\/la-concentracion-de-gases-de-efecto-invernadero-alcanza-un-nuevo-record\\\/#breadcrumb\"},\"inLanguage\":\"es\",\"potentialAction\":[{\"@type\":\"ReadAction\",\"target\":[\"https:\\\/\\\/fuentesfidedignas.com.mx\\\/index.php\\\/2021\\\/10\\\/25\\\/la-concentracion-de-gases-de-efecto-invernadero-alcanza-un-nuevo-record\\\/\"]}]},{\"@type\":\"ImageObject\",\"inLanguage\":\"es\",\"@id\":\"https:\\\/\\\/fuentesfidedignas.com.mx\\\/index.php\\\/2021\\\/10\\\/25\\\/la-concentracion-de-gases-de-efecto-invernadero-alcanza-un-nuevo-record\\\/#primaryimage\",\"url\":\"https:\\\/\\\/fuentesfidedignas.com.mx\\\/wp-content\\\/uploads\\\/2021\\\/10\\\/gases-efecto-invernadero-onu-768x432-1.jpg\",\"contentUrl\":\"https:\\\/\\\/fuentesfidedignas.com.mx\\\/wp-content\\\/uploads\\\/2021\\\/10\\\/gases-efecto-invernadero-onu-768x432-1.jpg\",\"width\":768,\"height\":432},{\"@type\":\"BreadcrumbList\",\"@id\":\"https:\\\/\\\/fuentesfidedignas.com.mx\\\/index.php\\\/2021\\\/10\\\/25\\\/la-concentracion-de-gases-de-efecto-invernadero-alcanza-un-nuevo-record\\\/#breadcrumb\",\"itemListElement\":[{\"@type\":\"ListItem\",\"position\":1,\"name\":\"Inicio\",\"item\":\"https:\\\/\\\/fuentesfidedignas.com.mx\\\/\"},{\"@type\":\"ListItem\",\"position\":2,\"name\":\"La concentraci\u00f3n de gases de efecto invernadero alcanza un nuevo r\u00e9cord\"}]},{\"@type\":\"WebSite\",\"@id\":\"https:\\\/\\\/fuentesfidedignas.com.mx\\\/#website\",\"url\":\"https:\\\/\\\/fuentesfidedignas.com.mx\\\/\",\"name\":\"Fuentes Fidedignas\",\"description\":\"Otro sitio realizado con WordPress\",\"publisher\":{\"@id\":\"https:\\\/\\\/fuentesfidedignas.com.mx\\\/#organization\"},\"potentialAction\":[{\"@type\":\"SearchAction\",\"target\":{\"@type\":\"EntryPoint\",\"urlTemplate\":\"https:\\\/\\\/fuentesfidedignas.com.mx\\\/?s={search_term_string}\"},\"query-input\":{\"@type\":\"PropertyValueSpecification\",\"valueRequired\":true,\"valueName\":\"search_term_string\"}}],\"inLanguage\":\"es\"},{\"@type\":\"Organization\",\"@id\":\"https:\\\/\\\/fuentesfidedignas.com.mx\\\/#organization\",\"name\":\"Fuentes Fidedignas\",\"url\":\"https:\\\/\\\/fuentesfidedignas.com.mx\\\/\",\"logo\":{\"@type\":\"ImageObject\",\"inLanguage\":\"es\",\"@id\":\"https:\\\/\\\/fuentesfidedignas.com.mx\\\/#\\\/schema\\\/logo\\\/image\\\/\",\"url\":\"https:\\\/\\\/fuentesfidedignas.com.mx\\\/wp-content\\\/uploads\\\/2021\\\/04\\\/logo-retina.png\",\"contentUrl\":\"https:\\\/\\\/fuentesfidedignas.com.mx\\\/wp-content\\\/uploads\\\/2021\\\/04\\\/logo-retina.png\",\"width\":280,\"height\":51,\"caption\":\"Fuentes Fidedignas\"},\"image\":{\"@id\":\"https:\\\/\\\/fuentesfidedignas.com.mx\\\/#\\\/schema\\\/logo\\\/image\\\/\"},\"sameAs\":[\"https:\\\/\\\/www.facebook.com\\\/Fuentes-Fidedignas-368234489921644\",\"https:\\\/\\\/x.com\\\/fidedignas\"]},{\"@type\":\"Person\",\"@id\":\"https:\\\/\\\/fuentesfidedignas.com.mx\\\/#\\\/schema\\\/person\\\/5623d53fe2e579d825b1679734abcc44\",\"name\":\"Forbes\",\"image\":{\"@type\":\"ImageObject\",\"inLanguage\":\"es\",\"@id\":\"https:\\\/\\\/secure.gravatar.com\\\/avatar\\\/87ce3dd4e41e60c22a79c758614f01a6bc2469255fc936ec7b15efb9bb5cb66f?s=96&d=mm&r=g\",\"url\":\"https:\\\/\\\/secure.gravatar.com\\\/avatar\\\/87ce3dd4e41e60c22a79c758614f01a6bc2469255fc936ec7b15efb9bb5cb66f?s=96&d=mm&r=g\",\"contentUrl\":\"https:\\\/\\\/secure.gravatar.com\\\/avatar\\\/87ce3dd4e41e60c22a79c758614f01a6bc2469255fc936ec7b15efb9bb5cb66f?s=96&d=mm&r=g\",\"caption\":\"Forbes\"},\"url\":\"https:\\\/\\\/fuentesfidedignas.com.mx\\\/index.php\\\/author\\\/forbes\\\/\"}]}<\/script>\n<!-- \/ Yoast SEO plugin. -->","yoast_head_json":{"title":"La concentraci\u00f3n de gases de efecto invernadero alcanza un nuevo r\u00e9cord - Fuentes Fidedignas","robots":{"index":"index","follow":"follow","max-snippet":"max-snippet:-1","max-image-preview":"max-image-preview:large","max-video-preview":"max-video-preview:-1"},"canonical":"https:\/\/fuentesfidedignas.com.mx\/index.php\/2021\/10\/25\/la-concentracion-de-gases-de-efecto-invernadero-alcanza-un-nuevo-record\/","og_locale":"es_MX","og_type":"article","og_title":"La concentraci\u00f3n de gases de efecto invernadero alcanza un nuevo r\u00e9cord - Fuentes Fidedignas","og_description":"La agencia meteorol\u00f3gica de la ONU dijo que los niveles de di\u00f3xido de carbono aumentaron a 413.2 partes por mill\u00f3n en 2020, lo que significa un incremento mayor que la tasa media de la \u00faltima d\u00e9cada Ciudad de M\u00e9xico .- Las concentraciones de gases de efecto invernadero alcanzaron un r\u00e9cord el a\u00f1o pasado y el [&hellip;]","og_url":"https:\/\/fuentesfidedignas.com.mx\/index.php\/2021\/10\/25\/la-concentracion-de-gases-de-efecto-invernadero-alcanza-un-nuevo-record\/","og_site_name":"Fuentes Fidedignas","article_publisher":"https:\/\/www.facebook.com\/Fuentes-Fidedignas-368234489921644","article_published_time":"2021-10-25T12:22:50+00:00","article_modified_time":"2021-10-25T12:22:52+00:00","og_image":[{"width":768,"height":432,"url":"https:\/\/fuentesfidedignas.com.mx\/wp-content\/uploads\/2021\/10\/gases-efecto-invernadero-onu-768x432-1.jpg","type":"image\/jpeg"}],"author":"Forbes","twitter_card":"summary_large_image","twitter_creator":"@fidedignas","twitter_site":"@fidedignas","twitter_misc":{"Escrito por":"Forbes","Tiempo de lectura":"3 minutos"},"schema":{"@context":"https:\/\/schema.org","@graph":[{"@type":"Article","@id":"https:\/\/fuentesfidedignas.com.mx\/index.php\/2021\/10\/25\/la-concentracion-de-gases-de-efecto-invernadero-alcanza-un-nuevo-record\/#article","isPartOf":{"@id":"https:\/\/fuentesfidedignas.com.mx\/index.php\/2021\/10\/25\/la-concentracion-de-gases-de-efecto-invernadero-alcanza-un-nuevo-record\/"},"author":{"name":"Forbes","@id":"https:\/\/fuentesfidedignas.com.mx\/#\/schema\/person\/5623d53fe2e579d825b1679734abcc44"},"headline":"La concentraci\u00f3n de gases de efecto invernadero alcanza un nuevo r\u00e9cord","datePublished":"2021-10-25T12:22:50+00:00","dateModified":"2021-10-25T12:22:52+00:00","mainEntityOfPage":{"@id":"https:\/\/fuentesfidedignas.com.mx\/index.php\/2021\/10\/25\/la-concentracion-de-gases-de-efecto-invernadero-alcanza-un-nuevo-record\/"},"wordCount":648,"commentCount":0,"publisher":{"@id":"https:\/\/fuentesfidedignas.com.mx\/#organization"},"image":{"@id":"https:\/\/fuentesfidedignas.com.mx\/index.php\/2021\/10\/25\/la-concentracion-de-gases-de-efecto-invernadero-alcanza-un-nuevo-record\/#primaryimage"},"thumbnailUrl":"https:\/\/fuentesfidedignas.com.mx\/wp-content\/uploads\/2021\/10\/gases-efecto-invernadero-onu-768x432-1.jpg","articleSection":["NOTA PRINCIPAL"],"inLanguage":"es","potentialAction":[{"@type":"CommentAction","name":"Comment","target":["https:\/\/fuentesfidedignas.com.mx\/index.php\/2021\/10\/25\/la-concentracion-de-gases-de-efecto-invernadero-alcanza-un-nuevo-record\/#respond"]}]},{"@type":"WebPage","@id":"https:\/\/fuentesfidedignas.com.mx\/index.php\/2021\/10\/25\/la-concentracion-de-gases-de-efecto-invernadero-alcanza-un-nuevo-record\/","url":"https:\/\/fuentesfidedignas.com.mx\/index.php\/2021\/10\/25\/la-concentracion-de-gases-de-efecto-invernadero-alcanza-un-nuevo-record\/","name":"La concentraci\u00f3n de gases de efecto invernadero alcanza un nuevo r\u00e9cord - Fuentes Fidedignas","isPartOf":{"@id":"https:\/\/fuentesfidedignas.com.mx\/#website"},"primaryImageOfPage":{"@id":"https:\/\/fuentesfidedignas.com.mx\/index.php\/2021\/10\/25\/la-concentracion-de-gases-de-efecto-invernadero-alcanza-un-nuevo-record\/#primaryimage"},"image":{"@id":"https:\/\/fuentesfidedignas.com.mx\/index.php\/2021\/10\/25\/la-concentracion-de-gases-de-efecto-invernadero-alcanza-un-nuevo-record\/#primaryimage"},"thumbnailUrl":"https:\/\/fuentesfidedignas.com.mx\/wp-content\/uploads\/2021\/10\/gases-efecto-invernadero-onu-768x432-1.jpg","datePublished":"2021-10-25T12:22:50+00:00","dateModified":"2021-10-25T12:22:52+00:00","breadcrumb":{"@id":"https:\/\/fuentesfidedignas.com.mx\/index.php\/2021\/10\/25\/la-concentracion-de-gases-de-efecto-invernadero-alcanza-un-nuevo-record\/#breadcrumb"},"inLanguage":"es","potentialAction":[{"@type":"ReadAction","target":["https:\/\/fuentesfidedignas.com.mx\/index.php\/2021\/10\/25\/la-concentracion-de-gases-de-efecto-invernadero-alcanza-un-nuevo-record\/"]}]},{"@type":"ImageObject","inLanguage":"es","@id":"https:\/\/fuentesfidedignas.com.mx\/index.php\/2021\/10\/25\/la-concentracion-de-gases-de-efecto-invernadero-alcanza-un-nuevo-record\/#primaryimage","url":"https:\/\/fuentesfidedignas.com.mx\/wp-content\/uploads\/2021\/10\/gases-efecto-invernadero-onu-768x432-1.jpg","contentUrl":"https:\/\/fuentesfidedignas.com.mx\/wp-content\/uploads\/2021\/10\/gases-efecto-invernadero-onu-768x432-1.jpg","width":768,"height":432},{"@type":"BreadcrumbList","@id":"https:\/\/fuentesfidedignas.com.mx\/index.php\/2021\/10\/25\/la-concentracion-de-gases-de-efecto-invernadero-alcanza-un-nuevo-record\/#breadcrumb","itemListElement":[{"@type":"ListItem","position":1,"name":"Inicio","item":"https:\/\/fuentesfidedignas.com.mx\/"},{"@type":"ListItem","position":2,"name":"La concentraci\u00f3n de gases de efecto invernadero alcanza un nuevo r\u00e9cord"}]},{"@type":"WebSite","@id":"https:\/\/fuentesfidedignas.com.mx\/#website","url":"https:\/\/fuentesfidedignas.com.mx\/","name":"Fuentes Fidedignas","description":"Otro sitio realizado con WordPress","publisher":{"@id":"https:\/\/fuentesfidedignas.com.mx\/#organization"},"potentialAction":[{"@type":"SearchAction","target":{"@type":"EntryPoint","urlTemplate":"https:\/\/fuentesfidedignas.com.mx\/?s={search_term_string}"},"query-input":{"@type":"PropertyValueSpecification","valueRequired":true,"valueName":"search_term_string"}}],"inLanguage":"es"},{"@type":"Organization","@id":"https:\/\/fuentesfidedignas.com.mx\/#organization","name":"Fuentes Fidedignas","url":"https:\/\/fuentesfidedignas.com.mx\/","logo":{"@type":"ImageObject","inLanguage":"es","@id":"https:\/\/fuentesfidedignas.com.mx\/#\/schema\/logo\/image\/","url":"https:\/\/fuentesfidedignas.com.mx\/wp-content\/uploads\/2021\/04\/logo-retina.png","contentUrl":"https:\/\/fuentesfidedignas.com.mx\/wp-content\/uploads\/2021\/04\/logo-retina.png","width":280,"height":51,"caption":"Fuentes Fidedignas"},"image":{"@id":"https:\/\/fuentesfidedignas.com.mx\/#\/schema\/logo\/image\/"},"sameAs":["https:\/\/www.facebook.com\/Fuentes-Fidedignas-368234489921644","https:\/\/x.com\/fidedignas"]},{"@type":"Person","@id":"https:\/\/fuentesfidedignas.com.mx\/#\/schema\/person\/5623d53fe2e579d825b1679734abcc44","name":"Forbes","image":{"@type":"ImageObject","inLanguage":"es","@id":"https:\/\/secure.gravatar.com\/avatar\/87ce3dd4e41e60c22a79c758614f01a6bc2469255fc936ec7b15efb9bb5cb66f?s=96&d=mm&r=g","url":"https:\/\/secure.gravatar.com\/avatar\/87ce3dd4e41e60c22a79c758614f01a6bc2469255fc936ec7b15efb9bb5cb66f?s=96&d=mm&r=g","contentUrl":"https:\/\/secure.gravatar.com\/avatar\/87ce3dd4e41e60c22a79c758614f01a6bc2469255fc936ec7b15efb9bb5cb66f?s=96&d=mm&r=g","caption":"Forbes"},"url":"https:\/\/fuentesfidedignas.com.mx\/index.php\/author\/forbes\/"}]}},"_links":{"self":[{"href":"https:\/\/fuentesfidedignas.com.mx\/index.php\/wp-json\/wp\/v2\/posts\/15773","targetHints":{"allow":["GET"]}}],"collection":[{"href":"https:\/\/fuentesfidedignas.com.mx\/index.php\/wp-json\/wp\/v2\/posts"}],"about":[{"href":"https:\/\/fuentesfidedignas.com.mx\/index.php\/wp-json\/wp\/v2\/types\/post"}],"author":[{"embeddable":true,"href":"https:\/\/fuentesfidedignas.com.mx\/index.php\/wp-json\/wp\/v2\/users\/5"}],"replies":[{"embeddable":true,"href":"https:\/\/fuentesfidedignas.com.mx\/index.php\/wp-json\/wp\/v2\/comments?post=15773"}],"version-history":[{"count":1,"href":"https:\/\/fuentesfidedignas.com.mx\/index.php\/wp-json\/wp\/v2\/posts\/15773\/revisions"}],"predecessor-version":[{"id":15775,"href":"https:\/\/fuentesfidedignas.com.mx\/index.php\/wp-json\/wp\/v2\/posts\/15773\/revisions\/15775"}],"wp:featuredmedia":[{"embeddable":true,"href":"https:\/\/fuentesfidedignas.com.mx\/index.php\/wp-json\/wp\/v2\/media\/15774"}],"wp:attachment":[{"href":"https:\/\/fuentesfidedignas.com.mx\/index.php\/wp-json\/wp\/v2\/media?parent=15773"}],"wp:term":[{"taxonomy":"category","embeddable":true,"href":"https:\/\/fuentesfidedignas.com.mx\/index.php\/wp-json\/wp\/v2\/categories?post=15773"},{"taxonomy":"post_tag","embeddable":true,"href":"https:\/\/fuentesfidedignas.com.mx\/index.php\/wp-json\/wp\/v2\/tags?post=15773"}],"curies":[{"name":"wp","href":"https:\/\/api.w.org\/{rel}","templated":true}]}}