{"id":15682,"date":"2021-10-22T19:37:35","date_gmt":"2021-10-23T02:37:35","guid":{"rendered":"https:\/\/fuentesfidedignas.com.mx\/?p=15682"},"modified":"2021-10-22T19:37:59","modified_gmt":"2021-10-23T02:37:59","slug":"socializan-proceso-para-eleccion-de-fiscal-general","status":"publish","type":"post","link":"https:\/\/fuentesfidedignas.com.mx\/index.php\/2021\/10\/22\/socializan-proceso-para-eleccion-de-fiscal-general\/","title":{"rendered":"Socializan proceso para elecci\u00f3n de Fiscal General"},"content":{"rendered":"\n<p><strong><em>Se les pidi\u00f3 dar difusi\u00f3n a la convocatoria y participar con el env\u00edo de planteamientos a utilizar durante las comparecencias<\/em><\/strong><\/p>\n\n\n\n<p>Culiac\u00e1n, Sin.- Cumpliendo con el criterio de apertura, la Coordinaci\u00f3n General del Consejo Estatal de Seguridad P\u00fablica se reuni\u00f3 con representantes de instituciones acad\u00e9micas, organismos empresariales, colegios de profesionistas y organismos de la sociedad civil, tanto estatales como nacionales, para socializar el proceso de selecci\u00f3n de Fiscal General del Estado.<\/p>\n\n\n\n<p>En diversos encuentros sostenidos este d\u00eda, el Coordinador General del CESP, Ricardo Jenny del Rinc\u00f3n, dio a conocer los detalles de la convocatoria lanzada este jueves.<\/p>\n\n\n\n<p>Expuso que las etapas que corresponden a este observatorio ciudadano ser\u00e1n abiertas, objetivas y transparentes, pues por primera vez para este proceso se adoptar\u00e1n buenas pr\u00e1cticas como la inclusi\u00f3n de la declaraci\u00f3n 3 de 3 en requisitos, participaci\u00f3n ciudadana mediante planteamientos o preguntas para aspirantes, transmisiones en vivo de las comparecencias y difusi\u00f3n de los documentos p\u00fablicos del proceso en la p\u00e1gina www.coordinaciongeneralcesp.org.mx.<\/p>\n\n\n\n<p>Con esto se busca garantizar a la sociedad sinaloense, a los medios de comunicaci\u00f3n y a las personas que aspiren al cargo que la selecci\u00f3n de la quinteta de los perfiles m\u00e1s id\u00f3neos se llevar\u00e1 a cabo con responsabilidad e independencia.<\/p>\n\n\n\n<p>El Coordinador General del CESP agreg\u00f3 que, si bien hay autoridades o grupos de profesionistas que externan de manera p\u00fablica su inter\u00e9s de que una u otra persona ocupe el cargo de Fiscal General, todas las personas aspirantes deber\u00e1n de pasar primero por este proceso de selecci\u00f3n. Si cumplen con todos los requisitos y resultan ser id\u00f3neas podr\u00edan formar parte de la quinteta, de lo contrario no ser\u00e1 as\u00ed.<\/p>\n\n\n\n<p>A pregunta expresa, dijo que el pleno del Consejo Ciudadano lleg\u00f3 al acuerdo de que ninguno de los consejeros o consejeras podr\u00e1 recibir a aspirantes de manera privada durante los plazos que marque la convocatoria, a fin de no prestarse a malas interpretaciones sobre preferencia hacia una u otra persona.<\/p>\n\n\n\n<p>En los diversos encuentros se atendi\u00f3, entre otros, a representantes de Impunidad Cero, Iniciativa Sinaloa, Observatorio Ciudadano de Mazatl\u00e1n, Construyendo Paz, Coparmex, Canadevi, Codesin, AMMJE, Ejecutivos de Ventas y Mercadotecnia, Asociaci\u00f3n de Hoteles y Moteles, AARC, Canirac, Canacintra, as\u00ed como distintos colegios de abogados, notarios p\u00fablicos y profesionistas de Sinaloa.<\/p>\n\n\n\n<p>Cada uno de los asistentes expuso sus planteamientos y propuestas para fortalecer el proceso de selecci\u00f3n que corresponde a la Coordinaci\u00f3n General. Uno de los puntos coincidentes fue el llamado a difundir una versi\u00f3n p\u00fablica de las evaluaciones de aspirantes, as\u00ed como exigir la firma de un compromiso para que, de llegar a ser Fiscal General del Estado, la persona elegida tenga apertura hacia la sociedad y brinde difusi\u00f3n a la informaci\u00f3n en materia de justicia.<\/p>\n\n\n\n<p>Por su parte, las c\u00e1maras empresariales exigieron a la Coordinaci\u00f3n General que no permitan ser coaccionados por parte de grupos de poder pol\u00edtico, adem\u00e1s de que garanticen que no llegar\u00e1 una persona \u201ca modo\u201d a la Fiscal\u00eda General del Estado y que se cuidar\u00e1 la autonom\u00eda de la instituci\u00f3n.<\/p>\n\n\n\n<p>A todas las personas asistentes a las reuniones de este d\u00eda se les pidi\u00f3 dar difusi\u00f3n a la convocatoria y participar con el env\u00edo de planteamientos a utilizar durante las comparecencias.<\/p>\n\n\n\n<p>Tanto los organismos, grupos, c\u00e1maras y colegios, as\u00ed como la sociedad en general, podr\u00e1n enviar sus propuestas para las comparecencias al correo <a href=\"http:\/\/contacto@coordinaciongeneralcesp.org.mx.\">contacto@coordinaciongeneralcesp.org.mx.<\/a><\/p>\n","protected":false},"excerpt":{"rendered":"<p>Se les pidi\u00f3 dar difusi\u00f3n a la convocatoria y participar con el env\u00edo de planteamientos a utilizar durante las comparecencias Culiac\u00e1n, Sin.- Cumpliendo con el criterio de apertura, la Coordinaci\u00f3n General del Consejo Estatal de Seguridad P\u00fablica se reuni\u00f3 con representantes de instituciones acad\u00e9micas, organismos empresariales, colegios de profesionistas y organismos de la sociedad civil, [&hellip;]<\/p>\n","protected":false},"author":4,"featured_media":15683,"comment_status":"open","ping_status":"open","sticky":false,"template":"","format":"standard","meta":{"tdm_status":"","tdm_grid_status":"","footnotes":""},"categories":[37],"tags":[633,632,2069],"class_list":{"0":"post-15682","1":"post","2":"type-post","3":"status-publish","4":"format-standard","5":"has-post-thumbnail","7":"category-nota-principal","8":"tag-cesp","9":"tag-coordinacion-general-del-consejo-estatal-de-seguridad-publica","10":"tag-fiscal-general"},"yoast_head":"<!-- This site is optimized with the Yoast SEO plugin v27.4 - https:\/\/yoast.com\/product\/yoast-seo-wordpress\/ -->\n<title>Socializan proceso para elecci\u00f3n de Fiscal General - Fuentes Fidedignas<\/title>\n<meta name=\"robots\" content=\"index, follow, max-snippet:-1, max-image-preview:large, max-video-preview:-1\" \/>\n<link rel=\"canonical\" href=\"https:\/\/fuentesfidedignas.com.mx\/index.php\/2021\/10\/22\/socializan-proceso-para-eleccion-de-fiscal-general\/\" \/>\n<meta property=\"og:locale\" content=\"es_MX\" \/>\n<meta property=\"og:type\" content=\"article\" \/>\n<meta property=\"og:title\" content=\"Socializan proceso para elecci\u00f3n de Fiscal General - Fuentes Fidedignas\" \/>\n<meta property=\"og:description\" content=\"Se les pidi\u00f3 dar difusi\u00f3n a la convocatoria y participar con el env\u00edo de planteamientos a utilizar durante las comparecencias Culiac\u00e1n, Sin.- Cumpliendo con el criterio de apertura, la Coordinaci\u00f3n General del Consejo Estatal de Seguridad P\u00fablica se reuni\u00f3 con representantes de instituciones acad\u00e9micas, organismos empresariales, colegios de profesionistas y organismos de la sociedad civil, [&hellip;]\" \/>\n<meta property=\"og:url\" content=\"https:\/\/fuentesfidedignas.com.mx\/index.php\/2021\/10\/22\/socializan-proceso-para-eleccion-de-fiscal-general\/\" \/>\n<meta property=\"og:site_name\" content=\"Fuentes Fidedignas\" \/>\n<meta property=\"article:publisher\" content=\"https:\/\/www.facebook.com\/Fuentes-Fidedignas-368234489921644\" \/>\n<meta property=\"article:published_time\" content=\"2021-10-23T02:37:35+00:00\" \/>\n<meta property=\"article:modified_time\" content=\"2021-10-23T02:37:59+00:00\" \/>\n<meta property=\"og:image\" content=\"https:\/\/fuentesfidedignas.com.mx\/wp-content\/uploads\/2021\/10\/IMG_8528.jpg\" \/>\n\t<meta property=\"og:image:width\" content=\"2000\" \/>\n\t<meta property=\"og:image:height\" content=\"1468\" \/>\n\t<meta property=\"og:image:type\" content=\"image\/jpeg\" \/>\n<meta name=\"author\" content=\"Redacci\u00f3n\" \/>\n<meta name=\"twitter:card\" content=\"summary_large_image\" \/>\n<meta name=\"twitter:creator\" content=\"@fidedignas\" \/>\n<meta name=\"twitter:site\" content=\"@fidedignas\" \/>\n<meta name=\"twitter:label1\" content=\"Escrito por\" \/>\n\t<meta name=\"twitter:data1\" content=\"Redacci\u00f3n\" \/>\n\t<meta name=\"twitter:label2\" content=\"Tiempo de lectura\" \/>\n\t<meta name=\"twitter:data2\" content=\"3 minutos\" \/>\n<script type=\"application\/ld+json\" class=\"yoast-schema-graph\">{\"@context\":\"https:\\\/\\\/schema.org\",\"@graph\":[{\"@type\":\"Article\",\"@id\":\"https:\\\/\\\/fuentesfidedignas.com.mx\\\/index.php\\\/2021\\\/10\\\/22\\\/socializan-proceso-para-eleccion-de-fiscal-general\\\/#article\",\"isPartOf\":{\"@id\":\"https:\\\/\\\/fuentesfidedignas.com.mx\\\/index.php\\\/2021\\\/10\\\/22\\\/socializan-proceso-para-eleccion-de-fiscal-general\\\/\"},\"author\":{\"name\":\"Redacci\u00f3n\",\"@id\":\"https:\\\/\\\/fuentesfidedignas.com.mx\\\/#\\\/schema\\\/person\\\/331be9283d37198e2acd5750279085b0\"},\"headline\":\"Socializan proceso para elecci\u00f3n de Fiscal General\",\"datePublished\":\"2021-10-23T02:37:35+00:00\",\"dateModified\":\"2021-10-23T02:37:59+00:00\",\"mainEntityOfPage\":{\"@id\":\"https:\\\/\\\/fuentesfidedignas.com.mx\\\/index.php\\\/2021\\\/10\\\/22\\\/socializan-proceso-para-eleccion-de-fiscal-general\\\/\"},\"wordCount\":610,\"commentCount\":0,\"publisher\":{\"@id\":\"https:\\\/\\\/fuentesfidedignas.com.mx\\\/#organization\"},\"image\":{\"@id\":\"https:\\\/\\\/fuentesfidedignas.com.mx\\\/index.php\\\/2021\\\/10\\\/22\\\/socializan-proceso-para-eleccion-de-fiscal-general\\\/#primaryimage\"},\"thumbnailUrl\":\"https:\\\/\\\/fuentesfidedignas.com.mx\\\/wp-content\\\/uploads\\\/2021\\\/10\\\/IMG_8528.jpg\",\"keywords\":[\"CESP\",\"Coordinaci\u00f3n General del Consejo Estatal de Seguridad P\u00fablica\",\"Fiscal General\"],\"articleSection\":[\"NOTA PRINCIPAL\"],\"inLanguage\":\"es\",\"potentialAction\":[{\"@type\":\"CommentAction\",\"name\":\"Comment\",\"target\":[\"https:\\\/\\\/fuentesfidedignas.com.mx\\\/index.php\\\/2021\\\/10\\\/22\\\/socializan-proceso-para-eleccion-de-fiscal-general\\\/#respond\"]}]},{\"@type\":\"WebPage\",\"@id\":\"https:\\\/\\\/fuentesfidedignas.com.mx\\\/index.php\\\/2021\\\/10\\\/22\\\/socializan-proceso-para-eleccion-de-fiscal-general\\\/\",\"url\":\"https:\\\/\\\/fuentesfidedignas.com.mx\\\/index.php\\\/2021\\\/10\\\/22\\\/socializan-proceso-para-eleccion-de-fiscal-general\\\/\",\"name\":\"Socializan proceso para elecci\u00f3n de Fiscal General - Fuentes Fidedignas\",\"isPartOf\":{\"@id\":\"https:\\\/\\\/fuentesfidedignas.com.mx\\\/#website\"},\"primaryImageOfPage\":{\"@id\":\"https:\\\/\\\/fuentesfidedignas.com.mx\\\/index.php\\\/2021\\\/10\\\/22\\\/socializan-proceso-para-eleccion-de-fiscal-general\\\/#primaryimage\"},\"image\":{\"@id\":\"https:\\\/\\\/fuentesfidedignas.com.mx\\\/index.php\\\/2021\\\/10\\\/22\\\/socializan-proceso-para-eleccion-de-fiscal-general\\\/#primaryimage\"},\"thumbnailUrl\":\"https:\\\/\\\/fuentesfidedignas.com.mx\\\/wp-content\\\/uploads\\\/2021\\\/10\\\/IMG_8528.jpg\",\"datePublished\":\"2021-10-23T02:37:35+00:00\",\"dateModified\":\"2021-10-23T02:37:59+00:00\",\"breadcrumb\":{\"@id\":\"https:\\\/\\\/fuentesfidedignas.com.mx\\\/index.php\\\/2021\\\/10\\\/22\\\/socializan-proceso-para-eleccion-de-fiscal-general\\\/#breadcrumb\"},\"inLanguage\":\"es\",\"potentialAction\":[{\"@type\":\"ReadAction\",\"target\":[\"https:\\\/\\\/fuentesfidedignas.com.mx\\\/index.php\\\/2021\\\/10\\\/22\\\/socializan-proceso-para-eleccion-de-fiscal-general\\\/\"]}]},{\"@type\":\"ImageObject\",\"inLanguage\":\"es\",\"@id\":\"https:\\\/\\\/fuentesfidedignas.com.mx\\\/index.php\\\/2021\\\/10\\\/22\\\/socializan-proceso-para-eleccion-de-fiscal-general\\\/#primaryimage\",\"url\":\"https:\\\/\\\/fuentesfidedignas.com.mx\\\/wp-content\\\/uploads\\\/2021\\\/10\\\/IMG_8528.jpg\",\"contentUrl\":\"https:\\\/\\\/fuentesfidedignas.com.mx\\\/wp-content\\\/uploads\\\/2021\\\/10\\\/IMG_8528.jpg\",\"width\":2000,\"height\":1468},{\"@type\":\"BreadcrumbList\",\"@id\":\"https:\\\/\\\/fuentesfidedignas.com.mx\\\/index.php\\\/2021\\\/10\\\/22\\\/socializan-proceso-para-eleccion-de-fiscal-general\\\/#breadcrumb\",\"itemListElement\":[{\"@type\":\"ListItem\",\"position\":1,\"name\":\"Inicio\",\"item\":\"https:\\\/\\\/fuentesfidedignas.com.mx\\\/\"},{\"@type\":\"ListItem\",\"position\":2,\"name\":\"Socializan proceso para elecci\u00f3n de Fiscal General\"}]},{\"@type\":\"WebSite\",\"@id\":\"https:\\\/\\\/fuentesfidedignas.com.mx\\\/#website\",\"url\":\"https:\\\/\\\/fuentesfidedignas.com.mx\\\/\",\"name\":\"Fuentes Fidedignas\",\"description\":\"Otro sitio realizado con WordPress\",\"publisher\":{\"@id\":\"https:\\\/\\\/fuentesfidedignas.com.mx\\\/#organization\"},\"potentialAction\":[{\"@type\":\"SearchAction\",\"target\":{\"@type\":\"EntryPoint\",\"urlTemplate\":\"https:\\\/\\\/fuentesfidedignas.com.mx\\\/?s={search_term_string}\"},\"query-input\":{\"@type\":\"PropertyValueSpecification\",\"valueRequired\":true,\"valueName\":\"search_term_string\"}}],\"inLanguage\":\"es\"},{\"@type\":\"Organization\",\"@id\":\"https:\\\/\\\/fuentesfidedignas.com.mx\\\/#organization\",\"name\":\"Fuentes Fidedignas\",\"url\":\"https:\\\/\\\/fuentesfidedignas.com.mx\\\/\",\"logo\":{\"@type\":\"ImageObject\",\"inLanguage\":\"es\",\"@id\":\"https:\\\/\\\/fuentesfidedignas.com.mx\\\/#\\\/schema\\\/logo\\\/image\\\/\",\"url\":\"https:\\\/\\\/fuentesfidedignas.com.mx\\\/wp-content\\\/uploads\\\/2021\\\/04\\\/logo-retina.png\",\"contentUrl\":\"https:\\\/\\\/fuentesfidedignas.com.mx\\\/wp-content\\\/uploads\\\/2021\\\/04\\\/logo-retina.png\",\"width\":280,\"height\":51,\"caption\":\"Fuentes Fidedignas\"},\"image\":{\"@id\":\"https:\\\/\\\/fuentesfidedignas.com.mx\\\/#\\\/schema\\\/logo\\\/image\\\/\"},\"sameAs\":[\"https:\\\/\\\/www.facebook.com\\\/Fuentes-Fidedignas-368234489921644\",\"https:\\\/\\\/x.com\\\/fidedignas\"]},{\"@type\":\"Person\",\"@id\":\"https:\\\/\\\/fuentesfidedignas.com.mx\\\/#\\\/schema\\\/person\\\/331be9283d37198e2acd5750279085b0\",\"name\":\"Redacci\u00f3n\",\"image\":{\"@type\":\"ImageObject\",\"inLanguage\":\"es\",\"@id\":\"https:\\\/\\\/secure.gravatar.com\\\/avatar\\\/f6d8782c11d12b2d4ad3fbb6931aeab5309937a4d6cd2fc9cfaa28a6396a5aec?s=96&d=mm&r=g\",\"url\":\"https:\\\/\\\/secure.gravatar.com\\\/avatar\\\/f6d8782c11d12b2d4ad3fbb6931aeab5309937a4d6cd2fc9cfaa28a6396a5aec?s=96&d=mm&r=g\",\"contentUrl\":\"https:\\\/\\\/secure.gravatar.com\\\/avatar\\\/f6d8782c11d12b2d4ad3fbb6931aeab5309937a4d6cd2fc9cfaa28a6396a5aec?s=96&d=mm&r=g\",\"caption\":\"Redacci\u00f3n\"},\"url\":\"https:\\\/\\\/fuentesfidedignas.com.mx\\\/index.php\\\/author\\\/redaccion\\\/\"}]}<\/script>\n<!-- \/ Yoast SEO plugin. -->","yoast_head_json":{"title":"Socializan proceso para elecci\u00f3n de Fiscal General - Fuentes Fidedignas","robots":{"index":"index","follow":"follow","max-snippet":"max-snippet:-1","max-image-preview":"max-image-preview:large","max-video-preview":"max-video-preview:-1"},"canonical":"https:\/\/fuentesfidedignas.com.mx\/index.php\/2021\/10\/22\/socializan-proceso-para-eleccion-de-fiscal-general\/","og_locale":"es_MX","og_type":"article","og_title":"Socializan proceso para elecci\u00f3n de Fiscal General - Fuentes Fidedignas","og_description":"Se les pidi\u00f3 dar difusi\u00f3n a la convocatoria y participar con el env\u00edo de planteamientos a utilizar durante las comparecencias Culiac\u00e1n, Sin.- Cumpliendo con el criterio de apertura, la Coordinaci\u00f3n General del Consejo Estatal de Seguridad P\u00fablica se reuni\u00f3 con representantes de instituciones acad\u00e9micas, organismos empresariales, colegios de profesionistas y organismos de la sociedad civil, [&hellip;]","og_url":"https:\/\/fuentesfidedignas.com.mx\/index.php\/2021\/10\/22\/socializan-proceso-para-eleccion-de-fiscal-general\/","og_site_name":"Fuentes Fidedignas","article_publisher":"https:\/\/www.facebook.com\/Fuentes-Fidedignas-368234489921644","article_published_time":"2021-10-23T02:37:35+00:00","article_modified_time":"2021-10-23T02:37:59+00:00","og_image":[{"width":2000,"height":1468,"url":"https:\/\/fuentesfidedignas.com.mx\/wp-content\/uploads\/2021\/10\/IMG_8528.jpg","type":"image\/jpeg"}],"author":"Redacci\u00f3n","twitter_card":"summary_large_image","twitter_creator":"@fidedignas","twitter_site":"@fidedignas","twitter_misc":{"Escrito por":"Redacci\u00f3n","Tiempo de lectura":"3 minutos"},"schema":{"@context":"https:\/\/schema.org","@graph":[{"@type":"Article","@id":"https:\/\/fuentesfidedignas.com.mx\/index.php\/2021\/10\/22\/socializan-proceso-para-eleccion-de-fiscal-general\/#article","isPartOf":{"@id":"https:\/\/fuentesfidedignas.com.mx\/index.php\/2021\/10\/22\/socializan-proceso-para-eleccion-de-fiscal-general\/"},"author":{"name":"Redacci\u00f3n","@id":"https:\/\/fuentesfidedignas.com.mx\/#\/schema\/person\/331be9283d37198e2acd5750279085b0"},"headline":"Socializan proceso para elecci\u00f3n de Fiscal General","datePublished":"2021-10-23T02:37:35+00:00","dateModified":"2021-10-23T02:37:59+00:00","mainEntityOfPage":{"@id":"https:\/\/fuentesfidedignas.com.mx\/index.php\/2021\/10\/22\/socializan-proceso-para-eleccion-de-fiscal-general\/"},"wordCount":610,"commentCount":0,"publisher":{"@id":"https:\/\/fuentesfidedignas.com.mx\/#organization"},"image":{"@id":"https:\/\/fuentesfidedignas.com.mx\/index.php\/2021\/10\/22\/socializan-proceso-para-eleccion-de-fiscal-general\/#primaryimage"},"thumbnailUrl":"https:\/\/fuentesfidedignas.com.mx\/wp-content\/uploads\/2021\/10\/IMG_8528.jpg","keywords":["CESP","Coordinaci\u00f3n General del Consejo Estatal de Seguridad P\u00fablica","Fiscal General"],"articleSection":["NOTA PRINCIPAL"],"inLanguage":"es","potentialAction":[{"@type":"CommentAction","name":"Comment","target":["https:\/\/fuentesfidedignas.com.mx\/index.php\/2021\/10\/22\/socializan-proceso-para-eleccion-de-fiscal-general\/#respond"]}]},{"@type":"WebPage","@id":"https:\/\/fuentesfidedignas.com.mx\/index.php\/2021\/10\/22\/socializan-proceso-para-eleccion-de-fiscal-general\/","url":"https:\/\/fuentesfidedignas.com.mx\/index.php\/2021\/10\/22\/socializan-proceso-para-eleccion-de-fiscal-general\/","name":"Socializan proceso para elecci\u00f3n de Fiscal General - Fuentes Fidedignas","isPartOf":{"@id":"https:\/\/fuentesfidedignas.com.mx\/#website"},"primaryImageOfPage":{"@id":"https:\/\/fuentesfidedignas.com.mx\/index.php\/2021\/10\/22\/socializan-proceso-para-eleccion-de-fiscal-general\/#primaryimage"},"image":{"@id":"https:\/\/fuentesfidedignas.com.mx\/index.php\/2021\/10\/22\/socializan-proceso-para-eleccion-de-fiscal-general\/#primaryimage"},"thumbnailUrl":"https:\/\/fuentesfidedignas.com.mx\/wp-content\/uploads\/2021\/10\/IMG_8528.jpg","datePublished":"2021-10-23T02:37:35+00:00","dateModified":"2021-10-23T02:37:59+00:00","breadcrumb":{"@id":"https:\/\/fuentesfidedignas.com.mx\/index.php\/2021\/10\/22\/socializan-proceso-para-eleccion-de-fiscal-general\/#breadcrumb"},"inLanguage":"es","potentialAction":[{"@type":"ReadAction","target":["https:\/\/fuentesfidedignas.com.mx\/index.php\/2021\/10\/22\/socializan-proceso-para-eleccion-de-fiscal-general\/"]}]},{"@type":"ImageObject","inLanguage":"es","@id":"https:\/\/fuentesfidedignas.com.mx\/index.php\/2021\/10\/22\/socializan-proceso-para-eleccion-de-fiscal-general\/#primaryimage","url":"https:\/\/fuentesfidedignas.com.mx\/wp-content\/uploads\/2021\/10\/IMG_8528.jpg","contentUrl":"https:\/\/fuentesfidedignas.com.mx\/wp-content\/uploads\/2021\/10\/IMG_8528.jpg","width":2000,"height":1468},{"@type":"BreadcrumbList","@id":"https:\/\/fuentesfidedignas.com.mx\/index.php\/2021\/10\/22\/socializan-proceso-para-eleccion-de-fiscal-general\/#breadcrumb","itemListElement":[{"@type":"ListItem","position":1,"name":"Inicio","item":"https:\/\/fuentesfidedignas.com.mx\/"},{"@type":"ListItem","position":2,"name":"Socializan proceso para elecci\u00f3n de Fiscal General"}]},{"@type":"WebSite","@id":"https:\/\/fuentesfidedignas.com.mx\/#website","url":"https:\/\/fuentesfidedignas.com.mx\/","name":"Fuentes Fidedignas","description":"Otro sitio realizado con WordPress","publisher":{"@id":"https:\/\/fuentesfidedignas.com.mx\/#organization"},"potentialAction":[{"@type":"SearchAction","target":{"@type":"EntryPoint","urlTemplate":"https:\/\/fuentesfidedignas.com.mx\/?s={search_term_string}"},"query-input":{"@type":"PropertyValueSpecification","valueRequired":true,"valueName":"search_term_string"}}],"inLanguage":"es"},{"@type":"Organization","@id":"https:\/\/fuentesfidedignas.com.mx\/#organization","name":"Fuentes Fidedignas","url":"https:\/\/fuentesfidedignas.com.mx\/","logo":{"@type":"ImageObject","inLanguage":"es","@id":"https:\/\/fuentesfidedignas.com.mx\/#\/schema\/logo\/image\/","url":"https:\/\/fuentesfidedignas.com.mx\/wp-content\/uploads\/2021\/04\/logo-retina.png","contentUrl":"https:\/\/fuentesfidedignas.com.mx\/wp-content\/uploads\/2021\/04\/logo-retina.png","width":280,"height":51,"caption":"Fuentes Fidedignas"},"image":{"@id":"https:\/\/fuentesfidedignas.com.mx\/#\/schema\/logo\/image\/"},"sameAs":["https:\/\/www.facebook.com\/Fuentes-Fidedignas-368234489921644","https:\/\/x.com\/fidedignas"]},{"@type":"Person","@id":"https:\/\/fuentesfidedignas.com.mx\/#\/schema\/person\/331be9283d37198e2acd5750279085b0","name":"Redacci\u00f3n","image":{"@type":"ImageObject","inLanguage":"es","@id":"https:\/\/secure.gravatar.com\/avatar\/f6d8782c11d12b2d4ad3fbb6931aeab5309937a4d6cd2fc9cfaa28a6396a5aec?s=96&d=mm&r=g","url":"https:\/\/secure.gravatar.com\/avatar\/f6d8782c11d12b2d4ad3fbb6931aeab5309937a4d6cd2fc9cfaa28a6396a5aec?s=96&d=mm&r=g","contentUrl":"https:\/\/secure.gravatar.com\/avatar\/f6d8782c11d12b2d4ad3fbb6931aeab5309937a4d6cd2fc9cfaa28a6396a5aec?s=96&d=mm&r=g","caption":"Redacci\u00f3n"},"url":"https:\/\/fuentesfidedignas.com.mx\/index.php\/author\/redaccion\/"}]}},"_links":{"self":[{"href":"https:\/\/fuentesfidedignas.com.mx\/index.php\/wp-json\/wp\/v2\/posts\/15682","targetHints":{"allow":["GET"]}}],"collection":[{"href":"https:\/\/fuentesfidedignas.com.mx\/index.php\/wp-json\/wp\/v2\/posts"}],"about":[{"href":"https:\/\/fuentesfidedignas.com.mx\/index.php\/wp-json\/wp\/v2\/types\/post"}],"author":[{"embeddable":true,"href":"https:\/\/fuentesfidedignas.com.mx\/index.php\/wp-json\/wp\/v2\/users\/4"}],"replies":[{"embeddable":true,"href":"https:\/\/fuentesfidedignas.com.mx\/index.php\/wp-json\/wp\/v2\/comments?post=15682"}],"version-history":[{"count":2,"href":"https:\/\/fuentesfidedignas.com.mx\/index.php\/wp-json\/wp\/v2\/posts\/15682\/revisions"}],"predecessor-version":[{"id":15685,"href":"https:\/\/fuentesfidedignas.com.mx\/index.php\/wp-json\/wp\/v2\/posts\/15682\/revisions\/15685"}],"wp:featuredmedia":[{"embeddable":true,"href":"https:\/\/fuentesfidedignas.com.mx\/index.php\/wp-json\/wp\/v2\/media\/15683"}],"wp:attachment":[{"href":"https:\/\/fuentesfidedignas.com.mx\/index.php\/wp-json\/wp\/v2\/media?parent=15682"}],"wp:term":[{"taxonomy":"category","embeddable":true,"href":"https:\/\/fuentesfidedignas.com.mx\/index.php\/wp-json\/wp\/v2\/categories?post=15682"},{"taxonomy":"post_tag","embeddable":true,"href":"https:\/\/fuentesfidedignas.com.mx\/index.php\/wp-json\/wp\/v2\/tags?post=15682"}],"curies":[{"name":"wp","href":"https:\/\/api.w.org\/{rel}","templated":true}]}}