{"id":15670,"date":"2021-10-22T17:47:57","date_gmt":"2021-10-23T00:47:57","guid":{"rendered":"https:\/\/fuentesfidedignas.com.mx\/?p=15670"},"modified":"2021-10-23T08:28:04","modified_gmt":"2021-10-23T15:28:04","slug":"rick-ya-es-tormenta-tropical-dejara-lluvias-e-inundaciones-en-guerrero-y-oaxaca","status":"publish","type":"post","link":"https:\/\/fuentesfidedignas.com.mx\/index.php\/2021\/10\/22\/rick-ya-es-tormenta-tropical-dejara-lluvias-e-inundaciones-en-guerrero-y-oaxaca\/","title":{"rendered":"&#8216;Rick&#8217; ya es tormenta tropical; dejar\u00e1 lluvias e inundaciones en Guerrero y Oaxaca"},"content":{"rendered":"\n<p><strong><em>La Depresi\u00f3n &#8216;Diecisiete-E&#8217; se intensific\u00f3 a tormenta tropical como Rick<\/em><\/strong><\/p>\n\n\n\n<p>Ciudad de M\u00e9xico.- El Servicio Meteorol\u00f3gico Nacional inform\u00f3 que&nbsp;la Depresi\u00f3n &#8216;Diecisiete-E&#8217;&nbsp;se intensific\u00f3 a tormenta tropical &#8216;Rick&#8217;&nbsp;esta tarde y que dejar\u00e1 lluvias intensas en Oaxaca y Guerrero.<\/p>\n\n\n\n<p>En un comunicado, la dependencia detall\u00f3 que a las 16:00 horas, se form\u00f3 la tormenta tropical&nbsp;\u2018Rick\u2019&nbsp;frente a las costas de Guerrero y que \u201csu amplia circulaci\u00f3n interaccionar\u00e1 con canales de baja presi\u00f3n, el primero sobre el sur del Golfo de M\u00e9xico y el segundo sobre la Pen\u00ednsula de Yucat\u00e1n, ocasionando un temporal de lluvias intensas\u201d.<\/p>\n\n\n\n<p>Agreg\u00f3 que las lluvias provocar\u00e1n un incremento en los niveles de r\u00edos y arroyos, deslaves e inundaciones en zonas de Guerrero, Oaxaca y Veracruz.<\/p>\n\n\n\n<figure class=\"wp-block-embed is-type-rich is-provider-twitter wp-block-embed-twitter\"><div class=\"wp-block-embed__wrapper\">\n<blockquote class=\"twitter-tweet\" data-width=\"550\" data-dnt=\"true\"><p lang=\"es\" dir=\"ltr\"><a href=\"https:\/\/twitter.com\/hashtag\/AvisoMeteorol%C3%B3gico?src=hash&amp;ref_src=twsrc%5Etfw\">#AvisoMeteorol\u00f3gico<\/a> Se desarroll\u00f3 la <a href=\"https:\/\/twitter.com\/hashtag\/TormentaTropical?src=hash&amp;ref_src=twsrc%5Etfw\">#TormentaTropical<\/a> <a href=\"https:\/\/twitter.com\/hashtag\/Rick?src=hash&amp;ref_src=twsrc%5Etfw\">#Rick<\/a> en el Oc\u00e9ano <a href=\"https:\/\/twitter.com\/hashtag\/Pac%C3%ADfico?src=hash&amp;ref_src=twsrc%5Etfw\">#Pac\u00edfico<\/a>, frente a las costas de <a href=\"https:\/\/twitter.com\/hashtag\/Guerrero?src=hash&amp;ref_src=twsrc%5Etfw\">#Guerrero<\/a><br><br>Mayor informaci\u00f3n: <a href=\"https:\/\/t.co\/SpubndDae8\">https:\/\/t.co\/SpubndDae8<\/a> <a href=\"https:\/\/t.co\/lwdMNQYpGw\">pic.twitter.com\/lwdMNQYpGw<\/a><\/p>&mdash; CONAGUA Clima (@conagua_clima) <a href=\"https:\/\/twitter.com\/conagua_clima\/status\/1451674290055643139?ref_src=twsrc%5Etfw\">October 22, 2021<\/a><\/blockquote><script async src=\"https:\/\/platform.twitter.com\/widgets.js\" charset=\"utf-8\"><\/script>\n<\/div><\/figure>\n\n\n\n<p>\u2018Rick\u2019&nbsp;tambi\u00e9n dejar\u00e1&nbsp;lluvias muy fuertes en Chiapas, Tabasco y Campeche, as\u00ed como chubascos con lluvias fuertes en Michoac\u00e1n, Estado de M\u00e9xico, Ciudad de M\u00e9xico, Morelos, Puebla y la Pen\u00ednsula de Yucat\u00e1n.<\/p>\n\n\n\n<p>&#8220;Las lluvias se acompa\u00f1ar\u00e1n de descargas el\u00e9ctricas y posibles granizadas. Se prev\u00e9 tambi\u00e9n viento fuerte con rachas de 50 a 60 km\/h y oleaje de 1 a 3 metros de altura en las costas de Oaxaca y Guerrero\u201d, alert\u00f3.<\/p>\n\n\n\n<p>Se espera que para ma\u00f1ana, la tormenta tropical \u2018Rick\u2019 se intensifique frente a las costas de Guerrero y Michoac\u00e1n, ocasionando lluvias intensas a puntuales torrenciales.<\/p>\n","protected":false},"excerpt":{"rendered":"<p>La Depresi\u00f3n &#8216;Diecisiete-E&#8217; se intensific\u00f3 a tormenta tropical como Rick Ciudad de M\u00e9xico.- El Servicio Meteorol\u00f3gico Nacional inform\u00f3 que&nbsp;la Depresi\u00f3n &#8216;Diecisiete-E&#8217;&nbsp;se intensific\u00f3 a tormenta tropical &#8216;Rick&#8217;&nbsp;esta tarde y que dejar\u00e1 lluvias intensas en Oaxaca y Guerrero. En un comunicado, la dependencia detall\u00f3 que a las 16:00 horas, se form\u00f3 la tormenta tropical&nbsp;\u2018Rick\u2019&nbsp;frente a las costas [&hellip;]<\/p>\n","protected":false},"author":7,"featured_media":15671,"comment_status":"open","ping_status":"open","sticky":false,"template":"","format":"standard","meta":{"tdm_status":"","tdm_grid_status":"","footnotes":""},"categories":[1],"tags":[],"class_list":{"0":"post-15670","1":"post","2":"type-post","3":"status-publish","4":"format-standard","5":"has-post-thumbnail","7":"category-sin-categoria"},"yoast_head":"<!-- This site is optimized with the Yoast SEO plugin v27.5 - https:\/\/yoast.com\/product\/yoast-seo-wordpress\/ -->\n<title>&#039;Rick&#039; ya es tormenta tropical; dejar\u00e1 lluvias e inundaciones en Guerrero y Oaxaca - Fuentes Fidedignas<\/title>\n<meta name=\"robots\" content=\"index, follow, max-snippet:-1, max-image-preview:large, max-video-preview:-1\" \/>\n<link rel=\"canonical\" href=\"https:\/\/fuentesfidedignas.com.mx\/index.php\/2021\/10\/22\/rick-ya-es-tormenta-tropical-dejara-lluvias-e-inundaciones-en-guerrero-y-oaxaca\/\" \/>\n<meta property=\"og:locale\" content=\"es_MX\" \/>\n<meta property=\"og:type\" content=\"article\" \/>\n<meta property=\"og:title\" content=\"&#039;Rick&#039; ya es tormenta tropical; dejar\u00e1 lluvias e inundaciones en Guerrero y Oaxaca - Fuentes Fidedignas\" \/>\n<meta property=\"og:description\" content=\"La Depresi\u00f3n &#8216;Diecisiete-E&#8217; se intensific\u00f3 a tormenta tropical como Rick Ciudad de M\u00e9xico.- El Servicio Meteorol\u00f3gico Nacional inform\u00f3 que&nbsp;la Depresi\u00f3n &#8216;Diecisiete-E&#8217;&nbsp;se intensific\u00f3 a tormenta tropical &#8216;Rick&#8217;&nbsp;esta tarde y que dejar\u00e1 lluvias intensas en Oaxaca y Guerrero. En un comunicado, la dependencia detall\u00f3 que a las 16:00 horas, se form\u00f3 la tormenta tropical&nbsp;\u2018Rick\u2019&nbsp;frente a las costas [&hellip;]\" \/>\n<meta property=\"og:url\" content=\"https:\/\/fuentesfidedignas.com.mx\/index.php\/2021\/10\/22\/rick-ya-es-tormenta-tropical-dejara-lluvias-e-inundaciones-en-guerrero-y-oaxaca\/\" \/>\n<meta property=\"og:site_name\" content=\"Fuentes Fidedignas\" \/>\n<meta property=\"article:publisher\" content=\"https:\/\/www.facebook.com\/Fuentes-Fidedignas-368234489921644\" \/>\n<meta property=\"article:published_time\" content=\"2021-10-23T00:47:57+00:00\" \/>\n<meta property=\"article:modified_time\" content=\"2021-10-23T15:28:04+00:00\" \/>\n<meta property=\"og:image\" content=\"https:\/\/fuentesfidedignas.com.mx\/wp-content\/uploads\/2021\/10\/RICK.jpg\" \/>\n\t<meta property=\"og:image:width\" content=\"800\" \/>\n\t<meta property=\"og:image:height\" content=\"600\" \/>\n\t<meta property=\"og:image:type\" content=\"image\/jpeg\" \/>\n<meta name=\"author\" content=\"Exc\u00e9lsior\" \/>\n<meta name=\"twitter:card\" content=\"summary_large_image\" \/>\n<meta name=\"twitter:creator\" content=\"@fidedignas\" \/>\n<meta name=\"twitter:site\" content=\"@fidedignas\" \/>\n<meta name=\"twitter:label1\" content=\"Escrito por\" \/>\n\t<meta name=\"twitter:data1\" content=\"Exc\u00e9lsior\" \/>\n\t<meta name=\"twitter:label2\" content=\"Tiempo de lectura\" \/>\n\t<meta name=\"twitter:data2\" content=\"1 minuto\" \/>\n<script type=\"application\/ld+json\" class=\"yoast-schema-graph\">{\"@context\":\"https:\\\/\\\/schema.org\",\"@graph\":[{\"@type\":\"Article\",\"@id\":\"https:\\\/\\\/fuentesfidedignas.com.mx\\\/index.php\\\/2021\\\/10\\\/22\\\/rick-ya-es-tormenta-tropical-dejara-lluvias-e-inundaciones-en-guerrero-y-oaxaca\\\/#article\",\"isPartOf\":{\"@id\":\"https:\\\/\\\/fuentesfidedignas.com.mx\\\/index.php\\\/2021\\\/10\\\/22\\\/rick-ya-es-tormenta-tropical-dejara-lluvias-e-inundaciones-en-guerrero-y-oaxaca\\\/\"},\"author\":{\"name\":\"Exc\u00e9lsior\",\"@id\":\"https:\\\/\\\/fuentesfidedignas.com.mx\\\/#\\\/schema\\\/person\\\/ec4edd1fbf5efa3e44fce34fe2787780\"},\"headline\":\"&#8216;Rick&#8217; ya es tormenta tropical; dejar\u00e1 lluvias e inundaciones en Guerrero y Oaxaca\",\"datePublished\":\"2021-10-23T00:47:57+00:00\",\"dateModified\":\"2021-10-23T15:28:04+00:00\",\"mainEntityOfPage\":{\"@id\":\"https:\\\/\\\/fuentesfidedignas.com.mx\\\/index.php\\\/2021\\\/10\\\/22\\\/rick-ya-es-tormenta-tropical-dejara-lluvias-e-inundaciones-en-guerrero-y-oaxaca\\\/\"},\"wordCount\":262,\"commentCount\":0,\"publisher\":{\"@id\":\"https:\\\/\\\/fuentesfidedignas.com.mx\\\/#organization\"},\"image\":{\"@id\":\"https:\\\/\\\/fuentesfidedignas.com.mx\\\/index.php\\\/2021\\\/10\\\/22\\\/rick-ya-es-tormenta-tropical-dejara-lluvias-e-inundaciones-en-guerrero-y-oaxaca\\\/#primaryimage\"},\"thumbnailUrl\":\"https:\\\/\\\/fuentesfidedignas.com.mx\\\/wp-content\\\/uploads\\\/2021\\\/10\\\/RICK.jpg\",\"inLanguage\":\"es\",\"potentialAction\":[{\"@type\":\"CommentAction\",\"name\":\"Comment\",\"target\":[\"https:\\\/\\\/fuentesfidedignas.com.mx\\\/index.php\\\/2021\\\/10\\\/22\\\/rick-ya-es-tormenta-tropical-dejara-lluvias-e-inundaciones-en-guerrero-y-oaxaca\\\/#respond\"]}]},{\"@type\":\"WebPage\",\"@id\":\"https:\\\/\\\/fuentesfidedignas.com.mx\\\/index.php\\\/2021\\\/10\\\/22\\\/rick-ya-es-tormenta-tropical-dejara-lluvias-e-inundaciones-en-guerrero-y-oaxaca\\\/\",\"url\":\"https:\\\/\\\/fuentesfidedignas.com.mx\\\/index.php\\\/2021\\\/10\\\/22\\\/rick-ya-es-tormenta-tropical-dejara-lluvias-e-inundaciones-en-guerrero-y-oaxaca\\\/\",\"name\":\"'Rick' ya es tormenta tropical; dejar\u00e1 lluvias e inundaciones en Guerrero y Oaxaca - Fuentes Fidedignas\",\"isPartOf\":{\"@id\":\"https:\\\/\\\/fuentesfidedignas.com.mx\\\/#website\"},\"primaryImageOfPage\":{\"@id\":\"https:\\\/\\\/fuentesfidedignas.com.mx\\\/index.php\\\/2021\\\/10\\\/22\\\/rick-ya-es-tormenta-tropical-dejara-lluvias-e-inundaciones-en-guerrero-y-oaxaca\\\/#primaryimage\"},\"image\":{\"@id\":\"https:\\\/\\\/fuentesfidedignas.com.mx\\\/index.php\\\/2021\\\/10\\\/22\\\/rick-ya-es-tormenta-tropical-dejara-lluvias-e-inundaciones-en-guerrero-y-oaxaca\\\/#primaryimage\"},\"thumbnailUrl\":\"https:\\\/\\\/fuentesfidedignas.com.mx\\\/wp-content\\\/uploads\\\/2021\\\/10\\\/RICK.jpg\",\"datePublished\":\"2021-10-23T00:47:57+00:00\",\"dateModified\":\"2021-10-23T15:28:04+00:00\",\"breadcrumb\":{\"@id\":\"https:\\\/\\\/fuentesfidedignas.com.mx\\\/index.php\\\/2021\\\/10\\\/22\\\/rick-ya-es-tormenta-tropical-dejara-lluvias-e-inundaciones-en-guerrero-y-oaxaca\\\/#breadcrumb\"},\"inLanguage\":\"es\",\"potentialAction\":[{\"@type\":\"ReadAction\",\"target\":[\"https:\\\/\\\/fuentesfidedignas.com.mx\\\/index.php\\\/2021\\\/10\\\/22\\\/rick-ya-es-tormenta-tropical-dejara-lluvias-e-inundaciones-en-guerrero-y-oaxaca\\\/\"]}]},{\"@type\":\"ImageObject\",\"inLanguage\":\"es\",\"@id\":\"https:\\\/\\\/fuentesfidedignas.com.mx\\\/index.php\\\/2021\\\/10\\\/22\\\/rick-ya-es-tormenta-tropical-dejara-lluvias-e-inundaciones-en-guerrero-y-oaxaca\\\/#primaryimage\",\"url\":\"https:\\\/\\\/fuentesfidedignas.com.mx\\\/wp-content\\\/uploads\\\/2021\\\/10\\\/RICK.jpg\",\"contentUrl\":\"https:\\\/\\\/fuentesfidedignas.com.mx\\\/wp-content\\\/uploads\\\/2021\\\/10\\\/RICK.jpg\",\"width\":800,\"height\":600},{\"@type\":\"BreadcrumbList\",\"@id\":\"https:\\\/\\\/fuentesfidedignas.com.mx\\\/index.php\\\/2021\\\/10\\\/22\\\/rick-ya-es-tormenta-tropical-dejara-lluvias-e-inundaciones-en-guerrero-y-oaxaca\\\/#breadcrumb\",\"itemListElement\":[{\"@type\":\"ListItem\",\"position\":1,\"name\":\"Inicio\",\"item\":\"https:\\\/\\\/fuentesfidedignas.com.mx\\\/\"},{\"@type\":\"ListItem\",\"position\":2,\"name\":\"&#8216;Rick&#8217; ya es tormenta tropical; dejar\u00e1 lluvias e inundaciones en Guerrero y Oaxaca\"}]},{\"@type\":\"WebSite\",\"@id\":\"https:\\\/\\\/fuentesfidedignas.com.mx\\\/#website\",\"url\":\"https:\\\/\\\/fuentesfidedignas.com.mx\\\/\",\"name\":\"Fuentes Fidedignas\",\"description\":\"Otro sitio realizado con WordPress\",\"publisher\":{\"@id\":\"https:\\\/\\\/fuentesfidedignas.com.mx\\\/#organization\"},\"potentialAction\":[{\"@type\":\"SearchAction\",\"target\":{\"@type\":\"EntryPoint\",\"urlTemplate\":\"https:\\\/\\\/fuentesfidedignas.com.mx\\\/?s={search_term_string}\"},\"query-input\":{\"@type\":\"PropertyValueSpecification\",\"valueRequired\":true,\"valueName\":\"search_term_string\"}}],\"inLanguage\":\"es\"},{\"@type\":\"Organization\",\"@id\":\"https:\\\/\\\/fuentesfidedignas.com.mx\\\/#organization\",\"name\":\"Fuentes Fidedignas\",\"url\":\"https:\\\/\\\/fuentesfidedignas.com.mx\\\/\",\"logo\":{\"@type\":\"ImageObject\",\"inLanguage\":\"es\",\"@id\":\"https:\\\/\\\/fuentesfidedignas.com.mx\\\/#\\\/schema\\\/logo\\\/image\\\/\",\"url\":\"https:\\\/\\\/fuentesfidedignas.com.mx\\\/wp-content\\\/uploads\\\/2021\\\/04\\\/logo-retina.png\",\"contentUrl\":\"https:\\\/\\\/fuentesfidedignas.com.mx\\\/wp-content\\\/uploads\\\/2021\\\/04\\\/logo-retina.png\",\"width\":280,\"height\":51,\"caption\":\"Fuentes Fidedignas\"},\"image\":{\"@id\":\"https:\\\/\\\/fuentesfidedignas.com.mx\\\/#\\\/schema\\\/logo\\\/image\\\/\"},\"sameAs\":[\"https:\\\/\\\/www.facebook.com\\\/Fuentes-Fidedignas-368234489921644\",\"https:\\\/\\\/x.com\\\/fidedignas\"]},{\"@type\":\"Person\",\"@id\":\"https:\\\/\\\/fuentesfidedignas.com.mx\\\/#\\\/schema\\\/person\\\/ec4edd1fbf5efa3e44fce34fe2787780\",\"name\":\"Exc\u00e9lsior\",\"image\":{\"@type\":\"ImageObject\",\"inLanguage\":\"es\",\"@id\":\"https:\\\/\\\/secure.gravatar.com\\\/avatar\\\/4b7ee9206b48be08447852b3f0814dbc7c0f3b51541b164f1464a2725614020b?s=96&d=mm&r=g\",\"url\":\"https:\\\/\\\/secure.gravatar.com\\\/avatar\\\/4b7ee9206b48be08447852b3f0814dbc7c0f3b51541b164f1464a2725614020b?s=96&d=mm&r=g\",\"contentUrl\":\"https:\\\/\\\/secure.gravatar.com\\\/avatar\\\/4b7ee9206b48be08447852b3f0814dbc7c0f3b51541b164f1464a2725614020b?s=96&d=mm&r=g\",\"caption\":\"Exc\u00e9lsior\"},\"url\":\"https:\\\/\\\/fuentesfidedignas.com.mx\\\/index.php\\\/author\\\/excelsior\\\/\"}]}<\/script>\n<!-- \/ Yoast SEO plugin. -->","yoast_head_json":{"title":"'Rick' ya es tormenta tropical; dejar\u00e1 lluvias e inundaciones en Guerrero y Oaxaca - Fuentes Fidedignas","robots":{"index":"index","follow":"follow","max-snippet":"max-snippet:-1","max-image-preview":"max-image-preview:large","max-video-preview":"max-video-preview:-1"},"canonical":"https:\/\/fuentesfidedignas.com.mx\/index.php\/2021\/10\/22\/rick-ya-es-tormenta-tropical-dejara-lluvias-e-inundaciones-en-guerrero-y-oaxaca\/","og_locale":"es_MX","og_type":"article","og_title":"'Rick' ya es tormenta tropical; dejar\u00e1 lluvias e inundaciones en Guerrero y Oaxaca - Fuentes Fidedignas","og_description":"La Depresi\u00f3n &#8216;Diecisiete-E&#8217; se intensific\u00f3 a tormenta tropical como Rick Ciudad de M\u00e9xico.- El Servicio Meteorol\u00f3gico Nacional inform\u00f3 que&nbsp;la Depresi\u00f3n &#8216;Diecisiete-E&#8217;&nbsp;se intensific\u00f3 a tormenta tropical &#8216;Rick&#8217;&nbsp;esta tarde y que dejar\u00e1 lluvias intensas en Oaxaca y Guerrero. En un comunicado, la dependencia detall\u00f3 que a las 16:00 horas, se form\u00f3 la tormenta tropical&nbsp;\u2018Rick\u2019&nbsp;frente a las costas [&hellip;]","og_url":"https:\/\/fuentesfidedignas.com.mx\/index.php\/2021\/10\/22\/rick-ya-es-tormenta-tropical-dejara-lluvias-e-inundaciones-en-guerrero-y-oaxaca\/","og_site_name":"Fuentes Fidedignas","article_publisher":"https:\/\/www.facebook.com\/Fuentes-Fidedignas-368234489921644","article_published_time":"2021-10-23T00:47:57+00:00","article_modified_time":"2021-10-23T15:28:04+00:00","og_image":[{"width":800,"height":600,"url":"https:\/\/fuentesfidedignas.com.mx\/wp-content\/uploads\/2021\/10\/RICK.jpg","type":"image\/jpeg"}],"author":"Exc\u00e9lsior","twitter_card":"summary_large_image","twitter_creator":"@fidedignas","twitter_site":"@fidedignas","twitter_misc":{"Escrito por":"Exc\u00e9lsior","Tiempo de lectura":"1 minuto"},"schema":{"@context":"https:\/\/schema.org","@graph":[{"@type":"Article","@id":"https:\/\/fuentesfidedignas.com.mx\/index.php\/2021\/10\/22\/rick-ya-es-tormenta-tropical-dejara-lluvias-e-inundaciones-en-guerrero-y-oaxaca\/#article","isPartOf":{"@id":"https:\/\/fuentesfidedignas.com.mx\/index.php\/2021\/10\/22\/rick-ya-es-tormenta-tropical-dejara-lluvias-e-inundaciones-en-guerrero-y-oaxaca\/"},"author":{"name":"Exc\u00e9lsior","@id":"https:\/\/fuentesfidedignas.com.mx\/#\/schema\/person\/ec4edd1fbf5efa3e44fce34fe2787780"},"headline":"&#8216;Rick&#8217; ya es tormenta tropical; dejar\u00e1 lluvias e inundaciones en Guerrero y Oaxaca","datePublished":"2021-10-23T00:47:57+00:00","dateModified":"2021-10-23T15:28:04+00:00","mainEntityOfPage":{"@id":"https:\/\/fuentesfidedignas.com.mx\/index.php\/2021\/10\/22\/rick-ya-es-tormenta-tropical-dejara-lluvias-e-inundaciones-en-guerrero-y-oaxaca\/"},"wordCount":262,"commentCount":0,"publisher":{"@id":"https:\/\/fuentesfidedignas.com.mx\/#organization"},"image":{"@id":"https:\/\/fuentesfidedignas.com.mx\/index.php\/2021\/10\/22\/rick-ya-es-tormenta-tropical-dejara-lluvias-e-inundaciones-en-guerrero-y-oaxaca\/#primaryimage"},"thumbnailUrl":"https:\/\/fuentesfidedignas.com.mx\/wp-content\/uploads\/2021\/10\/RICK.jpg","inLanguage":"es","potentialAction":[{"@type":"CommentAction","name":"Comment","target":["https:\/\/fuentesfidedignas.com.mx\/index.php\/2021\/10\/22\/rick-ya-es-tormenta-tropical-dejara-lluvias-e-inundaciones-en-guerrero-y-oaxaca\/#respond"]}]},{"@type":"WebPage","@id":"https:\/\/fuentesfidedignas.com.mx\/index.php\/2021\/10\/22\/rick-ya-es-tormenta-tropical-dejara-lluvias-e-inundaciones-en-guerrero-y-oaxaca\/","url":"https:\/\/fuentesfidedignas.com.mx\/index.php\/2021\/10\/22\/rick-ya-es-tormenta-tropical-dejara-lluvias-e-inundaciones-en-guerrero-y-oaxaca\/","name":"'Rick' ya es tormenta tropical; dejar\u00e1 lluvias e inundaciones en Guerrero y Oaxaca - Fuentes Fidedignas","isPartOf":{"@id":"https:\/\/fuentesfidedignas.com.mx\/#website"},"primaryImageOfPage":{"@id":"https:\/\/fuentesfidedignas.com.mx\/index.php\/2021\/10\/22\/rick-ya-es-tormenta-tropical-dejara-lluvias-e-inundaciones-en-guerrero-y-oaxaca\/#primaryimage"},"image":{"@id":"https:\/\/fuentesfidedignas.com.mx\/index.php\/2021\/10\/22\/rick-ya-es-tormenta-tropical-dejara-lluvias-e-inundaciones-en-guerrero-y-oaxaca\/#primaryimage"},"thumbnailUrl":"https:\/\/fuentesfidedignas.com.mx\/wp-content\/uploads\/2021\/10\/RICK.jpg","datePublished":"2021-10-23T00:47:57+00:00","dateModified":"2021-10-23T15:28:04+00:00","breadcrumb":{"@id":"https:\/\/fuentesfidedignas.com.mx\/index.php\/2021\/10\/22\/rick-ya-es-tormenta-tropical-dejara-lluvias-e-inundaciones-en-guerrero-y-oaxaca\/#breadcrumb"},"inLanguage":"es","potentialAction":[{"@type":"ReadAction","target":["https:\/\/fuentesfidedignas.com.mx\/index.php\/2021\/10\/22\/rick-ya-es-tormenta-tropical-dejara-lluvias-e-inundaciones-en-guerrero-y-oaxaca\/"]}]},{"@type":"ImageObject","inLanguage":"es","@id":"https:\/\/fuentesfidedignas.com.mx\/index.php\/2021\/10\/22\/rick-ya-es-tormenta-tropical-dejara-lluvias-e-inundaciones-en-guerrero-y-oaxaca\/#primaryimage","url":"https:\/\/fuentesfidedignas.com.mx\/wp-content\/uploads\/2021\/10\/RICK.jpg","contentUrl":"https:\/\/fuentesfidedignas.com.mx\/wp-content\/uploads\/2021\/10\/RICK.jpg","width":800,"height":600},{"@type":"BreadcrumbList","@id":"https:\/\/fuentesfidedignas.com.mx\/index.php\/2021\/10\/22\/rick-ya-es-tormenta-tropical-dejara-lluvias-e-inundaciones-en-guerrero-y-oaxaca\/#breadcrumb","itemListElement":[{"@type":"ListItem","position":1,"name":"Inicio","item":"https:\/\/fuentesfidedignas.com.mx\/"},{"@type":"ListItem","position":2,"name":"&#8216;Rick&#8217; ya es tormenta tropical; dejar\u00e1 lluvias e inundaciones en Guerrero y Oaxaca"}]},{"@type":"WebSite","@id":"https:\/\/fuentesfidedignas.com.mx\/#website","url":"https:\/\/fuentesfidedignas.com.mx\/","name":"Fuentes Fidedignas","description":"Otro sitio realizado con WordPress","publisher":{"@id":"https:\/\/fuentesfidedignas.com.mx\/#organization"},"potentialAction":[{"@type":"SearchAction","target":{"@type":"EntryPoint","urlTemplate":"https:\/\/fuentesfidedignas.com.mx\/?s={search_term_string}"},"query-input":{"@type":"PropertyValueSpecification","valueRequired":true,"valueName":"search_term_string"}}],"inLanguage":"es"},{"@type":"Organization","@id":"https:\/\/fuentesfidedignas.com.mx\/#organization","name":"Fuentes Fidedignas","url":"https:\/\/fuentesfidedignas.com.mx\/","logo":{"@type":"ImageObject","inLanguage":"es","@id":"https:\/\/fuentesfidedignas.com.mx\/#\/schema\/logo\/image\/","url":"https:\/\/fuentesfidedignas.com.mx\/wp-content\/uploads\/2021\/04\/logo-retina.png","contentUrl":"https:\/\/fuentesfidedignas.com.mx\/wp-content\/uploads\/2021\/04\/logo-retina.png","width":280,"height":51,"caption":"Fuentes Fidedignas"},"image":{"@id":"https:\/\/fuentesfidedignas.com.mx\/#\/schema\/logo\/image\/"},"sameAs":["https:\/\/www.facebook.com\/Fuentes-Fidedignas-368234489921644","https:\/\/x.com\/fidedignas"]},{"@type":"Person","@id":"https:\/\/fuentesfidedignas.com.mx\/#\/schema\/person\/ec4edd1fbf5efa3e44fce34fe2787780","name":"Exc\u00e9lsior","image":{"@type":"ImageObject","inLanguage":"es","@id":"https:\/\/secure.gravatar.com\/avatar\/4b7ee9206b48be08447852b3f0814dbc7c0f3b51541b164f1464a2725614020b?s=96&d=mm&r=g","url":"https:\/\/secure.gravatar.com\/avatar\/4b7ee9206b48be08447852b3f0814dbc7c0f3b51541b164f1464a2725614020b?s=96&d=mm&r=g","contentUrl":"https:\/\/secure.gravatar.com\/avatar\/4b7ee9206b48be08447852b3f0814dbc7c0f3b51541b164f1464a2725614020b?s=96&d=mm&r=g","caption":"Exc\u00e9lsior"},"url":"https:\/\/fuentesfidedignas.com.mx\/index.php\/author\/excelsior\/"}]}},"_links":{"self":[{"href":"https:\/\/fuentesfidedignas.com.mx\/index.php\/wp-json\/wp\/v2\/posts\/15670","targetHints":{"allow":["GET"]}}],"collection":[{"href":"https:\/\/fuentesfidedignas.com.mx\/index.php\/wp-json\/wp\/v2\/posts"}],"about":[{"href":"https:\/\/fuentesfidedignas.com.mx\/index.php\/wp-json\/wp\/v2\/types\/post"}],"author":[{"embeddable":true,"href":"https:\/\/fuentesfidedignas.com.mx\/index.php\/wp-json\/wp\/v2\/users\/7"}],"replies":[{"embeddable":true,"href":"https:\/\/fuentesfidedignas.com.mx\/index.php\/wp-json\/wp\/v2\/comments?post=15670"}],"version-history":[{"count":2,"href":"https:\/\/fuentesfidedignas.com.mx\/index.php\/wp-json\/wp\/v2\/posts\/15670\/revisions"}],"predecessor-version":[{"id":15698,"href":"https:\/\/fuentesfidedignas.com.mx\/index.php\/wp-json\/wp\/v2\/posts\/15670\/revisions\/15698"}],"wp:featuredmedia":[{"embeddable":true,"href":"https:\/\/fuentesfidedignas.com.mx\/index.php\/wp-json\/wp\/v2\/media\/15671"}],"wp:attachment":[{"href":"https:\/\/fuentesfidedignas.com.mx\/index.php\/wp-json\/wp\/v2\/media?parent=15670"}],"wp:term":[{"taxonomy":"category","embeddable":true,"href":"https:\/\/fuentesfidedignas.com.mx\/index.php\/wp-json\/wp\/v2\/categories?post=15670"},{"taxonomy":"post_tag","embeddable":true,"href":"https:\/\/fuentesfidedignas.com.mx\/index.php\/wp-json\/wp\/v2\/tags?post=15670"}],"curies":[{"name":"wp","href":"https:\/\/api.w.org\/{rel}","templated":true}]}}