{"id":15528,"date":"2021-10-21T08:58:00","date_gmt":"2021-10-21T15:58:00","guid":{"rendered":"https:\/\/fuentesfidedignas.com.mx\/?p=15528"},"modified":"2021-10-21T08:13:09","modified_gmt":"2021-10-21T15:13:09","slug":"si-mantiene-su-esencia-amlo-dice-que-aceptara-modificaciones-a-la-reforma-electrica","status":"publish","type":"post","link":"https:\/\/fuentesfidedignas.com.mx\/index.php\/2021\/10\/21\/si-mantiene-su-esencia-amlo-dice-que-aceptara-modificaciones-a-la-reforma-electrica\/","title":{"rendered":"Si mantiene su esencia, AMLO dice que aceptar\u00e1 modificaciones a la reforma el\u00e9ctrica"},"content":{"rendered":"\n<p><br><em><strong>L\u00f3pez Obrador se\u00f1al\u00f3 que el sector privado deber\u00eda estar agradecido que en su iniciativa se les considera 46% de la producci\u00f3n de energ\u00eda, ya que es una gran parte del mercado<\/strong><\/em>.<\/p>\n\n\n\n<p>Ciudad de M\u00e9xico. El presidente Andr\u00e9s Manuel L\u00f3pez Obrador asegur\u00f3 que respalda las modificaciones a la iniciativa en materia de energ\u00eda el\u00e9ctrica que envi\u00f3 a la C\u00e1mara de Diputados, pero s\u00f3lo si esta mantiene su esencia.<\/p>\n\n\n\n<p>\u201cSiempre y cuando se mantenga la esencia de la iniciativa de que la industria el\u00e9ctrica sea una industria estrat\u00e9gica propiedad de la Naci\u00f3n, de todos los mexicanos, y que la generaci\u00f3n y distribuci\u00f3n de la energ\u00eda el\u00e9ctrica que no tenga prop\u00f3sitos de lucro. Si eso se sostiene, la rector\u00eda del Estado en el manejo de la industria el\u00e9ctrica, adelante (con las modificaciones)\u201d, mencion\u00f3 el mandatario federal.<\/p>\n\n\n\n<p>En conferencia, el presidente coment\u00f3 que uno de los puntos importantes de la reforma constitucional es el litio, que por su importancia para la transici\u00f3n no se otorgar\u00e1n concesiones sobre este y otros minerales estrat\u00e9gicos necesarios.<\/p>\n\n\n\n<p>\u201cEso (el litio) les importa mucho, nada mas que est\u00e1n hablando de la iniciativa de reforma constitucional para la industria el\u00e9ctrica, pero no se atreven de hablar del litio, pero lo que no les conviene y no les gusta que el litio sea propiedad de la Naci\u00f3n, porque quisieran que fuese como las concesiones que se dan para la explotaci\u00f3n del oro, de la plata, de otros minerales, concesiones privadas\u201d, mencion\u00f3.<\/p>\n\n\n\n<p>Adem\u00e1s, el mandatario consider\u00f3 que el sector privado \u201cno tiene llenadera\u201d, por lo que la reforma constitucional que envi\u00f3 a la C\u00e1mara de Diputados considera que otorgar\u00e1 a la Comisi\u00f3n Federal de Electricidad (CFI) la capacidad de producir y distribuir 54% de la demanda nacional de energ\u00eda y 46% ser\u00e1 para el sector privado: \u201cdeber\u00edan estar agradecidos\u201d.<\/p>\n\n\n\n<p>L\u00f3pez Obrador asegur\u00f3 que tener el 46% del mercado el\u00e9ctrico no es poca cosa, ya que representa toda la electricidad que se consume en Argentina, por lo que los privados deber\u00edan estar agradecidos.<\/p>\n\n\n\n<p>\u201c\u00bfSaben cu\u00e1nto es el 46% del mercado en M\u00e9xico? Es toda la electricidad que se consume en Argentina. En un pa\u00eds de 50 o 60 millones de habitantes. Deber\u00edan de estar agradecidos, nada m\u00e1s que no tiene llenadera, se quedaron con la costumbre de robar a manos llenas. No es una nacionalizaci\u00f3n, necesitamos fortalecer a la CFI porque si no vamos a poder garantizar precios justos\u201d, consider\u00f3.<\/p>\n","protected":false},"excerpt":{"rendered":"<p>L\u00f3pez Obrador se\u00f1al\u00f3 que el sector privado deber\u00eda estar agradecido que en su iniciativa se les considera 46% de la producci\u00f3n de energ\u00eda, ya que es una gran parte del mercado. Ciudad de M\u00e9xico. El presidente Andr\u00e9s Manuel L\u00f3pez Obrador asegur\u00f3 que respalda las modificaciones a la iniciativa en materia de energ\u00eda el\u00e9ctrica que envi\u00f3 [&hellip;]<\/p>\n","protected":false},"author":5,"featured_media":15529,"comment_status":"open","ping_status":"open","sticky":false,"template":"","format":"standard","meta":{"tdm_status":"","tdm_grid_status":"","footnotes":""},"categories":[39],"tags":[],"class_list":{"0":"post-15528","1":"post","2":"type-post","3":"status-publish","4":"format-standard","5":"has-post-thumbnail","7":"category-noticias-nacionales"},"yoast_head":"<!-- This site is optimized with the Yoast SEO plugin v27.5 - https:\/\/yoast.com\/product\/yoast-seo-wordpress\/ -->\n<title>Si mantiene su esencia, AMLO dice que aceptar\u00e1 modificaciones a la reforma el\u00e9ctrica - Fuentes Fidedignas<\/title>\n<meta name=\"robots\" content=\"index, follow, max-snippet:-1, max-image-preview:large, max-video-preview:-1\" \/>\n<link rel=\"canonical\" href=\"https:\/\/fuentesfidedignas.com.mx\/index.php\/2021\/10\/21\/si-mantiene-su-esencia-amlo-dice-que-aceptara-modificaciones-a-la-reforma-electrica\/\" \/>\n<meta property=\"og:locale\" content=\"es_MX\" \/>\n<meta property=\"og:type\" content=\"article\" \/>\n<meta property=\"og:title\" content=\"Si mantiene su esencia, AMLO dice que aceptar\u00e1 modificaciones a la reforma el\u00e9ctrica - Fuentes Fidedignas\" \/>\n<meta property=\"og:description\" content=\"L\u00f3pez Obrador se\u00f1al\u00f3 que el sector privado deber\u00eda estar agradecido que en su iniciativa se les considera 46% de la producci\u00f3n de energ\u00eda, ya que es una gran parte del mercado. Ciudad de M\u00e9xico. El presidente Andr\u00e9s Manuel L\u00f3pez Obrador asegur\u00f3 que respalda las modificaciones a la iniciativa en materia de energ\u00eda el\u00e9ctrica que envi\u00f3 [&hellip;]\" \/>\n<meta property=\"og:url\" content=\"https:\/\/fuentesfidedignas.com.mx\/index.php\/2021\/10\/21\/si-mantiene-su-esencia-amlo-dice-que-aceptara-modificaciones-a-la-reforma-electrica\/\" \/>\n<meta property=\"og:site_name\" content=\"Fuentes Fidedignas\" \/>\n<meta property=\"article:publisher\" content=\"https:\/\/www.facebook.com\/Fuentes-Fidedignas-368234489921644\" \/>\n<meta property=\"article:published_time\" content=\"2021-10-21T15:58:00+00:00\" \/>\n<meta property=\"og:image\" content=\"https:\/\/fuentesfidedignas.com.mx\/wp-content\/uploads\/2021\/10\/1022f996-56d7-4ffa-8f56-c65744ac4407-e1634823669294-768x432-1.jpg\" \/>\n\t<meta property=\"og:image:width\" content=\"768\" \/>\n\t<meta property=\"og:image:height\" content=\"432\" \/>\n\t<meta property=\"og:image:type\" content=\"image\/jpeg\" \/>\n<meta name=\"author\" content=\"Forbes\" \/>\n<meta name=\"twitter:card\" content=\"summary_large_image\" \/>\n<meta name=\"twitter:creator\" content=\"@fidedignas\" \/>\n<meta name=\"twitter:site\" content=\"@fidedignas\" \/>\n<meta name=\"twitter:label1\" content=\"Escrito por\" \/>\n\t<meta name=\"twitter:data1\" content=\"Forbes\" \/>\n\t<meta name=\"twitter:label2\" content=\"Tiempo de lectura\" \/>\n\t<meta name=\"twitter:data2\" content=\"2 minutos\" \/>\n<script type=\"application\/ld+json\" class=\"yoast-schema-graph\">{\"@context\":\"https:\\\/\\\/schema.org\",\"@graph\":[{\"@type\":\"Article\",\"@id\":\"https:\\\/\\\/fuentesfidedignas.com.mx\\\/index.php\\\/2021\\\/10\\\/21\\\/si-mantiene-su-esencia-amlo-dice-que-aceptara-modificaciones-a-la-reforma-electrica\\\/#article\",\"isPartOf\":{\"@id\":\"https:\\\/\\\/fuentesfidedignas.com.mx\\\/index.php\\\/2021\\\/10\\\/21\\\/si-mantiene-su-esencia-amlo-dice-que-aceptara-modificaciones-a-la-reforma-electrica\\\/\"},\"author\":{\"name\":\"Forbes\",\"@id\":\"https:\\\/\\\/fuentesfidedignas.com.mx\\\/#\\\/schema\\\/person\\\/5623d53fe2e579d825b1679734abcc44\"},\"headline\":\"Si mantiene su esencia, AMLO dice que aceptar\u00e1 modificaciones a la reforma el\u00e9ctrica\",\"datePublished\":\"2021-10-21T15:58:00+00:00\",\"mainEntityOfPage\":{\"@id\":\"https:\\\/\\\/fuentesfidedignas.com.mx\\\/index.php\\\/2021\\\/10\\\/21\\\/si-mantiene-su-esencia-amlo-dice-que-aceptara-modificaciones-a-la-reforma-electrica\\\/\"},\"wordCount\":447,\"commentCount\":0,\"publisher\":{\"@id\":\"https:\\\/\\\/fuentesfidedignas.com.mx\\\/#organization\"},\"image\":{\"@id\":\"https:\\\/\\\/fuentesfidedignas.com.mx\\\/index.php\\\/2021\\\/10\\\/21\\\/si-mantiene-su-esencia-amlo-dice-que-aceptara-modificaciones-a-la-reforma-electrica\\\/#primaryimage\"},\"thumbnailUrl\":\"https:\\\/\\\/fuentesfidedignas.com.mx\\\/wp-content\\\/uploads\\\/2021\\\/10\\\/1022f996-56d7-4ffa-8f56-c65744ac4407-e1634823669294-768x432-1.jpg\",\"articleSection\":[\"NOTICIAS NACIONALES\"],\"inLanguage\":\"es\",\"potentialAction\":[{\"@type\":\"CommentAction\",\"name\":\"Comment\",\"target\":[\"https:\\\/\\\/fuentesfidedignas.com.mx\\\/index.php\\\/2021\\\/10\\\/21\\\/si-mantiene-su-esencia-amlo-dice-que-aceptara-modificaciones-a-la-reforma-electrica\\\/#respond\"]}]},{\"@type\":\"WebPage\",\"@id\":\"https:\\\/\\\/fuentesfidedignas.com.mx\\\/index.php\\\/2021\\\/10\\\/21\\\/si-mantiene-su-esencia-amlo-dice-que-aceptara-modificaciones-a-la-reforma-electrica\\\/\",\"url\":\"https:\\\/\\\/fuentesfidedignas.com.mx\\\/index.php\\\/2021\\\/10\\\/21\\\/si-mantiene-su-esencia-amlo-dice-que-aceptara-modificaciones-a-la-reforma-electrica\\\/\",\"name\":\"Si mantiene su esencia, AMLO dice que aceptar\u00e1 modificaciones a la reforma el\u00e9ctrica - Fuentes Fidedignas\",\"isPartOf\":{\"@id\":\"https:\\\/\\\/fuentesfidedignas.com.mx\\\/#website\"},\"primaryImageOfPage\":{\"@id\":\"https:\\\/\\\/fuentesfidedignas.com.mx\\\/index.php\\\/2021\\\/10\\\/21\\\/si-mantiene-su-esencia-amlo-dice-que-aceptara-modificaciones-a-la-reforma-electrica\\\/#primaryimage\"},\"image\":{\"@id\":\"https:\\\/\\\/fuentesfidedignas.com.mx\\\/index.php\\\/2021\\\/10\\\/21\\\/si-mantiene-su-esencia-amlo-dice-que-aceptara-modificaciones-a-la-reforma-electrica\\\/#primaryimage\"},\"thumbnailUrl\":\"https:\\\/\\\/fuentesfidedignas.com.mx\\\/wp-content\\\/uploads\\\/2021\\\/10\\\/1022f996-56d7-4ffa-8f56-c65744ac4407-e1634823669294-768x432-1.jpg\",\"datePublished\":\"2021-10-21T15:58:00+00:00\",\"breadcrumb\":{\"@id\":\"https:\\\/\\\/fuentesfidedignas.com.mx\\\/index.php\\\/2021\\\/10\\\/21\\\/si-mantiene-su-esencia-amlo-dice-que-aceptara-modificaciones-a-la-reforma-electrica\\\/#breadcrumb\"},\"inLanguage\":\"es\",\"potentialAction\":[{\"@type\":\"ReadAction\",\"target\":[\"https:\\\/\\\/fuentesfidedignas.com.mx\\\/index.php\\\/2021\\\/10\\\/21\\\/si-mantiene-su-esencia-amlo-dice-que-aceptara-modificaciones-a-la-reforma-electrica\\\/\"]}]},{\"@type\":\"ImageObject\",\"inLanguage\":\"es\",\"@id\":\"https:\\\/\\\/fuentesfidedignas.com.mx\\\/index.php\\\/2021\\\/10\\\/21\\\/si-mantiene-su-esencia-amlo-dice-que-aceptara-modificaciones-a-la-reforma-electrica\\\/#primaryimage\",\"url\":\"https:\\\/\\\/fuentesfidedignas.com.mx\\\/wp-content\\\/uploads\\\/2021\\\/10\\\/1022f996-56d7-4ffa-8f56-c65744ac4407-e1634823669294-768x432-1.jpg\",\"contentUrl\":\"https:\\\/\\\/fuentesfidedignas.com.mx\\\/wp-content\\\/uploads\\\/2021\\\/10\\\/1022f996-56d7-4ffa-8f56-c65744ac4407-e1634823669294-768x432-1.jpg\",\"width\":768,\"height\":432},{\"@type\":\"BreadcrumbList\",\"@id\":\"https:\\\/\\\/fuentesfidedignas.com.mx\\\/index.php\\\/2021\\\/10\\\/21\\\/si-mantiene-su-esencia-amlo-dice-que-aceptara-modificaciones-a-la-reforma-electrica\\\/#breadcrumb\",\"itemListElement\":[{\"@type\":\"ListItem\",\"position\":1,\"name\":\"Inicio\",\"item\":\"https:\\\/\\\/fuentesfidedignas.com.mx\\\/\"},{\"@type\":\"ListItem\",\"position\":2,\"name\":\"Si mantiene su esencia, AMLO dice que aceptar\u00e1 modificaciones a la reforma el\u00e9ctrica\"}]},{\"@type\":\"WebSite\",\"@id\":\"https:\\\/\\\/fuentesfidedignas.com.mx\\\/#website\",\"url\":\"https:\\\/\\\/fuentesfidedignas.com.mx\\\/\",\"name\":\"Fuentes Fidedignas\",\"description\":\"Otro sitio realizado con WordPress\",\"publisher\":{\"@id\":\"https:\\\/\\\/fuentesfidedignas.com.mx\\\/#organization\"},\"potentialAction\":[{\"@type\":\"SearchAction\",\"target\":{\"@type\":\"EntryPoint\",\"urlTemplate\":\"https:\\\/\\\/fuentesfidedignas.com.mx\\\/?s={search_term_string}\"},\"query-input\":{\"@type\":\"PropertyValueSpecification\",\"valueRequired\":true,\"valueName\":\"search_term_string\"}}],\"inLanguage\":\"es\"},{\"@type\":\"Organization\",\"@id\":\"https:\\\/\\\/fuentesfidedignas.com.mx\\\/#organization\",\"name\":\"Fuentes Fidedignas\",\"url\":\"https:\\\/\\\/fuentesfidedignas.com.mx\\\/\",\"logo\":{\"@type\":\"ImageObject\",\"inLanguage\":\"es\",\"@id\":\"https:\\\/\\\/fuentesfidedignas.com.mx\\\/#\\\/schema\\\/logo\\\/image\\\/\",\"url\":\"https:\\\/\\\/fuentesfidedignas.com.mx\\\/wp-content\\\/uploads\\\/2021\\\/04\\\/logo-retina.png\",\"contentUrl\":\"https:\\\/\\\/fuentesfidedignas.com.mx\\\/wp-content\\\/uploads\\\/2021\\\/04\\\/logo-retina.png\",\"width\":280,\"height\":51,\"caption\":\"Fuentes Fidedignas\"},\"image\":{\"@id\":\"https:\\\/\\\/fuentesfidedignas.com.mx\\\/#\\\/schema\\\/logo\\\/image\\\/\"},\"sameAs\":[\"https:\\\/\\\/www.facebook.com\\\/Fuentes-Fidedignas-368234489921644\",\"https:\\\/\\\/x.com\\\/fidedignas\"]},{\"@type\":\"Person\",\"@id\":\"https:\\\/\\\/fuentesfidedignas.com.mx\\\/#\\\/schema\\\/person\\\/5623d53fe2e579d825b1679734abcc44\",\"name\":\"Forbes\",\"image\":{\"@type\":\"ImageObject\",\"inLanguage\":\"es\",\"@id\":\"https:\\\/\\\/secure.gravatar.com\\\/avatar\\\/87ce3dd4e41e60c22a79c758614f01a6bc2469255fc936ec7b15efb9bb5cb66f?s=96&d=mm&r=g\",\"url\":\"https:\\\/\\\/secure.gravatar.com\\\/avatar\\\/87ce3dd4e41e60c22a79c758614f01a6bc2469255fc936ec7b15efb9bb5cb66f?s=96&d=mm&r=g\",\"contentUrl\":\"https:\\\/\\\/secure.gravatar.com\\\/avatar\\\/87ce3dd4e41e60c22a79c758614f01a6bc2469255fc936ec7b15efb9bb5cb66f?s=96&d=mm&r=g\",\"caption\":\"Forbes\"},\"url\":\"https:\\\/\\\/fuentesfidedignas.com.mx\\\/index.php\\\/author\\\/forbes\\\/\"}]}<\/script>\n<!-- \/ Yoast SEO plugin. -->","yoast_head_json":{"title":"Si mantiene su esencia, AMLO dice que aceptar\u00e1 modificaciones a la reforma el\u00e9ctrica - Fuentes Fidedignas","robots":{"index":"index","follow":"follow","max-snippet":"max-snippet:-1","max-image-preview":"max-image-preview:large","max-video-preview":"max-video-preview:-1"},"canonical":"https:\/\/fuentesfidedignas.com.mx\/index.php\/2021\/10\/21\/si-mantiene-su-esencia-amlo-dice-que-aceptara-modificaciones-a-la-reforma-electrica\/","og_locale":"es_MX","og_type":"article","og_title":"Si mantiene su esencia, AMLO dice que aceptar\u00e1 modificaciones a la reforma el\u00e9ctrica - Fuentes Fidedignas","og_description":"L\u00f3pez Obrador se\u00f1al\u00f3 que el sector privado deber\u00eda estar agradecido que en su iniciativa se les considera 46% de la producci\u00f3n de energ\u00eda, ya que es una gran parte del mercado. Ciudad de M\u00e9xico. El presidente Andr\u00e9s Manuel L\u00f3pez Obrador asegur\u00f3 que respalda las modificaciones a la iniciativa en materia de energ\u00eda el\u00e9ctrica que envi\u00f3 [&hellip;]","og_url":"https:\/\/fuentesfidedignas.com.mx\/index.php\/2021\/10\/21\/si-mantiene-su-esencia-amlo-dice-que-aceptara-modificaciones-a-la-reforma-electrica\/","og_site_name":"Fuentes Fidedignas","article_publisher":"https:\/\/www.facebook.com\/Fuentes-Fidedignas-368234489921644","article_published_time":"2021-10-21T15:58:00+00:00","og_image":[{"width":768,"height":432,"url":"https:\/\/fuentesfidedignas.com.mx\/wp-content\/uploads\/2021\/10\/1022f996-56d7-4ffa-8f56-c65744ac4407-e1634823669294-768x432-1.jpg","type":"image\/jpeg"}],"author":"Forbes","twitter_card":"summary_large_image","twitter_creator":"@fidedignas","twitter_site":"@fidedignas","twitter_misc":{"Escrito por":"Forbes","Tiempo de lectura":"2 minutos"},"schema":{"@context":"https:\/\/schema.org","@graph":[{"@type":"Article","@id":"https:\/\/fuentesfidedignas.com.mx\/index.php\/2021\/10\/21\/si-mantiene-su-esencia-amlo-dice-que-aceptara-modificaciones-a-la-reforma-electrica\/#article","isPartOf":{"@id":"https:\/\/fuentesfidedignas.com.mx\/index.php\/2021\/10\/21\/si-mantiene-su-esencia-amlo-dice-que-aceptara-modificaciones-a-la-reforma-electrica\/"},"author":{"name":"Forbes","@id":"https:\/\/fuentesfidedignas.com.mx\/#\/schema\/person\/5623d53fe2e579d825b1679734abcc44"},"headline":"Si mantiene su esencia, AMLO dice que aceptar\u00e1 modificaciones a la reforma el\u00e9ctrica","datePublished":"2021-10-21T15:58:00+00:00","mainEntityOfPage":{"@id":"https:\/\/fuentesfidedignas.com.mx\/index.php\/2021\/10\/21\/si-mantiene-su-esencia-amlo-dice-que-aceptara-modificaciones-a-la-reforma-electrica\/"},"wordCount":447,"commentCount":0,"publisher":{"@id":"https:\/\/fuentesfidedignas.com.mx\/#organization"},"image":{"@id":"https:\/\/fuentesfidedignas.com.mx\/index.php\/2021\/10\/21\/si-mantiene-su-esencia-amlo-dice-que-aceptara-modificaciones-a-la-reforma-electrica\/#primaryimage"},"thumbnailUrl":"https:\/\/fuentesfidedignas.com.mx\/wp-content\/uploads\/2021\/10\/1022f996-56d7-4ffa-8f56-c65744ac4407-e1634823669294-768x432-1.jpg","articleSection":["NOTICIAS NACIONALES"],"inLanguage":"es","potentialAction":[{"@type":"CommentAction","name":"Comment","target":["https:\/\/fuentesfidedignas.com.mx\/index.php\/2021\/10\/21\/si-mantiene-su-esencia-amlo-dice-que-aceptara-modificaciones-a-la-reforma-electrica\/#respond"]}]},{"@type":"WebPage","@id":"https:\/\/fuentesfidedignas.com.mx\/index.php\/2021\/10\/21\/si-mantiene-su-esencia-amlo-dice-que-aceptara-modificaciones-a-la-reforma-electrica\/","url":"https:\/\/fuentesfidedignas.com.mx\/index.php\/2021\/10\/21\/si-mantiene-su-esencia-amlo-dice-que-aceptara-modificaciones-a-la-reforma-electrica\/","name":"Si mantiene su esencia, AMLO dice que aceptar\u00e1 modificaciones a la reforma el\u00e9ctrica - Fuentes Fidedignas","isPartOf":{"@id":"https:\/\/fuentesfidedignas.com.mx\/#website"},"primaryImageOfPage":{"@id":"https:\/\/fuentesfidedignas.com.mx\/index.php\/2021\/10\/21\/si-mantiene-su-esencia-amlo-dice-que-aceptara-modificaciones-a-la-reforma-electrica\/#primaryimage"},"image":{"@id":"https:\/\/fuentesfidedignas.com.mx\/index.php\/2021\/10\/21\/si-mantiene-su-esencia-amlo-dice-que-aceptara-modificaciones-a-la-reforma-electrica\/#primaryimage"},"thumbnailUrl":"https:\/\/fuentesfidedignas.com.mx\/wp-content\/uploads\/2021\/10\/1022f996-56d7-4ffa-8f56-c65744ac4407-e1634823669294-768x432-1.jpg","datePublished":"2021-10-21T15:58:00+00:00","breadcrumb":{"@id":"https:\/\/fuentesfidedignas.com.mx\/index.php\/2021\/10\/21\/si-mantiene-su-esencia-amlo-dice-que-aceptara-modificaciones-a-la-reforma-electrica\/#breadcrumb"},"inLanguage":"es","potentialAction":[{"@type":"ReadAction","target":["https:\/\/fuentesfidedignas.com.mx\/index.php\/2021\/10\/21\/si-mantiene-su-esencia-amlo-dice-que-aceptara-modificaciones-a-la-reforma-electrica\/"]}]},{"@type":"ImageObject","inLanguage":"es","@id":"https:\/\/fuentesfidedignas.com.mx\/index.php\/2021\/10\/21\/si-mantiene-su-esencia-amlo-dice-que-aceptara-modificaciones-a-la-reforma-electrica\/#primaryimage","url":"https:\/\/fuentesfidedignas.com.mx\/wp-content\/uploads\/2021\/10\/1022f996-56d7-4ffa-8f56-c65744ac4407-e1634823669294-768x432-1.jpg","contentUrl":"https:\/\/fuentesfidedignas.com.mx\/wp-content\/uploads\/2021\/10\/1022f996-56d7-4ffa-8f56-c65744ac4407-e1634823669294-768x432-1.jpg","width":768,"height":432},{"@type":"BreadcrumbList","@id":"https:\/\/fuentesfidedignas.com.mx\/index.php\/2021\/10\/21\/si-mantiene-su-esencia-amlo-dice-que-aceptara-modificaciones-a-la-reforma-electrica\/#breadcrumb","itemListElement":[{"@type":"ListItem","position":1,"name":"Inicio","item":"https:\/\/fuentesfidedignas.com.mx\/"},{"@type":"ListItem","position":2,"name":"Si mantiene su esencia, AMLO dice que aceptar\u00e1 modificaciones a la reforma el\u00e9ctrica"}]},{"@type":"WebSite","@id":"https:\/\/fuentesfidedignas.com.mx\/#website","url":"https:\/\/fuentesfidedignas.com.mx\/","name":"Fuentes Fidedignas","description":"Otro sitio realizado con WordPress","publisher":{"@id":"https:\/\/fuentesfidedignas.com.mx\/#organization"},"potentialAction":[{"@type":"SearchAction","target":{"@type":"EntryPoint","urlTemplate":"https:\/\/fuentesfidedignas.com.mx\/?s={search_term_string}"},"query-input":{"@type":"PropertyValueSpecification","valueRequired":true,"valueName":"search_term_string"}}],"inLanguage":"es"},{"@type":"Organization","@id":"https:\/\/fuentesfidedignas.com.mx\/#organization","name":"Fuentes Fidedignas","url":"https:\/\/fuentesfidedignas.com.mx\/","logo":{"@type":"ImageObject","inLanguage":"es","@id":"https:\/\/fuentesfidedignas.com.mx\/#\/schema\/logo\/image\/","url":"https:\/\/fuentesfidedignas.com.mx\/wp-content\/uploads\/2021\/04\/logo-retina.png","contentUrl":"https:\/\/fuentesfidedignas.com.mx\/wp-content\/uploads\/2021\/04\/logo-retina.png","width":280,"height":51,"caption":"Fuentes Fidedignas"},"image":{"@id":"https:\/\/fuentesfidedignas.com.mx\/#\/schema\/logo\/image\/"},"sameAs":["https:\/\/www.facebook.com\/Fuentes-Fidedignas-368234489921644","https:\/\/x.com\/fidedignas"]},{"@type":"Person","@id":"https:\/\/fuentesfidedignas.com.mx\/#\/schema\/person\/5623d53fe2e579d825b1679734abcc44","name":"Forbes","image":{"@type":"ImageObject","inLanguage":"es","@id":"https:\/\/secure.gravatar.com\/avatar\/87ce3dd4e41e60c22a79c758614f01a6bc2469255fc936ec7b15efb9bb5cb66f?s=96&d=mm&r=g","url":"https:\/\/secure.gravatar.com\/avatar\/87ce3dd4e41e60c22a79c758614f01a6bc2469255fc936ec7b15efb9bb5cb66f?s=96&d=mm&r=g","contentUrl":"https:\/\/secure.gravatar.com\/avatar\/87ce3dd4e41e60c22a79c758614f01a6bc2469255fc936ec7b15efb9bb5cb66f?s=96&d=mm&r=g","caption":"Forbes"},"url":"https:\/\/fuentesfidedignas.com.mx\/index.php\/author\/forbes\/"}]}},"_links":{"self":[{"href":"https:\/\/fuentesfidedignas.com.mx\/index.php\/wp-json\/wp\/v2\/posts\/15528","targetHints":{"allow":["GET"]}}],"collection":[{"href":"https:\/\/fuentesfidedignas.com.mx\/index.php\/wp-json\/wp\/v2\/posts"}],"about":[{"href":"https:\/\/fuentesfidedignas.com.mx\/index.php\/wp-json\/wp\/v2\/types\/post"}],"author":[{"embeddable":true,"href":"https:\/\/fuentesfidedignas.com.mx\/index.php\/wp-json\/wp\/v2\/users\/5"}],"replies":[{"embeddable":true,"href":"https:\/\/fuentesfidedignas.com.mx\/index.php\/wp-json\/wp\/v2\/comments?post=15528"}],"version-history":[{"count":1,"href":"https:\/\/fuentesfidedignas.com.mx\/index.php\/wp-json\/wp\/v2\/posts\/15528\/revisions"}],"predecessor-version":[{"id":15530,"href":"https:\/\/fuentesfidedignas.com.mx\/index.php\/wp-json\/wp\/v2\/posts\/15528\/revisions\/15530"}],"wp:featuredmedia":[{"embeddable":true,"href":"https:\/\/fuentesfidedignas.com.mx\/index.php\/wp-json\/wp\/v2\/media\/15529"}],"wp:attachment":[{"href":"https:\/\/fuentesfidedignas.com.mx\/index.php\/wp-json\/wp\/v2\/media?parent=15528"}],"wp:term":[{"taxonomy":"category","embeddable":true,"href":"https:\/\/fuentesfidedignas.com.mx\/index.php\/wp-json\/wp\/v2\/categories?post=15528"},{"taxonomy":"post_tag","embeddable":true,"href":"https:\/\/fuentesfidedignas.com.mx\/index.php\/wp-json\/wp\/v2\/tags?post=15528"}],"curies":[{"name":"wp","href":"https:\/\/api.w.org\/{rel}","templated":true}]}}