{"id":15514,"date":"2021-10-21T04:54:00","date_gmt":"2021-10-21T11:54:00","guid":{"rendered":"https:\/\/fuentesfidedignas.com.mx\/?p=15514"},"modified":"2021-10-21T06:57:26","modified_gmt":"2021-10-21T13:57:26","slug":"joven-arranca-su-medidor-de-luz-y-se-lo-lleva-hasta-la-cfe-para-regresarlo","status":"publish","type":"post","link":"https:\/\/fuentesfidedignas.com.mx\/index.php\/2021\/10\/21\/joven-arranca-su-medidor-de-luz-y-se-lo-lleva-hasta-la-cfe-para-regresarlo\/","title":{"rendered":"Joven arranca su medidor de luz y se lo lleva hasta la CFE para regresarlo"},"content":{"rendered":"\n<p><strong>Ella no sab\u00eda que era \u201cilegal\u201d<\/strong><br><br>Joven arranca su medidor de luz y se lo lleva hasta la CFE para regresarlo, pues \u201cno sab\u00eda\u201d que existen t\u00e9cnicos especializados que se encargan de ese trabajo.<\/p>\n\n\n\n<p>A trav\u00e9s de Twitter, la usuaria @Arandhi cont\u00f3 una divertida an\u00e9cdota sobre la verg\u00fcenza que sinti\u00f3 al llegar a CFE con su medidor de luz en la mano.<\/p>\n\n\n\n<p>Resulta que, para agilizar la recolecci\u00f3n del aparato, ella se dispuso a arrancarlo de la pared.<\/p>\n\n\n\n<p>\u201cSe rieron de m\u00ed en la CFE por traer mi medidor, dicen que ellos van y lo quitan\u201d, se lee en el primer comentario del hilo en Twitter.<\/p>\n\n\n\n<p><strong>Arranc\u00f3 su medidor de luz sin saber que era \u201cilegal\u201d<\/strong><br>Arandhi Correa, como dice su nombre en Twitter, arranc\u00f3 su medidor de luz sin saber que era \u201cilegal\u201d lo que hac\u00eda.<\/p>\n\n\n\n<p>Seg\u00fan se lee en los tuits, ella us\u00f3 algunas herramientas para quitar el aparato de su casa y regresarlo a la Comisi\u00f3n Federal de Electricidad (CFE).<\/p>\n\n\n\n<p>Si bien la joven pens\u00f3 que era una actividad algo dif\u00edcil y pesada, nunca imagin\u00f3 que deb\u00eda ser realizada por un t\u00e9cnico experto.<\/p>\n\n\n\n<p>As\u00ed, llev\u00f3 el medidor de luz de \u201c1000 kilos\u201d cargando hasta las oficinas de la CFE para entregarlo.<\/p>\n\n\n\n<p>A su llegada, los encargados no hicieron m\u00e1s que re\u00edr de la haza\u00f1a de Arandhi Correa.<\/p>\n\n\n\n<figure class=\"wp-block-image size-full\"><img decoding=\"async\" width=\"300\" height=\"450\" src=\"https:\/\/fuentesfidedignas.com.mx\/wp-content\/uploads\/2021\/10\/7WUIL3YOAJFCZILY4NCG7DAHMU.webp\" alt=\"\" class=\"wp-image-15515\" srcset=\"https:\/\/fuentesfidedignas.com.mx\/wp-content\/uploads\/2021\/10\/7WUIL3YOAJFCZILY4NCG7DAHMU.webp 300w, https:\/\/fuentesfidedignas.com.mx\/wp-content\/uploads\/2021\/10\/7WUIL3YOAJFCZILY4NCG7DAHMU-200x300.webp 200w\" sizes=\"(max-width: 300px) 100vw, 300px\" \/><\/figure>\n","protected":false},"excerpt":{"rendered":"<p>Ella no sab\u00eda que era \u201cilegal\u201d Joven arranca su medidor de luz y se lo lleva hasta la CFE para regresarlo, pues \u201cno sab\u00eda\u201d que existen t\u00e9cnicos especializados que se encargan de ese trabajo. A trav\u00e9s de Twitter, la usuaria @Arandhi cont\u00f3 una divertida an\u00e9cdota sobre la verg\u00fcenza que sinti\u00f3 al llegar a CFE con [&hellip;]<\/p>\n","protected":false},"author":3,"featured_media":15516,"comment_status":"open","ping_status":"open","sticky":false,"template":"","format":"standard","meta":{"tdm_status":"","tdm_grid_status":"","footnotes":""},"categories":[40],"tags":[290,193],"class_list":{"0":"post-15514","1":"post","2":"type-post","3":"status-publish","4":"format-standard","5":"has-post-thumbnail","7":"category-las-asombrosas","8":"tag-asombrosa","9":"tag-viral"},"yoast_head":"<!-- This site is optimized with the Yoast SEO plugin v27.4 - https:\/\/yoast.com\/product\/yoast-seo-wordpress\/ -->\n<title>Joven arranca su medidor de luz y se lo lleva hasta la CFE para regresarlo - Fuentes Fidedignas<\/title>\n<meta name=\"robots\" content=\"index, follow, max-snippet:-1, max-image-preview:large, max-video-preview:-1\" \/>\n<link rel=\"canonical\" href=\"https:\/\/fuentesfidedignas.com.mx\/index.php\/2021\/10\/21\/joven-arranca-su-medidor-de-luz-y-se-lo-lleva-hasta-la-cfe-para-regresarlo\/\" \/>\n<meta property=\"og:locale\" content=\"es_MX\" \/>\n<meta property=\"og:type\" content=\"article\" \/>\n<meta property=\"og:title\" content=\"Joven arranca su medidor de luz y se lo lleva hasta la CFE para regresarlo - Fuentes Fidedignas\" \/>\n<meta property=\"og:description\" content=\"Ella no sab\u00eda que era \u201cilegal\u201d Joven arranca su medidor de luz y se lo lleva hasta la CFE para regresarlo, pues \u201cno sab\u00eda\u201d que existen t\u00e9cnicos especializados que se encargan de ese trabajo. A trav\u00e9s de Twitter, la usuaria @Arandhi cont\u00f3 una divertida an\u00e9cdota sobre la verg\u00fcenza que sinti\u00f3 al llegar a CFE con [&hellip;]\" \/>\n<meta property=\"og:url\" content=\"https:\/\/fuentesfidedignas.com.mx\/index.php\/2021\/10\/21\/joven-arranca-su-medidor-de-luz-y-se-lo-lleva-hasta-la-cfe-para-regresarlo\/\" \/>\n<meta property=\"og:site_name\" content=\"Fuentes Fidedignas\" \/>\n<meta property=\"article:publisher\" content=\"https:\/\/www.facebook.com\/Fuentes-Fidedignas-368234489921644\" \/>\n<meta property=\"article:published_time\" content=\"2021-10-21T11:54:00+00:00\" \/>\n<meta property=\"article:modified_time\" content=\"2021-10-21T13:57:26+00:00\" \/>\n<meta property=\"og:image\" content=\"https:\/\/fuentesfidedignas.com.mx\/wp-content\/uploads\/2021\/10\/AMWNTEC5WVFSZL2WPTNDL5F3DI.webp\" \/>\n\t<meta property=\"og:image:width\" content=\"440\" \/>\n\t<meta property=\"og:image:height\" content=\"248\" \/>\n\t<meta property=\"og:image:type\" content=\"image\/webp\" \/>\n<meta name=\"author\" content=\"SDP NOTICIAS\" \/>\n<meta name=\"twitter:card\" content=\"summary_large_image\" \/>\n<meta name=\"twitter:creator\" content=\"@fidedignas\" \/>\n<meta name=\"twitter:site\" content=\"@fidedignas\" \/>\n<meta name=\"twitter:label1\" content=\"Escrito por\" \/>\n\t<meta name=\"twitter:data1\" content=\"SDP NOTICIAS\" \/>\n\t<meta name=\"twitter:label2\" content=\"Tiempo de lectura\" \/>\n\t<meta name=\"twitter:data2\" content=\"2 minutos\" \/>\n<script type=\"application\/ld+json\" class=\"yoast-schema-graph\">{\"@context\":\"https:\\\/\\\/schema.org\",\"@graph\":[{\"@type\":\"Article\",\"@id\":\"https:\\\/\\\/fuentesfidedignas.com.mx\\\/index.php\\\/2021\\\/10\\\/21\\\/joven-arranca-su-medidor-de-luz-y-se-lo-lleva-hasta-la-cfe-para-regresarlo\\\/#article\",\"isPartOf\":{\"@id\":\"https:\\\/\\\/fuentesfidedignas.com.mx\\\/index.php\\\/2021\\\/10\\\/21\\\/joven-arranca-su-medidor-de-luz-y-se-lo-lleva-hasta-la-cfe-para-regresarlo\\\/\"},\"author\":{\"name\":\"SDP NOTICIAS\",\"@id\":\"https:\\\/\\\/fuentesfidedignas.com.mx\\\/#\\\/schema\\\/person\\\/b4809ba0d93f411575d361380967eb19\"},\"headline\":\"Joven arranca su medidor de luz y se lo lleva hasta la CFE para regresarlo\",\"datePublished\":\"2021-10-21T11:54:00+00:00\",\"dateModified\":\"2021-10-21T13:57:26+00:00\",\"mainEntityOfPage\":{\"@id\":\"https:\\\/\\\/fuentesfidedignas.com.mx\\\/index.php\\\/2021\\\/10\\\/21\\\/joven-arranca-su-medidor-de-luz-y-se-lo-lleva-hasta-la-cfe-para-regresarlo\\\/\"},\"wordCount\":250,\"commentCount\":0,\"publisher\":{\"@id\":\"https:\\\/\\\/fuentesfidedignas.com.mx\\\/#organization\"},\"image\":{\"@id\":\"https:\\\/\\\/fuentesfidedignas.com.mx\\\/index.php\\\/2021\\\/10\\\/21\\\/joven-arranca-su-medidor-de-luz-y-se-lo-lleva-hasta-la-cfe-para-regresarlo\\\/#primaryimage\"},\"thumbnailUrl\":\"https:\\\/\\\/fuentesfidedignas.com.mx\\\/wp-content\\\/uploads\\\/2021\\\/10\\\/AMWNTEC5WVFSZL2WPTNDL5F3DI.webp\",\"keywords\":[\"Asombrosa\",\"Viral\"],\"articleSection\":[\"LAS ASOMBROSAS\"],\"inLanguage\":\"es\",\"potentialAction\":[{\"@type\":\"CommentAction\",\"name\":\"Comment\",\"target\":[\"https:\\\/\\\/fuentesfidedignas.com.mx\\\/index.php\\\/2021\\\/10\\\/21\\\/joven-arranca-su-medidor-de-luz-y-se-lo-lleva-hasta-la-cfe-para-regresarlo\\\/#respond\"]}]},{\"@type\":\"WebPage\",\"@id\":\"https:\\\/\\\/fuentesfidedignas.com.mx\\\/index.php\\\/2021\\\/10\\\/21\\\/joven-arranca-su-medidor-de-luz-y-se-lo-lleva-hasta-la-cfe-para-regresarlo\\\/\",\"url\":\"https:\\\/\\\/fuentesfidedignas.com.mx\\\/index.php\\\/2021\\\/10\\\/21\\\/joven-arranca-su-medidor-de-luz-y-se-lo-lleva-hasta-la-cfe-para-regresarlo\\\/\",\"name\":\"Joven arranca su medidor de luz y se lo lleva hasta la CFE para regresarlo - Fuentes Fidedignas\",\"isPartOf\":{\"@id\":\"https:\\\/\\\/fuentesfidedignas.com.mx\\\/#website\"},\"primaryImageOfPage\":{\"@id\":\"https:\\\/\\\/fuentesfidedignas.com.mx\\\/index.php\\\/2021\\\/10\\\/21\\\/joven-arranca-su-medidor-de-luz-y-se-lo-lleva-hasta-la-cfe-para-regresarlo\\\/#primaryimage\"},\"image\":{\"@id\":\"https:\\\/\\\/fuentesfidedignas.com.mx\\\/index.php\\\/2021\\\/10\\\/21\\\/joven-arranca-su-medidor-de-luz-y-se-lo-lleva-hasta-la-cfe-para-regresarlo\\\/#primaryimage\"},\"thumbnailUrl\":\"https:\\\/\\\/fuentesfidedignas.com.mx\\\/wp-content\\\/uploads\\\/2021\\\/10\\\/AMWNTEC5WVFSZL2WPTNDL5F3DI.webp\",\"datePublished\":\"2021-10-21T11:54:00+00:00\",\"dateModified\":\"2021-10-21T13:57:26+00:00\",\"breadcrumb\":{\"@id\":\"https:\\\/\\\/fuentesfidedignas.com.mx\\\/index.php\\\/2021\\\/10\\\/21\\\/joven-arranca-su-medidor-de-luz-y-se-lo-lleva-hasta-la-cfe-para-regresarlo\\\/#breadcrumb\"},\"inLanguage\":\"es\",\"potentialAction\":[{\"@type\":\"ReadAction\",\"target\":[\"https:\\\/\\\/fuentesfidedignas.com.mx\\\/index.php\\\/2021\\\/10\\\/21\\\/joven-arranca-su-medidor-de-luz-y-se-lo-lleva-hasta-la-cfe-para-regresarlo\\\/\"]}]},{\"@type\":\"ImageObject\",\"inLanguage\":\"es\",\"@id\":\"https:\\\/\\\/fuentesfidedignas.com.mx\\\/index.php\\\/2021\\\/10\\\/21\\\/joven-arranca-su-medidor-de-luz-y-se-lo-lleva-hasta-la-cfe-para-regresarlo\\\/#primaryimage\",\"url\":\"https:\\\/\\\/fuentesfidedignas.com.mx\\\/wp-content\\\/uploads\\\/2021\\\/10\\\/AMWNTEC5WVFSZL2WPTNDL5F3DI.webp\",\"contentUrl\":\"https:\\\/\\\/fuentesfidedignas.com.mx\\\/wp-content\\\/uploads\\\/2021\\\/10\\\/AMWNTEC5WVFSZL2WPTNDL5F3DI.webp\",\"width\":440,\"height\":248},{\"@type\":\"BreadcrumbList\",\"@id\":\"https:\\\/\\\/fuentesfidedignas.com.mx\\\/index.php\\\/2021\\\/10\\\/21\\\/joven-arranca-su-medidor-de-luz-y-se-lo-lleva-hasta-la-cfe-para-regresarlo\\\/#breadcrumb\",\"itemListElement\":[{\"@type\":\"ListItem\",\"position\":1,\"name\":\"Inicio\",\"item\":\"https:\\\/\\\/fuentesfidedignas.com.mx\\\/\"},{\"@type\":\"ListItem\",\"position\":2,\"name\":\"Joven arranca su medidor de luz y se lo lleva hasta la CFE para regresarlo\"}]},{\"@type\":\"WebSite\",\"@id\":\"https:\\\/\\\/fuentesfidedignas.com.mx\\\/#website\",\"url\":\"https:\\\/\\\/fuentesfidedignas.com.mx\\\/\",\"name\":\"Fuentes Fidedignas\",\"description\":\"Otro sitio realizado con WordPress\",\"publisher\":{\"@id\":\"https:\\\/\\\/fuentesfidedignas.com.mx\\\/#organization\"},\"potentialAction\":[{\"@type\":\"SearchAction\",\"target\":{\"@type\":\"EntryPoint\",\"urlTemplate\":\"https:\\\/\\\/fuentesfidedignas.com.mx\\\/?s={search_term_string}\"},\"query-input\":{\"@type\":\"PropertyValueSpecification\",\"valueRequired\":true,\"valueName\":\"search_term_string\"}}],\"inLanguage\":\"es\"},{\"@type\":\"Organization\",\"@id\":\"https:\\\/\\\/fuentesfidedignas.com.mx\\\/#organization\",\"name\":\"Fuentes Fidedignas\",\"url\":\"https:\\\/\\\/fuentesfidedignas.com.mx\\\/\",\"logo\":{\"@type\":\"ImageObject\",\"inLanguage\":\"es\",\"@id\":\"https:\\\/\\\/fuentesfidedignas.com.mx\\\/#\\\/schema\\\/logo\\\/image\\\/\",\"url\":\"https:\\\/\\\/fuentesfidedignas.com.mx\\\/wp-content\\\/uploads\\\/2021\\\/04\\\/logo-retina.png\",\"contentUrl\":\"https:\\\/\\\/fuentesfidedignas.com.mx\\\/wp-content\\\/uploads\\\/2021\\\/04\\\/logo-retina.png\",\"width\":280,\"height\":51,\"caption\":\"Fuentes Fidedignas\"},\"image\":{\"@id\":\"https:\\\/\\\/fuentesfidedignas.com.mx\\\/#\\\/schema\\\/logo\\\/image\\\/\"},\"sameAs\":[\"https:\\\/\\\/www.facebook.com\\\/Fuentes-Fidedignas-368234489921644\",\"https:\\\/\\\/x.com\\\/fidedignas\"]},{\"@type\":\"Person\",\"@id\":\"https:\\\/\\\/fuentesfidedignas.com.mx\\\/#\\\/schema\\\/person\\\/b4809ba0d93f411575d361380967eb19\",\"name\":\"SDP NOTICIAS\",\"image\":{\"@type\":\"ImageObject\",\"inLanguage\":\"es\",\"@id\":\"https:\\\/\\\/secure.gravatar.com\\\/avatar\\\/b9d4b27acaa7b260053b00893cba7aad13a8ffed166b36b4a319d402c8425eaf?s=96&d=mm&r=g\",\"url\":\"https:\\\/\\\/secure.gravatar.com\\\/avatar\\\/b9d4b27acaa7b260053b00893cba7aad13a8ffed166b36b4a319d402c8425eaf?s=96&d=mm&r=g\",\"contentUrl\":\"https:\\\/\\\/secure.gravatar.com\\\/avatar\\\/b9d4b27acaa7b260053b00893cba7aad13a8ffed166b36b4a319d402c8425eaf?s=96&d=mm&r=g\",\"caption\":\"SDP NOTICIAS\"},\"url\":\"https:\\\/\\\/fuentesfidedignas.com.mx\\\/index.php\\\/author\\\/sdp-noticias\\\/\"}]}<\/script>\n<!-- \/ Yoast SEO plugin. -->","yoast_head_json":{"title":"Joven arranca su medidor de luz y se lo lleva hasta la CFE para regresarlo - Fuentes Fidedignas","robots":{"index":"index","follow":"follow","max-snippet":"max-snippet:-1","max-image-preview":"max-image-preview:large","max-video-preview":"max-video-preview:-1"},"canonical":"https:\/\/fuentesfidedignas.com.mx\/index.php\/2021\/10\/21\/joven-arranca-su-medidor-de-luz-y-se-lo-lleva-hasta-la-cfe-para-regresarlo\/","og_locale":"es_MX","og_type":"article","og_title":"Joven arranca su medidor de luz y se lo lleva hasta la CFE para regresarlo - Fuentes Fidedignas","og_description":"Ella no sab\u00eda que era \u201cilegal\u201d Joven arranca su medidor de luz y se lo lleva hasta la CFE para regresarlo, pues \u201cno sab\u00eda\u201d que existen t\u00e9cnicos especializados que se encargan de ese trabajo. A trav\u00e9s de Twitter, la usuaria @Arandhi cont\u00f3 una divertida an\u00e9cdota sobre la verg\u00fcenza que sinti\u00f3 al llegar a CFE con [&hellip;]","og_url":"https:\/\/fuentesfidedignas.com.mx\/index.php\/2021\/10\/21\/joven-arranca-su-medidor-de-luz-y-se-lo-lleva-hasta-la-cfe-para-regresarlo\/","og_site_name":"Fuentes Fidedignas","article_publisher":"https:\/\/www.facebook.com\/Fuentes-Fidedignas-368234489921644","article_published_time":"2021-10-21T11:54:00+00:00","article_modified_time":"2021-10-21T13:57:26+00:00","og_image":[{"width":440,"height":248,"url":"https:\/\/fuentesfidedignas.com.mx\/wp-content\/uploads\/2021\/10\/AMWNTEC5WVFSZL2WPTNDL5F3DI.webp","type":"image\/webp"}],"author":"SDP NOTICIAS","twitter_card":"summary_large_image","twitter_creator":"@fidedignas","twitter_site":"@fidedignas","twitter_misc":{"Escrito por":"SDP NOTICIAS","Tiempo de lectura":"2 minutos"},"schema":{"@context":"https:\/\/schema.org","@graph":[{"@type":"Article","@id":"https:\/\/fuentesfidedignas.com.mx\/index.php\/2021\/10\/21\/joven-arranca-su-medidor-de-luz-y-se-lo-lleva-hasta-la-cfe-para-regresarlo\/#article","isPartOf":{"@id":"https:\/\/fuentesfidedignas.com.mx\/index.php\/2021\/10\/21\/joven-arranca-su-medidor-de-luz-y-se-lo-lleva-hasta-la-cfe-para-regresarlo\/"},"author":{"name":"SDP NOTICIAS","@id":"https:\/\/fuentesfidedignas.com.mx\/#\/schema\/person\/b4809ba0d93f411575d361380967eb19"},"headline":"Joven arranca su medidor de luz y se lo lleva hasta la CFE para regresarlo","datePublished":"2021-10-21T11:54:00+00:00","dateModified":"2021-10-21T13:57:26+00:00","mainEntityOfPage":{"@id":"https:\/\/fuentesfidedignas.com.mx\/index.php\/2021\/10\/21\/joven-arranca-su-medidor-de-luz-y-se-lo-lleva-hasta-la-cfe-para-regresarlo\/"},"wordCount":250,"commentCount":0,"publisher":{"@id":"https:\/\/fuentesfidedignas.com.mx\/#organization"},"image":{"@id":"https:\/\/fuentesfidedignas.com.mx\/index.php\/2021\/10\/21\/joven-arranca-su-medidor-de-luz-y-se-lo-lleva-hasta-la-cfe-para-regresarlo\/#primaryimage"},"thumbnailUrl":"https:\/\/fuentesfidedignas.com.mx\/wp-content\/uploads\/2021\/10\/AMWNTEC5WVFSZL2WPTNDL5F3DI.webp","keywords":["Asombrosa","Viral"],"articleSection":["LAS ASOMBROSAS"],"inLanguage":"es","potentialAction":[{"@type":"CommentAction","name":"Comment","target":["https:\/\/fuentesfidedignas.com.mx\/index.php\/2021\/10\/21\/joven-arranca-su-medidor-de-luz-y-se-lo-lleva-hasta-la-cfe-para-regresarlo\/#respond"]}]},{"@type":"WebPage","@id":"https:\/\/fuentesfidedignas.com.mx\/index.php\/2021\/10\/21\/joven-arranca-su-medidor-de-luz-y-se-lo-lleva-hasta-la-cfe-para-regresarlo\/","url":"https:\/\/fuentesfidedignas.com.mx\/index.php\/2021\/10\/21\/joven-arranca-su-medidor-de-luz-y-se-lo-lleva-hasta-la-cfe-para-regresarlo\/","name":"Joven arranca su medidor de luz y se lo lleva hasta la CFE para regresarlo - Fuentes Fidedignas","isPartOf":{"@id":"https:\/\/fuentesfidedignas.com.mx\/#website"},"primaryImageOfPage":{"@id":"https:\/\/fuentesfidedignas.com.mx\/index.php\/2021\/10\/21\/joven-arranca-su-medidor-de-luz-y-se-lo-lleva-hasta-la-cfe-para-regresarlo\/#primaryimage"},"image":{"@id":"https:\/\/fuentesfidedignas.com.mx\/index.php\/2021\/10\/21\/joven-arranca-su-medidor-de-luz-y-se-lo-lleva-hasta-la-cfe-para-regresarlo\/#primaryimage"},"thumbnailUrl":"https:\/\/fuentesfidedignas.com.mx\/wp-content\/uploads\/2021\/10\/AMWNTEC5WVFSZL2WPTNDL5F3DI.webp","datePublished":"2021-10-21T11:54:00+00:00","dateModified":"2021-10-21T13:57:26+00:00","breadcrumb":{"@id":"https:\/\/fuentesfidedignas.com.mx\/index.php\/2021\/10\/21\/joven-arranca-su-medidor-de-luz-y-se-lo-lleva-hasta-la-cfe-para-regresarlo\/#breadcrumb"},"inLanguage":"es","potentialAction":[{"@type":"ReadAction","target":["https:\/\/fuentesfidedignas.com.mx\/index.php\/2021\/10\/21\/joven-arranca-su-medidor-de-luz-y-se-lo-lleva-hasta-la-cfe-para-regresarlo\/"]}]},{"@type":"ImageObject","inLanguage":"es","@id":"https:\/\/fuentesfidedignas.com.mx\/index.php\/2021\/10\/21\/joven-arranca-su-medidor-de-luz-y-se-lo-lleva-hasta-la-cfe-para-regresarlo\/#primaryimage","url":"https:\/\/fuentesfidedignas.com.mx\/wp-content\/uploads\/2021\/10\/AMWNTEC5WVFSZL2WPTNDL5F3DI.webp","contentUrl":"https:\/\/fuentesfidedignas.com.mx\/wp-content\/uploads\/2021\/10\/AMWNTEC5WVFSZL2WPTNDL5F3DI.webp","width":440,"height":248},{"@type":"BreadcrumbList","@id":"https:\/\/fuentesfidedignas.com.mx\/index.php\/2021\/10\/21\/joven-arranca-su-medidor-de-luz-y-se-lo-lleva-hasta-la-cfe-para-regresarlo\/#breadcrumb","itemListElement":[{"@type":"ListItem","position":1,"name":"Inicio","item":"https:\/\/fuentesfidedignas.com.mx\/"},{"@type":"ListItem","position":2,"name":"Joven arranca su medidor de luz y se lo lleva hasta la CFE para regresarlo"}]},{"@type":"WebSite","@id":"https:\/\/fuentesfidedignas.com.mx\/#website","url":"https:\/\/fuentesfidedignas.com.mx\/","name":"Fuentes Fidedignas","description":"Otro sitio realizado con WordPress","publisher":{"@id":"https:\/\/fuentesfidedignas.com.mx\/#organization"},"potentialAction":[{"@type":"SearchAction","target":{"@type":"EntryPoint","urlTemplate":"https:\/\/fuentesfidedignas.com.mx\/?s={search_term_string}"},"query-input":{"@type":"PropertyValueSpecification","valueRequired":true,"valueName":"search_term_string"}}],"inLanguage":"es"},{"@type":"Organization","@id":"https:\/\/fuentesfidedignas.com.mx\/#organization","name":"Fuentes Fidedignas","url":"https:\/\/fuentesfidedignas.com.mx\/","logo":{"@type":"ImageObject","inLanguage":"es","@id":"https:\/\/fuentesfidedignas.com.mx\/#\/schema\/logo\/image\/","url":"https:\/\/fuentesfidedignas.com.mx\/wp-content\/uploads\/2021\/04\/logo-retina.png","contentUrl":"https:\/\/fuentesfidedignas.com.mx\/wp-content\/uploads\/2021\/04\/logo-retina.png","width":280,"height":51,"caption":"Fuentes Fidedignas"},"image":{"@id":"https:\/\/fuentesfidedignas.com.mx\/#\/schema\/logo\/image\/"},"sameAs":["https:\/\/www.facebook.com\/Fuentes-Fidedignas-368234489921644","https:\/\/x.com\/fidedignas"]},{"@type":"Person","@id":"https:\/\/fuentesfidedignas.com.mx\/#\/schema\/person\/b4809ba0d93f411575d361380967eb19","name":"SDP NOTICIAS","image":{"@type":"ImageObject","inLanguage":"es","@id":"https:\/\/secure.gravatar.com\/avatar\/b9d4b27acaa7b260053b00893cba7aad13a8ffed166b36b4a319d402c8425eaf?s=96&d=mm&r=g","url":"https:\/\/secure.gravatar.com\/avatar\/b9d4b27acaa7b260053b00893cba7aad13a8ffed166b36b4a319d402c8425eaf?s=96&d=mm&r=g","contentUrl":"https:\/\/secure.gravatar.com\/avatar\/b9d4b27acaa7b260053b00893cba7aad13a8ffed166b36b4a319d402c8425eaf?s=96&d=mm&r=g","caption":"SDP NOTICIAS"},"url":"https:\/\/fuentesfidedignas.com.mx\/index.php\/author\/sdp-noticias\/"}]}},"_links":{"self":[{"href":"https:\/\/fuentesfidedignas.com.mx\/index.php\/wp-json\/wp\/v2\/posts\/15514","targetHints":{"allow":["GET"]}}],"collection":[{"href":"https:\/\/fuentesfidedignas.com.mx\/index.php\/wp-json\/wp\/v2\/posts"}],"about":[{"href":"https:\/\/fuentesfidedignas.com.mx\/index.php\/wp-json\/wp\/v2\/types\/post"}],"author":[{"embeddable":true,"href":"https:\/\/fuentesfidedignas.com.mx\/index.php\/wp-json\/wp\/v2\/users\/3"}],"replies":[{"embeddable":true,"href":"https:\/\/fuentesfidedignas.com.mx\/index.php\/wp-json\/wp\/v2\/comments?post=15514"}],"version-history":[{"count":1,"href":"https:\/\/fuentesfidedignas.com.mx\/index.php\/wp-json\/wp\/v2\/posts\/15514\/revisions"}],"predecessor-version":[{"id":15517,"href":"https:\/\/fuentesfidedignas.com.mx\/index.php\/wp-json\/wp\/v2\/posts\/15514\/revisions\/15517"}],"wp:featuredmedia":[{"embeddable":true,"href":"https:\/\/fuentesfidedignas.com.mx\/index.php\/wp-json\/wp\/v2\/media\/15516"}],"wp:attachment":[{"href":"https:\/\/fuentesfidedignas.com.mx\/index.php\/wp-json\/wp\/v2\/media?parent=15514"}],"wp:term":[{"taxonomy":"category","embeddable":true,"href":"https:\/\/fuentesfidedignas.com.mx\/index.php\/wp-json\/wp\/v2\/categories?post=15514"},{"taxonomy":"post_tag","embeddable":true,"href":"https:\/\/fuentesfidedignas.com.mx\/index.php\/wp-json\/wp\/v2\/tags?post=15514"}],"curies":[{"name":"wp","href":"https:\/\/api.w.org\/{rel}","templated":true}]}}