{"id":15456,"date":"2021-10-20T12:09:47","date_gmt":"2021-10-20T19:09:47","guid":{"rendered":"https:\/\/fuentesfidedignas.com.mx\/?p=15456"},"modified":"2021-10-20T12:09:49","modified_gmt":"2021-10-20T19:09:49","slug":"mayor-impulso-al-desarrollo-economico-de-ahome-gerardo-vargas-2","status":"publish","type":"post","link":"https:\/\/fuentesfidedignas.com.mx\/index.php\/2021\/10\/20\/mayor-impulso-al-desarrollo-economico-de-ahome-gerardo-vargas-2\/","title":{"rendered":"Mayor impulso al desarrollo econ\u00f3mico de Ahome: Gerardo Vargas"},"content":{"rendered":"\n<p><strong><em>Afirma que ser\u00e1 gestor de los proyectos econ\u00f3micos y sociales que detonen la econom\u00eda del municipio<\/em><\/strong><\/p>\n\n\n\n<p>Ahome, Sin.- En el marco de una reuni\u00f3n que sostuvo con el Consejo para el Desarrollo Econ\u00f3mico de Sinaloa, Zona Norte, Gerardo Vargas Landeros, presidente municipal electo destac\u00f3 que ser\u00e1 gestor permanente de los proyectos econ\u00f3micos y sociales que permitan detonar la econom\u00eda del municipio de Ahome\u00a0 y Norte del Estado.<\/p>\n\n\n\n<p>&nbsp;\u201cLo he dicho de manera p\u00fablica, siempre apoyar\u00e9 este tipo de proyectos que me expuso CODESIN, tales como la planta de Fertilizantes, la carretera Topolobampo-Ojinaga, porque estoy comprometido para que se cristalicen\u201d, precis\u00f3.<\/p>\n\n\n\n<p>Asimismo, Gerardo Vargas Landeros, afirm\u00f3 que CODESIN realiza una gran labor, por ser el organismo que une al gobierno con el sector empresarial, \u201cMi reconocimiento a los empresarios, porque aportan su tiempo, experiencia y calidad moral, para que en forma conjunta los gobiernos estatal, federal y municipal realicen proyectos que permitan elevar la calidad de vida de los ciudadanos\u201d.<\/p>\n\n\n\n<p>\u201cNo tengo la menor duda de que estos proyectos le cambiar\u00e1n el rostro al municipio, as\u00ed como tambi\u00e9n la planta de fertilizantes de Topolobampo ser\u00e1 un detonante para la econom\u00eda de nuestro Estado\u201d, asever\u00f3 el alcalde electo.<\/p>\n\n\n\n<p>Por su parte, el presidente de CODESIN zona norte, Rolando Mend\u00edvil Rasc\u00f3n, explic\u00f3 a detalles los proyectos que se esperan cristalizar para la zona norte del Estado,&nbsp; \u201cEn lo que corresponde Ahome, El Fuerte y Choix, son detonadores de la econom\u00eda, como la Industrializaci\u00f3n de Topolobampo\u201d.<\/p>\n\n\n\n<p>Extern\u00f3 que conf\u00eda plenamente en el gobierno que encabezar\u00e1 Gerardo Vargas Landeros, a partir del 1 de noviembre, \u201cLas condiciones nunca hab\u00edan sido mejores,&nbsp; hay disposici\u00f3n e inter\u00e9s tanto del gobierno que presidir\u00e1 Gerardo Varas, como el Doctor Rub\u00e9n Rocha Moya en el estado\u201d.<\/p>\n","protected":false},"excerpt":{"rendered":"<p>Afirma que ser\u00e1 gestor de los proyectos econ\u00f3micos y sociales que detonen la econom\u00eda del municipio Ahome, Sin.- En el marco de una reuni\u00f3n que sostuvo con el Consejo para el Desarrollo Econ\u00f3mico de Sinaloa, Zona Norte, Gerardo Vargas Landeros, presidente municipal electo destac\u00f3 que ser\u00e1 gestor permanente de los proyectos econ\u00f3micos y sociales que [&hellip;]<\/p>\n","protected":false},"author":4,"featured_media":15457,"comment_status":"open","ping_status":"open","sticky":false,"template":"","format":"standard","meta":{"tdm_status":"","tdm_grid_status":"","footnotes":""},"categories":[37],"tags":[278,1715,1654],"class_list":{"0":"post-15456","1":"post","2":"type-post","3":"status-publish","4":"format-standard","5":"has-post-thumbnail","7":"category-nota-principal","8":"tag-ahome","9":"tag-ayuntamiento-de-ahome","10":"tag-gerardo-vargas-landeros"},"yoast_head":"<!-- This site is optimized with the Yoast SEO plugin v27.5 - https:\/\/yoast.com\/product\/yoast-seo-wordpress\/ -->\n<title>Mayor impulso al desarrollo econ\u00f3mico de Ahome: Gerardo Vargas - Fuentes Fidedignas<\/title>\n<meta name=\"robots\" content=\"index, follow, max-snippet:-1, max-image-preview:large, max-video-preview:-1\" \/>\n<link rel=\"canonical\" href=\"https:\/\/fuentesfidedignas.com.mx\/index.php\/2021\/10\/20\/mayor-impulso-al-desarrollo-economico-de-ahome-gerardo-vargas-2\/\" \/>\n<meta property=\"og:locale\" content=\"es_MX\" \/>\n<meta property=\"og:type\" content=\"article\" \/>\n<meta property=\"og:title\" content=\"Mayor impulso al desarrollo econ\u00f3mico de Ahome: Gerardo Vargas - Fuentes Fidedignas\" \/>\n<meta property=\"og:description\" content=\"Afirma que ser\u00e1 gestor de los proyectos econ\u00f3micos y sociales que detonen la econom\u00eda del municipio Ahome, Sin.- En el marco de una reuni\u00f3n que sostuvo con el Consejo para el Desarrollo Econ\u00f3mico de Sinaloa, Zona Norte, Gerardo Vargas Landeros, presidente municipal electo destac\u00f3 que ser\u00e1 gestor permanente de los proyectos econ\u00f3micos y sociales que [&hellip;]\" \/>\n<meta property=\"og:url\" content=\"https:\/\/fuentesfidedignas.com.mx\/index.php\/2021\/10\/20\/mayor-impulso-al-desarrollo-economico-de-ahome-gerardo-vargas-2\/\" \/>\n<meta property=\"og:site_name\" content=\"Fuentes Fidedignas\" \/>\n<meta property=\"article:publisher\" content=\"https:\/\/www.facebook.com\/Fuentes-Fidedignas-368234489921644\" \/>\n<meta property=\"article:published_time\" content=\"2021-10-20T19:09:47+00:00\" \/>\n<meta property=\"article:modified_time\" content=\"2021-10-20T19:09:49+00:00\" \/>\n<meta property=\"og:image\" content=\"https:\/\/fuentesfidedignas.com.mx\/wp-content\/uploads\/2021\/10\/IMG-20211020-WA0000.jpg\" \/>\n\t<meta property=\"og:image:width\" content=\"1213\" \/>\n\t<meta property=\"og:image:height\" content=\"844\" \/>\n\t<meta property=\"og:image:type\" content=\"image\/jpeg\" \/>\n<meta name=\"author\" content=\"Redacci\u00f3n\" \/>\n<meta name=\"twitter:card\" content=\"summary_large_image\" \/>\n<meta name=\"twitter:creator\" content=\"@fidedignas\" \/>\n<meta name=\"twitter:site\" content=\"@fidedignas\" \/>\n<meta name=\"twitter:label1\" content=\"Escrito por\" \/>\n\t<meta name=\"twitter:data1\" content=\"Redacci\u00f3n\" \/>\n\t<meta name=\"twitter:label2\" content=\"Tiempo de lectura\" \/>\n\t<meta name=\"twitter:data2\" content=\"2 minutos\" \/>\n<script type=\"application\/ld+json\" class=\"yoast-schema-graph\">{\"@context\":\"https:\\\/\\\/schema.org\",\"@graph\":[{\"@type\":\"Article\",\"@id\":\"https:\\\/\\\/fuentesfidedignas.com.mx\\\/index.php\\\/2021\\\/10\\\/20\\\/mayor-impulso-al-desarrollo-economico-de-ahome-gerardo-vargas-2\\\/#article\",\"isPartOf\":{\"@id\":\"https:\\\/\\\/fuentesfidedignas.com.mx\\\/index.php\\\/2021\\\/10\\\/20\\\/mayor-impulso-al-desarrollo-economico-de-ahome-gerardo-vargas-2\\\/\"},\"author\":{\"name\":\"Redacci\u00f3n\",\"@id\":\"https:\\\/\\\/fuentesfidedignas.com.mx\\\/#\\\/schema\\\/person\\\/331be9283d37198e2acd5750279085b0\"},\"headline\":\"Mayor impulso al desarrollo econ\u00f3mico de Ahome: Gerardo Vargas\",\"datePublished\":\"2021-10-20T19:09:47+00:00\",\"dateModified\":\"2021-10-20T19:09:49+00:00\",\"mainEntityOfPage\":{\"@id\":\"https:\\\/\\\/fuentesfidedignas.com.mx\\\/index.php\\\/2021\\\/10\\\/20\\\/mayor-impulso-al-desarrollo-economico-de-ahome-gerardo-vargas-2\\\/\"},\"wordCount\":318,\"commentCount\":0,\"publisher\":{\"@id\":\"https:\\\/\\\/fuentesfidedignas.com.mx\\\/#organization\"},\"image\":{\"@id\":\"https:\\\/\\\/fuentesfidedignas.com.mx\\\/index.php\\\/2021\\\/10\\\/20\\\/mayor-impulso-al-desarrollo-economico-de-ahome-gerardo-vargas-2\\\/#primaryimage\"},\"thumbnailUrl\":\"https:\\\/\\\/fuentesfidedignas.com.mx\\\/wp-content\\\/uploads\\\/2021\\\/10\\\/IMG-20211020-WA0000.jpg\",\"keywords\":[\"Ahome\",\"Ayuntamiento de Ahome\",\"Gerardo Vargas Landeros\"],\"articleSection\":[\"NOTA PRINCIPAL\"],\"inLanguage\":\"es\",\"potentialAction\":[{\"@type\":\"CommentAction\",\"name\":\"Comment\",\"target\":[\"https:\\\/\\\/fuentesfidedignas.com.mx\\\/index.php\\\/2021\\\/10\\\/20\\\/mayor-impulso-al-desarrollo-economico-de-ahome-gerardo-vargas-2\\\/#respond\"]}]},{\"@type\":\"WebPage\",\"@id\":\"https:\\\/\\\/fuentesfidedignas.com.mx\\\/index.php\\\/2021\\\/10\\\/20\\\/mayor-impulso-al-desarrollo-economico-de-ahome-gerardo-vargas-2\\\/\",\"url\":\"https:\\\/\\\/fuentesfidedignas.com.mx\\\/index.php\\\/2021\\\/10\\\/20\\\/mayor-impulso-al-desarrollo-economico-de-ahome-gerardo-vargas-2\\\/\",\"name\":\"Mayor impulso al desarrollo econ\u00f3mico de Ahome: Gerardo Vargas - Fuentes Fidedignas\",\"isPartOf\":{\"@id\":\"https:\\\/\\\/fuentesfidedignas.com.mx\\\/#website\"},\"primaryImageOfPage\":{\"@id\":\"https:\\\/\\\/fuentesfidedignas.com.mx\\\/index.php\\\/2021\\\/10\\\/20\\\/mayor-impulso-al-desarrollo-economico-de-ahome-gerardo-vargas-2\\\/#primaryimage\"},\"image\":{\"@id\":\"https:\\\/\\\/fuentesfidedignas.com.mx\\\/index.php\\\/2021\\\/10\\\/20\\\/mayor-impulso-al-desarrollo-economico-de-ahome-gerardo-vargas-2\\\/#primaryimage\"},\"thumbnailUrl\":\"https:\\\/\\\/fuentesfidedignas.com.mx\\\/wp-content\\\/uploads\\\/2021\\\/10\\\/IMG-20211020-WA0000.jpg\",\"datePublished\":\"2021-10-20T19:09:47+00:00\",\"dateModified\":\"2021-10-20T19:09:49+00:00\",\"breadcrumb\":{\"@id\":\"https:\\\/\\\/fuentesfidedignas.com.mx\\\/index.php\\\/2021\\\/10\\\/20\\\/mayor-impulso-al-desarrollo-economico-de-ahome-gerardo-vargas-2\\\/#breadcrumb\"},\"inLanguage\":\"es\",\"potentialAction\":[{\"@type\":\"ReadAction\",\"target\":[\"https:\\\/\\\/fuentesfidedignas.com.mx\\\/index.php\\\/2021\\\/10\\\/20\\\/mayor-impulso-al-desarrollo-economico-de-ahome-gerardo-vargas-2\\\/\"]}]},{\"@type\":\"ImageObject\",\"inLanguage\":\"es\",\"@id\":\"https:\\\/\\\/fuentesfidedignas.com.mx\\\/index.php\\\/2021\\\/10\\\/20\\\/mayor-impulso-al-desarrollo-economico-de-ahome-gerardo-vargas-2\\\/#primaryimage\",\"url\":\"https:\\\/\\\/fuentesfidedignas.com.mx\\\/wp-content\\\/uploads\\\/2021\\\/10\\\/IMG-20211020-WA0000.jpg\",\"contentUrl\":\"https:\\\/\\\/fuentesfidedignas.com.mx\\\/wp-content\\\/uploads\\\/2021\\\/10\\\/IMG-20211020-WA0000.jpg\",\"width\":1213,\"height\":844},{\"@type\":\"BreadcrumbList\",\"@id\":\"https:\\\/\\\/fuentesfidedignas.com.mx\\\/index.php\\\/2021\\\/10\\\/20\\\/mayor-impulso-al-desarrollo-economico-de-ahome-gerardo-vargas-2\\\/#breadcrumb\",\"itemListElement\":[{\"@type\":\"ListItem\",\"position\":1,\"name\":\"Inicio\",\"item\":\"https:\\\/\\\/fuentesfidedignas.com.mx\\\/\"},{\"@type\":\"ListItem\",\"position\":2,\"name\":\"Mayor impulso al desarrollo econ\u00f3mico de Ahome: Gerardo Vargas\"}]},{\"@type\":\"WebSite\",\"@id\":\"https:\\\/\\\/fuentesfidedignas.com.mx\\\/#website\",\"url\":\"https:\\\/\\\/fuentesfidedignas.com.mx\\\/\",\"name\":\"Fuentes Fidedignas\",\"description\":\"Otro sitio realizado con WordPress\",\"publisher\":{\"@id\":\"https:\\\/\\\/fuentesfidedignas.com.mx\\\/#organization\"},\"potentialAction\":[{\"@type\":\"SearchAction\",\"target\":{\"@type\":\"EntryPoint\",\"urlTemplate\":\"https:\\\/\\\/fuentesfidedignas.com.mx\\\/?s={search_term_string}\"},\"query-input\":{\"@type\":\"PropertyValueSpecification\",\"valueRequired\":true,\"valueName\":\"search_term_string\"}}],\"inLanguage\":\"es\"},{\"@type\":\"Organization\",\"@id\":\"https:\\\/\\\/fuentesfidedignas.com.mx\\\/#organization\",\"name\":\"Fuentes Fidedignas\",\"url\":\"https:\\\/\\\/fuentesfidedignas.com.mx\\\/\",\"logo\":{\"@type\":\"ImageObject\",\"inLanguage\":\"es\",\"@id\":\"https:\\\/\\\/fuentesfidedignas.com.mx\\\/#\\\/schema\\\/logo\\\/image\\\/\",\"url\":\"https:\\\/\\\/fuentesfidedignas.com.mx\\\/wp-content\\\/uploads\\\/2021\\\/04\\\/logo-retina.png\",\"contentUrl\":\"https:\\\/\\\/fuentesfidedignas.com.mx\\\/wp-content\\\/uploads\\\/2021\\\/04\\\/logo-retina.png\",\"width\":280,\"height\":51,\"caption\":\"Fuentes Fidedignas\"},\"image\":{\"@id\":\"https:\\\/\\\/fuentesfidedignas.com.mx\\\/#\\\/schema\\\/logo\\\/image\\\/\"},\"sameAs\":[\"https:\\\/\\\/www.facebook.com\\\/Fuentes-Fidedignas-368234489921644\",\"https:\\\/\\\/x.com\\\/fidedignas\"]},{\"@type\":\"Person\",\"@id\":\"https:\\\/\\\/fuentesfidedignas.com.mx\\\/#\\\/schema\\\/person\\\/331be9283d37198e2acd5750279085b0\",\"name\":\"Redacci\u00f3n\",\"image\":{\"@type\":\"ImageObject\",\"inLanguage\":\"es\",\"@id\":\"https:\\\/\\\/secure.gravatar.com\\\/avatar\\\/f6d8782c11d12b2d4ad3fbb6931aeab5309937a4d6cd2fc9cfaa28a6396a5aec?s=96&d=mm&r=g\",\"url\":\"https:\\\/\\\/secure.gravatar.com\\\/avatar\\\/f6d8782c11d12b2d4ad3fbb6931aeab5309937a4d6cd2fc9cfaa28a6396a5aec?s=96&d=mm&r=g\",\"contentUrl\":\"https:\\\/\\\/secure.gravatar.com\\\/avatar\\\/f6d8782c11d12b2d4ad3fbb6931aeab5309937a4d6cd2fc9cfaa28a6396a5aec?s=96&d=mm&r=g\",\"caption\":\"Redacci\u00f3n\"},\"url\":\"https:\\\/\\\/fuentesfidedignas.com.mx\\\/index.php\\\/author\\\/redaccion\\\/\"}]}<\/script>\n<!-- \/ Yoast SEO plugin. -->","yoast_head_json":{"title":"Mayor impulso al desarrollo econ\u00f3mico de Ahome: Gerardo Vargas - Fuentes Fidedignas","robots":{"index":"index","follow":"follow","max-snippet":"max-snippet:-1","max-image-preview":"max-image-preview:large","max-video-preview":"max-video-preview:-1"},"canonical":"https:\/\/fuentesfidedignas.com.mx\/index.php\/2021\/10\/20\/mayor-impulso-al-desarrollo-economico-de-ahome-gerardo-vargas-2\/","og_locale":"es_MX","og_type":"article","og_title":"Mayor impulso al desarrollo econ\u00f3mico de Ahome: Gerardo Vargas - Fuentes Fidedignas","og_description":"Afirma que ser\u00e1 gestor de los proyectos econ\u00f3micos y sociales que detonen la econom\u00eda del municipio Ahome, Sin.- En el marco de una reuni\u00f3n que sostuvo con el Consejo para el Desarrollo Econ\u00f3mico de Sinaloa, Zona Norte, Gerardo Vargas Landeros, presidente municipal electo destac\u00f3 que ser\u00e1 gestor permanente de los proyectos econ\u00f3micos y sociales que [&hellip;]","og_url":"https:\/\/fuentesfidedignas.com.mx\/index.php\/2021\/10\/20\/mayor-impulso-al-desarrollo-economico-de-ahome-gerardo-vargas-2\/","og_site_name":"Fuentes Fidedignas","article_publisher":"https:\/\/www.facebook.com\/Fuentes-Fidedignas-368234489921644","article_published_time":"2021-10-20T19:09:47+00:00","article_modified_time":"2021-10-20T19:09:49+00:00","og_image":[{"width":1213,"height":844,"url":"https:\/\/fuentesfidedignas.com.mx\/wp-content\/uploads\/2021\/10\/IMG-20211020-WA0000.jpg","type":"image\/jpeg"}],"author":"Redacci\u00f3n","twitter_card":"summary_large_image","twitter_creator":"@fidedignas","twitter_site":"@fidedignas","twitter_misc":{"Escrito por":"Redacci\u00f3n","Tiempo de lectura":"2 minutos"},"schema":{"@context":"https:\/\/schema.org","@graph":[{"@type":"Article","@id":"https:\/\/fuentesfidedignas.com.mx\/index.php\/2021\/10\/20\/mayor-impulso-al-desarrollo-economico-de-ahome-gerardo-vargas-2\/#article","isPartOf":{"@id":"https:\/\/fuentesfidedignas.com.mx\/index.php\/2021\/10\/20\/mayor-impulso-al-desarrollo-economico-de-ahome-gerardo-vargas-2\/"},"author":{"name":"Redacci\u00f3n","@id":"https:\/\/fuentesfidedignas.com.mx\/#\/schema\/person\/331be9283d37198e2acd5750279085b0"},"headline":"Mayor impulso al desarrollo econ\u00f3mico de Ahome: Gerardo Vargas","datePublished":"2021-10-20T19:09:47+00:00","dateModified":"2021-10-20T19:09:49+00:00","mainEntityOfPage":{"@id":"https:\/\/fuentesfidedignas.com.mx\/index.php\/2021\/10\/20\/mayor-impulso-al-desarrollo-economico-de-ahome-gerardo-vargas-2\/"},"wordCount":318,"commentCount":0,"publisher":{"@id":"https:\/\/fuentesfidedignas.com.mx\/#organization"},"image":{"@id":"https:\/\/fuentesfidedignas.com.mx\/index.php\/2021\/10\/20\/mayor-impulso-al-desarrollo-economico-de-ahome-gerardo-vargas-2\/#primaryimage"},"thumbnailUrl":"https:\/\/fuentesfidedignas.com.mx\/wp-content\/uploads\/2021\/10\/IMG-20211020-WA0000.jpg","keywords":["Ahome","Ayuntamiento de Ahome","Gerardo Vargas Landeros"],"articleSection":["NOTA PRINCIPAL"],"inLanguage":"es","potentialAction":[{"@type":"CommentAction","name":"Comment","target":["https:\/\/fuentesfidedignas.com.mx\/index.php\/2021\/10\/20\/mayor-impulso-al-desarrollo-economico-de-ahome-gerardo-vargas-2\/#respond"]}]},{"@type":"WebPage","@id":"https:\/\/fuentesfidedignas.com.mx\/index.php\/2021\/10\/20\/mayor-impulso-al-desarrollo-economico-de-ahome-gerardo-vargas-2\/","url":"https:\/\/fuentesfidedignas.com.mx\/index.php\/2021\/10\/20\/mayor-impulso-al-desarrollo-economico-de-ahome-gerardo-vargas-2\/","name":"Mayor impulso al desarrollo econ\u00f3mico de Ahome: Gerardo Vargas - Fuentes Fidedignas","isPartOf":{"@id":"https:\/\/fuentesfidedignas.com.mx\/#website"},"primaryImageOfPage":{"@id":"https:\/\/fuentesfidedignas.com.mx\/index.php\/2021\/10\/20\/mayor-impulso-al-desarrollo-economico-de-ahome-gerardo-vargas-2\/#primaryimage"},"image":{"@id":"https:\/\/fuentesfidedignas.com.mx\/index.php\/2021\/10\/20\/mayor-impulso-al-desarrollo-economico-de-ahome-gerardo-vargas-2\/#primaryimage"},"thumbnailUrl":"https:\/\/fuentesfidedignas.com.mx\/wp-content\/uploads\/2021\/10\/IMG-20211020-WA0000.jpg","datePublished":"2021-10-20T19:09:47+00:00","dateModified":"2021-10-20T19:09:49+00:00","breadcrumb":{"@id":"https:\/\/fuentesfidedignas.com.mx\/index.php\/2021\/10\/20\/mayor-impulso-al-desarrollo-economico-de-ahome-gerardo-vargas-2\/#breadcrumb"},"inLanguage":"es","potentialAction":[{"@type":"ReadAction","target":["https:\/\/fuentesfidedignas.com.mx\/index.php\/2021\/10\/20\/mayor-impulso-al-desarrollo-economico-de-ahome-gerardo-vargas-2\/"]}]},{"@type":"ImageObject","inLanguage":"es","@id":"https:\/\/fuentesfidedignas.com.mx\/index.php\/2021\/10\/20\/mayor-impulso-al-desarrollo-economico-de-ahome-gerardo-vargas-2\/#primaryimage","url":"https:\/\/fuentesfidedignas.com.mx\/wp-content\/uploads\/2021\/10\/IMG-20211020-WA0000.jpg","contentUrl":"https:\/\/fuentesfidedignas.com.mx\/wp-content\/uploads\/2021\/10\/IMG-20211020-WA0000.jpg","width":1213,"height":844},{"@type":"BreadcrumbList","@id":"https:\/\/fuentesfidedignas.com.mx\/index.php\/2021\/10\/20\/mayor-impulso-al-desarrollo-economico-de-ahome-gerardo-vargas-2\/#breadcrumb","itemListElement":[{"@type":"ListItem","position":1,"name":"Inicio","item":"https:\/\/fuentesfidedignas.com.mx\/"},{"@type":"ListItem","position":2,"name":"Mayor impulso al desarrollo econ\u00f3mico de Ahome: Gerardo Vargas"}]},{"@type":"WebSite","@id":"https:\/\/fuentesfidedignas.com.mx\/#website","url":"https:\/\/fuentesfidedignas.com.mx\/","name":"Fuentes Fidedignas","description":"Otro sitio realizado con WordPress","publisher":{"@id":"https:\/\/fuentesfidedignas.com.mx\/#organization"},"potentialAction":[{"@type":"SearchAction","target":{"@type":"EntryPoint","urlTemplate":"https:\/\/fuentesfidedignas.com.mx\/?s={search_term_string}"},"query-input":{"@type":"PropertyValueSpecification","valueRequired":true,"valueName":"search_term_string"}}],"inLanguage":"es"},{"@type":"Organization","@id":"https:\/\/fuentesfidedignas.com.mx\/#organization","name":"Fuentes Fidedignas","url":"https:\/\/fuentesfidedignas.com.mx\/","logo":{"@type":"ImageObject","inLanguage":"es","@id":"https:\/\/fuentesfidedignas.com.mx\/#\/schema\/logo\/image\/","url":"https:\/\/fuentesfidedignas.com.mx\/wp-content\/uploads\/2021\/04\/logo-retina.png","contentUrl":"https:\/\/fuentesfidedignas.com.mx\/wp-content\/uploads\/2021\/04\/logo-retina.png","width":280,"height":51,"caption":"Fuentes Fidedignas"},"image":{"@id":"https:\/\/fuentesfidedignas.com.mx\/#\/schema\/logo\/image\/"},"sameAs":["https:\/\/www.facebook.com\/Fuentes-Fidedignas-368234489921644","https:\/\/x.com\/fidedignas"]},{"@type":"Person","@id":"https:\/\/fuentesfidedignas.com.mx\/#\/schema\/person\/331be9283d37198e2acd5750279085b0","name":"Redacci\u00f3n","image":{"@type":"ImageObject","inLanguage":"es","@id":"https:\/\/secure.gravatar.com\/avatar\/f6d8782c11d12b2d4ad3fbb6931aeab5309937a4d6cd2fc9cfaa28a6396a5aec?s=96&d=mm&r=g","url":"https:\/\/secure.gravatar.com\/avatar\/f6d8782c11d12b2d4ad3fbb6931aeab5309937a4d6cd2fc9cfaa28a6396a5aec?s=96&d=mm&r=g","contentUrl":"https:\/\/secure.gravatar.com\/avatar\/f6d8782c11d12b2d4ad3fbb6931aeab5309937a4d6cd2fc9cfaa28a6396a5aec?s=96&d=mm&r=g","caption":"Redacci\u00f3n"},"url":"https:\/\/fuentesfidedignas.com.mx\/index.php\/author\/redaccion\/"}]}},"_links":{"self":[{"href":"https:\/\/fuentesfidedignas.com.mx\/index.php\/wp-json\/wp\/v2\/posts\/15456","targetHints":{"allow":["GET"]}}],"collection":[{"href":"https:\/\/fuentesfidedignas.com.mx\/index.php\/wp-json\/wp\/v2\/posts"}],"about":[{"href":"https:\/\/fuentesfidedignas.com.mx\/index.php\/wp-json\/wp\/v2\/types\/post"}],"author":[{"embeddable":true,"href":"https:\/\/fuentesfidedignas.com.mx\/index.php\/wp-json\/wp\/v2\/users\/4"}],"replies":[{"embeddable":true,"href":"https:\/\/fuentesfidedignas.com.mx\/index.php\/wp-json\/wp\/v2\/comments?post=15456"}],"version-history":[{"count":1,"href":"https:\/\/fuentesfidedignas.com.mx\/index.php\/wp-json\/wp\/v2\/posts\/15456\/revisions"}],"predecessor-version":[{"id":15458,"href":"https:\/\/fuentesfidedignas.com.mx\/index.php\/wp-json\/wp\/v2\/posts\/15456\/revisions\/15458"}],"wp:featuredmedia":[{"embeddable":true,"href":"https:\/\/fuentesfidedignas.com.mx\/index.php\/wp-json\/wp\/v2\/media\/15457"}],"wp:attachment":[{"href":"https:\/\/fuentesfidedignas.com.mx\/index.php\/wp-json\/wp\/v2\/media?parent=15456"}],"wp:term":[{"taxonomy":"category","embeddable":true,"href":"https:\/\/fuentesfidedignas.com.mx\/index.php\/wp-json\/wp\/v2\/categories?post=15456"},{"taxonomy":"post_tag","embeddable":true,"href":"https:\/\/fuentesfidedignas.com.mx\/index.php\/wp-json\/wp\/v2\/tags?post=15456"}],"curies":[{"name":"wp","href":"https:\/\/api.w.org\/{rel}","templated":true}]}}