{"id":15361,"date":"2021-10-19T11:28:41","date_gmt":"2021-10-19T18:28:41","guid":{"rendered":"https:\/\/fuentesfidedignas.com.mx\/?p=15361"},"modified":"2021-10-19T11:28:43","modified_gmt":"2021-10-19T18:28:43","slug":"avion-con-21-personas-a-bordo-se-estrella-en-texas","status":"publish","type":"post","link":"https:\/\/fuentesfidedignas.com.mx\/index.php\/2021\/10\/19\/avion-con-21-personas-a-bordo-se-estrella-en-texas\/","title":{"rendered":"Avi\u00f3n con 21 personas a bordo se estrella en Texas"},"content":{"rendered":"\n<p><strong><em>Todos los pasajeros y la tripulaci\u00f3n fueron evacuados de manera segura<\/em><\/strong><\/p>\n\n\n\n<p>Estados Unidos. Una persona result\u00f3 levemente herida este martes al estrellarse un avi\u00f3n en Texas, EU, con veinti\u00fan personas a bordo, informaron las autoridades locales.<\/p>\n\n\n\n<p>La oficina del sheriff del condado de Waller County inform\u00f3 en su p\u00e1gina de Facebook que el aparato se precipit\u00f3 al norte de la carretera de Morton, cerca del Aeropuerto Ejecutivo de Houston.<\/p>\n\n\n\n<p>\u201cTodos los pasajeros y la tripulaci\u00f3n fueron sacados a salvo con un herido leve\u201d, precis\u00f3.<\/p>\n\n\n\n<p>Por el momento, se desconocen las causas de este suceso.<\/p>\n\n\n\n<p>Seg\u00fan im\u00e1genes a\u00e9reas del lugar del siniestro mostradas por televisiones locales, el avi\u00f3n ch\u00e1rter qued\u00f3 completamente destruido tras caer al suelo.<\/p>\n\n\n\n<p>Al lugar se han desplazado equipos de emergencia para participar en las labores del rescate y bomberos para extinguir el fuego que se declar\u00f3 en el aparato al estrellarse.<\/p>\n","protected":false},"excerpt":{"rendered":"<p>Todos los pasajeros y la tripulaci\u00f3n fueron evacuados de manera segura Estados Unidos. Una persona result\u00f3 levemente herida este martes al estrellarse un avi\u00f3n en Texas, EU, con veinti\u00fan personas a bordo, informaron las autoridades locales. La oficina del sheriff del condado de Waller County inform\u00f3 en su p\u00e1gina de Facebook que el aparato se [&hellip;]<\/p>\n","protected":false},"author":21,"featured_media":15362,"comment_status":"open","ping_status":"open","sticky":false,"template":"","format":"standard","meta":{"tdm_status":"","tdm_grid_status":"","footnotes":""},"categories":[39],"tags":[513,1219,315,931],"class_list":{"0":"post-15361","1":"post","2":"type-post","3":"status-publish","4":"format-standard","5":"has-post-thumbnail","7":"category-noticias-nacionales","8":"tag-accidente","9":"tag-avion","10":"tag-estados-unidos","11":"tag-texas"},"yoast_head":"<!-- This site is optimized with the Yoast SEO plugin v27.5 - https:\/\/yoast.com\/product\/yoast-seo-wordpress\/ -->\n<title>Avi\u00f3n con 21 personas a bordo se estrella en Texas - Fuentes Fidedignas<\/title>\n<meta name=\"robots\" content=\"index, follow, max-snippet:-1, max-image-preview:large, max-video-preview:-1\" \/>\n<link rel=\"canonical\" href=\"https:\/\/fuentesfidedignas.com.mx\/index.php\/2021\/10\/19\/avion-con-21-personas-a-bordo-se-estrella-en-texas\/\" \/>\n<meta property=\"og:locale\" content=\"es_MX\" \/>\n<meta property=\"og:type\" content=\"article\" \/>\n<meta property=\"og:title\" content=\"Avi\u00f3n con 21 personas a bordo se estrella en Texas - Fuentes Fidedignas\" \/>\n<meta property=\"og:description\" content=\"Todos los pasajeros y la tripulaci\u00f3n fueron evacuados de manera segura Estados Unidos. Una persona result\u00f3 levemente herida este martes al estrellarse un avi\u00f3n en Texas, EU, con veinti\u00fan personas a bordo, informaron las autoridades locales. La oficina del sheriff del condado de Waller County inform\u00f3 en su p\u00e1gina de Facebook que el aparato se [&hellip;]\" \/>\n<meta property=\"og:url\" content=\"https:\/\/fuentesfidedignas.com.mx\/index.php\/2021\/10\/19\/avion-con-21-personas-a-bordo-se-estrella-en-texas\/\" \/>\n<meta property=\"og:site_name\" content=\"Fuentes Fidedignas\" \/>\n<meta property=\"article:publisher\" content=\"https:\/\/www.facebook.com\/Fuentes-Fidedignas-368234489921644\" \/>\n<meta property=\"article:published_time\" content=\"2021-10-19T18:28:41+00:00\" \/>\n<meta property=\"article:modified_time\" content=\"2021-10-19T18:28:43+00:00\" \/>\n<meta property=\"og:image\" content=\"https:\/\/fuentesfidedignas.com.mx\/wp-content\/uploads\/2021\/10\/232575-texas.jpeg\" \/>\n\t<meta property=\"og:image:width\" content=\"470\" \/>\n\t<meta property=\"og:image:height\" content=\"313\" \/>\n\t<meta property=\"og:image:type\" content=\"image\/jpeg\" \/>\n<meta name=\"author\" content=\"El Financiero\" \/>\n<meta name=\"twitter:card\" content=\"summary_large_image\" \/>\n<meta name=\"twitter:creator\" content=\"@fidedignas\" \/>\n<meta name=\"twitter:site\" content=\"@fidedignas\" \/>\n<meta name=\"twitter:label1\" content=\"Escrito por\" \/>\n\t<meta name=\"twitter:data1\" content=\"El Financiero\" \/>\n\t<meta name=\"twitter:label2\" content=\"Tiempo de lectura\" \/>\n\t<meta name=\"twitter:data2\" content=\"1 minuto\" \/>\n<script type=\"application\/ld+json\" class=\"yoast-schema-graph\">{\"@context\":\"https:\\\/\\\/schema.org\",\"@graph\":[{\"@type\":\"Article\",\"@id\":\"https:\\\/\\\/fuentesfidedignas.com.mx\\\/index.php\\\/2021\\\/10\\\/19\\\/avion-con-21-personas-a-bordo-se-estrella-en-texas\\\/#article\",\"isPartOf\":{\"@id\":\"https:\\\/\\\/fuentesfidedignas.com.mx\\\/index.php\\\/2021\\\/10\\\/19\\\/avion-con-21-personas-a-bordo-se-estrella-en-texas\\\/\"},\"author\":{\"name\":\"El Financiero\",\"@id\":\"https:\\\/\\\/fuentesfidedignas.com.mx\\\/#\\\/schema\\\/person\\\/494f7e0dce8dfaaec5b64f16615b78e9\"},\"headline\":\"Avi\u00f3n con 21 personas a bordo se estrella en Texas\",\"datePublished\":\"2021-10-19T18:28:41+00:00\",\"dateModified\":\"2021-10-19T18:28:43+00:00\",\"mainEntityOfPage\":{\"@id\":\"https:\\\/\\\/fuentesfidedignas.com.mx\\\/index.php\\\/2021\\\/10\\\/19\\\/avion-con-21-personas-a-bordo-se-estrella-en-texas\\\/\"},\"wordCount\":164,\"commentCount\":0,\"publisher\":{\"@id\":\"https:\\\/\\\/fuentesfidedignas.com.mx\\\/#organization\"},\"image\":{\"@id\":\"https:\\\/\\\/fuentesfidedignas.com.mx\\\/index.php\\\/2021\\\/10\\\/19\\\/avion-con-21-personas-a-bordo-se-estrella-en-texas\\\/#primaryimage\"},\"thumbnailUrl\":\"https:\\\/\\\/fuentesfidedignas.com.mx\\\/wp-content\\\/uploads\\\/2021\\\/10\\\/232575-texas.jpeg\",\"keywords\":[\"Accidente\",\"Avi\u00f3n\",\"Estados Unidos\",\"Texas\"],\"articleSection\":[\"NOTICIAS NACIONALES\"],\"inLanguage\":\"es\",\"potentialAction\":[{\"@type\":\"CommentAction\",\"name\":\"Comment\",\"target\":[\"https:\\\/\\\/fuentesfidedignas.com.mx\\\/index.php\\\/2021\\\/10\\\/19\\\/avion-con-21-personas-a-bordo-se-estrella-en-texas\\\/#respond\"]}]},{\"@type\":\"WebPage\",\"@id\":\"https:\\\/\\\/fuentesfidedignas.com.mx\\\/index.php\\\/2021\\\/10\\\/19\\\/avion-con-21-personas-a-bordo-se-estrella-en-texas\\\/\",\"url\":\"https:\\\/\\\/fuentesfidedignas.com.mx\\\/index.php\\\/2021\\\/10\\\/19\\\/avion-con-21-personas-a-bordo-se-estrella-en-texas\\\/\",\"name\":\"Avi\u00f3n con 21 personas a bordo se estrella en Texas - Fuentes Fidedignas\",\"isPartOf\":{\"@id\":\"https:\\\/\\\/fuentesfidedignas.com.mx\\\/#website\"},\"primaryImageOfPage\":{\"@id\":\"https:\\\/\\\/fuentesfidedignas.com.mx\\\/index.php\\\/2021\\\/10\\\/19\\\/avion-con-21-personas-a-bordo-se-estrella-en-texas\\\/#primaryimage\"},\"image\":{\"@id\":\"https:\\\/\\\/fuentesfidedignas.com.mx\\\/index.php\\\/2021\\\/10\\\/19\\\/avion-con-21-personas-a-bordo-se-estrella-en-texas\\\/#primaryimage\"},\"thumbnailUrl\":\"https:\\\/\\\/fuentesfidedignas.com.mx\\\/wp-content\\\/uploads\\\/2021\\\/10\\\/232575-texas.jpeg\",\"datePublished\":\"2021-10-19T18:28:41+00:00\",\"dateModified\":\"2021-10-19T18:28:43+00:00\",\"breadcrumb\":{\"@id\":\"https:\\\/\\\/fuentesfidedignas.com.mx\\\/index.php\\\/2021\\\/10\\\/19\\\/avion-con-21-personas-a-bordo-se-estrella-en-texas\\\/#breadcrumb\"},\"inLanguage\":\"es\",\"potentialAction\":[{\"@type\":\"ReadAction\",\"target\":[\"https:\\\/\\\/fuentesfidedignas.com.mx\\\/index.php\\\/2021\\\/10\\\/19\\\/avion-con-21-personas-a-bordo-se-estrella-en-texas\\\/\"]}]},{\"@type\":\"ImageObject\",\"inLanguage\":\"es\",\"@id\":\"https:\\\/\\\/fuentesfidedignas.com.mx\\\/index.php\\\/2021\\\/10\\\/19\\\/avion-con-21-personas-a-bordo-se-estrella-en-texas\\\/#primaryimage\",\"url\":\"https:\\\/\\\/fuentesfidedignas.com.mx\\\/wp-content\\\/uploads\\\/2021\\\/10\\\/232575-texas.jpeg\",\"contentUrl\":\"https:\\\/\\\/fuentesfidedignas.com.mx\\\/wp-content\\\/uploads\\\/2021\\\/10\\\/232575-texas.jpeg\",\"width\":470,\"height\":313},{\"@type\":\"BreadcrumbList\",\"@id\":\"https:\\\/\\\/fuentesfidedignas.com.mx\\\/index.php\\\/2021\\\/10\\\/19\\\/avion-con-21-personas-a-bordo-se-estrella-en-texas\\\/#breadcrumb\",\"itemListElement\":[{\"@type\":\"ListItem\",\"position\":1,\"name\":\"Inicio\",\"item\":\"https:\\\/\\\/fuentesfidedignas.com.mx\\\/\"},{\"@type\":\"ListItem\",\"position\":2,\"name\":\"Avi\u00f3n con 21 personas a bordo se estrella en Texas\"}]},{\"@type\":\"WebSite\",\"@id\":\"https:\\\/\\\/fuentesfidedignas.com.mx\\\/#website\",\"url\":\"https:\\\/\\\/fuentesfidedignas.com.mx\\\/\",\"name\":\"Fuentes Fidedignas\",\"description\":\"Otro sitio realizado con WordPress\",\"publisher\":{\"@id\":\"https:\\\/\\\/fuentesfidedignas.com.mx\\\/#organization\"},\"potentialAction\":[{\"@type\":\"SearchAction\",\"target\":{\"@type\":\"EntryPoint\",\"urlTemplate\":\"https:\\\/\\\/fuentesfidedignas.com.mx\\\/?s={search_term_string}\"},\"query-input\":{\"@type\":\"PropertyValueSpecification\",\"valueRequired\":true,\"valueName\":\"search_term_string\"}}],\"inLanguage\":\"es\"},{\"@type\":\"Organization\",\"@id\":\"https:\\\/\\\/fuentesfidedignas.com.mx\\\/#organization\",\"name\":\"Fuentes Fidedignas\",\"url\":\"https:\\\/\\\/fuentesfidedignas.com.mx\\\/\",\"logo\":{\"@type\":\"ImageObject\",\"inLanguage\":\"es\",\"@id\":\"https:\\\/\\\/fuentesfidedignas.com.mx\\\/#\\\/schema\\\/logo\\\/image\\\/\",\"url\":\"https:\\\/\\\/fuentesfidedignas.com.mx\\\/wp-content\\\/uploads\\\/2021\\\/04\\\/logo-retina.png\",\"contentUrl\":\"https:\\\/\\\/fuentesfidedignas.com.mx\\\/wp-content\\\/uploads\\\/2021\\\/04\\\/logo-retina.png\",\"width\":280,\"height\":51,\"caption\":\"Fuentes Fidedignas\"},\"image\":{\"@id\":\"https:\\\/\\\/fuentesfidedignas.com.mx\\\/#\\\/schema\\\/logo\\\/image\\\/\"},\"sameAs\":[\"https:\\\/\\\/www.facebook.com\\\/Fuentes-Fidedignas-368234489921644\",\"https:\\\/\\\/x.com\\\/fidedignas\"]},{\"@type\":\"Person\",\"@id\":\"https:\\\/\\\/fuentesfidedignas.com.mx\\\/#\\\/schema\\\/person\\\/494f7e0dce8dfaaec5b64f16615b78e9\",\"name\":\"El Financiero\",\"image\":{\"@type\":\"ImageObject\",\"inLanguage\":\"es\",\"@id\":\"https:\\\/\\\/secure.gravatar.com\\\/avatar\\\/88c0f3f2079389318ef8dd35c22cb997212aa89646e357ba59b318db26ed91a9?s=96&d=mm&r=g\",\"url\":\"https:\\\/\\\/secure.gravatar.com\\\/avatar\\\/88c0f3f2079389318ef8dd35c22cb997212aa89646e357ba59b318db26ed91a9?s=96&d=mm&r=g\",\"contentUrl\":\"https:\\\/\\\/secure.gravatar.com\\\/avatar\\\/88c0f3f2079389318ef8dd35c22cb997212aa89646e357ba59b318db26ed91a9?s=96&d=mm&r=g\",\"caption\":\"El Financiero\"},\"url\":\"https:\\\/\\\/fuentesfidedignas.com.mx\\\/index.php\\\/author\\\/financiero\\\/\"}]}<\/script>\n<!-- \/ Yoast SEO plugin. -->","yoast_head_json":{"title":"Avi\u00f3n con 21 personas a bordo se estrella en Texas - Fuentes Fidedignas","robots":{"index":"index","follow":"follow","max-snippet":"max-snippet:-1","max-image-preview":"max-image-preview:large","max-video-preview":"max-video-preview:-1"},"canonical":"https:\/\/fuentesfidedignas.com.mx\/index.php\/2021\/10\/19\/avion-con-21-personas-a-bordo-se-estrella-en-texas\/","og_locale":"es_MX","og_type":"article","og_title":"Avi\u00f3n con 21 personas a bordo se estrella en Texas - Fuentes Fidedignas","og_description":"Todos los pasajeros y la tripulaci\u00f3n fueron evacuados de manera segura Estados Unidos. Una persona result\u00f3 levemente herida este martes al estrellarse un avi\u00f3n en Texas, EU, con veinti\u00fan personas a bordo, informaron las autoridades locales. La oficina del sheriff del condado de Waller County inform\u00f3 en su p\u00e1gina de Facebook que el aparato se [&hellip;]","og_url":"https:\/\/fuentesfidedignas.com.mx\/index.php\/2021\/10\/19\/avion-con-21-personas-a-bordo-se-estrella-en-texas\/","og_site_name":"Fuentes Fidedignas","article_publisher":"https:\/\/www.facebook.com\/Fuentes-Fidedignas-368234489921644","article_published_time":"2021-10-19T18:28:41+00:00","article_modified_time":"2021-10-19T18:28:43+00:00","og_image":[{"width":470,"height":313,"url":"https:\/\/fuentesfidedignas.com.mx\/wp-content\/uploads\/2021\/10\/232575-texas.jpeg","type":"image\/jpeg"}],"author":"El Financiero","twitter_card":"summary_large_image","twitter_creator":"@fidedignas","twitter_site":"@fidedignas","twitter_misc":{"Escrito por":"El Financiero","Tiempo de lectura":"1 minuto"},"schema":{"@context":"https:\/\/schema.org","@graph":[{"@type":"Article","@id":"https:\/\/fuentesfidedignas.com.mx\/index.php\/2021\/10\/19\/avion-con-21-personas-a-bordo-se-estrella-en-texas\/#article","isPartOf":{"@id":"https:\/\/fuentesfidedignas.com.mx\/index.php\/2021\/10\/19\/avion-con-21-personas-a-bordo-se-estrella-en-texas\/"},"author":{"name":"El Financiero","@id":"https:\/\/fuentesfidedignas.com.mx\/#\/schema\/person\/494f7e0dce8dfaaec5b64f16615b78e9"},"headline":"Avi\u00f3n con 21 personas a bordo se estrella en Texas","datePublished":"2021-10-19T18:28:41+00:00","dateModified":"2021-10-19T18:28:43+00:00","mainEntityOfPage":{"@id":"https:\/\/fuentesfidedignas.com.mx\/index.php\/2021\/10\/19\/avion-con-21-personas-a-bordo-se-estrella-en-texas\/"},"wordCount":164,"commentCount":0,"publisher":{"@id":"https:\/\/fuentesfidedignas.com.mx\/#organization"},"image":{"@id":"https:\/\/fuentesfidedignas.com.mx\/index.php\/2021\/10\/19\/avion-con-21-personas-a-bordo-se-estrella-en-texas\/#primaryimage"},"thumbnailUrl":"https:\/\/fuentesfidedignas.com.mx\/wp-content\/uploads\/2021\/10\/232575-texas.jpeg","keywords":["Accidente","Avi\u00f3n","Estados Unidos","Texas"],"articleSection":["NOTICIAS NACIONALES"],"inLanguage":"es","potentialAction":[{"@type":"CommentAction","name":"Comment","target":["https:\/\/fuentesfidedignas.com.mx\/index.php\/2021\/10\/19\/avion-con-21-personas-a-bordo-se-estrella-en-texas\/#respond"]}]},{"@type":"WebPage","@id":"https:\/\/fuentesfidedignas.com.mx\/index.php\/2021\/10\/19\/avion-con-21-personas-a-bordo-se-estrella-en-texas\/","url":"https:\/\/fuentesfidedignas.com.mx\/index.php\/2021\/10\/19\/avion-con-21-personas-a-bordo-se-estrella-en-texas\/","name":"Avi\u00f3n con 21 personas a bordo se estrella en Texas - Fuentes Fidedignas","isPartOf":{"@id":"https:\/\/fuentesfidedignas.com.mx\/#website"},"primaryImageOfPage":{"@id":"https:\/\/fuentesfidedignas.com.mx\/index.php\/2021\/10\/19\/avion-con-21-personas-a-bordo-se-estrella-en-texas\/#primaryimage"},"image":{"@id":"https:\/\/fuentesfidedignas.com.mx\/index.php\/2021\/10\/19\/avion-con-21-personas-a-bordo-se-estrella-en-texas\/#primaryimage"},"thumbnailUrl":"https:\/\/fuentesfidedignas.com.mx\/wp-content\/uploads\/2021\/10\/232575-texas.jpeg","datePublished":"2021-10-19T18:28:41+00:00","dateModified":"2021-10-19T18:28:43+00:00","breadcrumb":{"@id":"https:\/\/fuentesfidedignas.com.mx\/index.php\/2021\/10\/19\/avion-con-21-personas-a-bordo-se-estrella-en-texas\/#breadcrumb"},"inLanguage":"es","potentialAction":[{"@type":"ReadAction","target":["https:\/\/fuentesfidedignas.com.mx\/index.php\/2021\/10\/19\/avion-con-21-personas-a-bordo-se-estrella-en-texas\/"]}]},{"@type":"ImageObject","inLanguage":"es","@id":"https:\/\/fuentesfidedignas.com.mx\/index.php\/2021\/10\/19\/avion-con-21-personas-a-bordo-se-estrella-en-texas\/#primaryimage","url":"https:\/\/fuentesfidedignas.com.mx\/wp-content\/uploads\/2021\/10\/232575-texas.jpeg","contentUrl":"https:\/\/fuentesfidedignas.com.mx\/wp-content\/uploads\/2021\/10\/232575-texas.jpeg","width":470,"height":313},{"@type":"BreadcrumbList","@id":"https:\/\/fuentesfidedignas.com.mx\/index.php\/2021\/10\/19\/avion-con-21-personas-a-bordo-se-estrella-en-texas\/#breadcrumb","itemListElement":[{"@type":"ListItem","position":1,"name":"Inicio","item":"https:\/\/fuentesfidedignas.com.mx\/"},{"@type":"ListItem","position":2,"name":"Avi\u00f3n con 21 personas a bordo se estrella en Texas"}]},{"@type":"WebSite","@id":"https:\/\/fuentesfidedignas.com.mx\/#website","url":"https:\/\/fuentesfidedignas.com.mx\/","name":"Fuentes Fidedignas","description":"Otro sitio realizado con WordPress","publisher":{"@id":"https:\/\/fuentesfidedignas.com.mx\/#organization"},"potentialAction":[{"@type":"SearchAction","target":{"@type":"EntryPoint","urlTemplate":"https:\/\/fuentesfidedignas.com.mx\/?s={search_term_string}"},"query-input":{"@type":"PropertyValueSpecification","valueRequired":true,"valueName":"search_term_string"}}],"inLanguage":"es"},{"@type":"Organization","@id":"https:\/\/fuentesfidedignas.com.mx\/#organization","name":"Fuentes Fidedignas","url":"https:\/\/fuentesfidedignas.com.mx\/","logo":{"@type":"ImageObject","inLanguage":"es","@id":"https:\/\/fuentesfidedignas.com.mx\/#\/schema\/logo\/image\/","url":"https:\/\/fuentesfidedignas.com.mx\/wp-content\/uploads\/2021\/04\/logo-retina.png","contentUrl":"https:\/\/fuentesfidedignas.com.mx\/wp-content\/uploads\/2021\/04\/logo-retina.png","width":280,"height":51,"caption":"Fuentes Fidedignas"},"image":{"@id":"https:\/\/fuentesfidedignas.com.mx\/#\/schema\/logo\/image\/"},"sameAs":["https:\/\/www.facebook.com\/Fuentes-Fidedignas-368234489921644","https:\/\/x.com\/fidedignas"]},{"@type":"Person","@id":"https:\/\/fuentesfidedignas.com.mx\/#\/schema\/person\/494f7e0dce8dfaaec5b64f16615b78e9","name":"El Financiero","image":{"@type":"ImageObject","inLanguage":"es","@id":"https:\/\/secure.gravatar.com\/avatar\/88c0f3f2079389318ef8dd35c22cb997212aa89646e357ba59b318db26ed91a9?s=96&d=mm&r=g","url":"https:\/\/secure.gravatar.com\/avatar\/88c0f3f2079389318ef8dd35c22cb997212aa89646e357ba59b318db26ed91a9?s=96&d=mm&r=g","contentUrl":"https:\/\/secure.gravatar.com\/avatar\/88c0f3f2079389318ef8dd35c22cb997212aa89646e357ba59b318db26ed91a9?s=96&d=mm&r=g","caption":"El Financiero"},"url":"https:\/\/fuentesfidedignas.com.mx\/index.php\/author\/financiero\/"}]}},"_links":{"self":[{"href":"https:\/\/fuentesfidedignas.com.mx\/index.php\/wp-json\/wp\/v2\/posts\/15361","targetHints":{"allow":["GET"]}}],"collection":[{"href":"https:\/\/fuentesfidedignas.com.mx\/index.php\/wp-json\/wp\/v2\/posts"}],"about":[{"href":"https:\/\/fuentesfidedignas.com.mx\/index.php\/wp-json\/wp\/v2\/types\/post"}],"author":[{"embeddable":true,"href":"https:\/\/fuentesfidedignas.com.mx\/index.php\/wp-json\/wp\/v2\/users\/21"}],"replies":[{"embeddable":true,"href":"https:\/\/fuentesfidedignas.com.mx\/index.php\/wp-json\/wp\/v2\/comments?post=15361"}],"version-history":[{"count":1,"href":"https:\/\/fuentesfidedignas.com.mx\/index.php\/wp-json\/wp\/v2\/posts\/15361\/revisions"}],"predecessor-version":[{"id":15363,"href":"https:\/\/fuentesfidedignas.com.mx\/index.php\/wp-json\/wp\/v2\/posts\/15361\/revisions\/15363"}],"wp:featuredmedia":[{"embeddable":true,"href":"https:\/\/fuentesfidedignas.com.mx\/index.php\/wp-json\/wp\/v2\/media\/15362"}],"wp:attachment":[{"href":"https:\/\/fuentesfidedignas.com.mx\/index.php\/wp-json\/wp\/v2\/media?parent=15361"}],"wp:term":[{"taxonomy":"category","embeddable":true,"href":"https:\/\/fuentesfidedignas.com.mx\/index.php\/wp-json\/wp\/v2\/categories?post=15361"},{"taxonomy":"post_tag","embeddable":true,"href":"https:\/\/fuentesfidedignas.com.mx\/index.php\/wp-json\/wp\/v2\/tags?post=15361"}],"curies":[{"name":"wp","href":"https:\/\/api.w.org\/{rel}","templated":true}]}}