{"id":1525,"date":"2021-05-10T05:00:00","date_gmt":"2021-05-10T12:00:00","guid":{"rendered":"https:\/\/fuentesfidedignas.com.mx\/?p=1525"},"modified":"2021-05-09T20:59:13","modified_gmt":"2021-05-10T03:59:13","slug":"hoy-la-orquesta-sinfonica-infantil-y-juvenil-de-guasave-interpretara-cielito-lindo","status":"publish","type":"post","link":"https:\/\/fuentesfidedignas.com.mx\/index.php\/2021\/05\/10\/hoy-la-orquesta-sinfonica-infantil-y-juvenil-de-guasave-interpretara-cielito-lindo\/","title":{"rendered":"Hoy, la Orquesta Sinf\u00f3nica Infantil y Juvenil de Guasave interpretar\u00e1 \u201cCielito lindo\u201d"},"content":{"rendered":"\n<p><strong><em>En este D\u00eda de las Madres contin\u00faa la participaci\u00f3n de la Red de Orquestas como parte del Festival de Primavera 2021<\/em><\/strong><\/p>\n\n\n\n<p>Culiac\u00e1n, Sin.- Con la participaci\u00f3n de la Orquesta Sinf\u00f3nica Infantil y Juvenil de Guasave, este lunes 10 de mayo a las 16:30 horas se transmitir\u00e1 un video con la grabaci\u00f3n de la pieza \u201cCielito lindo\u201d, de Quirino Mendoza y Cortez, con arreglos de Gandhy Francisco Hern\u00e1ndez Trejo, el cual podr\u00e1 disfrutarse por las redes sociales del Instituto Sinaloense de Cultura.<\/p>\n\n\n\n<p>Dicha agrupaci\u00f3n pertenece a la Red de Orquestas Sinf\u00f3nicas y Coros Infantiles y Juveniles del Estado de Sinaloa, y en el caso de Guasave, se cuenta con la direcci\u00f3n art\u00edstica del Mtro. Edson Emmanuel San Mart\u00edn G\u00e1mez.<\/p>\n\n\n\n<p>Con ello, la Red de Orquestas Sinf\u00f3nicas y Coros Infantiles y Juveniles del Estado contin\u00faa con su participaci\u00f3n en l\u00ednea, en las actividades del Festival de Primavera 2021 \u201cArturo Casta\u00f1eda Due\u00f1as\u201d.<\/p>\n\n\n\n<p>Dicha Red la integran Orquestas y Coros instalados en Guasave, Los Mochis, Juan Jos\u00e9 R\u00edos y El Rosario, quienes realizan grabaciones desde sus lugares de origen, para despu\u00e9s armar y editar estas piezas musicales.<\/p>\n","protected":false},"excerpt":{"rendered":"<p>En este D\u00eda de las Madres contin\u00faa la participaci\u00f3n de la Red de Orquestas como parte del Festival de Primavera 2021 Culiac\u00e1n, Sin.- Con la participaci\u00f3n de la Orquesta Sinf\u00f3nica Infantil y Juvenil de Guasave, este lunes 10 de mayo a las 16:30 horas se transmitir\u00e1 un video con la grabaci\u00f3n de la pieza \u201cCielito [&hellip;]<\/p>\n","protected":false},"author":4,"featured_media":1526,"comment_status":"open","ping_status":"open","sticky":false,"template":"","format":"standard","meta":{"tdm_status":"","tdm_grid_status":"","footnotes":""},"categories":[31],"tags":[],"class_list":{"0":"post-1525","1":"post","2":"type-post","3":"status-publish","4":"format-standard","5":"has-post-thumbnail","7":"category-sinaloa-positivo"},"yoast_head":"<!-- This site is optimized with the Yoast SEO plugin v27.5 - https:\/\/yoast.com\/product\/yoast-seo-wordpress\/ -->\n<title>Hoy, la Orquesta Sinf\u00f3nica Infantil y Juvenil de Guasave interpretar\u00e1 \u201cCielito lindo\u201d - Fuentes Fidedignas<\/title>\n<meta name=\"robots\" content=\"index, follow, max-snippet:-1, max-image-preview:large, max-video-preview:-1\" \/>\n<link rel=\"canonical\" href=\"https:\/\/fuentesfidedignas.com.mx\/index.php\/2021\/05\/10\/hoy-la-orquesta-sinfonica-infantil-y-juvenil-de-guasave-interpretara-cielito-lindo\/\" \/>\n<meta property=\"og:locale\" content=\"es_MX\" \/>\n<meta property=\"og:type\" content=\"article\" \/>\n<meta property=\"og:title\" content=\"Hoy, la Orquesta Sinf\u00f3nica Infantil y Juvenil de Guasave interpretar\u00e1 \u201cCielito lindo\u201d - Fuentes Fidedignas\" \/>\n<meta property=\"og:description\" content=\"En este D\u00eda de las Madres contin\u00faa la participaci\u00f3n de la Red de Orquestas como parte del Festival de Primavera 2021 Culiac\u00e1n, Sin.- Con la participaci\u00f3n de la Orquesta Sinf\u00f3nica Infantil y Juvenil de Guasave, este lunes 10 de mayo a las 16:30 horas se transmitir\u00e1 un video con la grabaci\u00f3n de la pieza \u201cCielito [&hellip;]\" \/>\n<meta property=\"og:url\" content=\"https:\/\/fuentesfidedignas.com.mx\/index.php\/2021\/05\/10\/hoy-la-orquesta-sinfonica-infantil-y-juvenil-de-guasave-interpretara-cielito-lindo\/\" \/>\n<meta property=\"og:site_name\" content=\"Fuentes Fidedignas\" \/>\n<meta property=\"article:publisher\" content=\"https:\/\/www.facebook.com\/Fuentes-Fidedignas-368234489921644\" \/>\n<meta property=\"article:published_time\" content=\"2021-05-10T12:00:00+00:00\" \/>\n<meta property=\"og:image\" content=\"https:\/\/fuentesfidedignas.com.mx\/wp-content\/uploads\/2021\/05\/Red-de-Orquestas-y-coros-Gve-05May2021-1.jpg\" \/>\n\t<meta property=\"og:image:width\" content=\"1920\" \/>\n\t<meta property=\"og:image:height\" content=\"1080\" \/>\n\t<meta property=\"og:image:type\" content=\"image\/jpeg\" \/>\n<meta name=\"author\" content=\"Redacci\u00f3n\" \/>\n<meta name=\"twitter:card\" content=\"summary_large_image\" \/>\n<meta name=\"twitter:creator\" content=\"@fidedignas\" \/>\n<meta name=\"twitter:site\" content=\"@fidedignas\" \/>\n<meta name=\"twitter:label1\" content=\"Escrito por\" \/>\n\t<meta name=\"twitter:data1\" content=\"Redacci\u00f3n\" \/>\n\t<meta name=\"twitter:label2\" content=\"Tiempo de lectura\" \/>\n\t<meta name=\"twitter:data2\" content=\"1 minuto\" \/>\n<script type=\"application\/ld+json\" class=\"yoast-schema-graph\">{\"@context\":\"https:\\\/\\\/schema.org\",\"@graph\":[{\"@type\":\"Article\",\"@id\":\"https:\\\/\\\/fuentesfidedignas.com.mx\\\/index.php\\\/2021\\\/05\\\/10\\\/hoy-la-orquesta-sinfonica-infantil-y-juvenil-de-guasave-interpretara-cielito-lindo\\\/#article\",\"isPartOf\":{\"@id\":\"https:\\\/\\\/fuentesfidedignas.com.mx\\\/index.php\\\/2021\\\/05\\\/10\\\/hoy-la-orquesta-sinfonica-infantil-y-juvenil-de-guasave-interpretara-cielito-lindo\\\/\"},\"author\":{\"name\":\"Redacci\u00f3n\",\"@id\":\"https:\\\/\\\/fuentesfidedignas.com.mx\\\/#\\\/schema\\\/person\\\/331be9283d37198e2acd5750279085b0\"},\"headline\":\"Hoy, la Orquesta Sinf\u00f3nica Infantil y Juvenil de Guasave interpretar\u00e1 \u201cCielito lindo\u201d\",\"datePublished\":\"2021-05-10T12:00:00+00:00\",\"mainEntityOfPage\":{\"@id\":\"https:\\\/\\\/fuentesfidedignas.com.mx\\\/index.php\\\/2021\\\/05\\\/10\\\/hoy-la-orquesta-sinfonica-infantil-y-juvenil-de-guasave-interpretara-cielito-lindo\\\/\"},\"wordCount\":215,\"commentCount\":0,\"publisher\":{\"@id\":\"https:\\\/\\\/fuentesfidedignas.com.mx\\\/#organization\"},\"image\":{\"@id\":\"https:\\\/\\\/fuentesfidedignas.com.mx\\\/index.php\\\/2021\\\/05\\\/10\\\/hoy-la-orquesta-sinfonica-infantil-y-juvenil-de-guasave-interpretara-cielito-lindo\\\/#primaryimage\"},\"thumbnailUrl\":\"https:\\\/\\\/fuentesfidedignas.com.mx\\\/wp-content\\\/uploads\\\/2021\\\/05\\\/Red-de-Orquestas-y-coros-Gve-05May2021-1.jpg\",\"articleSection\":[\"SINALOA POSITIVO\"],\"inLanguage\":\"es\",\"potentialAction\":[{\"@type\":\"CommentAction\",\"name\":\"Comment\",\"target\":[\"https:\\\/\\\/fuentesfidedignas.com.mx\\\/index.php\\\/2021\\\/05\\\/10\\\/hoy-la-orquesta-sinfonica-infantil-y-juvenil-de-guasave-interpretara-cielito-lindo\\\/#respond\"]}]},{\"@type\":\"WebPage\",\"@id\":\"https:\\\/\\\/fuentesfidedignas.com.mx\\\/index.php\\\/2021\\\/05\\\/10\\\/hoy-la-orquesta-sinfonica-infantil-y-juvenil-de-guasave-interpretara-cielito-lindo\\\/\",\"url\":\"https:\\\/\\\/fuentesfidedignas.com.mx\\\/index.php\\\/2021\\\/05\\\/10\\\/hoy-la-orquesta-sinfonica-infantil-y-juvenil-de-guasave-interpretara-cielito-lindo\\\/\",\"name\":\"Hoy, la Orquesta Sinf\u00f3nica Infantil y Juvenil de Guasave interpretar\u00e1 \u201cCielito lindo\u201d - Fuentes Fidedignas\",\"isPartOf\":{\"@id\":\"https:\\\/\\\/fuentesfidedignas.com.mx\\\/#website\"},\"primaryImageOfPage\":{\"@id\":\"https:\\\/\\\/fuentesfidedignas.com.mx\\\/index.php\\\/2021\\\/05\\\/10\\\/hoy-la-orquesta-sinfonica-infantil-y-juvenil-de-guasave-interpretara-cielito-lindo\\\/#primaryimage\"},\"image\":{\"@id\":\"https:\\\/\\\/fuentesfidedignas.com.mx\\\/index.php\\\/2021\\\/05\\\/10\\\/hoy-la-orquesta-sinfonica-infantil-y-juvenil-de-guasave-interpretara-cielito-lindo\\\/#primaryimage\"},\"thumbnailUrl\":\"https:\\\/\\\/fuentesfidedignas.com.mx\\\/wp-content\\\/uploads\\\/2021\\\/05\\\/Red-de-Orquestas-y-coros-Gve-05May2021-1.jpg\",\"datePublished\":\"2021-05-10T12:00:00+00:00\",\"breadcrumb\":{\"@id\":\"https:\\\/\\\/fuentesfidedignas.com.mx\\\/index.php\\\/2021\\\/05\\\/10\\\/hoy-la-orquesta-sinfonica-infantil-y-juvenil-de-guasave-interpretara-cielito-lindo\\\/#breadcrumb\"},\"inLanguage\":\"es\",\"potentialAction\":[{\"@type\":\"ReadAction\",\"target\":[\"https:\\\/\\\/fuentesfidedignas.com.mx\\\/index.php\\\/2021\\\/05\\\/10\\\/hoy-la-orquesta-sinfonica-infantil-y-juvenil-de-guasave-interpretara-cielito-lindo\\\/\"]}]},{\"@type\":\"ImageObject\",\"inLanguage\":\"es\",\"@id\":\"https:\\\/\\\/fuentesfidedignas.com.mx\\\/index.php\\\/2021\\\/05\\\/10\\\/hoy-la-orquesta-sinfonica-infantil-y-juvenil-de-guasave-interpretara-cielito-lindo\\\/#primaryimage\",\"url\":\"https:\\\/\\\/fuentesfidedignas.com.mx\\\/wp-content\\\/uploads\\\/2021\\\/05\\\/Red-de-Orquestas-y-coros-Gve-05May2021-1.jpg\",\"contentUrl\":\"https:\\\/\\\/fuentesfidedignas.com.mx\\\/wp-content\\\/uploads\\\/2021\\\/05\\\/Red-de-Orquestas-y-coros-Gve-05May2021-1.jpg\",\"width\":1920,\"height\":1080},{\"@type\":\"BreadcrumbList\",\"@id\":\"https:\\\/\\\/fuentesfidedignas.com.mx\\\/index.php\\\/2021\\\/05\\\/10\\\/hoy-la-orquesta-sinfonica-infantil-y-juvenil-de-guasave-interpretara-cielito-lindo\\\/#breadcrumb\",\"itemListElement\":[{\"@type\":\"ListItem\",\"position\":1,\"name\":\"Inicio\",\"item\":\"https:\\\/\\\/fuentesfidedignas.com.mx\\\/\"},{\"@type\":\"ListItem\",\"position\":2,\"name\":\"Hoy, la Orquesta Sinf\u00f3nica Infantil y Juvenil de Guasave interpretar\u00e1 \u201cCielito lindo\u201d\"}]},{\"@type\":\"WebSite\",\"@id\":\"https:\\\/\\\/fuentesfidedignas.com.mx\\\/#website\",\"url\":\"https:\\\/\\\/fuentesfidedignas.com.mx\\\/\",\"name\":\"Fuentes Fidedignas\",\"description\":\"Otro sitio realizado con WordPress\",\"publisher\":{\"@id\":\"https:\\\/\\\/fuentesfidedignas.com.mx\\\/#organization\"},\"potentialAction\":[{\"@type\":\"SearchAction\",\"target\":{\"@type\":\"EntryPoint\",\"urlTemplate\":\"https:\\\/\\\/fuentesfidedignas.com.mx\\\/?s={search_term_string}\"},\"query-input\":{\"@type\":\"PropertyValueSpecification\",\"valueRequired\":true,\"valueName\":\"search_term_string\"}}],\"inLanguage\":\"es\"},{\"@type\":\"Organization\",\"@id\":\"https:\\\/\\\/fuentesfidedignas.com.mx\\\/#organization\",\"name\":\"Fuentes Fidedignas\",\"url\":\"https:\\\/\\\/fuentesfidedignas.com.mx\\\/\",\"logo\":{\"@type\":\"ImageObject\",\"inLanguage\":\"es\",\"@id\":\"https:\\\/\\\/fuentesfidedignas.com.mx\\\/#\\\/schema\\\/logo\\\/image\\\/\",\"url\":\"https:\\\/\\\/fuentesfidedignas.com.mx\\\/wp-content\\\/uploads\\\/2021\\\/04\\\/logo-retina.png\",\"contentUrl\":\"https:\\\/\\\/fuentesfidedignas.com.mx\\\/wp-content\\\/uploads\\\/2021\\\/04\\\/logo-retina.png\",\"width\":280,\"height\":51,\"caption\":\"Fuentes Fidedignas\"},\"image\":{\"@id\":\"https:\\\/\\\/fuentesfidedignas.com.mx\\\/#\\\/schema\\\/logo\\\/image\\\/\"},\"sameAs\":[\"https:\\\/\\\/www.facebook.com\\\/Fuentes-Fidedignas-368234489921644\",\"https:\\\/\\\/x.com\\\/fidedignas\"]},{\"@type\":\"Person\",\"@id\":\"https:\\\/\\\/fuentesfidedignas.com.mx\\\/#\\\/schema\\\/person\\\/331be9283d37198e2acd5750279085b0\",\"name\":\"Redacci\u00f3n\",\"image\":{\"@type\":\"ImageObject\",\"inLanguage\":\"es\",\"@id\":\"https:\\\/\\\/secure.gravatar.com\\\/avatar\\\/f6d8782c11d12b2d4ad3fbb6931aeab5309937a4d6cd2fc9cfaa28a6396a5aec?s=96&d=mm&r=g\",\"url\":\"https:\\\/\\\/secure.gravatar.com\\\/avatar\\\/f6d8782c11d12b2d4ad3fbb6931aeab5309937a4d6cd2fc9cfaa28a6396a5aec?s=96&d=mm&r=g\",\"contentUrl\":\"https:\\\/\\\/secure.gravatar.com\\\/avatar\\\/f6d8782c11d12b2d4ad3fbb6931aeab5309937a4d6cd2fc9cfaa28a6396a5aec?s=96&d=mm&r=g\",\"caption\":\"Redacci\u00f3n\"},\"url\":\"https:\\\/\\\/fuentesfidedignas.com.mx\\\/index.php\\\/author\\\/redaccion\\\/\"}]}<\/script>\n<!-- \/ Yoast SEO plugin. -->","yoast_head_json":{"title":"Hoy, la Orquesta Sinf\u00f3nica Infantil y Juvenil de Guasave interpretar\u00e1 \u201cCielito lindo\u201d - Fuentes Fidedignas","robots":{"index":"index","follow":"follow","max-snippet":"max-snippet:-1","max-image-preview":"max-image-preview:large","max-video-preview":"max-video-preview:-1"},"canonical":"https:\/\/fuentesfidedignas.com.mx\/index.php\/2021\/05\/10\/hoy-la-orquesta-sinfonica-infantil-y-juvenil-de-guasave-interpretara-cielito-lindo\/","og_locale":"es_MX","og_type":"article","og_title":"Hoy, la Orquesta Sinf\u00f3nica Infantil y Juvenil de Guasave interpretar\u00e1 \u201cCielito lindo\u201d - Fuentes Fidedignas","og_description":"En este D\u00eda de las Madres contin\u00faa la participaci\u00f3n de la Red de Orquestas como parte del Festival de Primavera 2021 Culiac\u00e1n, Sin.- Con la participaci\u00f3n de la Orquesta Sinf\u00f3nica Infantil y Juvenil de Guasave, este lunes 10 de mayo a las 16:30 horas se transmitir\u00e1 un video con la grabaci\u00f3n de la pieza \u201cCielito [&hellip;]","og_url":"https:\/\/fuentesfidedignas.com.mx\/index.php\/2021\/05\/10\/hoy-la-orquesta-sinfonica-infantil-y-juvenil-de-guasave-interpretara-cielito-lindo\/","og_site_name":"Fuentes Fidedignas","article_publisher":"https:\/\/www.facebook.com\/Fuentes-Fidedignas-368234489921644","article_published_time":"2021-05-10T12:00:00+00:00","og_image":[{"width":1920,"height":1080,"url":"https:\/\/fuentesfidedignas.com.mx\/wp-content\/uploads\/2021\/05\/Red-de-Orquestas-y-coros-Gve-05May2021-1.jpg","type":"image\/jpeg"}],"author":"Redacci\u00f3n","twitter_card":"summary_large_image","twitter_creator":"@fidedignas","twitter_site":"@fidedignas","twitter_misc":{"Escrito por":"Redacci\u00f3n","Tiempo de lectura":"1 minuto"},"schema":{"@context":"https:\/\/schema.org","@graph":[{"@type":"Article","@id":"https:\/\/fuentesfidedignas.com.mx\/index.php\/2021\/05\/10\/hoy-la-orquesta-sinfonica-infantil-y-juvenil-de-guasave-interpretara-cielito-lindo\/#article","isPartOf":{"@id":"https:\/\/fuentesfidedignas.com.mx\/index.php\/2021\/05\/10\/hoy-la-orquesta-sinfonica-infantil-y-juvenil-de-guasave-interpretara-cielito-lindo\/"},"author":{"name":"Redacci\u00f3n","@id":"https:\/\/fuentesfidedignas.com.mx\/#\/schema\/person\/331be9283d37198e2acd5750279085b0"},"headline":"Hoy, la Orquesta Sinf\u00f3nica Infantil y Juvenil de Guasave interpretar\u00e1 \u201cCielito lindo\u201d","datePublished":"2021-05-10T12:00:00+00:00","mainEntityOfPage":{"@id":"https:\/\/fuentesfidedignas.com.mx\/index.php\/2021\/05\/10\/hoy-la-orquesta-sinfonica-infantil-y-juvenil-de-guasave-interpretara-cielito-lindo\/"},"wordCount":215,"commentCount":0,"publisher":{"@id":"https:\/\/fuentesfidedignas.com.mx\/#organization"},"image":{"@id":"https:\/\/fuentesfidedignas.com.mx\/index.php\/2021\/05\/10\/hoy-la-orquesta-sinfonica-infantil-y-juvenil-de-guasave-interpretara-cielito-lindo\/#primaryimage"},"thumbnailUrl":"https:\/\/fuentesfidedignas.com.mx\/wp-content\/uploads\/2021\/05\/Red-de-Orquestas-y-coros-Gve-05May2021-1.jpg","articleSection":["SINALOA POSITIVO"],"inLanguage":"es","potentialAction":[{"@type":"CommentAction","name":"Comment","target":["https:\/\/fuentesfidedignas.com.mx\/index.php\/2021\/05\/10\/hoy-la-orquesta-sinfonica-infantil-y-juvenil-de-guasave-interpretara-cielito-lindo\/#respond"]}]},{"@type":"WebPage","@id":"https:\/\/fuentesfidedignas.com.mx\/index.php\/2021\/05\/10\/hoy-la-orquesta-sinfonica-infantil-y-juvenil-de-guasave-interpretara-cielito-lindo\/","url":"https:\/\/fuentesfidedignas.com.mx\/index.php\/2021\/05\/10\/hoy-la-orquesta-sinfonica-infantil-y-juvenil-de-guasave-interpretara-cielito-lindo\/","name":"Hoy, la Orquesta Sinf\u00f3nica Infantil y Juvenil de Guasave interpretar\u00e1 \u201cCielito lindo\u201d - Fuentes Fidedignas","isPartOf":{"@id":"https:\/\/fuentesfidedignas.com.mx\/#website"},"primaryImageOfPage":{"@id":"https:\/\/fuentesfidedignas.com.mx\/index.php\/2021\/05\/10\/hoy-la-orquesta-sinfonica-infantil-y-juvenil-de-guasave-interpretara-cielito-lindo\/#primaryimage"},"image":{"@id":"https:\/\/fuentesfidedignas.com.mx\/index.php\/2021\/05\/10\/hoy-la-orquesta-sinfonica-infantil-y-juvenil-de-guasave-interpretara-cielito-lindo\/#primaryimage"},"thumbnailUrl":"https:\/\/fuentesfidedignas.com.mx\/wp-content\/uploads\/2021\/05\/Red-de-Orquestas-y-coros-Gve-05May2021-1.jpg","datePublished":"2021-05-10T12:00:00+00:00","breadcrumb":{"@id":"https:\/\/fuentesfidedignas.com.mx\/index.php\/2021\/05\/10\/hoy-la-orquesta-sinfonica-infantil-y-juvenil-de-guasave-interpretara-cielito-lindo\/#breadcrumb"},"inLanguage":"es","potentialAction":[{"@type":"ReadAction","target":["https:\/\/fuentesfidedignas.com.mx\/index.php\/2021\/05\/10\/hoy-la-orquesta-sinfonica-infantil-y-juvenil-de-guasave-interpretara-cielito-lindo\/"]}]},{"@type":"ImageObject","inLanguage":"es","@id":"https:\/\/fuentesfidedignas.com.mx\/index.php\/2021\/05\/10\/hoy-la-orquesta-sinfonica-infantil-y-juvenil-de-guasave-interpretara-cielito-lindo\/#primaryimage","url":"https:\/\/fuentesfidedignas.com.mx\/wp-content\/uploads\/2021\/05\/Red-de-Orquestas-y-coros-Gve-05May2021-1.jpg","contentUrl":"https:\/\/fuentesfidedignas.com.mx\/wp-content\/uploads\/2021\/05\/Red-de-Orquestas-y-coros-Gve-05May2021-1.jpg","width":1920,"height":1080},{"@type":"BreadcrumbList","@id":"https:\/\/fuentesfidedignas.com.mx\/index.php\/2021\/05\/10\/hoy-la-orquesta-sinfonica-infantil-y-juvenil-de-guasave-interpretara-cielito-lindo\/#breadcrumb","itemListElement":[{"@type":"ListItem","position":1,"name":"Inicio","item":"https:\/\/fuentesfidedignas.com.mx\/"},{"@type":"ListItem","position":2,"name":"Hoy, la Orquesta Sinf\u00f3nica Infantil y Juvenil de Guasave interpretar\u00e1 \u201cCielito lindo\u201d"}]},{"@type":"WebSite","@id":"https:\/\/fuentesfidedignas.com.mx\/#website","url":"https:\/\/fuentesfidedignas.com.mx\/","name":"Fuentes Fidedignas","description":"Otro sitio realizado con WordPress","publisher":{"@id":"https:\/\/fuentesfidedignas.com.mx\/#organization"},"potentialAction":[{"@type":"SearchAction","target":{"@type":"EntryPoint","urlTemplate":"https:\/\/fuentesfidedignas.com.mx\/?s={search_term_string}"},"query-input":{"@type":"PropertyValueSpecification","valueRequired":true,"valueName":"search_term_string"}}],"inLanguage":"es"},{"@type":"Organization","@id":"https:\/\/fuentesfidedignas.com.mx\/#organization","name":"Fuentes Fidedignas","url":"https:\/\/fuentesfidedignas.com.mx\/","logo":{"@type":"ImageObject","inLanguage":"es","@id":"https:\/\/fuentesfidedignas.com.mx\/#\/schema\/logo\/image\/","url":"https:\/\/fuentesfidedignas.com.mx\/wp-content\/uploads\/2021\/04\/logo-retina.png","contentUrl":"https:\/\/fuentesfidedignas.com.mx\/wp-content\/uploads\/2021\/04\/logo-retina.png","width":280,"height":51,"caption":"Fuentes Fidedignas"},"image":{"@id":"https:\/\/fuentesfidedignas.com.mx\/#\/schema\/logo\/image\/"},"sameAs":["https:\/\/www.facebook.com\/Fuentes-Fidedignas-368234489921644","https:\/\/x.com\/fidedignas"]},{"@type":"Person","@id":"https:\/\/fuentesfidedignas.com.mx\/#\/schema\/person\/331be9283d37198e2acd5750279085b0","name":"Redacci\u00f3n","image":{"@type":"ImageObject","inLanguage":"es","@id":"https:\/\/secure.gravatar.com\/avatar\/f6d8782c11d12b2d4ad3fbb6931aeab5309937a4d6cd2fc9cfaa28a6396a5aec?s=96&d=mm&r=g","url":"https:\/\/secure.gravatar.com\/avatar\/f6d8782c11d12b2d4ad3fbb6931aeab5309937a4d6cd2fc9cfaa28a6396a5aec?s=96&d=mm&r=g","contentUrl":"https:\/\/secure.gravatar.com\/avatar\/f6d8782c11d12b2d4ad3fbb6931aeab5309937a4d6cd2fc9cfaa28a6396a5aec?s=96&d=mm&r=g","caption":"Redacci\u00f3n"},"url":"https:\/\/fuentesfidedignas.com.mx\/index.php\/author\/redaccion\/"}]}},"_links":{"self":[{"href":"https:\/\/fuentesfidedignas.com.mx\/index.php\/wp-json\/wp\/v2\/posts\/1525","targetHints":{"allow":["GET"]}}],"collection":[{"href":"https:\/\/fuentesfidedignas.com.mx\/index.php\/wp-json\/wp\/v2\/posts"}],"about":[{"href":"https:\/\/fuentesfidedignas.com.mx\/index.php\/wp-json\/wp\/v2\/types\/post"}],"author":[{"embeddable":true,"href":"https:\/\/fuentesfidedignas.com.mx\/index.php\/wp-json\/wp\/v2\/users\/4"}],"replies":[{"embeddable":true,"href":"https:\/\/fuentesfidedignas.com.mx\/index.php\/wp-json\/wp\/v2\/comments?post=1525"}],"version-history":[{"count":1,"href":"https:\/\/fuentesfidedignas.com.mx\/index.php\/wp-json\/wp\/v2\/posts\/1525\/revisions"}],"predecessor-version":[{"id":1527,"href":"https:\/\/fuentesfidedignas.com.mx\/index.php\/wp-json\/wp\/v2\/posts\/1525\/revisions\/1527"}],"wp:featuredmedia":[{"embeddable":true,"href":"https:\/\/fuentesfidedignas.com.mx\/index.php\/wp-json\/wp\/v2\/media\/1526"}],"wp:attachment":[{"href":"https:\/\/fuentesfidedignas.com.mx\/index.php\/wp-json\/wp\/v2\/media?parent=1525"}],"wp:term":[{"taxonomy":"category","embeddable":true,"href":"https:\/\/fuentesfidedignas.com.mx\/index.php\/wp-json\/wp\/v2\/categories?post=1525"},{"taxonomy":"post_tag","embeddable":true,"href":"https:\/\/fuentesfidedignas.com.mx\/index.php\/wp-json\/wp\/v2\/tags?post=1525"}],"curies":[{"name":"wp","href":"https:\/\/api.w.org\/{rel}","templated":true}]}}