{"id":15190,"date":"2021-10-16T18:16:59","date_gmt":"2021-10-17T01:16:59","guid":{"rendered":"https:\/\/fuentesfidedignas.com.mx\/?p=15190"},"modified":"2021-10-16T18:17:02","modified_gmt":"2021-10-17T01:17:02","slug":"amlo-firma-acuerdo-para-regularizacion-de-autos-chocolate","status":"publish","type":"post","link":"https:\/\/fuentesfidedignas.com.mx\/index.php\/2021\/10\/16\/amlo-firma-acuerdo-para-regularizacion-de-autos-chocolate\/","title":{"rendered":"AMLO firma acuerdo para regularizaci\u00f3n de autos \u2018chocolate\u2019"},"content":{"rendered":"\n<p><br><strong><em>L\u00f3pez Obrador firma acuerdo para regularizaci\u00f3n de autos \u2018chocolate\u2019 &#8211; AMLO Lo\u0301pez Obrador acuerdos autos extranjerosFoto de Gobierno de M\u00e9xico<\/em><\/strong><\/p>\n\n\n\n<p>Baja California. En Ensenada, Baja California, el presidente L\u00f3pez Obrador firm\u00f3 el acuerdo para regularizaci\u00f3n de los llamados autos &#8216;chocolate&#8217;<\/p>\n\n\n\n<p>El presidente Andr\u00e9s Manuel L\u00f3pez Obrador firm\u00f3 este s\u00e1bado el acuerdo para regularizaci\u00f3n de los llamados autos \u2018chocolate\u2019.<\/p>\n\n\n\n<p>En Ensenada, Baja California, se detall\u00f3 que los beneficios de dicho acuerdo solo aplicar\u00e1n para los veh\u00edculos de procedencia extranjera que ya se encuentren dentro del territorio nacional.<\/p>\n\n\n\n<p>\u201cAhora se les va a registrar, van a dar una cooperaci\u00f3n los que tienen estos carros de alrededor de dos mil 500 pesos, es una cooperaci\u00f3n porque es e dinero se va a quedar en Baja California y se va a utilizar para tapar los baches y tapar las vialidades\u201d, declar\u00f3 el mandatario mexicano.<\/p>\n\n\n\n<p>Si se regularizan los 500 mi veh\u00edculos van a ser como mil 300 millones de pesos para los seis municipios (del estado). Ya es una cantidad considerable para mejrar las calles\u201d agreg\u00f3.<\/p>\n\n\n\n<figure class=\"wp-block-embed is-type-rich is-provider-twitter wp-block-embed-twitter\"><div class=\"wp-block-embed__wrapper\">\n<blockquote class=\"twitter-tweet\" data-width=\"550\" data-dnt=\"true\"><p lang=\"es\" dir=\"ltr\">As\u00ed la firma del acuerdo para la regularizaci\u00f3n de los denominados &#39;autos chocolate&#39;. <br><br>M\u00e1s en <a href=\"https:\/\/t.co\/BjdELZkpfR\">https:\/\/t.co\/BjdELZkpfR<\/a> <a href=\"https:\/\/t.co\/5sMwXmBqLo\">pic.twitter.com\/5sMwXmBqLo<\/a><\/p>&mdash; Joaqu\u00edn L\u00f3pez-D\u00f3riga (@lopezdoriga) <a href=\"https:\/\/twitter.com\/lopezdoriga\/status\/1449538315372408834?ref_src=twsrc%5Etfw\">October 17, 2021<\/a><\/blockquote><script async src=\"https:\/\/platform.twitter.com\/widgets.js\" charset=\"utf-8\"><\/script>\n<\/div><\/figure>\n\n\n\n<p>Rosa Icela Rodr\u00edguez, titular de Seguridad y Protecci\u00f3n Ciudadana (SSPC). apunt\u00f3 que se tom\u00f3 la decisi\u00f3n de regularizar estos autom\u00f3viles debido a que son usados por grupos del crimen organizado para cometer delitos.<\/p>\n\n\n\n<p>Detall\u00f3 que tan solo en Baja California circulan m\u00e1s de 500 mil autos \u2018chocolate\u2019, \u201cmuchos de los cuales impactan en la inseguridad ante la falta de registro y control vehicular\u201d.<\/p>\n\n\n\n<p>\u201cSolo por dar un ejemplo, del 1 de noviembre del 2019 al 30 de agosto de 2020, en Baja California fueron puestos a disposici\u00f3n de las autoridades ministeriales, 370 veh\u00edculos usados para la comisi\u00f3n de homicidios calificados, 78 por ciento de los cuales son de origen extranjero e irregulares\u201d, afirm\u00f3.<\/p>\n\n\n\n<p>\u201cDe ah\u00ed la importancia de avanzar en la regularizaci\u00f3n para que dejen de estar en el anonimato, estos veh\u00edculos y pueden llevarse a cabo las investigaciones para dar con los responsables de la violencia\u201d, dijo.<\/p>\n\n\n\n<p>Por eso, el presidente de M\u00e9xico, Andr\u00e9s Manuel L\u00f3pez Obrador tom\u00f3 la decisi\u00f3n de regularizar estos veh\u00edculos hasta hoy que son irregulares, que transitan en toda esta zona fronteriza, mediante un pago fijo a partir de la entrada en vigor de un decreto\u201d, refiri\u00f3.<\/p>\n","protected":false},"excerpt":{"rendered":"<p>L\u00f3pez Obrador firma acuerdo para regularizaci\u00f3n de autos \u2018chocolate\u2019 &#8211; AMLO Lo\u0301pez Obrador acuerdos autos extranjerosFoto de Gobierno de M\u00e9xico Baja California. En Ensenada, Baja California, el presidente L\u00f3pez Obrador firm\u00f3 el acuerdo para regularizaci\u00f3n de los llamados autos &#8216;chocolate&#8217; El presidente Andr\u00e9s Manuel L\u00f3pez Obrador firm\u00f3 este s\u00e1bado el acuerdo para regularizaci\u00f3n de los [&hellip;]<\/p>\n","protected":false},"author":47,"featured_media":15191,"comment_status":"open","ping_status":"open","sticky":false,"template":"","format":"standard","meta":{"tdm_status":"","tdm_grid_status":"","footnotes":""},"categories":[37],"tags":[],"class_list":{"0":"post-15190","1":"post","2":"type-post","3":"status-publish","4":"format-standard","5":"has-post-thumbnail","7":"category-nota-principal"},"yoast_head":"<!-- This site is optimized with the Yoast SEO plugin v27.5 - https:\/\/yoast.com\/product\/yoast-seo-wordpress\/ -->\n<title>AMLO firma acuerdo para regularizaci\u00f3n de autos \u2018chocolate\u2019 - Fuentes Fidedignas<\/title>\n<meta name=\"robots\" content=\"index, follow, max-snippet:-1, max-image-preview:large, max-video-preview:-1\" \/>\n<link rel=\"canonical\" href=\"https:\/\/fuentesfidedignas.com.mx\/index.php\/2021\/10\/16\/amlo-firma-acuerdo-para-regularizacion-de-autos-chocolate\/\" \/>\n<meta property=\"og:locale\" content=\"es_MX\" \/>\n<meta property=\"og:type\" content=\"article\" \/>\n<meta property=\"og:title\" content=\"AMLO firma acuerdo para regularizaci\u00f3n de autos \u2018chocolate\u2019 - Fuentes Fidedignas\" \/>\n<meta property=\"og:description\" content=\"L\u00f3pez Obrador firma acuerdo para regularizaci\u00f3n de autos \u2018chocolate\u2019 &#8211; AMLO Lo\u0301pez Obrador acuerdos autos extranjerosFoto de Gobierno de M\u00e9xico Baja California. En Ensenada, Baja California, el presidente L\u00f3pez Obrador firm\u00f3 el acuerdo para regularizaci\u00f3n de los llamados autos &#8216;chocolate&#8217; El presidente Andr\u00e9s Manuel L\u00f3pez Obrador firm\u00f3 este s\u00e1bado el acuerdo para regularizaci\u00f3n de los [&hellip;]\" \/>\n<meta property=\"og:url\" content=\"https:\/\/fuentesfidedignas.com.mx\/index.php\/2021\/10\/16\/amlo-firma-acuerdo-para-regularizacion-de-autos-chocolate\/\" \/>\n<meta property=\"og:site_name\" content=\"Fuentes Fidedignas\" \/>\n<meta property=\"article:publisher\" content=\"https:\/\/www.facebook.com\/Fuentes-Fidedignas-368234489921644\" \/>\n<meta property=\"article:published_time\" content=\"2021-10-17T01:16:59+00:00\" \/>\n<meta property=\"article:modified_time\" content=\"2021-10-17T01:17:02+00:00\" \/>\n<meta property=\"og:image\" content=\"https:\/\/fuentesfidedignas.com.mx\/wp-content\/uploads\/2021\/10\/amlo-lopez-obrador-acuerdos-vehiculos-extranjeros.jpg\" \/>\n\t<meta property=\"og:image:width\" content=\"980\" \/>\n\t<meta property=\"og:image:height\" content=\"550\" \/>\n\t<meta property=\"og:image:type\" content=\"image\/jpeg\" \/>\n<meta name=\"author\" content=\"L\u00f3pez D\u00f3riga\" \/>\n<meta name=\"twitter:card\" content=\"summary_large_image\" \/>\n<meta name=\"twitter:creator\" content=\"@fidedignas\" \/>\n<meta name=\"twitter:site\" content=\"@fidedignas\" \/>\n<meta name=\"twitter:label1\" content=\"Escrito por\" \/>\n\t<meta name=\"twitter:data1\" content=\"L\u00f3pez D\u00f3riga\" \/>\n\t<meta name=\"twitter:label2\" content=\"Tiempo de lectura\" \/>\n\t<meta name=\"twitter:data2\" content=\"2 minutos\" \/>\n<script type=\"application\/ld+json\" class=\"yoast-schema-graph\">{\"@context\":\"https:\\\/\\\/schema.org\",\"@graph\":[{\"@type\":\"Article\",\"@id\":\"https:\\\/\\\/fuentesfidedignas.com.mx\\\/index.php\\\/2021\\\/10\\\/16\\\/amlo-firma-acuerdo-para-regularizacion-de-autos-chocolate\\\/#article\",\"isPartOf\":{\"@id\":\"https:\\\/\\\/fuentesfidedignas.com.mx\\\/index.php\\\/2021\\\/10\\\/16\\\/amlo-firma-acuerdo-para-regularizacion-de-autos-chocolate\\\/\"},\"author\":{\"name\":\"L\u00f3pez D\u00f3riga\",\"@id\":\"https:\\\/\\\/fuentesfidedignas.com.mx\\\/#\\\/schema\\\/person\\\/67d852f0557c8509146a4b9ddebd543a\"},\"headline\":\"AMLO firma acuerdo para regularizaci\u00f3n de autos \u2018chocolate\u2019\",\"datePublished\":\"2021-10-17T01:16:59+00:00\",\"dateModified\":\"2021-10-17T01:17:02+00:00\",\"mainEntityOfPage\":{\"@id\":\"https:\\\/\\\/fuentesfidedignas.com.mx\\\/index.php\\\/2021\\\/10\\\/16\\\/amlo-firma-acuerdo-para-regularizacion-de-autos-chocolate\\\/\"},\"wordCount\":422,\"commentCount\":0,\"publisher\":{\"@id\":\"https:\\\/\\\/fuentesfidedignas.com.mx\\\/#organization\"},\"image\":{\"@id\":\"https:\\\/\\\/fuentesfidedignas.com.mx\\\/index.php\\\/2021\\\/10\\\/16\\\/amlo-firma-acuerdo-para-regularizacion-de-autos-chocolate\\\/#primaryimage\"},\"thumbnailUrl\":\"https:\\\/\\\/fuentesfidedignas.com.mx\\\/wp-content\\\/uploads\\\/2021\\\/10\\\/amlo-lopez-obrador-acuerdos-vehiculos-extranjeros.jpg\",\"articleSection\":[\"NOTA PRINCIPAL\"],\"inLanguage\":\"es\",\"potentialAction\":[{\"@type\":\"CommentAction\",\"name\":\"Comment\",\"target\":[\"https:\\\/\\\/fuentesfidedignas.com.mx\\\/index.php\\\/2021\\\/10\\\/16\\\/amlo-firma-acuerdo-para-regularizacion-de-autos-chocolate\\\/#respond\"]}]},{\"@type\":\"WebPage\",\"@id\":\"https:\\\/\\\/fuentesfidedignas.com.mx\\\/index.php\\\/2021\\\/10\\\/16\\\/amlo-firma-acuerdo-para-regularizacion-de-autos-chocolate\\\/\",\"url\":\"https:\\\/\\\/fuentesfidedignas.com.mx\\\/index.php\\\/2021\\\/10\\\/16\\\/amlo-firma-acuerdo-para-regularizacion-de-autos-chocolate\\\/\",\"name\":\"AMLO firma acuerdo para regularizaci\u00f3n de autos \u2018chocolate\u2019 - Fuentes Fidedignas\",\"isPartOf\":{\"@id\":\"https:\\\/\\\/fuentesfidedignas.com.mx\\\/#website\"},\"primaryImageOfPage\":{\"@id\":\"https:\\\/\\\/fuentesfidedignas.com.mx\\\/index.php\\\/2021\\\/10\\\/16\\\/amlo-firma-acuerdo-para-regularizacion-de-autos-chocolate\\\/#primaryimage\"},\"image\":{\"@id\":\"https:\\\/\\\/fuentesfidedignas.com.mx\\\/index.php\\\/2021\\\/10\\\/16\\\/amlo-firma-acuerdo-para-regularizacion-de-autos-chocolate\\\/#primaryimage\"},\"thumbnailUrl\":\"https:\\\/\\\/fuentesfidedignas.com.mx\\\/wp-content\\\/uploads\\\/2021\\\/10\\\/amlo-lopez-obrador-acuerdos-vehiculos-extranjeros.jpg\",\"datePublished\":\"2021-10-17T01:16:59+00:00\",\"dateModified\":\"2021-10-17T01:17:02+00:00\",\"breadcrumb\":{\"@id\":\"https:\\\/\\\/fuentesfidedignas.com.mx\\\/index.php\\\/2021\\\/10\\\/16\\\/amlo-firma-acuerdo-para-regularizacion-de-autos-chocolate\\\/#breadcrumb\"},\"inLanguage\":\"es\",\"potentialAction\":[{\"@type\":\"ReadAction\",\"target\":[\"https:\\\/\\\/fuentesfidedignas.com.mx\\\/index.php\\\/2021\\\/10\\\/16\\\/amlo-firma-acuerdo-para-regularizacion-de-autos-chocolate\\\/\"]}]},{\"@type\":\"ImageObject\",\"inLanguage\":\"es\",\"@id\":\"https:\\\/\\\/fuentesfidedignas.com.mx\\\/index.php\\\/2021\\\/10\\\/16\\\/amlo-firma-acuerdo-para-regularizacion-de-autos-chocolate\\\/#primaryimage\",\"url\":\"https:\\\/\\\/fuentesfidedignas.com.mx\\\/wp-content\\\/uploads\\\/2021\\\/10\\\/amlo-lopez-obrador-acuerdos-vehiculos-extranjeros.jpg\",\"contentUrl\":\"https:\\\/\\\/fuentesfidedignas.com.mx\\\/wp-content\\\/uploads\\\/2021\\\/10\\\/amlo-lopez-obrador-acuerdos-vehiculos-extranjeros.jpg\",\"width\":980,\"height\":550},{\"@type\":\"BreadcrumbList\",\"@id\":\"https:\\\/\\\/fuentesfidedignas.com.mx\\\/index.php\\\/2021\\\/10\\\/16\\\/amlo-firma-acuerdo-para-regularizacion-de-autos-chocolate\\\/#breadcrumb\",\"itemListElement\":[{\"@type\":\"ListItem\",\"position\":1,\"name\":\"Inicio\",\"item\":\"https:\\\/\\\/fuentesfidedignas.com.mx\\\/\"},{\"@type\":\"ListItem\",\"position\":2,\"name\":\"AMLO firma acuerdo para regularizaci\u00f3n de autos \u2018chocolate\u2019\"}]},{\"@type\":\"WebSite\",\"@id\":\"https:\\\/\\\/fuentesfidedignas.com.mx\\\/#website\",\"url\":\"https:\\\/\\\/fuentesfidedignas.com.mx\\\/\",\"name\":\"Fuentes Fidedignas\",\"description\":\"Otro sitio realizado con WordPress\",\"publisher\":{\"@id\":\"https:\\\/\\\/fuentesfidedignas.com.mx\\\/#organization\"},\"potentialAction\":[{\"@type\":\"SearchAction\",\"target\":{\"@type\":\"EntryPoint\",\"urlTemplate\":\"https:\\\/\\\/fuentesfidedignas.com.mx\\\/?s={search_term_string}\"},\"query-input\":{\"@type\":\"PropertyValueSpecification\",\"valueRequired\":true,\"valueName\":\"search_term_string\"}}],\"inLanguage\":\"es\"},{\"@type\":\"Organization\",\"@id\":\"https:\\\/\\\/fuentesfidedignas.com.mx\\\/#organization\",\"name\":\"Fuentes Fidedignas\",\"url\":\"https:\\\/\\\/fuentesfidedignas.com.mx\\\/\",\"logo\":{\"@type\":\"ImageObject\",\"inLanguage\":\"es\",\"@id\":\"https:\\\/\\\/fuentesfidedignas.com.mx\\\/#\\\/schema\\\/logo\\\/image\\\/\",\"url\":\"https:\\\/\\\/fuentesfidedignas.com.mx\\\/wp-content\\\/uploads\\\/2021\\\/04\\\/logo-retina.png\",\"contentUrl\":\"https:\\\/\\\/fuentesfidedignas.com.mx\\\/wp-content\\\/uploads\\\/2021\\\/04\\\/logo-retina.png\",\"width\":280,\"height\":51,\"caption\":\"Fuentes Fidedignas\"},\"image\":{\"@id\":\"https:\\\/\\\/fuentesfidedignas.com.mx\\\/#\\\/schema\\\/logo\\\/image\\\/\"},\"sameAs\":[\"https:\\\/\\\/www.facebook.com\\\/Fuentes-Fidedignas-368234489921644\",\"https:\\\/\\\/x.com\\\/fidedignas\"]},{\"@type\":\"Person\",\"@id\":\"https:\\\/\\\/fuentesfidedignas.com.mx\\\/#\\\/schema\\\/person\\\/67d852f0557c8509146a4b9ddebd543a\",\"name\":\"L\u00f3pez D\u00f3riga\",\"image\":{\"@type\":\"ImageObject\",\"inLanguage\":\"es\",\"@id\":\"https:\\\/\\\/secure.gravatar.com\\\/avatar\\\/e525b06574ca18b33cded59dfe5778d6c823b9513154eff47da551b0551bdd1e?s=96&d=mm&r=g\",\"url\":\"https:\\\/\\\/secure.gravatar.com\\\/avatar\\\/e525b06574ca18b33cded59dfe5778d6c823b9513154eff47da551b0551bdd1e?s=96&d=mm&r=g\",\"contentUrl\":\"https:\\\/\\\/secure.gravatar.com\\\/avatar\\\/e525b06574ca18b33cded59dfe5778d6c823b9513154eff47da551b0551bdd1e?s=96&d=mm&r=g\",\"caption\":\"L\u00f3pez D\u00f3riga\"},\"url\":\"https:\\\/\\\/fuentesfidedignas.com.mx\\\/index.php\\\/author\\\/doriga\\\/\"}]}<\/script>\n<!-- \/ Yoast SEO plugin. -->","yoast_head_json":{"title":"AMLO firma acuerdo para regularizaci\u00f3n de autos \u2018chocolate\u2019 - Fuentes Fidedignas","robots":{"index":"index","follow":"follow","max-snippet":"max-snippet:-1","max-image-preview":"max-image-preview:large","max-video-preview":"max-video-preview:-1"},"canonical":"https:\/\/fuentesfidedignas.com.mx\/index.php\/2021\/10\/16\/amlo-firma-acuerdo-para-regularizacion-de-autos-chocolate\/","og_locale":"es_MX","og_type":"article","og_title":"AMLO firma acuerdo para regularizaci\u00f3n de autos \u2018chocolate\u2019 - Fuentes Fidedignas","og_description":"L\u00f3pez Obrador firma acuerdo para regularizaci\u00f3n de autos \u2018chocolate\u2019 &#8211; AMLO Lo\u0301pez Obrador acuerdos autos extranjerosFoto de Gobierno de M\u00e9xico Baja California. En Ensenada, Baja California, el presidente L\u00f3pez Obrador firm\u00f3 el acuerdo para regularizaci\u00f3n de los llamados autos &#8216;chocolate&#8217; El presidente Andr\u00e9s Manuel L\u00f3pez Obrador firm\u00f3 este s\u00e1bado el acuerdo para regularizaci\u00f3n de los [&hellip;]","og_url":"https:\/\/fuentesfidedignas.com.mx\/index.php\/2021\/10\/16\/amlo-firma-acuerdo-para-regularizacion-de-autos-chocolate\/","og_site_name":"Fuentes Fidedignas","article_publisher":"https:\/\/www.facebook.com\/Fuentes-Fidedignas-368234489921644","article_published_time":"2021-10-17T01:16:59+00:00","article_modified_time":"2021-10-17T01:17:02+00:00","og_image":[{"width":980,"height":550,"url":"https:\/\/fuentesfidedignas.com.mx\/wp-content\/uploads\/2021\/10\/amlo-lopez-obrador-acuerdos-vehiculos-extranjeros.jpg","type":"image\/jpeg"}],"author":"L\u00f3pez D\u00f3riga","twitter_card":"summary_large_image","twitter_creator":"@fidedignas","twitter_site":"@fidedignas","twitter_misc":{"Escrito por":"L\u00f3pez D\u00f3riga","Tiempo de lectura":"2 minutos"},"schema":{"@context":"https:\/\/schema.org","@graph":[{"@type":"Article","@id":"https:\/\/fuentesfidedignas.com.mx\/index.php\/2021\/10\/16\/amlo-firma-acuerdo-para-regularizacion-de-autos-chocolate\/#article","isPartOf":{"@id":"https:\/\/fuentesfidedignas.com.mx\/index.php\/2021\/10\/16\/amlo-firma-acuerdo-para-regularizacion-de-autos-chocolate\/"},"author":{"name":"L\u00f3pez D\u00f3riga","@id":"https:\/\/fuentesfidedignas.com.mx\/#\/schema\/person\/67d852f0557c8509146a4b9ddebd543a"},"headline":"AMLO firma acuerdo para regularizaci\u00f3n de autos \u2018chocolate\u2019","datePublished":"2021-10-17T01:16:59+00:00","dateModified":"2021-10-17T01:17:02+00:00","mainEntityOfPage":{"@id":"https:\/\/fuentesfidedignas.com.mx\/index.php\/2021\/10\/16\/amlo-firma-acuerdo-para-regularizacion-de-autos-chocolate\/"},"wordCount":422,"commentCount":0,"publisher":{"@id":"https:\/\/fuentesfidedignas.com.mx\/#organization"},"image":{"@id":"https:\/\/fuentesfidedignas.com.mx\/index.php\/2021\/10\/16\/amlo-firma-acuerdo-para-regularizacion-de-autos-chocolate\/#primaryimage"},"thumbnailUrl":"https:\/\/fuentesfidedignas.com.mx\/wp-content\/uploads\/2021\/10\/amlo-lopez-obrador-acuerdos-vehiculos-extranjeros.jpg","articleSection":["NOTA PRINCIPAL"],"inLanguage":"es","potentialAction":[{"@type":"CommentAction","name":"Comment","target":["https:\/\/fuentesfidedignas.com.mx\/index.php\/2021\/10\/16\/amlo-firma-acuerdo-para-regularizacion-de-autos-chocolate\/#respond"]}]},{"@type":"WebPage","@id":"https:\/\/fuentesfidedignas.com.mx\/index.php\/2021\/10\/16\/amlo-firma-acuerdo-para-regularizacion-de-autos-chocolate\/","url":"https:\/\/fuentesfidedignas.com.mx\/index.php\/2021\/10\/16\/amlo-firma-acuerdo-para-regularizacion-de-autos-chocolate\/","name":"AMLO firma acuerdo para regularizaci\u00f3n de autos \u2018chocolate\u2019 - Fuentes Fidedignas","isPartOf":{"@id":"https:\/\/fuentesfidedignas.com.mx\/#website"},"primaryImageOfPage":{"@id":"https:\/\/fuentesfidedignas.com.mx\/index.php\/2021\/10\/16\/amlo-firma-acuerdo-para-regularizacion-de-autos-chocolate\/#primaryimage"},"image":{"@id":"https:\/\/fuentesfidedignas.com.mx\/index.php\/2021\/10\/16\/amlo-firma-acuerdo-para-regularizacion-de-autos-chocolate\/#primaryimage"},"thumbnailUrl":"https:\/\/fuentesfidedignas.com.mx\/wp-content\/uploads\/2021\/10\/amlo-lopez-obrador-acuerdos-vehiculos-extranjeros.jpg","datePublished":"2021-10-17T01:16:59+00:00","dateModified":"2021-10-17T01:17:02+00:00","breadcrumb":{"@id":"https:\/\/fuentesfidedignas.com.mx\/index.php\/2021\/10\/16\/amlo-firma-acuerdo-para-regularizacion-de-autos-chocolate\/#breadcrumb"},"inLanguage":"es","potentialAction":[{"@type":"ReadAction","target":["https:\/\/fuentesfidedignas.com.mx\/index.php\/2021\/10\/16\/amlo-firma-acuerdo-para-regularizacion-de-autos-chocolate\/"]}]},{"@type":"ImageObject","inLanguage":"es","@id":"https:\/\/fuentesfidedignas.com.mx\/index.php\/2021\/10\/16\/amlo-firma-acuerdo-para-regularizacion-de-autos-chocolate\/#primaryimage","url":"https:\/\/fuentesfidedignas.com.mx\/wp-content\/uploads\/2021\/10\/amlo-lopez-obrador-acuerdos-vehiculos-extranjeros.jpg","contentUrl":"https:\/\/fuentesfidedignas.com.mx\/wp-content\/uploads\/2021\/10\/amlo-lopez-obrador-acuerdos-vehiculos-extranjeros.jpg","width":980,"height":550},{"@type":"BreadcrumbList","@id":"https:\/\/fuentesfidedignas.com.mx\/index.php\/2021\/10\/16\/amlo-firma-acuerdo-para-regularizacion-de-autos-chocolate\/#breadcrumb","itemListElement":[{"@type":"ListItem","position":1,"name":"Inicio","item":"https:\/\/fuentesfidedignas.com.mx\/"},{"@type":"ListItem","position":2,"name":"AMLO firma acuerdo para regularizaci\u00f3n de autos \u2018chocolate\u2019"}]},{"@type":"WebSite","@id":"https:\/\/fuentesfidedignas.com.mx\/#website","url":"https:\/\/fuentesfidedignas.com.mx\/","name":"Fuentes Fidedignas","description":"Otro sitio realizado con WordPress","publisher":{"@id":"https:\/\/fuentesfidedignas.com.mx\/#organization"},"potentialAction":[{"@type":"SearchAction","target":{"@type":"EntryPoint","urlTemplate":"https:\/\/fuentesfidedignas.com.mx\/?s={search_term_string}"},"query-input":{"@type":"PropertyValueSpecification","valueRequired":true,"valueName":"search_term_string"}}],"inLanguage":"es"},{"@type":"Organization","@id":"https:\/\/fuentesfidedignas.com.mx\/#organization","name":"Fuentes Fidedignas","url":"https:\/\/fuentesfidedignas.com.mx\/","logo":{"@type":"ImageObject","inLanguage":"es","@id":"https:\/\/fuentesfidedignas.com.mx\/#\/schema\/logo\/image\/","url":"https:\/\/fuentesfidedignas.com.mx\/wp-content\/uploads\/2021\/04\/logo-retina.png","contentUrl":"https:\/\/fuentesfidedignas.com.mx\/wp-content\/uploads\/2021\/04\/logo-retina.png","width":280,"height":51,"caption":"Fuentes Fidedignas"},"image":{"@id":"https:\/\/fuentesfidedignas.com.mx\/#\/schema\/logo\/image\/"},"sameAs":["https:\/\/www.facebook.com\/Fuentes-Fidedignas-368234489921644","https:\/\/x.com\/fidedignas"]},{"@type":"Person","@id":"https:\/\/fuentesfidedignas.com.mx\/#\/schema\/person\/67d852f0557c8509146a4b9ddebd543a","name":"L\u00f3pez D\u00f3riga","image":{"@type":"ImageObject","inLanguage":"es","@id":"https:\/\/secure.gravatar.com\/avatar\/e525b06574ca18b33cded59dfe5778d6c823b9513154eff47da551b0551bdd1e?s=96&d=mm&r=g","url":"https:\/\/secure.gravatar.com\/avatar\/e525b06574ca18b33cded59dfe5778d6c823b9513154eff47da551b0551bdd1e?s=96&d=mm&r=g","contentUrl":"https:\/\/secure.gravatar.com\/avatar\/e525b06574ca18b33cded59dfe5778d6c823b9513154eff47da551b0551bdd1e?s=96&d=mm&r=g","caption":"L\u00f3pez D\u00f3riga"},"url":"https:\/\/fuentesfidedignas.com.mx\/index.php\/author\/doriga\/"}]}},"_links":{"self":[{"href":"https:\/\/fuentesfidedignas.com.mx\/index.php\/wp-json\/wp\/v2\/posts\/15190","targetHints":{"allow":["GET"]}}],"collection":[{"href":"https:\/\/fuentesfidedignas.com.mx\/index.php\/wp-json\/wp\/v2\/posts"}],"about":[{"href":"https:\/\/fuentesfidedignas.com.mx\/index.php\/wp-json\/wp\/v2\/types\/post"}],"author":[{"embeddable":true,"href":"https:\/\/fuentesfidedignas.com.mx\/index.php\/wp-json\/wp\/v2\/users\/47"}],"replies":[{"embeddable":true,"href":"https:\/\/fuentesfidedignas.com.mx\/index.php\/wp-json\/wp\/v2\/comments?post=15190"}],"version-history":[{"count":1,"href":"https:\/\/fuentesfidedignas.com.mx\/index.php\/wp-json\/wp\/v2\/posts\/15190\/revisions"}],"predecessor-version":[{"id":15192,"href":"https:\/\/fuentesfidedignas.com.mx\/index.php\/wp-json\/wp\/v2\/posts\/15190\/revisions\/15192"}],"wp:featuredmedia":[{"embeddable":true,"href":"https:\/\/fuentesfidedignas.com.mx\/index.php\/wp-json\/wp\/v2\/media\/15191"}],"wp:attachment":[{"href":"https:\/\/fuentesfidedignas.com.mx\/index.php\/wp-json\/wp\/v2\/media?parent=15190"}],"wp:term":[{"taxonomy":"category","embeddable":true,"href":"https:\/\/fuentesfidedignas.com.mx\/index.php\/wp-json\/wp\/v2\/categories?post=15190"},{"taxonomy":"post_tag","embeddable":true,"href":"https:\/\/fuentesfidedignas.com.mx\/index.php\/wp-json\/wp\/v2\/tags?post=15190"}],"curies":[{"name":"wp","href":"https:\/\/api.w.org\/{rel}","templated":true}]}}