{"id":15173,"date":"2021-10-16T16:03:46","date_gmt":"2021-10-16T23:03:46","guid":{"rendered":"https:\/\/fuentesfidedignas.com.mx\/?p=15173"},"modified":"2021-10-16T16:03:48","modified_gmt":"2021-10-16T23:03:48","slug":"pueblo-yaqui-llega-a-acuerdo-con-sonora-por-cobro-de-casetas","status":"publish","type":"post","link":"https:\/\/fuentesfidedignas.com.mx\/index.php\/2021\/10\/16\/pueblo-yaqui-llega-a-acuerdo-con-sonora-por-cobro-de-casetas\/","title":{"rendered":"Pueblo Yaqui llega a acuerdo con Sonora por cobro de casetas"},"content":{"rendered":"\n<p><br><br><strong><em>Mediante este acuerdo se busca evitar que la tribu yaqui bloquee y cobre a conductores y transportistas que atraviesan el noroeste de M\u00e9xico, a trav\u00e9s de la carretera M\u00e9xico 15<\/em><\/strong><\/p>\n\n\n\n<p><br>Sonora.- El Gobierno de Sonora y los gobernadores del Pueblo Yaqui acordaron este viernes que los recursos que se recaben en una caseta de cobro de una carretera de la entidad sean destinados a esa comunidad ind\u00edgena.<\/p>\n\n\n\n<p>Mediante este acuerdo se busca evitar que la tribu yaqui bloquee y cobre a conductores y transportistas que atraviesan el noroeste de M\u00e9xico, a trav\u00e9s de la carretera M\u00e9xico 15, la \u00fanica carretera internacional que conecta al pa\u00eds, desde el centro, en Ciudad de M\u00e9xico hasta el norte en los estados de Sinaloa y Sonora y se conecta con Arizona y la costa oeste de los Estados Unidos.<\/p>\n\n\n\n<p>\u201cPor nuestro territorio atraviesan muchos servicios como el ferrocarril, energ\u00eda el\u00e9ctrica, ductos de hidrocarburos y acueductos y la propia carretera, sabemos que hay convenios para beneficiar a los yaquis con el dinero que cobran de peaje, pero nunca se han cumplido\u201d, dijo Jes\u00fas Patricio Varela, representante de los yaquis.<\/p>\n\n\n\n<p>Las autoridades ind\u00edgenas solicitaron al nuevo gobernador de Sonora, Alfonso Durazo, que una parte de los recurso se destine a las acciones para el desarrollo social de los ocho pueblos como salud, educaci\u00f3n, instalaciones deportivas y apoyo a los j\u00f3venes ind\u00edgenas.<\/p>\n\n\n\n<p>Los bloqueos a la Carretera Federal M\u00e9xico 15, que realizan los yaquis en su territorio, llevan m\u00e1s de 10 a\u00f1os afectando el traslado de mercanc\u00edas, alimentos perecederos e insumos de diferentes sectores.<\/p>\n\n\n\n<p>\u201cDurante a\u00f1os han pasado esas infraestructuras, por eso queremos hacer un cobro de v\u00eda y formalizar el acuerdo de la caseta de cobro\u201d, agreg\u00f3 el l\u00edder ind\u00edgena y se comprometi\u00f3 a retirar todos los bloqueos carreteros.<\/p>\n\n\n\n<p>En ese sentido, el gobernador Durazo dijo que es necesario \u201cformalizar el derecho de todos los pueblos yaquis de recibir una parte de los ingresos que se generan en la caseta de cobro de Ciudad Obreg\u00f3n\u201d.<\/p>\n\n\n\n<p>Adem\u00e1s, el mandatario estatal dijo que no es un programa asistencial, sino el reconocimiento de sus derechos leg\u00edtimos.<\/p>\n\n\n\n<p>Durazo cont\u00f3 que ya habl\u00f3 con el presidente Andr\u00e9s Manuel L\u00f3pez Obrador sobre mover la caseta de cobro y que una parte de los ingresos beneficien a los yaquis y que est\u00e1 de acuerdo en beneficiar a los ind\u00edgenas tambi\u00e9n con programas sociales.<\/p>\n\n\n\n<p>El pasado 28 de septiembre fueron firmados distintos decretos por mediante los que se da la restituci\u00f3n de tierra, territorio y agua al pueblo yaqui.<\/p>\n\n\n\n<p>Uno de los decretos entrega a favor del pueblo yaqui 2,943 hect\u00e1reas, ubicadas en los municipios de Guaymas, Cajeme, Empalme y San Ignacio R\u00edo Muerto, estado de Sonora, con lo que devuelve el patrimonio territorial a t\u00edtulo colectivo.<\/p>\n\n\n\n<p>Otros de los decretos el que establece que en el Distrito de Riego 018 del pueblo yaqui, integrado por las comunidades de V\u00edcam Pueblo, Primera Cabecera, P\u00f3tam, Segunda Cabecera, T\u00f3rim, Rahum, Hu\u00edrivis, Belem, Loma de B\u00e1cum y C\u00f3corit-Loma de Guam\u00fachil \u201cse garantiza el derecho al agua para uso agr\u00edcola de la tribu\u201d.<\/p>\n","protected":false},"excerpt":{"rendered":"<p>Mediante este acuerdo se busca evitar que la tribu yaqui bloquee y cobre a conductores y transportistas que atraviesan el noroeste de M\u00e9xico, a trav\u00e9s de la carretera M\u00e9xico 15 Sonora.- El Gobierno de Sonora y los gobernadores del Pueblo Yaqui acordaron este viernes que los recursos que se recaben en una caseta de cobro [&hellip;]<\/p>\n","protected":false},"author":5,"featured_media":15174,"comment_status":"open","ping_status":"open","sticky":false,"template":"","format":"standard","meta":{"tdm_status":"","tdm_grid_status":"","footnotes":""},"categories":[39],"tags":[],"class_list":{"0":"post-15173","1":"post","2":"type-post","3":"status-publish","4":"format-standard","5":"has-post-thumbnail","7":"category-noticias-nacionales"},"yoast_head":"<!-- This site is optimized with the Yoast SEO plugin v27.5 - https:\/\/yoast.com\/product\/yoast-seo-wordpress\/ -->\n<title>Pueblo Yaqui llega a acuerdo con Sonora por cobro de casetas - Fuentes Fidedignas<\/title>\n<meta name=\"robots\" content=\"index, follow, max-snippet:-1, max-image-preview:large, max-video-preview:-1\" \/>\n<link rel=\"canonical\" href=\"https:\/\/fuentesfidedignas.com.mx\/index.php\/2021\/10\/16\/pueblo-yaqui-llega-a-acuerdo-con-sonora-por-cobro-de-casetas\/\" \/>\n<meta property=\"og:locale\" content=\"es_MX\" \/>\n<meta property=\"og:type\" content=\"article\" \/>\n<meta property=\"og:title\" content=\"Pueblo Yaqui llega a acuerdo con Sonora por cobro de casetas - Fuentes Fidedignas\" \/>\n<meta property=\"og:description\" content=\"Mediante este acuerdo se busca evitar que la tribu yaqui bloquee y cobre a conductores y transportistas que atraviesan el noroeste de M\u00e9xico, a trav\u00e9s de la carretera M\u00e9xico 15 Sonora.- El Gobierno de Sonora y los gobernadores del Pueblo Yaqui acordaron este viernes que los recursos que se recaben en una caseta de cobro [&hellip;]\" \/>\n<meta property=\"og:url\" content=\"https:\/\/fuentesfidedignas.com.mx\/index.php\/2021\/10\/16\/pueblo-yaqui-llega-a-acuerdo-con-sonora-por-cobro-de-casetas\/\" \/>\n<meta property=\"og:site_name\" content=\"Fuentes Fidedignas\" \/>\n<meta property=\"article:publisher\" content=\"https:\/\/www.facebook.com\/Fuentes-Fidedignas-368234489921644\" \/>\n<meta property=\"article:published_time\" content=\"2021-10-16T23:03:46+00:00\" \/>\n<meta property=\"article:modified_time\" content=\"2021-10-16T23:03:48+00:00\" \/>\n<meta property=\"og:image\" content=\"https:\/\/fuentesfidedignas.com.mx\/wp-content\/uploads\/2021\/10\/caseta-capufe-768x432-1.jpg\" \/>\n\t<meta property=\"og:image:width\" content=\"768\" \/>\n\t<meta property=\"og:image:height\" content=\"432\" \/>\n\t<meta property=\"og:image:type\" content=\"image\/jpeg\" \/>\n<meta name=\"author\" content=\"Forbes\" \/>\n<meta name=\"twitter:card\" content=\"summary_large_image\" \/>\n<meta name=\"twitter:creator\" content=\"@fidedignas\" \/>\n<meta name=\"twitter:site\" content=\"@fidedignas\" \/>\n<meta name=\"twitter:label1\" content=\"Escrito por\" \/>\n\t<meta name=\"twitter:data1\" content=\"Forbes\" \/>\n\t<meta name=\"twitter:label2\" content=\"Tiempo de lectura\" \/>\n\t<meta name=\"twitter:data2\" content=\"3 minutos\" \/>\n<script type=\"application\/ld+json\" class=\"yoast-schema-graph\">{\"@context\":\"https:\\\/\\\/schema.org\",\"@graph\":[{\"@type\":\"Article\",\"@id\":\"https:\\\/\\\/fuentesfidedignas.com.mx\\\/index.php\\\/2021\\\/10\\\/16\\\/pueblo-yaqui-llega-a-acuerdo-con-sonora-por-cobro-de-casetas\\\/#article\",\"isPartOf\":{\"@id\":\"https:\\\/\\\/fuentesfidedignas.com.mx\\\/index.php\\\/2021\\\/10\\\/16\\\/pueblo-yaqui-llega-a-acuerdo-con-sonora-por-cobro-de-casetas\\\/\"},\"author\":{\"name\":\"Forbes\",\"@id\":\"https:\\\/\\\/fuentesfidedignas.com.mx\\\/#\\\/schema\\\/person\\\/5623d53fe2e579d825b1679734abcc44\"},\"headline\":\"Pueblo Yaqui llega a acuerdo con Sonora por cobro de casetas\",\"datePublished\":\"2021-10-16T23:03:46+00:00\",\"dateModified\":\"2021-10-16T23:03:48+00:00\",\"mainEntityOfPage\":{\"@id\":\"https:\\\/\\\/fuentesfidedignas.com.mx\\\/index.php\\\/2021\\\/10\\\/16\\\/pueblo-yaqui-llega-a-acuerdo-con-sonora-por-cobro-de-casetas\\\/\"},\"wordCount\":553,\"commentCount\":0,\"publisher\":{\"@id\":\"https:\\\/\\\/fuentesfidedignas.com.mx\\\/#organization\"},\"image\":{\"@id\":\"https:\\\/\\\/fuentesfidedignas.com.mx\\\/index.php\\\/2021\\\/10\\\/16\\\/pueblo-yaqui-llega-a-acuerdo-con-sonora-por-cobro-de-casetas\\\/#primaryimage\"},\"thumbnailUrl\":\"https:\\\/\\\/fuentesfidedignas.com.mx\\\/wp-content\\\/uploads\\\/2021\\\/10\\\/caseta-capufe-768x432-1.jpg\",\"articleSection\":[\"NOTICIAS NACIONALES\"],\"inLanguage\":\"es\",\"potentialAction\":[{\"@type\":\"CommentAction\",\"name\":\"Comment\",\"target\":[\"https:\\\/\\\/fuentesfidedignas.com.mx\\\/index.php\\\/2021\\\/10\\\/16\\\/pueblo-yaqui-llega-a-acuerdo-con-sonora-por-cobro-de-casetas\\\/#respond\"]}]},{\"@type\":\"WebPage\",\"@id\":\"https:\\\/\\\/fuentesfidedignas.com.mx\\\/index.php\\\/2021\\\/10\\\/16\\\/pueblo-yaqui-llega-a-acuerdo-con-sonora-por-cobro-de-casetas\\\/\",\"url\":\"https:\\\/\\\/fuentesfidedignas.com.mx\\\/index.php\\\/2021\\\/10\\\/16\\\/pueblo-yaqui-llega-a-acuerdo-con-sonora-por-cobro-de-casetas\\\/\",\"name\":\"Pueblo Yaqui llega a acuerdo con Sonora por cobro de casetas - Fuentes Fidedignas\",\"isPartOf\":{\"@id\":\"https:\\\/\\\/fuentesfidedignas.com.mx\\\/#website\"},\"primaryImageOfPage\":{\"@id\":\"https:\\\/\\\/fuentesfidedignas.com.mx\\\/index.php\\\/2021\\\/10\\\/16\\\/pueblo-yaqui-llega-a-acuerdo-con-sonora-por-cobro-de-casetas\\\/#primaryimage\"},\"image\":{\"@id\":\"https:\\\/\\\/fuentesfidedignas.com.mx\\\/index.php\\\/2021\\\/10\\\/16\\\/pueblo-yaqui-llega-a-acuerdo-con-sonora-por-cobro-de-casetas\\\/#primaryimage\"},\"thumbnailUrl\":\"https:\\\/\\\/fuentesfidedignas.com.mx\\\/wp-content\\\/uploads\\\/2021\\\/10\\\/caseta-capufe-768x432-1.jpg\",\"datePublished\":\"2021-10-16T23:03:46+00:00\",\"dateModified\":\"2021-10-16T23:03:48+00:00\",\"breadcrumb\":{\"@id\":\"https:\\\/\\\/fuentesfidedignas.com.mx\\\/index.php\\\/2021\\\/10\\\/16\\\/pueblo-yaqui-llega-a-acuerdo-con-sonora-por-cobro-de-casetas\\\/#breadcrumb\"},\"inLanguage\":\"es\",\"potentialAction\":[{\"@type\":\"ReadAction\",\"target\":[\"https:\\\/\\\/fuentesfidedignas.com.mx\\\/index.php\\\/2021\\\/10\\\/16\\\/pueblo-yaqui-llega-a-acuerdo-con-sonora-por-cobro-de-casetas\\\/\"]}]},{\"@type\":\"ImageObject\",\"inLanguage\":\"es\",\"@id\":\"https:\\\/\\\/fuentesfidedignas.com.mx\\\/index.php\\\/2021\\\/10\\\/16\\\/pueblo-yaqui-llega-a-acuerdo-con-sonora-por-cobro-de-casetas\\\/#primaryimage\",\"url\":\"https:\\\/\\\/fuentesfidedignas.com.mx\\\/wp-content\\\/uploads\\\/2021\\\/10\\\/caseta-capufe-768x432-1.jpg\",\"contentUrl\":\"https:\\\/\\\/fuentesfidedignas.com.mx\\\/wp-content\\\/uploads\\\/2021\\\/10\\\/caseta-capufe-768x432-1.jpg\",\"width\":768,\"height\":432},{\"@type\":\"BreadcrumbList\",\"@id\":\"https:\\\/\\\/fuentesfidedignas.com.mx\\\/index.php\\\/2021\\\/10\\\/16\\\/pueblo-yaqui-llega-a-acuerdo-con-sonora-por-cobro-de-casetas\\\/#breadcrumb\",\"itemListElement\":[{\"@type\":\"ListItem\",\"position\":1,\"name\":\"Inicio\",\"item\":\"https:\\\/\\\/fuentesfidedignas.com.mx\\\/\"},{\"@type\":\"ListItem\",\"position\":2,\"name\":\"Pueblo Yaqui llega a acuerdo con Sonora por cobro de casetas\"}]},{\"@type\":\"WebSite\",\"@id\":\"https:\\\/\\\/fuentesfidedignas.com.mx\\\/#website\",\"url\":\"https:\\\/\\\/fuentesfidedignas.com.mx\\\/\",\"name\":\"Fuentes Fidedignas\",\"description\":\"Otro sitio realizado con WordPress\",\"publisher\":{\"@id\":\"https:\\\/\\\/fuentesfidedignas.com.mx\\\/#organization\"},\"potentialAction\":[{\"@type\":\"SearchAction\",\"target\":{\"@type\":\"EntryPoint\",\"urlTemplate\":\"https:\\\/\\\/fuentesfidedignas.com.mx\\\/?s={search_term_string}\"},\"query-input\":{\"@type\":\"PropertyValueSpecification\",\"valueRequired\":true,\"valueName\":\"search_term_string\"}}],\"inLanguage\":\"es\"},{\"@type\":\"Organization\",\"@id\":\"https:\\\/\\\/fuentesfidedignas.com.mx\\\/#organization\",\"name\":\"Fuentes Fidedignas\",\"url\":\"https:\\\/\\\/fuentesfidedignas.com.mx\\\/\",\"logo\":{\"@type\":\"ImageObject\",\"inLanguage\":\"es\",\"@id\":\"https:\\\/\\\/fuentesfidedignas.com.mx\\\/#\\\/schema\\\/logo\\\/image\\\/\",\"url\":\"https:\\\/\\\/fuentesfidedignas.com.mx\\\/wp-content\\\/uploads\\\/2021\\\/04\\\/logo-retina.png\",\"contentUrl\":\"https:\\\/\\\/fuentesfidedignas.com.mx\\\/wp-content\\\/uploads\\\/2021\\\/04\\\/logo-retina.png\",\"width\":280,\"height\":51,\"caption\":\"Fuentes Fidedignas\"},\"image\":{\"@id\":\"https:\\\/\\\/fuentesfidedignas.com.mx\\\/#\\\/schema\\\/logo\\\/image\\\/\"},\"sameAs\":[\"https:\\\/\\\/www.facebook.com\\\/Fuentes-Fidedignas-368234489921644\",\"https:\\\/\\\/x.com\\\/fidedignas\"]},{\"@type\":\"Person\",\"@id\":\"https:\\\/\\\/fuentesfidedignas.com.mx\\\/#\\\/schema\\\/person\\\/5623d53fe2e579d825b1679734abcc44\",\"name\":\"Forbes\",\"image\":{\"@type\":\"ImageObject\",\"inLanguage\":\"es\",\"@id\":\"https:\\\/\\\/secure.gravatar.com\\\/avatar\\\/87ce3dd4e41e60c22a79c758614f01a6bc2469255fc936ec7b15efb9bb5cb66f?s=96&d=mm&r=g\",\"url\":\"https:\\\/\\\/secure.gravatar.com\\\/avatar\\\/87ce3dd4e41e60c22a79c758614f01a6bc2469255fc936ec7b15efb9bb5cb66f?s=96&d=mm&r=g\",\"contentUrl\":\"https:\\\/\\\/secure.gravatar.com\\\/avatar\\\/87ce3dd4e41e60c22a79c758614f01a6bc2469255fc936ec7b15efb9bb5cb66f?s=96&d=mm&r=g\",\"caption\":\"Forbes\"},\"url\":\"https:\\\/\\\/fuentesfidedignas.com.mx\\\/index.php\\\/author\\\/forbes\\\/\"}]}<\/script>\n<!-- \/ Yoast SEO plugin. -->","yoast_head_json":{"title":"Pueblo Yaqui llega a acuerdo con Sonora por cobro de casetas - Fuentes Fidedignas","robots":{"index":"index","follow":"follow","max-snippet":"max-snippet:-1","max-image-preview":"max-image-preview:large","max-video-preview":"max-video-preview:-1"},"canonical":"https:\/\/fuentesfidedignas.com.mx\/index.php\/2021\/10\/16\/pueblo-yaqui-llega-a-acuerdo-con-sonora-por-cobro-de-casetas\/","og_locale":"es_MX","og_type":"article","og_title":"Pueblo Yaqui llega a acuerdo con Sonora por cobro de casetas - Fuentes Fidedignas","og_description":"Mediante este acuerdo se busca evitar que la tribu yaqui bloquee y cobre a conductores y transportistas que atraviesan el noroeste de M\u00e9xico, a trav\u00e9s de la carretera M\u00e9xico 15 Sonora.- El Gobierno de Sonora y los gobernadores del Pueblo Yaqui acordaron este viernes que los recursos que se recaben en una caseta de cobro [&hellip;]","og_url":"https:\/\/fuentesfidedignas.com.mx\/index.php\/2021\/10\/16\/pueblo-yaqui-llega-a-acuerdo-con-sonora-por-cobro-de-casetas\/","og_site_name":"Fuentes Fidedignas","article_publisher":"https:\/\/www.facebook.com\/Fuentes-Fidedignas-368234489921644","article_published_time":"2021-10-16T23:03:46+00:00","article_modified_time":"2021-10-16T23:03:48+00:00","og_image":[{"width":768,"height":432,"url":"https:\/\/fuentesfidedignas.com.mx\/wp-content\/uploads\/2021\/10\/caseta-capufe-768x432-1.jpg","type":"image\/jpeg"}],"author":"Forbes","twitter_card":"summary_large_image","twitter_creator":"@fidedignas","twitter_site":"@fidedignas","twitter_misc":{"Escrito por":"Forbes","Tiempo de lectura":"3 minutos"},"schema":{"@context":"https:\/\/schema.org","@graph":[{"@type":"Article","@id":"https:\/\/fuentesfidedignas.com.mx\/index.php\/2021\/10\/16\/pueblo-yaqui-llega-a-acuerdo-con-sonora-por-cobro-de-casetas\/#article","isPartOf":{"@id":"https:\/\/fuentesfidedignas.com.mx\/index.php\/2021\/10\/16\/pueblo-yaqui-llega-a-acuerdo-con-sonora-por-cobro-de-casetas\/"},"author":{"name":"Forbes","@id":"https:\/\/fuentesfidedignas.com.mx\/#\/schema\/person\/5623d53fe2e579d825b1679734abcc44"},"headline":"Pueblo Yaqui llega a acuerdo con Sonora por cobro de casetas","datePublished":"2021-10-16T23:03:46+00:00","dateModified":"2021-10-16T23:03:48+00:00","mainEntityOfPage":{"@id":"https:\/\/fuentesfidedignas.com.mx\/index.php\/2021\/10\/16\/pueblo-yaqui-llega-a-acuerdo-con-sonora-por-cobro-de-casetas\/"},"wordCount":553,"commentCount":0,"publisher":{"@id":"https:\/\/fuentesfidedignas.com.mx\/#organization"},"image":{"@id":"https:\/\/fuentesfidedignas.com.mx\/index.php\/2021\/10\/16\/pueblo-yaqui-llega-a-acuerdo-con-sonora-por-cobro-de-casetas\/#primaryimage"},"thumbnailUrl":"https:\/\/fuentesfidedignas.com.mx\/wp-content\/uploads\/2021\/10\/caseta-capufe-768x432-1.jpg","articleSection":["NOTICIAS NACIONALES"],"inLanguage":"es","potentialAction":[{"@type":"CommentAction","name":"Comment","target":["https:\/\/fuentesfidedignas.com.mx\/index.php\/2021\/10\/16\/pueblo-yaqui-llega-a-acuerdo-con-sonora-por-cobro-de-casetas\/#respond"]}]},{"@type":"WebPage","@id":"https:\/\/fuentesfidedignas.com.mx\/index.php\/2021\/10\/16\/pueblo-yaqui-llega-a-acuerdo-con-sonora-por-cobro-de-casetas\/","url":"https:\/\/fuentesfidedignas.com.mx\/index.php\/2021\/10\/16\/pueblo-yaqui-llega-a-acuerdo-con-sonora-por-cobro-de-casetas\/","name":"Pueblo Yaqui llega a acuerdo con Sonora por cobro de casetas - Fuentes Fidedignas","isPartOf":{"@id":"https:\/\/fuentesfidedignas.com.mx\/#website"},"primaryImageOfPage":{"@id":"https:\/\/fuentesfidedignas.com.mx\/index.php\/2021\/10\/16\/pueblo-yaqui-llega-a-acuerdo-con-sonora-por-cobro-de-casetas\/#primaryimage"},"image":{"@id":"https:\/\/fuentesfidedignas.com.mx\/index.php\/2021\/10\/16\/pueblo-yaqui-llega-a-acuerdo-con-sonora-por-cobro-de-casetas\/#primaryimage"},"thumbnailUrl":"https:\/\/fuentesfidedignas.com.mx\/wp-content\/uploads\/2021\/10\/caseta-capufe-768x432-1.jpg","datePublished":"2021-10-16T23:03:46+00:00","dateModified":"2021-10-16T23:03:48+00:00","breadcrumb":{"@id":"https:\/\/fuentesfidedignas.com.mx\/index.php\/2021\/10\/16\/pueblo-yaqui-llega-a-acuerdo-con-sonora-por-cobro-de-casetas\/#breadcrumb"},"inLanguage":"es","potentialAction":[{"@type":"ReadAction","target":["https:\/\/fuentesfidedignas.com.mx\/index.php\/2021\/10\/16\/pueblo-yaqui-llega-a-acuerdo-con-sonora-por-cobro-de-casetas\/"]}]},{"@type":"ImageObject","inLanguage":"es","@id":"https:\/\/fuentesfidedignas.com.mx\/index.php\/2021\/10\/16\/pueblo-yaqui-llega-a-acuerdo-con-sonora-por-cobro-de-casetas\/#primaryimage","url":"https:\/\/fuentesfidedignas.com.mx\/wp-content\/uploads\/2021\/10\/caseta-capufe-768x432-1.jpg","contentUrl":"https:\/\/fuentesfidedignas.com.mx\/wp-content\/uploads\/2021\/10\/caseta-capufe-768x432-1.jpg","width":768,"height":432},{"@type":"BreadcrumbList","@id":"https:\/\/fuentesfidedignas.com.mx\/index.php\/2021\/10\/16\/pueblo-yaqui-llega-a-acuerdo-con-sonora-por-cobro-de-casetas\/#breadcrumb","itemListElement":[{"@type":"ListItem","position":1,"name":"Inicio","item":"https:\/\/fuentesfidedignas.com.mx\/"},{"@type":"ListItem","position":2,"name":"Pueblo Yaqui llega a acuerdo con Sonora por cobro de casetas"}]},{"@type":"WebSite","@id":"https:\/\/fuentesfidedignas.com.mx\/#website","url":"https:\/\/fuentesfidedignas.com.mx\/","name":"Fuentes Fidedignas","description":"Otro sitio realizado con WordPress","publisher":{"@id":"https:\/\/fuentesfidedignas.com.mx\/#organization"},"potentialAction":[{"@type":"SearchAction","target":{"@type":"EntryPoint","urlTemplate":"https:\/\/fuentesfidedignas.com.mx\/?s={search_term_string}"},"query-input":{"@type":"PropertyValueSpecification","valueRequired":true,"valueName":"search_term_string"}}],"inLanguage":"es"},{"@type":"Organization","@id":"https:\/\/fuentesfidedignas.com.mx\/#organization","name":"Fuentes Fidedignas","url":"https:\/\/fuentesfidedignas.com.mx\/","logo":{"@type":"ImageObject","inLanguage":"es","@id":"https:\/\/fuentesfidedignas.com.mx\/#\/schema\/logo\/image\/","url":"https:\/\/fuentesfidedignas.com.mx\/wp-content\/uploads\/2021\/04\/logo-retina.png","contentUrl":"https:\/\/fuentesfidedignas.com.mx\/wp-content\/uploads\/2021\/04\/logo-retina.png","width":280,"height":51,"caption":"Fuentes Fidedignas"},"image":{"@id":"https:\/\/fuentesfidedignas.com.mx\/#\/schema\/logo\/image\/"},"sameAs":["https:\/\/www.facebook.com\/Fuentes-Fidedignas-368234489921644","https:\/\/x.com\/fidedignas"]},{"@type":"Person","@id":"https:\/\/fuentesfidedignas.com.mx\/#\/schema\/person\/5623d53fe2e579d825b1679734abcc44","name":"Forbes","image":{"@type":"ImageObject","inLanguage":"es","@id":"https:\/\/secure.gravatar.com\/avatar\/87ce3dd4e41e60c22a79c758614f01a6bc2469255fc936ec7b15efb9bb5cb66f?s=96&d=mm&r=g","url":"https:\/\/secure.gravatar.com\/avatar\/87ce3dd4e41e60c22a79c758614f01a6bc2469255fc936ec7b15efb9bb5cb66f?s=96&d=mm&r=g","contentUrl":"https:\/\/secure.gravatar.com\/avatar\/87ce3dd4e41e60c22a79c758614f01a6bc2469255fc936ec7b15efb9bb5cb66f?s=96&d=mm&r=g","caption":"Forbes"},"url":"https:\/\/fuentesfidedignas.com.mx\/index.php\/author\/forbes\/"}]}},"_links":{"self":[{"href":"https:\/\/fuentesfidedignas.com.mx\/index.php\/wp-json\/wp\/v2\/posts\/15173","targetHints":{"allow":["GET"]}}],"collection":[{"href":"https:\/\/fuentesfidedignas.com.mx\/index.php\/wp-json\/wp\/v2\/posts"}],"about":[{"href":"https:\/\/fuentesfidedignas.com.mx\/index.php\/wp-json\/wp\/v2\/types\/post"}],"author":[{"embeddable":true,"href":"https:\/\/fuentesfidedignas.com.mx\/index.php\/wp-json\/wp\/v2\/users\/5"}],"replies":[{"embeddable":true,"href":"https:\/\/fuentesfidedignas.com.mx\/index.php\/wp-json\/wp\/v2\/comments?post=15173"}],"version-history":[{"count":1,"href":"https:\/\/fuentesfidedignas.com.mx\/index.php\/wp-json\/wp\/v2\/posts\/15173\/revisions"}],"predecessor-version":[{"id":15175,"href":"https:\/\/fuentesfidedignas.com.mx\/index.php\/wp-json\/wp\/v2\/posts\/15173\/revisions\/15175"}],"wp:featuredmedia":[{"embeddable":true,"href":"https:\/\/fuentesfidedignas.com.mx\/index.php\/wp-json\/wp\/v2\/media\/15174"}],"wp:attachment":[{"href":"https:\/\/fuentesfidedignas.com.mx\/index.php\/wp-json\/wp\/v2\/media?parent=15173"}],"wp:term":[{"taxonomy":"category","embeddable":true,"href":"https:\/\/fuentesfidedignas.com.mx\/index.php\/wp-json\/wp\/v2\/categories?post=15173"},{"taxonomy":"post_tag","embeddable":true,"href":"https:\/\/fuentesfidedignas.com.mx\/index.php\/wp-json\/wp\/v2\/tags?post=15173"}],"curies":[{"name":"wp","href":"https:\/\/api.w.org\/{rel}","templated":true}]}}