{"id":15128,"date":"2021-10-15T17:39:50","date_gmt":"2021-10-16T00:39:50","guid":{"rendered":"https:\/\/fuentesfidedignas.com.mx\/?p=15128"},"modified":"2021-10-15T17:41:52","modified_gmt":"2021-10-16T00:41:52","slug":"sinaloa-se-mantendra-en-verde-en-semaforo-covid-19","status":"publish","type":"post","link":"https:\/\/fuentesfidedignas.com.mx\/index.php\/2021\/10\/15\/sinaloa-se-mantendra-en-verde-en-semaforo-covid-19\/","title":{"rendered":"Sem\u00e1foro Covid-19: Sinaloa se mantendr\u00e1 en color verde"},"content":{"rendered":"\n<p><strong><em>La actualizaci\u00f3n del Sem\u00e1foro Covid-19 a nivel nacional ubica a la mayor parte del pa\u00eds en color verde, equivalente a un riesgo bajo de contagio<\/em><\/strong><\/p>\n\n\n\n<p>Ciudad de M\u00e9xico. En total, 20 entidades estar\u00e1n bajo el color verde a partir del pr\u00f3ximo lunes 18 de octubre; 11 estados se ubicar\u00e1n en amarillo (riesgo medio) y una entidad \u2014Baja California\u2014 estar\u00e1 en naranja (riesgo algo); ninguna estar\u00e1 en rojo (riesgo m\u00e1ximo).<\/p>\n\n\n\n<p>Todo el centro del pa\u00eds, incluida la Ciudad de M\u00e9xico, considerada el principal epicentro de la epidemia de Covid-19 en el pa\u00eds, fue clasificado en color verde, con excepci\u00f3n de Morelos, que estar\u00e1 en amarillo.<\/p>\n\n\n\n<p>Las otras entidades en amarillo en el Sem\u00e1foro Covid-19 son Aguascalientes, Chihuahua, Coahuila, Colima, Guanajuato, Jalisco, Quer\u00e9taro, Quintana Roo, Tabasco y Yucat\u00e1n.<\/p>\n\n\n\n<figure class=\"wp-block-image size-full\"><img decoding=\"async\" width=\"768\" height=\"432\" src=\"https:\/\/fuentesfidedignas.com.mx\/wp-content\/uploads\/2021\/10\/semaforo-covid-1-768x432-1.jpg\" alt=\"\" class=\"wp-image-15129\" srcset=\"https:\/\/fuentesfidedignas.com.mx\/wp-content\/uploads\/2021\/10\/semaforo-covid-1-768x432-1.jpg 768w, https:\/\/fuentesfidedignas.com.mx\/wp-content\/uploads\/2021\/10\/semaforo-covid-1-768x432-1-300x169.jpg 300w\" sizes=\"(max-width: 768px) 100vw, 768px\" \/><\/figure>\n\n\n\n<p><br><strong>Reportan 434 nuevos decesos por Covid-19<\/strong><\/p>\n\n\n\n<p>La Secretar\u00eda de Salud (Ssa) report\u00f3 este viernes 434 nuevas muertes por Covid-19 para un total de 284,008 defunciones, adem\u00e1s de otros 5,286 nuevos casos para llegar hasta los 3,749,860 contagios.<\/p>\n\n\n\n<p>El pasado martes, el estratega del Gobierno mexicano contra el coronavirus, Hugo L\u00f3pez-Gatell, dijo en conferencia de prensa que \u201cdurante 10 semanas consecutivas la tercera ola de la epidemia ha ido reduciendo en todos los indicadores\u201d.<\/p>\n\n\n\n<p>La Ssa estima que hay en el pa\u00eds 39,404 casos activos, por haber presentado s\u00edntomas durante los \u00faltimos 14 d\u00edas y que suponen el 1% de todos los que se han enfermado de Covid-19.<\/p>\n\n\n\n<p>Adem\u00e1s, desde el inicio de la pandemia se han recuperado 3,108,714 personas, report\u00f3 la dependencia.<\/p>\n\n\n\n<p>La ocupaci\u00f3n media de camas generales en los hospitales es del 26% y del 23% para camas de terapia intensiva.<\/p>\n\n\n\n<p>Con respecto a las defunciones, la Ciudad de M\u00e9xico acumula el 18.2% de todos los decesos a nivel nacional.<\/p>\n","protected":false},"excerpt":{"rendered":"<p>La actualizaci\u00f3n del Sem\u00e1foro Covid-19 a nivel nacional ubica a la mayor parte del pa\u00eds en color verde, equivalente a un riesgo bajo de contagio Ciudad de M\u00e9xico. En total, 20 entidades estar\u00e1n bajo el color verde a partir del pr\u00f3ximo lunes 18 de octubre; 11 estados se ubicar\u00e1n en amarillo (riesgo medio) y una [&hellip;]<\/p>\n","protected":false},"author":5,"featured_media":15130,"comment_status":"open","ping_status":"open","sticky":false,"template":"","format":"standard","meta":{"tdm_status":"","tdm_grid_status":"","footnotes":""},"categories":[37],"tags":[],"class_list":{"0":"post-15128","1":"post","2":"type-post","3":"status-publish","4":"format-standard","5":"has-post-thumbnail","7":"category-nota-principal"},"yoast_head":"<!-- This site is optimized with the Yoast SEO plugin v27.5 - https:\/\/yoast.com\/product\/yoast-seo-wordpress\/ -->\n<title>Sem\u00e1foro Covid-19: Sinaloa se mantendr\u00e1 en color verde - Fuentes Fidedignas<\/title>\n<meta name=\"robots\" content=\"index, follow, max-snippet:-1, max-image-preview:large, max-video-preview:-1\" \/>\n<link rel=\"canonical\" href=\"https:\/\/fuentesfidedignas.com.mx\/index.php\/2021\/10\/15\/sinaloa-se-mantendra-en-verde-en-semaforo-covid-19\/\" \/>\n<meta property=\"og:locale\" content=\"es_MX\" \/>\n<meta property=\"og:type\" content=\"article\" \/>\n<meta property=\"og:title\" content=\"Sem\u00e1foro Covid-19: Sinaloa se mantendr\u00e1 en color verde - Fuentes Fidedignas\" \/>\n<meta property=\"og:description\" content=\"La actualizaci\u00f3n del Sem\u00e1foro Covid-19 a nivel nacional ubica a la mayor parte del pa\u00eds en color verde, equivalente a un riesgo bajo de contagio Ciudad de M\u00e9xico. En total, 20 entidades estar\u00e1n bajo el color verde a partir del pr\u00f3ximo lunes 18 de octubre; 11 estados se ubicar\u00e1n en amarillo (riesgo medio) y una [&hellip;]\" \/>\n<meta property=\"og:url\" content=\"https:\/\/fuentesfidedignas.com.mx\/index.php\/2021\/10\/15\/sinaloa-se-mantendra-en-verde-en-semaforo-covid-19\/\" \/>\n<meta property=\"og:site_name\" content=\"Fuentes Fidedignas\" \/>\n<meta property=\"article:publisher\" content=\"https:\/\/www.facebook.com\/Fuentes-Fidedignas-368234489921644\" \/>\n<meta property=\"article:published_time\" content=\"2021-10-16T00:39:50+00:00\" \/>\n<meta property=\"article:modified_time\" content=\"2021-10-16T00:41:52+00:00\" \/>\n<meta property=\"og:image\" content=\"https:\/\/fuentesfidedignas.com.mx\/wp-content\/uploads\/2021\/10\/Vacunacion-Covid-19-adultos-50-59-11-768x432-1.jpg\" \/>\n\t<meta property=\"og:image:width\" content=\"768\" \/>\n\t<meta property=\"og:image:height\" content=\"432\" \/>\n\t<meta property=\"og:image:type\" content=\"image\/jpeg\" \/>\n<meta name=\"author\" content=\"Forbes\" \/>\n<meta name=\"twitter:card\" content=\"summary_large_image\" \/>\n<meta name=\"twitter:creator\" content=\"@fidedignas\" \/>\n<meta name=\"twitter:site\" content=\"@fidedignas\" \/>\n<meta name=\"twitter:label1\" content=\"Escrito por\" \/>\n\t<meta name=\"twitter:data1\" content=\"Forbes\" \/>\n\t<meta name=\"twitter:label2\" content=\"Tiempo de lectura\" \/>\n\t<meta name=\"twitter:data2\" content=\"2 minutos\" \/>\n<script type=\"application\/ld+json\" class=\"yoast-schema-graph\">{\"@context\":\"https:\\\/\\\/schema.org\",\"@graph\":[{\"@type\":\"Article\",\"@id\":\"https:\\\/\\\/fuentesfidedignas.com.mx\\\/index.php\\\/2021\\\/10\\\/15\\\/sinaloa-se-mantendra-en-verde-en-semaforo-covid-19\\\/#article\",\"isPartOf\":{\"@id\":\"https:\\\/\\\/fuentesfidedignas.com.mx\\\/index.php\\\/2021\\\/10\\\/15\\\/sinaloa-se-mantendra-en-verde-en-semaforo-covid-19\\\/\"},\"author\":{\"name\":\"Forbes\",\"@id\":\"https:\\\/\\\/fuentesfidedignas.com.mx\\\/#\\\/schema\\\/person\\\/5623d53fe2e579d825b1679734abcc44\"},\"headline\":\"Sem\u00e1foro Covid-19: Sinaloa se mantendr\u00e1 en color verde\",\"datePublished\":\"2021-10-16T00:39:50+00:00\",\"dateModified\":\"2021-10-16T00:41:52+00:00\",\"mainEntityOfPage\":{\"@id\":\"https:\\\/\\\/fuentesfidedignas.com.mx\\\/index.php\\\/2021\\\/10\\\/15\\\/sinaloa-se-mantendra-en-verde-en-semaforo-covid-19\\\/\"},\"wordCount\":304,\"commentCount\":0,\"publisher\":{\"@id\":\"https:\\\/\\\/fuentesfidedignas.com.mx\\\/#organization\"},\"image\":{\"@id\":\"https:\\\/\\\/fuentesfidedignas.com.mx\\\/index.php\\\/2021\\\/10\\\/15\\\/sinaloa-se-mantendra-en-verde-en-semaforo-covid-19\\\/#primaryimage\"},\"thumbnailUrl\":\"https:\\\/\\\/fuentesfidedignas.com.mx\\\/wp-content\\\/uploads\\\/2021\\\/10\\\/Vacunacion-Covid-19-adultos-50-59-11-768x432-1.jpg\",\"articleSection\":[\"NOTA PRINCIPAL\"],\"inLanguage\":\"es\",\"potentialAction\":[{\"@type\":\"CommentAction\",\"name\":\"Comment\",\"target\":[\"https:\\\/\\\/fuentesfidedignas.com.mx\\\/index.php\\\/2021\\\/10\\\/15\\\/sinaloa-se-mantendra-en-verde-en-semaforo-covid-19\\\/#respond\"]}]},{\"@type\":\"WebPage\",\"@id\":\"https:\\\/\\\/fuentesfidedignas.com.mx\\\/index.php\\\/2021\\\/10\\\/15\\\/sinaloa-se-mantendra-en-verde-en-semaforo-covid-19\\\/\",\"url\":\"https:\\\/\\\/fuentesfidedignas.com.mx\\\/index.php\\\/2021\\\/10\\\/15\\\/sinaloa-se-mantendra-en-verde-en-semaforo-covid-19\\\/\",\"name\":\"Sem\u00e1foro Covid-19: Sinaloa se mantendr\u00e1 en color verde - Fuentes Fidedignas\",\"isPartOf\":{\"@id\":\"https:\\\/\\\/fuentesfidedignas.com.mx\\\/#website\"},\"primaryImageOfPage\":{\"@id\":\"https:\\\/\\\/fuentesfidedignas.com.mx\\\/index.php\\\/2021\\\/10\\\/15\\\/sinaloa-se-mantendra-en-verde-en-semaforo-covid-19\\\/#primaryimage\"},\"image\":{\"@id\":\"https:\\\/\\\/fuentesfidedignas.com.mx\\\/index.php\\\/2021\\\/10\\\/15\\\/sinaloa-se-mantendra-en-verde-en-semaforo-covid-19\\\/#primaryimage\"},\"thumbnailUrl\":\"https:\\\/\\\/fuentesfidedignas.com.mx\\\/wp-content\\\/uploads\\\/2021\\\/10\\\/Vacunacion-Covid-19-adultos-50-59-11-768x432-1.jpg\",\"datePublished\":\"2021-10-16T00:39:50+00:00\",\"dateModified\":\"2021-10-16T00:41:52+00:00\",\"breadcrumb\":{\"@id\":\"https:\\\/\\\/fuentesfidedignas.com.mx\\\/index.php\\\/2021\\\/10\\\/15\\\/sinaloa-se-mantendra-en-verde-en-semaforo-covid-19\\\/#breadcrumb\"},\"inLanguage\":\"es\",\"potentialAction\":[{\"@type\":\"ReadAction\",\"target\":[\"https:\\\/\\\/fuentesfidedignas.com.mx\\\/index.php\\\/2021\\\/10\\\/15\\\/sinaloa-se-mantendra-en-verde-en-semaforo-covid-19\\\/\"]}]},{\"@type\":\"ImageObject\",\"inLanguage\":\"es\",\"@id\":\"https:\\\/\\\/fuentesfidedignas.com.mx\\\/index.php\\\/2021\\\/10\\\/15\\\/sinaloa-se-mantendra-en-verde-en-semaforo-covid-19\\\/#primaryimage\",\"url\":\"https:\\\/\\\/fuentesfidedignas.com.mx\\\/wp-content\\\/uploads\\\/2021\\\/10\\\/Vacunacion-Covid-19-adultos-50-59-11-768x432-1.jpg\",\"contentUrl\":\"https:\\\/\\\/fuentesfidedignas.com.mx\\\/wp-content\\\/uploads\\\/2021\\\/10\\\/Vacunacion-Covid-19-adultos-50-59-11-768x432-1.jpg\",\"width\":768,\"height\":432},{\"@type\":\"BreadcrumbList\",\"@id\":\"https:\\\/\\\/fuentesfidedignas.com.mx\\\/index.php\\\/2021\\\/10\\\/15\\\/sinaloa-se-mantendra-en-verde-en-semaforo-covid-19\\\/#breadcrumb\",\"itemListElement\":[{\"@type\":\"ListItem\",\"position\":1,\"name\":\"Inicio\",\"item\":\"https:\\\/\\\/fuentesfidedignas.com.mx\\\/\"},{\"@type\":\"ListItem\",\"position\":2,\"name\":\"Sem\u00e1foro Covid-19: Sinaloa se mantendr\u00e1 en color verde\"}]},{\"@type\":\"WebSite\",\"@id\":\"https:\\\/\\\/fuentesfidedignas.com.mx\\\/#website\",\"url\":\"https:\\\/\\\/fuentesfidedignas.com.mx\\\/\",\"name\":\"Fuentes Fidedignas\",\"description\":\"Otro sitio realizado con WordPress\",\"publisher\":{\"@id\":\"https:\\\/\\\/fuentesfidedignas.com.mx\\\/#organization\"},\"potentialAction\":[{\"@type\":\"SearchAction\",\"target\":{\"@type\":\"EntryPoint\",\"urlTemplate\":\"https:\\\/\\\/fuentesfidedignas.com.mx\\\/?s={search_term_string}\"},\"query-input\":{\"@type\":\"PropertyValueSpecification\",\"valueRequired\":true,\"valueName\":\"search_term_string\"}}],\"inLanguage\":\"es\"},{\"@type\":\"Organization\",\"@id\":\"https:\\\/\\\/fuentesfidedignas.com.mx\\\/#organization\",\"name\":\"Fuentes Fidedignas\",\"url\":\"https:\\\/\\\/fuentesfidedignas.com.mx\\\/\",\"logo\":{\"@type\":\"ImageObject\",\"inLanguage\":\"es\",\"@id\":\"https:\\\/\\\/fuentesfidedignas.com.mx\\\/#\\\/schema\\\/logo\\\/image\\\/\",\"url\":\"https:\\\/\\\/fuentesfidedignas.com.mx\\\/wp-content\\\/uploads\\\/2021\\\/04\\\/logo-retina.png\",\"contentUrl\":\"https:\\\/\\\/fuentesfidedignas.com.mx\\\/wp-content\\\/uploads\\\/2021\\\/04\\\/logo-retina.png\",\"width\":280,\"height\":51,\"caption\":\"Fuentes Fidedignas\"},\"image\":{\"@id\":\"https:\\\/\\\/fuentesfidedignas.com.mx\\\/#\\\/schema\\\/logo\\\/image\\\/\"},\"sameAs\":[\"https:\\\/\\\/www.facebook.com\\\/Fuentes-Fidedignas-368234489921644\",\"https:\\\/\\\/x.com\\\/fidedignas\"]},{\"@type\":\"Person\",\"@id\":\"https:\\\/\\\/fuentesfidedignas.com.mx\\\/#\\\/schema\\\/person\\\/5623d53fe2e579d825b1679734abcc44\",\"name\":\"Forbes\",\"image\":{\"@type\":\"ImageObject\",\"inLanguage\":\"es\",\"@id\":\"https:\\\/\\\/secure.gravatar.com\\\/avatar\\\/87ce3dd4e41e60c22a79c758614f01a6bc2469255fc936ec7b15efb9bb5cb66f?s=96&d=mm&r=g\",\"url\":\"https:\\\/\\\/secure.gravatar.com\\\/avatar\\\/87ce3dd4e41e60c22a79c758614f01a6bc2469255fc936ec7b15efb9bb5cb66f?s=96&d=mm&r=g\",\"contentUrl\":\"https:\\\/\\\/secure.gravatar.com\\\/avatar\\\/87ce3dd4e41e60c22a79c758614f01a6bc2469255fc936ec7b15efb9bb5cb66f?s=96&d=mm&r=g\",\"caption\":\"Forbes\"},\"url\":\"https:\\\/\\\/fuentesfidedignas.com.mx\\\/index.php\\\/author\\\/forbes\\\/\"}]}<\/script>\n<!-- \/ Yoast SEO plugin. -->","yoast_head_json":{"title":"Sem\u00e1foro Covid-19: Sinaloa se mantendr\u00e1 en color verde - Fuentes Fidedignas","robots":{"index":"index","follow":"follow","max-snippet":"max-snippet:-1","max-image-preview":"max-image-preview:large","max-video-preview":"max-video-preview:-1"},"canonical":"https:\/\/fuentesfidedignas.com.mx\/index.php\/2021\/10\/15\/sinaloa-se-mantendra-en-verde-en-semaforo-covid-19\/","og_locale":"es_MX","og_type":"article","og_title":"Sem\u00e1foro Covid-19: Sinaloa se mantendr\u00e1 en color verde - Fuentes Fidedignas","og_description":"La actualizaci\u00f3n del Sem\u00e1foro Covid-19 a nivel nacional ubica a la mayor parte del pa\u00eds en color verde, equivalente a un riesgo bajo de contagio Ciudad de M\u00e9xico. En total, 20 entidades estar\u00e1n bajo el color verde a partir del pr\u00f3ximo lunes 18 de octubre; 11 estados se ubicar\u00e1n en amarillo (riesgo medio) y una [&hellip;]","og_url":"https:\/\/fuentesfidedignas.com.mx\/index.php\/2021\/10\/15\/sinaloa-se-mantendra-en-verde-en-semaforo-covid-19\/","og_site_name":"Fuentes Fidedignas","article_publisher":"https:\/\/www.facebook.com\/Fuentes-Fidedignas-368234489921644","article_published_time":"2021-10-16T00:39:50+00:00","article_modified_time":"2021-10-16T00:41:52+00:00","og_image":[{"width":768,"height":432,"url":"https:\/\/fuentesfidedignas.com.mx\/wp-content\/uploads\/2021\/10\/Vacunacion-Covid-19-adultos-50-59-11-768x432-1.jpg","type":"image\/jpeg"}],"author":"Forbes","twitter_card":"summary_large_image","twitter_creator":"@fidedignas","twitter_site":"@fidedignas","twitter_misc":{"Escrito por":"Forbes","Tiempo de lectura":"2 minutos"},"schema":{"@context":"https:\/\/schema.org","@graph":[{"@type":"Article","@id":"https:\/\/fuentesfidedignas.com.mx\/index.php\/2021\/10\/15\/sinaloa-se-mantendra-en-verde-en-semaforo-covid-19\/#article","isPartOf":{"@id":"https:\/\/fuentesfidedignas.com.mx\/index.php\/2021\/10\/15\/sinaloa-se-mantendra-en-verde-en-semaforo-covid-19\/"},"author":{"name":"Forbes","@id":"https:\/\/fuentesfidedignas.com.mx\/#\/schema\/person\/5623d53fe2e579d825b1679734abcc44"},"headline":"Sem\u00e1foro Covid-19: Sinaloa se mantendr\u00e1 en color verde","datePublished":"2021-10-16T00:39:50+00:00","dateModified":"2021-10-16T00:41:52+00:00","mainEntityOfPage":{"@id":"https:\/\/fuentesfidedignas.com.mx\/index.php\/2021\/10\/15\/sinaloa-se-mantendra-en-verde-en-semaforo-covid-19\/"},"wordCount":304,"commentCount":0,"publisher":{"@id":"https:\/\/fuentesfidedignas.com.mx\/#organization"},"image":{"@id":"https:\/\/fuentesfidedignas.com.mx\/index.php\/2021\/10\/15\/sinaloa-se-mantendra-en-verde-en-semaforo-covid-19\/#primaryimage"},"thumbnailUrl":"https:\/\/fuentesfidedignas.com.mx\/wp-content\/uploads\/2021\/10\/Vacunacion-Covid-19-adultos-50-59-11-768x432-1.jpg","articleSection":["NOTA PRINCIPAL"],"inLanguage":"es","potentialAction":[{"@type":"CommentAction","name":"Comment","target":["https:\/\/fuentesfidedignas.com.mx\/index.php\/2021\/10\/15\/sinaloa-se-mantendra-en-verde-en-semaforo-covid-19\/#respond"]}]},{"@type":"WebPage","@id":"https:\/\/fuentesfidedignas.com.mx\/index.php\/2021\/10\/15\/sinaloa-se-mantendra-en-verde-en-semaforo-covid-19\/","url":"https:\/\/fuentesfidedignas.com.mx\/index.php\/2021\/10\/15\/sinaloa-se-mantendra-en-verde-en-semaforo-covid-19\/","name":"Sem\u00e1foro Covid-19: Sinaloa se mantendr\u00e1 en color verde - Fuentes Fidedignas","isPartOf":{"@id":"https:\/\/fuentesfidedignas.com.mx\/#website"},"primaryImageOfPage":{"@id":"https:\/\/fuentesfidedignas.com.mx\/index.php\/2021\/10\/15\/sinaloa-se-mantendra-en-verde-en-semaforo-covid-19\/#primaryimage"},"image":{"@id":"https:\/\/fuentesfidedignas.com.mx\/index.php\/2021\/10\/15\/sinaloa-se-mantendra-en-verde-en-semaforo-covid-19\/#primaryimage"},"thumbnailUrl":"https:\/\/fuentesfidedignas.com.mx\/wp-content\/uploads\/2021\/10\/Vacunacion-Covid-19-adultos-50-59-11-768x432-1.jpg","datePublished":"2021-10-16T00:39:50+00:00","dateModified":"2021-10-16T00:41:52+00:00","breadcrumb":{"@id":"https:\/\/fuentesfidedignas.com.mx\/index.php\/2021\/10\/15\/sinaloa-se-mantendra-en-verde-en-semaforo-covid-19\/#breadcrumb"},"inLanguage":"es","potentialAction":[{"@type":"ReadAction","target":["https:\/\/fuentesfidedignas.com.mx\/index.php\/2021\/10\/15\/sinaloa-se-mantendra-en-verde-en-semaforo-covid-19\/"]}]},{"@type":"ImageObject","inLanguage":"es","@id":"https:\/\/fuentesfidedignas.com.mx\/index.php\/2021\/10\/15\/sinaloa-se-mantendra-en-verde-en-semaforo-covid-19\/#primaryimage","url":"https:\/\/fuentesfidedignas.com.mx\/wp-content\/uploads\/2021\/10\/Vacunacion-Covid-19-adultos-50-59-11-768x432-1.jpg","contentUrl":"https:\/\/fuentesfidedignas.com.mx\/wp-content\/uploads\/2021\/10\/Vacunacion-Covid-19-adultos-50-59-11-768x432-1.jpg","width":768,"height":432},{"@type":"BreadcrumbList","@id":"https:\/\/fuentesfidedignas.com.mx\/index.php\/2021\/10\/15\/sinaloa-se-mantendra-en-verde-en-semaforo-covid-19\/#breadcrumb","itemListElement":[{"@type":"ListItem","position":1,"name":"Inicio","item":"https:\/\/fuentesfidedignas.com.mx\/"},{"@type":"ListItem","position":2,"name":"Sem\u00e1foro Covid-19: Sinaloa se mantendr\u00e1 en color verde"}]},{"@type":"WebSite","@id":"https:\/\/fuentesfidedignas.com.mx\/#website","url":"https:\/\/fuentesfidedignas.com.mx\/","name":"Fuentes Fidedignas","description":"Otro sitio realizado con WordPress","publisher":{"@id":"https:\/\/fuentesfidedignas.com.mx\/#organization"},"potentialAction":[{"@type":"SearchAction","target":{"@type":"EntryPoint","urlTemplate":"https:\/\/fuentesfidedignas.com.mx\/?s={search_term_string}"},"query-input":{"@type":"PropertyValueSpecification","valueRequired":true,"valueName":"search_term_string"}}],"inLanguage":"es"},{"@type":"Organization","@id":"https:\/\/fuentesfidedignas.com.mx\/#organization","name":"Fuentes Fidedignas","url":"https:\/\/fuentesfidedignas.com.mx\/","logo":{"@type":"ImageObject","inLanguage":"es","@id":"https:\/\/fuentesfidedignas.com.mx\/#\/schema\/logo\/image\/","url":"https:\/\/fuentesfidedignas.com.mx\/wp-content\/uploads\/2021\/04\/logo-retina.png","contentUrl":"https:\/\/fuentesfidedignas.com.mx\/wp-content\/uploads\/2021\/04\/logo-retina.png","width":280,"height":51,"caption":"Fuentes Fidedignas"},"image":{"@id":"https:\/\/fuentesfidedignas.com.mx\/#\/schema\/logo\/image\/"},"sameAs":["https:\/\/www.facebook.com\/Fuentes-Fidedignas-368234489921644","https:\/\/x.com\/fidedignas"]},{"@type":"Person","@id":"https:\/\/fuentesfidedignas.com.mx\/#\/schema\/person\/5623d53fe2e579d825b1679734abcc44","name":"Forbes","image":{"@type":"ImageObject","inLanguage":"es","@id":"https:\/\/secure.gravatar.com\/avatar\/87ce3dd4e41e60c22a79c758614f01a6bc2469255fc936ec7b15efb9bb5cb66f?s=96&d=mm&r=g","url":"https:\/\/secure.gravatar.com\/avatar\/87ce3dd4e41e60c22a79c758614f01a6bc2469255fc936ec7b15efb9bb5cb66f?s=96&d=mm&r=g","contentUrl":"https:\/\/secure.gravatar.com\/avatar\/87ce3dd4e41e60c22a79c758614f01a6bc2469255fc936ec7b15efb9bb5cb66f?s=96&d=mm&r=g","caption":"Forbes"},"url":"https:\/\/fuentesfidedignas.com.mx\/index.php\/author\/forbes\/"}]}},"_links":{"self":[{"href":"https:\/\/fuentesfidedignas.com.mx\/index.php\/wp-json\/wp\/v2\/posts\/15128","targetHints":{"allow":["GET"]}}],"collection":[{"href":"https:\/\/fuentesfidedignas.com.mx\/index.php\/wp-json\/wp\/v2\/posts"}],"about":[{"href":"https:\/\/fuentesfidedignas.com.mx\/index.php\/wp-json\/wp\/v2\/types\/post"}],"author":[{"embeddable":true,"href":"https:\/\/fuentesfidedignas.com.mx\/index.php\/wp-json\/wp\/v2\/users\/5"}],"replies":[{"embeddable":true,"href":"https:\/\/fuentesfidedignas.com.mx\/index.php\/wp-json\/wp\/v2\/comments?post=15128"}],"version-history":[{"count":2,"href":"https:\/\/fuentesfidedignas.com.mx\/index.php\/wp-json\/wp\/v2\/posts\/15128\/revisions"}],"predecessor-version":[{"id":15133,"href":"https:\/\/fuentesfidedignas.com.mx\/index.php\/wp-json\/wp\/v2\/posts\/15128\/revisions\/15133"}],"wp:featuredmedia":[{"embeddable":true,"href":"https:\/\/fuentesfidedignas.com.mx\/index.php\/wp-json\/wp\/v2\/media\/15130"}],"wp:attachment":[{"href":"https:\/\/fuentesfidedignas.com.mx\/index.php\/wp-json\/wp\/v2\/media?parent=15128"}],"wp:term":[{"taxonomy":"category","embeddable":true,"href":"https:\/\/fuentesfidedignas.com.mx\/index.php\/wp-json\/wp\/v2\/categories?post=15128"},{"taxonomy":"post_tag","embeddable":true,"href":"https:\/\/fuentesfidedignas.com.mx\/index.php\/wp-json\/wp\/v2\/tags?post=15128"}],"curies":[{"name":"wp","href":"https:\/\/api.w.org\/{rel}","templated":true}]}}