{"id":15070,"date":"2021-10-15T06:05:15","date_gmt":"2021-10-15T13:05:15","guid":{"rendered":"https:\/\/fuentesfidedignas.com.mx\/?p=15070"},"modified":"2021-10-15T06:05:18","modified_gmt":"2021-10-15T13:05:18","slug":"hospitalizan-al-comediante-teo-gonzalez-tras-sufrir-un-infarto","status":"publish","type":"post","link":"https:\/\/fuentesfidedignas.com.mx\/index.php\/2021\/10\/15\/hospitalizan-al-comediante-teo-gonzalez-tras-sufrir-un-infarto\/","title":{"rendered":"Hospitalizan al comediante Teo Gonz\u00e1lez tras sufrir un infarto"},"content":{"rendered":"\n<p>hace 9 horas<\/p>\n\n\n\n<p><em><strong>El comediante se encuentra consciente pero con algunos dolores<\/strong><\/em><\/p>\n\n\n\n<p>Jalisco. El comediante Teo Gonz\u00e1lez fue intervenido quir\u00fargicamente esta ma\u00f1ana, luego de sufrir un infarto, el actor se encuentra consciente.<\/p>\n\n\n\n<p>De acuerdo con la cuenta oficial de Televisa indic\u00f3 que el comediante se encuentra en terapia intermedia en un hospital de Guadalajara.<\/p>\n\n\n\n<figure class=\"wp-block-embed is-type-rich is-provider-twitter wp-block-embed-twitter\"><div class=\"wp-block-embed__wrapper\">\n<blockquote class=\"twitter-tweet\" data-width=\"550\" data-dnt=\"true\"><p lang=\"es\" dir=\"ltr\">Esta ma\u00f1ana <a href=\"https:\/\/twitter.com\/teogonzalez?ref_src=twsrc%5Etfw\">@teogonzalez<\/a> fue intervenido quir\u00fargicamente tras sufrir un infarto. El actor se encuentra en terapia intermedia en un hospital de Guadalajara, consciente pero con algunos dolores. <a href=\"https:\/\/twitter.com\/hashtag\/TeoGonzalez?src=hash&amp;ref_src=twsrc%5Etfw\">#TeoGonzalez<\/a> <a href=\"https:\/\/t.co\/AzSrrpkAUr\">pic.twitter.com\/AzSrrpkAUr<\/a><\/p>&mdash; TelevisaEspect\u00e1culos (@TvsEspectaculos) <a href=\"https:\/\/twitter.com\/TvsEspectaculos\/status\/1448783730408054784?ref_src=twsrc%5Etfw\">October 14, 2021<\/a><\/blockquote><script async src=\"https:\/\/platform.twitter.com\/widgets.js\" charset=\"utf-8\"><\/script>\n<\/div><\/figure>\n\n\n\n<p>En sus redes sociales, el comediante inform\u00f3 que el coraz\u00f3n de Francisco Javier L\u00f3pez Campos hab\u00eda dejado de latir<\/p>\n\n\n\n<p>&#8220;Esta ma\u00f1ana @teogonzalez fue intervenido quir\u00fargicamente tras sufrir un infarto. El actor se encuentra en terapia intermedia en un hospital de Guadalajara, consciente pero con algunos dolores. #TeoGonzalez&#8221;.<\/p>\n","protected":false},"excerpt":{"rendered":"<p>hace 9 horas El comediante se encuentra consciente pero con algunos dolores Jalisco. El comediante Teo Gonz\u00e1lez fue intervenido quir\u00fargicamente esta ma\u00f1ana, luego de sufrir un infarto, el actor se encuentra consciente. De acuerdo con la cuenta oficial de Televisa indic\u00f3 que el comediante se encuentra en terapia intermedia en un hospital de Guadalajara. En [&hellip;]<\/p>\n","protected":false},"author":39,"featured_media":15071,"comment_status":"open","ping_status":"open","sticky":false,"template":"","format":"standard","meta":{"tdm_status":"","tdm_grid_status":"","footnotes":""},"categories":[39],"tags":[],"class_list":{"0":"post-15070","1":"post","2":"type-post","3":"status-publish","4":"format-standard","5":"has-post-thumbnail","7":"category-noticias-nacionales"},"yoast_head":"<!-- This site is optimized with the Yoast SEO plugin v27.5 - https:\/\/yoast.com\/product\/yoast-seo-wordpress\/ -->\n<title>Hospitalizan al comediante Teo Gonz\u00e1lez tras sufrir un infarto - Fuentes Fidedignas<\/title>\n<meta name=\"robots\" content=\"index, follow, max-snippet:-1, max-image-preview:large, max-video-preview:-1\" \/>\n<link rel=\"canonical\" href=\"https:\/\/fuentesfidedignas.com.mx\/index.php\/2021\/10\/15\/hospitalizan-al-comediante-teo-gonzalez-tras-sufrir-un-infarto\/\" \/>\n<meta property=\"og:locale\" content=\"es_MX\" \/>\n<meta property=\"og:type\" content=\"article\" \/>\n<meta property=\"og:title\" content=\"Hospitalizan al comediante Teo Gonz\u00e1lez tras sufrir un infarto - Fuentes Fidedignas\" \/>\n<meta property=\"og:description\" content=\"hace 9 horas El comediante se encuentra consciente pero con algunos dolores Jalisco. El comediante Teo Gonz\u00e1lez fue intervenido quir\u00fargicamente esta ma\u00f1ana, luego de sufrir un infarto, el actor se encuentra consciente. De acuerdo con la cuenta oficial de Televisa indic\u00f3 que el comediante se encuentra en terapia intermedia en un hospital de Guadalajara. En [&hellip;]\" \/>\n<meta property=\"og:url\" content=\"https:\/\/fuentesfidedignas.com.mx\/index.php\/2021\/10\/15\/hospitalizan-al-comediante-teo-gonzalez-tras-sufrir-un-infarto\/\" \/>\n<meta property=\"og:site_name\" content=\"Fuentes Fidedignas\" \/>\n<meta property=\"article:publisher\" content=\"https:\/\/www.facebook.com\/Fuentes-Fidedignas-368234489921644\" \/>\n<meta property=\"article:published_time\" content=\"2021-10-15T13:05:15+00:00\" \/>\n<meta property=\"article:modified_time\" content=\"2021-10-15T13:05:18+00:00\" \/>\n<meta property=\"og:image\" content=\"https:\/\/fuentesfidedignas.com.mx\/wp-content\/uploads\/2021\/10\/teo_gonzalez_1.jpg\" \/>\n\t<meta property=\"og:image:width\" content=\"630\" \/>\n\t<meta property=\"og:image:height\" content=\"388\" \/>\n\t<meta property=\"og:image:type\" content=\"image\/jpeg\" \/>\n<meta name=\"author\" content=\"El Universal\" \/>\n<meta name=\"twitter:card\" content=\"summary_large_image\" \/>\n<meta name=\"twitter:creator\" content=\"@fidedignas\" \/>\n<meta name=\"twitter:site\" content=\"@fidedignas\" \/>\n<meta name=\"twitter:label1\" content=\"Escrito por\" \/>\n\t<meta name=\"twitter:data1\" content=\"El Universal\" \/>\n\t<meta name=\"twitter:label2\" content=\"Tiempo de lectura\" \/>\n\t<meta name=\"twitter:data2\" content=\"1 minuto\" \/>\n<script type=\"application\/ld+json\" class=\"yoast-schema-graph\">{\"@context\":\"https:\\\/\\\/schema.org\",\"@graph\":[{\"@type\":\"Article\",\"@id\":\"https:\\\/\\\/fuentesfidedignas.com.mx\\\/index.php\\\/2021\\\/10\\\/15\\\/hospitalizan-al-comediante-teo-gonzalez-tras-sufrir-un-infarto\\\/#article\",\"isPartOf\":{\"@id\":\"https:\\\/\\\/fuentesfidedignas.com.mx\\\/index.php\\\/2021\\\/10\\\/15\\\/hospitalizan-al-comediante-teo-gonzalez-tras-sufrir-un-infarto\\\/\"},\"author\":{\"name\":\"El Universal\",\"@id\":\"https:\\\/\\\/fuentesfidedignas.com.mx\\\/#\\\/schema\\\/person\\\/fee3882e65fd0510d292c43a346d35d7\"},\"headline\":\"Hospitalizan al comediante Teo Gonz\u00e1lez tras sufrir un infarto\",\"datePublished\":\"2021-10-15T13:05:15+00:00\",\"dateModified\":\"2021-10-15T13:05:18+00:00\",\"mainEntityOfPage\":{\"@id\":\"https:\\\/\\\/fuentesfidedignas.com.mx\\\/index.php\\\/2021\\\/10\\\/15\\\/hospitalizan-al-comediante-teo-gonzalez-tras-sufrir-un-infarto\\\/\"},\"wordCount\":148,\"commentCount\":0,\"publisher\":{\"@id\":\"https:\\\/\\\/fuentesfidedignas.com.mx\\\/#organization\"},\"image\":{\"@id\":\"https:\\\/\\\/fuentesfidedignas.com.mx\\\/index.php\\\/2021\\\/10\\\/15\\\/hospitalizan-al-comediante-teo-gonzalez-tras-sufrir-un-infarto\\\/#primaryimage\"},\"thumbnailUrl\":\"https:\\\/\\\/fuentesfidedignas.com.mx\\\/wp-content\\\/uploads\\\/2021\\\/10\\\/teo_gonzalez_1.jpg\",\"articleSection\":[\"NOTICIAS NACIONALES\"],\"inLanguage\":\"es\",\"potentialAction\":[{\"@type\":\"CommentAction\",\"name\":\"Comment\",\"target\":[\"https:\\\/\\\/fuentesfidedignas.com.mx\\\/index.php\\\/2021\\\/10\\\/15\\\/hospitalizan-al-comediante-teo-gonzalez-tras-sufrir-un-infarto\\\/#respond\"]}]},{\"@type\":\"WebPage\",\"@id\":\"https:\\\/\\\/fuentesfidedignas.com.mx\\\/index.php\\\/2021\\\/10\\\/15\\\/hospitalizan-al-comediante-teo-gonzalez-tras-sufrir-un-infarto\\\/\",\"url\":\"https:\\\/\\\/fuentesfidedignas.com.mx\\\/index.php\\\/2021\\\/10\\\/15\\\/hospitalizan-al-comediante-teo-gonzalez-tras-sufrir-un-infarto\\\/\",\"name\":\"Hospitalizan al comediante Teo Gonz\u00e1lez tras sufrir un infarto - Fuentes Fidedignas\",\"isPartOf\":{\"@id\":\"https:\\\/\\\/fuentesfidedignas.com.mx\\\/#website\"},\"primaryImageOfPage\":{\"@id\":\"https:\\\/\\\/fuentesfidedignas.com.mx\\\/index.php\\\/2021\\\/10\\\/15\\\/hospitalizan-al-comediante-teo-gonzalez-tras-sufrir-un-infarto\\\/#primaryimage\"},\"image\":{\"@id\":\"https:\\\/\\\/fuentesfidedignas.com.mx\\\/index.php\\\/2021\\\/10\\\/15\\\/hospitalizan-al-comediante-teo-gonzalez-tras-sufrir-un-infarto\\\/#primaryimage\"},\"thumbnailUrl\":\"https:\\\/\\\/fuentesfidedignas.com.mx\\\/wp-content\\\/uploads\\\/2021\\\/10\\\/teo_gonzalez_1.jpg\",\"datePublished\":\"2021-10-15T13:05:15+00:00\",\"dateModified\":\"2021-10-15T13:05:18+00:00\",\"breadcrumb\":{\"@id\":\"https:\\\/\\\/fuentesfidedignas.com.mx\\\/index.php\\\/2021\\\/10\\\/15\\\/hospitalizan-al-comediante-teo-gonzalez-tras-sufrir-un-infarto\\\/#breadcrumb\"},\"inLanguage\":\"es\",\"potentialAction\":[{\"@type\":\"ReadAction\",\"target\":[\"https:\\\/\\\/fuentesfidedignas.com.mx\\\/index.php\\\/2021\\\/10\\\/15\\\/hospitalizan-al-comediante-teo-gonzalez-tras-sufrir-un-infarto\\\/\"]}]},{\"@type\":\"ImageObject\",\"inLanguage\":\"es\",\"@id\":\"https:\\\/\\\/fuentesfidedignas.com.mx\\\/index.php\\\/2021\\\/10\\\/15\\\/hospitalizan-al-comediante-teo-gonzalez-tras-sufrir-un-infarto\\\/#primaryimage\",\"url\":\"https:\\\/\\\/fuentesfidedignas.com.mx\\\/wp-content\\\/uploads\\\/2021\\\/10\\\/teo_gonzalez_1.jpg\",\"contentUrl\":\"https:\\\/\\\/fuentesfidedignas.com.mx\\\/wp-content\\\/uploads\\\/2021\\\/10\\\/teo_gonzalez_1.jpg\",\"width\":630,\"height\":388},{\"@type\":\"BreadcrumbList\",\"@id\":\"https:\\\/\\\/fuentesfidedignas.com.mx\\\/index.php\\\/2021\\\/10\\\/15\\\/hospitalizan-al-comediante-teo-gonzalez-tras-sufrir-un-infarto\\\/#breadcrumb\",\"itemListElement\":[{\"@type\":\"ListItem\",\"position\":1,\"name\":\"Inicio\",\"item\":\"https:\\\/\\\/fuentesfidedignas.com.mx\\\/\"},{\"@type\":\"ListItem\",\"position\":2,\"name\":\"Hospitalizan al comediante Teo Gonz\u00e1lez tras sufrir un infarto\"}]},{\"@type\":\"WebSite\",\"@id\":\"https:\\\/\\\/fuentesfidedignas.com.mx\\\/#website\",\"url\":\"https:\\\/\\\/fuentesfidedignas.com.mx\\\/\",\"name\":\"Fuentes Fidedignas\",\"description\":\"Otro sitio realizado con WordPress\",\"publisher\":{\"@id\":\"https:\\\/\\\/fuentesfidedignas.com.mx\\\/#organization\"},\"potentialAction\":[{\"@type\":\"SearchAction\",\"target\":{\"@type\":\"EntryPoint\",\"urlTemplate\":\"https:\\\/\\\/fuentesfidedignas.com.mx\\\/?s={search_term_string}\"},\"query-input\":{\"@type\":\"PropertyValueSpecification\",\"valueRequired\":true,\"valueName\":\"search_term_string\"}}],\"inLanguage\":\"es\"},{\"@type\":\"Organization\",\"@id\":\"https:\\\/\\\/fuentesfidedignas.com.mx\\\/#organization\",\"name\":\"Fuentes Fidedignas\",\"url\":\"https:\\\/\\\/fuentesfidedignas.com.mx\\\/\",\"logo\":{\"@type\":\"ImageObject\",\"inLanguage\":\"es\",\"@id\":\"https:\\\/\\\/fuentesfidedignas.com.mx\\\/#\\\/schema\\\/logo\\\/image\\\/\",\"url\":\"https:\\\/\\\/fuentesfidedignas.com.mx\\\/wp-content\\\/uploads\\\/2021\\\/04\\\/logo-retina.png\",\"contentUrl\":\"https:\\\/\\\/fuentesfidedignas.com.mx\\\/wp-content\\\/uploads\\\/2021\\\/04\\\/logo-retina.png\",\"width\":280,\"height\":51,\"caption\":\"Fuentes Fidedignas\"},\"image\":{\"@id\":\"https:\\\/\\\/fuentesfidedignas.com.mx\\\/#\\\/schema\\\/logo\\\/image\\\/\"},\"sameAs\":[\"https:\\\/\\\/www.facebook.com\\\/Fuentes-Fidedignas-368234489921644\",\"https:\\\/\\\/x.com\\\/fidedignas\"]},{\"@type\":\"Person\",\"@id\":\"https:\\\/\\\/fuentesfidedignas.com.mx\\\/#\\\/schema\\\/person\\\/fee3882e65fd0510d292c43a346d35d7\",\"name\":\"El Universal\",\"image\":{\"@type\":\"ImageObject\",\"inLanguage\":\"es\",\"@id\":\"https:\\\/\\\/secure.gravatar.com\\\/avatar\\\/1ebc94d82b6c3c081781f73e5b76a0d0c1ac7bf8e57426f18802246eeaa2747c?s=96&d=mm&r=g\",\"url\":\"https:\\\/\\\/secure.gravatar.com\\\/avatar\\\/1ebc94d82b6c3c081781f73e5b76a0d0c1ac7bf8e57426f18802246eeaa2747c?s=96&d=mm&r=g\",\"contentUrl\":\"https:\\\/\\\/secure.gravatar.com\\\/avatar\\\/1ebc94d82b6c3c081781f73e5b76a0d0c1ac7bf8e57426f18802246eeaa2747c?s=96&d=mm&r=g\",\"caption\":\"El Universal\"},\"url\":\"https:\\\/\\\/fuentesfidedignas.com.mx\\\/index.php\\\/author\\\/el-universal\\\/\"}]}<\/script>\n<!-- \/ Yoast SEO plugin. -->","yoast_head_json":{"title":"Hospitalizan al comediante Teo Gonz\u00e1lez tras sufrir un infarto - Fuentes Fidedignas","robots":{"index":"index","follow":"follow","max-snippet":"max-snippet:-1","max-image-preview":"max-image-preview:large","max-video-preview":"max-video-preview:-1"},"canonical":"https:\/\/fuentesfidedignas.com.mx\/index.php\/2021\/10\/15\/hospitalizan-al-comediante-teo-gonzalez-tras-sufrir-un-infarto\/","og_locale":"es_MX","og_type":"article","og_title":"Hospitalizan al comediante Teo Gonz\u00e1lez tras sufrir un infarto - Fuentes Fidedignas","og_description":"hace 9 horas El comediante se encuentra consciente pero con algunos dolores Jalisco. El comediante Teo Gonz\u00e1lez fue intervenido quir\u00fargicamente esta ma\u00f1ana, luego de sufrir un infarto, el actor se encuentra consciente. De acuerdo con la cuenta oficial de Televisa indic\u00f3 que el comediante se encuentra en terapia intermedia en un hospital de Guadalajara. En [&hellip;]","og_url":"https:\/\/fuentesfidedignas.com.mx\/index.php\/2021\/10\/15\/hospitalizan-al-comediante-teo-gonzalez-tras-sufrir-un-infarto\/","og_site_name":"Fuentes Fidedignas","article_publisher":"https:\/\/www.facebook.com\/Fuentes-Fidedignas-368234489921644","article_published_time":"2021-10-15T13:05:15+00:00","article_modified_time":"2021-10-15T13:05:18+00:00","og_image":[{"width":630,"height":388,"url":"https:\/\/fuentesfidedignas.com.mx\/wp-content\/uploads\/2021\/10\/teo_gonzalez_1.jpg","type":"image\/jpeg"}],"author":"El Universal","twitter_card":"summary_large_image","twitter_creator":"@fidedignas","twitter_site":"@fidedignas","twitter_misc":{"Escrito por":"El Universal","Tiempo de lectura":"1 minuto"},"schema":{"@context":"https:\/\/schema.org","@graph":[{"@type":"Article","@id":"https:\/\/fuentesfidedignas.com.mx\/index.php\/2021\/10\/15\/hospitalizan-al-comediante-teo-gonzalez-tras-sufrir-un-infarto\/#article","isPartOf":{"@id":"https:\/\/fuentesfidedignas.com.mx\/index.php\/2021\/10\/15\/hospitalizan-al-comediante-teo-gonzalez-tras-sufrir-un-infarto\/"},"author":{"name":"El Universal","@id":"https:\/\/fuentesfidedignas.com.mx\/#\/schema\/person\/fee3882e65fd0510d292c43a346d35d7"},"headline":"Hospitalizan al comediante Teo Gonz\u00e1lez tras sufrir un infarto","datePublished":"2021-10-15T13:05:15+00:00","dateModified":"2021-10-15T13:05:18+00:00","mainEntityOfPage":{"@id":"https:\/\/fuentesfidedignas.com.mx\/index.php\/2021\/10\/15\/hospitalizan-al-comediante-teo-gonzalez-tras-sufrir-un-infarto\/"},"wordCount":148,"commentCount":0,"publisher":{"@id":"https:\/\/fuentesfidedignas.com.mx\/#organization"},"image":{"@id":"https:\/\/fuentesfidedignas.com.mx\/index.php\/2021\/10\/15\/hospitalizan-al-comediante-teo-gonzalez-tras-sufrir-un-infarto\/#primaryimage"},"thumbnailUrl":"https:\/\/fuentesfidedignas.com.mx\/wp-content\/uploads\/2021\/10\/teo_gonzalez_1.jpg","articleSection":["NOTICIAS NACIONALES"],"inLanguage":"es","potentialAction":[{"@type":"CommentAction","name":"Comment","target":["https:\/\/fuentesfidedignas.com.mx\/index.php\/2021\/10\/15\/hospitalizan-al-comediante-teo-gonzalez-tras-sufrir-un-infarto\/#respond"]}]},{"@type":"WebPage","@id":"https:\/\/fuentesfidedignas.com.mx\/index.php\/2021\/10\/15\/hospitalizan-al-comediante-teo-gonzalez-tras-sufrir-un-infarto\/","url":"https:\/\/fuentesfidedignas.com.mx\/index.php\/2021\/10\/15\/hospitalizan-al-comediante-teo-gonzalez-tras-sufrir-un-infarto\/","name":"Hospitalizan al comediante Teo Gonz\u00e1lez tras sufrir un infarto - Fuentes Fidedignas","isPartOf":{"@id":"https:\/\/fuentesfidedignas.com.mx\/#website"},"primaryImageOfPage":{"@id":"https:\/\/fuentesfidedignas.com.mx\/index.php\/2021\/10\/15\/hospitalizan-al-comediante-teo-gonzalez-tras-sufrir-un-infarto\/#primaryimage"},"image":{"@id":"https:\/\/fuentesfidedignas.com.mx\/index.php\/2021\/10\/15\/hospitalizan-al-comediante-teo-gonzalez-tras-sufrir-un-infarto\/#primaryimage"},"thumbnailUrl":"https:\/\/fuentesfidedignas.com.mx\/wp-content\/uploads\/2021\/10\/teo_gonzalez_1.jpg","datePublished":"2021-10-15T13:05:15+00:00","dateModified":"2021-10-15T13:05:18+00:00","breadcrumb":{"@id":"https:\/\/fuentesfidedignas.com.mx\/index.php\/2021\/10\/15\/hospitalizan-al-comediante-teo-gonzalez-tras-sufrir-un-infarto\/#breadcrumb"},"inLanguage":"es","potentialAction":[{"@type":"ReadAction","target":["https:\/\/fuentesfidedignas.com.mx\/index.php\/2021\/10\/15\/hospitalizan-al-comediante-teo-gonzalez-tras-sufrir-un-infarto\/"]}]},{"@type":"ImageObject","inLanguage":"es","@id":"https:\/\/fuentesfidedignas.com.mx\/index.php\/2021\/10\/15\/hospitalizan-al-comediante-teo-gonzalez-tras-sufrir-un-infarto\/#primaryimage","url":"https:\/\/fuentesfidedignas.com.mx\/wp-content\/uploads\/2021\/10\/teo_gonzalez_1.jpg","contentUrl":"https:\/\/fuentesfidedignas.com.mx\/wp-content\/uploads\/2021\/10\/teo_gonzalez_1.jpg","width":630,"height":388},{"@type":"BreadcrumbList","@id":"https:\/\/fuentesfidedignas.com.mx\/index.php\/2021\/10\/15\/hospitalizan-al-comediante-teo-gonzalez-tras-sufrir-un-infarto\/#breadcrumb","itemListElement":[{"@type":"ListItem","position":1,"name":"Inicio","item":"https:\/\/fuentesfidedignas.com.mx\/"},{"@type":"ListItem","position":2,"name":"Hospitalizan al comediante Teo Gonz\u00e1lez tras sufrir un infarto"}]},{"@type":"WebSite","@id":"https:\/\/fuentesfidedignas.com.mx\/#website","url":"https:\/\/fuentesfidedignas.com.mx\/","name":"Fuentes Fidedignas","description":"Otro sitio realizado con WordPress","publisher":{"@id":"https:\/\/fuentesfidedignas.com.mx\/#organization"},"potentialAction":[{"@type":"SearchAction","target":{"@type":"EntryPoint","urlTemplate":"https:\/\/fuentesfidedignas.com.mx\/?s={search_term_string}"},"query-input":{"@type":"PropertyValueSpecification","valueRequired":true,"valueName":"search_term_string"}}],"inLanguage":"es"},{"@type":"Organization","@id":"https:\/\/fuentesfidedignas.com.mx\/#organization","name":"Fuentes Fidedignas","url":"https:\/\/fuentesfidedignas.com.mx\/","logo":{"@type":"ImageObject","inLanguage":"es","@id":"https:\/\/fuentesfidedignas.com.mx\/#\/schema\/logo\/image\/","url":"https:\/\/fuentesfidedignas.com.mx\/wp-content\/uploads\/2021\/04\/logo-retina.png","contentUrl":"https:\/\/fuentesfidedignas.com.mx\/wp-content\/uploads\/2021\/04\/logo-retina.png","width":280,"height":51,"caption":"Fuentes Fidedignas"},"image":{"@id":"https:\/\/fuentesfidedignas.com.mx\/#\/schema\/logo\/image\/"},"sameAs":["https:\/\/www.facebook.com\/Fuentes-Fidedignas-368234489921644","https:\/\/x.com\/fidedignas"]},{"@type":"Person","@id":"https:\/\/fuentesfidedignas.com.mx\/#\/schema\/person\/fee3882e65fd0510d292c43a346d35d7","name":"El Universal","image":{"@type":"ImageObject","inLanguage":"es","@id":"https:\/\/secure.gravatar.com\/avatar\/1ebc94d82b6c3c081781f73e5b76a0d0c1ac7bf8e57426f18802246eeaa2747c?s=96&d=mm&r=g","url":"https:\/\/secure.gravatar.com\/avatar\/1ebc94d82b6c3c081781f73e5b76a0d0c1ac7bf8e57426f18802246eeaa2747c?s=96&d=mm&r=g","contentUrl":"https:\/\/secure.gravatar.com\/avatar\/1ebc94d82b6c3c081781f73e5b76a0d0c1ac7bf8e57426f18802246eeaa2747c?s=96&d=mm&r=g","caption":"El Universal"},"url":"https:\/\/fuentesfidedignas.com.mx\/index.php\/author\/el-universal\/"}]}},"_links":{"self":[{"href":"https:\/\/fuentesfidedignas.com.mx\/index.php\/wp-json\/wp\/v2\/posts\/15070","targetHints":{"allow":["GET"]}}],"collection":[{"href":"https:\/\/fuentesfidedignas.com.mx\/index.php\/wp-json\/wp\/v2\/posts"}],"about":[{"href":"https:\/\/fuentesfidedignas.com.mx\/index.php\/wp-json\/wp\/v2\/types\/post"}],"author":[{"embeddable":true,"href":"https:\/\/fuentesfidedignas.com.mx\/index.php\/wp-json\/wp\/v2\/users\/39"}],"replies":[{"embeddable":true,"href":"https:\/\/fuentesfidedignas.com.mx\/index.php\/wp-json\/wp\/v2\/comments?post=15070"}],"version-history":[{"count":1,"href":"https:\/\/fuentesfidedignas.com.mx\/index.php\/wp-json\/wp\/v2\/posts\/15070\/revisions"}],"predecessor-version":[{"id":15072,"href":"https:\/\/fuentesfidedignas.com.mx\/index.php\/wp-json\/wp\/v2\/posts\/15070\/revisions\/15072"}],"wp:featuredmedia":[{"embeddable":true,"href":"https:\/\/fuentesfidedignas.com.mx\/index.php\/wp-json\/wp\/v2\/media\/15071"}],"wp:attachment":[{"href":"https:\/\/fuentesfidedignas.com.mx\/index.php\/wp-json\/wp\/v2\/media?parent=15070"}],"wp:term":[{"taxonomy":"category","embeddable":true,"href":"https:\/\/fuentesfidedignas.com.mx\/index.php\/wp-json\/wp\/v2\/categories?post=15070"},{"taxonomy":"post_tag","embeddable":true,"href":"https:\/\/fuentesfidedignas.com.mx\/index.php\/wp-json\/wp\/v2\/tags?post=15070"}],"curies":[{"name":"wp","href":"https:\/\/api.w.org\/{rel}","templated":true}]}}