{"id":14975,"date":"2021-10-13T16:47:09","date_gmt":"2021-10-13T23:47:09","guid":{"rendered":"https:\/\/fuentesfidedignas.com.mx\/?p=14975"},"modified":"2021-10-13T16:47:11","modified_gmt":"2021-10-13T23:47:11","slug":"mexico-reporta-420-muertes-mas-por-covid-y-6-mil-320-contagios","status":"publish","type":"post","link":"https:\/\/fuentesfidedignas.com.mx\/index.php\/2021\/10\/13\/mexico-reporta-420-muertes-mas-por-covid-y-6-mil-320-contagios\/","title":{"rendered":"M\u00e9xico reporta 420 muertes m\u00e1s por covid y 6 mil 320 contagios"},"content":{"rendered":"\n<p><strong><em>La Secretar\u00eda de Salud detalla que las entidades con el mayor n\u00famero de defunciones son la Ciudad de M\u00e9xico, Estado de M\u00e9xico y Jalisco<\/em><\/strong><\/p>\n\n\n\n<p>Ciudad de M\u00e9xico.- Los decesos por covid-19 se elevaron a 283 mil 193 debido al registro de 420 defunciones en 24 horas.<\/p>\n\n\n\n<p>Las entidades con el mayor n\u00famero de defunciones son la Ciudad de M\u00e9xico, Estado de M\u00e9xico y Jalisco, inform\u00f3 la Secretar\u00eda de Salud.<\/p>\n\n\n\n<p>Por el reporte de 6 mil 320 contagios, la cifra acumulada ascendi\u00f3 a tres millones 738 mil 749.<\/p>\n\n\n\n<p>La ocupaci\u00f3n nacional hospitalaria en camas generales subi\u00f3 a 28% y en camas con ventilador baj\u00f3 a 24%.<\/p>\n\n\n\n<p>La curva epid\u00e9mica se ubic\u00f3 en -27% con 40 mil 403 casos activos estimados.<\/p>\n\n\n\n<p>Las personas que se han recuperado de la enfermedad son tres millones 098 mil 588.<\/p>\n\n\n\n<figure class=\"wp-block-embed is-type-rich is-provider-twitter wp-block-embed-twitter\"><div class=\"wp-block-embed__wrapper\">\n<blockquote class=\"twitter-tweet\" data-width=\"550\" data-dnt=\"true\"><p lang=\"es\" dir=\"ltr\"><a href=\"https:\/\/twitter.com\/hashtag\/%C3%9ALTIMAHORA?src=hash&amp;ref_src=twsrc%5Etfw\">#\u00daLTIMAHORA<\/a> En las \u00faltimas 24 horas, M\u00e9xico registr\u00f3 6 mil 320 casos nuevos y 420 muertes por <a href=\"https:\/\/twitter.com\/hashtag\/COVID19?src=hash&amp;ref_src=twsrc%5Etfw\">#COVID19<\/a>, para un total de 283 mil 193 fallecidos, inform\u00f3 la Secretar\u00eda de Salud <a href=\"https:\/\/twitter.com\/SSalud_mx?ref_src=twsrc%5Etfw\">@SSalud_mx<\/a>. <a href=\"https:\/\/t.co\/RvwHyvflDF\">pic.twitter.com\/RvwHyvflDF<\/a><\/p>&mdash; Ciro G\u00f3mez Leyva (@CiroGomezL) <a href=\"https:\/\/twitter.com\/CiroGomezL\/status\/1448413744686637058?ref_src=twsrc%5Etfw\">October 13, 2021<\/a><\/blockquote><script async src=\"https:\/\/platform.twitter.com\/widgets.js\" charset=\"utf-8\"><\/script>\n<\/div><\/figure>\n\n\n\n<p><strong>VACUNACI\u00d3N CONTRA EL VIRUS SARS-COV-2<br><\/strong>De acuerdo al comunicado t\u00e9cnico diario de covid-19, los adultos que tienen completo el esquema de vacunaci\u00f3n son 49 millones 588 mil 993 y las personas con nuevos esquemas son 17 millones 751 mil 981.<\/p>\n\n\n\n<p>Lo anterior, sum\u00f3 67 millones 340 mil 974 adultos ya inmunizados, lo que representa el 75 % de cobertura del total de personas mayores de 18 a\u00f1os en el pa\u00eds, con la aplicaci\u00f3n de 108 millones 947 mil 179 dosis.<\/p>\n\n\n\n<p>Cabe se\u00f1alar que este martes ha sido uno de los d\u00edas con la administraci\u00f3n del mayor n\u00famero de vacunas, al haber aplicado un mill\u00f3n 025 mil 505.<\/p>\n\n\n\n<p>Las entidades que han vacunado a m\u00e1s del 90% de adultos en el pa\u00eds son: Ciudad de M\u00e9xico, con 95% y Quer\u00e9taro, con 92%. En contraste, el \u00fanico estado que no ha superado el 50% de inmunizaci\u00f3n es Chiapas.<\/p>\n\n\n\n<p>Del 23 de diciembre de 2020 al 13 de octubre, M\u00e9xico ha recibido un total de 124 millones 519 mil 045 vacunas contra el virus SARS-CoV-2.<\/p>\n\n\n\n<figure class=\"wp-block-embed is-type-rich is-provider-twitter wp-block-embed-twitter\"><div class=\"wp-block-embed__wrapper\">\n<blockquote class=\"twitter-tweet\" data-width=\"550\" data-dnt=\"true\"><p lang=\"es\" dir=\"ltr\">Comunicado T\u00e9cnico Diario: Nuevo Coronavirus en el Mundo <a href=\"https:\/\/twitter.com\/hashtag\/COVID19?src=hash&amp;ref_src=twsrc%5Etfw\">#COVID19<\/a> | 13 de octubre de 2021<br><br>\u27a1\ufe0f <a href=\"https:\/\/t.co\/0ErlZirJqI\">https:\/\/t.co\/0ErlZirJqI<\/a> <a href=\"https:\/\/t.co\/1nre00PFnQ\">pic.twitter.com\/1nre00PFnQ<\/a><\/p>&mdash; SALUD M\u00e9xico (@SSalud_mx) <a href=\"https:\/\/twitter.com\/SSalud_mx\/status\/1448409895427002375?ref_src=twsrc%5Etfw\">October 13, 2021<\/a><\/blockquote><script async src=\"https:\/\/platform.twitter.com\/widgets.js\" charset=\"utf-8\"><\/script>\n<\/div><\/figure>\n","protected":false},"excerpt":{"rendered":"<p>La Secretar\u00eda de Salud detalla que las entidades con el mayor n\u00famero de defunciones son la Ciudad de M\u00e9xico, Estado de M\u00e9xico y Jalisco Ciudad de M\u00e9xico.- Los decesos por covid-19 se elevaron a 283 mil 193 debido al registro de 420 defunciones en 24 horas. Las entidades con el mayor n\u00famero de defunciones son [&hellip;]<\/p>\n","protected":false},"author":7,"featured_media":10630,"comment_status":"open","ping_status":"open","sticky":false,"template":"","format":"standard","meta":{"tdm_status":"","tdm_grid_status":"","footnotes":""},"categories":[39],"tags":[332,59,416,407],"class_list":{"0":"post-14975","1":"post","2":"type-post","3":"status-publish","4":"format-standard","5":"has-post-thumbnail","7":"category-noticias-nacionales","8":"tag-coronavirus","9":"tag-covid-19","10":"tag-sars-cov-2","11":"tag-vacuna-anticovid"},"yoast_head":"<!-- This site is optimized with the Yoast SEO plugin v27.5 - https:\/\/yoast.com\/product\/yoast-seo-wordpress\/ -->\n<title>M\u00e9xico reporta 420 muertes m\u00e1s por covid y 6 mil 320 contagios - Fuentes Fidedignas<\/title>\n<meta name=\"robots\" content=\"index, follow, max-snippet:-1, max-image-preview:large, max-video-preview:-1\" \/>\n<link rel=\"canonical\" href=\"https:\/\/fuentesfidedignas.com.mx\/index.php\/2021\/10\/13\/mexico-reporta-420-muertes-mas-por-covid-y-6-mil-320-contagios\/\" \/>\n<meta property=\"og:locale\" content=\"es_MX\" \/>\n<meta property=\"og:type\" content=\"article\" \/>\n<meta property=\"og:title\" content=\"M\u00e9xico reporta 420 muertes m\u00e1s por covid y 6 mil 320 contagios - Fuentes Fidedignas\" \/>\n<meta property=\"og:description\" content=\"La Secretar\u00eda de Salud detalla que las entidades con el mayor n\u00famero de defunciones son la Ciudad de M\u00e9xico, Estado de M\u00e9xico y Jalisco Ciudad de M\u00e9xico.- Los decesos por covid-19 se elevaron a 283 mil 193 debido al registro de 420 defunciones en 24 horas. Las entidades con el mayor n\u00famero de defunciones son [&hellip;]\" \/>\n<meta property=\"og:url\" content=\"https:\/\/fuentesfidedignas.com.mx\/index.php\/2021\/10\/13\/mexico-reporta-420-muertes-mas-por-covid-y-6-mil-320-contagios\/\" \/>\n<meta property=\"og:site_name\" content=\"Fuentes Fidedignas\" \/>\n<meta property=\"article:publisher\" content=\"https:\/\/www.facebook.com\/Fuentes-Fidedignas-368234489921644\" \/>\n<meta property=\"article:published_time\" content=\"2021-10-13T23:47:09+00:00\" \/>\n<meta property=\"article:modified_time\" content=\"2021-10-13T23:47:11+00:00\" \/>\n<meta property=\"og:image\" content=\"https:\/\/fuentesfidedignas.com.mx\/wp-content\/uploads\/2021\/08\/muertes-covid-me\u0301xico-640x360-2.jpg\" \/>\n\t<meta property=\"og:image:width\" content=\"640\" \/>\n\t<meta property=\"og:image:height\" content=\"360\" \/>\n\t<meta property=\"og:image:type\" content=\"image\/jpeg\" \/>\n<meta name=\"author\" content=\"Exc\u00e9lsior\" \/>\n<meta name=\"twitter:card\" content=\"summary_large_image\" \/>\n<meta name=\"twitter:creator\" content=\"@fidedignas\" \/>\n<meta name=\"twitter:site\" content=\"@fidedignas\" \/>\n<meta name=\"twitter:label1\" content=\"Escrito por\" \/>\n\t<meta name=\"twitter:data1\" content=\"Exc\u00e9lsior\" \/>\n\t<meta name=\"twitter:label2\" content=\"Tiempo de lectura\" \/>\n\t<meta name=\"twitter:data2\" content=\"2 minutos\" \/>\n<script type=\"application\/ld+json\" class=\"yoast-schema-graph\">{\"@context\":\"https:\\\/\\\/schema.org\",\"@graph\":[{\"@type\":\"Article\",\"@id\":\"https:\\\/\\\/fuentesfidedignas.com.mx\\\/index.php\\\/2021\\\/10\\\/13\\\/mexico-reporta-420-muertes-mas-por-covid-y-6-mil-320-contagios\\\/#article\",\"isPartOf\":{\"@id\":\"https:\\\/\\\/fuentesfidedignas.com.mx\\\/index.php\\\/2021\\\/10\\\/13\\\/mexico-reporta-420-muertes-mas-por-covid-y-6-mil-320-contagios\\\/\"},\"author\":{\"name\":\"Exc\u00e9lsior\",\"@id\":\"https:\\\/\\\/fuentesfidedignas.com.mx\\\/#\\\/schema\\\/person\\\/ec4edd1fbf5efa3e44fce34fe2787780\"},\"headline\":\"M\u00e9xico reporta 420 muertes m\u00e1s por covid y 6 mil 320 contagios\",\"datePublished\":\"2021-10-13T23:47:09+00:00\",\"dateModified\":\"2021-10-13T23:47:11+00:00\",\"mainEntityOfPage\":{\"@id\":\"https:\\\/\\\/fuentesfidedignas.com.mx\\\/index.php\\\/2021\\\/10\\\/13\\\/mexico-reporta-420-muertes-mas-por-covid-y-6-mil-320-contagios\\\/\"},\"wordCount\":316,\"commentCount\":0,\"publisher\":{\"@id\":\"https:\\\/\\\/fuentesfidedignas.com.mx\\\/#organization\"},\"image\":{\"@id\":\"https:\\\/\\\/fuentesfidedignas.com.mx\\\/index.php\\\/2021\\\/10\\\/13\\\/mexico-reporta-420-muertes-mas-por-covid-y-6-mil-320-contagios\\\/#primaryimage\"},\"thumbnailUrl\":\"https:\\\/\\\/fuentesfidedignas.com.mx\\\/wp-content\\\/uploads\\\/2021\\\/08\\\/muertes-covid-me\u0301xico-640x360-2.jpg\",\"keywords\":[\"Coronavirus\",\"Covid-19\",\"SARS-CoV-2\",\"Vacuna anticovid\"],\"articleSection\":[\"NOTICIAS NACIONALES\"],\"inLanguage\":\"es\",\"potentialAction\":[{\"@type\":\"CommentAction\",\"name\":\"Comment\",\"target\":[\"https:\\\/\\\/fuentesfidedignas.com.mx\\\/index.php\\\/2021\\\/10\\\/13\\\/mexico-reporta-420-muertes-mas-por-covid-y-6-mil-320-contagios\\\/#respond\"]}]},{\"@type\":\"WebPage\",\"@id\":\"https:\\\/\\\/fuentesfidedignas.com.mx\\\/index.php\\\/2021\\\/10\\\/13\\\/mexico-reporta-420-muertes-mas-por-covid-y-6-mil-320-contagios\\\/\",\"url\":\"https:\\\/\\\/fuentesfidedignas.com.mx\\\/index.php\\\/2021\\\/10\\\/13\\\/mexico-reporta-420-muertes-mas-por-covid-y-6-mil-320-contagios\\\/\",\"name\":\"M\u00e9xico reporta 420 muertes m\u00e1s por covid y 6 mil 320 contagios - Fuentes Fidedignas\",\"isPartOf\":{\"@id\":\"https:\\\/\\\/fuentesfidedignas.com.mx\\\/#website\"},\"primaryImageOfPage\":{\"@id\":\"https:\\\/\\\/fuentesfidedignas.com.mx\\\/index.php\\\/2021\\\/10\\\/13\\\/mexico-reporta-420-muertes-mas-por-covid-y-6-mil-320-contagios\\\/#primaryimage\"},\"image\":{\"@id\":\"https:\\\/\\\/fuentesfidedignas.com.mx\\\/index.php\\\/2021\\\/10\\\/13\\\/mexico-reporta-420-muertes-mas-por-covid-y-6-mil-320-contagios\\\/#primaryimage\"},\"thumbnailUrl\":\"https:\\\/\\\/fuentesfidedignas.com.mx\\\/wp-content\\\/uploads\\\/2021\\\/08\\\/muertes-covid-me\u0301xico-640x360-2.jpg\",\"datePublished\":\"2021-10-13T23:47:09+00:00\",\"dateModified\":\"2021-10-13T23:47:11+00:00\",\"breadcrumb\":{\"@id\":\"https:\\\/\\\/fuentesfidedignas.com.mx\\\/index.php\\\/2021\\\/10\\\/13\\\/mexico-reporta-420-muertes-mas-por-covid-y-6-mil-320-contagios\\\/#breadcrumb\"},\"inLanguage\":\"es\",\"potentialAction\":[{\"@type\":\"ReadAction\",\"target\":[\"https:\\\/\\\/fuentesfidedignas.com.mx\\\/index.php\\\/2021\\\/10\\\/13\\\/mexico-reporta-420-muertes-mas-por-covid-y-6-mil-320-contagios\\\/\"]}]},{\"@type\":\"ImageObject\",\"inLanguage\":\"es\",\"@id\":\"https:\\\/\\\/fuentesfidedignas.com.mx\\\/index.php\\\/2021\\\/10\\\/13\\\/mexico-reporta-420-muertes-mas-por-covid-y-6-mil-320-contagios\\\/#primaryimage\",\"url\":\"https:\\\/\\\/fuentesfidedignas.com.mx\\\/wp-content\\\/uploads\\\/2021\\\/08\\\/muertes-covid-me\u0301xico-640x360-2.jpg\",\"contentUrl\":\"https:\\\/\\\/fuentesfidedignas.com.mx\\\/wp-content\\\/uploads\\\/2021\\\/08\\\/muertes-covid-me\u0301xico-640x360-2.jpg\",\"width\":640,\"height\":360},{\"@type\":\"BreadcrumbList\",\"@id\":\"https:\\\/\\\/fuentesfidedignas.com.mx\\\/index.php\\\/2021\\\/10\\\/13\\\/mexico-reporta-420-muertes-mas-por-covid-y-6-mil-320-contagios\\\/#breadcrumb\",\"itemListElement\":[{\"@type\":\"ListItem\",\"position\":1,\"name\":\"Inicio\",\"item\":\"https:\\\/\\\/fuentesfidedignas.com.mx\\\/\"},{\"@type\":\"ListItem\",\"position\":2,\"name\":\"M\u00e9xico reporta 420 muertes m\u00e1s por covid y 6 mil 320 contagios\"}]},{\"@type\":\"WebSite\",\"@id\":\"https:\\\/\\\/fuentesfidedignas.com.mx\\\/#website\",\"url\":\"https:\\\/\\\/fuentesfidedignas.com.mx\\\/\",\"name\":\"Fuentes Fidedignas\",\"description\":\"Otro sitio realizado con WordPress\",\"publisher\":{\"@id\":\"https:\\\/\\\/fuentesfidedignas.com.mx\\\/#organization\"},\"potentialAction\":[{\"@type\":\"SearchAction\",\"target\":{\"@type\":\"EntryPoint\",\"urlTemplate\":\"https:\\\/\\\/fuentesfidedignas.com.mx\\\/?s={search_term_string}\"},\"query-input\":{\"@type\":\"PropertyValueSpecification\",\"valueRequired\":true,\"valueName\":\"search_term_string\"}}],\"inLanguage\":\"es\"},{\"@type\":\"Organization\",\"@id\":\"https:\\\/\\\/fuentesfidedignas.com.mx\\\/#organization\",\"name\":\"Fuentes Fidedignas\",\"url\":\"https:\\\/\\\/fuentesfidedignas.com.mx\\\/\",\"logo\":{\"@type\":\"ImageObject\",\"inLanguage\":\"es\",\"@id\":\"https:\\\/\\\/fuentesfidedignas.com.mx\\\/#\\\/schema\\\/logo\\\/image\\\/\",\"url\":\"https:\\\/\\\/fuentesfidedignas.com.mx\\\/wp-content\\\/uploads\\\/2021\\\/04\\\/logo-retina.png\",\"contentUrl\":\"https:\\\/\\\/fuentesfidedignas.com.mx\\\/wp-content\\\/uploads\\\/2021\\\/04\\\/logo-retina.png\",\"width\":280,\"height\":51,\"caption\":\"Fuentes Fidedignas\"},\"image\":{\"@id\":\"https:\\\/\\\/fuentesfidedignas.com.mx\\\/#\\\/schema\\\/logo\\\/image\\\/\"},\"sameAs\":[\"https:\\\/\\\/www.facebook.com\\\/Fuentes-Fidedignas-368234489921644\",\"https:\\\/\\\/x.com\\\/fidedignas\"]},{\"@type\":\"Person\",\"@id\":\"https:\\\/\\\/fuentesfidedignas.com.mx\\\/#\\\/schema\\\/person\\\/ec4edd1fbf5efa3e44fce34fe2787780\",\"name\":\"Exc\u00e9lsior\",\"image\":{\"@type\":\"ImageObject\",\"inLanguage\":\"es\",\"@id\":\"https:\\\/\\\/secure.gravatar.com\\\/avatar\\\/4b7ee9206b48be08447852b3f0814dbc7c0f3b51541b164f1464a2725614020b?s=96&d=mm&r=g\",\"url\":\"https:\\\/\\\/secure.gravatar.com\\\/avatar\\\/4b7ee9206b48be08447852b3f0814dbc7c0f3b51541b164f1464a2725614020b?s=96&d=mm&r=g\",\"contentUrl\":\"https:\\\/\\\/secure.gravatar.com\\\/avatar\\\/4b7ee9206b48be08447852b3f0814dbc7c0f3b51541b164f1464a2725614020b?s=96&d=mm&r=g\",\"caption\":\"Exc\u00e9lsior\"},\"url\":\"https:\\\/\\\/fuentesfidedignas.com.mx\\\/index.php\\\/author\\\/excelsior\\\/\"}]}<\/script>\n<!-- \/ Yoast SEO plugin. -->","yoast_head_json":{"title":"M\u00e9xico reporta 420 muertes m\u00e1s por covid y 6 mil 320 contagios - Fuentes Fidedignas","robots":{"index":"index","follow":"follow","max-snippet":"max-snippet:-1","max-image-preview":"max-image-preview:large","max-video-preview":"max-video-preview:-1"},"canonical":"https:\/\/fuentesfidedignas.com.mx\/index.php\/2021\/10\/13\/mexico-reporta-420-muertes-mas-por-covid-y-6-mil-320-contagios\/","og_locale":"es_MX","og_type":"article","og_title":"M\u00e9xico reporta 420 muertes m\u00e1s por covid y 6 mil 320 contagios - Fuentes Fidedignas","og_description":"La Secretar\u00eda de Salud detalla que las entidades con el mayor n\u00famero de defunciones son la Ciudad de M\u00e9xico, Estado de M\u00e9xico y Jalisco Ciudad de M\u00e9xico.- Los decesos por covid-19 se elevaron a 283 mil 193 debido al registro de 420 defunciones en 24 horas. Las entidades con el mayor n\u00famero de defunciones son [&hellip;]","og_url":"https:\/\/fuentesfidedignas.com.mx\/index.php\/2021\/10\/13\/mexico-reporta-420-muertes-mas-por-covid-y-6-mil-320-contagios\/","og_site_name":"Fuentes Fidedignas","article_publisher":"https:\/\/www.facebook.com\/Fuentes-Fidedignas-368234489921644","article_published_time":"2021-10-13T23:47:09+00:00","article_modified_time":"2021-10-13T23:47:11+00:00","og_image":[{"width":640,"height":360,"url":"https:\/\/fuentesfidedignas.com.mx\/wp-content\/uploads\/2021\/08\/muertes-covid-me\u0301xico-640x360-2.jpg","type":"image\/jpeg"}],"author":"Exc\u00e9lsior","twitter_card":"summary_large_image","twitter_creator":"@fidedignas","twitter_site":"@fidedignas","twitter_misc":{"Escrito por":"Exc\u00e9lsior","Tiempo de lectura":"2 minutos"},"schema":{"@context":"https:\/\/schema.org","@graph":[{"@type":"Article","@id":"https:\/\/fuentesfidedignas.com.mx\/index.php\/2021\/10\/13\/mexico-reporta-420-muertes-mas-por-covid-y-6-mil-320-contagios\/#article","isPartOf":{"@id":"https:\/\/fuentesfidedignas.com.mx\/index.php\/2021\/10\/13\/mexico-reporta-420-muertes-mas-por-covid-y-6-mil-320-contagios\/"},"author":{"name":"Exc\u00e9lsior","@id":"https:\/\/fuentesfidedignas.com.mx\/#\/schema\/person\/ec4edd1fbf5efa3e44fce34fe2787780"},"headline":"M\u00e9xico reporta 420 muertes m\u00e1s por covid y 6 mil 320 contagios","datePublished":"2021-10-13T23:47:09+00:00","dateModified":"2021-10-13T23:47:11+00:00","mainEntityOfPage":{"@id":"https:\/\/fuentesfidedignas.com.mx\/index.php\/2021\/10\/13\/mexico-reporta-420-muertes-mas-por-covid-y-6-mil-320-contagios\/"},"wordCount":316,"commentCount":0,"publisher":{"@id":"https:\/\/fuentesfidedignas.com.mx\/#organization"},"image":{"@id":"https:\/\/fuentesfidedignas.com.mx\/index.php\/2021\/10\/13\/mexico-reporta-420-muertes-mas-por-covid-y-6-mil-320-contagios\/#primaryimage"},"thumbnailUrl":"https:\/\/fuentesfidedignas.com.mx\/wp-content\/uploads\/2021\/08\/muertes-covid-me\u0301xico-640x360-2.jpg","keywords":["Coronavirus","Covid-19","SARS-CoV-2","Vacuna anticovid"],"articleSection":["NOTICIAS NACIONALES"],"inLanguage":"es","potentialAction":[{"@type":"CommentAction","name":"Comment","target":["https:\/\/fuentesfidedignas.com.mx\/index.php\/2021\/10\/13\/mexico-reporta-420-muertes-mas-por-covid-y-6-mil-320-contagios\/#respond"]}]},{"@type":"WebPage","@id":"https:\/\/fuentesfidedignas.com.mx\/index.php\/2021\/10\/13\/mexico-reporta-420-muertes-mas-por-covid-y-6-mil-320-contagios\/","url":"https:\/\/fuentesfidedignas.com.mx\/index.php\/2021\/10\/13\/mexico-reporta-420-muertes-mas-por-covid-y-6-mil-320-contagios\/","name":"M\u00e9xico reporta 420 muertes m\u00e1s por covid y 6 mil 320 contagios - Fuentes Fidedignas","isPartOf":{"@id":"https:\/\/fuentesfidedignas.com.mx\/#website"},"primaryImageOfPage":{"@id":"https:\/\/fuentesfidedignas.com.mx\/index.php\/2021\/10\/13\/mexico-reporta-420-muertes-mas-por-covid-y-6-mil-320-contagios\/#primaryimage"},"image":{"@id":"https:\/\/fuentesfidedignas.com.mx\/index.php\/2021\/10\/13\/mexico-reporta-420-muertes-mas-por-covid-y-6-mil-320-contagios\/#primaryimage"},"thumbnailUrl":"https:\/\/fuentesfidedignas.com.mx\/wp-content\/uploads\/2021\/08\/muertes-covid-me\u0301xico-640x360-2.jpg","datePublished":"2021-10-13T23:47:09+00:00","dateModified":"2021-10-13T23:47:11+00:00","breadcrumb":{"@id":"https:\/\/fuentesfidedignas.com.mx\/index.php\/2021\/10\/13\/mexico-reporta-420-muertes-mas-por-covid-y-6-mil-320-contagios\/#breadcrumb"},"inLanguage":"es","potentialAction":[{"@type":"ReadAction","target":["https:\/\/fuentesfidedignas.com.mx\/index.php\/2021\/10\/13\/mexico-reporta-420-muertes-mas-por-covid-y-6-mil-320-contagios\/"]}]},{"@type":"ImageObject","inLanguage":"es","@id":"https:\/\/fuentesfidedignas.com.mx\/index.php\/2021\/10\/13\/mexico-reporta-420-muertes-mas-por-covid-y-6-mil-320-contagios\/#primaryimage","url":"https:\/\/fuentesfidedignas.com.mx\/wp-content\/uploads\/2021\/08\/muertes-covid-me\u0301xico-640x360-2.jpg","contentUrl":"https:\/\/fuentesfidedignas.com.mx\/wp-content\/uploads\/2021\/08\/muertes-covid-me\u0301xico-640x360-2.jpg","width":640,"height":360},{"@type":"BreadcrumbList","@id":"https:\/\/fuentesfidedignas.com.mx\/index.php\/2021\/10\/13\/mexico-reporta-420-muertes-mas-por-covid-y-6-mil-320-contagios\/#breadcrumb","itemListElement":[{"@type":"ListItem","position":1,"name":"Inicio","item":"https:\/\/fuentesfidedignas.com.mx\/"},{"@type":"ListItem","position":2,"name":"M\u00e9xico reporta 420 muertes m\u00e1s por covid y 6 mil 320 contagios"}]},{"@type":"WebSite","@id":"https:\/\/fuentesfidedignas.com.mx\/#website","url":"https:\/\/fuentesfidedignas.com.mx\/","name":"Fuentes Fidedignas","description":"Otro sitio realizado con WordPress","publisher":{"@id":"https:\/\/fuentesfidedignas.com.mx\/#organization"},"potentialAction":[{"@type":"SearchAction","target":{"@type":"EntryPoint","urlTemplate":"https:\/\/fuentesfidedignas.com.mx\/?s={search_term_string}"},"query-input":{"@type":"PropertyValueSpecification","valueRequired":true,"valueName":"search_term_string"}}],"inLanguage":"es"},{"@type":"Organization","@id":"https:\/\/fuentesfidedignas.com.mx\/#organization","name":"Fuentes Fidedignas","url":"https:\/\/fuentesfidedignas.com.mx\/","logo":{"@type":"ImageObject","inLanguage":"es","@id":"https:\/\/fuentesfidedignas.com.mx\/#\/schema\/logo\/image\/","url":"https:\/\/fuentesfidedignas.com.mx\/wp-content\/uploads\/2021\/04\/logo-retina.png","contentUrl":"https:\/\/fuentesfidedignas.com.mx\/wp-content\/uploads\/2021\/04\/logo-retina.png","width":280,"height":51,"caption":"Fuentes Fidedignas"},"image":{"@id":"https:\/\/fuentesfidedignas.com.mx\/#\/schema\/logo\/image\/"},"sameAs":["https:\/\/www.facebook.com\/Fuentes-Fidedignas-368234489921644","https:\/\/x.com\/fidedignas"]},{"@type":"Person","@id":"https:\/\/fuentesfidedignas.com.mx\/#\/schema\/person\/ec4edd1fbf5efa3e44fce34fe2787780","name":"Exc\u00e9lsior","image":{"@type":"ImageObject","inLanguage":"es","@id":"https:\/\/secure.gravatar.com\/avatar\/4b7ee9206b48be08447852b3f0814dbc7c0f3b51541b164f1464a2725614020b?s=96&d=mm&r=g","url":"https:\/\/secure.gravatar.com\/avatar\/4b7ee9206b48be08447852b3f0814dbc7c0f3b51541b164f1464a2725614020b?s=96&d=mm&r=g","contentUrl":"https:\/\/secure.gravatar.com\/avatar\/4b7ee9206b48be08447852b3f0814dbc7c0f3b51541b164f1464a2725614020b?s=96&d=mm&r=g","caption":"Exc\u00e9lsior"},"url":"https:\/\/fuentesfidedignas.com.mx\/index.php\/author\/excelsior\/"}]}},"_links":{"self":[{"href":"https:\/\/fuentesfidedignas.com.mx\/index.php\/wp-json\/wp\/v2\/posts\/14975","targetHints":{"allow":["GET"]}}],"collection":[{"href":"https:\/\/fuentesfidedignas.com.mx\/index.php\/wp-json\/wp\/v2\/posts"}],"about":[{"href":"https:\/\/fuentesfidedignas.com.mx\/index.php\/wp-json\/wp\/v2\/types\/post"}],"author":[{"embeddable":true,"href":"https:\/\/fuentesfidedignas.com.mx\/index.php\/wp-json\/wp\/v2\/users\/7"}],"replies":[{"embeddable":true,"href":"https:\/\/fuentesfidedignas.com.mx\/index.php\/wp-json\/wp\/v2\/comments?post=14975"}],"version-history":[{"count":1,"href":"https:\/\/fuentesfidedignas.com.mx\/index.php\/wp-json\/wp\/v2\/posts\/14975\/revisions"}],"predecessor-version":[{"id":14976,"href":"https:\/\/fuentesfidedignas.com.mx\/index.php\/wp-json\/wp\/v2\/posts\/14975\/revisions\/14976"}],"wp:featuredmedia":[{"embeddable":true,"href":"https:\/\/fuentesfidedignas.com.mx\/index.php\/wp-json\/wp\/v2\/media\/10630"}],"wp:attachment":[{"href":"https:\/\/fuentesfidedignas.com.mx\/index.php\/wp-json\/wp\/v2\/media?parent=14975"}],"wp:term":[{"taxonomy":"category","embeddable":true,"href":"https:\/\/fuentesfidedignas.com.mx\/index.php\/wp-json\/wp\/v2\/categories?post=14975"},{"taxonomy":"post_tag","embeddable":true,"href":"https:\/\/fuentesfidedignas.com.mx\/index.php\/wp-json\/wp\/v2\/tags?post=14975"}],"curies":[{"name":"wp","href":"https:\/\/api.w.org\/{rel}","templated":true}]}}