{"id":14959,"date":"2021-10-13T16:19:57","date_gmt":"2021-10-13T23:19:57","guid":{"rendered":"https:\/\/fuentesfidedignas.com.mx\/?p=14959"},"modified":"2021-10-13T16:19:58","modified_gmt":"2021-10-13T23:19:58","slug":"huracan-pamela-deja-afectaciones-menores-en-planteles-de-la-uas","status":"publish","type":"post","link":"https:\/\/fuentesfidedignas.com.mx\/index.php\/2021\/10\/13\/huracan-pamela-deja-afectaciones-menores-en-planteles-de-la-uas\/","title":{"rendered":"Hurac\u00e1n \u201cPamela\u201d deja afectaciones menores en planteles de la UAS"},"content":{"rendered":"\n<p><strong><em>Los da\u00f1os que se pudieron observar se encuentran la ca\u00edda de \u00e1rboles, as\u00ed como<\/em><\/strong> <strong><em>bardas da\u00f1adas en la Preparatoria Rub\u00e9n Jaramillo y en Ciudad Universitaria <\/em><\/strong><\/p>\n\n\n\n<p>Culiac\u00e1n, Sin.- El Rector de la Universidad Aut\u00f3noma de Sinaloa (UAS), doctor Jes\u00fas Madue\u00f1a Molina, realiz\u00f3 una visita de supervisi\u00f3n a la Unidad Regional Sur, con motivo de las posibles afectaciones provocadas por el fen\u00f3meno meteorol\u00f3gico &#8220;Pamela&#8221; que impact\u00f3 en parte del Estado.<\/p>\n\n\n\n<p>Madue\u00f1a Molina, inform\u00f3 que entre los da\u00f1os que se pudieron observar se encuentran la ca\u00edda de \u00e1rboles, as\u00ed como bardas da\u00f1adas en la Preparatoria Rub\u00e9n Jaramillo y en Ciudad Universitaria, mismas a las que, dijo, se les dar\u00e1 reparaci\u00f3n y mantenimiento; en el caso de las aulas y los laboratorios, estos no sufrieron afectaciones.<\/p>\n\n\n\n<p>&#8220;Tenemos que regresar el lunes con todas las medidas de seguridad, y aqu\u00ed decirles nada m\u00e1s que hagamos una petici\u00f3n a todos los trabajadores de confianza, acad\u00e9micos y administrativos para hacer una jornada de limpieza tanto en CU, como aqu\u00ed en las preparatorias, para que las condiciones sean dignas ante el regreso de nuestros muchachos&#8221;, se\u00f1al\u00f3.<\/p>\n\n\n\n<p>Por su parte, el Vicerrector Miguel \u00c1ngel D\u00edaz Quinteros, expres\u00f3 que en la zona sur est\u00e1n contentos por la preocupaci\u00f3n y entusiasmo que el Rector ha mostrado para consolidar el regreso de los estudiantes a las aulas.<\/p>\n\n\n\n<p>&#8220;Ahora que se nos atraviesa esta tormenta, desde muy temprano, el Rector estuvo monitoreando todo el estado y particularmente el sur, para pedir informes sobre los da\u00f1os que hab\u00eda dejado, y acord\u00f3 visitarnos el d\u00eda de hoy, como parte de esta preocupaci\u00f3n de tener las condiciones \u00f3ptimas para este regreso a clases presenciales&#8221;, indic\u00f3.<\/p>\n\n\n\n<p>A su vez, Norma Leticia Olvera Guevara y Johan Osvaldo Abitia Collazo, directores de las preparatorias Antonio Rosales y Mazatl\u00e1n, respectivamente, coincidieron en que sus planteles tuvieron afectaciones menores, mismas que no impedir\u00e1n el pr\u00f3ximo regreso presencial del estudiantado a las aulas.<\/p>\n\n\n\n<figure class=\"wp-block-gallery columns-3 is-cropped wp-block-gallery-1 is-layout-flex wp-block-gallery-is-layout-flex\"><ul class=\"blocks-gallery-grid\"><li class=\"blocks-gallery-item\"><figure><img decoding=\"async\" width=\"1024\" height=\"768\" src=\"https:\/\/fuentesfidedignas.com.mx\/wp-content\/uploads\/2021\/10\/Revision-de-danos-URS-4-1024x768.jpg\" alt=\"\" data-id=\"14964\" data-full-url=\"https:\/\/fuentesfidedignas.com.mx\/wp-content\/uploads\/2021\/10\/Revision-de-danos-URS-4.jpg\" data-link=\"https:\/\/fuentesfidedignas.com.mx\/?attachment_id=14964\" class=\"wp-image-14964\" srcset=\"https:\/\/fuentesfidedignas.com.mx\/wp-content\/uploads\/2021\/10\/Revision-de-danos-URS-4-1024x768.jpg 1024w, https:\/\/fuentesfidedignas.com.mx\/wp-content\/uploads\/2021\/10\/Revision-de-danos-URS-4-300x225.jpg 300w, https:\/\/fuentesfidedignas.com.mx\/wp-content\/uploads\/2021\/10\/Revision-de-danos-URS-4-768x576.jpg 768w, https:\/\/fuentesfidedignas.com.mx\/wp-content\/uploads\/2021\/10\/Revision-de-danos-URS-4-1536x1152.jpg 1536w, https:\/\/fuentesfidedignas.com.mx\/wp-content\/uploads\/2021\/10\/Revision-de-danos-URS-4-696x522.jpg 696w, https:\/\/fuentesfidedignas.com.mx\/wp-content\/uploads\/2021\/10\/Revision-de-danos-URS-4-1068x801.jpg 1068w, https:\/\/fuentesfidedignas.com.mx\/wp-content\/uploads\/2021\/10\/Revision-de-danos-URS-4-560x420.jpg 560w, https:\/\/fuentesfidedignas.com.mx\/wp-content\/uploads\/2021\/10\/Revision-de-danos-URS-4-80x60.jpg 80w, https:\/\/fuentesfidedignas.com.mx\/wp-content\/uploads\/2021\/10\/Revision-de-danos-URS-4-265x198.jpg 265w, https:\/\/fuentesfidedignas.com.mx\/wp-content\/uploads\/2021\/10\/Revision-de-danos-URS-4.jpg 1600w\" sizes=\"(max-width: 1024px) 100vw, 1024px\" \/><\/figure><\/li><li class=\"blocks-gallery-item\"><figure><img decoding=\"async\" width=\"1024\" height=\"768\" src=\"https:\/\/fuentesfidedignas.com.mx\/wp-content\/uploads\/2021\/10\/Revision-de-danos-URS-1-1024x768.jpg\" alt=\"\" data-id=\"14963\" data-full-url=\"https:\/\/fuentesfidedignas.com.mx\/wp-content\/uploads\/2021\/10\/Revision-de-danos-URS-1.jpg\" data-link=\"https:\/\/fuentesfidedignas.com.mx\/?attachment_id=14963\" class=\"wp-image-14963\" srcset=\"https:\/\/fuentesfidedignas.com.mx\/wp-content\/uploads\/2021\/10\/Revision-de-danos-URS-1-1024x768.jpg 1024w, https:\/\/fuentesfidedignas.com.mx\/wp-content\/uploads\/2021\/10\/Revision-de-danos-URS-1-300x225.jpg 300w, https:\/\/fuentesfidedignas.com.mx\/wp-content\/uploads\/2021\/10\/Revision-de-danos-URS-1-768x576.jpg 768w, https:\/\/fuentesfidedignas.com.mx\/wp-content\/uploads\/2021\/10\/Revision-de-danos-URS-1-1536x1152.jpg 1536w, https:\/\/fuentesfidedignas.com.mx\/wp-content\/uploads\/2021\/10\/Revision-de-danos-URS-1-696x522.jpg 696w, https:\/\/fuentesfidedignas.com.mx\/wp-content\/uploads\/2021\/10\/Revision-de-danos-URS-1-1068x801.jpg 1068w, https:\/\/fuentesfidedignas.com.mx\/wp-content\/uploads\/2021\/10\/Revision-de-danos-URS-1-560x420.jpg 560w, https:\/\/fuentesfidedignas.com.mx\/wp-content\/uploads\/2021\/10\/Revision-de-danos-URS-1-80x60.jpg 80w, https:\/\/fuentesfidedignas.com.mx\/wp-content\/uploads\/2021\/10\/Revision-de-danos-URS-1-265x198.jpg 265w, https:\/\/fuentesfidedignas.com.mx\/wp-content\/uploads\/2021\/10\/Revision-de-danos-URS-1.jpg 1600w\" sizes=\"(max-width: 1024px) 100vw, 1024px\" \/><\/figure><\/li><li class=\"blocks-gallery-item\"><figure><img decoding=\"async\" width=\"1024\" height=\"768\" src=\"https:\/\/fuentesfidedignas.com.mx\/wp-content\/uploads\/2021\/10\/Revision-de-danos-URS-1024x768.jpg\" alt=\"\" data-id=\"14962\" data-full-url=\"https:\/\/fuentesfidedignas.com.mx\/wp-content\/uploads\/2021\/10\/Revision-de-danos-URS.jpg\" data-link=\"https:\/\/fuentesfidedignas.com.mx\/?attachment_id=14962\" class=\"wp-image-14962\" srcset=\"https:\/\/fuentesfidedignas.com.mx\/wp-content\/uploads\/2021\/10\/Revision-de-danos-URS-1024x768.jpg 1024w, https:\/\/fuentesfidedignas.com.mx\/wp-content\/uploads\/2021\/10\/Revision-de-danos-URS-300x225.jpg 300w, https:\/\/fuentesfidedignas.com.mx\/wp-content\/uploads\/2021\/10\/Revision-de-danos-URS-768x576.jpg 768w, https:\/\/fuentesfidedignas.com.mx\/wp-content\/uploads\/2021\/10\/Revision-de-danos-URS-1536x1152.jpg 1536w, https:\/\/fuentesfidedignas.com.mx\/wp-content\/uploads\/2021\/10\/Revision-de-danos-URS-696x522.jpg 696w, https:\/\/fuentesfidedignas.com.mx\/wp-content\/uploads\/2021\/10\/Revision-de-danos-URS-1068x801.jpg 1068w, https:\/\/fuentesfidedignas.com.mx\/wp-content\/uploads\/2021\/10\/Revision-de-danos-URS-560x420.jpg 560w, https:\/\/fuentesfidedignas.com.mx\/wp-content\/uploads\/2021\/10\/Revision-de-danos-URS-80x60.jpg 80w, https:\/\/fuentesfidedignas.com.mx\/wp-content\/uploads\/2021\/10\/Revision-de-danos-URS-265x198.jpg 265w, https:\/\/fuentesfidedignas.com.mx\/wp-content\/uploads\/2021\/10\/Revision-de-danos-URS.jpg 1600w\" sizes=\"(max-width: 1024px) 100vw, 1024px\" \/><\/figure><\/li><li class=\"blocks-gallery-item\"><figure><img decoding=\"async\" width=\"1024\" height=\"768\" src=\"https:\/\/fuentesfidedignas.com.mx\/wp-content\/uploads\/2021\/10\/Revision-de-danos-URS-3-1024x768.jpg\" alt=\"\" data-id=\"14961\" data-full-url=\"https:\/\/fuentesfidedignas.com.mx\/wp-content\/uploads\/2021\/10\/Revision-de-danos-URS-3.jpg\" data-link=\"https:\/\/fuentesfidedignas.com.mx\/?attachment_id=14961\" class=\"wp-image-14961\" srcset=\"https:\/\/fuentesfidedignas.com.mx\/wp-content\/uploads\/2021\/10\/Revision-de-danos-URS-3-1024x768.jpg 1024w, https:\/\/fuentesfidedignas.com.mx\/wp-content\/uploads\/2021\/10\/Revision-de-danos-URS-3-300x225.jpg 300w, https:\/\/fuentesfidedignas.com.mx\/wp-content\/uploads\/2021\/10\/Revision-de-danos-URS-3-768x576.jpg 768w, https:\/\/fuentesfidedignas.com.mx\/wp-content\/uploads\/2021\/10\/Revision-de-danos-URS-3-1536x1152.jpg 1536w, https:\/\/fuentesfidedignas.com.mx\/wp-content\/uploads\/2021\/10\/Revision-de-danos-URS-3-696x522.jpg 696w, https:\/\/fuentesfidedignas.com.mx\/wp-content\/uploads\/2021\/10\/Revision-de-danos-URS-3-1068x801.jpg 1068w, https:\/\/fuentesfidedignas.com.mx\/wp-content\/uploads\/2021\/10\/Revision-de-danos-URS-3-560x420.jpg 560w, https:\/\/fuentesfidedignas.com.mx\/wp-content\/uploads\/2021\/10\/Revision-de-danos-URS-3-80x60.jpg 80w, https:\/\/fuentesfidedignas.com.mx\/wp-content\/uploads\/2021\/10\/Revision-de-danos-URS-3-265x198.jpg 265w, https:\/\/fuentesfidedignas.com.mx\/wp-content\/uploads\/2021\/10\/Revision-de-danos-URS-3.jpg 1600w\" sizes=\"(max-width: 1024px) 100vw, 1024px\" \/><\/figure><\/li><li class=\"blocks-gallery-item\"><figure><img decoding=\"async\" width=\"1024\" height=\"768\" src=\"https:\/\/fuentesfidedignas.com.mx\/wp-content\/uploads\/2021\/10\/Revision-de-danos-URS-2-1024x768.jpg\" alt=\"\" data-id=\"14960\" data-full-url=\"https:\/\/fuentesfidedignas.com.mx\/wp-content\/uploads\/2021\/10\/Revision-de-danos-URS-2.jpg\" data-link=\"https:\/\/fuentesfidedignas.com.mx\/?attachment_id=14960\" class=\"wp-image-14960\" srcset=\"https:\/\/fuentesfidedignas.com.mx\/wp-content\/uploads\/2021\/10\/Revision-de-danos-URS-2-1024x768.jpg 1024w, https:\/\/fuentesfidedignas.com.mx\/wp-content\/uploads\/2021\/10\/Revision-de-danos-URS-2-300x225.jpg 300w, https:\/\/fuentesfidedignas.com.mx\/wp-content\/uploads\/2021\/10\/Revision-de-danos-URS-2-768x576.jpg 768w, https:\/\/fuentesfidedignas.com.mx\/wp-content\/uploads\/2021\/10\/Revision-de-danos-URS-2-1536x1152.jpg 1536w, https:\/\/fuentesfidedignas.com.mx\/wp-content\/uploads\/2021\/10\/Revision-de-danos-URS-2-696x522.jpg 696w, https:\/\/fuentesfidedignas.com.mx\/wp-content\/uploads\/2021\/10\/Revision-de-danos-URS-2-1068x801.jpg 1068w, https:\/\/fuentesfidedignas.com.mx\/wp-content\/uploads\/2021\/10\/Revision-de-danos-URS-2-560x420.jpg 560w, https:\/\/fuentesfidedignas.com.mx\/wp-content\/uploads\/2021\/10\/Revision-de-danos-URS-2-80x60.jpg 80w, https:\/\/fuentesfidedignas.com.mx\/wp-content\/uploads\/2021\/10\/Revision-de-danos-URS-2-265x198.jpg 265w, https:\/\/fuentesfidedignas.com.mx\/wp-content\/uploads\/2021\/10\/Revision-de-danos-URS-2.jpg 1600w\" sizes=\"(max-width: 1024px) 100vw, 1024px\" \/><\/figure><\/li><\/ul><\/figure>\n","protected":false},"excerpt":{"rendered":"<p>Los da\u00f1os que se pudieron observar se encuentran la ca\u00edda de \u00e1rboles, as\u00ed como bardas da\u00f1adas en la Preparatoria Rub\u00e9n Jaramillo y en Ciudad Universitaria Culiac\u00e1n, Sin.- El Rector de la Universidad Aut\u00f3noma de Sinaloa (UAS), doctor Jes\u00fas Madue\u00f1a Molina, realiz\u00f3 una visita de supervisi\u00f3n a la Unidad Regional Sur, con motivo de las posibles [&hellip;]<\/p>\n","protected":false},"author":4,"featured_media":14961,"comment_status":"open","ping_status":"open","sticky":false,"template":"","format":"standard","meta":{"tdm_status":"","tdm_grid_status":"","footnotes":""},"categories":[38],"tags":[2034,725,969,1836,81],"class_list":{"0":"post-14959","1":"post","2":"type-post","3":"status-publish","4":"format-standard","5":"has-post-thumbnail","7":"category-noticias-locales","8":"tag-huracan-pamela","9":"tag-jesus-maduena-molina","10":"tag-lluvias","11":"tag-temporada-de-huracanes","12":"tag-uas"},"yoast_head":"<!-- This site is optimized with the Yoast SEO plugin v27.5 - https:\/\/yoast.com\/product\/yoast-seo-wordpress\/ -->\n<title>Hurac\u00e1n \u201cPamela\u201d deja afectaciones menores en planteles de la UAS - Fuentes Fidedignas<\/title>\n<meta name=\"robots\" content=\"index, follow, max-snippet:-1, max-image-preview:large, max-video-preview:-1\" \/>\n<link rel=\"canonical\" href=\"https:\/\/fuentesfidedignas.com.mx\/index.php\/2021\/10\/13\/huracan-pamela-deja-afectaciones-menores-en-planteles-de-la-uas\/\" \/>\n<meta property=\"og:locale\" content=\"es_MX\" \/>\n<meta property=\"og:type\" content=\"article\" \/>\n<meta property=\"og:title\" content=\"Hurac\u00e1n \u201cPamela\u201d deja afectaciones menores en planteles de la UAS - Fuentes Fidedignas\" \/>\n<meta property=\"og:description\" content=\"Los da\u00f1os que se pudieron observar se encuentran la ca\u00edda de \u00e1rboles, as\u00ed como bardas da\u00f1adas en la Preparatoria Rub\u00e9n Jaramillo y en Ciudad Universitaria Culiac\u00e1n, Sin.- El Rector de la Universidad Aut\u00f3noma de Sinaloa (UAS), doctor Jes\u00fas Madue\u00f1a Molina, realiz\u00f3 una visita de supervisi\u00f3n a la Unidad Regional Sur, con motivo de las posibles [&hellip;]\" \/>\n<meta property=\"og:url\" content=\"https:\/\/fuentesfidedignas.com.mx\/index.php\/2021\/10\/13\/huracan-pamela-deja-afectaciones-menores-en-planteles-de-la-uas\/\" \/>\n<meta property=\"og:site_name\" content=\"Fuentes Fidedignas\" \/>\n<meta property=\"article:publisher\" content=\"https:\/\/www.facebook.com\/Fuentes-Fidedignas-368234489921644\" \/>\n<meta property=\"article:published_time\" content=\"2021-10-13T23:19:57+00:00\" \/>\n<meta property=\"article:modified_time\" content=\"2021-10-13T23:19:58+00:00\" \/>\n<meta property=\"og:image\" content=\"https:\/\/fuentesfidedignas.com.mx\/wp-content\/uploads\/2021\/10\/Revision-de-danos-URS-3.jpg\" \/>\n\t<meta property=\"og:image:width\" content=\"1600\" \/>\n\t<meta property=\"og:image:height\" content=\"1200\" \/>\n\t<meta property=\"og:image:type\" content=\"image\/jpeg\" \/>\n<meta name=\"author\" content=\"Redacci\u00f3n\" \/>\n<meta name=\"twitter:card\" content=\"summary_large_image\" \/>\n<meta name=\"twitter:creator\" content=\"@fidedignas\" \/>\n<meta name=\"twitter:site\" content=\"@fidedignas\" \/>\n<meta name=\"twitter:label1\" content=\"Escrito por\" \/>\n\t<meta name=\"twitter:data1\" content=\"Redacci\u00f3n\" \/>\n\t<meta name=\"twitter:label2\" content=\"Tiempo de lectura\" \/>\n\t<meta name=\"twitter:data2\" content=\"3 minutos\" \/>\n<script type=\"application\/ld+json\" class=\"yoast-schema-graph\">{\"@context\":\"https:\\\/\\\/schema.org\",\"@graph\":[{\"@type\":\"Article\",\"@id\":\"https:\\\/\\\/fuentesfidedignas.com.mx\\\/index.php\\\/2021\\\/10\\\/13\\\/huracan-pamela-deja-afectaciones-menores-en-planteles-de-la-uas\\\/#article\",\"isPartOf\":{\"@id\":\"https:\\\/\\\/fuentesfidedignas.com.mx\\\/index.php\\\/2021\\\/10\\\/13\\\/huracan-pamela-deja-afectaciones-menores-en-planteles-de-la-uas\\\/\"},\"author\":{\"name\":\"Redacci\u00f3n\",\"@id\":\"https:\\\/\\\/fuentesfidedignas.com.mx\\\/#\\\/schema\\\/person\\\/331be9283d37198e2acd5750279085b0\"},\"headline\":\"Hurac\u00e1n \u201cPamela\u201d deja afectaciones menores en planteles de la UAS\",\"datePublished\":\"2021-10-13T23:19:57+00:00\",\"dateModified\":\"2021-10-13T23:19:58+00:00\",\"mainEntityOfPage\":{\"@id\":\"https:\\\/\\\/fuentesfidedignas.com.mx\\\/index.php\\\/2021\\\/10\\\/13\\\/huracan-pamela-deja-afectaciones-menores-en-planteles-de-la-uas\\\/\"},\"wordCount\":354,\"commentCount\":0,\"publisher\":{\"@id\":\"https:\\\/\\\/fuentesfidedignas.com.mx\\\/#organization\"},\"image\":{\"@id\":\"https:\\\/\\\/fuentesfidedignas.com.mx\\\/index.php\\\/2021\\\/10\\\/13\\\/huracan-pamela-deja-afectaciones-menores-en-planteles-de-la-uas\\\/#primaryimage\"},\"thumbnailUrl\":\"https:\\\/\\\/fuentesfidedignas.com.mx\\\/wp-content\\\/uploads\\\/2021\\\/10\\\/Revision-de-danos-URS-3.jpg\",\"keywords\":[\"Hurac\u00e1n Pamela\",\"Jes\u00fas Madue\u00f1a Molina\",\"lluvias\",\"Temporada de huracanes\",\"UAS\"],\"articleSection\":[\"NOTICIAS LOCALES\"],\"inLanguage\":\"es\",\"potentialAction\":[{\"@type\":\"CommentAction\",\"name\":\"Comment\",\"target\":[\"https:\\\/\\\/fuentesfidedignas.com.mx\\\/index.php\\\/2021\\\/10\\\/13\\\/huracan-pamela-deja-afectaciones-menores-en-planteles-de-la-uas\\\/#respond\"]}]},{\"@type\":\"WebPage\",\"@id\":\"https:\\\/\\\/fuentesfidedignas.com.mx\\\/index.php\\\/2021\\\/10\\\/13\\\/huracan-pamela-deja-afectaciones-menores-en-planteles-de-la-uas\\\/\",\"url\":\"https:\\\/\\\/fuentesfidedignas.com.mx\\\/index.php\\\/2021\\\/10\\\/13\\\/huracan-pamela-deja-afectaciones-menores-en-planteles-de-la-uas\\\/\",\"name\":\"Hurac\u00e1n \u201cPamela\u201d deja afectaciones menores en planteles de la UAS - Fuentes Fidedignas\",\"isPartOf\":{\"@id\":\"https:\\\/\\\/fuentesfidedignas.com.mx\\\/#website\"},\"primaryImageOfPage\":{\"@id\":\"https:\\\/\\\/fuentesfidedignas.com.mx\\\/index.php\\\/2021\\\/10\\\/13\\\/huracan-pamela-deja-afectaciones-menores-en-planteles-de-la-uas\\\/#primaryimage\"},\"image\":{\"@id\":\"https:\\\/\\\/fuentesfidedignas.com.mx\\\/index.php\\\/2021\\\/10\\\/13\\\/huracan-pamela-deja-afectaciones-menores-en-planteles-de-la-uas\\\/#primaryimage\"},\"thumbnailUrl\":\"https:\\\/\\\/fuentesfidedignas.com.mx\\\/wp-content\\\/uploads\\\/2021\\\/10\\\/Revision-de-danos-URS-3.jpg\",\"datePublished\":\"2021-10-13T23:19:57+00:00\",\"dateModified\":\"2021-10-13T23:19:58+00:00\",\"breadcrumb\":{\"@id\":\"https:\\\/\\\/fuentesfidedignas.com.mx\\\/index.php\\\/2021\\\/10\\\/13\\\/huracan-pamela-deja-afectaciones-menores-en-planteles-de-la-uas\\\/#breadcrumb\"},\"inLanguage\":\"es\",\"potentialAction\":[{\"@type\":\"ReadAction\",\"target\":[\"https:\\\/\\\/fuentesfidedignas.com.mx\\\/index.php\\\/2021\\\/10\\\/13\\\/huracan-pamela-deja-afectaciones-menores-en-planteles-de-la-uas\\\/\"]}]},{\"@type\":\"ImageObject\",\"inLanguage\":\"es\",\"@id\":\"https:\\\/\\\/fuentesfidedignas.com.mx\\\/index.php\\\/2021\\\/10\\\/13\\\/huracan-pamela-deja-afectaciones-menores-en-planteles-de-la-uas\\\/#primaryimage\",\"url\":\"https:\\\/\\\/fuentesfidedignas.com.mx\\\/wp-content\\\/uploads\\\/2021\\\/10\\\/Revision-de-danos-URS-3.jpg\",\"contentUrl\":\"https:\\\/\\\/fuentesfidedignas.com.mx\\\/wp-content\\\/uploads\\\/2021\\\/10\\\/Revision-de-danos-URS-3.jpg\",\"width\":1600,\"height\":1200},{\"@type\":\"BreadcrumbList\",\"@id\":\"https:\\\/\\\/fuentesfidedignas.com.mx\\\/index.php\\\/2021\\\/10\\\/13\\\/huracan-pamela-deja-afectaciones-menores-en-planteles-de-la-uas\\\/#breadcrumb\",\"itemListElement\":[{\"@type\":\"ListItem\",\"position\":1,\"name\":\"Inicio\",\"item\":\"https:\\\/\\\/fuentesfidedignas.com.mx\\\/\"},{\"@type\":\"ListItem\",\"position\":2,\"name\":\"Hurac\u00e1n \u201cPamela\u201d deja afectaciones menores en planteles de la UAS\"}]},{\"@type\":\"WebSite\",\"@id\":\"https:\\\/\\\/fuentesfidedignas.com.mx\\\/#website\",\"url\":\"https:\\\/\\\/fuentesfidedignas.com.mx\\\/\",\"name\":\"Fuentes Fidedignas\",\"description\":\"Otro sitio realizado con WordPress\",\"publisher\":{\"@id\":\"https:\\\/\\\/fuentesfidedignas.com.mx\\\/#organization\"},\"potentialAction\":[{\"@type\":\"SearchAction\",\"target\":{\"@type\":\"EntryPoint\",\"urlTemplate\":\"https:\\\/\\\/fuentesfidedignas.com.mx\\\/?s={search_term_string}\"},\"query-input\":{\"@type\":\"PropertyValueSpecification\",\"valueRequired\":true,\"valueName\":\"search_term_string\"}}],\"inLanguage\":\"es\"},{\"@type\":\"Organization\",\"@id\":\"https:\\\/\\\/fuentesfidedignas.com.mx\\\/#organization\",\"name\":\"Fuentes Fidedignas\",\"url\":\"https:\\\/\\\/fuentesfidedignas.com.mx\\\/\",\"logo\":{\"@type\":\"ImageObject\",\"inLanguage\":\"es\",\"@id\":\"https:\\\/\\\/fuentesfidedignas.com.mx\\\/#\\\/schema\\\/logo\\\/image\\\/\",\"url\":\"https:\\\/\\\/fuentesfidedignas.com.mx\\\/wp-content\\\/uploads\\\/2021\\\/04\\\/logo-retina.png\",\"contentUrl\":\"https:\\\/\\\/fuentesfidedignas.com.mx\\\/wp-content\\\/uploads\\\/2021\\\/04\\\/logo-retina.png\",\"width\":280,\"height\":51,\"caption\":\"Fuentes Fidedignas\"},\"image\":{\"@id\":\"https:\\\/\\\/fuentesfidedignas.com.mx\\\/#\\\/schema\\\/logo\\\/image\\\/\"},\"sameAs\":[\"https:\\\/\\\/www.facebook.com\\\/Fuentes-Fidedignas-368234489921644\",\"https:\\\/\\\/x.com\\\/fidedignas\"]},{\"@type\":\"Person\",\"@id\":\"https:\\\/\\\/fuentesfidedignas.com.mx\\\/#\\\/schema\\\/person\\\/331be9283d37198e2acd5750279085b0\",\"name\":\"Redacci\u00f3n\",\"image\":{\"@type\":\"ImageObject\",\"inLanguage\":\"es\",\"@id\":\"https:\\\/\\\/secure.gravatar.com\\\/avatar\\\/f6d8782c11d12b2d4ad3fbb6931aeab5309937a4d6cd2fc9cfaa28a6396a5aec?s=96&d=mm&r=g\",\"url\":\"https:\\\/\\\/secure.gravatar.com\\\/avatar\\\/f6d8782c11d12b2d4ad3fbb6931aeab5309937a4d6cd2fc9cfaa28a6396a5aec?s=96&d=mm&r=g\",\"contentUrl\":\"https:\\\/\\\/secure.gravatar.com\\\/avatar\\\/f6d8782c11d12b2d4ad3fbb6931aeab5309937a4d6cd2fc9cfaa28a6396a5aec?s=96&d=mm&r=g\",\"caption\":\"Redacci\u00f3n\"},\"url\":\"https:\\\/\\\/fuentesfidedignas.com.mx\\\/index.php\\\/author\\\/redaccion\\\/\"}]}<\/script>\n<!-- \/ Yoast SEO plugin. -->","yoast_head_json":{"title":"Hurac\u00e1n \u201cPamela\u201d deja afectaciones menores en planteles de la UAS - Fuentes Fidedignas","robots":{"index":"index","follow":"follow","max-snippet":"max-snippet:-1","max-image-preview":"max-image-preview:large","max-video-preview":"max-video-preview:-1"},"canonical":"https:\/\/fuentesfidedignas.com.mx\/index.php\/2021\/10\/13\/huracan-pamela-deja-afectaciones-menores-en-planteles-de-la-uas\/","og_locale":"es_MX","og_type":"article","og_title":"Hurac\u00e1n \u201cPamela\u201d deja afectaciones menores en planteles de la UAS - Fuentes Fidedignas","og_description":"Los da\u00f1os que se pudieron observar se encuentran la ca\u00edda de \u00e1rboles, as\u00ed como bardas da\u00f1adas en la Preparatoria Rub\u00e9n Jaramillo y en Ciudad Universitaria Culiac\u00e1n, Sin.- El Rector de la Universidad Aut\u00f3noma de Sinaloa (UAS), doctor Jes\u00fas Madue\u00f1a Molina, realiz\u00f3 una visita de supervisi\u00f3n a la Unidad Regional Sur, con motivo de las posibles [&hellip;]","og_url":"https:\/\/fuentesfidedignas.com.mx\/index.php\/2021\/10\/13\/huracan-pamela-deja-afectaciones-menores-en-planteles-de-la-uas\/","og_site_name":"Fuentes Fidedignas","article_publisher":"https:\/\/www.facebook.com\/Fuentes-Fidedignas-368234489921644","article_published_time":"2021-10-13T23:19:57+00:00","article_modified_time":"2021-10-13T23:19:58+00:00","og_image":[{"width":1600,"height":1200,"url":"https:\/\/fuentesfidedignas.com.mx\/wp-content\/uploads\/2021\/10\/Revision-de-danos-URS-3.jpg","type":"image\/jpeg"}],"author":"Redacci\u00f3n","twitter_card":"summary_large_image","twitter_creator":"@fidedignas","twitter_site":"@fidedignas","twitter_misc":{"Escrito por":"Redacci\u00f3n","Tiempo de lectura":"3 minutos"},"schema":{"@context":"https:\/\/schema.org","@graph":[{"@type":"Article","@id":"https:\/\/fuentesfidedignas.com.mx\/index.php\/2021\/10\/13\/huracan-pamela-deja-afectaciones-menores-en-planteles-de-la-uas\/#article","isPartOf":{"@id":"https:\/\/fuentesfidedignas.com.mx\/index.php\/2021\/10\/13\/huracan-pamela-deja-afectaciones-menores-en-planteles-de-la-uas\/"},"author":{"name":"Redacci\u00f3n","@id":"https:\/\/fuentesfidedignas.com.mx\/#\/schema\/person\/331be9283d37198e2acd5750279085b0"},"headline":"Hurac\u00e1n \u201cPamela\u201d deja afectaciones menores en planteles de la UAS","datePublished":"2021-10-13T23:19:57+00:00","dateModified":"2021-10-13T23:19:58+00:00","mainEntityOfPage":{"@id":"https:\/\/fuentesfidedignas.com.mx\/index.php\/2021\/10\/13\/huracan-pamela-deja-afectaciones-menores-en-planteles-de-la-uas\/"},"wordCount":354,"commentCount":0,"publisher":{"@id":"https:\/\/fuentesfidedignas.com.mx\/#organization"},"image":{"@id":"https:\/\/fuentesfidedignas.com.mx\/index.php\/2021\/10\/13\/huracan-pamela-deja-afectaciones-menores-en-planteles-de-la-uas\/#primaryimage"},"thumbnailUrl":"https:\/\/fuentesfidedignas.com.mx\/wp-content\/uploads\/2021\/10\/Revision-de-danos-URS-3.jpg","keywords":["Hurac\u00e1n Pamela","Jes\u00fas Madue\u00f1a Molina","lluvias","Temporada de huracanes","UAS"],"articleSection":["NOTICIAS LOCALES"],"inLanguage":"es","potentialAction":[{"@type":"CommentAction","name":"Comment","target":["https:\/\/fuentesfidedignas.com.mx\/index.php\/2021\/10\/13\/huracan-pamela-deja-afectaciones-menores-en-planteles-de-la-uas\/#respond"]}]},{"@type":"WebPage","@id":"https:\/\/fuentesfidedignas.com.mx\/index.php\/2021\/10\/13\/huracan-pamela-deja-afectaciones-menores-en-planteles-de-la-uas\/","url":"https:\/\/fuentesfidedignas.com.mx\/index.php\/2021\/10\/13\/huracan-pamela-deja-afectaciones-menores-en-planteles-de-la-uas\/","name":"Hurac\u00e1n \u201cPamela\u201d deja afectaciones menores en planteles de la UAS - Fuentes Fidedignas","isPartOf":{"@id":"https:\/\/fuentesfidedignas.com.mx\/#website"},"primaryImageOfPage":{"@id":"https:\/\/fuentesfidedignas.com.mx\/index.php\/2021\/10\/13\/huracan-pamela-deja-afectaciones-menores-en-planteles-de-la-uas\/#primaryimage"},"image":{"@id":"https:\/\/fuentesfidedignas.com.mx\/index.php\/2021\/10\/13\/huracan-pamela-deja-afectaciones-menores-en-planteles-de-la-uas\/#primaryimage"},"thumbnailUrl":"https:\/\/fuentesfidedignas.com.mx\/wp-content\/uploads\/2021\/10\/Revision-de-danos-URS-3.jpg","datePublished":"2021-10-13T23:19:57+00:00","dateModified":"2021-10-13T23:19:58+00:00","breadcrumb":{"@id":"https:\/\/fuentesfidedignas.com.mx\/index.php\/2021\/10\/13\/huracan-pamela-deja-afectaciones-menores-en-planteles-de-la-uas\/#breadcrumb"},"inLanguage":"es","potentialAction":[{"@type":"ReadAction","target":["https:\/\/fuentesfidedignas.com.mx\/index.php\/2021\/10\/13\/huracan-pamela-deja-afectaciones-menores-en-planteles-de-la-uas\/"]}]},{"@type":"ImageObject","inLanguage":"es","@id":"https:\/\/fuentesfidedignas.com.mx\/index.php\/2021\/10\/13\/huracan-pamela-deja-afectaciones-menores-en-planteles-de-la-uas\/#primaryimage","url":"https:\/\/fuentesfidedignas.com.mx\/wp-content\/uploads\/2021\/10\/Revision-de-danos-URS-3.jpg","contentUrl":"https:\/\/fuentesfidedignas.com.mx\/wp-content\/uploads\/2021\/10\/Revision-de-danos-URS-3.jpg","width":1600,"height":1200},{"@type":"BreadcrumbList","@id":"https:\/\/fuentesfidedignas.com.mx\/index.php\/2021\/10\/13\/huracan-pamela-deja-afectaciones-menores-en-planteles-de-la-uas\/#breadcrumb","itemListElement":[{"@type":"ListItem","position":1,"name":"Inicio","item":"https:\/\/fuentesfidedignas.com.mx\/"},{"@type":"ListItem","position":2,"name":"Hurac\u00e1n \u201cPamela\u201d deja afectaciones menores en planteles de la UAS"}]},{"@type":"WebSite","@id":"https:\/\/fuentesfidedignas.com.mx\/#website","url":"https:\/\/fuentesfidedignas.com.mx\/","name":"Fuentes Fidedignas","description":"Otro sitio realizado con WordPress","publisher":{"@id":"https:\/\/fuentesfidedignas.com.mx\/#organization"},"potentialAction":[{"@type":"SearchAction","target":{"@type":"EntryPoint","urlTemplate":"https:\/\/fuentesfidedignas.com.mx\/?s={search_term_string}"},"query-input":{"@type":"PropertyValueSpecification","valueRequired":true,"valueName":"search_term_string"}}],"inLanguage":"es"},{"@type":"Organization","@id":"https:\/\/fuentesfidedignas.com.mx\/#organization","name":"Fuentes Fidedignas","url":"https:\/\/fuentesfidedignas.com.mx\/","logo":{"@type":"ImageObject","inLanguage":"es","@id":"https:\/\/fuentesfidedignas.com.mx\/#\/schema\/logo\/image\/","url":"https:\/\/fuentesfidedignas.com.mx\/wp-content\/uploads\/2021\/04\/logo-retina.png","contentUrl":"https:\/\/fuentesfidedignas.com.mx\/wp-content\/uploads\/2021\/04\/logo-retina.png","width":280,"height":51,"caption":"Fuentes Fidedignas"},"image":{"@id":"https:\/\/fuentesfidedignas.com.mx\/#\/schema\/logo\/image\/"},"sameAs":["https:\/\/www.facebook.com\/Fuentes-Fidedignas-368234489921644","https:\/\/x.com\/fidedignas"]},{"@type":"Person","@id":"https:\/\/fuentesfidedignas.com.mx\/#\/schema\/person\/331be9283d37198e2acd5750279085b0","name":"Redacci\u00f3n","image":{"@type":"ImageObject","inLanguage":"es","@id":"https:\/\/secure.gravatar.com\/avatar\/f6d8782c11d12b2d4ad3fbb6931aeab5309937a4d6cd2fc9cfaa28a6396a5aec?s=96&d=mm&r=g","url":"https:\/\/secure.gravatar.com\/avatar\/f6d8782c11d12b2d4ad3fbb6931aeab5309937a4d6cd2fc9cfaa28a6396a5aec?s=96&d=mm&r=g","contentUrl":"https:\/\/secure.gravatar.com\/avatar\/f6d8782c11d12b2d4ad3fbb6931aeab5309937a4d6cd2fc9cfaa28a6396a5aec?s=96&d=mm&r=g","caption":"Redacci\u00f3n"},"url":"https:\/\/fuentesfidedignas.com.mx\/index.php\/author\/redaccion\/"}]}},"_links":{"self":[{"href":"https:\/\/fuentesfidedignas.com.mx\/index.php\/wp-json\/wp\/v2\/posts\/14959","targetHints":{"allow":["GET"]}}],"collection":[{"href":"https:\/\/fuentesfidedignas.com.mx\/index.php\/wp-json\/wp\/v2\/posts"}],"about":[{"href":"https:\/\/fuentesfidedignas.com.mx\/index.php\/wp-json\/wp\/v2\/types\/post"}],"author":[{"embeddable":true,"href":"https:\/\/fuentesfidedignas.com.mx\/index.php\/wp-json\/wp\/v2\/users\/4"}],"replies":[{"embeddable":true,"href":"https:\/\/fuentesfidedignas.com.mx\/index.php\/wp-json\/wp\/v2\/comments?post=14959"}],"version-history":[{"count":1,"href":"https:\/\/fuentesfidedignas.com.mx\/index.php\/wp-json\/wp\/v2\/posts\/14959\/revisions"}],"predecessor-version":[{"id":14965,"href":"https:\/\/fuentesfidedignas.com.mx\/index.php\/wp-json\/wp\/v2\/posts\/14959\/revisions\/14965"}],"wp:featuredmedia":[{"embeddable":true,"href":"https:\/\/fuentesfidedignas.com.mx\/index.php\/wp-json\/wp\/v2\/media\/14961"}],"wp:attachment":[{"href":"https:\/\/fuentesfidedignas.com.mx\/index.php\/wp-json\/wp\/v2\/media?parent=14959"}],"wp:term":[{"taxonomy":"category","embeddable":true,"href":"https:\/\/fuentesfidedignas.com.mx\/index.php\/wp-json\/wp\/v2\/categories?post=14959"},{"taxonomy":"post_tag","embeddable":true,"href":"https:\/\/fuentesfidedignas.com.mx\/index.php\/wp-json\/wp\/v2\/tags?post=14959"}],"curies":[{"name":"wp","href":"https:\/\/api.w.org\/{rel}","templated":true}]}}