{"id":14797,"date":"2021-10-12T06:47:20","date_gmt":"2021-10-12T13:47:20","guid":{"rendered":"https:\/\/fuentesfidedignas.com.mx\/?p=14797"},"modified":"2021-10-12T06:47:22","modified_gmt":"2021-10-12T13:47:22","slug":"reduce-fmi-estimado-del-pib-de-mexico-a-6-2-este-ano","status":"publish","type":"post","link":"https:\/\/fuentesfidedignas.com.mx\/index.php\/2021\/10\/12\/reduce-fmi-estimado-del-pib-de-mexico-a-6-2-este-ano\/","title":{"rendered":"Reduce FMI estimado del PIB de M\u00e9xico a 6.2% este a\u00f1o"},"content":{"rendered":"\n<p><strong><em>Gita Gopinath, directora del Departamento de Estudios del FMI, explic\u00f3 que la recuperaci\u00f3n mundial contin\u00faa, pero su impulso se ha debilitado, sobre todo por la variante delta del Covid-19<\/em><\/strong><\/p>\n\n\n\n<p>Ciudad de M\u00e9xico. El Fondo Monetario Internacional (FMI) redujo los estimados de crecimiento para M\u00e9xico, de este y el siguiente a\u00f1o. Para 2021 prev\u00e9 que la econom\u00eda avance 6.2 por ciento, por debajo de 6.3 pronosticado en julio, y para 2022 que lo haga en 4 por ciento, tambi\u00e9n menor a 4.2 por ciento publicado tres meses atr\u00e1s.<\/p>\n\n\n\n<p>Luego de los avances continuos que hab\u00edan tenido los estimados del organismo para la econom\u00eda mexicana, impulsados por la recuperaci\u00f3n de Estados Unidos, ahora van a la baja y se encuentran por debajo de lo calculado por la Secretar\u00eda de Hacienda y Cr\u00e9dito P\u00fablico, que contempla un crecimiento de 6.3 por ciento en 2021 y de 4.1 el pr\u00f3ximo a\u00f1o.<\/p>\n\n\n\n<p>En las Perspectivas Econ\u00f3micas Mundiales del organismo, tambi\u00e9n se advierte que la inflaci\u00f3n \u2014el alza generalizada en los precios de bienes y servicios\u2014 se disparar\u00e1 a 5.4 por ciento al cierre de 2021, su mayor nivel en cuatro a\u00f1os. Para 2022 se prev\u00e9 que desacelere a 3.8 por ciento y que en 2026 cierre en la media del rango objetivo del Banco de M\u00e9xico.<\/p>\n\n\n\n<p>Durante la presentaci\u00f3n del documento, Gita Gopinath, directora del Departamento de Estudios del FMI, explic\u00f3 que la recuperaci\u00f3n mundial contin\u00faa, pero su impulso se ha debilitado, sobre todo por la variante delta de la Covid-19, que impide un regreso completo a la normalidad.<\/p>\n\n\n\n<p>El organismo estima que la econom\u00eda mundial crezca 5.9 por ciento en 2021, tambi\u00e9n por debajo de 6 por ciento publicado hace tres meses, lo que reviste menores previsiones de crecimiento para pa\u00edses de ingreso bajo, explic\u00f3 Gopinath; para 2022, la previsi\u00f3n se mantiene en 4.9 por ciento.<\/p>\n\n\n\n<p>Para Am\u00e9rica Latina, el organismo calcula un crecimiento de 6.3 para 2021, por arriba de 5.8 por ciento publicado en julio; y para el a\u00f1o siguiente, apunta a que el avance sea de 3 por ciento, menor a 3.2 pronosticado anteriormente.<\/p>\n\n\n\n<p>La directora del Departamento de Estudios del FMI detall\u00f3 que al interrumpirse la econom\u00eda en sectores intensivos en contacto, eso ha provocado que el mercado laboral se retrase significativamente con respecto a la recuperaci\u00f3n de la producci\u00f3n en la mayor\u00eda de los pa\u00edses.<\/p>\n\n\n\n<p>Si bien se espera que en los pa\u00edses de ingreso alto el producto interno bruto (PIB) recupere su trayectoria previa a la pandemia en 2022 e incluso la supere 0.9 por ciento en 2024; en el resto de las econom\u00edas \u2014excluida China\u2014 para 2024 se mantendr\u00eda en 5.5 por ciento por debajo del pron\u00f3stico previo a la pandemia, lo que al final se traduce en un deterioro en las condiciones de vida de la poblaci\u00f3n.<\/p>\n\n\n\n<p>Gopinath enfatiz\u00f3 que esta divergencia en la recuperaci\u00f3n responde a la &#8220;gran brecha de las vacunas&#8221;; m\u00e1s de 60 por ciento de la poblaci\u00f3n de las econom\u00edas de ingreso alto est\u00e1 completamente vacunada, incluso en algunas se va por otro refuerzo, mientras 96 por ciento de la poblaci\u00f3n de los pa\u00edses de bajos ingresos sigue sin recibir un dosis.<\/p>\n\n\n\n<p>Exhort\u00f3 a los pa\u00edses a que cumplan los compromisos de donaci\u00f3n de vacunas, dado que \u201cla principal prioridad pol\u00edtica es inmunizar al menos a 40 por ciento de la poblaci\u00f3n en todos los pa\u00edses para fines de 2021 y a 70 por ciento para mediados de 2022.<\/p>\n\n\n\n<p>A este escenario se suma una r\u00e1pida inflaci\u00f3n como efecto de la escasez de oferta, sumada a la liberaci\u00f3n de la demanda reprimida durante los meses de confinamiento y el repunte de los precios de las materias primas. Este incremento de precios destaca en Estados Unidos y Alemania, pero en econom\u00edas de ingreso bajo se ha concentrado en los alimentos, lo que aumenta el riesgo de inseguridad alimentaria.<\/p>\n\n\n\n<p>\u201cLa pol\u00edtica monetaria deber\u00e1 caminar por una delgada l\u00ednea entre abordar la inflaci\u00f3n, los riesgos financieros y apoyar la recuperaci\u00f3n econ\u00f3mica. Proyectamos, en medio de una alta incertidumbre, que la inflaci\u00f3n general probablemente volver\u00e1 a los niveles anteriores a la pandemia a mediados de 2022 para el grupo de econom\u00edas avanzadas y econom\u00edas emergentes y en desarrollo\u201d, explic\u00f3 la economista.<\/p>\n\n\n\n<p>Subray\u00f3 que los bancos centrales deben estar preparados para \u201cactuar con rapidez si los riesgos de aumento de las expectativas de inflaci\u00f3n se vuelven m\u00e1s importantes en esta recuperaci\u00f3n inexplorada\u201d.<\/p>\n","protected":false},"excerpt":{"rendered":"<p>Gita Gopinath, directora del Departamento de Estudios del FMI, explic\u00f3 que la recuperaci\u00f3n mundial contin\u00faa, pero su impulso se ha debilitado, sobre todo por la variante delta del Covid-19 Ciudad de M\u00e9xico. El Fondo Monetario Internacional (FMI) redujo los estimados de crecimiento para M\u00e9xico, de este y el siguiente a\u00f1o. Para 2021 prev\u00e9 que la [&hellip;]<\/p>\n","protected":false},"author":45,"featured_media":14799,"comment_status":"open","ping_status":"open","sticky":false,"template":"","format":"standard","meta":{"tdm_status":"","tdm_grid_status":"","footnotes":""},"categories":[39],"tags":[],"class_list":{"0":"post-14797","1":"post","2":"type-post","3":"status-publish","4":"format-standard","5":"has-post-thumbnail","7":"category-noticias-nacionales"},"yoast_head":"<!-- This site is optimized with the Yoast SEO plugin v27.4 - https:\/\/yoast.com\/product\/yoast-seo-wordpress\/ -->\n<title>Reduce FMI estimado del PIB de M\u00e9xico a 6.2% este a\u00f1o - Fuentes Fidedignas<\/title>\n<meta name=\"robots\" content=\"index, follow, max-snippet:-1, max-image-preview:large, max-video-preview:-1\" \/>\n<link rel=\"canonical\" href=\"https:\/\/fuentesfidedignas.com.mx\/index.php\/2021\/10\/12\/reduce-fmi-estimado-del-pib-de-mexico-a-6-2-este-ano\/\" \/>\n<meta property=\"og:locale\" content=\"es_MX\" \/>\n<meta property=\"og:type\" content=\"article\" \/>\n<meta property=\"og:title\" content=\"Reduce FMI estimado del PIB de M\u00e9xico a 6.2% este a\u00f1o - Fuentes Fidedignas\" \/>\n<meta property=\"og:description\" content=\"Gita Gopinath, directora del Departamento de Estudios del FMI, explic\u00f3 que la recuperaci\u00f3n mundial contin\u00faa, pero su impulso se ha debilitado, sobre todo por la variante delta del Covid-19 Ciudad de M\u00e9xico. El Fondo Monetario Internacional (FMI) redujo los estimados de crecimiento para M\u00e9xico, de este y el siguiente a\u00f1o. Para 2021 prev\u00e9 que la [&hellip;]\" \/>\n<meta property=\"og:url\" content=\"https:\/\/fuentesfidedignas.com.mx\/index.php\/2021\/10\/12\/reduce-fmi-estimado-del-pib-de-mexico-a-6-2-este-ano\/\" \/>\n<meta property=\"og:site_name\" content=\"Fuentes Fidedignas\" \/>\n<meta property=\"article:publisher\" content=\"https:\/\/www.facebook.com\/Fuentes-Fidedignas-368234489921644\" \/>\n<meta property=\"article:published_time\" content=\"2021-10-12T13:47:20+00:00\" \/>\n<meta property=\"article:modified_time\" content=\"2021-10-12T13:47:22+00:00\" \/>\n<meta property=\"og:image\" content=\"https:\/\/fuentesfidedignas.com.mx\/wp-content\/uploads\/2021\/10\/image_large-38.jpeg\" \/>\n\t<meta property=\"og:image:width\" content=\"640\" \/>\n\t<meta property=\"og:image:height\" content=\"426\" \/>\n\t<meta property=\"og:image:type\" content=\"image\/jpeg\" \/>\n<meta name=\"author\" content=\"La Jornada\" \/>\n<meta name=\"twitter:card\" content=\"summary_large_image\" \/>\n<meta name=\"twitter:creator\" content=\"@fidedignas\" \/>\n<meta name=\"twitter:site\" content=\"@fidedignas\" \/>\n<meta name=\"twitter:label1\" content=\"Escrito por\" \/>\n\t<meta name=\"twitter:data1\" content=\"La Jornada\" \/>\n\t<meta name=\"twitter:label2\" content=\"Tiempo de lectura\" \/>\n\t<meta name=\"twitter:data2\" content=\"4 minutos\" \/>\n<script type=\"application\/ld+json\" class=\"yoast-schema-graph\">{\"@context\":\"https:\\\/\\\/schema.org\",\"@graph\":[{\"@type\":\"Article\",\"@id\":\"https:\\\/\\\/fuentesfidedignas.com.mx\\\/index.php\\\/2021\\\/10\\\/12\\\/reduce-fmi-estimado-del-pib-de-mexico-a-6-2-este-ano\\\/#article\",\"isPartOf\":{\"@id\":\"https:\\\/\\\/fuentesfidedignas.com.mx\\\/index.php\\\/2021\\\/10\\\/12\\\/reduce-fmi-estimado-del-pib-de-mexico-a-6-2-este-ano\\\/\"},\"author\":{\"name\":\"La Jornada\",\"@id\":\"https:\\\/\\\/fuentesfidedignas.com.mx\\\/#\\\/schema\\\/person\\\/87eacee4072e149fccc7de67f9634f35\"},\"headline\":\"Reduce FMI estimado del PIB de M\u00e9xico a 6.2% este a\u00f1o\",\"datePublished\":\"2021-10-12T13:47:20+00:00\",\"dateModified\":\"2021-10-12T13:47:22+00:00\",\"mainEntityOfPage\":{\"@id\":\"https:\\\/\\\/fuentesfidedignas.com.mx\\\/index.php\\\/2021\\\/10\\\/12\\\/reduce-fmi-estimado-del-pib-de-mexico-a-6-2-este-ano\\\/\"},\"wordCount\":767,\"commentCount\":0,\"publisher\":{\"@id\":\"https:\\\/\\\/fuentesfidedignas.com.mx\\\/#organization\"},\"image\":{\"@id\":\"https:\\\/\\\/fuentesfidedignas.com.mx\\\/index.php\\\/2021\\\/10\\\/12\\\/reduce-fmi-estimado-del-pib-de-mexico-a-6-2-este-ano\\\/#primaryimage\"},\"thumbnailUrl\":\"https:\\\/\\\/fuentesfidedignas.com.mx\\\/wp-content\\\/uploads\\\/2021\\\/10\\\/image_large-38.jpeg\",\"articleSection\":[\"NOTICIAS NACIONALES\"],\"inLanguage\":\"es\",\"potentialAction\":[{\"@type\":\"CommentAction\",\"name\":\"Comment\",\"target\":[\"https:\\\/\\\/fuentesfidedignas.com.mx\\\/index.php\\\/2021\\\/10\\\/12\\\/reduce-fmi-estimado-del-pib-de-mexico-a-6-2-este-ano\\\/#respond\"]}]},{\"@type\":\"WebPage\",\"@id\":\"https:\\\/\\\/fuentesfidedignas.com.mx\\\/index.php\\\/2021\\\/10\\\/12\\\/reduce-fmi-estimado-del-pib-de-mexico-a-6-2-este-ano\\\/\",\"url\":\"https:\\\/\\\/fuentesfidedignas.com.mx\\\/index.php\\\/2021\\\/10\\\/12\\\/reduce-fmi-estimado-del-pib-de-mexico-a-6-2-este-ano\\\/\",\"name\":\"Reduce FMI estimado del PIB de M\u00e9xico a 6.2% este a\u00f1o - Fuentes Fidedignas\",\"isPartOf\":{\"@id\":\"https:\\\/\\\/fuentesfidedignas.com.mx\\\/#website\"},\"primaryImageOfPage\":{\"@id\":\"https:\\\/\\\/fuentesfidedignas.com.mx\\\/index.php\\\/2021\\\/10\\\/12\\\/reduce-fmi-estimado-del-pib-de-mexico-a-6-2-este-ano\\\/#primaryimage\"},\"image\":{\"@id\":\"https:\\\/\\\/fuentesfidedignas.com.mx\\\/index.php\\\/2021\\\/10\\\/12\\\/reduce-fmi-estimado-del-pib-de-mexico-a-6-2-este-ano\\\/#primaryimage\"},\"thumbnailUrl\":\"https:\\\/\\\/fuentesfidedignas.com.mx\\\/wp-content\\\/uploads\\\/2021\\\/10\\\/image_large-38.jpeg\",\"datePublished\":\"2021-10-12T13:47:20+00:00\",\"dateModified\":\"2021-10-12T13:47:22+00:00\",\"breadcrumb\":{\"@id\":\"https:\\\/\\\/fuentesfidedignas.com.mx\\\/index.php\\\/2021\\\/10\\\/12\\\/reduce-fmi-estimado-del-pib-de-mexico-a-6-2-este-ano\\\/#breadcrumb\"},\"inLanguage\":\"es\",\"potentialAction\":[{\"@type\":\"ReadAction\",\"target\":[\"https:\\\/\\\/fuentesfidedignas.com.mx\\\/index.php\\\/2021\\\/10\\\/12\\\/reduce-fmi-estimado-del-pib-de-mexico-a-6-2-este-ano\\\/\"]}]},{\"@type\":\"ImageObject\",\"inLanguage\":\"es\",\"@id\":\"https:\\\/\\\/fuentesfidedignas.com.mx\\\/index.php\\\/2021\\\/10\\\/12\\\/reduce-fmi-estimado-del-pib-de-mexico-a-6-2-este-ano\\\/#primaryimage\",\"url\":\"https:\\\/\\\/fuentesfidedignas.com.mx\\\/wp-content\\\/uploads\\\/2021\\\/10\\\/image_large-38.jpeg\",\"contentUrl\":\"https:\\\/\\\/fuentesfidedignas.com.mx\\\/wp-content\\\/uploads\\\/2021\\\/10\\\/image_large-38.jpeg\",\"width\":640,\"height\":426},{\"@type\":\"BreadcrumbList\",\"@id\":\"https:\\\/\\\/fuentesfidedignas.com.mx\\\/index.php\\\/2021\\\/10\\\/12\\\/reduce-fmi-estimado-del-pib-de-mexico-a-6-2-este-ano\\\/#breadcrumb\",\"itemListElement\":[{\"@type\":\"ListItem\",\"position\":1,\"name\":\"Inicio\",\"item\":\"https:\\\/\\\/fuentesfidedignas.com.mx\\\/\"},{\"@type\":\"ListItem\",\"position\":2,\"name\":\"Reduce FMI estimado del PIB de M\u00e9xico a 6.2% este a\u00f1o\"}]},{\"@type\":\"WebSite\",\"@id\":\"https:\\\/\\\/fuentesfidedignas.com.mx\\\/#website\",\"url\":\"https:\\\/\\\/fuentesfidedignas.com.mx\\\/\",\"name\":\"Fuentes Fidedignas\",\"description\":\"Otro sitio realizado con WordPress\",\"publisher\":{\"@id\":\"https:\\\/\\\/fuentesfidedignas.com.mx\\\/#organization\"},\"potentialAction\":[{\"@type\":\"SearchAction\",\"target\":{\"@type\":\"EntryPoint\",\"urlTemplate\":\"https:\\\/\\\/fuentesfidedignas.com.mx\\\/?s={search_term_string}\"},\"query-input\":{\"@type\":\"PropertyValueSpecification\",\"valueRequired\":true,\"valueName\":\"search_term_string\"}}],\"inLanguage\":\"es\"},{\"@type\":\"Organization\",\"@id\":\"https:\\\/\\\/fuentesfidedignas.com.mx\\\/#organization\",\"name\":\"Fuentes Fidedignas\",\"url\":\"https:\\\/\\\/fuentesfidedignas.com.mx\\\/\",\"logo\":{\"@type\":\"ImageObject\",\"inLanguage\":\"es\",\"@id\":\"https:\\\/\\\/fuentesfidedignas.com.mx\\\/#\\\/schema\\\/logo\\\/image\\\/\",\"url\":\"https:\\\/\\\/fuentesfidedignas.com.mx\\\/wp-content\\\/uploads\\\/2021\\\/04\\\/logo-retina.png\",\"contentUrl\":\"https:\\\/\\\/fuentesfidedignas.com.mx\\\/wp-content\\\/uploads\\\/2021\\\/04\\\/logo-retina.png\",\"width\":280,\"height\":51,\"caption\":\"Fuentes Fidedignas\"},\"image\":{\"@id\":\"https:\\\/\\\/fuentesfidedignas.com.mx\\\/#\\\/schema\\\/logo\\\/image\\\/\"},\"sameAs\":[\"https:\\\/\\\/www.facebook.com\\\/Fuentes-Fidedignas-368234489921644\",\"https:\\\/\\\/x.com\\\/fidedignas\"]},{\"@type\":\"Person\",\"@id\":\"https:\\\/\\\/fuentesfidedignas.com.mx\\\/#\\\/schema\\\/person\\\/87eacee4072e149fccc7de67f9634f35\",\"name\":\"La Jornada\",\"image\":{\"@type\":\"ImageObject\",\"inLanguage\":\"es\",\"@id\":\"https:\\\/\\\/secure.gravatar.com\\\/avatar\\\/2b09f15a418e222775ffd645761e3fcecd1fb9d7a38a3ba858adf349aab82c7c?s=96&d=mm&r=g\",\"url\":\"https:\\\/\\\/secure.gravatar.com\\\/avatar\\\/2b09f15a418e222775ffd645761e3fcecd1fb9d7a38a3ba858adf349aab82c7c?s=96&d=mm&r=g\",\"contentUrl\":\"https:\\\/\\\/secure.gravatar.com\\\/avatar\\\/2b09f15a418e222775ffd645761e3fcecd1fb9d7a38a3ba858adf349aab82c7c?s=96&d=mm&r=g\",\"caption\":\"La Jornada\"},\"url\":\"https:\\\/\\\/fuentesfidedignas.com.mx\\\/index.php\\\/author\\\/jornada\\\/\"}]}<\/script>\n<!-- \/ Yoast SEO plugin. -->","yoast_head_json":{"title":"Reduce FMI estimado del PIB de M\u00e9xico a 6.2% este a\u00f1o - Fuentes Fidedignas","robots":{"index":"index","follow":"follow","max-snippet":"max-snippet:-1","max-image-preview":"max-image-preview:large","max-video-preview":"max-video-preview:-1"},"canonical":"https:\/\/fuentesfidedignas.com.mx\/index.php\/2021\/10\/12\/reduce-fmi-estimado-del-pib-de-mexico-a-6-2-este-ano\/","og_locale":"es_MX","og_type":"article","og_title":"Reduce FMI estimado del PIB de M\u00e9xico a 6.2% este a\u00f1o - Fuentes Fidedignas","og_description":"Gita Gopinath, directora del Departamento de Estudios del FMI, explic\u00f3 que la recuperaci\u00f3n mundial contin\u00faa, pero su impulso se ha debilitado, sobre todo por la variante delta del Covid-19 Ciudad de M\u00e9xico. El Fondo Monetario Internacional (FMI) redujo los estimados de crecimiento para M\u00e9xico, de este y el siguiente a\u00f1o. Para 2021 prev\u00e9 que la [&hellip;]","og_url":"https:\/\/fuentesfidedignas.com.mx\/index.php\/2021\/10\/12\/reduce-fmi-estimado-del-pib-de-mexico-a-6-2-este-ano\/","og_site_name":"Fuentes Fidedignas","article_publisher":"https:\/\/www.facebook.com\/Fuentes-Fidedignas-368234489921644","article_published_time":"2021-10-12T13:47:20+00:00","article_modified_time":"2021-10-12T13:47:22+00:00","og_image":[{"width":640,"height":426,"url":"https:\/\/fuentesfidedignas.com.mx\/wp-content\/uploads\/2021\/10\/image_large-38.jpeg","type":"image\/jpeg"}],"author":"La Jornada","twitter_card":"summary_large_image","twitter_creator":"@fidedignas","twitter_site":"@fidedignas","twitter_misc":{"Escrito por":"La Jornada","Tiempo de lectura":"4 minutos"},"schema":{"@context":"https:\/\/schema.org","@graph":[{"@type":"Article","@id":"https:\/\/fuentesfidedignas.com.mx\/index.php\/2021\/10\/12\/reduce-fmi-estimado-del-pib-de-mexico-a-6-2-este-ano\/#article","isPartOf":{"@id":"https:\/\/fuentesfidedignas.com.mx\/index.php\/2021\/10\/12\/reduce-fmi-estimado-del-pib-de-mexico-a-6-2-este-ano\/"},"author":{"name":"La Jornada","@id":"https:\/\/fuentesfidedignas.com.mx\/#\/schema\/person\/87eacee4072e149fccc7de67f9634f35"},"headline":"Reduce FMI estimado del PIB de M\u00e9xico a 6.2% este a\u00f1o","datePublished":"2021-10-12T13:47:20+00:00","dateModified":"2021-10-12T13:47:22+00:00","mainEntityOfPage":{"@id":"https:\/\/fuentesfidedignas.com.mx\/index.php\/2021\/10\/12\/reduce-fmi-estimado-del-pib-de-mexico-a-6-2-este-ano\/"},"wordCount":767,"commentCount":0,"publisher":{"@id":"https:\/\/fuentesfidedignas.com.mx\/#organization"},"image":{"@id":"https:\/\/fuentesfidedignas.com.mx\/index.php\/2021\/10\/12\/reduce-fmi-estimado-del-pib-de-mexico-a-6-2-este-ano\/#primaryimage"},"thumbnailUrl":"https:\/\/fuentesfidedignas.com.mx\/wp-content\/uploads\/2021\/10\/image_large-38.jpeg","articleSection":["NOTICIAS NACIONALES"],"inLanguage":"es","potentialAction":[{"@type":"CommentAction","name":"Comment","target":["https:\/\/fuentesfidedignas.com.mx\/index.php\/2021\/10\/12\/reduce-fmi-estimado-del-pib-de-mexico-a-6-2-este-ano\/#respond"]}]},{"@type":"WebPage","@id":"https:\/\/fuentesfidedignas.com.mx\/index.php\/2021\/10\/12\/reduce-fmi-estimado-del-pib-de-mexico-a-6-2-este-ano\/","url":"https:\/\/fuentesfidedignas.com.mx\/index.php\/2021\/10\/12\/reduce-fmi-estimado-del-pib-de-mexico-a-6-2-este-ano\/","name":"Reduce FMI estimado del PIB de M\u00e9xico a 6.2% este a\u00f1o - Fuentes Fidedignas","isPartOf":{"@id":"https:\/\/fuentesfidedignas.com.mx\/#website"},"primaryImageOfPage":{"@id":"https:\/\/fuentesfidedignas.com.mx\/index.php\/2021\/10\/12\/reduce-fmi-estimado-del-pib-de-mexico-a-6-2-este-ano\/#primaryimage"},"image":{"@id":"https:\/\/fuentesfidedignas.com.mx\/index.php\/2021\/10\/12\/reduce-fmi-estimado-del-pib-de-mexico-a-6-2-este-ano\/#primaryimage"},"thumbnailUrl":"https:\/\/fuentesfidedignas.com.mx\/wp-content\/uploads\/2021\/10\/image_large-38.jpeg","datePublished":"2021-10-12T13:47:20+00:00","dateModified":"2021-10-12T13:47:22+00:00","breadcrumb":{"@id":"https:\/\/fuentesfidedignas.com.mx\/index.php\/2021\/10\/12\/reduce-fmi-estimado-del-pib-de-mexico-a-6-2-este-ano\/#breadcrumb"},"inLanguage":"es","potentialAction":[{"@type":"ReadAction","target":["https:\/\/fuentesfidedignas.com.mx\/index.php\/2021\/10\/12\/reduce-fmi-estimado-del-pib-de-mexico-a-6-2-este-ano\/"]}]},{"@type":"ImageObject","inLanguage":"es","@id":"https:\/\/fuentesfidedignas.com.mx\/index.php\/2021\/10\/12\/reduce-fmi-estimado-del-pib-de-mexico-a-6-2-este-ano\/#primaryimage","url":"https:\/\/fuentesfidedignas.com.mx\/wp-content\/uploads\/2021\/10\/image_large-38.jpeg","contentUrl":"https:\/\/fuentesfidedignas.com.mx\/wp-content\/uploads\/2021\/10\/image_large-38.jpeg","width":640,"height":426},{"@type":"BreadcrumbList","@id":"https:\/\/fuentesfidedignas.com.mx\/index.php\/2021\/10\/12\/reduce-fmi-estimado-del-pib-de-mexico-a-6-2-este-ano\/#breadcrumb","itemListElement":[{"@type":"ListItem","position":1,"name":"Inicio","item":"https:\/\/fuentesfidedignas.com.mx\/"},{"@type":"ListItem","position":2,"name":"Reduce FMI estimado del PIB de M\u00e9xico a 6.2% este a\u00f1o"}]},{"@type":"WebSite","@id":"https:\/\/fuentesfidedignas.com.mx\/#website","url":"https:\/\/fuentesfidedignas.com.mx\/","name":"Fuentes Fidedignas","description":"Otro sitio realizado con WordPress","publisher":{"@id":"https:\/\/fuentesfidedignas.com.mx\/#organization"},"potentialAction":[{"@type":"SearchAction","target":{"@type":"EntryPoint","urlTemplate":"https:\/\/fuentesfidedignas.com.mx\/?s={search_term_string}"},"query-input":{"@type":"PropertyValueSpecification","valueRequired":true,"valueName":"search_term_string"}}],"inLanguage":"es"},{"@type":"Organization","@id":"https:\/\/fuentesfidedignas.com.mx\/#organization","name":"Fuentes Fidedignas","url":"https:\/\/fuentesfidedignas.com.mx\/","logo":{"@type":"ImageObject","inLanguage":"es","@id":"https:\/\/fuentesfidedignas.com.mx\/#\/schema\/logo\/image\/","url":"https:\/\/fuentesfidedignas.com.mx\/wp-content\/uploads\/2021\/04\/logo-retina.png","contentUrl":"https:\/\/fuentesfidedignas.com.mx\/wp-content\/uploads\/2021\/04\/logo-retina.png","width":280,"height":51,"caption":"Fuentes Fidedignas"},"image":{"@id":"https:\/\/fuentesfidedignas.com.mx\/#\/schema\/logo\/image\/"},"sameAs":["https:\/\/www.facebook.com\/Fuentes-Fidedignas-368234489921644","https:\/\/x.com\/fidedignas"]},{"@type":"Person","@id":"https:\/\/fuentesfidedignas.com.mx\/#\/schema\/person\/87eacee4072e149fccc7de67f9634f35","name":"La Jornada","image":{"@type":"ImageObject","inLanguage":"es","@id":"https:\/\/secure.gravatar.com\/avatar\/2b09f15a418e222775ffd645761e3fcecd1fb9d7a38a3ba858adf349aab82c7c?s=96&d=mm&r=g","url":"https:\/\/secure.gravatar.com\/avatar\/2b09f15a418e222775ffd645761e3fcecd1fb9d7a38a3ba858adf349aab82c7c?s=96&d=mm&r=g","contentUrl":"https:\/\/secure.gravatar.com\/avatar\/2b09f15a418e222775ffd645761e3fcecd1fb9d7a38a3ba858adf349aab82c7c?s=96&d=mm&r=g","caption":"La Jornada"},"url":"https:\/\/fuentesfidedignas.com.mx\/index.php\/author\/jornada\/"}]}},"_links":{"self":[{"href":"https:\/\/fuentesfidedignas.com.mx\/index.php\/wp-json\/wp\/v2\/posts\/14797","targetHints":{"allow":["GET"]}}],"collection":[{"href":"https:\/\/fuentesfidedignas.com.mx\/index.php\/wp-json\/wp\/v2\/posts"}],"about":[{"href":"https:\/\/fuentesfidedignas.com.mx\/index.php\/wp-json\/wp\/v2\/types\/post"}],"author":[{"embeddable":true,"href":"https:\/\/fuentesfidedignas.com.mx\/index.php\/wp-json\/wp\/v2\/users\/45"}],"replies":[{"embeddable":true,"href":"https:\/\/fuentesfidedignas.com.mx\/index.php\/wp-json\/wp\/v2\/comments?post=14797"}],"version-history":[{"count":1,"href":"https:\/\/fuentesfidedignas.com.mx\/index.php\/wp-json\/wp\/v2\/posts\/14797\/revisions"}],"predecessor-version":[{"id":14800,"href":"https:\/\/fuentesfidedignas.com.mx\/index.php\/wp-json\/wp\/v2\/posts\/14797\/revisions\/14800"}],"wp:featuredmedia":[{"embeddable":true,"href":"https:\/\/fuentesfidedignas.com.mx\/index.php\/wp-json\/wp\/v2\/media\/14799"}],"wp:attachment":[{"href":"https:\/\/fuentesfidedignas.com.mx\/index.php\/wp-json\/wp\/v2\/media?parent=14797"}],"wp:term":[{"taxonomy":"category","embeddable":true,"href":"https:\/\/fuentesfidedignas.com.mx\/index.php\/wp-json\/wp\/v2\/categories?post=14797"},{"taxonomy":"post_tag","embeddable":true,"href":"https:\/\/fuentesfidedignas.com.mx\/index.php\/wp-json\/wp\/v2\/tags?post=14797"}],"curies":[{"name":"wp","href":"https:\/\/api.w.org\/{rel}","templated":true}]}}