{"id":14779,"date":"2021-10-12T05:44:10","date_gmt":"2021-10-12T12:44:10","guid":{"rendered":"https:\/\/fuentesfidedignas.com.mx\/?p=14779"},"modified":"2021-10-12T05:44:17","modified_gmt":"2021-10-12T12:44:17","slug":"expertos-piden-negar-custodia-de-hijos-a-padres-que-agredan-a-mascotas-en-espana","status":"publish","type":"post","link":"https:\/\/fuentesfidedignas.com.mx\/index.php\/2021\/10\/12\/expertos-piden-negar-custodia-de-hijos-a-padres-que-agredan-a-mascotas-en-espana\/","title":{"rendered":"Expertos piden negar custodia de hijos a padres que agredan a mascotas en Espa\u00f1a"},"content":{"rendered":"\n<p><br><strong><em>La propuesta recalca la importante conexi\u00f3n entre el maltrato a los animales con el da\u00f1o que se le puede causar a un menor de edad<\/em><\/strong><\/p>\n\n\n\n<p>En caso de la separaci\u00f3n de una pareja con hijos, la custodia del menor de edad debe ser denegada para quien haya amenazado o realizado alg\u00fan maltrato contra las mascotas, eso es la idea que est\u00e1n impulsando en la Coordinadora de Profesionales por la Prevenci\u00f3n de Abusos (CoPPA) en Espa\u00f1a.<\/p>\n\n\n\n<p>La medida del colectivo ya fue enviada por escrito a los principales grupos parlamentarios del pa\u00eds europeo, seg\u00fan revela La Vanguardia, siendo firmada por m\u00e1s de 50 profesionales de diversas \u00e1reas que est\u00e1n relacionadas con la protecci\u00f3n infantil.<\/p>\n\n\n\n<p>Con esta idea, se busca modificar y ampliar el art\u00edculo 92.7 del C\u00f3digo Civil espa\u00f1ol, donde se fundamenta que la acci\u00f3n contra los animales tambi\u00e9n significa un da\u00f1o psicol\u00f3gico para ni\u00f1as y ni\u00f1os, que pueden sentir dolor, miedo o desesperaci\u00f3n ante alguna ataque o amenaza a los animales.<\/p>\n\n\n\n<p>Seg\u00fan los expertos, un ataque contra la mascota por parte de alguno de sus progenitores puede ser m\u00e1s traum\u00e1tico para los menores de edad, significando un alejamiento al adulto o la normalizaci\u00f3n de un ataque.<\/p>\n\n\n\n<p>Adem\u00e1s, los especialistas han tomado como base otros estudios que establecen la estrecha relaci\u00f3n entre el maltrato contra un animal y hacia un menor de edad.<\/p>\n\n\n\n<p>El medio espa\u00f1ol cita al art\u00edculo legal en cuesti\u00f3n, el cual establece que la custodia conjunta se niega al momento en que &#8220;cualquiera de los padres est\u00e9 incurso en un proceso penal por atentar contra la vida, la integridad f\u00edsica, la libertad, la integridad moral o la libertad e indemnidad sexual del otro c\u00f3nyuge o de los hijos que convivan con ambos&#8221;.<\/p>\n\n\n\n<p>El colectivo de profesionales espera que el art\u00edculo legal pueda ser ampliado tanto a los c\u00f3nyuges, hijos y mascotas, con el objetivo de salvaguardar la integridad de todos los involucrados.<\/p>\n","protected":false},"excerpt":{"rendered":"<p>La propuesta recalca la importante conexi\u00f3n entre el maltrato a los animales con el da\u00f1o que se le puede causar a un menor de edad En caso de la separaci\u00f3n de una pareja con hijos, la custodia del menor de edad debe ser denegada para quien haya amenazado o realizado alg\u00fan maltrato contra las mascotas, [&hellip;]<\/p>\n","protected":false},"author":9,"featured_media":14780,"comment_status":"open","ping_status":"open","sticky":false,"template":"","format":"standard","meta":{"tdm_status":"","tdm_grid_status":"","footnotes":""},"categories":[32,36],"tags":[],"class_list":{"0":"post-14779","1":"post","2":"type-post","3":"status-publish","4":"format-standard","5":"has-post-thumbnail","7":"category-derechos-animales","8":"category-semanales"},"yoast_head":"<!-- This site is optimized with the Yoast SEO plugin v27.4 - https:\/\/yoast.com\/product\/yoast-seo-wordpress\/ -->\n<title>Expertos piden negar custodia de hijos a padres que agredan a mascotas en Espa\u00f1a - Fuentes Fidedignas<\/title>\n<meta name=\"robots\" content=\"index, follow, max-snippet:-1, max-image-preview:large, max-video-preview:-1\" \/>\n<link rel=\"canonical\" href=\"https:\/\/fuentesfidedignas.com.mx\/index.php\/2021\/10\/12\/expertos-piden-negar-custodia-de-hijos-a-padres-que-agredan-a-mascotas-en-espana\/\" \/>\n<meta property=\"og:locale\" content=\"es_MX\" \/>\n<meta property=\"og:type\" content=\"article\" \/>\n<meta property=\"og:title\" content=\"Expertos piden negar custodia de hijos a padres que agredan a mascotas en Espa\u00f1a - Fuentes Fidedignas\" \/>\n<meta property=\"og:description\" content=\"La propuesta recalca la importante conexi\u00f3n entre el maltrato a los animales con el da\u00f1o que se le puede causar a un menor de edad En caso de la separaci\u00f3n de una pareja con hijos, la custodia del menor de edad debe ser denegada para quien haya amenazado o realizado alg\u00fan maltrato contra las mascotas, [&hellip;]\" \/>\n<meta property=\"og:url\" content=\"https:\/\/fuentesfidedignas.com.mx\/index.php\/2021\/10\/12\/expertos-piden-negar-custodia-de-hijos-a-padres-que-agredan-a-mascotas-en-espana\/\" \/>\n<meta property=\"og:site_name\" content=\"Fuentes Fidedignas\" \/>\n<meta property=\"article:publisher\" content=\"https:\/\/www.facebook.com\/Fuentes-Fidedignas-368234489921644\" \/>\n<meta property=\"article:published_time\" content=\"2021-10-12T12:44:10+00:00\" \/>\n<meta property=\"article:modified_time\" content=\"2021-10-12T12:44:17+00:00\" \/>\n<meta property=\"og:image\" content=\"https:\/\/fuentesfidedignas.com.mx\/wp-content\/uploads\/2021\/10\/images-2021-10-12T064337.058.jpeg\" \/>\n\t<meta property=\"og:image:width\" content=\"668\" \/>\n\t<meta property=\"og:image:height\" content=\"400\" \/>\n\t<meta property=\"og:image:type\" content=\"image\/jpeg\" \/>\n<meta name=\"author\" content=\"Milenio\" \/>\n<meta name=\"twitter:card\" content=\"summary_large_image\" \/>\n<meta name=\"twitter:creator\" content=\"@fidedignas\" \/>\n<meta name=\"twitter:site\" content=\"@fidedignas\" \/>\n<meta name=\"twitter:label1\" content=\"Escrito por\" \/>\n\t<meta name=\"twitter:data1\" content=\"Milenio\" \/>\n\t<meta name=\"twitter:label2\" content=\"Tiempo de lectura\" \/>\n\t<meta name=\"twitter:data2\" content=\"2 minutos\" \/>\n<script type=\"application\/ld+json\" class=\"yoast-schema-graph\">{\"@context\":\"https:\\\/\\\/schema.org\",\"@graph\":[{\"@type\":\"Article\",\"@id\":\"https:\\\/\\\/fuentesfidedignas.com.mx\\\/index.php\\\/2021\\\/10\\\/12\\\/expertos-piden-negar-custodia-de-hijos-a-padres-que-agredan-a-mascotas-en-espana\\\/#article\",\"isPartOf\":{\"@id\":\"https:\\\/\\\/fuentesfidedignas.com.mx\\\/index.php\\\/2021\\\/10\\\/12\\\/expertos-piden-negar-custodia-de-hijos-a-padres-que-agredan-a-mascotas-en-espana\\\/\"},\"author\":{\"name\":\"Milenio\",\"@id\":\"https:\\\/\\\/fuentesfidedignas.com.mx\\\/#\\\/schema\\\/person\\\/47ec0135738f4b0c7495f06a77a2c976\"},\"headline\":\"Expertos piden negar custodia de hijos a padres que agredan a mascotas en Espa\u00f1a\",\"datePublished\":\"2021-10-12T12:44:10+00:00\",\"dateModified\":\"2021-10-12T12:44:17+00:00\",\"mainEntityOfPage\":{\"@id\":\"https:\\\/\\\/fuentesfidedignas.com.mx\\\/index.php\\\/2021\\\/10\\\/12\\\/expertos-piden-negar-custodia-de-hijos-a-padres-que-agredan-a-mascotas-en-espana\\\/\"},\"wordCount\":362,\"commentCount\":0,\"publisher\":{\"@id\":\"https:\\\/\\\/fuentesfidedignas.com.mx\\\/#organization\"},\"image\":{\"@id\":\"https:\\\/\\\/fuentesfidedignas.com.mx\\\/index.php\\\/2021\\\/10\\\/12\\\/expertos-piden-negar-custodia-de-hijos-a-padres-que-agredan-a-mascotas-en-espana\\\/#primaryimage\"},\"thumbnailUrl\":\"https:\\\/\\\/fuentesfidedignas.com.mx\\\/wp-content\\\/uploads\\\/2021\\\/10\\\/images-2021-10-12T064337.058.jpeg\",\"articleSection\":[\"DERECHOS ANIMALES\",\"SEMANALES\"],\"inLanguage\":\"es\",\"potentialAction\":[{\"@type\":\"CommentAction\",\"name\":\"Comment\",\"target\":[\"https:\\\/\\\/fuentesfidedignas.com.mx\\\/index.php\\\/2021\\\/10\\\/12\\\/expertos-piden-negar-custodia-de-hijos-a-padres-que-agredan-a-mascotas-en-espana\\\/#respond\"]}]},{\"@type\":\"WebPage\",\"@id\":\"https:\\\/\\\/fuentesfidedignas.com.mx\\\/index.php\\\/2021\\\/10\\\/12\\\/expertos-piden-negar-custodia-de-hijos-a-padres-que-agredan-a-mascotas-en-espana\\\/\",\"url\":\"https:\\\/\\\/fuentesfidedignas.com.mx\\\/index.php\\\/2021\\\/10\\\/12\\\/expertos-piden-negar-custodia-de-hijos-a-padres-que-agredan-a-mascotas-en-espana\\\/\",\"name\":\"Expertos piden negar custodia de hijos a padres que agredan a mascotas en Espa\u00f1a - Fuentes Fidedignas\",\"isPartOf\":{\"@id\":\"https:\\\/\\\/fuentesfidedignas.com.mx\\\/#website\"},\"primaryImageOfPage\":{\"@id\":\"https:\\\/\\\/fuentesfidedignas.com.mx\\\/index.php\\\/2021\\\/10\\\/12\\\/expertos-piden-negar-custodia-de-hijos-a-padres-que-agredan-a-mascotas-en-espana\\\/#primaryimage\"},\"image\":{\"@id\":\"https:\\\/\\\/fuentesfidedignas.com.mx\\\/index.php\\\/2021\\\/10\\\/12\\\/expertos-piden-negar-custodia-de-hijos-a-padres-que-agredan-a-mascotas-en-espana\\\/#primaryimage\"},\"thumbnailUrl\":\"https:\\\/\\\/fuentesfidedignas.com.mx\\\/wp-content\\\/uploads\\\/2021\\\/10\\\/images-2021-10-12T064337.058.jpeg\",\"datePublished\":\"2021-10-12T12:44:10+00:00\",\"dateModified\":\"2021-10-12T12:44:17+00:00\",\"breadcrumb\":{\"@id\":\"https:\\\/\\\/fuentesfidedignas.com.mx\\\/index.php\\\/2021\\\/10\\\/12\\\/expertos-piden-negar-custodia-de-hijos-a-padres-que-agredan-a-mascotas-en-espana\\\/#breadcrumb\"},\"inLanguage\":\"es\",\"potentialAction\":[{\"@type\":\"ReadAction\",\"target\":[\"https:\\\/\\\/fuentesfidedignas.com.mx\\\/index.php\\\/2021\\\/10\\\/12\\\/expertos-piden-negar-custodia-de-hijos-a-padres-que-agredan-a-mascotas-en-espana\\\/\"]}]},{\"@type\":\"ImageObject\",\"inLanguage\":\"es\",\"@id\":\"https:\\\/\\\/fuentesfidedignas.com.mx\\\/index.php\\\/2021\\\/10\\\/12\\\/expertos-piden-negar-custodia-de-hijos-a-padres-que-agredan-a-mascotas-en-espana\\\/#primaryimage\",\"url\":\"https:\\\/\\\/fuentesfidedignas.com.mx\\\/wp-content\\\/uploads\\\/2021\\\/10\\\/images-2021-10-12T064337.058.jpeg\",\"contentUrl\":\"https:\\\/\\\/fuentesfidedignas.com.mx\\\/wp-content\\\/uploads\\\/2021\\\/10\\\/images-2021-10-12T064337.058.jpeg\",\"width\":668,\"height\":400},{\"@type\":\"BreadcrumbList\",\"@id\":\"https:\\\/\\\/fuentesfidedignas.com.mx\\\/index.php\\\/2021\\\/10\\\/12\\\/expertos-piden-negar-custodia-de-hijos-a-padres-que-agredan-a-mascotas-en-espana\\\/#breadcrumb\",\"itemListElement\":[{\"@type\":\"ListItem\",\"position\":1,\"name\":\"Inicio\",\"item\":\"https:\\\/\\\/fuentesfidedignas.com.mx\\\/\"},{\"@type\":\"ListItem\",\"position\":2,\"name\":\"Expertos piden negar custodia de hijos a padres que agredan a mascotas en Espa\u00f1a\"}]},{\"@type\":\"WebSite\",\"@id\":\"https:\\\/\\\/fuentesfidedignas.com.mx\\\/#website\",\"url\":\"https:\\\/\\\/fuentesfidedignas.com.mx\\\/\",\"name\":\"Fuentes Fidedignas\",\"description\":\"Otro sitio realizado con WordPress\",\"publisher\":{\"@id\":\"https:\\\/\\\/fuentesfidedignas.com.mx\\\/#organization\"},\"potentialAction\":[{\"@type\":\"SearchAction\",\"target\":{\"@type\":\"EntryPoint\",\"urlTemplate\":\"https:\\\/\\\/fuentesfidedignas.com.mx\\\/?s={search_term_string}\"},\"query-input\":{\"@type\":\"PropertyValueSpecification\",\"valueRequired\":true,\"valueName\":\"search_term_string\"}}],\"inLanguage\":\"es\"},{\"@type\":\"Organization\",\"@id\":\"https:\\\/\\\/fuentesfidedignas.com.mx\\\/#organization\",\"name\":\"Fuentes Fidedignas\",\"url\":\"https:\\\/\\\/fuentesfidedignas.com.mx\\\/\",\"logo\":{\"@type\":\"ImageObject\",\"inLanguage\":\"es\",\"@id\":\"https:\\\/\\\/fuentesfidedignas.com.mx\\\/#\\\/schema\\\/logo\\\/image\\\/\",\"url\":\"https:\\\/\\\/fuentesfidedignas.com.mx\\\/wp-content\\\/uploads\\\/2021\\\/04\\\/logo-retina.png\",\"contentUrl\":\"https:\\\/\\\/fuentesfidedignas.com.mx\\\/wp-content\\\/uploads\\\/2021\\\/04\\\/logo-retina.png\",\"width\":280,\"height\":51,\"caption\":\"Fuentes Fidedignas\"},\"image\":{\"@id\":\"https:\\\/\\\/fuentesfidedignas.com.mx\\\/#\\\/schema\\\/logo\\\/image\\\/\"},\"sameAs\":[\"https:\\\/\\\/www.facebook.com\\\/Fuentes-Fidedignas-368234489921644\",\"https:\\\/\\\/x.com\\\/fidedignas\"]},{\"@type\":\"Person\",\"@id\":\"https:\\\/\\\/fuentesfidedignas.com.mx\\\/#\\\/schema\\\/person\\\/47ec0135738f4b0c7495f06a77a2c976\",\"name\":\"Milenio\",\"image\":{\"@type\":\"ImageObject\",\"inLanguage\":\"es\",\"@id\":\"https:\\\/\\\/secure.gravatar.com\\\/avatar\\\/acabf7b54753e51c2c76457954577c236b3b764789b19879565769739d1e4a75?s=96&d=mm&r=g\",\"url\":\"https:\\\/\\\/secure.gravatar.com\\\/avatar\\\/acabf7b54753e51c2c76457954577c236b3b764789b19879565769739d1e4a75?s=96&d=mm&r=g\",\"contentUrl\":\"https:\\\/\\\/secure.gravatar.com\\\/avatar\\\/acabf7b54753e51c2c76457954577c236b3b764789b19879565769739d1e4a75?s=96&d=mm&r=g\",\"caption\":\"Milenio\"},\"url\":\"https:\\\/\\\/fuentesfidedignas.com.mx\\\/index.php\\\/author\\\/milenio\\\/\"}]}<\/script>\n<!-- \/ Yoast SEO plugin. -->","yoast_head_json":{"title":"Expertos piden negar custodia de hijos a padres que agredan a mascotas en Espa\u00f1a - Fuentes Fidedignas","robots":{"index":"index","follow":"follow","max-snippet":"max-snippet:-1","max-image-preview":"max-image-preview:large","max-video-preview":"max-video-preview:-1"},"canonical":"https:\/\/fuentesfidedignas.com.mx\/index.php\/2021\/10\/12\/expertos-piden-negar-custodia-de-hijos-a-padres-que-agredan-a-mascotas-en-espana\/","og_locale":"es_MX","og_type":"article","og_title":"Expertos piden negar custodia de hijos a padres que agredan a mascotas en Espa\u00f1a - Fuentes Fidedignas","og_description":"La propuesta recalca la importante conexi\u00f3n entre el maltrato a los animales con el da\u00f1o que se le puede causar a un menor de edad En caso de la separaci\u00f3n de una pareja con hijos, la custodia del menor de edad debe ser denegada para quien haya amenazado o realizado alg\u00fan maltrato contra las mascotas, [&hellip;]","og_url":"https:\/\/fuentesfidedignas.com.mx\/index.php\/2021\/10\/12\/expertos-piden-negar-custodia-de-hijos-a-padres-que-agredan-a-mascotas-en-espana\/","og_site_name":"Fuentes Fidedignas","article_publisher":"https:\/\/www.facebook.com\/Fuentes-Fidedignas-368234489921644","article_published_time":"2021-10-12T12:44:10+00:00","article_modified_time":"2021-10-12T12:44:17+00:00","og_image":[{"width":668,"height":400,"url":"https:\/\/fuentesfidedignas.com.mx\/wp-content\/uploads\/2021\/10\/images-2021-10-12T064337.058.jpeg","type":"image\/jpeg"}],"author":"Milenio","twitter_card":"summary_large_image","twitter_creator":"@fidedignas","twitter_site":"@fidedignas","twitter_misc":{"Escrito por":"Milenio","Tiempo de lectura":"2 minutos"},"schema":{"@context":"https:\/\/schema.org","@graph":[{"@type":"Article","@id":"https:\/\/fuentesfidedignas.com.mx\/index.php\/2021\/10\/12\/expertos-piden-negar-custodia-de-hijos-a-padres-que-agredan-a-mascotas-en-espana\/#article","isPartOf":{"@id":"https:\/\/fuentesfidedignas.com.mx\/index.php\/2021\/10\/12\/expertos-piden-negar-custodia-de-hijos-a-padres-que-agredan-a-mascotas-en-espana\/"},"author":{"name":"Milenio","@id":"https:\/\/fuentesfidedignas.com.mx\/#\/schema\/person\/47ec0135738f4b0c7495f06a77a2c976"},"headline":"Expertos piden negar custodia de hijos a padres que agredan a mascotas en Espa\u00f1a","datePublished":"2021-10-12T12:44:10+00:00","dateModified":"2021-10-12T12:44:17+00:00","mainEntityOfPage":{"@id":"https:\/\/fuentesfidedignas.com.mx\/index.php\/2021\/10\/12\/expertos-piden-negar-custodia-de-hijos-a-padres-que-agredan-a-mascotas-en-espana\/"},"wordCount":362,"commentCount":0,"publisher":{"@id":"https:\/\/fuentesfidedignas.com.mx\/#organization"},"image":{"@id":"https:\/\/fuentesfidedignas.com.mx\/index.php\/2021\/10\/12\/expertos-piden-negar-custodia-de-hijos-a-padres-que-agredan-a-mascotas-en-espana\/#primaryimage"},"thumbnailUrl":"https:\/\/fuentesfidedignas.com.mx\/wp-content\/uploads\/2021\/10\/images-2021-10-12T064337.058.jpeg","articleSection":["DERECHOS ANIMALES","SEMANALES"],"inLanguage":"es","potentialAction":[{"@type":"CommentAction","name":"Comment","target":["https:\/\/fuentesfidedignas.com.mx\/index.php\/2021\/10\/12\/expertos-piden-negar-custodia-de-hijos-a-padres-que-agredan-a-mascotas-en-espana\/#respond"]}]},{"@type":"WebPage","@id":"https:\/\/fuentesfidedignas.com.mx\/index.php\/2021\/10\/12\/expertos-piden-negar-custodia-de-hijos-a-padres-que-agredan-a-mascotas-en-espana\/","url":"https:\/\/fuentesfidedignas.com.mx\/index.php\/2021\/10\/12\/expertos-piden-negar-custodia-de-hijos-a-padres-que-agredan-a-mascotas-en-espana\/","name":"Expertos piden negar custodia de hijos a padres que agredan a mascotas en Espa\u00f1a - Fuentes Fidedignas","isPartOf":{"@id":"https:\/\/fuentesfidedignas.com.mx\/#website"},"primaryImageOfPage":{"@id":"https:\/\/fuentesfidedignas.com.mx\/index.php\/2021\/10\/12\/expertos-piden-negar-custodia-de-hijos-a-padres-que-agredan-a-mascotas-en-espana\/#primaryimage"},"image":{"@id":"https:\/\/fuentesfidedignas.com.mx\/index.php\/2021\/10\/12\/expertos-piden-negar-custodia-de-hijos-a-padres-que-agredan-a-mascotas-en-espana\/#primaryimage"},"thumbnailUrl":"https:\/\/fuentesfidedignas.com.mx\/wp-content\/uploads\/2021\/10\/images-2021-10-12T064337.058.jpeg","datePublished":"2021-10-12T12:44:10+00:00","dateModified":"2021-10-12T12:44:17+00:00","breadcrumb":{"@id":"https:\/\/fuentesfidedignas.com.mx\/index.php\/2021\/10\/12\/expertos-piden-negar-custodia-de-hijos-a-padres-que-agredan-a-mascotas-en-espana\/#breadcrumb"},"inLanguage":"es","potentialAction":[{"@type":"ReadAction","target":["https:\/\/fuentesfidedignas.com.mx\/index.php\/2021\/10\/12\/expertos-piden-negar-custodia-de-hijos-a-padres-que-agredan-a-mascotas-en-espana\/"]}]},{"@type":"ImageObject","inLanguage":"es","@id":"https:\/\/fuentesfidedignas.com.mx\/index.php\/2021\/10\/12\/expertos-piden-negar-custodia-de-hijos-a-padres-que-agredan-a-mascotas-en-espana\/#primaryimage","url":"https:\/\/fuentesfidedignas.com.mx\/wp-content\/uploads\/2021\/10\/images-2021-10-12T064337.058.jpeg","contentUrl":"https:\/\/fuentesfidedignas.com.mx\/wp-content\/uploads\/2021\/10\/images-2021-10-12T064337.058.jpeg","width":668,"height":400},{"@type":"BreadcrumbList","@id":"https:\/\/fuentesfidedignas.com.mx\/index.php\/2021\/10\/12\/expertos-piden-negar-custodia-de-hijos-a-padres-que-agredan-a-mascotas-en-espana\/#breadcrumb","itemListElement":[{"@type":"ListItem","position":1,"name":"Inicio","item":"https:\/\/fuentesfidedignas.com.mx\/"},{"@type":"ListItem","position":2,"name":"Expertos piden negar custodia de hijos a padres que agredan a mascotas en Espa\u00f1a"}]},{"@type":"WebSite","@id":"https:\/\/fuentesfidedignas.com.mx\/#website","url":"https:\/\/fuentesfidedignas.com.mx\/","name":"Fuentes Fidedignas","description":"Otro sitio realizado con WordPress","publisher":{"@id":"https:\/\/fuentesfidedignas.com.mx\/#organization"},"potentialAction":[{"@type":"SearchAction","target":{"@type":"EntryPoint","urlTemplate":"https:\/\/fuentesfidedignas.com.mx\/?s={search_term_string}"},"query-input":{"@type":"PropertyValueSpecification","valueRequired":true,"valueName":"search_term_string"}}],"inLanguage":"es"},{"@type":"Organization","@id":"https:\/\/fuentesfidedignas.com.mx\/#organization","name":"Fuentes Fidedignas","url":"https:\/\/fuentesfidedignas.com.mx\/","logo":{"@type":"ImageObject","inLanguage":"es","@id":"https:\/\/fuentesfidedignas.com.mx\/#\/schema\/logo\/image\/","url":"https:\/\/fuentesfidedignas.com.mx\/wp-content\/uploads\/2021\/04\/logo-retina.png","contentUrl":"https:\/\/fuentesfidedignas.com.mx\/wp-content\/uploads\/2021\/04\/logo-retina.png","width":280,"height":51,"caption":"Fuentes Fidedignas"},"image":{"@id":"https:\/\/fuentesfidedignas.com.mx\/#\/schema\/logo\/image\/"},"sameAs":["https:\/\/www.facebook.com\/Fuentes-Fidedignas-368234489921644","https:\/\/x.com\/fidedignas"]},{"@type":"Person","@id":"https:\/\/fuentesfidedignas.com.mx\/#\/schema\/person\/47ec0135738f4b0c7495f06a77a2c976","name":"Milenio","image":{"@type":"ImageObject","inLanguage":"es","@id":"https:\/\/secure.gravatar.com\/avatar\/acabf7b54753e51c2c76457954577c236b3b764789b19879565769739d1e4a75?s=96&d=mm&r=g","url":"https:\/\/secure.gravatar.com\/avatar\/acabf7b54753e51c2c76457954577c236b3b764789b19879565769739d1e4a75?s=96&d=mm&r=g","contentUrl":"https:\/\/secure.gravatar.com\/avatar\/acabf7b54753e51c2c76457954577c236b3b764789b19879565769739d1e4a75?s=96&d=mm&r=g","caption":"Milenio"},"url":"https:\/\/fuentesfidedignas.com.mx\/index.php\/author\/milenio\/"}]}},"_links":{"self":[{"href":"https:\/\/fuentesfidedignas.com.mx\/index.php\/wp-json\/wp\/v2\/posts\/14779","targetHints":{"allow":["GET"]}}],"collection":[{"href":"https:\/\/fuentesfidedignas.com.mx\/index.php\/wp-json\/wp\/v2\/posts"}],"about":[{"href":"https:\/\/fuentesfidedignas.com.mx\/index.php\/wp-json\/wp\/v2\/types\/post"}],"author":[{"embeddable":true,"href":"https:\/\/fuentesfidedignas.com.mx\/index.php\/wp-json\/wp\/v2\/users\/9"}],"replies":[{"embeddable":true,"href":"https:\/\/fuentesfidedignas.com.mx\/index.php\/wp-json\/wp\/v2\/comments?post=14779"}],"version-history":[{"count":1,"href":"https:\/\/fuentesfidedignas.com.mx\/index.php\/wp-json\/wp\/v2\/posts\/14779\/revisions"}],"predecessor-version":[{"id":14781,"href":"https:\/\/fuentesfidedignas.com.mx\/index.php\/wp-json\/wp\/v2\/posts\/14779\/revisions\/14781"}],"wp:featuredmedia":[{"embeddable":true,"href":"https:\/\/fuentesfidedignas.com.mx\/index.php\/wp-json\/wp\/v2\/media\/14780"}],"wp:attachment":[{"href":"https:\/\/fuentesfidedignas.com.mx\/index.php\/wp-json\/wp\/v2\/media?parent=14779"}],"wp:term":[{"taxonomy":"category","embeddable":true,"href":"https:\/\/fuentesfidedignas.com.mx\/index.php\/wp-json\/wp\/v2\/categories?post=14779"},{"taxonomy":"post_tag","embeddable":true,"href":"https:\/\/fuentesfidedignas.com.mx\/index.php\/wp-json\/wp\/v2\/tags?post=14779"}],"curies":[{"name":"wp","href":"https:\/\/api.w.org\/{rel}","templated":true}]}}