{"id":14582,"date":"2021-10-09T17:13:30","date_gmt":"2021-10-10T00:13:30","guid":{"rendered":"https:\/\/fuentesfidedignas.com.mx\/?p=14582"},"modified":"2021-10-09T17:13:32","modified_gmt":"2021-10-10T00:13:32","slug":"cofepris-niega-por-primera-vez-un-permiso-de-maiz-transgenico","status":"publish","type":"post","link":"https:\/\/fuentesfidedignas.com.mx\/index.php\/2021\/10\/09\/cofepris-niega-por-primera-vez-un-permiso-de-maiz-transgenico\/","title":{"rendered":"Cofepris niega por primera vez un permiso de ma\u00edz transg\u00e9nico"},"content":{"rendered":"\n<p><br><strong><em>A finales de agosto, el regulador sanitario rechaz\u00f3 un permiso para una nueva variedad de ma\u00edz transg\u00e9nico solicitada por la empresa farmac\u00e9utica y de cultivos alemana Bayer<\/em><\/strong><\/p>\n\n\n\n<p>Ciudad de M\u00e9xico &#8211; La Comisi\u00f3n Federal para la Protecci\u00f3n contra Riesgos Sanitarios (Cofepris) rechaz\u00f3 por primera vez autorizar una nueva variedad de ma\u00edz transg\u00e9nico, dijo Juan Cortina, presidente del Consejo Nacional Agropecuario (CNA), organismo agroindustrial m\u00e1s importante de M\u00e9xico, en una se\u00f1al de que el Gobierno est\u00e1 endureciendo su posici\u00f3n en torno a los cultivos modificados gen\u00e9ticamente.<\/p>\n\n\n\n<p>M\u00e9xico, cuna del ma\u00edz moderno, nunca ha permitido el cultivo a escala comercial de ma\u00edz transg\u00e9nico, pero durante d\u00e9cadas ha permitido la importaci\u00f3n de estas variedades, en su mayor\u00eda procedentes de agricultores estadounidenses y utilizadas mayoritariamente para alimento de ganado.<\/p>\n\n\n\n<p>Los reguladores deben aprobar cada nueva variedad desarrollada por empresas fabricantes de semillas antes de que se puedan importar los cultivos obtenidos a partir de ellas.<\/p>\n\n\n\n<p>A finales de agosto, el regulador sanitario, la Cofepris, rechaz\u00f3 un permiso para una nueva variedad de ma\u00edz transg\u00e9nico solicitada por la empresa farmac\u00e9utica y de cultivos alemana Bayer, seg\u00fan datos del Consejo Nacional Agropecuario (CNA).<\/p>\n\n\n\n<p>El regulador determin\u00f3 que la nueva variedad de semilla estaba dise\u00f1ada para tolerar el herbicida glifosato, a\u00f1adiendo que consideraba peligrosa la sustancia ampliamente utilizada y dijo que su rechazo se basaba en un \u201cprincipio de precauci\u00f3n\u201d, seg\u00fan los datos.<\/p>\n\n\n\n<p>La decisi\u00f3n de la Cofepris nunca se hizo p\u00fablica y su oficina de prensa no respondi\u00f3 a solicitudes de comentarios. Bayer declin\u00f3 comentar al respecto.<\/p>\n\n\n\n<p>El presidente del CNA, Juan Cortina, dijo en una entrevista con Reuters que los importadores mexicanos de ma\u00edz comenzar\u00e1n a sentir el impacto del rechazo tan pronto como el pr\u00f3ximo a\u00f1o.<\/p>\n\n\n\n<p>\u201cAh\u00ed hay ya un primer obst\u00e1culo, que no es inmediato, pero que ah\u00ed va a venir\u201d, dijo, a\u00f1adiendo que existen otros siete permisos pendientes de semillas de ma\u00edz transg\u00e9nico que llevan entre 14 y 34 meses esperando resoluci\u00f3n. Consider\u00f3 que la decisi\u00f3n viola el acuerdo comercial de Am\u00e9rica del Norte, el T-MEC.<\/p>\n\n\n\n<p>Ni la Secretar\u00eda de Econom\u00eda (SE), responsable del comercio internacional, ni la Oficina del Representante Comercial de Estados Unidos, en Washington, respondieron inmediatamente a una solicitud de comentarios sobre lo dicho por Cortina.<\/p>\n\n\n\n<p><strong>Decisi\u00f3n de Cofepris va en contra del T-MEC: Bayer<\/strong><\/p>\n\n\n\n<p>Bayer dijo m\u00e1s tarde el viernes que la decisi\u00f3n de Cofepris era \u201cinconsistente con la ciencia\u201d y va en contra de los acuerdos comerciales como el T-MEC, adem\u00e1s de que est\u00e1 revisando posibles acciones legales con respecto a la medida de la autoridad sanitaria.<\/p>\n\n\n\n<p>\u201cEstamos decepcionados por las razones no cient\u00edficas por las que Cofepris deneg\u00f3 la aprobaci\u00f3n en M\u00e9xico, lo que gener\u00f3 una mayor preocupaci\u00f3n en la industria de que el proceso de aprobaci\u00f3n de productos en M\u00e9xico no est\u00e1 funcionando correctamente\u201d, dijo Bayer en respuesta a una consulta de Reuters.<\/p>\n\n\n\n<p>Mientras que organismos reguladores de todo el mundo han determinado que el glifosato es seguro, en junio del a\u00f1o pasado Bayer se comprometi\u00f3 a pagar 9,600 millones de d\u00f3lares para resolver alrededor de 100,000 demandas, al tiempo que negaba las reclamaciones de que el herbicida causara c\u00e1ncer.<\/p>\n\n\n\n<p>En febrero, la empresa lleg\u00f3 a un acuerdo de 2,000 millones de d\u00f3lares para resolver futuras demandas legales de que el glifosato causa c\u00e1ncer.<\/p>\n\n\n\n<p>En el pasado, el gobierno mexicano aprob\u00f3 unas 90 variedades de ma\u00edz transg\u00e9nico para su importaci\u00f3n, entre casi 170 autorizaciones totales de semillas gen\u00e9ticamente modificadas, incluyendo algod\u00f3n y soya. Pero bajo el Gobierno del presidente Andr\u00e9s Manuel L\u00f3pez Obrador, quien asumi\u00f3 el cargo a finales de 2018, la Cofepris no ha aprobado ninguna semilla transg\u00e9nica.<\/p>\n\n\n\n<p>El a\u00f1o pasado, M\u00e9xico import\u00f3 m\u00e1s de 16 millones de toneladas de ma\u00edz de proveedores estadounidenses, casi todo cultivado a partir de variedades transg\u00e9nicas.<\/p>\n\n\n\n<p>Cortina dijo que este a\u00f1o el pa\u00eds elevar\u00eda sus importaciones a \u201cm\u00e1s de 19 millones de toneladas\u201d, lo que marcar\u00eda un r\u00e9cord hist\u00f3rico, incluso cuando el Gobierno se compromete a impulsar la producci\u00f3n nacional.<\/p>\n\n\n\n<p>M\u00e9xico es autosuficiente en producci\u00f3n de ma\u00edz blanco, que se utiliza para hacer tortillas, el alimento b\u00e1sico del pa\u00eds, pero depende en gran medida de las importaciones de ma\u00edz amarillo, tanto para la alimentaci\u00f3n de ganado como para numerosos usos industriales, como la fabricaci\u00f3n de cereales y salsas.<\/p>\n\n\n\n<p>L\u00f3pez Obrador emiti\u00f3 un decreto a finales del a\u00f1o pasado que pretende prohibir para 2024 tanto el glifosato como el ma\u00edz transg\u00e9nico para consumo humano, pero a\u00fan existe confusi\u00f3n sobre si la prohibici\u00f3n se aplicar\u00eda tambi\u00e9n al grano destinado a alimentaci\u00f3n de ganado o a la demanda industrial.<\/p>\n\n\n\n<p>El subsecretario de Agricultura, V\u00edctor Su\u00e1rez, un importante defensor del decreto, dijo el mes pasado que el Gobierno se propone ahora reducir a la mitad las importaciones de ma\u00edz para 2024.<\/p>\n\n\n\n<p>\u201cYo no creo hasta ahorita que se vaya a disminuir\u201d, dijo Cortina refiri\u00e9ndose a la demanda de M\u00e9xico de ma\u00edz importado.<\/p>\n","protected":false},"excerpt":{"rendered":"<p>A finales de agosto, el regulador sanitario rechaz\u00f3 un permiso para una nueva variedad de ma\u00edz transg\u00e9nico solicitada por la empresa farmac\u00e9utica y de cultivos alemana Bayer Ciudad de M\u00e9xico &#8211; La Comisi\u00f3n Federal para la Protecci\u00f3n contra Riesgos Sanitarios (Cofepris) rechaz\u00f3 por primera vez autorizar una nueva variedad de ma\u00edz transg\u00e9nico, dijo Juan Cortina, [&hellip;]<\/p>\n","protected":false},"author":5,"featured_media":14583,"comment_status":"open","ping_status":"open","sticky":false,"template":"","format":"standard","meta":{"tdm_status":"","tdm_grid_status":"","footnotes":""},"categories":[39],"tags":[],"class_list":{"0":"post-14582","1":"post","2":"type-post","3":"status-publish","4":"format-standard","5":"has-post-thumbnail","7":"category-noticias-nacionales"},"yoast_head":"<!-- This site is optimized with the Yoast SEO plugin v27.5 - https:\/\/yoast.com\/product\/yoast-seo-wordpress\/ -->\n<title>Cofepris niega por primera vez un permiso de ma\u00edz transg\u00e9nico - Fuentes Fidedignas<\/title>\n<meta name=\"robots\" content=\"index, follow, max-snippet:-1, max-image-preview:large, max-video-preview:-1\" \/>\n<link rel=\"canonical\" href=\"https:\/\/fuentesfidedignas.com.mx\/index.php\/2021\/10\/09\/cofepris-niega-por-primera-vez-un-permiso-de-maiz-transgenico\/\" \/>\n<meta property=\"og:locale\" content=\"es_MX\" \/>\n<meta property=\"og:type\" content=\"article\" \/>\n<meta property=\"og:title\" content=\"Cofepris niega por primera vez un permiso de ma\u00edz transg\u00e9nico - Fuentes Fidedignas\" \/>\n<meta property=\"og:description\" content=\"A finales de agosto, el regulador sanitario rechaz\u00f3 un permiso para una nueva variedad de ma\u00edz transg\u00e9nico solicitada por la empresa farmac\u00e9utica y de cultivos alemana Bayer Ciudad de M\u00e9xico &#8211; La Comisi\u00f3n Federal para la Protecci\u00f3n contra Riesgos Sanitarios (Cofepris) rechaz\u00f3 por primera vez autorizar una nueva variedad de ma\u00edz transg\u00e9nico, dijo Juan Cortina, [&hellip;]\" \/>\n<meta property=\"og:url\" content=\"https:\/\/fuentesfidedignas.com.mx\/index.php\/2021\/10\/09\/cofepris-niega-por-primera-vez-un-permiso-de-maiz-transgenico\/\" \/>\n<meta property=\"og:site_name\" content=\"Fuentes Fidedignas\" \/>\n<meta property=\"article:publisher\" content=\"https:\/\/www.facebook.com\/Fuentes-Fidedignas-368234489921644\" \/>\n<meta property=\"article:published_time\" content=\"2021-10-10T00:13:30+00:00\" \/>\n<meta property=\"article:modified_time\" content=\"2021-10-10T00:13:32+00:00\" \/>\n<meta property=\"og:image\" content=\"https:\/\/fuentesfidedignas.com.mx\/wp-content\/uploads\/2021\/10\/Kellog-maiz-amarillo-768x432-1.jpg\" \/>\n\t<meta property=\"og:image:width\" content=\"768\" \/>\n\t<meta property=\"og:image:height\" content=\"432\" \/>\n\t<meta property=\"og:image:type\" content=\"image\/jpeg\" \/>\n<meta name=\"author\" content=\"Forbes\" \/>\n<meta name=\"twitter:card\" content=\"summary_large_image\" \/>\n<meta name=\"twitter:creator\" content=\"@fidedignas\" \/>\n<meta name=\"twitter:site\" content=\"@fidedignas\" \/>\n<meta name=\"twitter:label1\" content=\"Escrito por\" \/>\n\t<meta name=\"twitter:data1\" content=\"Forbes\" \/>\n\t<meta name=\"twitter:label2\" content=\"Tiempo de lectura\" \/>\n\t<meta name=\"twitter:data2\" content=\"4 minutos\" \/>\n<script type=\"application\/ld+json\" class=\"yoast-schema-graph\">{\"@context\":\"https:\\\/\\\/schema.org\",\"@graph\":[{\"@type\":\"Article\",\"@id\":\"https:\\\/\\\/fuentesfidedignas.com.mx\\\/index.php\\\/2021\\\/10\\\/09\\\/cofepris-niega-por-primera-vez-un-permiso-de-maiz-transgenico\\\/#article\",\"isPartOf\":{\"@id\":\"https:\\\/\\\/fuentesfidedignas.com.mx\\\/index.php\\\/2021\\\/10\\\/09\\\/cofepris-niega-por-primera-vez-un-permiso-de-maiz-transgenico\\\/\"},\"author\":{\"name\":\"Forbes\",\"@id\":\"https:\\\/\\\/fuentesfidedignas.com.mx\\\/#\\\/schema\\\/person\\\/5623d53fe2e579d825b1679734abcc44\"},\"headline\":\"Cofepris niega por primera vez un permiso de ma\u00edz transg\u00e9nico\",\"datePublished\":\"2021-10-10T00:13:30+00:00\",\"dateModified\":\"2021-10-10T00:13:32+00:00\",\"mainEntityOfPage\":{\"@id\":\"https:\\\/\\\/fuentesfidedignas.com.mx\\\/index.php\\\/2021\\\/10\\\/09\\\/cofepris-niega-por-primera-vez-un-permiso-de-maiz-transgenico\\\/\"},\"wordCount\":903,\"commentCount\":0,\"publisher\":{\"@id\":\"https:\\\/\\\/fuentesfidedignas.com.mx\\\/#organization\"},\"image\":{\"@id\":\"https:\\\/\\\/fuentesfidedignas.com.mx\\\/index.php\\\/2021\\\/10\\\/09\\\/cofepris-niega-por-primera-vez-un-permiso-de-maiz-transgenico\\\/#primaryimage\"},\"thumbnailUrl\":\"https:\\\/\\\/fuentesfidedignas.com.mx\\\/wp-content\\\/uploads\\\/2021\\\/10\\\/Kellog-maiz-amarillo-768x432-1.jpg\",\"articleSection\":[\"NOTICIAS NACIONALES\"],\"inLanguage\":\"es\",\"potentialAction\":[{\"@type\":\"CommentAction\",\"name\":\"Comment\",\"target\":[\"https:\\\/\\\/fuentesfidedignas.com.mx\\\/index.php\\\/2021\\\/10\\\/09\\\/cofepris-niega-por-primera-vez-un-permiso-de-maiz-transgenico\\\/#respond\"]}]},{\"@type\":\"WebPage\",\"@id\":\"https:\\\/\\\/fuentesfidedignas.com.mx\\\/index.php\\\/2021\\\/10\\\/09\\\/cofepris-niega-por-primera-vez-un-permiso-de-maiz-transgenico\\\/\",\"url\":\"https:\\\/\\\/fuentesfidedignas.com.mx\\\/index.php\\\/2021\\\/10\\\/09\\\/cofepris-niega-por-primera-vez-un-permiso-de-maiz-transgenico\\\/\",\"name\":\"Cofepris niega por primera vez un permiso de ma\u00edz transg\u00e9nico - Fuentes Fidedignas\",\"isPartOf\":{\"@id\":\"https:\\\/\\\/fuentesfidedignas.com.mx\\\/#website\"},\"primaryImageOfPage\":{\"@id\":\"https:\\\/\\\/fuentesfidedignas.com.mx\\\/index.php\\\/2021\\\/10\\\/09\\\/cofepris-niega-por-primera-vez-un-permiso-de-maiz-transgenico\\\/#primaryimage\"},\"image\":{\"@id\":\"https:\\\/\\\/fuentesfidedignas.com.mx\\\/index.php\\\/2021\\\/10\\\/09\\\/cofepris-niega-por-primera-vez-un-permiso-de-maiz-transgenico\\\/#primaryimage\"},\"thumbnailUrl\":\"https:\\\/\\\/fuentesfidedignas.com.mx\\\/wp-content\\\/uploads\\\/2021\\\/10\\\/Kellog-maiz-amarillo-768x432-1.jpg\",\"datePublished\":\"2021-10-10T00:13:30+00:00\",\"dateModified\":\"2021-10-10T00:13:32+00:00\",\"breadcrumb\":{\"@id\":\"https:\\\/\\\/fuentesfidedignas.com.mx\\\/index.php\\\/2021\\\/10\\\/09\\\/cofepris-niega-por-primera-vez-un-permiso-de-maiz-transgenico\\\/#breadcrumb\"},\"inLanguage\":\"es\",\"potentialAction\":[{\"@type\":\"ReadAction\",\"target\":[\"https:\\\/\\\/fuentesfidedignas.com.mx\\\/index.php\\\/2021\\\/10\\\/09\\\/cofepris-niega-por-primera-vez-un-permiso-de-maiz-transgenico\\\/\"]}]},{\"@type\":\"ImageObject\",\"inLanguage\":\"es\",\"@id\":\"https:\\\/\\\/fuentesfidedignas.com.mx\\\/index.php\\\/2021\\\/10\\\/09\\\/cofepris-niega-por-primera-vez-un-permiso-de-maiz-transgenico\\\/#primaryimage\",\"url\":\"https:\\\/\\\/fuentesfidedignas.com.mx\\\/wp-content\\\/uploads\\\/2021\\\/10\\\/Kellog-maiz-amarillo-768x432-1.jpg\",\"contentUrl\":\"https:\\\/\\\/fuentesfidedignas.com.mx\\\/wp-content\\\/uploads\\\/2021\\\/10\\\/Kellog-maiz-amarillo-768x432-1.jpg\",\"width\":768,\"height\":432},{\"@type\":\"BreadcrumbList\",\"@id\":\"https:\\\/\\\/fuentesfidedignas.com.mx\\\/index.php\\\/2021\\\/10\\\/09\\\/cofepris-niega-por-primera-vez-un-permiso-de-maiz-transgenico\\\/#breadcrumb\",\"itemListElement\":[{\"@type\":\"ListItem\",\"position\":1,\"name\":\"Inicio\",\"item\":\"https:\\\/\\\/fuentesfidedignas.com.mx\\\/\"},{\"@type\":\"ListItem\",\"position\":2,\"name\":\"Cofepris niega por primera vez un permiso de ma\u00edz transg\u00e9nico\"}]},{\"@type\":\"WebSite\",\"@id\":\"https:\\\/\\\/fuentesfidedignas.com.mx\\\/#website\",\"url\":\"https:\\\/\\\/fuentesfidedignas.com.mx\\\/\",\"name\":\"Fuentes Fidedignas\",\"description\":\"Otro sitio realizado con WordPress\",\"publisher\":{\"@id\":\"https:\\\/\\\/fuentesfidedignas.com.mx\\\/#organization\"},\"potentialAction\":[{\"@type\":\"SearchAction\",\"target\":{\"@type\":\"EntryPoint\",\"urlTemplate\":\"https:\\\/\\\/fuentesfidedignas.com.mx\\\/?s={search_term_string}\"},\"query-input\":{\"@type\":\"PropertyValueSpecification\",\"valueRequired\":true,\"valueName\":\"search_term_string\"}}],\"inLanguage\":\"es\"},{\"@type\":\"Organization\",\"@id\":\"https:\\\/\\\/fuentesfidedignas.com.mx\\\/#organization\",\"name\":\"Fuentes Fidedignas\",\"url\":\"https:\\\/\\\/fuentesfidedignas.com.mx\\\/\",\"logo\":{\"@type\":\"ImageObject\",\"inLanguage\":\"es\",\"@id\":\"https:\\\/\\\/fuentesfidedignas.com.mx\\\/#\\\/schema\\\/logo\\\/image\\\/\",\"url\":\"https:\\\/\\\/fuentesfidedignas.com.mx\\\/wp-content\\\/uploads\\\/2021\\\/04\\\/logo-retina.png\",\"contentUrl\":\"https:\\\/\\\/fuentesfidedignas.com.mx\\\/wp-content\\\/uploads\\\/2021\\\/04\\\/logo-retina.png\",\"width\":280,\"height\":51,\"caption\":\"Fuentes Fidedignas\"},\"image\":{\"@id\":\"https:\\\/\\\/fuentesfidedignas.com.mx\\\/#\\\/schema\\\/logo\\\/image\\\/\"},\"sameAs\":[\"https:\\\/\\\/www.facebook.com\\\/Fuentes-Fidedignas-368234489921644\",\"https:\\\/\\\/x.com\\\/fidedignas\"]},{\"@type\":\"Person\",\"@id\":\"https:\\\/\\\/fuentesfidedignas.com.mx\\\/#\\\/schema\\\/person\\\/5623d53fe2e579d825b1679734abcc44\",\"name\":\"Forbes\",\"image\":{\"@type\":\"ImageObject\",\"inLanguage\":\"es\",\"@id\":\"https:\\\/\\\/secure.gravatar.com\\\/avatar\\\/87ce3dd4e41e60c22a79c758614f01a6bc2469255fc936ec7b15efb9bb5cb66f?s=96&d=mm&r=g\",\"url\":\"https:\\\/\\\/secure.gravatar.com\\\/avatar\\\/87ce3dd4e41e60c22a79c758614f01a6bc2469255fc936ec7b15efb9bb5cb66f?s=96&d=mm&r=g\",\"contentUrl\":\"https:\\\/\\\/secure.gravatar.com\\\/avatar\\\/87ce3dd4e41e60c22a79c758614f01a6bc2469255fc936ec7b15efb9bb5cb66f?s=96&d=mm&r=g\",\"caption\":\"Forbes\"},\"url\":\"https:\\\/\\\/fuentesfidedignas.com.mx\\\/index.php\\\/author\\\/forbes\\\/\"}]}<\/script>\n<!-- \/ Yoast SEO plugin. -->","yoast_head_json":{"title":"Cofepris niega por primera vez un permiso de ma\u00edz transg\u00e9nico - Fuentes Fidedignas","robots":{"index":"index","follow":"follow","max-snippet":"max-snippet:-1","max-image-preview":"max-image-preview:large","max-video-preview":"max-video-preview:-1"},"canonical":"https:\/\/fuentesfidedignas.com.mx\/index.php\/2021\/10\/09\/cofepris-niega-por-primera-vez-un-permiso-de-maiz-transgenico\/","og_locale":"es_MX","og_type":"article","og_title":"Cofepris niega por primera vez un permiso de ma\u00edz transg\u00e9nico - Fuentes Fidedignas","og_description":"A finales de agosto, el regulador sanitario rechaz\u00f3 un permiso para una nueva variedad de ma\u00edz transg\u00e9nico solicitada por la empresa farmac\u00e9utica y de cultivos alemana Bayer Ciudad de M\u00e9xico &#8211; La Comisi\u00f3n Federal para la Protecci\u00f3n contra Riesgos Sanitarios (Cofepris) rechaz\u00f3 por primera vez autorizar una nueva variedad de ma\u00edz transg\u00e9nico, dijo Juan Cortina, [&hellip;]","og_url":"https:\/\/fuentesfidedignas.com.mx\/index.php\/2021\/10\/09\/cofepris-niega-por-primera-vez-un-permiso-de-maiz-transgenico\/","og_site_name":"Fuentes Fidedignas","article_publisher":"https:\/\/www.facebook.com\/Fuentes-Fidedignas-368234489921644","article_published_time":"2021-10-10T00:13:30+00:00","article_modified_time":"2021-10-10T00:13:32+00:00","og_image":[{"width":768,"height":432,"url":"https:\/\/fuentesfidedignas.com.mx\/wp-content\/uploads\/2021\/10\/Kellog-maiz-amarillo-768x432-1.jpg","type":"image\/jpeg"}],"author":"Forbes","twitter_card":"summary_large_image","twitter_creator":"@fidedignas","twitter_site":"@fidedignas","twitter_misc":{"Escrito por":"Forbes","Tiempo de lectura":"4 minutos"},"schema":{"@context":"https:\/\/schema.org","@graph":[{"@type":"Article","@id":"https:\/\/fuentesfidedignas.com.mx\/index.php\/2021\/10\/09\/cofepris-niega-por-primera-vez-un-permiso-de-maiz-transgenico\/#article","isPartOf":{"@id":"https:\/\/fuentesfidedignas.com.mx\/index.php\/2021\/10\/09\/cofepris-niega-por-primera-vez-un-permiso-de-maiz-transgenico\/"},"author":{"name":"Forbes","@id":"https:\/\/fuentesfidedignas.com.mx\/#\/schema\/person\/5623d53fe2e579d825b1679734abcc44"},"headline":"Cofepris niega por primera vez un permiso de ma\u00edz transg\u00e9nico","datePublished":"2021-10-10T00:13:30+00:00","dateModified":"2021-10-10T00:13:32+00:00","mainEntityOfPage":{"@id":"https:\/\/fuentesfidedignas.com.mx\/index.php\/2021\/10\/09\/cofepris-niega-por-primera-vez-un-permiso-de-maiz-transgenico\/"},"wordCount":903,"commentCount":0,"publisher":{"@id":"https:\/\/fuentesfidedignas.com.mx\/#organization"},"image":{"@id":"https:\/\/fuentesfidedignas.com.mx\/index.php\/2021\/10\/09\/cofepris-niega-por-primera-vez-un-permiso-de-maiz-transgenico\/#primaryimage"},"thumbnailUrl":"https:\/\/fuentesfidedignas.com.mx\/wp-content\/uploads\/2021\/10\/Kellog-maiz-amarillo-768x432-1.jpg","articleSection":["NOTICIAS NACIONALES"],"inLanguage":"es","potentialAction":[{"@type":"CommentAction","name":"Comment","target":["https:\/\/fuentesfidedignas.com.mx\/index.php\/2021\/10\/09\/cofepris-niega-por-primera-vez-un-permiso-de-maiz-transgenico\/#respond"]}]},{"@type":"WebPage","@id":"https:\/\/fuentesfidedignas.com.mx\/index.php\/2021\/10\/09\/cofepris-niega-por-primera-vez-un-permiso-de-maiz-transgenico\/","url":"https:\/\/fuentesfidedignas.com.mx\/index.php\/2021\/10\/09\/cofepris-niega-por-primera-vez-un-permiso-de-maiz-transgenico\/","name":"Cofepris niega por primera vez un permiso de ma\u00edz transg\u00e9nico - Fuentes Fidedignas","isPartOf":{"@id":"https:\/\/fuentesfidedignas.com.mx\/#website"},"primaryImageOfPage":{"@id":"https:\/\/fuentesfidedignas.com.mx\/index.php\/2021\/10\/09\/cofepris-niega-por-primera-vez-un-permiso-de-maiz-transgenico\/#primaryimage"},"image":{"@id":"https:\/\/fuentesfidedignas.com.mx\/index.php\/2021\/10\/09\/cofepris-niega-por-primera-vez-un-permiso-de-maiz-transgenico\/#primaryimage"},"thumbnailUrl":"https:\/\/fuentesfidedignas.com.mx\/wp-content\/uploads\/2021\/10\/Kellog-maiz-amarillo-768x432-1.jpg","datePublished":"2021-10-10T00:13:30+00:00","dateModified":"2021-10-10T00:13:32+00:00","breadcrumb":{"@id":"https:\/\/fuentesfidedignas.com.mx\/index.php\/2021\/10\/09\/cofepris-niega-por-primera-vez-un-permiso-de-maiz-transgenico\/#breadcrumb"},"inLanguage":"es","potentialAction":[{"@type":"ReadAction","target":["https:\/\/fuentesfidedignas.com.mx\/index.php\/2021\/10\/09\/cofepris-niega-por-primera-vez-un-permiso-de-maiz-transgenico\/"]}]},{"@type":"ImageObject","inLanguage":"es","@id":"https:\/\/fuentesfidedignas.com.mx\/index.php\/2021\/10\/09\/cofepris-niega-por-primera-vez-un-permiso-de-maiz-transgenico\/#primaryimage","url":"https:\/\/fuentesfidedignas.com.mx\/wp-content\/uploads\/2021\/10\/Kellog-maiz-amarillo-768x432-1.jpg","contentUrl":"https:\/\/fuentesfidedignas.com.mx\/wp-content\/uploads\/2021\/10\/Kellog-maiz-amarillo-768x432-1.jpg","width":768,"height":432},{"@type":"BreadcrumbList","@id":"https:\/\/fuentesfidedignas.com.mx\/index.php\/2021\/10\/09\/cofepris-niega-por-primera-vez-un-permiso-de-maiz-transgenico\/#breadcrumb","itemListElement":[{"@type":"ListItem","position":1,"name":"Inicio","item":"https:\/\/fuentesfidedignas.com.mx\/"},{"@type":"ListItem","position":2,"name":"Cofepris niega por primera vez un permiso de ma\u00edz transg\u00e9nico"}]},{"@type":"WebSite","@id":"https:\/\/fuentesfidedignas.com.mx\/#website","url":"https:\/\/fuentesfidedignas.com.mx\/","name":"Fuentes Fidedignas","description":"Otro sitio realizado con WordPress","publisher":{"@id":"https:\/\/fuentesfidedignas.com.mx\/#organization"},"potentialAction":[{"@type":"SearchAction","target":{"@type":"EntryPoint","urlTemplate":"https:\/\/fuentesfidedignas.com.mx\/?s={search_term_string}"},"query-input":{"@type":"PropertyValueSpecification","valueRequired":true,"valueName":"search_term_string"}}],"inLanguage":"es"},{"@type":"Organization","@id":"https:\/\/fuentesfidedignas.com.mx\/#organization","name":"Fuentes Fidedignas","url":"https:\/\/fuentesfidedignas.com.mx\/","logo":{"@type":"ImageObject","inLanguage":"es","@id":"https:\/\/fuentesfidedignas.com.mx\/#\/schema\/logo\/image\/","url":"https:\/\/fuentesfidedignas.com.mx\/wp-content\/uploads\/2021\/04\/logo-retina.png","contentUrl":"https:\/\/fuentesfidedignas.com.mx\/wp-content\/uploads\/2021\/04\/logo-retina.png","width":280,"height":51,"caption":"Fuentes Fidedignas"},"image":{"@id":"https:\/\/fuentesfidedignas.com.mx\/#\/schema\/logo\/image\/"},"sameAs":["https:\/\/www.facebook.com\/Fuentes-Fidedignas-368234489921644","https:\/\/x.com\/fidedignas"]},{"@type":"Person","@id":"https:\/\/fuentesfidedignas.com.mx\/#\/schema\/person\/5623d53fe2e579d825b1679734abcc44","name":"Forbes","image":{"@type":"ImageObject","inLanguage":"es","@id":"https:\/\/secure.gravatar.com\/avatar\/87ce3dd4e41e60c22a79c758614f01a6bc2469255fc936ec7b15efb9bb5cb66f?s=96&d=mm&r=g","url":"https:\/\/secure.gravatar.com\/avatar\/87ce3dd4e41e60c22a79c758614f01a6bc2469255fc936ec7b15efb9bb5cb66f?s=96&d=mm&r=g","contentUrl":"https:\/\/secure.gravatar.com\/avatar\/87ce3dd4e41e60c22a79c758614f01a6bc2469255fc936ec7b15efb9bb5cb66f?s=96&d=mm&r=g","caption":"Forbes"},"url":"https:\/\/fuentesfidedignas.com.mx\/index.php\/author\/forbes\/"}]}},"_links":{"self":[{"href":"https:\/\/fuentesfidedignas.com.mx\/index.php\/wp-json\/wp\/v2\/posts\/14582","targetHints":{"allow":["GET"]}}],"collection":[{"href":"https:\/\/fuentesfidedignas.com.mx\/index.php\/wp-json\/wp\/v2\/posts"}],"about":[{"href":"https:\/\/fuentesfidedignas.com.mx\/index.php\/wp-json\/wp\/v2\/types\/post"}],"author":[{"embeddable":true,"href":"https:\/\/fuentesfidedignas.com.mx\/index.php\/wp-json\/wp\/v2\/users\/5"}],"replies":[{"embeddable":true,"href":"https:\/\/fuentesfidedignas.com.mx\/index.php\/wp-json\/wp\/v2\/comments?post=14582"}],"version-history":[{"count":1,"href":"https:\/\/fuentesfidedignas.com.mx\/index.php\/wp-json\/wp\/v2\/posts\/14582\/revisions"}],"predecessor-version":[{"id":14584,"href":"https:\/\/fuentesfidedignas.com.mx\/index.php\/wp-json\/wp\/v2\/posts\/14582\/revisions\/14584"}],"wp:featuredmedia":[{"embeddable":true,"href":"https:\/\/fuentesfidedignas.com.mx\/index.php\/wp-json\/wp\/v2\/media\/14583"}],"wp:attachment":[{"href":"https:\/\/fuentesfidedignas.com.mx\/index.php\/wp-json\/wp\/v2\/media?parent=14582"}],"wp:term":[{"taxonomy":"category","embeddable":true,"href":"https:\/\/fuentesfidedignas.com.mx\/index.php\/wp-json\/wp\/v2\/categories?post=14582"},{"taxonomy":"post_tag","embeddable":true,"href":"https:\/\/fuentesfidedignas.com.mx\/index.php\/wp-json\/wp\/v2\/tags?post=14582"}],"curies":[{"name":"wp","href":"https:\/\/api.w.org\/{rel}","templated":true}]}}