{"id":14508,"date":"2021-10-08T13:38:58","date_gmt":"2021-10-08T20:38:58","guid":{"rendered":"https:\/\/fuentesfidedignas.com.mx\/?p=14508"},"modified":"2021-10-08T13:39:00","modified_gmt":"2021-10-08T20:39:00","slug":"fgr-no-ha-entregado-indagatorias-sobre-pio-lopez-obrador-ine","status":"publish","type":"post","link":"https:\/\/fuentesfidedignas.com.mx\/index.php\/2021\/10\/08\/fgr-no-ha-entregado-indagatorias-sobre-pio-lopez-obrador-ine\/","title":{"rendered":"FGR no ha entregado indagatorias sobre P\u00edo L\u00f3pez Obrador: INE"},"content":{"rendered":"\n<p><strong><em>En su momento, el presidente L\u00f3pez Obrador asegur\u00f3 que no proteger\u00e1 a su hermano. Si es responsable \u2013subray\u00f3&#8211; debe ser castigado<\/em><\/strong><\/p>\n\n\n\n<p>Quer\u00e9taro, Qro.- El consejero presidente del Instituto Nacional Electoral (INE), Lorenzo C\u00f3rdova Vianello, se\u00f1al\u00f3 que por \u201csecreto ministerial\u201d la Fiscal\u00eda General de la Rep\u00fablica (FGR), que encabeza Alejandro Gertz Manero, no les han proporcionado las indagatorias sobre la denuncia penal en el caso P\u00edo L\u00f3pez Obrador.<\/p>\n\n\n\n<p>La Fiscal\u00eda, dijo, no puede oponer ese argumento ante las facultades fiscalizadoras del organismo electoral nacional, donde la Unidad T\u00e9cnica de Fiscalizaci\u00f3n lleva una investigaci\u00f3n del caso.<\/p>\n\n\n\n<p>Previamente, el Tribunal Electoral del Poder Judicial de la Federaci\u00f3n (TEPJF), instituci\u00f3n que tiene la \u00faltima palabra en asuntos pol\u00edtico-electorales, determin\u00f3 que el INE debe continuar la indagatoria contra el hermano del presidente Andr\u00e9s Manuel L\u00f3pez Obrador por presunto financiamiento ilegal para Morena en 2015.<\/p>\n\n\n\n<p>La resoluci\u00f3n de la Sala Superior fue en contra de la propuesta del pol\u00e9mico magistrado Jos\u00e9 Luis Vargas Valdez, expresidente del Tribunal, quien plante\u00f3 revocar las denuncias contra P\u00edo L\u00f3pez Obrador.<\/p>\n\n\n\n<p>Sin embargo, el presidente del INE declar\u00f3 que la Fiscal\u00eda no les ha proporcionado las indagatorias sobre el caso.<\/p>\n\n\n\n<p>\u201cLa Fiscal\u00eda General de la Rep\u00fablica no nos est\u00e1 proporcionando las indagatorias que sobre estos temas &#8211;visto que tambi\u00e9n hubo una denuncia penal&#8211; se han venido realizando, aduciendo el secreto ministerial. Yo espero que podamos con buen di\u00e1logo poder nutrir la colaboraci\u00f3n entre instituciones y por lo tanto tener elementos para poder seguir avanzando\u201d.<\/p>\n\n\n\n<p>De visita en esta ciudad, donde particip\u00f3 en un acto de reconocimiento a Gerardo Romero Altamirano, expresidente del \u00f3rgano electoral local, C\u00f3rdova Vianello se dijo dispuesto a un \u201cbuen di\u00e1logo\u201d para que las dos instituciones colaboren en el caso y puedan impartir \u201cjusticia\u201d, tanto administrativa como penal.<\/p>\n\n\n\n<p>\u201cOjal\u00e1 y los secretos ministeriales que se oponen, y tiene sentido oponerlos a instancias que no est\u00e1n autorizadas para conocer los expedientes, no se le opongan al INE\u201d.<\/p>\n\n\n\n<p>C\u00f3rdova Vianello incluso record\u00f3 que en el caso conocido como \u201cPemexgate\u201d (la desviaci\u00f3n de fondos del Sindicato de Pemex para la campa\u00f1a presidencial del candidato del PRI en 2000) hubo colaboraci\u00f3n entre la Fiscal\u00eda de Delitos Electorales y el entonces IFE, lo que \u2013sostuvo&#8211; sirvi\u00f3 para la resoluci\u00f3n del asunto.<\/p>\n\n\n\n<p>\u201cAqu\u00ed se trata de c\u00f3mo colaboramos las dos instituciones para poder cumplir mejor con nuestra funci\u00f3n y que se imparta justicia administrativa, pero tambi\u00e9n penal, del mejor modo\u201d.<\/p>\n\n\n\n<p>Y asegur\u00f3 que, si el INE llega a tener acceso a las carpetas de investigaci\u00f3n de este asunto, no divulgar\u00eda la informaci\u00f3n.<\/p>\n\n\n\n<p>\u201cNosotros no estamos pretendiendo conocer esas indagatorias para hacerlas p\u00fablicas\u201d, abund\u00f3.<\/p>\n\n\n\n<p>En su momento, el presidente L\u00f3pez Obrador asegur\u00f3 que no proteger\u00e1 a su hermano. Si es responsable \u2013subray\u00f3&#8211; debe ser castigado.<\/p>\n\n\n\n<p>\u201cYo no establezco relaciones de complicidad con nadie, ni con los miembros de mi familia, yo ya no me pertenezco, entonces, ofrezco disculpa si denuncio actos de corrupci\u00f3n, porque estoy convencido de que ese es el principal problema de M\u00e9xico\u201d, afirm\u00f3 el mandatario.<\/p>\n\n\n\n<p>En tanto, en el Congreso de la Uni\u00f3n, Morena aprob\u00f3 la comparecencia de C\u00f3rdova Vianello, en la que har\u00e1 una \u201cevaluaci\u00f3n integral sobre el cumplimiento de los principios del \u00f3rgano electoral, seg\u00fan inform\u00f3 el l\u00edder del grupo legislativo de ese partido, Ignacio Mier Velazco.<\/p>\n\n\n\n<p>El presidente del INE no quiso hablar de dicha comparecencia y descart\u00f3 que haya una persecuci\u00f3n en su contra.<\/p>\n\n\n\n<p>\u201cMientras nos mantengamos todos dentro del orden constitucional, no va a haber persecuci\u00f3n\u201d, expres\u00f3, al tiempo que expres\u00f3 \u201crespeto y deferencia\u201d al Poder Legislativo.<\/p>\n","protected":false},"excerpt":{"rendered":"<p>En su momento, el presidente L\u00f3pez Obrador asegur\u00f3 que no proteger\u00e1 a su hermano. Si es responsable \u2013subray\u00f3&#8211; debe ser castigado Quer\u00e9taro, Qro.- El consejero presidente del Instituto Nacional Electoral (INE), Lorenzo C\u00f3rdova Vianello, se\u00f1al\u00f3 que por \u201csecreto ministerial\u201d la Fiscal\u00eda General de la Rep\u00fablica (FGR), que encabeza Alejandro Gertz Manero, no les han proporcionado [&hellip;]<\/p>\n","protected":false},"author":14,"featured_media":14509,"comment_status":"open","ping_status":"open","sticky":false,"template":"","format":"standard","meta":{"tdm_status":"","tdm_grid_status":"","footnotes":""},"categories":[39],"tags":[247,297,264,263,1759],"class_list":{"0":"post-14508","1":"post","2":"type-post","3":"status-publish","4":"format-standard","5":"has-post-thumbnail","7":"category-noticias-nacionales","8":"tag-amlo","9":"tag-andres-manuel-lopez-obrador","10":"tag-ine","11":"tag-instituto-nacional-electoral","12":"tag-pio-lopez-obrador"},"yoast_head":"<!-- This site is optimized with the Yoast SEO plugin v27.5 - https:\/\/yoast.com\/product\/yoast-seo-wordpress\/ -->\n<title>FGR no ha entregado indagatorias sobre P\u00edo L\u00f3pez Obrador: INE - Fuentes Fidedignas<\/title>\n<meta name=\"robots\" content=\"index, follow, max-snippet:-1, max-image-preview:large, max-video-preview:-1\" \/>\n<link rel=\"canonical\" href=\"https:\/\/fuentesfidedignas.com.mx\/index.php\/2021\/10\/08\/fgr-no-ha-entregado-indagatorias-sobre-pio-lopez-obrador-ine\/\" \/>\n<meta property=\"og:locale\" content=\"es_MX\" \/>\n<meta property=\"og:type\" content=\"article\" \/>\n<meta property=\"og:title\" content=\"FGR no ha entregado indagatorias sobre P\u00edo L\u00f3pez Obrador: INE - Fuentes Fidedignas\" \/>\n<meta property=\"og:description\" content=\"En su momento, el presidente L\u00f3pez Obrador asegur\u00f3 que no proteger\u00e1 a su hermano. Si es responsable \u2013subray\u00f3&#8211; debe ser castigado Quer\u00e9taro, Qro.- El consejero presidente del Instituto Nacional Electoral (INE), Lorenzo C\u00f3rdova Vianello, se\u00f1al\u00f3 que por \u201csecreto ministerial\u201d la Fiscal\u00eda General de la Rep\u00fablica (FGR), que encabeza Alejandro Gertz Manero, no les han proporcionado [&hellip;]\" \/>\n<meta property=\"og:url\" content=\"https:\/\/fuentesfidedignas.com.mx\/index.php\/2021\/10\/08\/fgr-no-ha-entregado-indagatorias-sobre-pio-lopez-obrador-ine\/\" \/>\n<meta property=\"og:site_name\" content=\"Fuentes Fidedignas\" \/>\n<meta property=\"article:publisher\" content=\"https:\/\/www.facebook.com\/Fuentes-Fidedignas-368234489921644\" \/>\n<meta property=\"article:published_time\" content=\"2021-10-08T20:38:58+00:00\" \/>\n<meta property=\"article:modified_time\" content=\"2021-10-08T20:39:00+00:00\" \/>\n<meta property=\"og:image\" content=\"https:\/\/fuentesfidedignas.com.mx\/wp-content\/uploads\/2021\/10\/AMLO_PIO.jpg\" \/>\n\t<meta property=\"og:image:width\" content=\"768\" \/>\n\t<meta property=\"og:image:height\" content=\"432\" \/>\n\t<meta property=\"og:image:type\" content=\"image\/jpeg\" \/>\n<meta name=\"author\" content=\"Vanguardia\" \/>\n<meta name=\"twitter:card\" content=\"summary_large_image\" \/>\n<meta name=\"twitter:creator\" content=\"@fidedignas\" \/>\n<meta name=\"twitter:site\" content=\"@fidedignas\" \/>\n<meta name=\"twitter:label1\" content=\"Escrito por\" \/>\n\t<meta name=\"twitter:data1\" content=\"Vanguardia\" \/>\n\t<meta name=\"twitter:label2\" content=\"Tiempo de lectura\" \/>\n\t<meta name=\"twitter:data2\" content=\"3 minutos\" \/>\n<script type=\"application\/ld+json\" class=\"yoast-schema-graph\">{\"@context\":\"https:\\\/\\\/schema.org\",\"@graph\":[{\"@type\":\"Article\",\"@id\":\"https:\\\/\\\/fuentesfidedignas.com.mx\\\/index.php\\\/2021\\\/10\\\/08\\\/fgr-no-ha-entregado-indagatorias-sobre-pio-lopez-obrador-ine\\\/#article\",\"isPartOf\":{\"@id\":\"https:\\\/\\\/fuentesfidedignas.com.mx\\\/index.php\\\/2021\\\/10\\\/08\\\/fgr-no-ha-entregado-indagatorias-sobre-pio-lopez-obrador-ine\\\/\"},\"author\":{\"name\":\"Vanguardia\",\"@id\":\"https:\\\/\\\/fuentesfidedignas.com.mx\\\/#\\\/schema\\\/person\\\/bce747fb6a0b0feefab1e3e7c4e84d2b\"},\"headline\":\"FGR no ha entregado indagatorias sobre P\u00edo L\u00f3pez Obrador: INE\",\"datePublished\":\"2021-10-08T20:38:58+00:00\",\"dateModified\":\"2021-10-08T20:39:00+00:00\",\"mainEntityOfPage\":{\"@id\":\"https:\\\/\\\/fuentesfidedignas.com.mx\\\/index.php\\\/2021\\\/10\\\/08\\\/fgr-no-ha-entregado-indagatorias-sobre-pio-lopez-obrador-ine\\\/\"},\"wordCount\":646,\"commentCount\":0,\"publisher\":{\"@id\":\"https:\\\/\\\/fuentesfidedignas.com.mx\\\/#organization\"},\"image\":{\"@id\":\"https:\\\/\\\/fuentesfidedignas.com.mx\\\/index.php\\\/2021\\\/10\\\/08\\\/fgr-no-ha-entregado-indagatorias-sobre-pio-lopez-obrador-ine\\\/#primaryimage\"},\"thumbnailUrl\":\"https:\\\/\\\/fuentesfidedignas.com.mx\\\/wp-content\\\/uploads\\\/2021\\\/10\\\/AMLO_PIO.jpg\",\"keywords\":[\"AMLO\",\"Andr\u00e9s Manuel L\u00f3pez Obrador\",\"INE\",\"Instituto Nacional Electoral\",\"P\u00edo L\u00f3pez Obrador\"],\"articleSection\":[\"NOTICIAS NACIONALES\"],\"inLanguage\":\"es\",\"potentialAction\":[{\"@type\":\"CommentAction\",\"name\":\"Comment\",\"target\":[\"https:\\\/\\\/fuentesfidedignas.com.mx\\\/index.php\\\/2021\\\/10\\\/08\\\/fgr-no-ha-entregado-indagatorias-sobre-pio-lopez-obrador-ine\\\/#respond\"]}]},{\"@type\":\"WebPage\",\"@id\":\"https:\\\/\\\/fuentesfidedignas.com.mx\\\/index.php\\\/2021\\\/10\\\/08\\\/fgr-no-ha-entregado-indagatorias-sobre-pio-lopez-obrador-ine\\\/\",\"url\":\"https:\\\/\\\/fuentesfidedignas.com.mx\\\/index.php\\\/2021\\\/10\\\/08\\\/fgr-no-ha-entregado-indagatorias-sobre-pio-lopez-obrador-ine\\\/\",\"name\":\"FGR no ha entregado indagatorias sobre P\u00edo L\u00f3pez Obrador: INE - Fuentes Fidedignas\",\"isPartOf\":{\"@id\":\"https:\\\/\\\/fuentesfidedignas.com.mx\\\/#website\"},\"primaryImageOfPage\":{\"@id\":\"https:\\\/\\\/fuentesfidedignas.com.mx\\\/index.php\\\/2021\\\/10\\\/08\\\/fgr-no-ha-entregado-indagatorias-sobre-pio-lopez-obrador-ine\\\/#primaryimage\"},\"image\":{\"@id\":\"https:\\\/\\\/fuentesfidedignas.com.mx\\\/index.php\\\/2021\\\/10\\\/08\\\/fgr-no-ha-entregado-indagatorias-sobre-pio-lopez-obrador-ine\\\/#primaryimage\"},\"thumbnailUrl\":\"https:\\\/\\\/fuentesfidedignas.com.mx\\\/wp-content\\\/uploads\\\/2021\\\/10\\\/AMLO_PIO.jpg\",\"datePublished\":\"2021-10-08T20:38:58+00:00\",\"dateModified\":\"2021-10-08T20:39:00+00:00\",\"breadcrumb\":{\"@id\":\"https:\\\/\\\/fuentesfidedignas.com.mx\\\/index.php\\\/2021\\\/10\\\/08\\\/fgr-no-ha-entregado-indagatorias-sobre-pio-lopez-obrador-ine\\\/#breadcrumb\"},\"inLanguage\":\"es\",\"potentialAction\":[{\"@type\":\"ReadAction\",\"target\":[\"https:\\\/\\\/fuentesfidedignas.com.mx\\\/index.php\\\/2021\\\/10\\\/08\\\/fgr-no-ha-entregado-indagatorias-sobre-pio-lopez-obrador-ine\\\/\"]}]},{\"@type\":\"ImageObject\",\"inLanguage\":\"es\",\"@id\":\"https:\\\/\\\/fuentesfidedignas.com.mx\\\/index.php\\\/2021\\\/10\\\/08\\\/fgr-no-ha-entregado-indagatorias-sobre-pio-lopez-obrador-ine\\\/#primaryimage\",\"url\":\"https:\\\/\\\/fuentesfidedignas.com.mx\\\/wp-content\\\/uploads\\\/2021\\\/10\\\/AMLO_PIO.jpg\",\"contentUrl\":\"https:\\\/\\\/fuentesfidedignas.com.mx\\\/wp-content\\\/uploads\\\/2021\\\/10\\\/AMLO_PIO.jpg\",\"width\":768,\"height\":432},{\"@type\":\"BreadcrumbList\",\"@id\":\"https:\\\/\\\/fuentesfidedignas.com.mx\\\/index.php\\\/2021\\\/10\\\/08\\\/fgr-no-ha-entregado-indagatorias-sobre-pio-lopez-obrador-ine\\\/#breadcrumb\",\"itemListElement\":[{\"@type\":\"ListItem\",\"position\":1,\"name\":\"Inicio\",\"item\":\"https:\\\/\\\/fuentesfidedignas.com.mx\\\/\"},{\"@type\":\"ListItem\",\"position\":2,\"name\":\"FGR no ha entregado indagatorias sobre P\u00edo L\u00f3pez Obrador: INE\"}]},{\"@type\":\"WebSite\",\"@id\":\"https:\\\/\\\/fuentesfidedignas.com.mx\\\/#website\",\"url\":\"https:\\\/\\\/fuentesfidedignas.com.mx\\\/\",\"name\":\"Fuentes Fidedignas\",\"description\":\"Otro sitio realizado con WordPress\",\"publisher\":{\"@id\":\"https:\\\/\\\/fuentesfidedignas.com.mx\\\/#organization\"},\"potentialAction\":[{\"@type\":\"SearchAction\",\"target\":{\"@type\":\"EntryPoint\",\"urlTemplate\":\"https:\\\/\\\/fuentesfidedignas.com.mx\\\/?s={search_term_string}\"},\"query-input\":{\"@type\":\"PropertyValueSpecification\",\"valueRequired\":true,\"valueName\":\"search_term_string\"}}],\"inLanguage\":\"es\"},{\"@type\":\"Organization\",\"@id\":\"https:\\\/\\\/fuentesfidedignas.com.mx\\\/#organization\",\"name\":\"Fuentes Fidedignas\",\"url\":\"https:\\\/\\\/fuentesfidedignas.com.mx\\\/\",\"logo\":{\"@type\":\"ImageObject\",\"inLanguage\":\"es\",\"@id\":\"https:\\\/\\\/fuentesfidedignas.com.mx\\\/#\\\/schema\\\/logo\\\/image\\\/\",\"url\":\"https:\\\/\\\/fuentesfidedignas.com.mx\\\/wp-content\\\/uploads\\\/2021\\\/04\\\/logo-retina.png\",\"contentUrl\":\"https:\\\/\\\/fuentesfidedignas.com.mx\\\/wp-content\\\/uploads\\\/2021\\\/04\\\/logo-retina.png\",\"width\":280,\"height\":51,\"caption\":\"Fuentes Fidedignas\"},\"image\":{\"@id\":\"https:\\\/\\\/fuentesfidedignas.com.mx\\\/#\\\/schema\\\/logo\\\/image\\\/\"},\"sameAs\":[\"https:\\\/\\\/www.facebook.com\\\/Fuentes-Fidedignas-368234489921644\",\"https:\\\/\\\/x.com\\\/fidedignas\"]},{\"@type\":\"Person\",\"@id\":\"https:\\\/\\\/fuentesfidedignas.com.mx\\\/#\\\/schema\\\/person\\\/bce747fb6a0b0feefab1e3e7c4e84d2b\",\"name\":\"Vanguardia\",\"image\":{\"@type\":\"ImageObject\",\"inLanguage\":\"es\",\"@id\":\"https:\\\/\\\/secure.gravatar.com\\\/avatar\\\/6d7e1e0fdcdef594fdfc9206070adafb95cd5cd9b47c113cb987d91ee74e35df?s=96&d=mm&r=g\",\"url\":\"https:\\\/\\\/secure.gravatar.com\\\/avatar\\\/6d7e1e0fdcdef594fdfc9206070adafb95cd5cd9b47c113cb987d91ee74e35df?s=96&d=mm&r=g\",\"contentUrl\":\"https:\\\/\\\/secure.gravatar.com\\\/avatar\\\/6d7e1e0fdcdef594fdfc9206070adafb95cd5cd9b47c113cb987d91ee74e35df?s=96&d=mm&r=g\",\"caption\":\"Vanguardia\"},\"url\":\"https:\\\/\\\/fuentesfidedignas.com.mx\\\/index.php\\\/author\\\/vanguardia\\\/\"}]}<\/script>\n<!-- \/ Yoast SEO plugin. -->","yoast_head_json":{"title":"FGR no ha entregado indagatorias sobre P\u00edo L\u00f3pez Obrador: INE - Fuentes Fidedignas","robots":{"index":"index","follow":"follow","max-snippet":"max-snippet:-1","max-image-preview":"max-image-preview:large","max-video-preview":"max-video-preview:-1"},"canonical":"https:\/\/fuentesfidedignas.com.mx\/index.php\/2021\/10\/08\/fgr-no-ha-entregado-indagatorias-sobre-pio-lopez-obrador-ine\/","og_locale":"es_MX","og_type":"article","og_title":"FGR no ha entregado indagatorias sobre P\u00edo L\u00f3pez Obrador: INE - Fuentes Fidedignas","og_description":"En su momento, el presidente L\u00f3pez Obrador asegur\u00f3 que no proteger\u00e1 a su hermano. Si es responsable \u2013subray\u00f3&#8211; debe ser castigado Quer\u00e9taro, Qro.- El consejero presidente del Instituto Nacional Electoral (INE), Lorenzo C\u00f3rdova Vianello, se\u00f1al\u00f3 que por \u201csecreto ministerial\u201d la Fiscal\u00eda General de la Rep\u00fablica (FGR), que encabeza Alejandro Gertz Manero, no les han proporcionado [&hellip;]","og_url":"https:\/\/fuentesfidedignas.com.mx\/index.php\/2021\/10\/08\/fgr-no-ha-entregado-indagatorias-sobre-pio-lopez-obrador-ine\/","og_site_name":"Fuentes Fidedignas","article_publisher":"https:\/\/www.facebook.com\/Fuentes-Fidedignas-368234489921644","article_published_time":"2021-10-08T20:38:58+00:00","article_modified_time":"2021-10-08T20:39:00+00:00","og_image":[{"width":768,"height":432,"url":"https:\/\/fuentesfidedignas.com.mx\/wp-content\/uploads\/2021\/10\/AMLO_PIO.jpg","type":"image\/jpeg"}],"author":"Vanguardia","twitter_card":"summary_large_image","twitter_creator":"@fidedignas","twitter_site":"@fidedignas","twitter_misc":{"Escrito por":"Vanguardia","Tiempo de lectura":"3 minutos"},"schema":{"@context":"https:\/\/schema.org","@graph":[{"@type":"Article","@id":"https:\/\/fuentesfidedignas.com.mx\/index.php\/2021\/10\/08\/fgr-no-ha-entregado-indagatorias-sobre-pio-lopez-obrador-ine\/#article","isPartOf":{"@id":"https:\/\/fuentesfidedignas.com.mx\/index.php\/2021\/10\/08\/fgr-no-ha-entregado-indagatorias-sobre-pio-lopez-obrador-ine\/"},"author":{"name":"Vanguardia","@id":"https:\/\/fuentesfidedignas.com.mx\/#\/schema\/person\/bce747fb6a0b0feefab1e3e7c4e84d2b"},"headline":"FGR no ha entregado indagatorias sobre P\u00edo L\u00f3pez Obrador: INE","datePublished":"2021-10-08T20:38:58+00:00","dateModified":"2021-10-08T20:39:00+00:00","mainEntityOfPage":{"@id":"https:\/\/fuentesfidedignas.com.mx\/index.php\/2021\/10\/08\/fgr-no-ha-entregado-indagatorias-sobre-pio-lopez-obrador-ine\/"},"wordCount":646,"commentCount":0,"publisher":{"@id":"https:\/\/fuentesfidedignas.com.mx\/#organization"},"image":{"@id":"https:\/\/fuentesfidedignas.com.mx\/index.php\/2021\/10\/08\/fgr-no-ha-entregado-indagatorias-sobre-pio-lopez-obrador-ine\/#primaryimage"},"thumbnailUrl":"https:\/\/fuentesfidedignas.com.mx\/wp-content\/uploads\/2021\/10\/AMLO_PIO.jpg","keywords":["AMLO","Andr\u00e9s Manuel L\u00f3pez Obrador","INE","Instituto Nacional Electoral","P\u00edo L\u00f3pez Obrador"],"articleSection":["NOTICIAS NACIONALES"],"inLanguage":"es","potentialAction":[{"@type":"CommentAction","name":"Comment","target":["https:\/\/fuentesfidedignas.com.mx\/index.php\/2021\/10\/08\/fgr-no-ha-entregado-indagatorias-sobre-pio-lopez-obrador-ine\/#respond"]}]},{"@type":"WebPage","@id":"https:\/\/fuentesfidedignas.com.mx\/index.php\/2021\/10\/08\/fgr-no-ha-entregado-indagatorias-sobre-pio-lopez-obrador-ine\/","url":"https:\/\/fuentesfidedignas.com.mx\/index.php\/2021\/10\/08\/fgr-no-ha-entregado-indagatorias-sobre-pio-lopez-obrador-ine\/","name":"FGR no ha entregado indagatorias sobre P\u00edo L\u00f3pez Obrador: INE - Fuentes Fidedignas","isPartOf":{"@id":"https:\/\/fuentesfidedignas.com.mx\/#website"},"primaryImageOfPage":{"@id":"https:\/\/fuentesfidedignas.com.mx\/index.php\/2021\/10\/08\/fgr-no-ha-entregado-indagatorias-sobre-pio-lopez-obrador-ine\/#primaryimage"},"image":{"@id":"https:\/\/fuentesfidedignas.com.mx\/index.php\/2021\/10\/08\/fgr-no-ha-entregado-indagatorias-sobre-pio-lopez-obrador-ine\/#primaryimage"},"thumbnailUrl":"https:\/\/fuentesfidedignas.com.mx\/wp-content\/uploads\/2021\/10\/AMLO_PIO.jpg","datePublished":"2021-10-08T20:38:58+00:00","dateModified":"2021-10-08T20:39:00+00:00","breadcrumb":{"@id":"https:\/\/fuentesfidedignas.com.mx\/index.php\/2021\/10\/08\/fgr-no-ha-entregado-indagatorias-sobre-pio-lopez-obrador-ine\/#breadcrumb"},"inLanguage":"es","potentialAction":[{"@type":"ReadAction","target":["https:\/\/fuentesfidedignas.com.mx\/index.php\/2021\/10\/08\/fgr-no-ha-entregado-indagatorias-sobre-pio-lopez-obrador-ine\/"]}]},{"@type":"ImageObject","inLanguage":"es","@id":"https:\/\/fuentesfidedignas.com.mx\/index.php\/2021\/10\/08\/fgr-no-ha-entregado-indagatorias-sobre-pio-lopez-obrador-ine\/#primaryimage","url":"https:\/\/fuentesfidedignas.com.mx\/wp-content\/uploads\/2021\/10\/AMLO_PIO.jpg","contentUrl":"https:\/\/fuentesfidedignas.com.mx\/wp-content\/uploads\/2021\/10\/AMLO_PIO.jpg","width":768,"height":432},{"@type":"BreadcrumbList","@id":"https:\/\/fuentesfidedignas.com.mx\/index.php\/2021\/10\/08\/fgr-no-ha-entregado-indagatorias-sobre-pio-lopez-obrador-ine\/#breadcrumb","itemListElement":[{"@type":"ListItem","position":1,"name":"Inicio","item":"https:\/\/fuentesfidedignas.com.mx\/"},{"@type":"ListItem","position":2,"name":"FGR no ha entregado indagatorias sobre P\u00edo L\u00f3pez Obrador: INE"}]},{"@type":"WebSite","@id":"https:\/\/fuentesfidedignas.com.mx\/#website","url":"https:\/\/fuentesfidedignas.com.mx\/","name":"Fuentes Fidedignas","description":"Otro sitio realizado con WordPress","publisher":{"@id":"https:\/\/fuentesfidedignas.com.mx\/#organization"},"potentialAction":[{"@type":"SearchAction","target":{"@type":"EntryPoint","urlTemplate":"https:\/\/fuentesfidedignas.com.mx\/?s={search_term_string}"},"query-input":{"@type":"PropertyValueSpecification","valueRequired":true,"valueName":"search_term_string"}}],"inLanguage":"es"},{"@type":"Organization","@id":"https:\/\/fuentesfidedignas.com.mx\/#organization","name":"Fuentes Fidedignas","url":"https:\/\/fuentesfidedignas.com.mx\/","logo":{"@type":"ImageObject","inLanguage":"es","@id":"https:\/\/fuentesfidedignas.com.mx\/#\/schema\/logo\/image\/","url":"https:\/\/fuentesfidedignas.com.mx\/wp-content\/uploads\/2021\/04\/logo-retina.png","contentUrl":"https:\/\/fuentesfidedignas.com.mx\/wp-content\/uploads\/2021\/04\/logo-retina.png","width":280,"height":51,"caption":"Fuentes Fidedignas"},"image":{"@id":"https:\/\/fuentesfidedignas.com.mx\/#\/schema\/logo\/image\/"},"sameAs":["https:\/\/www.facebook.com\/Fuentes-Fidedignas-368234489921644","https:\/\/x.com\/fidedignas"]},{"@type":"Person","@id":"https:\/\/fuentesfidedignas.com.mx\/#\/schema\/person\/bce747fb6a0b0feefab1e3e7c4e84d2b","name":"Vanguardia","image":{"@type":"ImageObject","inLanguage":"es","@id":"https:\/\/secure.gravatar.com\/avatar\/6d7e1e0fdcdef594fdfc9206070adafb95cd5cd9b47c113cb987d91ee74e35df?s=96&d=mm&r=g","url":"https:\/\/secure.gravatar.com\/avatar\/6d7e1e0fdcdef594fdfc9206070adafb95cd5cd9b47c113cb987d91ee74e35df?s=96&d=mm&r=g","contentUrl":"https:\/\/secure.gravatar.com\/avatar\/6d7e1e0fdcdef594fdfc9206070adafb95cd5cd9b47c113cb987d91ee74e35df?s=96&d=mm&r=g","caption":"Vanguardia"},"url":"https:\/\/fuentesfidedignas.com.mx\/index.php\/author\/vanguardia\/"}]}},"_links":{"self":[{"href":"https:\/\/fuentesfidedignas.com.mx\/index.php\/wp-json\/wp\/v2\/posts\/14508","targetHints":{"allow":["GET"]}}],"collection":[{"href":"https:\/\/fuentesfidedignas.com.mx\/index.php\/wp-json\/wp\/v2\/posts"}],"about":[{"href":"https:\/\/fuentesfidedignas.com.mx\/index.php\/wp-json\/wp\/v2\/types\/post"}],"author":[{"embeddable":true,"href":"https:\/\/fuentesfidedignas.com.mx\/index.php\/wp-json\/wp\/v2\/users\/14"}],"replies":[{"embeddable":true,"href":"https:\/\/fuentesfidedignas.com.mx\/index.php\/wp-json\/wp\/v2\/comments?post=14508"}],"version-history":[{"count":1,"href":"https:\/\/fuentesfidedignas.com.mx\/index.php\/wp-json\/wp\/v2\/posts\/14508\/revisions"}],"predecessor-version":[{"id":14510,"href":"https:\/\/fuentesfidedignas.com.mx\/index.php\/wp-json\/wp\/v2\/posts\/14508\/revisions\/14510"}],"wp:featuredmedia":[{"embeddable":true,"href":"https:\/\/fuentesfidedignas.com.mx\/index.php\/wp-json\/wp\/v2\/media\/14509"}],"wp:attachment":[{"href":"https:\/\/fuentesfidedignas.com.mx\/index.php\/wp-json\/wp\/v2\/media?parent=14508"}],"wp:term":[{"taxonomy":"category","embeddable":true,"href":"https:\/\/fuentesfidedignas.com.mx\/index.php\/wp-json\/wp\/v2\/categories?post=14508"},{"taxonomy":"post_tag","embeddable":true,"href":"https:\/\/fuentesfidedignas.com.mx\/index.php\/wp-json\/wp\/v2\/tags?post=14508"}],"curies":[{"name":"wp","href":"https:\/\/api.w.org\/{rel}","templated":true}]}}