{"id":14432,"date":"2021-10-07T18:08:26","date_gmt":"2021-10-08T01:08:26","guid":{"rendered":"https:\/\/fuentesfidedignas.com.mx\/?p=14432"},"modified":"2021-10-07T18:08:44","modified_gmt":"2021-10-08T01:08:44","slug":"monreal-dispuesto-a-modificar-reforma-electrica-para-lograr-consenso","status":"publish","type":"post","link":"https:\/\/fuentesfidedignas.com.mx\/index.php\/2021\/10\/07\/monreal-dispuesto-a-modificar-reforma-electrica-para-lograr-consenso\/","title":{"rendered":"Monreal, dispuesto a modificar reforma el\u00e9ctrica para lograr consenso"},"content":{"rendered":"\n<p><em><strong>Ricardo Monreal, presidente de la Jucopo en el Senado, recomend\u00f3 a los diputados no<\/strong> <strong>precipitarse en aprobar la reforma del presidente.<\/strong><\/em><\/p>\n\n\n\n<p>Ciudad de M\u00e9xico.- El presidente de la Junta de Coordinaci\u00f3n Pol\u00edtica del Senado, Ricardo Monreal, coment\u00f3 que su bancada est\u00e1 dispuesta a modificar la iniciativa de reforma el\u00e9ctrica del presidente Andr\u00e9s Manuel L\u00f3pez Obrador para lograr consensos con el resto de las bancadas.<\/p>\n\n\n\n<p>\u201cA lo mejor no es id\u00e9ntica a la que plantea el presidente, pero de esos se trata: de que los legisladores puedan meterle mano si es necesario, mover nuestras posiciones originales. Esa es la negociaci\u00f3n pol\u00edtica que es indispensable\u201d, afirm\u00f3 al concluir la sesi\u00f3n solemne para la entrega de la Medalla Belisario Dom\u00ednguez.<\/p>\n\n\n\n<p>El senador tambi\u00e9n recomend\u00f3 a los diputados escuchar a los expertos y no precipitarse en aprobarla: \u201cMi recomendaci\u00f3n es escuchar, no precipitarse, no cansarse de dialogar y, si es necesario mejorar o enriquecer la iniciativa presidencial hay que hacerlo para lograr un consenso amplio y evitar la judicializaci\u00f3n nacional e internacional\u201d.<\/p>\n\n\n\n<p>El morenista se\u00f1al\u00f3 que se deber\u00eda respaldar la iniciativa del mandatario federal para \u201ctener la rector\u00eda en materia el\u00e9ctrica\u201d, pero enfatiz\u00f3 que tambi\u00e9n se deben realizar un parlamento abierto para escuchar a los expertos e inversionistas.<\/p>\n\n\n\n<p>\u201cLo que s\u00ed es conveniente es que escuchemos, yo incluso sugerir\u00eda un parlamento abierto en C\u00e1mara de Diputados y que no nos precipitemos (\u2026) Todo noviembre podr\u00edamos estar escuchando voces de expertos, de personas con capacidad y experiencia, de ver los mercados internacionales qu\u00e9 ha pasado, de ver las experiencias en el mundo sobre energ\u00eda el\u00e9ctrica\u201d, declar\u00f3 Monreal.<\/p>\n\n\n\n<p>Actualmente, la iniciativa de reforma el\u00e9ctrica est\u00e1 en San L\u00e1zaro, donde se ha estimado que puede ser votada en diciembre. Los diputados del PRD, PAN y MC ha declarado que votar\u00e1n en contra de esta reforma constitucional, mientras que el PRI a\u00fan no se define; Morena y aliados han asegurado que respaldan el proyecto presidencial.<\/p>\n","protected":false},"excerpt":{"rendered":"<p>Ricardo Monreal, presidente de la Jucopo en el Senado, recomend\u00f3 a los diputados no precipitarse en aprobar la reforma del presidente. Ciudad de M\u00e9xico.- El presidente de la Junta de Coordinaci\u00f3n Pol\u00edtica del Senado, Ricardo Monreal, coment\u00f3 que su bancada est\u00e1 dispuesta a modificar la iniciativa de reforma el\u00e9ctrica del presidente Andr\u00e9s Manuel L\u00f3pez Obrador [&hellip;]<\/p>\n","protected":false},"author":5,"featured_media":14433,"comment_status":"open","ping_status":"open","sticky":false,"template":"","format":"standard","meta":{"tdm_status":"","tdm_grid_status":"","footnotes":""},"categories":[39],"tags":[],"class_list":{"0":"post-14432","1":"post","2":"type-post","3":"status-publish","4":"format-standard","5":"has-post-thumbnail","7":"category-noticias-nacionales"},"yoast_head":"<!-- This site is optimized with the Yoast SEO plugin v27.5 - https:\/\/yoast.com\/product\/yoast-seo-wordpress\/ -->\n<title>Monreal, dispuesto a modificar reforma el\u00e9ctrica para lograr consenso - Fuentes Fidedignas<\/title>\n<meta name=\"robots\" content=\"index, follow, max-snippet:-1, max-image-preview:large, max-video-preview:-1\" \/>\n<link rel=\"canonical\" href=\"https:\/\/fuentesfidedignas.com.mx\/index.php\/2021\/10\/07\/monreal-dispuesto-a-modificar-reforma-electrica-para-lograr-consenso\/\" \/>\n<meta property=\"og:locale\" content=\"es_MX\" \/>\n<meta property=\"og:type\" content=\"article\" \/>\n<meta property=\"og:title\" content=\"Monreal, dispuesto a modificar reforma el\u00e9ctrica para lograr consenso - Fuentes Fidedignas\" \/>\n<meta property=\"og:description\" content=\"Ricardo Monreal, presidente de la Jucopo en el Senado, recomend\u00f3 a los diputados no precipitarse en aprobar la reforma del presidente. Ciudad de M\u00e9xico.- El presidente de la Junta de Coordinaci\u00f3n Pol\u00edtica del Senado, Ricardo Monreal, coment\u00f3 que su bancada est\u00e1 dispuesta a modificar la iniciativa de reforma el\u00e9ctrica del presidente Andr\u00e9s Manuel L\u00f3pez Obrador [&hellip;]\" \/>\n<meta property=\"og:url\" content=\"https:\/\/fuentesfidedignas.com.mx\/index.php\/2021\/10\/07\/monreal-dispuesto-a-modificar-reforma-electrica-para-lograr-consenso\/\" \/>\n<meta property=\"og:site_name\" content=\"Fuentes Fidedignas\" \/>\n<meta property=\"article:publisher\" content=\"https:\/\/www.facebook.com\/Fuentes-Fidedignas-368234489921644\" \/>\n<meta property=\"article:published_time\" content=\"2021-10-08T01:08:26+00:00\" \/>\n<meta property=\"article:modified_time\" content=\"2021-10-08T01:08:44+00:00\" \/>\n<meta property=\"og:image\" content=\"https:\/\/fuentesfidedignas.com.mx\/wp-content\/uploads\/2021\/10\/MONREAL.jpg\" \/>\n\t<meta property=\"og:image:width\" content=\"640\" \/>\n\t<meta property=\"og:image:height\" content=\"360\" \/>\n\t<meta property=\"og:image:type\" content=\"image\/jpeg\" \/>\n<meta name=\"author\" content=\"Forbes\" \/>\n<meta name=\"twitter:card\" content=\"summary_large_image\" \/>\n<meta name=\"twitter:creator\" content=\"@fidedignas\" \/>\n<meta name=\"twitter:site\" content=\"@fidedignas\" \/>\n<meta name=\"twitter:label1\" content=\"Escrito por\" \/>\n\t<meta name=\"twitter:data1\" content=\"Forbes\" \/>\n\t<meta name=\"twitter:label2\" content=\"Tiempo de lectura\" \/>\n\t<meta name=\"twitter:data2\" content=\"2 minutos\" \/>\n<script type=\"application\/ld+json\" class=\"yoast-schema-graph\">{\"@context\":\"https:\\\/\\\/schema.org\",\"@graph\":[{\"@type\":\"Article\",\"@id\":\"https:\\\/\\\/fuentesfidedignas.com.mx\\\/index.php\\\/2021\\\/10\\\/07\\\/monreal-dispuesto-a-modificar-reforma-electrica-para-lograr-consenso\\\/#article\",\"isPartOf\":{\"@id\":\"https:\\\/\\\/fuentesfidedignas.com.mx\\\/index.php\\\/2021\\\/10\\\/07\\\/monreal-dispuesto-a-modificar-reforma-electrica-para-lograr-consenso\\\/\"},\"author\":{\"name\":\"Forbes\",\"@id\":\"https:\\\/\\\/fuentesfidedignas.com.mx\\\/#\\\/schema\\\/person\\\/5623d53fe2e579d825b1679734abcc44\"},\"headline\":\"Monreal, dispuesto a modificar reforma el\u00e9ctrica para lograr consenso\",\"datePublished\":\"2021-10-08T01:08:26+00:00\",\"dateModified\":\"2021-10-08T01:08:44+00:00\",\"mainEntityOfPage\":{\"@id\":\"https:\\\/\\\/fuentesfidedignas.com.mx\\\/index.php\\\/2021\\\/10\\\/07\\\/monreal-dispuesto-a-modificar-reforma-electrica-para-lograr-consenso\\\/\"},\"wordCount\":355,\"commentCount\":0,\"publisher\":{\"@id\":\"https:\\\/\\\/fuentesfidedignas.com.mx\\\/#organization\"},\"image\":{\"@id\":\"https:\\\/\\\/fuentesfidedignas.com.mx\\\/index.php\\\/2021\\\/10\\\/07\\\/monreal-dispuesto-a-modificar-reforma-electrica-para-lograr-consenso\\\/#primaryimage\"},\"thumbnailUrl\":\"https:\\\/\\\/fuentesfidedignas.com.mx\\\/wp-content\\\/uploads\\\/2021\\\/10\\\/MONREAL.jpg\",\"articleSection\":[\"NOTICIAS NACIONALES\"],\"inLanguage\":\"es\",\"potentialAction\":[{\"@type\":\"CommentAction\",\"name\":\"Comment\",\"target\":[\"https:\\\/\\\/fuentesfidedignas.com.mx\\\/index.php\\\/2021\\\/10\\\/07\\\/monreal-dispuesto-a-modificar-reforma-electrica-para-lograr-consenso\\\/#respond\"]}]},{\"@type\":\"WebPage\",\"@id\":\"https:\\\/\\\/fuentesfidedignas.com.mx\\\/index.php\\\/2021\\\/10\\\/07\\\/monreal-dispuesto-a-modificar-reforma-electrica-para-lograr-consenso\\\/\",\"url\":\"https:\\\/\\\/fuentesfidedignas.com.mx\\\/index.php\\\/2021\\\/10\\\/07\\\/monreal-dispuesto-a-modificar-reforma-electrica-para-lograr-consenso\\\/\",\"name\":\"Monreal, dispuesto a modificar reforma el\u00e9ctrica para lograr consenso - Fuentes Fidedignas\",\"isPartOf\":{\"@id\":\"https:\\\/\\\/fuentesfidedignas.com.mx\\\/#website\"},\"primaryImageOfPage\":{\"@id\":\"https:\\\/\\\/fuentesfidedignas.com.mx\\\/index.php\\\/2021\\\/10\\\/07\\\/monreal-dispuesto-a-modificar-reforma-electrica-para-lograr-consenso\\\/#primaryimage\"},\"image\":{\"@id\":\"https:\\\/\\\/fuentesfidedignas.com.mx\\\/index.php\\\/2021\\\/10\\\/07\\\/monreal-dispuesto-a-modificar-reforma-electrica-para-lograr-consenso\\\/#primaryimage\"},\"thumbnailUrl\":\"https:\\\/\\\/fuentesfidedignas.com.mx\\\/wp-content\\\/uploads\\\/2021\\\/10\\\/MONREAL.jpg\",\"datePublished\":\"2021-10-08T01:08:26+00:00\",\"dateModified\":\"2021-10-08T01:08:44+00:00\",\"breadcrumb\":{\"@id\":\"https:\\\/\\\/fuentesfidedignas.com.mx\\\/index.php\\\/2021\\\/10\\\/07\\\/monreal-dispuesto-a-modificar-reforma-electrica-para-lograr-consenso\\\/#breadcrumb\"},\"inLanguage\":\"es\",\"potentialAction\":[{\"@type\":\"ReadAction\",\"target\":[\"https:\\\/\\\/fuentesfidedignas.com.mx\\\/index.php\\\/2021\\\/10\\\/07\\\/monreal-dispuesto-a-modificar-reforma-electrica-para-lograr-consenso\\\/\"]}]},{\"@type\":\"ImageObject\",\"inLanguage\":\"es\",\"@id\":\"https:\\\/\\\/fuentesfidedignas.com.mx\\\/index.php\\\/2021\\\/10\\\/07\\\/monreal-dispuesto-a-modificar-reforma-electrica-para-lograr-consenso\\\/#primaryimage\",\"url\":\"https:\\\/\\\/fuentesfidedignas.com.mx\\\/wp-content\\\/uploads\\\/2021\\\/10\\\/MONREAL.jpg\",\"contentUrl\":\"https:\\\/\\\/fuentesfidedignas.com.mx\\\/wp-content\\\/uploads\\\/2021\\\/10\\\/MONREAL.jpg\",\"width\":640,\"height\":360},{\"@type\":\"BreadcrumbList\",\"@id\":\"https:\\\/\\\/fuentesfidedignas.com.mx\\\/index.php\\\/2021\\\/10\\\/07\\\/monreal-dispuesto-a-modificar-reforma-electrica-para-lograr-consenso\\\/#breadcrumb\",\"itemListElement\":[{\"@type\":\"ListItem\",\"position\":1,\"name\":\"Inicio\",\"item\":\"https:\\\/\\\/fuentesfidedignas.com.mx\\\/\"},{\"@type\":\"ListItem\",\"position\":2,\"name\":\"Monreal, dispuesto a modificar reforma el\u00e9ctrica para lograr consenso\"}]},{\"@type\":\"WebSite\",\"@id\":\"https:\\\/\\\/fuentesfidedignas.com.mx\\\/#website\",\"url\":\"https:\\\/\\\/fuentesfidedignas.com.mx\\\/\",\"name\":\"Fuentes Fidedignas\",\"description\":\"Otro sitio realizado con WordPress\",\"publisher\":{\"@id\":\"https:\\\/\\\/fuentesfidedignas.com.mx\\\/#organization\"},\"potentialAction\":[{\"@type\":\"SearchAction\",\"target\":{\"@type\":\"EntryPoint\",\"urlTemplate\":\"https:\\\/\\\/fuentesfidedignas.com.mx\\\/?s={search_term_string}\"},\"query-input\":{\"@type\":\"PropertyValueSpecification\",\"valueRequired\":true,\"valueName\":\"search_term_string\"}}],\"inLanguage\":\"es\"},{\"@type\":\"Organization\",\"@id\":\"https:\\\/\\\/fuentesfidedignas.com.mx\\\/#organization\",\"name\":\"Fuentes Fidedignas\",\"url\":\"https:\\\/\\\/fuentesfidedignas.com.mx\\\/\",\"logo\":{\"@type\":\"ImageObject\",\"inLanguage\":\"es\",\"@id\":\"https:\\\/\\\/fuentesfidedignas.com.mx\\\/#\\\/schema\\\/logo\\\/image\\\/\",\"url\":\"https:\\\/\\\/fuentesfidedignas.com.mx\\\/wp-content\\\/uploads\\\/2021\\\/04\\\/logo-retina.png\",\"contentUrl\":\"https:\\\/\\\/fuentesfidedignas.com.mx\\\/wp-content\\\/uploads\\\/2021\\\/04\\\/logo-retina.png\",\"width\":280,\"height\":51,\"caption\":\"Fuentes Fidedignas\"},\"image\":{\"@id\":\"https:\\\/\\\/fuentesfidedignas.com.mx\\\/#\\\/schema\\\/logo\\\/image\\\/\"},\"sameAs\":[\"https:\\\/\\\/www.facebook.com\\\/Fuentes-Fidedignas-368234489921644\",\"https:\\\/\\\/x.com\\\/fidedignas\"]},{\"@type\":\"Person\",\"@id\":\"https:\\\/\\\/fuentesfidedignas.com.mx\\\/#\\\/schema\\\/person\\\/5623d53fe2e579d825b1679734abcc44\",\"name\":\"Forbes\",\"image\":{\"@type\":\"ImageObject\",\"inLanguage\":\"es\",\"@id\":\"https:\\\/\\\/secure.gravatar.com\\\/avatar\\\/87ce3dd4e41e60c22a79c758614f01a6bc2469255fc936ec7b15efb9bb5cb66f?s=96&d=mm&r=g\",\"url\":\"https:\\\/\\\/secure.gravatar.com\\\/avatar\\\/87ce3dd4e41e60c22a79c758614f01a6bc2469255fc936ec7b15efb9bb5cb66f?s=96&d=mm&r=g\",\"contentUrl\":\"https:\\\/\\\/secure.gravatar.com\\\/avatar\\\/87ce3dd4e41e60c22a79c758614f01a6bc2469255fc936ec7b15efb9bb5cb66f?s=96&d=mm&r=g\",\"caption\":\"Forbes\"},\"url\":\"https:\\\/\\\/fuentesfidedignas.com.mx\\\/index.php\\\/author\\\/forbes\\\/\"}]}<\/script>\n<!-- \/ Yoast SEO plugin. -->","yoast_head_json":{"title":"Monreal, dispuesto a modificar reforma el\u00e9ctrica para lograr consenso - Fuentes Fidedignas","robots":{"index":"index","follow":"follow","max-snippet":"max-snippet:-1","max-image-preview":"max-image-preview:large","max-video-preview":"max-video-preview:-1"},"canonical":"https:\/\/fuentesfidedignas.com.mx\/index.php\/2021\/10\/07\/monreal-dispuesto-a-modificar-reforma-electrica-para-lograr-consenso\/","og_locale":"es_MX","og_type":"article","og_title":"Monreal, dispuesto a modificar reforma el\u00e9ctrica para lograr consenso - Fuentes Fidedignas","og_description":"Ricardo Monreal, presidente de la Jucopo en el Senado, recomend\u00f3 a los diputados no precipitarse en aprobar la reforma del presidente. Ciudad de M\u00e9xico.- El presidente de la Junta de Coordinaci\u00f3n Pol\u00edtica del Senado, Ricardo Monreal, coment\u00f3 que su bancada est\u00e1 dispuesta a modificar la iniciativa de reforma el\u00e9ctrica del presidente Andr\u00e9s Manuel L\u00f3pez Obrador [&hellip;]","og_url":"https:\/\/fuentesfidedignas.com.mx\/index.php\/2021\/10\/07\/monreal-dispuesto-a-modificar-reforma-electrica-para-lograr-consenso\/","og_site_name":"Fuentes Fidedignas","article_publisher":"https:\/\/www.facebook.com\/Fuentes-Fidedignas-368234489921644","article_published_time":"2021-10-08T01:08:26+00:00","article_modified_time":"2021-10-08T01:08:44+00:00","og_image":[{"width":640,"height":360,"url":"https:\/\/fuentesfidedignas.com.mx\/wp-content\/uploads\/2021\/10\/MONREAL.jpg","type":"image\/jpeg"}],"author":"Forbes","twitter_card":"summary_large_image","twitter_creator":"@fidedignas","twitter_site":"@fidedignas","twitter_misc":{"Escrito por":"Forbes","Tiempo de lectura":"2 minutos"},"schema":{"@context":"https:\/\/schema.org","@graph":[{"@type":"Article","@id":"https:\/\/fuentesfidedignas.com.mx\/index.php\/2021\/10\/07\/monreal-dispuesto-a-modificar-reforma-electrica-para-lograr-consenso\/#article","isPartOf":{"@id":"https:\/\/fuentesfidedignas.com.mx\/index.php\/2021\/10\/07\/monreal-dispuesto-a-modificar-reforma-electrica-para-lograr-consenso\/"},"author":{"name":"Forbes","@id":"https:\/\/fuentesfidedignas.com.mx\/#\/schema\/person\/5623d53fe2e579d825b1679734abcc44"},"headline":"Monreal, dispuesto a modificar reforma el\u00e9ctrica para lograr consenso","datePublished":"2021-10-08T01:08:26+00:00","dateModified":"2021-10-08T01:08:44+00:00","mainEntityOfPage":{"@id":"https:\/\/fuentesfidedignas.com.mx\/index.php\/2021\/10\/07\/monreal-dispuesto-a-modificar-reforma-electrica-para-lograr-consenso\/"},"wordCount":355,"commentCount":0,"publisher":{"@id":"https:\/\/fuentesfidedignas.com.mx\/#organization"},"image":{"@id":"https:\/\/fuentesfidedignas.com.mx\/index.php\/2021\/10\/07\/monreal-dispuesto-a-modificar-reforma-electrica-para-lograr-consenso\/#primaryimage"},"thumbnailUrl":"https:\/\/fuentesfidedignas.com.mx\/wp-content\/uploads\/2021\/10\/MONREAL.jpg","articleSection":["NOTICIAS NACIONALES"],"inLanguage":"es","potentialAction":[{"@type":"CommentAction","name":"Comment","target":["https:\/\/fuentesfidedignas.com.mx\/index.php\/2021\/10\/07\/monreal-dispuesto-a-modificar-reforma-electrica-para-lograr-consenso\/#respond"]}]},{"@type":"WebPage","@id":"https:\/\/fuentesfidedignas.com.mx\/index.php\/2021\/10\/07\/monreal-dispuesto-a-modificar-reforma-electrica-para-lograr-consenso\/","url":"https:\/\/fuentesfidedignas.com.mx\/index.php\/2021\/10\/07\/monreal-dispuesto-a-modificar-reforma-electrica-para-lograr-consenso\/","name":"Monreal, dispuesto a modificar reforma el\u00e9ctrica para lograr consenso - Fuentes Fidedignas","isPartOf":{"@id":"https:\/\/fuentesfidedignas.com.mx\/#website"},"primaryImageOfPage":{"@id":"https:\/\/fuentesfidedignas.com.mx\/index.php\/2021\/10\/07\/monreal-dispuesto-a-modificar-reforma-electrica-para-lograr-consenso\/#primaryimage"},"image":{"@id":"https:\/\/fuentesfidedignas.com.mx\/index.php\/2021\/10\/07\/monreal-dispuesto-a-modificar-reforma-electrica-para-lograr-consenso\/#primaryimage"},"thumbnailUrl":"https:\/\/fuentesfidedignas.com.mx\/wp-content\/uploads\/2021\/10\/MONREAL.jpg","datePublished":"2021-10-08T01:08:26+00:00","dateModified":"2021-10-08T01:08:44+00:00","breadcrumb":{"@id":"https:\/\/fuentesfidedignas.com.mx\/index.php\/2021\/10\/07\/monreal-dispuesto-a-modificar-reforma-electrica-para-lograr-consenso\/#breadcrumb"},"inLanguage":"es","potentialAction":[{"@type":"ReadAction","target":["https:\/\/fuentesfidedignas.com.mx\/index.php\/2021\/10\/07\/monreal-dispuesto-a-modificar-reforma-electrica-para-lograr-consenso\/"]}]},{"@type":"ImageObject","inLanguage":"es","@id":"https:\/\/fuentesfidedignas.com.mx\/index.php\/2021\/10\/07\/monreal-dispuesto-a-modificar-reforma-electrica-para-lograr-consenso\/#primaryimage","url":"https:\/\/fuentesfidedignas.com.mx\/wp-content\/uploads\/2021\/10\/MONREAL.jpg","contentUrl":"https:\/\/fuentesfidedignas.com.mx\/wp-content\/uploads\/2021\/10\/MONREAL.jpg","width":640,"height":360},{"@type":"BreadcrumbList","@id":"https:\/\/fuentesfidedignas.com.mx\/index.php\/2021\/10\/07\/monreal-dispuesto-a-modificar-reforma-electrica-para-lograr-consenso\/#breadcrumb","itemListElement":[{"@type":"ListItem","position":1,"name":"Inicio","item":"https:\/\/fuentesfidedignas.com.mx\/"},{"@type":"ListItem","position":2,"name":"Monreal, dispuesto a modificar reforma el\u00e9ctrica para lograr consenso"}]},{"@type":"WebSite","@id":"https:\/\/fuentesfidedignas.com.mx\/#website","url":"https:\/\/fuentesfidedignas.com.mx\/","name":"Fuentes Fidedignas","description":"Otro sitio realizado con WordPress","publisher":{"@id":"https:\/\/fuentesfidedignas.com.mx\/#organization"},"potentialAction":[{"@type":"SearchAction","target":{"@type":"EntryPoint","urlTemplate":"https:\/\/fuentesfidedignas.com.mx\/?s={search_term_string}"},"query-input":{"@type":"PropertyValueSpecification","valueRequired":true,"valueName":"search_term_string"}}],"inLanguage":"es"},{"@type":"Organization","@id":"https:\/\/fuentesfidedignas.com.mx\/#organization","name":"Fuentes Fidedignas","url":"https:\/\/fuentesfidedignas.com.mx\/","logo":{"@type":"ImageObject","inLanguage":"es","@id":"https:\/\/fuentesfidedignas.com.mx\/#\/schema\/logo\/image\/","url":"https:\/\/fuentesfidedignas.com.mx\/wp-content\/uploads\/2021\/04\/logo-retina.png","contentUrl":"https:\/\/fuentesfidedignas.com.mx\/wp-content\/uploads\/2021\/04\/logo-retina.png","width":280,"height":51,"caption":"Fuentes Fidedignas"},"image":{"@id":"https:\/\/fuentesfidedignas.com.mx\/#\/schema\/logo\/image\/"},"sameAs":["https:\/\/www.facebook.com\/Fuentes-Fidedignas-368234489921644","https:\/\/x.com\/fidedignas"]},{"@type":"Person","@id":"https:\/\/fuentesfidedignas.com.mx\/#\/schema\/person\/5623d53fe2e579d825b1679734abcc44","name":"Forbes","image":{"@type":"ImageObject","inLanguage":"es","@id":"https:\/\/secure.gravatar.com\/avatar\/87ce3dd4e41e60c22a79c758614f01a6bc2469255fc936ec7b15efb9bb5cb66f?s=96&d=mm&r=g","url":"https:\/\/secure.gravatar.com\/avatar\/87ce3dd4e41e60c22a79c758614f01a6bc2469255fc936ec7b15efb9bb5cb66f?s=96&d=mm&r=g","contentUrl":"https:\/\/secure.gravatar.com\/avatar\/87ce3dd4e41e60c22a79c758614f01a6bc2469255fc936ec7b15efb9bb5cb66f?s=96&d=mm&r=g","caption":"Forbes"},"url":"https:\/\/fuentesfidedignas.com.mx\/index.php\/author\/forbes\/"}]}},"_links":{"self":[{"href":"https:\/\/fuentesfidedignas.com.mx\/index.php\/wp-json\/wp\/v2\/posts\/14432","targetHints":{"allow":["GET"]}}],"collection":[{"href":"https:\/\/fuentesfidedignas.com.mx\/index.php\/wp-json\/wp\/v2\/posts"}],"about":[{"href":"https:\/\/fuentesfidedignas.com.mx\/index.php\/wp-json\/wp\/v2\/types\/post"}],"author":[{"embeddable":true,"href":"https:\/\/fuentesfidedignas.com.mx\/index.php\/wp-json\/wp\/v2\/users\/5"}],"replies":[{"embeddable":true,"href":"https:\/\/fuentesfidedignas.com.mx\/index.php\/wp-json\/wp\/v2\/comments?post=14432"}],"version-history":[{"count":1,"href":"https:\/\/fuentesfidedignas.com.mx\/index.php\/wp-json\/wp\/v2\/posts\/14432\/revisions"}],"predecessor-version":[{"id":14434,"href":"https:\/\/fuentesfidedignas.com.mx\/index.php\/wp-json\/wp\/v2\/posts\/14432\/revisions\/14434"}],"wp:featuredmedia":[{"embeddable":true,"href":"https:\/\/fuentesfidedignas.com.mx\/index.php\/wp-json\/wp\/v2\/media\/14433"}],"wp:attachment":[{"href":"https:\/\/fuentesfidedignas.com.mx\/index.php\/wp-json\/wp\/v2\/media?parent=14432"}],"wp:term":[{"taxonomy":"category","embeddable":true,"href":"https:\/\/fuentesfidedignas.com.mx\/index.php\/wp-json\/wp\/v2\/categories?post=14432"},{"taxonomy":"post_tag","embeddable":true,"href":"https:\/\/fuentesfidedignas.com.mx\/index.php\/wp-json\/wp\/v2\/tags?post=14432"}],"curies":[{"name":"wp","href":"https:\/\/api.w.org\/{rel}","templated":true}]}}