{"id":14382,"date":"2021-10-07T11:09:57","date_gmt":"2021-10-07T18:09:57","guid":{"rendered":"https:\/\/fuentesfidedignas.com.mx\/?p=14382"},"modified":"2021-10-07T11:10:00","modified_gmt":"2021-10-07T18:10:00","slug":"pfizer-pide-autorizacion-a-la-fda-de-uso-de-vacuna-anticovid-en-ninos-de-5-a-11-anos","status":"publish","type":"post","link":"https:\/\/fuentesfidedignas.com.mx\/index.php\/2021\/10\/07\/pfizer-pide-autorizacion-a-la-fda-de-uso-de-vacuna-anticovid-en-ninos-de-5-a-11-anos\/","title":{"rendered":"Pfizer pide autorizaci\u00f3n a la FDA de uso de vacuna anticovid en ni\u00f1os de 5 a 11 a\u00f1os"},"content":{"rendered":"\n<p><strong><em>Las pruebas de Pfizer indican que su vacuna contra Covid-19 es segura para los ni\u00f1os de 5 a 11 a\u00f1os; busca que est\u00e9 disponible para noviembre<\/em><\/strong><\/p>\n\n\n\n<p>Estados Unidos.- Pfizer solicit\u00f3 este jueves formalmente a la Administraci\u00f3n de F\u00e1rmacos y Alimentos de Estados Unidos (FDA, por sus siglas en ingl\u00e9s) la autorizaci\u00f3n para el uso de emergencia de su vacuna contra la covid-19 en ni\u00f1os de 5 a 11 a\u00f1os.<\/p>\n\n\n\n<p>En su cuenta de Twitter, Pfizer confirma que ha hecho esta solicitud para la autorizaci\u00f3n.<\/p>\n\n\n\n<figure class=\"wp-block-embed is-type-rich is-provider-twitter wp-block-embed-twitter\"><div class=\"wp-block-embed__wrapper\">\n<blockquote class=\"twitter-tweet\" data-width=\"550\" data-dnt=\"true\"><p lang=\"en\" dir=\"ltr\">UPDATE: We and <a href=\"https:\/\/twitter.com\/BioNTech_Group?ref_src=twsrc%5Etfw\">@BioNTech_Group<\/a> officially submitted our request to <a href=\"https:\/\/twitter.com\/US_FDA?ref_src=twsrc%5Etfw\">@US_FDA<\/a> for Emergency Use Authorization (EUA) of our <a href=\"https:\/\/twitter.com\/hashtag\/COVID19?src=hash&amp;ref_src=twsrc%5Etfw\">#COVID19<\/a> vaccine in children 5 to &lt;12. <a href=\"https:\/\/t.co\/72Z2HXlkOx\">pic.twitter.com\/72Z2HXlkOx<\/a><\/p>&mdash; Pfizer Inc. (@pfizer) <a href=\"https:\/\/twitter.com\/pfizer\/status\/1446082946335715334?ref_src=twsrc%5Etfw\">October 7, 2021<\/a><\/blockquote><script async src=\"https:\/\/platform.twitter.com\/widgets.js\" charset=\"utf-8\"><\/script>\n<\/div><\/figure>\n\n\n\n<p>Hasta el momento la FDA s\u00f3lo autoriza el uso de esta vacuna a partir de los 12 a\u00f1os.<\/p>\n\n\n\n<p>La pasada semana, el cirujano general de EU (el principal responsable de la salud p\u00fablica del pa\u00eds), Vivek Murthy, asegur\u00f3 que las vacunas para los ni\u00f1os entre cinco y once a\u00f1os \u201cest\u00e1n ya en el horizonte\u201d.<\/p>\n\n\n\n<p>Las farmac\u00e9uticas Pfizer y BioNTech anunciaron hace diez d\u00edas que los resultados de las \u00faltimas pruebas cl\u00ednicas han generado una \u201crobusta\u201d respuesta de anticuerpos y que la vacuna es segura, lo que acerca la posibilidad de un suero infantil disponible para finales de octubre o principios de noviembre.<\/p>\n\n\n\n<p>Tras presentar esta solicitud, ahora los los organismos reguladores -la FDA y los Centros de Control de Enfermedades (CDC)- deber\u00e1n revisar la petici\u00f3n antes de darle luz verde.<\/p>\n","protected":false},"excerpt":{"rendered":"<p>Las pruebas de Pfizer indican que su vacuna contra Covid-19 es segura para los ni\u00f1os de 5 a 11 a\u00f1os; busca que est\u00e9 disponible para noviembre Estados Unidos.- Pfizer solicit\u00f3 este jueves formalmente a la Administraci\u00f3n de F\u00e1rmacos y Alimentos de Estados Unidos (FDA, por sus siglas en ingl\u00e9s) la autorizaci\u00f3n para el uso de [&hellip;]<\/p>\n","protected":false},"author":5,"featured_media":14383,"comment_status":"open","ping_status":"open","sticky":false,"template":"","format":"standard","meta":{"tdm_status":"","tdm_grid_status":"","footnotes":""},"categories":[39],"tags":[],"class_list":{"0":"post-14382","1":"post","2":"type-post","3":"status-publish","4":"format-standard","5":"has-post-thumbnail","7":"category-noticias-nacionales"},"yoast_head":"<!-- This site is optimized with the Yoast SEO plugin v27.5 - https:\/\/yoast.com\/product\/yoast-seo-wordpress\/ -->\n<title>Pfizer pide autorizaci\u00f3n a la FDA de uso de vacuna anticovid en ni\u00f1os de 5 a 11 a\u00f1os - Fuentes Fidedignas<\/title>\n<meta name=\"robots\" content=\"index, follow, max-snippet:-1, max-image-preview:large, max-video-preview:-1\" \/>\n<link rel=\"canonical\" href=\"https:\/\/fuentesfidedignas.com.mx\/index.php\/2021\/10\/07\/pfizer-pide-autorizacion-a-la-fda-de-uso-de-vacuna-anticovid-en-ninos-de-5-a-11-anos\/\" \/>\n<meta property=\"og:locale\" content=\"es_MX\" \/>\n<meta property=\"og:type\" content=\"article\" \/>\n<meta property=\"og:title\" content=\"Pfizer pide autorizaci\u00f3n a la FDA de uso de vacuna anticovid en ni\u00f1os de 5 a 11 a\u00f1os - Fuentes Fidedignas\" \/>\n<meta property=\"og:description\" content=\"Las pruebas de Pfizer indican que su vacuna contra Covid-19 es segura para los ni\u00f1os de 5 a 11 a\u00f1os; busca que est\u00e9 disponible para noviembre Estados Unidos.- Pfizer solicit\u00f3 este jueves formalmente a la Administraci\u00f3n de F\u00e1rmacos y Alimentos de Estados Unidos (FDA, por sus siglas en ingl\u00e9s) la autorizaci\u00f3n para el uso de [&hellip;]\" \/>\n<meta property=\"og:url\" content=\"https:\/\/fuentesfidedignas.com.mx\/index.php\/2021\/10\/07\/pfizer-pide-autorizacion-a-la-fda-de-uso-de-vacuna-anticovid-en-ninos-de-5-a-11-anos\/\" \/>\n<meta property=\"og:site_name\" content=\"Fuentes Fidedignas\" \/>\n<meta property=\"article:publisher\" content=\"https:\/\/www.facebook.com\/Fuentes-Fidedignas-368234489921644\" \/>\n<meta property=\"article:published_time\" content=\"2021-10-07T18:09:57+00:00\" \/>\n<meta property=\"article:modified_time\" content=\"2021-10-07T18:10:00+00:00\" \/>\n<meta property=\"og:image\" content=\"https:\/\/fuentesfidedignas.com.mx\/wp-content\/uploads\/2021\/10\/vacuna-pfizer-768x432-1.jpg\" \/>\n\t<meta property=\"og:image:width\" content=\"768\" \/>\n\t<meta property=\"og:image:height\" content=\"432\" \/>\n\t<meta property=\"og:image:type\" content=\"image\/jpeg\" \/>\n<meta name=\"author\" content=\"Forbes\" \/>\n<meta name=\"twitter:card\" content=\"summary_large_image\" \/>\n<meta name=\"twitter:creator\" content=\"@fidedignas\" \/>\n<meta name=\"twitter:site\" content=\"@fidedignas\" \/>\n<meta name=\"twitter:label1\" content=\"Escrito por\" \/>\n\t<meta name=\"twitter:data1\" content=\"Forbes\" \/>\n\t<meta name=\"twitter:label2\" content=\"Tiempo de lectura\" \/>\n\t<meta name=\"twitter:data2\" content=\"1 minuto\" \/>\n<script type=\"application\/ld+json\" class=\"yoast-schema-graph\">{\"@context\":\"https:\\\/\\\/schema.org\",\"@graph\":[{\"@type\":\"Article\",\"@id\":\"https:\\\/\\\/fuentesfidedignas.com.mx\\\/index.php\\\/2021\\\/10\\\/07\\\/pfizer-pide-autorizacion-a-la-fda-de-uso-de-vacuna-anticovid-en-ninos-de-5-a-11-anos\\\/#article\",\"isPartOf\":{\"@id\":\"https:\\\/\\\/fuentesfidedignas.com.mx\\\/index.php\\\/2021\\\/10\\\/07\\\/pfizer-pide-autorizacion-a-la-fda-de-uso-de-vacuna-anticovid-en-ninos-de-5-a-11-anos\\\/\"},\"author\":{\"name\":\"Forbes\",\"@id\":\"https:\\\/\\\/fuentesfidedignas.com.mx\\\/#\\\/schema\\\/person\\\/5623d53fe2e579d825b1679734abcc44\"},\"headline\":\"Pfizer pide autorizaci\u00f3n a la FDA de uso de vacuna anticovid en ni\u00f1os de 5 a 11 a\u00f1os\",\"datePublished\":\"2021-10-07T18:09:57+00:00\",\"dateModified\":\"2021-10-07T18:10:00+00:00\",\"mainEntityOfPage\":{\"@id\":\"https:\\\/\\\/fuentesfidedignas.com.mx\\\/index.php\\\/2021\\\/10\\\/07\\\/pfizer-pide-autorizacion-a-la-fda-de-uso-de-vacuna-anticovid-en-ninos-de-5-a-11-anos\\\/\"},\"wordCount\":263,\"commentCount\":0,\"publisher\":{\"@id\":\"https:\\\/\\\/fuentesfidedignas.com.mx\\\/#organization\"},\"image\":{\"@id\":\"https:\\\/\\\/fuentesfidedignas.com.mx\\\/index.php\\\/2021\\\/10\\\/07\\\/pfizer-pide-autorizacion-a-la-fda-de-uso-de-vacuna-anticovid-en-ninos-de-5-a-11-anos\\\/#primaryimage\"},\"thumbnailUrl\":\"https:\\\/\\\/fuentesfidedignas.com.mx\\\/wp-content\\\/uploads\\\/2021\\\/10\\\/vacuna-pfizer-768x432-1.jpg\",\"articleSection\":[\"NOTICIAS NACIONALES\"],\"inLanguage\":\"es\",\"potentialAction\":[{\"@type\":\"CommentAction\",\"name\":\"Comment\",\"target\":[\"https:\\\/\\\/fuentesfidedignas.com.mx\\\/index.php\\\/2021\\\/10\\\/07\\\/pfizer-pide-autorizacion-a-la-fda-de-uso-de-vacuna-anticovid-en-ninos-de-5-a-11-anos\\\/#respond\"]}]},{\"@type\":\"WebPage\",\"@id\":\"https:\\\/\\\/fuentesfidedignas.com.mx\\\/index.php\\\/2021\\\/10\\\/07\\\/pfizer-pide-autorizacion-a-la-fda-de-uso-de-vacuna-anticovid-en-ninos-de-5-a-11-anos\\\/\",\"url\":\"https:\\\/\\\/fuentesfidedignas.com.mx\\\/index.php\\\/2021\\\/10\\\/07\\\/pfizer-pide-autorizacion-a-la-fda-de-uso-de-vacuna-anticovid-en-ninos-de-5-a-11-anos\\\/\",\"name\":\"Pfizer pide autorizaci\u00f3n a la FDA de uso de vacuna anticovid en ni\u00f1os de 5 a 11 a\u00f1os - Fuentes Fidedignas\",\"isPartOf\":{\"@id\":\"https:\\\/\\\/fuentesfidedignas.com.mx\\\/#website\"},\"primaryImageOfPage\":{\"@id\":\"https:\\\/\\\/fuentesfidedignas.com.mx\\\/index.php\\\/2021\\\/10\\\/07\\\/pfizer-pide-autorizacion-a-la-fda-de-uso-de-vacuna-anticovid-en-ninos-de-5-a-11-anos\\\/#primaryimage\"},\"image\":{\"@id\":\"https:\\\/\\\/fuentesfidedignas.com.mx\\\/index.php\\\/2021\\\/10\\\/07\\\/pfizer-pide-autorizacion-a-la-fda-de-uso-de-vacuna-anticovid-en-ninos-de-5-a-11-anos\\\/#primaryimage\"},\"thumbnailUrl\":\"https:\\\/\\\/fuentesfidedignas.com.mx\\\/wp-content\\\/uploads\\\/2021\\\/10\\\/vacuna-pfizer-768x432-1.jpg\",\"datePublished\":\"2021-10-07T18:09:57+00:00\",\"dateModified\":\"2021-10-07T18:10:00+00:00\",\"breadcrumb\":{\"@id\":\"https:\\\/\\\/fuentesfidedignas.com.mx\\\/index.php\\\/2021\\\/10\\\/07\\\/pfizer-pide-autorizacion-a-la-fda-de-uso-de-vacuna-anticovid-en-ninos-de-5-a-11-anos\\\/#breadcrumb\"},\"inLanguage\":\"es\",\"potentialAction\":[{\"@type\":\"ReadAction\",\"target\":[\"https:\\\/\\\/fuentesfidedignas.com.mx\\\/index.php\\\/2021\\\/10\\\/07\\\/pfizer-pide-autorizacion-a-la-fda-de-uso-de-vacuna-anticovid-en-ninos-de-5-a-11-anos\\\/\"]}]},{\"@type\":\"ImageObject\",\"inLanguage\":\"es\",\"@id\":\"https:\\\/\\\/fuentesfidedignas.com.mx\\\/index.php\\\/2021\\\/10\\\/07\\\/pfizer-pide-autorizacion-a-la-fda-de-uso-de-vacuna-anticovid-en-ninos-de-5-a-11-anos\\\/#primaryimage\",\"url\":\"https:\\\/\\\/fuentesfidedignas.com.mx\\\/wp-content\\\/uploads\\\/2021\\\/10\\\/vacuna-pfizer-768x432-1.jpg\",\"contentUrl\":\"https:\\\/\\\/fuentesfidedignas.com.mx\\\/wp-content\\\/uploads\\\/2021\\\/10\\\/vacuna-pfizer-768x432-1.jpg\",\"width\":768,\"height\":432},{\"@type\":\"BreadcrumbList\",\"@id\":\"https:\\\/\\\/fuentesfidedignas.com.mx\\\/index.php\\\/2021\\\/10\\\/07\\\/pfizer-pide-autorizacion-a-la-fda-de-uso-de-vacuna-anticovid-en-ninos-de-5-a-11-anos\\\/#breadcrumb\",\"itemListElement\":[{\"@type\":\"ListItem\",\"position\":1,\"name\":\"Inicio\",\"item\":\"https:\\\/\\\/fuentesfidedignas.com.mx\\\/\"},{\"@type\":\"ListItem\",\"position\":2,\"name\":\"Pfizer pide autorizaci\u00f3n a la FDA de uso de vacuna anticovid en ni\u00f1os de 5 a 11 a\u00f1os\"}]},{\"@type\":\"WebSite\",\"@id\":\"https:\\\/\\\/fuentesfidedignas.com.mx\\\/#website\",\"url\":\"https:\\\/\\\/fuentesfidedignas.com.mx\\\/\",\"name\":\"Fuentes Fidedignas\",\"description\":\"Otro sitio realizado con WordPress\",\"publisher\":{\"@id\":\"https:\\\/\\\/fuentesfidedignas.com.mx\\\/#organization\"},\"potentialAction\":[{\"@type\":\"SearchAction\",\"target\":{\"@type\":\"EntryPoint\",\"urlTemplate\":\"https:\\\/\\\/fuentesfidedignas.com.mx\\\/?s={search_term_string}\"},\"query-input\":{\"@type\":\"PropertyValueSpecification\",\"valueRequired\":true,\"valueName\":\"search_term_string\"}}],\"inLanguage\":\"es\"},{\"@type\":\"Organization\",\"@id\":\"https:\\\/\\\/fuentesfidedignas.com.mx\\\/#organization\",\"name\":\"Fuentes Fidedignas\",\"url\":\"https:\\\/\\\/fuentesfidedignas.com.mx\\\/\",\"logo\":{\"@type\":\"ImageObject\",\"inLanguage\":\"es\",\"@id\":\"https:\\\/\\\/fuentesfidedignas.com.mx\\\/#\\\/schema\\\/logo\\\/image\\\/\",\"url\":\"https:\\\/\\\/fuentesfidedignas.com.mx\\\/wp-content\\\/uploads\\\/2021\\\/04\\\/logo-retina.png\",\"contentUrl\":\"https:\\\/\\\/fuentesfidedignas.com.mx\\\/wp-content\\\/uploads\\\/2021\\\/04\\\/logo-retina.png\",\"width\":280,\"height\":51,\"caption\":\"Fuentes Fidedignas\"},\"image\":{\"@id\":\"https:\\\/\\\/fuentesfidedignas.com.mx\\\/#\\\/schema\\\/logo\\\/image\\\/\"},\"sameAs\":[\"https:\\\/\\\/www.facebook.com\\\/Fuentes-Fidedignas-368234489921644\",\"https:\\\/\\\/x.com\\\/fidedignas\"]},{\"@type\":\"Person\",\"@id\":\"https:\\\/\\\/fuentesfidedignas.com.mx\\\/#\\\/schema\\\/person\\\/5623d53fe2e579d825b1679734abcc44\",\"name\":\"Forbes\",\"image\":{\"@type\":\"ImageObject\",\"inLanguage\":\"es\",\"@id\":\"https:\\\/\\\/secure.gravatar.com\\\/avatar\\\/87ce3dd4e41e60c22a79c758614f01a6bc2469255fc936ec7b15efb9bb5cb66f?s=96&d=mm&r=g\",\"url\":\"https:\\\/\\\/secure.gravatar.com\\\/avatar\\\/87ce3dd4e41e60c22a79c758614f01a6bc2469255fc936ec7b15efb9bb5cb66f?s=96&d=mm&r=g\",\"contentUrl\":\"https:\\\/\\\/secure.gravatar.com\\\/avatar\\\/87ce3dd4e41e60c22a79c758614f01a6bc2469255fc936ec7b15efb9bb5cb66f?s=96&d=mm&r=g\",\"caption\":\"Forbes\"},\"url\":\"https:\\\/\\\/fuentesfidedignas.com.mx\\\/index.php\\\/author\\\/forbes\\\/\"}]}<\/script>\n<!-- \/ Yoast SEO plugin. -->","yoast_head_json":{"title":"Pfizer pide autorizaci\u00f3n a la FDA de uso de vacuna anticovid en ni\u00f1os de 5 a 11 a\u00f1os - Fuentes Fidedignas","robots":{"index":"index","follow":"follow","max-snippet":"max-snippet:-1","max-image-preview":"max-image-preview:large","max-video-preview":"max-video-preview:-1"},"canonical":"https:\/\/fuentesfidedignas.com.mx\/index.php\/2021\/10\/07\/pfizer-pide-autorizacion-a-la-fda-de-uso-de-vacuna-anticovid-en-ninos-de-5-a-11-anos\/","og_locale":"es_MX","og_type":"article","og_title":"Pfizer pide autorizaci\u00f3n a la FDA de uso de vacuna anticovid en ni\u00f1os de 5 a 11 a\u00f1os - Fuentes Fidedignas","og_description":"Las pruebas de Pfizer indican que su vacuna contra Covid-19 es segura para los ni\u00f1os de 5 a 11 a\u00f1os; busca que est\u00e9 disponible para noviembre Estados Unidos.- Pfizer solicit\u00f3 este jueves formalmente a la Administraci\u00f3n de F\u00e1rmacos y Alimentos de Estados Unidos (FDA, por sus siglas en ingl\u00e9s) la autorizaci\u00f3n para el uso de [&hellip;]","og_url":"https:\/\/fuentesfidedignas.com.mx\/index.php\/2021\/10\/07\/pfizer-pide-autorizacion-a-la-fda-de-uso-de-vacuna-anticovid-en-ninos-de-5-a-11-anos\/","og_site_name":"Fuentes Fidedignas","article_publisher":"https:\/\/www.facebook.com\/Fuentes-Fidedignas-368234489921644","article_published_time":"2021-10-07T18:09:57+00:00","article_modified_time":"2021-10-07T18:10:00+00:00","og_image":[{"width":768,"height":432,"url":"https:\/\/fuentesfidedignas.com.mx\/wp-content\/uploads\/2021\/10\/vacuna-pfizer-768x432-1.jpg","type":"image\/jpeg"}],"author":"Forbes","twitter_card":"summary_large_image","twitter_creator":"@fidedignas","twitter_site":"@fidedignas","twitter_misc":{"Escrito por":"Forbes","Tiempo de lectura":"1 minuto"},"schema":{"@context":"https:\/\/schema.org","@graph":[{"@type":"Article","@id":"https:\/\/fuentesfidedignas.com.mx\/index.php\/2021\/10\/07\/pfizer-pide-autorizacion-a-la-fda-de-uso-de-vacuna-anticovid-en-ninos-de-5-a-11-anos\/#article","isPartOf":{"@id":"https:\/\/fuentesfidedignas.com.mx\/index.php\/2021\/10\/07\/pfizer-pide-autorizacion-a-la-fda-de-uso-de-vacuna-anticovid-en-ninos-de-5-a-11-anos\/"},"author":{"name":"Forbes","@id":"https:\/\/fuentesfidedignas.com.mx\/#\/schema\/person\/5623d53fe2e579d825b1679734abcc44"},"headline":"Pfizer pide autorizaci\u00f3n a la FDA de uso de vacuna anticovid en ni\u00f1os de 5 a 11 a\u00f1os","datePublished":"2021-10-07T18:09:57+00:00","dateModified":"2021-10-07T18:10:00+00:00","mainEntityOfPage":{"@id":"https:\/\/fuentesfidedignas.com.mx\/index.php\/2021\/10\/07\/pfizer-pide-autorizacion-a-la-fda-de-uso-de-vacuna-anticovid-en-ninos-de-5-a-11-anos\/"},"wordCount":263,"commentCount":0,"publisher":{"@id":"https:\/\/fuentesfidedignas.com.mx\/#organization"},"image":{"@id":"https:\/\/fuentesfidedignas.com.mx\/index.php\/2021\/10\/07\/pfizer-pide-autorizacion-a-la-fda-de-uso-de-vacuna-anticovid-en-ninos-de-5-a-11-anos\/#primaryimage"},"thumbnailUrl":"https:\/\/fuentesfidedignas.com.mx\/wp-content\/uploads\/2021\/10\/vacuna-pfizer-768x432-1.jpg","articleSection":["NOTICIAS NACIONALES"],"inLanguage":"es","potentialAction":[{"@type":"CommentAction","name":"Comment","target":["https:\/\/fuentesfidedignas.com.mx\/index.php\/2021\/10\/07\/pfizer-pide-autorizacion-a-la-fda-de-uso-de-vacuna-anticovid-en-ninos-de-5-a-11-anos\/#respond"]}]},{"@type":"WebPage","@id":"https:\/\/fuentesfidedignas.com.mx\/index.php\/2021\/10\/07\/pfizer-pide-autorizacion-a-la-fda-de-uso-de-vacuna-anticovid-en-ninos-de-5-a-11-anos\/","url":"https:\/\/fuentesfidedignas.com.mx\/index.php\/2021\/10\/07\/pfizer-pide-autorizacion-a-la-fda-de-uso-de-vacuna-anticovid-en-ninos-de-5-a-11-anos\/","name":"Pfizer pide autorizaci\u00f3n a la FDA de uso de vacuna anticovid en ni\u00f1os de 5 a 11 a\u00f1os - Fuentes Fidedignas","isPartOf":{"@id":"https:\/\/fuentesfidedignas.com.mx\/#website"},"primaryImageOfPage":{"@id":"https:\/\/fuentesfidedignas.com.mx\/index.php\/2021\/10\/07\/pfizer-pide-autorizacion-a-la-fda-de-uso-de-vacuna-anticovid-en-ninos-de-5-a-11-anos\/#primaryimage"},"image":{"@id":"https:\/\/fuentesfidedignas.com.mx\/index.php\/2021\/10\/07\/pfizer-pide-autorizacion-a-la-fda-de-uso-de-vacuna-anticovid-en-ninos-de-5-a-11-anos\/#primaryimage"},"thumbnailUrl":"https:\/\/fuentesfidedignas.com.mx\/wp-content\/uploads\/2021\/10\/vacuna-pfizer-768x432-1.jpg","datePublished":"2021-10-07T18:09:57+00:00","dateModified":"2021-10-07T18:10:00+00:00","breadcrumb":{"@id":"https:\/\/fuentesfidedignas.com.mx\/index.php\/2021\/10\/07\/pfizer-pide-autorizacion-a-la-fda-de-uso-de-vacuna-anticovid-en-ninos-de-5-a-11-anos\/#breadcrumb"},"inLanguage":"es","potentialAction":[{"@type":"ReadAction","target":["https:\/\/fuentesfidedignas.com.mx\/index.php\/2021\/10\/07\/pfizer-pide-autorizacion-a-la-fda-de-uso-de-vacuna-anticovid-en-ninos-de-5-a-11-anos\/"]}]},{"@type":"ImageObject","inLanguage":"es","@id":"https:\/\/fuentesfidedignas.com.mx\/index.php\/2021\/10\/07\/pfizer-pide-autorizacion-a-la-fda-de-uso-de-vacuna-anticovid-en-ninos-de-5-a-11-anos\/#primaryimage","url":"https:\/\/fuentesfidedignas.com.mx\/wp-content\/uploads\/2021\/10\/vacuna-pfizer-768x432-1.jpg","contentUrl":"https:\/\/fuentesfidedignas.com.mx\/wp-content\/uploads\/2021\/10\/vacuna-pfizer-768x432-1.jpg","width":768,"height":432},{"@type":"BreadcrumbList","@id":"https:\/\/fuentesfidedignas.com.mx\/index.php\/2021\/10\/07\/pfizer-pide-autorizacion-a-la-fda-de-uso-de-vacuna-anticovid-en-ninos-de-5-a-11-anos\/#breadcrumb","itemListElement":[{"@type":"ListItem","position":1,"name":"Inicio","item":"https:\/\/fuentesfidedignas.com.mx\/"},{"@type":"ListItem","position":2,"name":"Pfizer pide autorizaci\u00f3n a la FDA de uso de vacuna anticovid en ni\u00f1os de 5 a 11 a\u00f1os"}]},{"@type":"WebSite","@id":"https:\/\/fuentesfidedignas.com.mx\/#website","url":"https:\/\/fuentesfidedignas.com.mx\/","name":"Fuentes Fidedignas","description":"Otro sitio realizado con WordPress","publisher":{"@id":"https:\/\/fuentesfidedignas.com.mx\/#organization"},"potentialAction":[{"@type":"SearchAction","target":{"@type":"EntryPoint","urlTemplate":"https:\/\/fuentesfidedignas.com.mx\/?s={search_term_string}"},"query-input":{"@type":"PropertyValueSpecification","valueRequired":true,"valueName":"search_term_string"}}],"inLanguage":"es"},{"@type":"Organization","@id":"https:\/\/fuentesfidedignas.com.mx\/#organization","name":"Fuentes Fidedignas","url":"https:\/\/fuentesfidedignas.com.mx\/","logo":{"@type":"ImageObject","inLanguage":"es","@id":"https:\/\/fuentesfidedignas.com.mx\/#\/schema\/logo\/image\/","url":"https:\/\/fuentesfidedignas.com.mx\/wp-content\/uploads\/2021\/04\/logo-retina.png","contentUrl":"https:\/\/fuentesfidedignas.com.mx\/wp-content\/uploads\/2021\/04\/logo-retina.png","width":280,"height":51,"caption":"Fuentes Fidedignas"},"image":{"@id":"https:\/\/fuentesfidedignas.com.mx\/#\/schema\/logo\/image\/"},"sameAs":["https:\/\/www.facebook.com\/Fuentes-Fidedignas-368234489921644","https:\/\/x.com\/fidedignas"]},{"@type":"Person","@id":"https:\/\/fuentesfidedignas.com.mx\/#\/schema\/person\/5623d53fe2e579d825b1679734abcc44","name":"Forbes","image":{"@type":"ImageObject","inLanguage":"es","@id":"https:\/\/secure.gravatar.com\/avatar\/87ce3dd4e41e60c22a79c758614f01a6bc2469255fc936ec7b15efb9bb5cb66f?s=96&d=mm&r=g","url":"https:\/\/secure.gravatar.com\/avatar\/87ce3dd4e41e60c22a79c758614f01a6bc2469255fc936ec7b15efb9bb5cb66f?s=96&d=mm&r=g","contentUrl":"https:\/\/secure.gravatar.com\/avatar\/87ce3dd4e41e60c22a79c758614f01a6bc2469255fc936ec7b15efb9bb5cb66f?s=96&d=mm&r=g","caption":"Forbes"},"url":"https:\/\/fuentesfidedignas.com.mx\/index.php\/author\/forbes\/"}]}},"_links":{"self":[{"href":"https:\/\/fuentesfidedignas.com.mx\/index.php\/wp-json\/wp\/v2\/posts\/14382","targetHints":{"allow":["GET"]}}],"collection":[{"href":"https:\/\/fuentesfidedignas.com.mx\/index.php\/wp-json\/wp\/v2\/posts"}],"about":[{"href":"https:\/\/fuentesfidedignas.com.mx\/index.php\/wp-json\/wp\/v2\/types\/post"}],"author":[{"embeddable":true,"href":"https:\/\/fuentesfidedignas.com.mx\/index.php\/wp-json\/wp\/v2\/users\/5"}],"replies":[{"embeddable":true,"href":"https:\/\/fuentesfidedignas.com.mx\/index.php\/wp-json\/wp\/v2\/comments?post=14382"}],"version-history":[{"count":1,"href":"https:\/\/fuentesfidedignas.com.mx\/index.php\/wp-json\/wp\/v2\/posts\/14382\/revisions"}],"predecessor-version":[{"id":14384,"href":"https:\/\/fuentesfidedignas.com.mx\/index.php\/wp-json\/wp\/v2\/posts\/14382\/revisions\/14384"}],"wp:featuredmedia":[{"embeddable":true,"href":"https:\/\/fuentesfidedignas.com.mx\/index.php\/wp-json\/wp\/v2\/media\/14383"}],"wp:attachment":[{"href":"https:\/\/fuentesfidedignas.com.mx\/index.php\/wp-json\/wp\/v2\/media?parent=14382"}],"wp:term":[{"taxonomy":"category","embeddable":true,"href":"https:\/\/fuentesfidedignas.com.mx\/index.php\/wp-json\/wp\/v2\/categories?post=14382"},{"taxonomy":"post_tag","embeddable":true,"href":"https:\/\/fuentesfidedignas.com.mx\/index.php\/wp-json\/wp\/v2\/tags?post=14382"}],"curies":[{"name":"wp","href":"https:\/\/api.w.org\/{rel}","templated":true}]}}