{"id":141774,"date":"2026-09-06T15:06:39","date_gmt":"2026-09-06T22:06:39","guid":{"rendered":"https:\/\/fuentesfidedignas.com.mx\/?p=141774"},"modified":"2026-09-06T15:06:44","modified_gmt":"2026-09-06T22:06:44","slug":"avion-de-amazon-se-sale-de-pista-y-se-incendia-en-miami-ffa-investiga-incidente","status":"publish","type":"post","link":"https:\/\/fuentesfidedignas.com.mx\/index.php\/2026\/09\/06\/avion-de-amazon-se-sale-de-pista-y-se-incendia-en-miami-ffa-investiga-incidente\/","title":{"rendered":"Avi\u00f3n de Amazon se sale de pista y se incendia en Miami; FFA investiga incidente"},"content":{"rendered":"\n<p class=\"wp-block-paragraph\"><strong><em>Un avi\u00f3n de carga Boeing 767 operado para Amazon se incendi\u00f3 tras salirse de la pista y golpear veh\u00edculos en el Aeropuerto de Miami.<\/em><\/strong><\/p>\n\n\n\n<p class=\"wp-block-paragraph\">Un avi\u00f3n de carga Boeing 767, operado para Amazon Prime Air, se sali\u00f3 de la pista al aterrizar en el Aeropuerto Internacional de Miami y se incendi\u00f3. Las autoridades confirmaron que se eval\u00faan a varios afectados tras el accidente.<\/p>\n\n\n\n<p class=\"wp-block-paragraph\">\u201cEl vuelo 7598 de 21 Air invadi\u00f3 la pista despu\u00e9s de aterrizar en el Aeropuerto Internacional de Miami alrededor de las 2 p.m. hora local del domingo, septiembre 6. La FFA investigar\u00e1\u201d, explic\u00f3 la Administraci\u00f3n Federal de Aviaci\u00f3n (FFA) en su cuenta de X.<\/p>\n\n\n\n<p class=\"wp-block-paragraph\">El avi\u00f3n de carga Boeing 767-300 parti\u00f3 del Aeropuerto Internacional Luis Mu\u00f1oz Mar\u00edn en San Juan, Puerto Rico.<\/p>\n\n\n\n<blockquote class=\"twitter-tweet\"><p class=\"wp-block-paragraph\" lang=\"en\" dir=\"ltr\">21 Air Flight 7598 overran the runway after landing at Miami International Airport around 2 p.m. local time on Sunday, Sept. 6. The Boeing 767-300 cargo aircraft departed from Luis Mu\u00f1oz Mar\u00edn International Airport in San Juan, Puerto Rico. The FAA will investigate. Contact the\u2026<\/p>&mdash; The FAA \u2708\ufe0f (@FAANews) <a href=\"https:\/\/x.com\/FAANews\/status\/2096677693722898862?ref_src=twsrc%5Etfw\">September 6, 2026<\/a><\/blockquote> <script async src=\"https:\/\/platform.x.com\/widgets.js\" charset=\"utf-8\"><\/script>\n\n\n\n<p class=\"wp-block-paragraph\">Las autoridades a\u00fan no han dicho exactamente qu\u00e9 caus\u00f3 el accidente, aunque un audio obtenido por TMZ indica que el avi\u00f3n invadi\u00f3 la pista y golpe\u00f3 un cami\u00f3n.<\/p>\n\n\n\n<p class=\"wp-block-paragraph\">Los videos divulgados por medios locales y redes sociales muestran una aeronave de carga fuera de la pista y la enorme columna de humo elev\u00e1ndose.<\/p>\n\n\n\n<p class=\"wp-block-paragraph\">Todas las pistas de aterrizaje y las pistas de rodaje estaban cerradas y una parada en tierra est\u00e1 en efecto, dijo un portavoz del aeropuerto.<\/p>\n\n\n\n<figure class=\"wp-block-embed is-type-rich is-provider-x wp-block-embed-x\"><div class=\"wp-block-embed__wrapper\">\n<blockquote class=\"twitter-tweet\" data-width=\"550\" data-dnt=\"true\"><p lang=\"en\" dir=\"ltr\">A Prime Air Boeing 767-300 freighter overran the runway at Miami International Airport this afternoon, coming to rest near a warehouse complex.<br><br>The airframe caught fire after the crash. <a href=\"https:\/\/t.co\/wYz50c21aO\">pic.twitter.com\/wYz50c21aO<\/a><\/p>&mdash; OSINTtechnical (@Osinttechnical) <a href=\"https:\/\/x.com\/Osinttechnical\/status\/2096675336754708634?ref_src=twsrc%5Etfw\">September 6, 2026<\/a><\/blockquote><script async src=\"https:\/\/platform.x.com\/widgets.js\" charset=\"utf-8\"><\/script>\n<\/div><\/figure>\n\n\n\n<h2 class=\"wp-block-heading\">Setenta unidades de rescate de bomberos acuden al lugar<\/h2>\n\n\n\n<p class=\"wp-block-paragraph\">Durante una parada en tierra todos los vuelos se ponen en espera y el<strong>&nbsp;aeropuerto se cierra esencialmente<\/strong>. La FAA ya ha dicho que espera que los vuelos se retrasen despu\u00e9s de que el aeropuerto de Miami vuelva a abrir con una baja tasa de llegadas y salidas.<\/p>\n\n\n\n<p class=\"wp-block-paragraph\">Miami-Dade Fire Rescue dijo que el avi\u00f3n golpe\u00f3 varios veh\u00edculos despu\u00e9s de invadir la pista. Los que respondieron llegaron para encontrar el avi\u00f3n en llamas.<\/p>\n\n\n\n<p class=\"wp-block-paragraph\">Sesenta unidades de rescate de bomberos de Miami-Dade estaban en la escena tratando de extinguir el incendio, dijo la agencia en una publicaci\u00f3n en las redes sociales el domingo por la tarde.<\/p>\n\n\n\n<blockquote class=\"twitter-tweet\"><p class=\"wp-block-paragraph\" lang=\"en\" dir=\"ltr\"><a href=\"https:\/\/x.com\/hashtag\/MDFR?src=hash&amp;ref_src=twsrc%5Etfw\">#MDFR<\/a> INCIDENT UPDATE #1: SEPT. 6 &#8211; 3:25 P.M. <br><br>Over 60 Miami-Dade Fire Rescue units are on scene of an incident involving a plane that overran a runway and struck multiple vehicles near Miami International Airport. Units arrived to find an airplane that had caught on fire as a\u2026 <a href=\"https:\/\/t.co\/T0JTFZTb3F\">pic.twitter.com\/T0JTFZTb3F<\/a><\/p>&mdash; Miami-Dade Fire Rescue (@MiamiDadeFire) <a href=\"https:\/\/x.com\/MiamiDadeFire\/status\/2096681097732002266?ref_src=twsrc%5Etfw\">September 6, 2026<\/a><\/blockquote> <script async src=\"https:\/\/platform.x.com\/widgets.js\" charset=\"utf-8\"><\/script>\n\n\n\n<p class=\"wp-block-paragraph\">\u201cLas unidades llegaron para encontrar un avi\u00f3n que se hab\u00eda incendiado como resultado de este choque, con llamas intensas y humo visible. Los bomberos est\u00e1n trabajando en extinguir el fuego y evaluar a los pacientes\u201d, explic\u00f3.<\/p>\n","protected":false},"excerpt":{"rendered":"<p>Un avi\u00f3n de carga Boeing 767 operado para Amazon se incendi\u00f3 tras salirse de la pista y golpear veh\u00edculos en el Aeropuerto de Miami. Un avi\u00f3n de carga Boeing 767, operado para Amazon Prime Air, se sali\u00f3 de la pista al aterrizar en el Aeropuerto Internacional de Miami y se incendi\u00f3. Las autoridades confirmaron que [&hellip;]<\/p>\n","protected":false},"author":13,"featured_media":141775,"comment_status":"open","ping_status":"open","sticky":false,"template":"","format":"standard","meta":{"tdm_status":"","tdm_grid_status":"","footnotes":""},"categories":[39],"tags":[],"class_list":["post-141774","post","type-post","status-publish","format-standard","has-post-thumbnail","category-noticias-nacionales"],"yoast_head":"<!-- This site is optimized with the Yoast SEO plugin v28.4 - https:\/\/yoast.com\/product\/yoast-seo-wordpress\/ -->\n<title>Avi\u00f3n de Amazon se sale de pista y se incendia en Miami; FFA investiga incidente - Fuentes Fidedignas<\/title>\n<meta name=\"robots\" content=\"index, follow, max-snippet:-1, max-image-preview:large, max-video-preview:-1\" \/>\n<link rel=\"canonical\" href=\"https:\/\/fuentesfidedignas.com.mx\/index.php\/2026\/09\/06\/avion-de-amazon-se-sale-de-pista-y-se-incendia-en-miami-ffa-investiga-incidente\/\" \/>\n<meta property=\"og:locale\" content=\"es_MX\" \/>\n<meta property=\"og:type\" content=\"article\" \/>\n<meta property=\"og:title\" content=\"Avi\u00f3n de Amazon se sale de pista y se incendia en Miami; FFA investiga incidente - Fuentes Fidedignas\" \/>\n<meta property=\"og:description\" content=\"Un avi\u00f3n de carga Boeing 767 operado para Amazon se incendi\u00f3 tras salirse de la pista y golpear veh\u00edculos en el Aeropuerto de Miami. Un avi\u00f3n de carga Boeing 767, operado para Amazon Prime Air, se sali\u00f3 de la pista al aterrizar en el Aeropuerto Internacional de Miami y se incendi\u00f3. Las autoridades confirmaron que [&hellip;]\" \/>\n<meta property=\"og:url\" content=\"https:\/\/fuentesfidedignas.com.mx\/index.php\/2026\/09\/06\/avion-de-amazon-se-sale-de-pista-y-se-incendia-en-miami-ffa-investiga-incidente\/\" \/>\n<meta property=\"og:site_name\" content=\"Fuentes Fidedignas\" \/>\n<meta property=\"article:publisher\" content=\"https:\/\/www.facebook.com\/Fuentes-Fidedignas-368234489921644\" \/>\n<meta property=\"article:published_time\" content=\"2026-09-06T22:06:39+00:00\" \/>\n<meta property=\"article:modified_time\" content=\"2026-09-06T22:06:44+00:00\" \/>\n<meta property=\"og:image\" content=\"https:\/\/fuentesfidedignas.com.mx\/wp-content\/uploads\/2026\/09\/avion_miami.jpg\" \/>\n\t<meta property=\"og:image:width\" content=\"500\" \/>\n\t<meta property=\"og:image:height\" content=\"280\" \/>\n\t<meta property=\"og:image:type\" content=\"image\/jpeg\" \/>\n<meta name=\"author\" content=\"AP\" \/>\n<meta name=\"twitter:card\" content=\"summary_large_image\" \/>\n<meta name=\"twitter:creator\" content=\"@fidedignas\" \/>\n<meta name=\"twitter:site\" content=\"@fidedignas\" \/>\n<meta name=\"twitter:label1\" content=\"Escrito por\" \/>\n\t<meta name=\"twitter:data1\" content=\"AP\" \/>\n\t<meta name=\"twitter:label2\" content=\"Tiempo de lectura\" \/>\n\t<meta name=\"twitter:data2\" content=\"2 minutos\" \/>\n<script type=\"application\/ld+json\" class=\"yoast-schema-graph\">{\"@context\":\"https:\\\/\\\/schema.org\",\"@graph\":[{\"@type\":\"Article\",\"@id\":\"https:\\\/\\\/fuentesfidedignas.com.mx\\\/index.php\\\/2026\\\/09\\\/06\\\/avion-de-amazon-se-sale-de-pista-y-se-incendia-en-miami-ffa-investiga-incidente\\\/#article\",\"isPartOf\":{\"@id\":\"https:\\\/\\\/fuentesfidedignas.com.mx\\\/index.php\\\/2026\\\/09\\\/06\\\/avion-de-amazon-se-sale-de-pista-y-se-incendia-en-miami-ffa-investiga-incidente\\\/\"},\"author\":{\"name\":\"AP\",\"@id\":\"https:\\\/\\\/fuentesfidedignas.com.mx\\\/#\\\/schema\\\/person\\\/f60dc42c98af4d2079046d414cccced3\"},\"headline\":\"Avi\u00f3n de Amazon se sale de pista y se incendia en Miami; FFA investiga incidente\",\"datePublished\":\"2026-09-06T22:06:39+00:00\",\"dateModified\":\"2026-09-06T22:06:44+00:00\",\"mainEntityOfPage\":{\"@id\":\"https:\\\/\\\/fuentesfidedignas.com.mx\\\/index.php\\\/2026\\\/09\\\/06\\\/avion-de-amazon-se-sale-de-pista-y-se-incendia-en-miami-ffa-investiga-incidente\\\/\"},\"wordCount\":500,\"commentCount\":0,\"publisher\":{\"@id\":\"https:\\\/\\\/fuentesfidedignas.com.mx\\\/#organization\"},\"image\":{\"@id\":\"https:\\\/\\\/fuentesfidedignas.com.mx\\\/index.php\\\/2026\\\/09\\\/06\\\/avion-de-amazon-se-sale-de-pista-y-se-incendia-en-miami-ffa-investiga-incidente\\\/#primaryimage\"},\"thumbnailUrl\":\"https:\\\/\\\/fuentesfidedignas.com.mx\\\/wp-content\\\/uploads\\\/2026\\\/09\\\/avion_miami.jpg\",\"articleSection\":[\"NOTICIAS NACIONALES\"],\"inLanguage\":\"es\",\"potentialAction\":[{\"@type\":\"CommentAction\",\"name\":\"Comment\",\"target\":[\"https:\\\/\\\/fuentesfidedignas.com.mx\\\/index.php\\\/2026\\\/09\\\/06\\\/avion-de-amazon-se-sale-de-pista-y-se-incendia-en-miami-ffa-investiga-incidente\\\/#respond\"]}]},{\"@type\":\"WebPage\",\"@id\":\"https:\\\/\\\/fuentesfidedignas.com.mx\\\/index.php\\\/2026\\\/09\\\/06\\\/avion-de-amazon-se-sale-de-pista-y-se-incendia-en-miami-ffa-investiga-incidente\\\/\",\"url\":\"https:\\\/\\\/fuentesfidedignas.com.mx\\\/index.php\\\/2026\\\/09\\\/06\\\/avion-de-amazon-se-sale-de-pista-y-se-incendia-en-miami-ffa-investiga-incidente\\\/\",\"name\":\"Avi\u00f3n de Amazon se sale de pista y se incendia en Miami; FFA investiga incidente - Fuentes Fidedignas\",\"isPartOf\":{\"@id\":\"https:\\\/\\\/fuentesfidedignas.com.mx\\\/#website\"},\"primaryImageOfPage\":{\"@id\":\"https:\\\/\\\/fuentesfidedignas.com.mx\\\/index.php\\\/2026\\\/09\\\/06\\\/avion-de-amazon-se-sale-de-pista-y-se-incendia-en-miami-ffa-investiga-incidente\\\/#primaryimage\"},\"image\":{\"@id\":\"https:\\\/\\\/fuentesfidedignas.com.mx\\\/index.php\\\/2026\\\/09\\\/06\\\/avion-de-amazon-se-sale-de-pista-y-se-incendia-en-miami-ffa-investiga-incidente\\\/#primaryimage\"},\"thumbnailUrl\":\"https:\\\/\\\/fuentesfidedignas.com.mx\\\/wp-content\\\/uploads\\\/2026\\\/09\\\/avion_miami.jpg\",\"datePublished\":\"2026-09-06T22:06:39+00:00\",\"dateModified\":\"2026-09-06T22:06:44+00:00\",\"breadcrumb\":{\"@id\":\"https:\\\/\\\/fuentesfidedignas.com.mx\\\/index.php\\\/2026\\\/09\\\/06\\\/avion-de-amazon-se-sale-de-pista-y-se-incendia-en-miami-ffa-investiga-incidente\\\/#breadcrumb\"},\"inLanguage\":\"es\",\"potentialAction\":[{\"@type\":\"ReadAction\",\"target\":[\"https:\\\/\\\/fuentesfidedignas.com.mx\\\/index.php\\\/2026\\\/09\\\/06\\\/avion-de-amazon-se-sale-de-pista-y-se-incendia-en-miami-ffa-investiga-incidente\\\/\"]}]},{\"@type\":\"ImageObject\",\"inLanguage\":\"es\",\"@id\":\"https:\\\/\\\/fuentesfidedignas.com.mx\\\/index.php\\\/2026\\\/09\\\/06\\\/avion-de-amazon-se-sale-de-pista-y-se-incendia-en-miami-ffa-investiga-incidente\\\/#primaryimage\",\"url\":\"https:\\\/\\\/fuentesfidedignas.com.mx\\\/wp-content\\\/uploads\\\/2026\\\/09\\\/avion_miami.jpg\",\"contentUrl\":\"https:\\\/\\\/fuentesfidedignas.com.mx\\\/wp-content\\\/uploads\\\/2026\\\/09\\\/avion_miami.jpg\",\"width\":500,\"height\":280},{\"@type\":\"BreadcrumbList\",\"@id\":\"https:\\\/\\\/fuentesfidedignas.com.mx\\\/index.php\\\/2026\\\/09\\\/06\\\/avion-de-amazon-se-sale-de-pista-y-se-incendia-en-miami-ffa-investiga-incidente\\\/#breadcrumb\",\"itemListElement\":[{\"@type\":\"ListItem\",\"position\":1,\"name\":\"Inicio\",\"item\":\"https:\\\/\\\/fuentesfidedignas.com.mx\\\/\"},{\"@type\":\"ListItem\",\"position\":2,\"name\":\"Avi\u00f3n de Amazon se sale de pista y se incendia en Miami; FFA investiga incidente\"}]},{\"@type\":\"WebSite\",\"@id\":\"https:\\\/\\\/fuentesfidedignas.com.mx\\\/#website\",\"url\":\"https:\\\/\\\/fuentesfidedignas.com.mx\\\/\",\"name\":\"Fuentes Fidedignas\",\"description\":\"Otro sitio realizado con WordPress\",\"publisher\":{\"@id\":\"https:\\\/\\\/fuentesfidedignas.com.mx\\\/#organization\"},\"potentialAction\":[{\"@type\":\"SearchAction\",\"target\":{\"@type\":\"EntryPoint\",\"urlTemplate\":\"https:\\\/\\\/fuentesfidedignas.com.mx\\\/?s={search_term_string}\"},\"query-input\":{\"@type\":\"PropertyValueSpecification\",\"valueRequired\":true,\"valueName\":\"search_term_string\"}}],\"inLanguage\":\"es\"},{\"@type\":\"Organization\",\"@id\":\"https:\\\/\\\/fuentesfidedignas.com.mx\\\/#organization\",\"name\":\"Fuentes Fidedignas\",\"url\":\"https:\\\/\\\/fuentesfidedignas.com.mx\\\/\",\"logo\":{\"@type\":\"ImageObject\",\"inLanguage\":\"es\",\"@id\":\"https:\\\/\\\/fuentesfidedignas.com.mx\\\/#\\\/schema\\\/logo\\\/image\\\/\",\"url\":\"https:\\\/\\\/fuentesfidedignas.com.mx\\\/wp-content\\\/uploads\\\/2021\\\/04\\\/logo-retina.png\",\"contentUrl\":\"https:\\\/\\\/fuentesfidedignas.com.mx\\\/wp-content\\\/uploads\\\/2021\\\/04\\\/logo-retina.png\",\"width\":280,\"height\":51,\"caption\":\"Fuentes Fidedignas\"},\"image\":{\"@id\":\"https:\\\/\\\/fuentesfidedignas.com.mx\\\/#\\\/schema\\\/logo\\\/image\\\/\"},\"sameAs\":[\"https:\\\/\\\/www.facebook.com\\\/Fuentes-Fidedignas-368234489921644\",\"https:\\\/\\\/x.com\\\/fidedignas\"]},{\"@type\":\"Person\",\"@id\":\"https:\\\/\\\/fuentesfidedignas.com.mx\\\/#\\\/schema\\\/person\\\/f60dc42c98af4d2079046d414cccced3\",\"name\":\"AP\",\"image\":{\"@type\":\"ImageObject\",\"inLanguage\":\"es\",\"@id\":\"https:\\\/\\\/secure.gravatar.com\\\/avatar\\\/914c563784b53cfd9d6b64319280e11b1d299d85ff3468b20fec3ae1a146c6b3?s=96&d=mm&r=g\",\"url\":\"https:\\\/\\\/secure.gravatar.com\\\/avatar\\\/914c563784b53cfd9d6b64319280e11b1d299d85ff3468b20fec3ae1a146c6b3?s=96&d=mm&r=g\",\"contentUrl\":\"https:\\\/\\\/secure.gravatar.com\\\/avatar\\\/914c563784b53cfd9d6b64319280e11b1d299d85ff3468b20fec3ae1a146c6b3?s=96&d=mm&r=g\",\"caption\":\"AP\"},\"url\":\"https:\\\/\\\/fuentesfidedignas.com.mx\\\/index.php\\\/author\\\/ap\\\/\"}]}<\/script>\n<!-- \/ Yoast SEO plugin. -->","yoast_head_json":{"title":"Avi\u00f3n de Amazon se sale de pista y se incendia en Miami; FFA investiga incidente - Fuentes Fidedignas","robots":{"index":"index","follow":"follow","max-snippet":"max-snippet:-1","max-image-preview":"max-image-preview:large","max-video-preview":"max-video-preview:-1"},"canonical":"https:\/\/fuentesfidedignas.com.mx\/index.php\/2026\/09\/06\/avion-de-amazon-se-sale-de-pista-y-se-incendia-en-miami-ffa-investiga-incidente\/","og_locale":"es_MX","og_type":"article","og_title":"Avi\u00f3n de Amazon se sale de pista y se incendia en Miami; FFA investiga incidente - Fuentes Fidedignas","og_description":"Un avi\u00f3n de carga Boeing 767 operado para Amazon se incendi\u00f3 tras salirse de la pista y golpear veh\u00edculos en el Aeropuerto de Miami. Un avi\u00f3n de carga Boeing 767, operado para Amazon Prime Air, se sali\u00f3 de la pista al aterrizar en el Aeropuerto Internacional de Miami y se incendi\u00f3. Las autoridades confirmaron que [&hellip;]","og_url":"https:\/\/fuentesfidedignas.com.mx\/index.php\/2026\/09\/06\/avion-de-amazon-se-sale-de-pista-y-se-incendia-en-miami-ffa-investiga-incidente\/","og_site_name":"Fuentes Fidedignas","article_publisher":"https:\/\/www.facebook.com\/Fuentes-Fidedignas-368234489921644","article_published_time":"2026-09-06T22:06:39+00:00","article_modified_time":"2026-09-06T22:06:44+00:00","og_image":[{"width":500,"height":280,"url":"https:\/\/fuentesfidedignas.com.mx\/wp-content\/uploads\/2026\/09\/avion_miami.jpg","type":"image\/jpeg"}],"author":"AP","twitter_card":"summary_large_image","twitter_creator":"@fidedignas","twitter_site":"@fidedignas","twitter_misc":{"Escrito por":"AP","Tiempo de lectura":"2 minutos"},"schema":{"@context":"https:\/\/schema.org","@graph":[{"@type":"Article","@id":"https:\/\/fuentesfidedignas.com.mx\/index.php\/2026\/09\/06\/avion-de-amazon-se-sale-de-pista-y-se-incendia-en-miami-ffa-investiga-incidente\/#article","isPartOf":{"@id":"https:\/\/fuentesfidedignas.com.mx\/index.php\/2026\/09\/06\/avion-de-amazon-se-sale-de-pista-y-se-incendia-en-miami-ffa-investiga-incidente\/"},"author":{"name":"AP","@id":"https:\/\/fuentesfidedignas.com.mx\/#\/schema\/person\/f60dc42c98af4d2079046d414cccced3"},"headline":"Avi\u00f3n de Amazon se sale de pista y se incendia en Miami; FFA investiga incidente","datePublished":"2026-09-06T22:06:39+00:00","dateModified":"2026-09-06T22:06:44+00:00","mainEntityOfPage":{"@id":"https:\/\/fuentesfidedignas.com.mx\/index.php\/2026\/09\/06\/avion-de-amazon-se-sale-de-pista-y-se-incendia-en-miami-ffa-investiga-incidente\/"},"wordCount":500,"commentCount":0,"publisher":{"@id":"https:\/\/fuentesfidedignas.com.mx\/#organization"},"image":{"@id":"https:\/\/fuentesfidedignas.com.mx\/index.php\/2026\/09\/06\/avion-de-amazon-se-sale-de-pista-y-se-incendia-en-miami-ffa-investiga-incidente\/#primaryimage"},"thumbnailUrl":"https:\/\/fuentesfidedignas.com.mx\/wp-content\/uploads\/2026\/09\/avion_miami.jpg","articleSection":["NOTICIAS NACIONALES"],"inLanguage":"es","potentialAction":[{"@type":"CommentAction","name":"Comment","target":["https:\/\/fuentesfidedignas.com.mx\/index.php\/2026\/09\/06\/avion-de-amazon-se-sale-de-pista-y-se-incendia-en-miami-ffa-investiga-incidente\/#respond"]}]},{"@type":"WebPage","@id":"https:\/\/fuentesfidedignas.com.mx\/index.php\/2026\/09\/06\/avion-de-amazon-se-sale-de-pista-y-se-incendia-en-miami-ffa-investiga-incidente\/","url":"https:\/\/fuentesfidedignas.com.mx\/index.php\/2026\/09\/06\/avion-de-amazon-se-sale-de-pista-y-se-incendia-en-miami-ffa-investiga-incidente\/","name":"Avi\u00f3n de Amazon se sale de pista y se incendia en Miami; FFA investiga incidente - Fuentes Fidedignas","isPartOf":{"@id":"https:\/\/fuentesfidedignas.com.mx\/#website"},"primaryImageOfPage":{"@id":"https:\/\/fuentesfidedignas.com.mx\/index.php\/2026\/09\/06\/avion-de-amazon-se-sale-de-pista-y-se-incendia-en-miami-ffa-investiga-incidente\/#primaryimage"},"image":{"@id":"https:\/\/fuentesfidedignas.com.mx\/index.php\/2026\/09\/06\/avion-de-amazon-se-sale-de-pista-y-se-incendia-en-miami-ffa-investiga-incidente\/#primaryimage"},"thumbnailUrl":"https:\/\/fuentesfidedignas.com.mx\/wp-content\/uploads\/2026\/09\/avion_miami.jpg","datePublished":"2026-09-06T22:06:39+00:00","dateModified":"2026-09-06T22:06:44+00:00","breadcrumb":{"@id":"https:\/\/fuentesfidedignas.com.mx\/index.php\/2026\/09\/06\/avion-de-amazon-se-sale-de-pista-y-se-incendia-en-miami-ffa-investiga-incidente\/#breadcrumb"},"inLanguage":"es","potentialAction":[{"@type":"ReadAction","target":["https:\/\/fuentesfidedignas.com.mx\/index.php\/2026\/09\/06\/avion-de-amazon-se-sale-de-pista-y-se-incendia-en-miami-ffa-investiga-incidente\/"]}]},{"@type":"ImageObject","inLanguage":"es","@id":"https:\/\/fuentesfidedignas.com.mx\/index.php\/2026\/09\/06\/avion-de-amazon-se-sale-de-pista-y-se-incendia-en-miami-ffa-investiga-incidente\/#primaryimage","url":"https:\/\/fuentesfidedignas.com.mx\/wp-content\/uploads\/2026\/09\/avion_miami.jpg","contentUrl":"https:\/\/fuentesfidedignas.com.mx\/wp-content\/uploads\/2026\/09\/avion_miami.jpg","width":500,"height":280},{"@type":"BreadcrumbList","@id":"https:\/\/fuentesfidedignas.com.mx\/index.php\/2026\/09\/06\/avion-de-amazon-se-sale-de-pista-y-se-incendia-en-miami-ffa-investiga-incidente\/#breadcrumb","itemListElement":[{"@type":"ListItem","position":1,"name":"Inicio","item":"https:\/\/fuentesfidedignas.com.mx\/"},{"@type":"ListItem","position":2,"name":"Avi\u00f3n de Amazon se sale de pista y se incendia en Miami; FFA investiga incidente"}]},{"@type":"WebSite","@id":"https:\/\/fuentesfidedignas.com.mx\/#website","url":"https:\/\/fuentesfidedignas.com.mx\/","name":"Fuentes Fidedignas","description":"Otro sitio realizado con WordPress","publisher":{"@id":"https:\/\/fuentesfidedignas.com.mx\/#organization"},"potentialAction":[{"@type":"SearchAction","target":{"@type":"EntryPoint","urlTemplate":"https:\/\/fuentesfidedignas.com.mx\/?s={search_term_string}"},"query-input":{"@type":"PropertyValueSpecification","valueRequired":true,"valueName":"search_term_string"}}],"inLanguage":"es"},{"@type":"Organization","@id":"https:\/\/fuentesfidedignas.com.mx\/#organization","name":"Fuentes Fidedignas","url":"https:\/\/fuentesfidedignas.com.mx\/","logo":{"@type":"ImageObject","inLanguage":"es","@id":"https:\/\/fuentesfidedignas.com.mx\/#\/schema\/logo\/image\/","url":"https:\/\/fuentesfidedignas.com.mx\/wp-content\/uploads\/2021\/04\/logo-retina.png","contentUrl":"https:\/\/fuentesfidedignas.com.mx\/wp-content\/uploads\/2021\/04\/logo-retina.png","width":280,"height":51,"caption":"Fuentes Fidedignas"},"image":{"@id":"https:\/\/fuentesfidedignas.com.mx\/#\/schema\/logo\/image\/"},"sameAs":["https:\/\/www.facebook.com\/Fuentes-Fidedignas-368234489921644","https:\/\/x.com\/fidedignas"]},{"@type":"Person","@id":"https:\/\/fuentesfidedignas.com.mx\/#\/schema\/person\/f60dc42c98af4d2079046d414cccced3","name":"AP","image":{"@type":"ImageObject","inLanguage":"es","@id":"https:\/\/secure.gravatar.com\/avatar\/914c563784b53cfd9d6b64319280e11b1d299d85ff3468b20fec3ae1a146c6b3?s=96&d=mm&r=g","url":"https:\/\/secure.gravatar.com\/avatar\/914c563784b53cfd9d6b64319280e11b1d299d85ff3468b20fec3ae1a146c6b3?s=96&d=mm&r=g","contentUrl":"https:\/\/secure.gravatar.com\/avatar\/914c563784b53cfd9d6b64319280e11b1d299d85ff3468b20fec3ae1a146c6b3?s=96&d=mm&r=g","caption":"AP"},"url":"https:\/\/fuentesfidedignas.com.mx\/index.php\/author\/ap\/"}]}},"_links":{"self":[{"href":"https:\/\/fuentesfidedignas.com.mx\/index.php\/wp-json\/wp\/v2\/posts\/141774","targetHints":{"allow":["GET"]}}],"collection":[{"href":"https:\/\/fuentesfidedignas.com.mx\/index.php\/wp-json\/wp\/v2\/posts"}],"about":[{"href":"https:\/\/fuentesfidedignas.com.mx\/index.php\/wp-json\/wp\/v2\/types\/post"}],"author":[{"embeddable":true,"href":"https:\/\/fuentesfidedignas.com.mx\/index.php\/wp-json\/wp\/v2\/users\/13"}],"replies":[{"embeddable":true,"href":"https:\/\/fuentesfidedignas.com.mx\/index.php\/wp-json\/wp\/v2\/comments?post=141774"}],"version-history":[{"count":1,"href":"https:\/\/fuentesfidedignas.com.mx\/index.php\/wp-json\/wp\/v2\/posts\/141774\/revisions"}],"predecessor-version":[{"id":141776,"href":"https:\/\/fuentesfidedignas.com.mx\/index.php\/wp-json\/wp\/v2\/posts\/141774\/revisions\/141776"}],"wp:featuredmedia":[{"embeddable":true,"href":"https:\/\/fuentesfidedignas.com.mx\/index.php\/wp-json\/wp\/v2\/media\/141775"}],"wp:attachment":[{"href":"https:\/\/fuentesfidedignas.com.mx\/index.php\/wp-json\/wp\/v2\/media?parent=141774"}],"wp:term":[{"taxonomy":"category","embeddable":true,"href":"https:\/\/fuentesfidedignas.com.mx\/index.php\/wp-json\/wp\/v2\/categories?post=141774"},{"taxonomy":"post_tag","embeddable":true,"href":"https:\/\/fuentesfidedignas.com.mx\/index.php\/wp-json\/wp\/v2\/tags?post=141774"}],"curies":[{"name":"wp","href":"https:\/\/api.w.org\/{rel}","templated":true}]}}