{"id":141771,"date":"2026-09-06T14:32:44","date_gmt":"2026-09-06T21:32:44","guid":{"rendered":"https:\/\/fuentesfidedignas.com.mx\/?p=141771"},"modified":"2026-09-06T14:32:51","modified_gmt":"2026-09-06T21:32:51","slug":"graciela-dominguez-se-reune-con-el-gabinete-para-analizar-avances-rumbo-al-quinto-informe","status":"publish","type":"post","link":"https:\/\/fuentesfidedignas.com.mx\/index.php\/2026\/09\/06\/graciela-dominguez-se-reune-con-el-gabinete-para-analizar-avances-rumbo-al-quinto-informe\/","title":{"rendered":"Graciela Dom\u00ednguez se re\u00fane con el gabinete para analizar avances rumbo al Quinto Informe"},"content":{"rendered":"\n<p class=\"wp-block-paragraph\"><strong><em>Como cada a\u00f1o, se rendir\u00e1n cuentas a las y los sinaloenses con total transparencia<\/em><\/strong><\/p>\n\n\n\n<p class=\"wp-block-paragraph\">Culiac\u00e1n, Sin.- La gobernadora de Sinaloa, Graciela Dom\u00ednguez Nava, acompa\u00f1ada de la secretaria General de Gobierno, Yeraldine Bonilla Valverde, se reuni\u00f3 con las y los titulares de las dependencias del Gabinete Estatal, como parte de los preparativos del Quinto Informe de Gobierno que se entregar\u00e1 al H. Congreso del Estado de Sinaloa el pr\u00f3ximo 15 de noviembre.<\/p>\n\n\n\n<p class=\"wp-block-paragraph\">La transparencia y rendici\u00f3n de cuentas es un compromiso del Gobierno de Sinaloa, y cumpliendo con el mandato de ley, se informar\u00e1 a las y los sinaloenses de los logros y acciones de Gobierno en este documento que recibir\u00e1n las y los diputados de la LXV Legislatura.<\/p>\n\n\n\n<p class=\"wp-block-paragraph\">En equipo con todos los funcionarios estatales, se trabaja desde ya en la elaboraci\u00f3n del documento en el que se plasmar\u00e1n los logros, cumplimiento de metas y acciones diversas que se han realizado para el bienestar de las y los ciudadanos.<\/p>\n","protected":false},"excerpt":{"rendered":"<p>Como cada a\u00f1o, se rendir\u00e1n cuentas a las y los sinaloenses con total transparencia Culiac\u00e1n, Sin.- La gobernadora de Sinaloa, Graciela Dom\u00ednguez Nava, acompa\u00f1ada de la secretaria General de Gobierno, Yeraldine Bonilla Valverde, se reuni\u00f3 con las y los titulares de las dependencias del Gabinete Estatal, como parte de los preparativos del Quinto Informe de [&hellip;]<\/p>\n","protected":false},"author":4,"featured_media":141772,"comment_status":"open","ping_status":"open","sticky":false,"template":"","format":"standard","meta":{"tdm_status":"","tdm_grid_status":"","footnotes":""},"categories":[37],"tags":[],"class_list":["post-141771","post","type-post","status-publish","format-standard","has-post-thumbnail","category-nota-principal"],"yoast_head":"<!-- This site is optimized with the Yoast SEO plugin v28.4 - https:\/\/yoast.com\/product\/yoast-seo-wordpress\/ -->\n<title>Graciela Dom\u00ednguez se re\u00fane con el gabinete para analizar avances rumbo al Quinto Informe - Fuentes Fidedignas<\/title>\n<meta name=\"robots\" content=\"index, follow, max-snippet:-1, max-image-preview:large, max-video-preview:-1\" \/>\n<link rel=\"canonical\" href=\"https:\/\/fuentesfidedignas.com.mx\/index.php\/2026\/09\/06\/graciela-dominguez-se-reune-con-el-gabinete-para-analizar-avances-rumbo-al-quinto-informe\/\" \/>\n<meta property=\"og:locale\" content=\"es_MX\" \/>\n<meta property=\"og:type\" content=\"article\" \/>\n<meta property=\"og:title\" content=\"Graciela Dom\u00ednguez se re\u00fane con el gabinete para analizar avances rumbo al Quinto Informe - Fuentes Fidedignas\" \/>\n<meta property=\"og:description\" content=\"Como cada a\u00f1o, se rendir\u00e1n cuentas a las y los sinaloenses con total transparencia Culiac\u00e1n, Sin.- La gobernadora de Sinaloa, Graciela Dom\u00ednguez Nava, acompa\u00f1ada de la secretaria General de Gobierno, Yeraldine Bonilla Valverde, se reuni\u00f3 con las y los titulares de las dependencias del Gabinete Estatal, como parte de los preparativos del Quinto Informe de [&hellip;]\" \/>\n<meta property=\"og:url\" content=\"https:\/\/fuentesfidedignas.com.mx\/index.php\/2026\/09\/06\/graciela-dominguez-se-reune-con-el-gabinete-para-analizar-avances-rumbo-al-quinto-informe\/\" \/>\n<meta property=\"og:site_name\" content=\"Fuentes Fidedignas\" \/>\n<meta property=\"article:publisher\" content=\"https:\/\/www.facebook.com\/Fuentes-Fidedignas-368234489921644\" \/>\n<meta property=\"article:published_time\" content=\"2026-09-06T21:32:44+00:00\" \/>\n<meta property=\"article:modified_time\" content=\"2026-09-06T21:32:51+00:00\" \/>\n<meta property=\"og:image\" content=\"https:\/\/fuentesfidedignas.com.mx\/wp-content\/uploads\/2026\/09\/WhatsApp-Image-2026-09-06-at-1.38.33-PM.jpg\" \/>\n\t<meta property=\"og:image:width\" content=\"500\" \/>\n\t<meta property=\"og:image:height\" content=\"333\" \/>\n\t<meta property=\"og:image:type\" content=\"image\/jpeg\" \/>\n<meta name=\"author\" content=\"Redacci\u00f3n\" \/>\n<meta name=\"twitter:card\" content=\"summary_large_image\" \/>\n<meta name=\"twitter:creator\" content=\"@fidedignas\" \/>\n<meta name=\"twitter:site\" content=\"@fidedignas\" \/>\n<meta name=\"twitter:label1\" content=\"Escrito por\" \/>\n\t<meta name=\"twitter:data1\" content=\"Redacci\u00f3n\" \/>\n\t<meta name=\"twitter:label2\" content=\"Tiempo de lectura\" \/>\n\t<meta name=\"twitter:data2\" content=\"1 minuto\" \/>\n<script type=\"application\/ld+json\" class=\"yoast-schema-graph\">{\"@context\":\"https:\\\/\\\/schema.org\",\"@graph\":[{\"@type\":\"Article\",\"@id\":\"https:\\\/\\\/fuentesfidedignas.com.mx\\\/index.php\\\/2026\\\/09\\\/06\\\/graciela-dominguez-se-reune-con-el-gabinete-para-analizar-avances-rumbo-al-quinto-informe\\\/#article\",\"isPartOf\":{\"@id\":\"https:\\\/\\\/fuentesfidedignas.com.mx\\\/index.php\\\/2026\\\/09\\\/06\\\/graciela-dominguez-se-reune-con-el-gabinete-para-analizar-avances-rumbo-al-quinto-informe\\\/\"},\"author\":{\"name\":\"Redacci\u00f3n\",\"@id\":\"https:\\\/\\\/fuentesfidedignas.com.mx\\\/#\\\/schema\\\/person\\\/331be9283d37198e2acd5750279085b0\"},\"headline\":\"Graciela Dom\u00ednguez se re\u00fane con el gabinete para analizar avances rumbo al Quinto Informe\",\"datePublished\":\"2026-09-06T21:32:44+00:00\",\"dateModified\":\"2026-09-06T21:32:51+00:00\",\"mainEntityOfPage\":{\"@id\":\"https:\\\/\\\/fuentesfidedignas.com.mx\\\/index.php\\\/2026\\\/09\\\/06\\\/graciela-dominguez-se-reune-con-el-gabinete-para-analizar-avances-rumbo-al-quinto-informe\\\/\"},\"wordCount\":185,\"commentCount\":0,\"publisher\":{\"@id\":\"https:\\\/\\\/fuentesfidedignas.com.mx\\\/#organization\"},\"image\":{\"@id\":\"https:\\\/\\\/fuentesfidedignas.com.mx\\\/index.php\\\/2026\\\/09\\\/06\\\/graciela-dominguez-se-reune-con-el-gabinete-para-analizar-avances-rumbo-al-quinto-informe\\\/#primaryimage\"},\"thumbnailUrl\":\"https:\\\/\\\/fuentesfidedignas.com.mx\\\/wp-content\\\/uploads\\\/2026\\\/09\\\/WhatsApp-Image-2026-09-06-at-1.38.33-PM.jpg\",\"articleSection\":[\"NOTA PRINCIPAL\"],\"inLanguage\":\"es\",\"potentialAction\":[{\"@type\":\"CommentAction\",\"name\":\"Comment\",\"target\":[\"https:\\\/\\\/fuentesfidedignas.com.mx\\\/index.php\\\/2026\\\/09\\\/06\\\/graciela-dominguez-se-reune-con-el-gabinete-para-analizar-avances-rumbo-al-quinto-informe\\\/#respond\"]}]},{\"@type\":\"WebPage\",\"@id\":\"https:\\\/\\\/fuentesfidedignas.com.mx\\\/index.php\\\/2026\\\/09\\\/06\\\/graciela-dominguez-se-reune-con-el-gabinete-para-analizar-avances-rumbo-al-quinto-informe\\\/\",\"url\":\"https:\\\/\\\/fuentesfidedignas.com.mx\\\/index.php\\\/2026\\\/09\\\/06\\\/graciela-dominguez-se-reune-con-el-gabinete-para-analizar-avances-rumbo-al-quinto-informe\\\/\",\"name\":\"Graciela Dom\u00ednguez se re\u00fane con el gabinete para analizar avances rumbo al Quinto Informe - Fuentes Fidedignas\",\"isPartOf\":{\"@id\":\"https:\\\/\\\/fuentesfidedignas.com.mx\\\/#website\"},\"primaryImageOfPage\":{\"@id\":\"https:\\\/\\\/fuentesfidedignas.com.mx\\\/index.php\\\/2026\\\/09\\\/06\\\/graciela-dominguez-se-reune-con-el-gabinete-para-analizar-avances-rumbo-al-quinto-informe\\\/#primaryimage\"},\"image\":{\"@id\":\"https:\\\/\\\/fuentesfidedignas.com.mx\\\/index.php\\\/2026\\\/09\\\/06\\\/graciela-dominguez-se-reune-con-el-gabinete-para-analizar-avances-rumbo-al-quinto-informe\\\/#primaryimage\"},\"thumbnailUrl\":\"https:\\\/\\\/fuentesfidedignas.com.mx\\\/wp-content\\\/uploads\\\/2026\\\/09\\\/WhatsApp-Image-2026-09-06-at-1.38.33-PM.jpg\",\"datePublished\":\"2026-09-06T21:32:44+00:00\",\"dateModified\":\"2026-09-06T21:32:51+00:00\",\"breadcrumb\":{\"@id\":\"https:\\\/\\\/fuentesfidedignas.com.mx\\\/index.php\\\/2026\\\/09\\\/06\\\/graciela-dominguez-se-reune-con-el-gabinete-para-analizar-avances-rumbo-al-quinto-informe\\\/#breadcrumb\"},\"inLanguage\":\"es\",\"potentialAction\":[{\"@type\":\"ReadAction\",\"target\":[\"https:\\\/\\\/fuentesfidedignas.com.mx\\\/index.php\\\/2026\\\/09\\\/06\\\/graciela-dominguez-se-reune-con-el-gabinete-para-analizar-avances-rumbo-al-quinto-informe\\\/\"]}]},{\"@type\":\"ImageObject\",\"inLanguage\":\"es\",\"@id\":\"https:\\\/\\\/fuentesfidedignas.com.mx\\\/index.php\\\/2026\\\/09\\\/06\\\/graciela-dominguez-se-reune-con-el-gabinete-para-analizar-avances-rumbo-al-quinto-informe\\\/#primaryimage\",\"url\":\"https:\\\/\\\/fuentesfidedignas.com.mx\\\/wp-content\\\/uploads\\\/2026\\\/09\\\/WhatsApp-Image-2026-09-06-at-1.38.33-PM.jpg\",\"contentUrl\":\"https:\\\/\\\/fuentesfidedignas.com.mx\\\/wp-content\\\/uploads\\\/2026\\\/09\\\/WhatsApp-Image-2026-09-06-at-1.38.33-PM.jpg\",\"width\":500,\"height\":333},{\"@type\":\"BreadcrumbList\",\"@id\":\"https:\\\/\\\/fuentesfidedignas.com.mx\\\/index.php\\\/2026\\\/09\\\/06\\\/graciela-dominguez-se-reune-con-el-gabinete-para-analizar-avances-rumbo-al-quinto-informe\\\/#breadcrumb\",\"itemListElement\":[{\"@type\":\"ListItem\",\"position\":1,\"name\":\"Inicio\",\"item\":\"https:\\\/\\\/fuentesfidedignas.com.mx\\\/\"},{\"@type\":\"ListItem\",\"position\":2,\"name\":\"Graciela Dom\u00ednguez se re\u00fane con el gabinete para analizar avances rumbo al Quinto Informe\"}]},{\"@type\":\"WebSite\",\"@id\":\"https:\\\/\\\/fuentesfidedignas.com.mx\\\/#website\",\"url\":\"https:\\\/\\\/fuentesfidedignas.com.mx\\\/\",\"name\":\"Fuentes Fidedignas\",\"description\":\"Otro sitio realizado con WordPress\",\"publisher\":{\"@id\":\"https:\\\/\\\/fuentesfidedignas.com.mx\\\/#organization\"},\"potentialAction\":[{\"@type\":\"SearchAction\",\"target\":{\"@type\":\"EntryPoint\",\"urlTemplate\":\"https:\\\/\\\/fuentesfidedignas.com.mx\\\/?s={search_term_string}\"},\"query-input\":{\"@type\":\"PropertyValueSpecification\",\"valueRequired\":true,\"valueName\":\"search_term_string\"}}],\"inLanguage\":\"es\"},{\"@type\":\"Organization\",\"@id\":\"https:\\\/\\\/fuentesfidedignas.com.mx\\\/#organization\",\"name\":\"Fuentes Fidedignas\",\"url\":\"https:\\\/\\\/fuentesfidedignas.com.mx\\\/\",\"logo\":{\"@type\":\"ImageObject\",\"inLanguage\":\"es\",\"@id\":\"https:\\\/\\\/fuentesfidedignas.com.mx\\\/#\\\/schema\\\/logo\\\/image\\\/\",\"url\":\"https:\\\/\\\/fuentesfidedignas.com.mx\\\/wp-content\\\/uploads\\\/2021\\\/04\\\/logo-retina.png\",\"contentUrl\":\"https:\\\/\\\/fuentesfidedignas.com.mx\\\/wp-content\\\/uploads\\\/2021\\\/04\\\/logo-retina.png\",\"width\":280,\"height\":51,\"caption\":\"Fuentes Fidedignas\"},\"image\":{\"@id\":\"https:\\\/\\\/fuentesfidedignas.com.mx\\\/#\\\/schema\\\/logo\\\/image\\\/\"},\"sameAs\":[\"https:\\\/\\\/www.facebook.com\\\/Fuentes-Fidedignas-368234489921644\",\"https:\\\/\\\/x.com\\\/fidedignas\"]},{\"@type\":\"Person\",\"@id\":\"https:\\\/\\\/fuentesfidedignas.com.mx\\\/#\\\/schema\\\/person\\\/331be9283d37198e2acd5750279085b0\",\"name\":\"Redacci\u00f3n\",\"image\":{\"@type\":\"ImageObject\",\"inLanguage\":\"es\",\"@id\":\"https:\\\/\\\/secure.gravatar.com\\\/avatar\\\/f6d8782c11d12b2d4ad3fbb6931aeab5309937a4d6cd2fc9cfaa28a6396a5aec?s=96&d=mm&r=g\",\"url\":\"https:\\\/\\\/secure.gravatar.com\\\/avatar\\\/f6d8782c11d12b2d4ad3fbb6931aeab5309937a4d6cd2fc9cfaa28a6396a5aec?s=96&d=mm&r=g\",\"contentUrl\":\"https:\\\/\\\/secure.gravatar.com\\\/avatar\\\/f6d8782c11d12b2d4ad3fbb6931aeab5309937a4d6cd2fc9cfaa28a6396a5aec?s=96&d=mm&r=g\",\"caption\":\"Redacci\u00f3n\"},\"url\":\"https:\\\/\\\/fuentesfidedignas.com.mx\\\/index.php\\\/author\\\/redaccion\\\/\"}]}<\/script>\n<!-- \/ Yoast SEO plugin. -->","yoast_head_json":{"title":"Graciela Dom\u00ednguez se re\u00fane con el gabinete para analizar avances rumbo al Quinto Informe - Fuentes Fidedignas","robots":{"index":"index","follow":"follow","max-snippet":"max-snippet:-1","max-image-preview":"max-image-preview:large","max-video-preview":"max-video-preview:-1"},"canonical":"https:\/\/fuentesfidedignas.com.mx\/index.php\/2026\/09\/06\/graciela-dominguez-se-reune-con-el-gabinete-para-analizar-avances-rumbo-al-quinto-informe\/","og_locale":"es_MX","og_type":"article","og_title":"Graciela Dom\u00ednguez se re\u00fane con el gabinete para analizar avances rumbo al Quinto Informe - Fuentes Fidedignas","og_description":"Como cada a\u00f1o, se rendir\u00e1n cuentas a las y los sinaloenses con total transparencia Culiac\u00e1n, Sin.- La gobernadora de Sinaloa, Graciela Dom\u00ednguez Nava, acompa\u00f1ada de la secretaria General de Gobierno, Yeraldine Bonilla Valverde, se reuni\u00f3 con las y los titulares de las dependencias del Gabinete Estatal, como parte de los preparativos del Quinto Informe de [&hellip;]","og_url":"https:\/\/fuentesfidedignas.com.mx\/index.php\/2026\/09\/06\/graciela-dominguez-se-reune-con-el-gabinete-para-analizar-avances-rumbo-al-quinto-informe\/","og_site_name":"Fuentes Fidedignas","article_publisher":"https:\/\/www.facebook.com\/Fuentes-Fidedignas-368234489921644","article_published_time":"2026-09-06T21:32:44+00:00","article_modified_time":"2026-09-06T21:32:51+00:00","og_image":[{"width":500,"height":333,"url":"https:\/\/fuentesfidedignas.com.mx\/wp-content\/uploads\/2026\/09\/WhatsApp-Image-2026-09-06-at-1.38.33-PM.jpg","type":"image\/jpeg"}],"author":"Redacci\u00f3n","twitter_card":"summary_large_image","twitter_creator":"@fidedignas","twitter_site":"@fidedignas","twitter_misc":{"Escrito por":"Redacci\u00f3n","Tiempo de lectura":"1 minuto"},"schema":{"@context":"https:\/\/schema.org","@graph":[{"@type":"Article","@id":"https:\/\/fuentesfidedignas.com.mx\/index.php\/2026\/09\/06\/graciela-dominguez-se-reune-con-el-gabinete-para-analizar-avances-rumbo-al-quinto-informe\/#article","isPartOf":{"@id":"https:\/\/fuentesfidedignas.com.mx\/index.php\/2026\/09\/06\/graciela-dominguez-se-reune-con-el-gabinete-para-analizar-avances-rumbo-al-quinto-informe\/"},"author":{"name":"Redacci\u00f3n","@id":"https:\/\/fuentesfidedignas.com.mx\/#\/schema\/person\/331be9283d37198e2acd5750279085b0"},"headline":"Graciela Dom\u00ednguez se re\u00fane con el gabinete para analizar avances rumbo al Quinto Informe","datePublished":"2026-09-06T21:32:44+00:00","dateModified":"2026-09-06T21:32:51+00:00","mainEntityOfPage":{"@id":"https:\/\/fuentesfidedignas.com.mx\/index.php\/2026\/09\/06\/graciela-dominguez-se-reune-con-el-gabinete-para-analizar-avances-rumbo-al-quinto-informe\/"},"wordCount":185,"commentCount":0,"publisher":{"@id":"https:\/\/fuentesfidedignas.com.mx\/#organization"},"image":{"@id":"https:\/\/fuentesfidedignas.com.mx\/index.php\/2026\/09\/06\/graciela-dominguez-se-reune-con-el-gabinete-para-analizar-avances-rumbo-al-quinto-informe\/#primaryimage"},"thumbnailUrl":"https:\/\/fuentesfidedignas.com.mx\/wp-content\/uploads\/2026\/09\/WhatsApp-Image-2026-09-06-at-1.38.33-PM.jpg","articleSection":["NOTA PRINCIPAL"],"inLanguage":"es","potentialAction":[{"@type":"CommentAction","name":"Comment","target":["https:\/\/fuentesfidedignas.com.mx\/index.php\/2026\/09\/06\/graciela-dominguez-se-reune-con-el-gabinete-para-analizar-avances-rumbo-al-quinto-informe\/#respond"]}]},{"@type":"WebPage","@id":"https:\/\/fuentesfidedignas.com.mx\/index.php\/2026\/09\/06\/graciela-dominguez-se-reune-con-el-gabinete-para-analizar-avances-rumbo-al-quinto-informe\/","url":"https:\/\/fuentesfidedignas.com.mx\/index.php\/2026\/09\/06\/graciela-dominguez-se-reune-con-el-gabinete-para-analizar-avances-rumbo-al-quinto-informe\/","name":"Graciela Dom\u00ednguez se re\u00fane con el gabinete para analizar avances rumbo al Quinto Informe - Fuentes Fidedignas","isPartOf":{"@id":"https:\/\/fuentesfidedignas.com.mx\/#website"},"primaryImageOfPage":{"@id":"https:\/\/fuentesfidedignas.com.mx\/index.php\/2026\/09\/06\/graciela-dominguez-se-reune-con-el-gabinete-para-analizar-avances-rumbo-al-quinto-informe\/#primaryimage"},"image":{"@id":"https:\/\/fuentesfidedignas.com.mx\/index.php\/2026\/09\/06\/graciela-dominguez-se-reune-con-el-gabinete-para-analizar-avances-rumbo-al-quinto-informe\/#primaryimage"},"thumbnailUrl":"https:\/\/fuentesfidedignas.com.mx\/wp-content\/uploads\/2026\/09\/WhatsApp-Image-2026-09-06-at-1.38.33-PM.jpg","datePublished":"2026-09-06T21:32:44+00:00","dateModified":"2026-09-06T21:32:51+00:00","breadcrumb":{"@id":"https:\/\/fuentesfidedignas.com.mx\/index.php\/2026\/09\/06\/graciela-dominguez-se-reune-con-el-gabinete-para-analizar-avances-rumbo-al-quinto-informe\/#breadcrumb"},"inLanguage":"es","potentialAction":[{"@type":"ReadAction","target":["https:\/\/fuentesfidedignas.com.mx\/index.php\/2026\/09\/06\/graciela-dominguez-se-reune-con-el-gabinete-para-analizar-avances-rumbo-al-quinto-informe\/"]}]},{"@type":"ImageObject","inLanguage":"es","@id":"https:\/\/fuentesfidedignas.com.mx\/index.php\/2026\/09\/06\/graciela-dominguez-se-reune-con-el-gabinete-para-analizar-avances-rumbo-al-quinto-informe\/#primaryimage","url":"https:\/\/fuentesfidedignas.com.mx\/wp-content\/uploads\/2026\/09\/WhatsApp-Image-2026-09-06-at-1.38.33-PM.jpg","contentUrl":"https:\/\/fuentesfidedignas.com.mx\/wp-content\/uploads\/2026\/09\/WhatsApp-Image-2026-09-06-at-1.38.33-PM.jpg","width":500,"height":333},{"@type":"BreadcrumbList","@id":"https:\/\/fuentesfidedignas.com.mx\/index.php\/2026\/09\/06\/graciela-dominguez-se-reune-con-el-gabinete-para-analizar-avances-rumbo-al-quinto-informe\/#breadcrumb","itemListElement":[{"@type":"ListItem","position":1,"name":"Inicio","item":"https:\/\/fuentesfidedignas.com.mx\/"},{"@type":"ListItem","position":2,"name":"Graciela Dom\u00ednguez se re\u00fane con el gabinete para analizar avances rumbo al Quinto Informe"}]},{"@type":"WebSite","@id":"https:\/\/fuentesfidedignas.com.mx\/#website","url":"https:\/\/fuentesfidedignas.com.mx\/","name":"Fuentes Fidedignas","description":"Otro sitio realizado con WordPress","publisher":{"@id":"https:\/\/fuentesfidedignas.com.mx\/#organization"},"potentialAction":[{"@type":"SearchAction","target":{"@type":"EntryPoint","urlTemplate":"https:\/\/fuentesfidedignas.com.mx\/?s={search_term_string}"},"query-input":{"@type":"PropertyValueSpecification","valueRequired":true,"valueName":"search_term_string"}}],"inLanguage":"es"},{"@type":"Organization","@id":"https:\/\/fuentesfidedignas.com.mx\/#organization","name":"Fuentes Fidedignas","url":"https:\/\/fuentesfidedignas.com.mx\/","logo":{"@type":"ImageObject","inLanguage":"es","@id":"https:\/\/fuentesfidedignas.com.mx\/#\/schema\/logo\/image\/","url":"https:\/\/fuentesfidedignas.com.mx\/wp-content\/uploads\/2021\/04\/logo-retina.png","contentUrl":"https:\/\/fuentesfidedignas.com.mx\/wp-content\/uploads\/2021\/04\/logo-retina.png","width":280,"height":51,"caption":"Fuentes Fidedignas"},"image":{"@id":"https:\/\/fuentesfidedignas.com.mx\/#\/schema\/logo\/image\/"},"sameAs":["https:\/\/www.facebook.com\/Fuentes-Fidedignas-368234489921644","https:\/\/x.com\/fidedignas"]},{"@type":"Person","@id":"https:\/\/fuentesfidedignas.com.mx\/#\/schema\/person\/331be9283d37198e2acd5750279085b0","name":"Redacci\u00f3n","image":{"@type":"ImageObject","inLanguage":"es","@id":"https:\/\/secure.gravatar.com\/avatar\/f6d8782c11d12b2d4ad3fbb6931aeab5309937a4d6cd2fc9cfaa28a6396a5aec?s=96&d=mm&r=g","url":"https:\/\/secure.gravatar.com\/avatar\/f6d8782c11d12b2d4ad3fbb6931aeab5309937a4d6cd2fc9cfaa28a6396a5aec?s=96&d=mm&r=g","contentUrl":"https:\/\/secure.gravatar.com\/avatar\/f6d8782c11d12b2d4ad3fbb6931aeab5309937a4d6cd2fc9cfaa28a6396a5aec?s=96&d=mm&r=g","caption":"Redacci\u00f3n"},"url":"https:\/\/fuentesfidedignas.com.mx\/index.php\/author\/redaccion\/"}]}},"_links":{"self":[{"href":"https:\/\/fuentesfidedignas.com.mx\/index.php\/wp-json\/wp\/v2\/posts\/141771","targetHints":{"allow":["GET"]}}],"collection":[{"href":"https:\/\/fuentesfidedignas.com.mx\/index.php\/wp-json\/wp\/v2\/posts"}],"about":[{"href":"https:\/\/fuentesfidedignas.com.mx\/index.php\/wp-json\/wp\/v2\/types\/post"}],"author":[{"embeddable":true,"href":"https:\/\/fuentesfidedignas.com.mx\/index.php\/wp-json\/wp\/v2\/users\/4"}],"replies":[{"embeddable":true,"href":"https:\/\/fuentesfidedignas.com.mx\/index.php\/wp-json\/wp\/v2\/comments?post=141771"}],"version-history":[{"count":1,"href":"https:\/\/fuentesfidedignas.com.mx\/index.php\/wp-json\/wp\/v2\/posts\/141771\/revisions"}],"predecessor-version":[{"id":141773,"href":"https:\/\/fuentesfidedignas.com.mx\/index.php\/wp-json\/wp\/v2\/posts\/141771\/revisions\/141773"}],"wp:featuredmedia":[{"embeddable":true,"href":"https:\/\/fuentesfidedignas.com.mx\/index.php\/wp-json\/wp\/v2\/media\/141772"}],"wp:attachment":[{"href":"https:\/\/fuentesfidedignas.com.mx\/index.php\/wp-json\/wp\/v2\/media?parent=141771"}],"wp:term":[{"taxonomy":"category","embeddable":true,"href":"https:\/\/fuentesfidedignas.com.mx\/index.php\/wp-json\/wp\/v2\/categories?post=141771"},{"taxonomy":"post_tag","embeddable":true,"href":"https:\/\/fuentesfidedignas.com.mx\/index.php\/wp-json\/wp\/v2\/tags?post=141771"}],"curies":[{"name":"wp","href":"https:\/\/api.w.org\/{rel}","templated":true}]}}