{"id":141768,"date":"2026-09-06T12:46:40","date_gmt":"2026-09-06T19:46:40","guid":{"rendered":"https:\/\/fuentesfidedignas.com.mx\/?p=141768"},"modified":"2026-09-06T12:46:45","modified_gmt":"2026-09-06T19:46:45","slug":"explosion-de-pirotecnia-deja-nueve-muertos-y-24-heridos-en-estado-de-mexico","status":"publish","type":"post","link":"https:\/\/fuentesfidedignas.com.mx\/index.php\/2026\/09\/06\/explosion-de-pirotecnia-deja-nueve-muertos-y-24-heridos-en-estado-de-mexico\/","title":{"rendered":"Explosi\u00f3n de pirotecnia deja nueve muertos y 24 heridos en Estado de M\u00e9xico"},"content":{"rendered":"\n<p class=\"wp-block-paragraph\"><strong><em>Autoridades detallaron que ocho v\u00edctimas murieron en el sitio y una m\u00e1s mientras recib\u00eda atenci\u00f3n m\u00e9dica en el Hospital General de Atlacomulco<\/em><\/strong><\/p>\n\n\n\n<p class=\"wp-block-paragraph\">Al menos nueve personas sin vida y 24 m\u00e1s heridas fue el resultado de una explosi\u00f3n de pirotecnia registrada durante la celebraci\u00f3n de las fiestas patronales de Nuestra Se\u00f1ora de la Luz en Temascalcingo, Estado de M\u00e9xico.<\/p>\n\n\n\n<p class=\"wp-block-paragraph\">El fuerte estallido provoc\u00f3 el colapso de la losa del inmueble, que aplast\u00f3 a las personas que se encontraban en el lugar.<\/p>\n\n\n\n<p class=\"wp-block-paragraph\"><strong>Brindan lista de personas trasladadas tras explosi\u00f3n<\/strong><br>Autoridades detallaron que ocho v\u00edctimas murieron en el sitio y una m\u00e1s en el Hospital General de Atlacomulco. Mientras tanto, detallaron que algunas de las personas eran menores de edad:<\/p>\n\n\n\n<ul class=\"wp-block-list\">\n<li>Modesto Juan Hern\u00e1ndez Garc\u00eda, 66 a\u00f1os<\/li>\n\n\n\n<li>Sa\u00fal S\u00e1nchez Romero, 52 a\u00f1os<\/li>\n\n\n\n<li>Jos\u00e9 Cruz Mart\u00ednez, 52 a\u00f1os<\/li>\n\n\n\n<li>Jos. Hern\u00e1ndez Gonz\u00e1lez, 36 a\u00f1os<\/li>\n\n\n\n<li>Teresa de Jes\u00fas Sanabria Alvarado, 27 a\u00f1os<\/li>\n\n\n\n<li>Jos\u00e9 de Jes\u00fas, 17 a\u00f1os<\/li>\n\n\n\n<li>Edwin, 16 a\u00f1os<\/li>\n\n\n\n<li>Ximena, 12 a\u00f1os<\/li>\n\n\n\n<li>Dant, 8 a\u00f1os<\/li>\n\n\n\n<li>Lesli, 7 a\u00f1os<\/li>\n\n\n\n<li>Josua Tadeo, 5 a\u00f1os<\/li>\n\n\n\n<li>Nahomi Guadalupe, un a\u00f1o 7 meses<\/li>\n<\/ul>\n\n\n\n<p class=\"wp-block-paragraph\">De acuerdo con Protecci\u00f3n Civil del Estado de M\u00e9xico, unidades municipales de Protecci\u00f3n Civil y Bomberos de la regi\u00f3n, SUEM, Comisi\u00f3n Nacional de Emergencias y Polic\u00eda Estatal llegaron al sitio para atender la emergencia.<\/p>\n\n\n\n<p class=\"wp-block-paragraph\">La Fiscal\u00eda General de Justicia del Estado de M\u00e9xico inici\u00f3 la investigaci\u00f3n correspondiente para esclarecer lo sucedido.<\/p>\n","protected":false},"excerpt":{"rendered":"<p>Autoridades detallaron que ocho v\u00edctimas murieron en el sitio y una m\u00e1s mientras recib\u00eda atenci\u00f3n m\u00e9dica en el Hospital General de Atlacomulco Al menos nueve personas sin vida y 24 m\u00e1s heridas fue el resultado de una explosi\u00f3n de pirotecnia registrada durante la celebraci\u00f3n de las fiestas patronales de Nuestra Se\u00f1ora de la Luz en [&hellip;]<\/p>\n","protected":false},"author":57,"featured_media":141769,"comment_status":"open","ping_status":"open","sticky":false,"template":"","format":"standard","meta":{"tdm_status":"","tdm_grid_status":"","footnotes":""},"categories":[39],"tags":[],"class_list":["post-141768","post","type-post","status-publish","format-standard","has-post-thumbnail","category-noticias-nacionales"],"yoast_head":"<!-- This site is optimized with the Yoast SEO plugin v28.4 - https:\/\/yoast.com\/product\/yoast-seo-wordpress\/ -->\n<title>Explosi\u00f3n de pirotecnia deja nueve muertos y 24 heridos en Estado de M\u00e9xico - Fuentes Fidedignas<\/title>\n<meta name=\"robots\" content=\"index, follow, max-snippet:-1, max-image-preview:large, max-video-preview:-1\" \/>\n<link rel=\"canonical\" href=\"https:\/\/fuentesfidedignas.com.mx\/index.php\/2026\/09\/06\/explosion-de-pirotecnia-deja-nueve-muertos-y-24-heridos-en-estado-de-mexico\/\" \/>\n<meta property=\"og:locale\" content=\"es_MX\" \/>\n<meta property=\"og:type\" content=\"article\" \/>\n<meta property=\"og:title\" content=\"Explosi\u00f3n de pirotecnia deja nueve muertos y 24 heridos en Estado de M\u00e9xico - Fuentes Fidedignas\" \/>\n<meta property=\"og:description\" content=\"Autoridades detallaron que ocho v\u00edctimas murieron en el sitio y una m\u00e1s mientras recib\u00eda atenci\u00f3n m\u00e9dica en el Hospital General de Atlacomulco Al menos nueve personas sin vida y 24 m\u00e1s heridas fue el resultado de una explosi\u00f3n de pirotecnia registrada durante la celebraci\u00f3n de las fiestas patronales de Nuestra Se\u00f1ora de la Luz en [&hellip;]\" \/>\n<meta property=\"og:url\" content=\"https:\/\/fuentesfidedignas.com.mx\/index.php\/2026\/09\/06\/explosion-de-pirotecnia-deja-nueve-muertos-y-24-heridos-en-estado-de-mexico\/\" \/>\n<meta property=\"og:site_name\" content=\"Fuentes Fidedignas\" \/>\n<meta property=\"article:publisher\" content=\"https:\/\/www.facebook.com\/Fuentes-Fidedignas-368234489921644\" \/>\n<meta property=\"article:published_time\" content=\"2026-09-06T19:46:40+00:00\" \/>\n<meta property=\"article:modified_time\" content=\"2026-09-06T19:46:45+00:00\" \/>\n<meta property=\"og:image\" content=\"https:\/\/fuentesfidedignas.com.mx\/wp-content\/uploads\/2026\/09\/tragedia_explosiva.jpg\" \/>\n\t<meta property=\"og:image:width\" content=\"500\" \/>\n\t<meta property=\"og:image:height\" content=\"281\" \/>\n\t<meta property=\"og:image:type\" content=\"image\/jpeg\" \/>\n<meta name=\"author\" content=\"Informador\" \/>\n<meta name=\"twitter:card\" content=\"summary_large_image\" \/>\n<meta name=\"twitter:creator\" content=\"@fidedignas\" \/>\n<meta name=\"twitter:site\" content=\"@fidedignas\" \/>\n<meta name=\"twitter:label1\" content=\"Escrito por\" \/>\n\t<meta name=\"twitter:data1\" content=\"Informador\" \/>\n\t<meta name=\"twitter:label2\" content=\"Tiempo de lectura\" \/>\n\t<meta name=\"twitter:data2\" content=\"2 minutos\" \/>\n<script type=\"application\/ld+json\" class=\"yoast-schema-graph\">{\"@context\":\"https:\\\/\\\/schema.org\",\"@graph\":[{\"@type\":\"Article\",\"@id\":\"https:\\\/\\\/fuentesfidedignas.com.mx\\\/index.php\\\/2026\\\/09\\\/06\\\/explosion-de-pirotecnia-deja-nueve-muertos-y-24-heridos-en-estado-de-mexico\\\/#article\",\"isPartOf\":{\"@id\":\"https:\\\/\\\/fuentesfidedignas.com.mx\\\/index.php\\\/2026\\\/09\\\/06\\\/explosion-de-pirotecnia-deja-nueve-muertos-y-24-heridos-en-estado-de-mexico\\\/\"},\"author\":{\"name\":\"Informador\",\"@id\":\"https:\\\/\\\/fuentesfidedignas.com.mx\\\/#\\\/schema\\\/person\\\/e8086b60a53aa35cbcec560401d45e4f\"},\"headline\":\"Explosi\u00f3n de pirotecnia deja nueve muertos y 24 heridos en Estado de M\u00e9xico\",\"datePublished\":\"2026-09-06T19:46:40+00:00\",\"dateModified\":\"2026-09-06T19:46:45+00:00\",\"mainEntityOfPage\":{\"@id\":\"https:\\\/\\\/fuentesfidedignas.com.mx\\\/index.php\\\/2026\\\/09\\\/06\\\/explosion-de-pirotecnia-deja-nueve-muertos-y-24-heridos-en-estado-de-mexico\\\/\"},\"wordCount\":268,\"commentCount\":0,\"publisher\":{\"@id\":\"https:\\\/\\\/fuentesfidedignas.com.mx\\\/#organization\"},\"image\":{\"@id\":\"https:\\\/\\\/fuentesfidedignas.com.mx\\\/index.php\\\/2026\\\/09\\\/06\\\/explosion-de-pirotecnia-deja-nueve-muertos-y-24-heridos-en-estado-de-mexico\\\/#primaryimage\"},\"thumbnailUrl\":\"https:\\\/\\\/fuentesfidedignas.com.mx\\\/wp-content\\\/uploads\\\/2026\\\/09\\\/tragedia_explosiva.jpg\",\"articleSection\":[\"NOTICIAS NACIONALES\"],\"inLanguage\":\"es\",\"potentialAction\":[{\"@type\":\"CommentAction\",\"name\":\"Comment\",\"target\":[\"https:\\\/\\\/fuentesfidedignas.com.mx\\\/index.php\\\/2026\\\/09\\\/06\\\/explosion-de-pirotecnia-deja-nueve-muertos-y-24-heridos-en-estado-de-mexico\\\/#respond\"]}]},{\"@type\":\"WebPage\",\"@id\":\"https:\\\/\\\/fuentesfidedignas.com.mx\\\/index.php\\\/2026\\\/09\\\/06\\\/explosion-de-pirotecnia-deja-nueve-muertos-y-24-heridos-en-estado-de-mexico\\\/\",\"url\":\"https:\\\/\\\/fuentesfidedignas.com.mx\\\/index.php\\\/2026\\\/09\\\/06\\\/explosion-de-pirotecnia-deja-nueve-muertos-y-24-heridos-en-estado-de-mexico\\\/\",\"name\":\"Explosi\u00f3n de pirotecnia deja nueve muertos y 24 heridos en Estado de M\u00e9xico - Fuentes Fidedignas\",\"isPartOf\":{\"@id\":\"https:\\\/\\\/fuentesfidedignas.com.mx\\\/#website\"},\"primaryImageOfPage\":{\"@id\":\"https:\\\/\\\/fuentesfidedignas.com.mx\\\/index.php\\\/2026\\\/09\\\/06\\\/explosion-de-pirotecnia-deja-nueve-muertos-y-24-heridos-en-estado-de-mexico\\\/#primaryimage\"},\"image\":{\"@id\":\"https:\\\/\\\/fuentesfidedignas.com.mx\\\/index.php\\\/2026\\\/09\\\/06\\\/explosion-de-pirotecnia-deja-nueve-muertos-y-24-heridos-en-estado-de-mexico\\\/#primaryimage\"},\"thumbnailUrl\":\"https:\\\/\\\/fuentesfidedignas.com.mx\\\/wp-content\\\/uploads\\\/2026\\\/09\\\/tragedia_explosiva.jpg\",\"datePublished\":\"2026-09-06T19:46:40+00:00\",\"dateModified\":\"2026-09-06T19:46:45+00:00\",\"breadcrumb\":{\"@id\":\"https:\\\/\\\/fuentesfidedignas.com.mx\\\/index.php\\\/2026\\\/09\\\/06\\\/explosion-de-pirotecnia-deja-nueve-muertos-y-24-heridos-en-estado-de-mexico\\\/#breadcrumb\"},\"inLanguage\":\"es\",\"potentialAction\":[{\"@type\":\"ReadAction\",\"target\":[\"https:\\\/\\\/fuentesfidedignas.com.mx\\\/index.php\\\/2026\\\/09\\\/06\\\/explosion-de-pirotecnia-deja-nueve-muertos-y-24-heridos-en-estado-de-mexico\\\/\"]}]},{\"@type\":\"ImageObject\",\"inLanguage\":\"es\",\"@id\":\"https:\\\/\\\/fuentesfidedignas.com.mx\\\/index.php\\\/2026\\\/09\\\/06\\\/explosion-de-pirotecnia-deja-nueve-muertos-y-24-heridos-en-estado-de-mexico\\\/#primaryimage\",\"url\":\"https:\\\/\\\/fuentesfidedignas.com.mx\\\/wp-content\\\/uploads\\\/2026\\\/09\\\/tragedia_explosiva.jpg\",\"contentUrl\":\"https:\\\/\\\/fuentesfidedignas.com.mx\\\/wp-content\\\/uploads\\\/2026\\\/09\\\/tragedia_explosiva.jpg\",\"width\":500,\"height\":281},{\"@type\":\"BreadcrumbList\",\"@id\":\"https:\\\/\\\/fuentesfidedignas.com.mx\\\/index.php\\\/2026\\\/09\\\/06\\\/explosion-de-pirotecnia-deja-nueve-muertos-y-24-heridos-en-estado-de-mexico\\\/#breadcrumb\",\"itemListElement\":[{\"@type\":\"ListItem\",\"position\":1,\"name\":\"Inicio\",\"item\":\"https:\\\/\\\/fuentesfidedignas.com.mx\\\/\"},{\"@type\":\"ListItem\",\"position\":2,\"name\":\"Explosi\u00f3n de pirotecnia deja nueve muertos y 24 heridos en Estado de M\u00e9xico\"}]},{\"@type\":\"WebSite\",\"@id\":\"https:\\\/\\\/fuentesfidedignas.com.mx\\\/#website\",\"url\":\"https:\\\/\\\/fuentesfidedignas.com.mx\\\/\",\"name\":\"Fuentes Fidedignas\",\"description\":\"Otro sitio realizado con WordPress\",\"publisher\":{\"@id\":\"https:\\\/\\\/fuentesfidedignas.com.mx\\\/#organization\"},\"potentialAction\":[{\"@type\":\"SearchAction\",\"target\":{\"@type\":\"EntryPoint\",\"urlTemplate\":\"https:\\\/\\\/fuentesfidedignas.com.mx\\\/?s={search_term_string}\"},\"query-input\":{\"@type\":\"PropertyValueSpecification\",\"valueRequired\":true,\"valueName\":\"search_term_string\"}}],\"inLanguage\":\"es\"},{\"@type\":\"Organization\",\"@id\":\"https:\\\/\\\/fuentesfidedignas.com.mx\\\/#organization\",\"name\":\"Fuentes Fidedignas\",\"url\":\"https:\\\/\\\/fuentesfidedignas.com.mx\\\/\",\"logo\":{\"@type\":\"ImageObject\",\"inLanguage\":\"es\",\"@id\":\"https:\\\/\\\/fuentesfidedignas.com.mx\\\/#\\\/schema\\\/logo\\\/image\\\/\",\"url\":\"https:\\\/\\\/fuentesfidedignas.com.mx\\\/wp-content\\\/uploads\\\/2021\\\/04\\\/logo-retina.png\",\"contentUrl\":\"https:\\\/\\\/fuentesfidedignas.com.mx\\\/wp-content\\\/uploads\\\/2021\\\/04\\\/logo-retina.png\",\"width\":280,\"height\":51,\"caption\":\"Fuentes Fidedignas\"},\"image\":{\"@id\":\"https:\\\/\\\/fuentesfidedignas.com.mx\\\/#\\\/schema\\\/logo\\\/image\\\/\"},\"sameAs\":[\"https:\\\/\\\/www.facebook.com\\\/Fuentes-Fidedignas-368234489921644\",\"https:\\\/\\\/x.com\\\/fidedignas\"]},{\"@type\":\"Person\",\"@id\":\"https:\\\/\\\/fuentesfidedignas.com.mx\\\/#\\\/schema\\\/person\\\/e8086b60a53aa35cbcec560401d45e4f\",\"name\":\"Informador\",\"image\":{\"@type\":\"ImageObject\",\"inLanguage\":\"es\",\"@id\":\"https:\\\/\\\/secure.gravatar.com\\\/avatar\\\/5edeacb7d70fb8525dce3f53a2fb61c6e731826a7db7ae0fe142f08846968b35?s=96&d=mm&r=g\",\"url\":\"https:\\\/\\\/secure.gravatar.com\\\/avatar\\\/5edeacb7d70fb8525dce3f53a2fb61c6e731826a7db7ae0fe142f08846968b35?s=96&d=mm&r=g\",\"contentUrl\":\"https:\\\/\\\/secure.gravatar.com\\\/avatar\\\/5edeacb7d70fb8525dce3f53a2fb61c6e731826a7db7ae0fe142f08846968b35?s=96&d=mm&r=g\",\"caption\":\"Informador\"},\"url\":\"https:\\\/\\\/fuentesfidedignas.com.mx\\\/index.php\\\/author\\\/informador\\\/\"}]}<\/script>\n<!-- \/ Yoast SEO plugin. -->","yoast_head_json":{"title":"Explosi\u00f3n de pirotecnia deja nueve muertos y 24 heridos en Estado de M\u00e9xico - Fuentes Fidedignas","robots":{"index":"index","follow":"follow","max-snippet":"max-snippet:-1","max-image-preview":"max-image-preview:large","max-video-preview":"max-video-preview:-1"},"canonical":"https:\/\/fuentesfidedignas.com.mx\/index.php\/2026\/09\/06\/explosion-de-pirotecnia-deja-nueve-muertos-y-24-heridos-en-estado-de-mexico\/","og_locale":"es_MX","og_type":"article","og_title":"Explosi\u00f3n de pirotecnia deja nueve muertos y 24 heridos en Estado de M\u00e9xico - Fuentes Fidedignas","og_description":"Autoridades detallaron que ocho v\u00edctimas murieron en el sitio y una m\u00e1s mientras recib\u00eda atenci\u00f3n m\u00e9dica en el Hospital General de Atlacomulco Al menos nueve personas sin vida y 24 m\u00e1s heridas fue el resultado de una explosi\u00f3n de pirotecnia registrada durante la celebraci\u00f3n de las fiestas patronales de Nuestra Se\u00f1ora de la Luz en [&hellip;]","og_url":"https:\/\/fuentesfidedignas.com.mx\/index.php\/2026\/09\/06\/explosion-de-pirotecnia-deja-nueve-muertos-y-24-heridos-en-estado-de-mexico\/","og_site_name":"Fuentes Fidedignas","article_publisher":"https:\/\/www.facebook.com\/Fuentes-Fidedignas-368234489921644","article_published_time":"2026-09-06T19:46:40+00:00","article_modified_time":"2026-09-06T19:46:45+00:00","og_image":[{"width":500,"height":281,"url":"https:\/\/fuentesfidedignas.com.mx\/wp-content\/uploads\/2026\/09\/tragedia_explosiva.jpg","type":"image\/jpeg"}],"author":"Informador","twitter_card":"summary_large_image","twitter_creator":"@fidedignas","twitter_site":"@fidedignas","twitter_misc":{"Escrito por":"Informador","Tiempo de lectura":"2 minutos"},"schema":{"@context":"https:\/\/schema.org","@graph":[{"@type":"Article","@id":"https:\/\/fuentesfidedignas.com.mx\/index.php\/2026\/09\/06\/explosion-de-pirotecnia-deja-nueve-muertos-y-24-heridos-en-estado-de-mexico\/#article","isPartOf":{"@id":"https:\/\/fuentesfidedignas.com.mx\/index.php\/2026\/09\/06\/explosion-de-pirotecnia-deja-nueve-muertos-y-24-heridos-en-estado-de-mexico\/"},"author":{"name":"Informador","@id":"https:\/\/fuentesfidedignas.com.mx\/#\/schema\/person\/e8086b60a53aa35cbcec560401d45e4f"},"headline":"Explosi\u00f3n de pirotecnia deja nueve muertos y 24 heridos en Estado de M\u00e9xico","datePublished":"2026-09-06T19:46:40+00:00","dateModified":"2026-09-06T19:46:45+00:00","mainEntityOfPage":{"@id":"https:\/\/fuentesfidedignas.com.mx\/index.php\/2026\/09\/06\/explosion-de-pirotecnia-deja-nueve-muertos-y-24-heridos-en-estado-de-mexico\/"},"wordCount":268,"commentCount":0,"publisher":{"@id":"https:\/\/fuentesfidedignas.com.mx\/#organization"},"image":{"@id":"https:\/\/fuentesfidedignas.com.mx\/index.php\/2026\/09\/06\/explosion-de-pirotecnia-deja-nueve-muertos-y-24-heridos-en-estado-de-mexico\/#primaryimage"},"thumbnailUrl":"https:\/\/fuentesfidedignas.com.mx\/wp-content\/uploads\/2026\/09\/tragedia_explosiva.jpg","articleSection":["NOTICIAS NACIONALES"],"inLanguage":"es","potentialAction":[{"@type":"CommentAction","name":"Comment","target":["https:\/\/fuentesfidedignas.com.mx\/index.php\/2026\/09\/06\/explosion-de-pirotecnia-deja-nueve-muertos-y-24-heridos-en-estado-de-mexico\/#respond"]}]},{"@type":"WebPage","@id":"https:\/\/fuentesfidedignas.com.mx\/index.php\/2026\/09\/06\/explosion-de-pirotecnia-deja-nueve-muertos-y-24-heridos-en-estado-de-mexico\/","url":"https:\/\/fuentesfidedignas.com.mx\/index.php\/2026\/09\/06\/explosion-de-pirotecnia-deja-nueve-muertos-y-24-heridos-en-estado-de-mexico\/","name":"Explosi\u00f3n de pirotecnia deja nueve muertos y 24 heridos en Estado de M\u00e9xico - Fuentes Fidedignas","isPartOf":{"@id":"https:\/\/fuentesfidedignas.com.mx\/#website"},"primaryImageOfPage":{"@id":"https:\/\/fuentesfidedignas.com.mx\/index.php\/2026\/09\/06\/explosion-de-pirotecnia-deja-nueve-muertos-y-24-heridos-en-estado-de-mexico\/#primaryimage"},"image":{"@id":"https:\/\/fuentesfidedignas.com.mx\/index.php\/2026\/09\/06\/explosion-de-pirotecnia-deja-nueve-muertos-y-24-heridos-en-estado-de-mexico\/#primaryimage"},"thumbnailUrl":"https:\/\/fuentesfidedignas.com.mx\/wp-content\/uploads\/2026\/09\/tragedia_explosiva.jpg","datePublished":"2026-09-06T19:46:40+00:00","dateModified":"2026-09-06T19:46:45+00:00","breadcrumb":{"@id":"https:\/\/fuentesfidedignas.com.mx\/index.php\/2026\/09\/06\/explosion-de-pirotecnia-deja-nueve-muertos-y-24-heridos-en-estado-de-mexico\/#breadcrumb"},"inLanguage":"es","potentialAction":[{"@type":"ReadAction","target":["https:\/\/fuentesfidedignas.com.mx\/index.php\/2026\/09\/06\/explosion-de-pirotecnia-deja-nueve-muertos-y-24-heridos-en-estado-de-mexico\/"]}]},{"@type":"ImageObject","inLanguage":"es","@id":"https:\/\/fuentesfidedignas.com.mx\/index.php\/2026\/09\/06\/explosion-de-pirotecnia-deja-nueve-muertos-y-24-heridos-en-estado-de-mexico\/#primaryimage","url":"https:\/\/fuentesfidedignas.com.mx\/wp-content\/uploads\/2026\/09\/tragedia_explosiva.jpg","contentUrl":"https:\/\/fuentesfidedignas.com.mx\/wp-content\/uploads\/2026\/09\/tragedia_explosiva.jpg","width":500,"height":281},{"@type":"BreadcrumbList","@id":"https:\/\/fuentesfidedignas.com.mx\/index.php\/2026\/09\/06\/explosion-de-pirotecnia-deja-nueve-muertos-y-24-heridos-en-estado-de-mexico\/#breadcrumb","itemListElement":[{"@type":"ListItem","position":1,"name":"Inicio","item":"https:\/\/fuentesfidedignas.com.mx\/"},{"@type":"ListItem","position":2,"name":"Explosi\u00f3n de pirotecnia deja nueve muertos y 24 heridos en Estado de M\u00e9xico"}]},{"@type":"WebSite","@id":"https:\/\/fuentesfidedignas.com.mx\/#website","url":"https:\/\/fuentesfidedignas.com.mx\/","name":"Fuentes Fidedignas","description":"Otro sitio realizado con WordPress","publisher":{"@id":"https:\/\/fuentesfidedignas.com.mx\/#organization"},"potentialAction":[{"@type":"SearchAction","target":{"@type":"EntryPoint","urlTemplate":"https:\/\/fuentesfidedignas.com.mx\/?s={search_term_string}"},"query-input":{"@type":"PropertyValueSpecification","valueRequired":true,"valueName":"search_term_string"}}],"inLanguage":"es"},{"@type":"Organization","@id":"https:\/\/fuentesfidedignas.com.mx\/#organization","name":"Fuentes Fidedignas","url":"https:\/\/fuentesfidedignas.com.mx\/","logo":{"@type":"ImageObject","inLanguage":"es","@id":"https:\/\/fuentesfidedignas.com.mx\/#\/schema\/logo\/image\/","url":"https:\/\/fuentesfidedignas.com.mx\/wp-content\/uploads\/2021\/04\/logo-retina.png","contentUrl":"https:\/\/fuentesfidedignas.com.mx\/wp-content\/uploads\/2021\/04\/logo-retina.png","width":280,"height":51,"caption":"Fuentes Fidedignas"},"image":{"@id":"https:\/\/fuentesfidedignas.com.mx\/#\/schema\/logo\/image\/"},"sameAs":["https:\/\/www.facebook.com\/Fuentes-Fidedignas-368234489921644","https:\/\/x.com\/fidedignas"]},{"@type":"Person","@id":"https:\/\/fuentesfidedignas.com.mx\/#\/schema\/person\/e8086b60a53aa35cbcec560401d45e4f","name":"Informador","image":{"@type":"ImageObject","inLanguage":"es","@id":"https:\/\/secure.gravatar.com\/avatar\/5edeacb7d70fb8525dce3f53a2fb61c6e731826a7db7ae0fe142f08846968b35?s=96&d=mm&r=g","url":"https:\/\/secure.gravatar.com\/avatar\/5edeacb7d70fb8525dce3f53a2fb61c6e731826a7db7ae0fe142f08846968b35?s=96&d=mm&r=g","contentUrl":"https:\/\/secure.gravatar.com\/avatar\/5edeacb7d70fb8525dce3f53a2fb61c6e731826a7db7ae0fe142f08846968b35?s=96&d=mm&r=g","caption":"Informador"},"url":"https:\/\/fuentesfidedignas.com.mx\/index.php\/author\/informador\/"}]}},"_links":{"self":[{"href":"https:\/\/fuentesfidedignas.com.mx\/index.php\/wp-json\/wp\/v2\/posts\/141768","targetHints":{"allow":["GET"]}}],"collection":[{"href":"https:\/\/fuentesfidedignas.com.mx\/index.php\/wp-json\/wp\/v2\/posts"}],"about":[{"href":"https:\/\/fuentesfidedignas.com.mx\/index.php\/wp-json\/wp\/v2\/types\/post"}],"author":[{"embeddable":true,"href":"https:\/\/fuentesfidedignas.com.mx\/index.php\/wp-json\/wp\/v2\/users\/57"}],"replies":[{"embeddable":true,"href":"https:\/\/fuentesfidedignas.com.mx\/index.php\/wp-json\/wp\/v2\/comments?post=141768"}],"version-history":[{"count":1,"href":"https:\/\/fuentesfidedignas.com.mx\/index.php\/wp-json\/wp\/v2\/posts\/141768\/revisions"}],"predecessor-version":[{"id":141770,"href":"https:\/\/fuentesfidedignas.com.mx\/index.php\/wp-json\/wp\/v2\/posts\/141768\/revisions\/141770"}],"wp:featuredmedia":[{"embeddable":true,"href":"https:\/\/fuentesfidedignas.com.mx\/index.php\/wp-json\/wp\/v2\/media\/141769"}],"wp:attachment":[{"href":"https:\/\/fuentesfidedignas.com.mx\/index.php\/wp-json\/wp\/v2\/media?parent=141768"}],"wp:term":[{"taxonomy":"category","embeddable":true,"href":"https:\/\/fuentesfidedignas.com.mx\/index.php\/wp-json\/wp\/v2\/categories?post=141768"},{"taxonomy":"post_tag","embeddable":true,"href":"https:\/\/fuentesfidedignas.com.mx\/index.php\/wp-json\/wp\/v2\/tags?post=141768"}],"curies":[{"name":"wp","href":"https:\/\/api.w.org\/{rel}","templated":true}]}}