{"id":141765,"date":"2026-09-06T12:42:23","date_gmt":"2026-09-06T19:42:23","guid":{"rendered":"https:\/\/fuentesfidedignas.com.mx\/?p=141765"},"modified":"2026-09-06T12:42:27","modified_gmt":"2026-09-06T19:42:27","slug":"llaman-a-fortalecer-las-acciones-para-proteger-los-ecosistemas-y-las-especies-animales-ante-el-cambio-climatico","status":"publish","type":"post","link":"https:\/\/fuentesfidedignas.com.mx\/index.php\/2026\/09\/06\/llaman-a-fortalecer-las-acciones-para-proteger-los-ecosistemas-y-las-especies-animales-ante-el-cambio-climatico\/","title":{"rendered":"Llaman a fortalecer las acciones para proteger los ecosistemas y las especies\u00a0animales ante el cambio clim\u00e1tico"},"content":{"rendered":"\n<p class=\"wp-block-paragraph\"><strong><em>El especialista asegura que la tecnolog\u00eda permite a los humanos adaptarse al cambio clim\u00e1tico sin modificar su organismo, mientras la biodiversidad enfrenta una carrera contra el aumento de las temperaturas<\/em><\/strong><\/p>\n\n\n\n<p class=\"wp-block-paragraph\">La medicina y la tecnolog\u00eda permiten a los seres humanos \u201chacer trampa\u201d a la selecci\u00f3n natural frente al cambio clim\u00e1tico, mientras que las especies silvestres permanecen vulnerables ante el r\u00e1pido aumento de las temperaturas, explic\u00f3 Guillermo S\u00e1nchez Zazueta.<\/p>\n\n\n\n<p class=\"wp-block-paragraph\">El profesor investigador de la Facultad de Ciencias Naturales y Exactas se\u00f1al\u00f3 que, gracias a la ventaja intelectual de nuestra especie, los seres humanos hemos desarrollado una especie de selecci\u00f3n artificial, mediante la cual adaptamos el entorno a nuestras necesidades en lugar de modificar f\u00edsicamente nuestro organismo para sobrevivir.<\/p>\n\n\n\n<p class=\"wp-block-paragraph\">El especialista en biolog\u00eda evolutiva coment\u00f3 que, mientras el cambio clim\u00e1tico y el dr\u00e1stico aumento de las temperaturas representan una amenaza de extinci\u00f3n para la flora y la fauna silvestres debido a su limitada capacidad para adaptarse con rapidez, los seres humanos pueden evadir algunas de estas presiones ambientales mediante la tecnolog\u00eda. Como ejemplo, se\u00f1al\u00f3 que, ante temperaturas elevadas, una persona simplemente puede encender el aire acondicionado para modificar las condiciones de su entorno.<\/p>\n\n\n\n<p class=\"wp-block-paragraph\">Sin embargo, precis\u00f3 que la evoluci\u00f3n humana no se detiene, aunque avanza bajo condiciones distintas a las del resto de los seres vivos.<\/p>\n\n\n\n<p class=\"wp-block-paragraph\">\u201cEl verdadero cambio evolutivo solo ocurre si el ambiente altera las c\u00e9lulas germinales, es decir, el \u00f3vulo o el espermatozoide\u201d, explic\u00f3.<\/p>\n\n\n\n<p class=\"wp-block-paragraph\">En ese sentido, mencion\u00f3 que los posibles efectos evolutivos en la humanidad se manifestar\u00edan a muy largo plazo, despu\u00e9s del transcurso de numerosas generaciones.<\/p>\n\n\n\n<p class=\"wp-block-paragraph\">No obstante, agreg\u00f3 que algunos agentes mut\u00e1genos emergentes podr\u00edan contribuir a alterar nuestra informaci\u00f3n hereditaria a largo plazo. Entre ellos mencion\u00f3 los micropl\u00e1sticos, as\u00ed como ciertos colorantes y saborizantes artificiales, cuyos efectos espec\u00edficos sobre las g\u00f3nadas todav\u00eda se desconocen.<\/p>\n\n\n\n<p class=\"wp-block-paragraph\">S\u00e1nchez Zazueta se\u00f1al\u00f3 que la verdadera urgencia clim\u00e1tica se concentra en la biodiversidad y, particularmente, en las especies silvestres, que carecen de las herramientas tecnol\u00f3gicas y de la capacidad de modificar su entorno con la rapidez con la que lo hacen los seres humanos.<\/p>\n\n\n\n<p class=\"wp-block-paragraph\">Por ello, hizo un llamado a la comunidad cient\u00edfica y a la sociedad en general a fortalecer las acciones para proteger los ecosistemas y las especies que no tienen la posibilidad de modificar las condiciones ambientales a su conveniencia frente al acelerado cambio clim\u00e1tico.<\/p>\n","protected":false},"excerpt":{"rendered":"<p>El especialista asegura que la tecnolog\u00eda permite a los humanos adaptarse al cambio clim\u00e1tico sin modificar su organismo, mientras la biodiversidad enfrenta una carrera contra el aumento de las temperaturas La medicina y la tecnolog\u00eda permiten a los seres humanos \u201chacer trampa\u201d a la selecci\u00f3n natural frente al cambio clim\u00e1tico, mientras que las especies silvestres [&hellip;]<\/p>\n","protected":false},"author":4,"featured_media":141766,"comment_status":"open","ping_status":"open","sticky":false,"template":"","format":"standard","meta":{"tdm_status":"","tdm_grid_status":"","footnotes":""},"categories":[37],"tags":[],"class_list":["post-141765","post","type-post","status-publish","format-standard","has-post-thumbnail","category-nota-principal"],"yoast_head":"<!-- This site is optimized with the Yoast SEO plugin v28.4 - https:\/\/yoast.com\/product\/yoast-seo-wordpress\/ -->\n<title>Llaman a fortalecer las acciones para proteger los ecosistemas y las especies\u00a0animales ante el cambio clim\u00e1tico - Fuentes Fidedignas<\/title>\n<meta name=\"robots\" content=\"index, follow, max-snippet:-1, max-image-preview:large, max-video-preview:-1\" \/>\n<link rel=\"canonical\" href=\"https:\/\/fuentesfidedignas.com.mx\/index.php\/2026\/09\/06\/llaman-a-fortalecer-las-acciones-para-proteger-los-ecosistemas-y-las-especies-animales-ante-el-cambio-climatico\/\" \/>\n<meta property=\"og:locale\" content=\"es_MX\" \/>\n<meta property=\"og:type\" content=\"article\" \/>\n<meta property=\"og:title\" content=\"Llaman a fortalecer las acciones para proteger los ecosistemas y las especies\u00a0animales ante el cambio clim\u00e1tico - Fuentes Fidedignas\" \/>\n<meta property=\"og:description\" content=\"El especialista asegura que la tecnolog\u00eda permite a los humanos adaptarse al cambio clim\u00e1tico sin modificar su organismo, mientras la biodiversidad enfrenta una carrera contra el aumento de las temperaturas La medicina y la tecnolog\u00eda permiten a los seres humanos \u201chacer trampa\u201d a la selecci\u00f3n natural frente al cambio clim\u00e1tico, mientras que las especies silvestres [&hellip;]\" \/>\n<meta property=\"og:url\" content=\"https:\/\/fuentesfidedignas.com.mx\/index.php\/2026\/09\/06\/llaman-a-fortalecer-las-acciones-para-proteger-los-ecosistemas-y-las-especies-animales-ante-el-cambio-climatico\/\" \/>\n<meta property=\"og:site_name\" content=\"Fuentes Fidedignas\" \/>\n<meta property=\"article:publisher\" content=\"https:\/\/www.facebook.com\/Fuentes-Fidedignas-368234489921644\" \/>\n<meta property=\"article:published_time\" content=\"2026-09-06T19:42:23+00:00\" \/>\n<meta property=\"article:modified_time\" content=\"2026-09-06T19:42:27+00:00\" \/>\n<meta property=\"og:image\" content=\"https:\/\/fuentesfidedignas.com.mx\/wp-content\/uploads\/2026\/09\/UA-CAMBIO-CLIMATICO-2.jpg\" \/>\n\t<meta property=\"og:image:width\" content=\"500\" \/>\n\t<meta property=\"og:image:height\" content=\"272\" \/>\n\t<meta property=\"og:image:type\" content=\"image\/jpeg\" \/>\n<meta name=\"author\" content=\"Redacci\u00f3n\" \/>\n<meta name=\"twitter:card\" content=\"summary_large_image\" \/>\n<meta name=\"twitter:creator\" content=\"@fidedignas\" \/>\n<meta name=\"twitter:site\" content=\"@fidedignas\" \/>\n<meta name=\"twitter:label1\" content=\"Escrito por\" \/>\n\t<meta name=\"twitter:data1\" content=\"Redacci\u00f3n\" \/>\n\t<meta name=\"twitter:label2\" content=\"Tiempo de lectura\" \/>\n\t<meta name=\"twitter:data2\" content=\"2 minutos\" \/>\n<script type=\"application\/ld+json\" class=\"yoast-schema-graph\">{\"@context\":\"https:\\\/\\\/schema.org\",\"@graph\":[{\"@type\":\"Article\",\"@id\":\"https:\\\/\\\/fuentesfidedignas.com.mx\\\/index.php\\\/2026\\\/09\\\/06\\\/llaman-a-fortalecer-las-acciones-para-proteger-los-ecosistemas-y-las-especies-animales-ante-el-cambio-climatico\\\/#article\",\"isPartOf\":{\"@id\":\"https:\\\/\\\/fuentesfidedignas.com.mx\\\/index.php\\\/2026\\\/09\\\/06\\\/llaman-a-fortalecer-las-acciones-para-proteger-los-ecosistemas-y-las-especies-animales-ante-el-cambio-climatico\\\/\"},\"author\":{\"name\":\"Redacci\u00f3n\",\"@id\":\"https:\\\/\\\/fuentesfidedignas.com.mx\\\/#\\\/schema\\\/person\\\/331be9283d37198e2acd5750279085b0\"},\"headline\":\"Llaman a fortalecer las acciones para proteger los ecosistemas y las especies\u00a0animales ante el cambio clim\u00e1tico\",\"datePublished\":\"2026-09-06T19:42:23+00:00\",\"dateModified\":\"2026-09-06T19:42:27+00:00\",\"mainEntityOfPage\":{\"@id\":\"https:\\\/\\\/fuentesfidedignas.com.mx\\\/index.php\\\/2026\\\/09\\\/06\\\/llaman-a-fortalecer-las-acciones-para-proteger-los-ecosistemas-y-las-especies-animales-ante-el-cambio-climatico\\\/\"},\"wordCount\":437,\"commentCount\":0,\"publisher\":{\"@id\":\"https:\\\/\\\/fuentesfidedignas.com.mx\\\/#organization\"},\"image\":{\"@id\":\"https:\\\/\\\/fuentesfidedignas.com.mx\\\/index.php\\\/2026\\\/09\\\/06\\\/llaman-a-fortalecer-las-acciones-para-proteger-los-ecosistemas-y-las-especies-animales-ante-el-cambio-climatico\\\/#primaryimage\"},\"thumbnailUrl\":\"https:\\\/\\\/fuentesfidedignas.com.mx\\\/wp-content\\\/uploads\\\/2026\\\/09\\\/UA-CAMBIO-CLIMATICO-2.jpg\",\"articleSection\":[\"NOTA PRINCIPAL\"],\"inLanguage\":\"es\",\"potentialAction\":[{\"@type\":\"CommentAction\",\"name\":\"Comment\",\"target\":[\"https:\\\/\\\/fuentesfidedignas.com.mx\\\/index.php\\\/2026\\\/09\\\/06\\\/llaman-a-fortalecer-las-acciones-para-proteger-los-ecosistemas-y-las-especies-animales-ante-el-cambio-climatico\\\/#respond\"]}]},{\"@type\":\"WebPage\",\"@id\":\"https:\\\/\\\/fuentesfidedignas.com.mx\\\/index.php\\\/2026\\\/09\\\/06\\\/llaman-a-fortalecer-las-acciones-para-proteger-los-ecosistemas-y-las-especies-animales-ante-el-cambio-climatico\\\/\",\"url\":\"https:\\\/\\\/fuentesfidedignas.com.mx\\\/index.php\\\/2026\\\/09\\\/06\\\/llaman-a-fortalecer-las-acciones-para-proteger-los-ecosistemas-y-las-especies-animales-ante-el-cambio-climatico\\\/\",\"name\":\"Llaman a fortalecer las acciones para proteger los ecosistemas y las especies\u00a0animales ante el cambio clim\u00e1tico - Fuentes Fidedignas\",\"isPartOf\":{\"@id\":\"https:\\\/\\\/fuentesfidedignas.com.mx\\\/#website\"},\"primaryImageOfPage\":{\"@id\":\"https:\\\/\\\/fuentesfidedignas.com.mx\\\/index.php\\\/2026\\\/09\\\/06\\\/llaman-a-fortalecer-las-acciones-para-proteger-los-ecosistemas-y-las-especies-animales-ante-el-cambio-climatico\\\/#primaryimage\"},\"image\":{\"@id\":\"https:\\\/\\\/fuentesfidedignas.com.mx\\\/index.php\\\/2026\\\/09\\\/06\\\/llaman-a-fortalecer-las-acciones-para-proteger-los-ecosistemas-y-las-especies-animales-ante-el-cambio-climatico\\\/#primaryimage\"},\"thumbnailUrl\":\"https:\\\/\\\/fuentesfidedignas.com.mx\\\/wp-content\\\/uploads\\\/2026\\\/09\\\/UA-CAMBIO-CLIMATICO-2.jpg\",\"datePublished\":\"2026-09-06T19:42:23+00:00\",\"dateModified\":\"2026-09-06T19:42:27+00:00\",\"breadcrumb\":{\"@id\":\"https:\\\/\\\/fuentesfidedignas.com.mx\\\/index.php\\\/2026\\\/09\\\/06\\\/llaman-a-fortalecer-las-acciones-para-proteger-los-ecosistemas-y-las-especies-animales-ante-el-cambio-climatico\\\/#breadcrumb\"},\"inLanguage\":\"es\",\"potentialAction\":[{\"@type\":\"ReadAction\",\"target\":[\"https:\\\/\\\/fuentesfidedignas.com.mx\\\/index.php\\\/2026\\\/09\\\/06\\\/llaman-a-fortalecer-las-acciones-para-proteger-los-ecosistemas-y-las-especies-animales-ante-el-cambio-climatico\\\/\"]}]},{\"@type\":\"ImageObject\",\"inLanguage\":\"es\",\"@id\":\"https:\\\/\\\/fuentesfidedignas.com.mx\\\/index.php\\\/2026\\\/09\\\/06\\\/llaman-a-fortalecer-las-acciones-para-proteger-los-ecosistemas-y-las-especies-animales-ante-el-cambio-climatico\\\/#primaryimage\",\"url\":\"https:\\\/\\\/fuentesfidedignas.com.mx\\\/wp-content\\\/uploads\\\/2026\\\/09\\\/UA-CAMBIO-CLIMATICO-2.jpg\",\"contentUrl\":\"https:\\\/\\\/fuentesfidedignas.com.mx\\\/wp-content\\\/uploads\\\/2026\\\/09\\\/UA-CAMBIO-CLIMATICO-2.jpg\",\"width\":500,\"height\":272},{\"@type\":\"BreadcrumbList\",\"@id\":\"https:\\\/\\\/fuentesfidedignas.com.mx\\\/index.php\\\/2026\\\/09\\\/06\\\/llaman-a-fortalecer-las-acciones-para-proteger-los-ecosistemas-y-las-especies-animales-ante-el-cambio-climatico\\\/#breadcrumb\",\"itemListElement\":[{\"@type\":\"ListItem\",\"position\":1,\"name\":\"Inicio\",\"item\":\"https:\\\/\\\/fuentesfidedignas.com.mx\\\/\"},{\"@type\":\"ListItem\",\"position\":2,\"name\":\"Llaman a fortalecer las acciones para proteger los ecosistemas y las especies\u00a0animales ante el cambio clim\u00e1tico\"}]},{\"@type\":\"WebSite\",\"@id\":\"https:\\\/\\\/fuentesfidedignas.com.mx\\\/#website\",\"url\":\"https:\\\/\\\/fuentesfidedignas.com.mx\\\/\",\"name\":\"Fuentes Fidedignas\",\"description\":\"Otro sitio realizado con WordPress\",\"publisher\":{\"@id\":\"https:\\\/\\\/fuentesfidedignas.com.mx\\\/#organization\"},\"potentialAction\":[{\"@type\":\"SearchAction\",\"target\":{\"@type\":\"EntryPoint\",\"urlTemplate\":\"https:\\\/\\\/fuentesfidedignas.com.mx\\\/?s={search_term_string}\"},\"query-input\":{\"@type\":\"PropertyValueSpecification\",\"valueRequired\":true,\"valueName\":\"search_term_string\"}}],\"inLanguage\":\"es\"},{\"@type\":\"Organization\",\"@id\":\"https:\\\/\\\/fuentesfidedignas.com.mx\\\/#organization\",\"name\":\"Fuentes Fidedignas\",\"url\":\"https:\\\/\\\/fuentesfidedignas.com.mx\\\/\",\"logo\":{\"@type\":\"ImageObject\",\"inLanguage\":\"es\",\"@id\":\"https:\\\/\\\/fuentesfidedignas.com.mx\\\/#\\\/schema\\\/logo\\\/image\\\/\",\"url\":\"https:\\\/\\\/fuentesfidedignas.com.mx\\\/wp-content\\\/uploads\\\/2021\\\/04\\\/logo-retina.png\",\"contentUrl\":\"https:\\\/\\\/fuentesfidedignas.com.mx\\\/wp-content\\\/uploads\\\/2021\\\/04\\\/logo-retina.png\",\"width\":280,\"height\":51,\"caption\":\"Fuentes Fidedignas\"},\"image\":{\"@id\":\"https:\\\/\\\/fuentesfidedignas.com.mx\\\/#\\\/schema\\\/logo\\\/image\\\/\"},\"sameAs\":[\"https:\\\/\\\/www.facebook.com\\\/Fuentes-Fidedignas-368234489921644\",\"https:\\\/\\\/x.com\\\/fidedignas\"]},{\"@type\":\"Person\",\"@id\":\"https:\\\/\\\/fuentesfidedignas.com.mx\\\/#\\\/schema\\\/person\\\/331be9283d37198e2acd5750279085b0\",\"name\":\"Redacci\u00f3n\",\"image\":{\"@type\":\"ImageObject\",\"inLanguage\":\"es\",\"@id\":\"https:\\\/\\\/secure.gravatar.com\\\/avatar\\\/f6d8782c11d12b2d4ad3fbb6931aeab5309937a4d6cd2fc9cfaa28a6396a5aec?s=96&d=mm&r=g\",\"url\":\"https:\\\/\\\/secure.gravatar.com\\\/avatar\\\/f6d8782c11d12b2d4ad3fbb6931aeab5309937a4d6cd2fc9cfaa28a6396a5aec?s=96&d=mm&r=g\",\"contentUrl\":\"https:\\\/\\\/secure.gravatar.com\\\/avatar\\\/f6d8782c11d12b2d4ad3fbb6931aeab5309937a4d6cd2fc9cfaa28a6396a5aec?s=96&d=mm&r=g\",\"caption\":\"Redacci\u00f3n\"},\"url\":\"https:\\\/\\\/fuentesfidedignas.com.mx\\\/index.php\\\/author\\\/redaccion\\\/\"}]}<\/script>\n<!-- \/ Yoast SEO plugin. -->","yoast_head_json":{"title":"Llaman a fortalecer las acciones para proteger los ecosistemas y las especies\u00a0animales ante el cambio clim\u00e1tico - Fuentes Fidedignas","robots":{"index":"index","follow":"follow","max-snippet":"max-snippet:-1","max-image-preview":"max-image-preview:large","max-video-preview":"max-video-preview:-1"},"canonical":"https:\/\/fuentesfidedignas.com.mx\/index.php\/2026\/09\/06\/llaman-a-fortalecer-las-acciones-para-proteger-los-ecosistemas-y-las-especies-animales-ante-el-cambio-climatico\/","og_locale":"es_MX","og_type":"article","og_title":"Llaman a fortalecer las acciones para proteger los ecosistemas y las especies\u00a0animales ante el cambio clim\u00e1tico - Fuentes Fidedignas","og_description":"El especialista asegura que la tecnolog\u00eda permite a los humanos adaptarse al cambio clim\u00e1tico sin modificar su organismo, mientras la biodiversidad enfrenta una carrera contra el aumento de las temperaturas La medicina y la tecnolog\u00eda permiten a los seres humanos \u201chacer trampa\u201d a la selecci\u00f3n natural frente al cambio clim\u00e1tico, mientras que las especies silvestres [&hellip;]","og_url":"https:\/\/fuentesfidedignas.com.mx\/index.php\/2026\/09\/06\/llaman-a-fortalecer-las-acciones-para-proteger-los-ecosistemas-y-las-especies-animales-ante-el-cambio-climatico\/","og_site_name":"Fuentes Fidedignas","article_publisher":"https:\/\/www.facebook.com\/Fuentes-Fidedignas-368234489921644","article_published_time":"2026-09-06T19:42:23+00:00","article_modified_time":"2026-09-06T19:42:27+00:00","og_image":[{"width":500,"height":272,"url":"https:\/\/fuentesfidedignas.com.mx\/wp-content\/uploads\/2026\/09\/UA-CAMBIO-CLIMATICO-2.jpg","type":"image\/jpeg"}],"author":"Redacci\u00f3n","twitter_card":"summary_large_image","twitter_creator":"@fidedignas","twitter_site":"@fidedignas","twitter_misc":{"Escrito por":"Redacci\u00f3n","Tiempo de lectura":"2 minutos"},"schema":{"@context":"https:\/\/schema.org","@graph":[{"@type":"Article","@id":"https:\/\/fuentesfidedignas.com.mx\/index.php\/2026\/09\/06\/llaman-a-fortalecer-las-acciones-para-proteger-los-ecosistemas-y-las-especies-animales-ante-el-cambio-climatico\/#article","isPartOf":{"@id":"https:\/\/fuentesfidedignas.com.mx\/index.php\/2026\/09\/06\/llaman-a-fortalecer-las-acciones-para-proteger-los-ecosistemas-y-las-especies-animales-ante-el-cambio-climatico\/"},"author":{"name":"Redacci\u00f3n","@id":"https:\/\/fuentesfidedignas.com.mx\/#\/schema\/person\/331be9283d37198e2acd5750279085b0"},"headline":"Llaman a fortalecer las acciones para proteger los ecosistemas y las especies\u00a0animales ante el cambio clim\u00e1tico","datePublished":"2026-09-06T19:42:23+00:00","dateModified":"2026-09-06T19:42:27+00:00","mainEntityOfPage":{"@id":"https:\/\/fuentesfidedignas.com.mx\/index.php\/2026\/09\/06\/llaman-a-fortalecer-las-acciones-para-proteger-los-ecosistemas-y-las-especies-animales-ante-el-cambio-climatico\/"},"wordCount":437,"commentCount":0,"publisher":{"@id":"https:\/\/fuentesfidedignas.com.mx\/#organization"},"image":{"@id":"https:\/\/fuentesfidedignas.com.mx\/index.php\/2026\/09\/06\/llaman-a-fortalecer-las-acciones-para-proteger-los-ecosistemas-y-las-especies-animales-ante-el-cambio-climatico\/#primaryimage"},"thumbnailUrl":"https:\/\/fuentesfidedignas.com.mx\/wp-content\/uploads\/2026\/09\/UA-CAMBIO-CLIMATICO-2.jpg","articleSection":["NOTA PRINCIPAL"],"inLanguage":"es","potentialAction":[{"@type":"CommentAction","name":"Comment","target":["https:\/\/fuentesfidedignas.com.mx\/index.php\/2026\/09\/06\/llaman-a-fortalecer-las-acciones-para-proteger-los-ecosistemas-y-las-especies-animales-ante-el-cambio-climatico\/#respond"]}]},{"@type":"WebPage","@id":"https:\/\/fuentesfidedignas.com.mx\/index.php\/2026\/09\/06\/llaman-a-fortalecer-las-acciones-para-proteger-los-ecosistemas-y-las-especies-animales-ante-el-cambio-climatico\/","url":"https:\/\/fuentesfidedignas.com.mx\/index.php\/2026\/09\/06\/llaman-a-fortalecer-las-acciones-para-proteger-los-ecosistemas-y-las-especies-animales-ante-el-cambio-climatico\/","name":"Llaman a fortalecer las acciones para proteger los ecosistemas y las especies\u00a0animales ante el cambio clim\u00e1tico - Fuentes Fidedignas","isPartOf":{"@id":"https:\/\/fuentesfidedignas.com.mx\/#website"},"primaryImageOfPage":{"@id":"https:\/\/fuentesfidedignas.com.mx\/index.php\/2026\/09\/06\/llaman-a-fortalecer-las-acciones-para-proteger-los-ecosistemas-y-las-especies-animales-ante-el-cambio-climatico\/#primaryimage"},"image":{"@id":"https:\/\/fuentesfidedignas.com.mx\/index.php\/2026\/09\/06\/llaman-a-fortalecer-las-acciones-para-proteger-los-ecosistemas-y-las-especies-animales-ante-el-cambio-climatico\/#primaryimage"},"thumbnailUrl":"https:\/\/fuentesfidedignas.com.mx\/wp-content\/uploads\/2026\/09\/UA-CAMBIO-CLIMATICO-2.jpg","datePublished":"2026-09-06T19:42:23+00:00","dateModified":"2026-09-06T19:42:27+00:00","breadcrumb":{"@id":"https:\/\/fuentesfidedignas.com.mx\/index.php\/2026\/09\/06\/llaman-a-fortalecer-las-acciones-para-proteger-los-ecosistemas-y-las-especies-animales-ante-el-cambio-climatico\/#breadcrumb"},"inLanguage":"es","potentialAction":[{"@type":"ReadAction","target":["https:\/\/fuentesfidedignas.com.mx\/index.php\/2026\/09\/06\/llaman-a-fortalecer-las-acciones-para-proteger-los-ecosistemas-y-las-especies-animales-ante-el-cambio-climatico\/"]}]},{"@type":"ImageObject","inLanguage":"es","@id":"https:\/\/fuentesfidedignas.com.mx\/index.php\/2026\/09\/06\/llaman-a-fortalecer-las-acciones-para-proteger-los-ecosistemas-y-las-especies-animales-ante-el-cambio-climatico\/#primaryimage","url":"https:\/\/fuentesfidedignas.com.mx\/wp-content\/uploads\/2026\/09\/UA-CAMBIO-CLIMATICO-2.jpg","contentUrl":"https:\/\/fuentesfidedignas.com.mx\/wp-content\/uploads\/2026\/09\/UA-CAMBIO-CLIMATICO-2.jpg","width":500,"height":272},{"@type":"BreadcrumbList","@id":"https:\/\/fuentesfidedignas.com.mx\/index.php\/2026\/09\/06\/llaman-a-fortalecer-las-acciones-para-proteger-los-ecosistemas-y-las-especies-animales-ante-el-cambio-climatico\/#breadcrumb","itemListElement":[{"@type":"ListItem","position":1,"name":"Inicio","item":"https:\/\/fuentesfidedignas.com.mx\/"},{"@type":"ListItem","position":2,"name":"Llaman a fortalecer las acciones para proteger los ecosistemas y las especies\u00a0animales ante el cambio clim\u00e1tico"}]},{"@type":"WebSite","@id":"https:\/\/fuentesfidedignas.com.mx\/#website","url":"https:\/\/fuentesfidedignas.com.mx\/","name":"Fuentes Fidedignas","description":"Otro sitio realizado con WordPress","publisher":{"@id":"https:\/\/fuentesfidedignas.com.mx\/#organization"},"potentialAction":[{"@type":"SearchAction","target":{"@type":"EntryPoint","urlTemplate":"https:\/\/fuentesfidedignas.com.mx\/?s={search_term_string}"},"query-input":{"@type":"PropertyValueSpecification","valueRequired":true,"valueName":"search_term_string"}}],"inLanguage":"es"},{"@type":"Organization","@id":"https:\/\/fuentesfidedignas.com.mx\/#organization","name":"Fuentes Fidedignas","url":"https:\/\/fuentesfidedignas.com.mx\/","logo":{"@type":"ImageObject","inLanguage":"es","@id":"https:\/\/fuentesfidedignas.com.mx\/#\/schema\/logo\/image\/","url":"https:\/\/fuentesfidedignas.com.mx\/wp-content\/uploads\/2021\/04\/logo-retina.png","contentUrl":"https:\/\/fuentesfidedignas.com.mx\/wp-content\/uploads\/2021\/04\/logo-retina.png","width":280,"height":51,"caption":"Fuentes Fidedignas"},"image":{"@id":"https:\/\/fuentesfidedignas.com.mx\/#\/schema\/logo\/image\/"},"sameAs":["https:\/\/www.facebook.com\/Fuentes-Fidedignas-368234489921644","https:\/\/x.com\/fidedignas"]},{"@type":"Person","@id":"https:\/\/fuentesfidedignas.com.mx\/#\/schema\/person\/331be9283d37198e2acd5750279085b0","name":"Redacci\u00f3n","image":{"@type":"ImageObject","inLanguage":"es","@id":"https:\/\/secure.gravatar.com\/avatar\/f6d8782c11d12b2d4ad3fbb6931aeab5309937a4d6cd2fc9cfaa28a6396a5aec?s=96&d=mm&r=g","url":"https:\/\/secure.gravatar.com\/avatar\/f6d8782c11d12b2d4ad3fbb6931aeab5309937a4d6cd2fc9cfaa28a6396a5aec?s=96&d=mm&r=g","contentUrl":"https:\/\/secure.gravatar.com\/avatar\/f6d8782c11d12b2d4ad3fbb6931aeab5309937a4d6cd2fc9cfaa28a6396a5aec?s=96&d=mm&r=g","caption":"Redacci\u00f3n"},"url":"https:\/\/fuentesfidedignas.com.mx\/index.php\/author\/redaccion\/"}]}},"_links":{"self":[{"href":"https:\/\/fuentesfidedignas.com.mx\/index.php\/wp-json\/wp\/v2\/posts\/141765","targetHints":{"allow":["GET"]}}],"collection":[{"href":"https:\/\/fuentesfidedignas.com.mx\/index.php\/wp-json\/wp\/v2\/posts"}],"about":[{"href":"https:\/\/fuentesfidedignas.com.mx\/index.php\/wp-json\/wp\/v2\/types\/post"}],"author":[{"embeddable":true,"href":"https:\/\/fuentesfidedignas.com.mx\/index.php\/wp-json\/wp\/v2\/users\/4"}],"replies":[{"embeddable":true,"href":"https:\/\/fuentesfidedignas.com.mx\/index.php\/wp-json\/wp\/v2\/comments?post=141765"}],"version-history":[{"count":1,"href":"https:\/\/fuentesfidedignas.com.mx\/index.php\/wp-json\/wp\/v2\/posts\/141765\/revisions"}],"predecessor-version":[{"id":141767,"href":"https:\/\/fuentesfidedignas.com.mx\/index.php\/wp-json\/wp\/v2\/posts\/141765\/revisions\/141767"}],"wp:featuredmedia":[{"embeddable":true,"href":"https:\/\/fuentesfidedignas.com.mx\/index.php\/wp-json\/wp\/v2\/media\/141766"}],"wp:attachment":[{"href":"https:\/\/fuentesfidedignas.com.mx\/index.php\/wp-json\/wp\/v2\/media?parent=141765"}],"wp:term":[{"taxonomy":"category","embeddable":true,"href":"https:\/\/fuentesfidedignas.com.mx\/index.php\/wp-json\/wp\/v2\/categories?post=141765"},{"taxonomy":"post_tag","embeddable":true,"href":"https:\/\/fuentesfidedignas.com.mx\/index.php\/wp-json\/wp\/v2\/tags?post=141765"}],"curies":[{"name":"wp","href":"https:\/\/api.w.org\/{rel}","templated":true}]}}