{"id":141762,"date":"2026-09-06T12:33:28","date_gmt":"2026-09-06T19:33:28","guid":{"rendered":"https:\/\/fuentesfidedignas.com.mx\/?p=141762"},"modified":"2026-09-06T12:33:33","modified_gmt":"2026-09-06T19:33:33","slug":"junto-a-los-sectores-vamos-a-construir-la-ruta-para-alcanzar-la-paz-y-tranquilidad-graciela-dominguez","status":"publish","type":"post","link":"https:\/\/fuentesfidedignas.com.mx\/index.php\/2026\/09\/06\/junto-a-los-sectores-vamos-a-construir-la-ruta-para-alcanzar-la-paz-y-tranquilidad-graciela-dominguez\/","title":{"rendered":"Junto a los sectores, vamos a construir la ruta para alcanzar la paz y tranquilidad: Graciela Dom\u00ednguez"},"content":{"rendered":"\n<p class=\"wp-block-paragraph\"><strong><em>La mandataria estatal encabez\u00f3 una reuni\u00f3n con empresarios, comerciantes, transportistas y directivos universitarios.<\/em><\/strong><\/p>\n\n\n\n<p class=\"wp-block-paragraph\">Culiac\u00e1n, Sin. \u2013 Como parte del compromiso de iniciar un di\u00e1logo permanente con los distintos sectores de la sociedad sinaloense para construir de manera conjunta la ruta por la que se habr\u00e1 de transitar hacia la tranquilidad y la paz, esta tarde la Gobernadora Graciela Dom\u00ednguez Nava, sostuvo una reuni\u00f3n de trabajo con representantes de organismos empresariales, plazas comerciales, dirigentes universitarios, comerciantes y concesionarios del transporte p\u00fablico.<\/p>\n\n\n\n<p class=\"wp-block-paragraph\">El prop\u00f3sito del encuentro, donde la Gobernadora escuch\u00f3 personalmente las necesidades y planteamientos de cada uno de los sectores, fue establecer acuerdos que permitan retornar a una movilidad segura y desarrollar las actividades comerciales y educativas, ampliando los horarios de servicio de las diferentes rutas del transporte p\u00fablico, para el comercio y para las instituciones universitarias.<\/p>\n\n\n\n<p class=\"wp-block-paragraph\">La Gobernadora Graciela Dom\u00ednguez estuvo acompa\u00f1ada en este encuentro por Yeraldine Bonilla, Secretaria General de Gobierno, el Secretario de Seguridad P\u00fablica Estatal, Sinuh\u00e9 T\u00e9llez L\u00f3pez, Julices Juli\u00e1n Tadeo Gonz\u00e1lez Calzada, Coordinador Estatal de la Guardia Nacional en Sinaloa, Julio C\u00e9sar Islas S\u00e1nchez, Comandante de la 9a Zona Militar, Diego Aguerrebere Espitia, Secretario de Desarrollo Econ\u00f3mico, entre otros funcionarios.<\/p>\n","protected":false},"excerpt":{"rendered":"<p>La mandataria estatal encabez\u00f3 una reuni\u00f3n con empresarios, comerciantes, transportistas y directivos universitarios. Culiac\u00e1n, Sin. \u2013 Como parte del compromiso de iniciar un di\u00e1logo permanente con los distintos sectores de la sociedad sinaloense para construir de manera conjunta la ruta por la que se habr\u00e1 de transitar hacia la tranquilidad y la paz, esta tarde [&hellip;]<\/p>\n","protected":false},"author":4,"featured_media":141763,"comment_status":"open","ping_status":"open","sticky":false,"template":"","format":"standard","meta":{"tdm_status":"","tdm_grid_status":"","footnotes":""},"categories":[37],"tags":[],"class_list":["post-141762","post","type-post","status-publish","format-standard","has-post-thumbnail","category-nota-principal"],"yoast_head":"<!-- This site is optimized with the Yoast SEO plugin v28.4 - https:\/\/yoast.com\/product\/yoast-seo-wordpress\/ -->\n<title>Junto a los sectores, vamos a construir la ruta para alcanzar la paz y tranquilidad: Graciela Dom\u00ednguez - Fuentes Fidedignas<\/title>\n<meta name=\"robots\" content=\"index, follow, max-snippet:-1, max-image-preview:large, max-video-preview:-1\" \/>\n<link rel=\"canonical\" href=\"https:\/\/fuentesfidedignas.com.mx\/index.php\/2026\/09\/06\/junto-a-los-sectores-vamos-a-construir-la-ruta-para-alcanzar-la-paz-y-tranquilidad-graciela-dominguez\/\" \/>\n<meta property=\"og:locale\" content=\"es_MX\" \/>\n<meta property=\"og:type\" content=\"article\" \/>\n<meta property=\"og:title\" content=\"Junto a los sectores, vamos a construir la ruta para alcanzar la paz y tranquilidad: Graciela Dom\u00ednguez - Fuentes Fidedignas\" \/>\n<meta property=\"og:description\" content=\"La mandataria estatal encabez\u00f3 una reuni\u00f3n con empresarios, comerciantes, transportistas y directivos universitarios. Culiac\u00e1n, Sin. \u2013 Como parte del compromiso de iniciar un di\u00e1logo permanente con los distintos sectores de la sociedad sinaloense para construir de manera conjunta la ruta por la que se habr\u00e1 de transitar hacia la tranquilidad y la paz, esta tarde [&hellip;]\" \/>\n<meta property=\"og:url\" content=\"https:\/\/fuentesfidedignas.com.mx\/index.php\/2026\/09\/06\/junto-a-los-sectores-vamos-a-construir-la-ruta-para-alcanzar-la-paz-y-tranquilidad-graciela-dominguez\/\" \/>\n<meta property=\"og:site_name\" content=\"Fuentes Fidedignas\" \/>\n<meta property=\"article:publisher\" content=\"https:\/\/www.facebook.com\/Fuentes-Fidedignas-368234489921644\" \/>\n<meta property=\"article:published_time\" content=\"2026-09-06T19:33:28+00:00\" \/>\n<meta property=\"article:modified_time\" content=\"2026-09-06T19:33:33+00:00\" \/>\n<meta property=\"og:image\" content=\"https:\/\/fuentesfidedignas.com.mx\/wp-content\/uploads\/2026\/09\/IMG-20260905-WA0236.jpg\" \/>\n\t<meta property=\"og:image:width\" content=\"500\" \/>\n\t<meta property=\"og:image:height\" content=\"284\" \/>\n\t<meta property=\"og:image:type\" content=\"image\/jpeg\" \/>\n<meta name=\"author\" content=\"Redacci\u00f3n\" \/>\n<meta name=\"twitter:card\" content=\"summary_large_image\" \/>\n<meta name=\"twitter:creator\" content=\"@fidedignas\" \/>\n<meta name=\"twitter:site\" content=\"@fidedignas\" \/>\n<meta name=\"twitter:label1\" content=\"Escrito por\" \/>\n\t<meta name=\"twitter:data1\" content=\"Redacci\u00f3n\" \/>\n\t<meta name=\"twitter:label2\" content=\"Tiempo de lectura\" \/>\n\t<meta name=\"twitter:data2\" content=\"2 minutos\" \/>\n<script type=\"application\/ld+json\" class=\"yoast-schema-graph\">{\"@context\":\"https:\\\/\\\/schema.org\",\"@graph\":[{\"@type\":\"Article\",\"@id\":\"https:\\\/\\\/fuentesfidedignas.com.mx\\\/index.php\\\/2026\\\/09\\\/06\\\/junto-a-los-sectores-vamos-a-construir-la-ruta-para-alcanzar-la-paz-y-tranquilidad-graciela-dominguez\\\/#article\",\"isPartOf\":{\"@id\":\"https:\\\/\\\/fuentesfidedignas.com.mx\\\/index.php\\\/2026\\\/09\\\/06\\\/junto-a-los-sectores-vamos-a-construir-la-ruta-para-alcanzar-la-paz-y-tranquilidad-graciela-dominguez\\\/\"},\"author\":{\"name\":\"Redacci\u00f3n\",\"@id\":\"https:\\\/\\\/fuentesfidedignas.com.mx\\\/#\\\/schema\\\/person\\\/331be9283d37198e2acd5750279085b0\"},\"headline\":\"Junto a los sectores, vamos a construir la ruta para alcanzar la paz y tranquilidad: Graciela Dom\u00ednguez\",\"datePublished\":\"2026-09-06T19:33:28+00:00\",\"dateModified\":\"2026-09-06T19:33:33+00:00\",\"mainEntityOfPage\":{\"@id\":\"https:\\\/\\\/fuentesfidedignas.com.mx\\\/index.php\\\/2026\\\/09\\\/06\\\/junto-a-los-sectores-vamos-a-construir-la-ruta-para-alcanzar-la-paz-y-tranquilidad-graciela-dominguez\\\/\"},\"wordCount\":229,\"commentCount\":0,\"publisher\":{\"@id\":\"https:\\\/\\\/fuentesfidedignas.com.mx\\\/#organization\"},\"image\":{\"@id\":\"https:\\\/\\\/fuentesfidedignas.com.mx\\\/index.php\\\/2026\\\/09\\\/06\\\/junto-a-los-sectores-vamos-a-construir-la-ruta-para-alcanzar-la-paz-y-tranquilidad-graciela-dominguez\\\/#primaryimage\"},\"thumbnailUrl\":\"https:\\\/\\\/fuentesfidedignas.com.mx\\\/wp-content\\\/uploads\\\/2026\\\/09\\\/IMG-20260905-WA0236.jpg\",\"articleSection\":[\"NOTA PRINCIPAL\"],\"inLanguage\":\"es\",\"potentialAction\":[{\"@type\":\"CommentAction\",\"name\":\"Comment\",\"target\":[\"https:\\\/\\\/fuentesfidedignas.com.mx\\\/index.php\\\/2026\\\/09\\\/06\\\/junto-a-los-sectores-vamos-a-construir-la-ruta-para-alcanzar-la-paz-y-tranquilidad-graciela-dominguez\\\/#respond\"]}]},{\"@type\":\"WebPage\",\"@id\":\"https:\\\/\\\/fuentesfidedignas.com.mx\\\/index.php\\\/2026\\\/09\\\/06\\\/junto-a-los-sectores-vamos-a-construir-la-ruta-para-alcanzar-la-paz-y-tranquilidad-graciela-dominguez\\\/\",\"url\":\"https:\\\/\\\/fuentesfidedignas.com.mx\\\/index.php\\\/2026\\\/09\\\/06\\\/junto-a-los-sectores-vamos-a-construir-la-ruta-para-alcanzar-la-paz-y-tranquilidad-graciela-dominguez\\\/\",\"name\":\"Junto a los sectores, vamos a construir la ruta para alcanzar la paz y tranquilidad: Graciela Dom\u00ednguez - Fuentes Fidedignas\",\"isPartOf\":{\"@id\":\"https:\\\/\\\/fuentesfidedignas.com.mx\\\/#website\"},\"primaryImageOfPage\":{\"@id\":\"https:\\\/\\\/fuentesfidedignas.com.mx\\\/index.php\\\/2026\\\/09\\\/06\\\/junto-a-los-sectores-vamos-a-construir-la-ruta-para-alcanzar-la-paz-y-tranquilidad-graciela-dominguez\\\/#primaryimage\"},\"image\":{\"@id\":\"https:\\\/\\\/fuentesfidedignas.com.mx\\\/index.php\\\/2026\\\/09\\\/06\\\/junto-a-los-sectores-vamos-a-construir-la-ruta-para-alcanzar-la-paz-y-tranquilidad-graciela-dominguez\\\/#primaryimage\"},\"thumbnailUrl\":\"https:\\\/\\\/fuentesfidedignas.com.mx\\\/wp-content\\\/uploads\\\/2026\\\/09\\\/IMG-20260905-WA0236.jpg\",\"datePublished\":\"2026-09-06T19:33:28+00:00\",\"dateModified\":\"2026-09-06T19:33:33+00:00\",\"breadcrumb\":{\"@id\":\"https:\\\/\\\/fuentesfidedignas.com.mx\\\/index.php\\\/2026\\\/09\\\/06\\\/junto-a-los-sectores-vamos-a-construir-la-ruta-para-alcanzar-la-paz-y-tranquilidad-graciela-dominguez\\\/#breadcrumb\"},\"inLanguage\":\"es\",\"potentialAction\":[{\"@type\":\"ReadAction\",\"target\":[\"https:\\\/\\\/fuentesfidedignas.com.mx\\\/index.php\\\/2026\\\/09\\\/06\\\/junto-a-los-sectores-vamos-a-construir-la-ruta-para-alcanzar-la-paz-y-tranquilidad-graciela-dominguez\\\/\"]}]},{\"@type\":\"ImageObject\",\"inLanguage\":\"es\",\"@id\":\"https:\\\/\\\/fuentesfidedignas.com.mx\\\/index.php\\\/2026\\\/09\\\/06\\\/junto-a-los-sectores-vamos-a-construir-la-ruta-para-alcanzar-la-paz-y-tranquilidad-graciela-dominguez\\\/#primaryimage\",\"url\":\"https:\\\/\\\/fuentesfidedignas.com.mx\\\/wp-content\\\/uploads\\\/2026\\\/09\\\/IMG-20260905-WA0236.jpg\",\"contentUrl\":\"https:\\\/\\\/fuentesfidedignas.com.mx\\\/wp-content\\\/uploads\\\/2026\\\/09\\\/IMG-20260905-WA0236.jpg\",\"width\":500,\"height\":284},{\"@type\":\"BreadcrumbList\",\"@id\":\"https:\\\/\\\/fuentesfidedignas.com.mx\\\/index.php\\\/2026\\\/09\\\/06\\\/junto-a-los-sectores-vamos-a-construir-la-ruta-para-alcanzar-la-paz-y-tranquilidad-graciela-dominguez\\\/#breadcrumb\",\"itemListElement\":[{\"@type\":\"ListItem\",\"position\":1,\"name\":\"Inicio\",\"item\":\"https:\\\/\\\/fuentesfidedignas.com.mx\\\/\"},{\"@type\":\"ListItem\",\"position\":2,\"name\":\"Junto a los sectores, vamos a construir la ruta para alcanzar la paz y tranquilidad: Graciela Dom\u00ednguez\"}]},{\"@type\":\"WebSite\",\"@id\":\"https:\\\/\\\/fuentesfidedignas.com.mx\\\/#website\",\"url\":\"https:\\\/\\\/fuentesfidedignas.com.mx\\\/\",\"name\":\"Fuentes Fidedignas\",\"description\":\"Otro sitio realizado con WordPress\",\"publisher\":{\"@id\":\"https:\\\/\\\/fuentesfidedignas.com.mx\\\/#organization\"},\"potentialAction\":[{\"@type\":\"SearchAction\",\"target\":{\"@type\":\"EntryPoint\",\"urlTemplate\":\"https:\\\/\\\/fuentesfidedignas.com.mx\\\/?s={search_term_string}\"},\"query-input\":{\"@type\":\"PropertyValueSpecification\",\"valueRequired\":true,\"valueName\":\"search_term_string\"}}],\"inLanguage\":\"es\"},{\"@type\":\"Organization\",\"@id\":\"https:\\\/\\\/fuentesfidedignas.com.mx\\\/#organization\",\"name\":\"Fuentes Fidedignas\",\"url\":\"https:\\\/\\\/fuentesfidedignas.com.mx\\\/\",\"logo\":{\"@type\":\"ImageObject\",\"inLanguage\":\"es\",\"@id\":\"https:\\\/\\\/fuentesfidedignas.com.mx\\\/#\\\/schema\\\/logo\\\/image\\\/\",\"url\":\"https:\\\/\\\/fuentesfidedignas.com.mx\\\/wp-content\\\/uploads\\\/2021\\\/04\\\/logo-retina.png\",\"contentUrl\":\"https:\\\/\\\/fuentesfidedignas.com.mx\\\/wp-content\\\/uploads\\\/2021\\\/04\\\/logo-retina.png\",\"width\":280,\"height\":51,\"caption\":\"Fuentes Fidedignas\"},\"image\":{\"@id\":\"https:\\\/\\\/fuentesfidedignas.com.mx\\\/#\\\/schema\\\/logo\\\/image\\\/\"},\"sameAs\":[\"https:\\\/\\\/www.facebook.com\\\/Fuentes-Fidedignas-368234489921644\",\"https:\\\/\\\/x.com\\\/fidedignas\"]},{\"@type\":\"Person\",\"@id\":\"https:\\\/\\\/fuentesfidedignas.com.mx\\\/#\\\/schema\\\/person\\\/331be9283d37198e2acd5750279085b0\",\"name\":\"Redacci\u00f3n\",\"image\":{\"@type\":\"ImageObject\",\"inLanguage\":\"es\",\"@id\":\"https:\\\/\\\/secure.gravatar.com\\\/avatar\\\/f6d8782c11d12b2d4ad3fbb6931aeab5309937a4d6cd2fc9cfaa28a6396a5aec?s=96&d=mm&r=g\",\"url\":\"https:\\\/\\\/secure.gravatar.com\\\/avatar\\\/f6d8782c11d12b2d4ad3fbb6931aeab5309937a4d6cd2fc9cfaa28a6396a5aec?s=96&d=mm&r=g\",\"contentUrl\":\"https:\\\/\\\/secure.gravatar.com\\\/avatar\\\/f6d8782c11d12b2d4ad3fbb6931aeab5309937a4d6cd2fc9cfaa28a6396a5aec?s=96&d=mm&r=g\",\"caption\":\"Redacci\u00f3n\"},\"url\":\"https:\\\/\\\/fuentesfidedignas.com.mx\\\/index.php\\\/author\\\/redaccion\\\/\"}]}<\/script>\n<!-- \/ Yoast SEO plugin. -->","yoast_head_json":{"title":"Junto a los sectores, vamos a construir la ruta para alcanzar la paz y tranquilidad: Graciela Dom\u00ednguez - Fuentes Fidedignas","robots":{"index":"index","follow":"follow","max-snippet":"max-snippet:-1","max-image-preview":"max-image-preview:large","max-video-preview":"max-video-preview:-1"},"canonical":"https:\/\/fuentesfidedignas.com.mx\/index.php\/2026\/09\/06\/junto-a-los-sectores-vamos-a-construir-la-ruta-para-alcanzar-la-paz-y-tranquilidad-graciela-dominguez\/","og_locale":"es_MX","og_type":"article","og_title":"Junto a los sectores, vamos a construir la ruta para alcanzar la paz y tranquilidad: Graciela Dom\u00ednguez - Fuentes Fidedignas","og_description":"La mandataria estatal encabez\u00f3 una reuni\u00f3n con empresarios, comerciantes, transportistas y directivos universitarios. Culiac\u00e1n, Sin. \u2013 Como parte del compromiso de iniciar un di\u00e1logo permanente con los distintos sectores de la sociedad sinaloense para construir de manera conjunta la ruta por la que se habr\u00e1 de transitar hacia la tranquilidad y la paz, esta tarde [&hellip;]","og_url":"https:\/\/fuentesfidedignas.com.mx\/index.php\/2026\/09\/06\/junto-a-los-sectores-vamos-a-construir-la-ruta-para-alcanzar-la-paz-y-tranquilidad-graciela-dominguez\/","og_site_name":"Fuentes Fidedignas","article_publisher":"https:\/\/www.facebook.com\/Fuentes-Fidedignas-368234489921644","article_published_time":"2026-09-06T19:33:28+00:00","article_modified_time":"2026-09-06T19:33:33+00:00","og_image":[{"width":500,"height":284,"url":"https:\/\/fuentesfidedignas.com.mx\/wp-content\/uploads\/2026\/09\/IMG-20260905-WA0236.jpg","type":"image\/jpeg"}],"author":"Redacci\u00f3n","twitter_card":"summary_large_image","twitter_creator":"@fidedignas","twitter_site":"@fidedignas","twitter_misc":{"Escrito por":"Redacci\u00f3n","Tiempo de lectura":"2 minutos"},"schema":{"@context":"https:\/\/schema.org","@graph":[{"@type":"Article","@id":"https:\/\/fuentesfidedignas.com.mx\/index.php\/2026\/09\/06\/junto-a-los-sectores-vamos-a-construir-la-ruta-para-alcanzar-la-paz-y-tranquilidad-graciela-dominguez\/#article","isPartOf":{"@id":"https:\/\/fuentesfidedignas.com.mx\/index.php\/2026\/09\/06\/junto-a-los-sectores-vamos-a-construir-la-ruta-para-alcanzar-la-paz-y-tranquilidad-graciela-dominguez\/"},"author":{"name":"Redacci\u00f3n","@id":"https:\/\/fuentesfidedignas.com.mx\/#\/schema\/person\/331be9283d37198e2acd5750279085b0"},"headline":"Junto a los sectores, vamos a construir la ruta para alcanzar la paz y tranquilidad: Graciela Dom\u00ednguez","datePublished":"2026-09-06T19:33:28+00:00","dateModified":"2026-09-06T19:33:33+00:00","mainEntityOfPage":{"@id":"https:\/\/fuentesfidedignas.com.mx\/index.php\/2026\/09\/06\/junto-a-los-sectores-vamos-a-construir-la-ruta-para-alcanzar-la-paz-y-tranquilidad-graciela-dominguez\/"},"wordCount":229,"commentCount":0,"publisher":{"@id":"https:\/\/fuentesfidedignas.com.mx\/#organization"},"image":{"@id":"https:\/\/fuentesfidedignas.com.mx\/index.php\/2026\/09\/06\/junto-a-los-sectores-vamos-a-construir-la-ruta-para-alcanzar-la-paz-y-tranquilidad-graciela-dominguez\/#primaryimage"},"thumbnailUrl":"https:\/\/fuentesfidedignas.com.mx\/wp-content\/uploads\/2026\/09\/IMG-20260905-WA0236.jpg","articleSection":["NOTA PRINCIPAL"],"inLanguage":"es","potentialAction":[{"@type":"CommentAction","name":"Comment","target":["https:\/\/fuentesfidedignas.com.mx\/index.php\/2026\/09\/06\/junto-a-los-sectores-vamos-a-construir-la-ruta-para-alcanzar-la-paz-y-tranquilidad-graciela-dominguez\/#respond"]}]},{"@type":"WebPage","@id":"https:\/\/fuentesfidedignas.com.mx\/index.php\/2026\/09\/06\/junto-a-los-sectores-vamos-a-construir-la-ruta-para-alcanzar-la-paz-y-tranquilidad-graciela-dominguez\/","url":"https:\/\/fuentesfidedignas.com.mx\/index.php\/2026\/09\/06\/junto-a-los-sectores-vamos-a-construir-la-ruta-para-alcanzar-la-paz-y-tranquilidad-graciela-dominguez\/","name":"Junto a los sectores, vamos a construir la ruta para alcanzar la paz y tranquilidad: Graciela Dom\u00ednguez - Fuentes Fidedignas","isPartOf":{"@id":"https:\/\/fuentesfidedignas.com.mx\/#website"},"primaryImageOfPage":{"@id":"https:\/\/fuentesfidedignas.com.mx\/index.php\/2026\/09\/06\/junto-a-los-sectores-vamos-a-construir-la-ruta-para-alcanzar-la-paz-y-tranquilidad-graciela-dominguez\/#primaryimage"},"image":{"@id":"https:\/\/fuentesfidedignas.com.mx\/index.php\/2026\/09\/06\/junto-a-los-sectores-vamos-a-construir-la-ruta-para-alcanzar-la-paz-y-tranquilidad-graciela-dominguez\/#primaryimage"},"thumbnailUrl":"https:\/\/fuentesfidedignas.com.mx\/wp-content\/uploads\/2026\/09\/IMG-20260905-WA0236.jpg","datePublished":"2026-09-06T19:33:28+00:00","dateModified":"2026-09-06T19:33:33+00:00","breadcrumb":{"@id":"https:\/\/fuentesfidedignas.com.mx\/index.php\/2026\/09\/06\/junto-a-los-sectores-vamos-a-construir-la-ruta-para-alcanzar-la-paz-y-tranquilidad-graciela-dominguez\/#breadcrumb"},"inLanguage":"es","potentialAction":[{"@type":"ReadAction","target":["https:\/\/fuentesfidedignas.com.mx\/index.php\/2026\/09\/06\/junto-a-los-sectores-vamos-a-construir-la-ruta-para-alcanzar-la-paz-y-tranquilidad-graciela-dominguez\/"]}]},{"@type":"ImageObject","inLanguage":"es","@id":"https:\/\/fuentesfidedignas.com.mx\/index.php\/2026\/09\/06\/junto-a-los-sectores-vamos-a-construir-la-ruta-para-alcanzar-la-paz-y-tranquilidad-graciela-dominguez\/#primaryimage","url":"https:\/\/fuentesfidedignas.com.mx\/wp-content\/uploads\/2026\/09\/IMG-20260905-WA0236.jpg","contentUrl":"https:\/\/fuentesfidedignas.com.mx\/wp-content\/uploads\/2026\/09\/IMG-20260905-WA0236.jpg","width":500,"height":284},{"@type":"BreadcrumbList","@id":"https:\/\/fuentesfidedignas.com.mx\/index.php\/2026\/09\/06\/junto-a-los-sectores-vamos-a-construir-la-ruta-para-alcanzar-la-paz-y-tranquilidad-graciela-dominguez\/#breadcrumb","itemListElement":[{"@type":"ListItem","position":1,"name":"Inicio","item":"https:\/\/fuentesfidedignas.com.mx\/"},{"@type":"ListItem","position":2,"name":"Junto a los sectores, vamos a construir la ruta para alcanzar la paz y tranquilidad: Graciela Dom\u00ednguez"}]},{"@type":"WebSite","@id":"https:\/\/fuentesfidedignas.com.mx\/#website","url":"https:\/\/fuentesfidedignas.com.mx\/","name":"Fuentes Fidedignas","description":"Otro sitio realizado con WordPress","publisher":{"@id":"https:\/\/fuentesfidedignas.com.mx\/#organization"},"potentialAction":[{"@type":"SearchAction","target":{"@type":"EntryPoint","urlTemplate":"https:\/\/fuentesfidedignas.com.mx\/?s={search_term_string}"},"query-input":{"@type":"PropertyValueSpecification","valueRequired":true,"valueName":"search_term_string"}}],"inLanguage":"es"},{"@type":"Organization","@id":"https:\/\/fuentesfidedignas.com.mx\/#organization","name":"Fuentes Fidedignas","url":"https:\/\/fuentesfidedignas.com.mx\/","logo":{"@type":"ImageObject","inLanguage":"es","@id":"https:\/\/fuentesfidedignas.com.mx\/#\/schema\/logo\/image\/","url":"https:\/\/fuentesfidedignas.com.mx\/wp-content\/uploads\/2021\/04\/logo-retina.png","contentUrl":"https:\/\/fuentesfidedignas.com.mx\/wp-content\/uploads\/2021\/04\/logo-retina.png","width":280,"height":51,"caption":"Fuentes Fidedignas"},"image":{"@id":"https:\/\/fuentesfidedignas.com.mx\/#\/schema\/logo\/image\/"},"sameAs":["https:\/\/www.facebook.com\/Fuentes-Fidedignas-368234489921644","https:\/\/x.com\/fidedignas"]},{"@type":"Person","@id":"https:\/\/fuentesfidedignas.com.mx\/#\/schema\/person\/331be9283d37198e2acd5750279085b0","name":"Redacci\u00f3n","image":{"@type":"ImageObject","inLanguage":"es","@id":"https:\/\/secure.gravatar.com\/avatar\/f6d8782c11d12b2d4ad3fbb6931aeab5309937a4d6cd2fc9cfaa28a6396a5aec?s=96&d=mm&r=g","url":"https:\/\/secure.gravatar.com\/avatar\/f6d8782c11d12b2d4ad3fbb6931aeab5309937a4d6cd2fc9cfaa28a6396a5aec?s=96&d=mm&r=g","contentUrl":"https:\/\/secure.gravatar.com\/avatar\/f6d8782c11d12b2d4ad3fbb6931aeab5309937a4d6cd2fc9cfaa28a6396a5aec?s=96&d=mm&r=g","caption":"Redacci\u00f3n"},"url":"https:\/\/fuentesfidedignas.com.mx\/index.php\/author\/redaccion\/"}]}},"_links":{"self":[{"href":"https:\/\/fuentesfidedignas.com.mx\/index.php\/wp-json\/wp\/v2\/posts\/141762","targetHints":{"allow":["GET"]}}],"collection":[{"href":"https:\/\/fuentesfidedignas.com.mx\/index.php\/wp-json\/wp\/v2\/posts"}],"about":[{"href":"https:\/\/fuentesfidedignas.com.mx\/index.php\/wp-json\/wp\/v2\/types\/post"}],"author":[{"embeddable":true,"href":"https:\/\/fuentesfidedignas.com.mx\/index.php\/wp-json\/wp\/v2\/users\/4"}],"replies":[{"embeddable":true,"href":"https:\/\/fuentesfidedignas.com.mx\/index.php\/wp-json\/wp\/v2\/comments?post=141762"}],"version-history":[{"count":1,"href":"https:\/\/fuentesfidedignas.com.mx\/index.php\/wp-json\/wp\/v2\/posts\/141762\/revisions"}],"predecessor-version":[{"id":141764,"href":"https:\/\/fuentesfidedignas.com.mx\/index.php\/wp-json\/wp\/v2\/posts\/141762\/revisions\/141764"}],"wp:featuredmedia":[{"embeddable":true,"href":"https:\/\/fuentesfidedignas.com.mx\/index.php\/wp-json\/wp\/v2\/media\/141763"}],"wp:attachment":[{"href":"https:\/\/fuentesfidedignas.com.mx\/index.php\/wp-json\/wp\/v2\/media?parent=141762"}],"wp:term":[{"taxonomy":"category","embeddable":true,"href":"https:\/\/fuentesfidedignas.com.mx\/index.php\/wp-json\/wp\/v2\/categories?post=141762"},{"taxonomy":"post_tag","embeddable":true,"href":"https:\/\/fuentesfidedignas.com.mx\/index.php\/wp-json\/wp\/v2\/tags?post=141762"}],"curies":[{"name":"wp","href":"https:\/\/api.w.org\/{rel}","templated":true}]}}