{"id":141759,"date":"2026-09-06T11:31:21","date_gmt":"2026-09-06T18:31:21","guid":{"rendered":"https:\/\/fuentesfidedignas.com.mx\/?p=141759"},"modified":"2026-09-06T11:31:30","modified_gmt":"2026-09-06T18:31:30","slug":"en-culiacan-recuperan-dos-vehiculos-uno-acaba-de-ser-despojado","status":"publish","type":"post","link":"https:\/\/fuentesfidedignas.com.mx\/index.php\/2026\/09\/06\/en-culiacan-recuperan-dos-vehiculos-uno-acaba-de-ser-despojado\/","title":{"rendered":"En Culiac\u00e1n, recuperan dos veh\u00edculos; uno acaba de ser despojado"},"content":{"rendered":"\n<p class=\"wp-block-paragraph\"><strong><em>Ambas unidades fueron aseguradas para realizar los tr\u00e1mites correspondientes para la devoluci\u00f3n a sus propietarios.<\/em><\/strong><\/p>\n\n\n\n<p class=\"wp-block-paragraph\">Elementos de la Secretar\u00eda de Seguridad P\u00fablica del Estado (SSPE), a trav\u00e9s de la Polic\u00eda Estatal Preventiva (PEP), con apoyo del Grupo Interinstitucional, recuperaron dos veh\u00edculos, dentro del marco de resultados del operativo interinstitucional contra el robo de veh\u00edculos, en Culiac\u00e1n.<\/p>\n\n\n\n<p class=\"wp-block-paragraph\">El personal estatal realizaba tareas de prevenci\u00f3n y vigilancia, cuando, derivado de un reporte ciudadano al 911, fueron alertados sobre el despojo de una unidad marca Hyundai, l\u00ednea Creta, de color blanco, por lo que se dio inicio a un dispositivo de b\u00fasqueda, con el cual se obtuvieron resultado positivos al recuestar el veh\u00edculo a la altura de El Quemadito.<\/p>\n\n\n\n<p class=\"wp-block-paragraph\">En otro hecho, elementos estatales realizaban tareas de vigilancia en la colonia Progreso, cuando localizaron un veh\u00edculo en aparente abandono, el cual, al revisar su estatus en el registro correspondiente, \u00e9ste arroj\u00f3 que cuenta con reporte de robo. Se trata de un veh\u00edculo marca Volkswagen, l\u00ednea Taos, de color blanco.<\/p>\n\n\n\n<p class=\"wp-block-paragraph\">Ambas unidades fueron aseguradas para realizar los tr\u00e1mites correspondientes para la devoluci\u00f3n a sus propietarios.<\/p>\n\n\n\n<p class=\"wp-block-paragraph\">Con estas acciones, el Gobierno Federal y el Gobierno del Estado reafirman su compromiso de fortalecer los operativos coordinados para prevenir y combatir el robo de veh\u00edculos, as\u00ed como salvaguardar el patrimonio de las familias sinaloenses.<br>Asimismo, se invita a la ciudadan\u00eda a utilizar el 911 para reportar cualquier emergencia y el 089 para realizar denuncias an\u00f3nimas.<\/p>\n","protected":false},"excerpt":{"rendered":"<p>Ambas unidades fueron aseguradas para realizar los tr\u00e1mites correspondientes para la devoluci\u00f3n a sus propietarios. Elementos de la Secretar\u00eda de Seguridad P\u00fablica del Estado (SSPE), a trav\u00e9s de la Polic\u00eda Estatal Preventiva (PEP), con apoyo del Grupo Interinstitucional, recuperaron dos veh\u00edculos, dentro del marco de resultados del operativo interinstitucional contra el robo de veh\u00edculos, en [&hellip;]<\/p>\n","protected":false},"author":4,"featured_media":141760,"comment_status":"open","ping_status":"open","sticky":false,"template":"","format":"standard","meta":{"tdm_status":"","tdm_grid_status":"","footnotes":""},"categories":[38],"tags":[],"class_list":["post-141759","post","type-post","status-publish","format-standard","has-post-thumbnail","category-noticias-locales"],"yoast_head":"<!-- This site is optimized with the Yoast SEO plugin v28.4 - https:\/\/yoast.com\/product\/yoast-seo-wordpress\/ -->\n<title>En Culiac\u00e1n, recuperan dos veh\u00edculos; uno acaba de ser despojado - Fuentes Fidedignas<\/title>\n<meta name=\"robots\" content=\"index, follow, max-snippet:-1, max-image-preview:large, max-video-preview:-1\" \/>\n<link rel=\"canonical\" href=\"https:\/\/fuentesfidedignas.com.mx\/index.php\/2026\/09\/06\/en-culiacan-recuperan-dos-vehiculos-uno-acaba-de-ser-despojado\/\" \/>\n<meta property=\"og:locale\" content=\"es_MX\" \/>\n<meta property=\"og:type\" content=\"article\" \/>\n<meta property=\"og:title\" content=\"En Culiac\u00e1n, recuperan dos veh\u00edculos; uno acaba de ser despojado - Fuentes Fidedignas\" \/>\n<meta property=\"og:description\" content=\"Ambas unidades fueron aseguradas para realizar los tr\u00e1mites correspondientes para la devoluci\u00f3n a sus propietarios. Elementos de la Secretar\u00eda de Seguridad P\u00fablica del Estado (SSPE), a trav\u00e9s de la Polic\u00eda Estatal Preventiva (PEP), con apoyo del Grupo Interinstitucional, recuperaron dos veh\u00edculos, dentro del marco de resultados del operativo interinstitucional contra el robo de veh\u00edculos, en [&hellip;]\" \/>\n<meta property=\"og:url\" content=\"https:\/\/fuentesfidedignas.com.mx\/index.php\/2026\/09\/06\/en-culiacan-recuperan-dos-vehiculos-uno-acaba-de-ser-despojado\/\" \/>\n<meta property=\"og:site_name\" content=\"Fuentes Fidedignas\" \/>\n<meta property=\"article:publisher\" content=\"https:\/\/www.facebook.com\/Fuentes-Fidedignas-368234489921644\" \/>\n<meta property=\"article:published_time\" content=\"2026-09-06T18:31:21+00:00\" \/>\n<meta property=\"article:modified_time\" content=\"2026-09-06T18:31:30+00:00\" \/>\n<meta property=\"og:image\" content=\"https:\/\/fuentesfidedignas.com.mx\/wp-content\/uploads\/2026\/09\/autoss_.jpg\" \/>\n\t<meta property=\"og:image:width\" content=\"500\" \/>\n\t<meta property=\"og:image:height\" content=\"307\" \/>\n\t<meta property=\"og:image:type\" content=\"image\/jpeg\" \/>\n<meta name=\"author\" content=\"Redacci\u00f3n\" \/>\n<meta name=\"twitter:card\" content=\"summary_large_image\" \/>\n<meta name=\"twitter:creator\" content=\"@fidedignas\" \/>\n<meta name=\"twitter:site\" content=\"@fidedignas\" \/>\n<meta name=\"twitter:label1\" content=\"Escrito por\" \/>\n\t<meta name=\"twitter:data1\" content=\"Redacci\u00f3n\" \/>\n\t<meta name=\"twitter:label2\" content=\"Tiempo de lectura\" \/>\n\t<meta name=\"twitter:data2\" content=\"2 minutos\" \/>\n<script type=\"application\/ld+json\" class=\"yoast-schema-graph\">{\"@context\":\"https:\\\/\\\/schema.org\",\"@graph\":[{\"@type\":\"Article\",\"@id\":\"https:\\\/\\\/fuentesfidedignas.com.mx\\\/index.php\\\/2026\\\/09\\\/06\\\/en-culiacan-recuperan-dos-vehiculos-uno-acaba-de-ser-despojado\\\/#article\",\"isPartOf\":{\"@id\":\"https:\\\/\\\/fuentesfidedignas.com.mx\\\/index.php\\\/2026\\\/09\\\/06\\\/en-culiacan-recuperan-dos-vehiculos-uno-acaba-de-ser-despojado\\\/\"},\"author\":{\"name\":\"Redacci\u00f3n\",\"@id\":\"https:\\\/\\\/fuentesfidedignas.com.mx\\\/#\\\/schema\\\/person\\\/331be9283d37198e2acd5750279085b0\"},\"headline\":\"En Culiac\u00e1n, recuperan dos veh\u00edculos; uno acaba de ser despojado\",\"datePublished\":\"2026-09-06T18:31:21+00:00\",\"dateModified\":\"2026-09-06T18:31:30+00:00\",\"mainEntityOfPage\":{\"@id\":\"https:\\\/\\\/fuentesfidedignas.com.mx\\\/index.php\\\/2026\\\/09\\\/06\\\/en-culiacan-recuperan-dos-vehiculos-uno-acaba-de-ser-despojado\\\/\"},\"wordCount\":268,\"commentCount\":0,\"publisher\":{\"@id\":\"https:\\\/\\\/fuentesfidedignas.com.mx\\\/#organization\"},\"image\":{\"@id\":\"https:\\\/\\\/fuentesfidedignas.com.mx\\\/index.php\\\/2026\\\/09\\\/06\\\/en-culiacan-recuperan-dos-vehiculos-uno-acaba-de-ser-despojado\\\/#primaryimage\"},\"thumbnailUrl\":\"https:\\\/\\\/fuentesfidedignas.com.mx\\\/wp-content\\\/uploads\\\/2026\\\/09\\\/autoss_.jpg\",\"articleSection\":[\"NOTICIAS LOCALES\"],\"inLanguage\":\"es\",\"potentialAction\":[{\"@type\":\"CommentAction\",\"name\":\"Comment\",\"target\":[\"https:\\\/\\\/fuentesfidedignas.com.mx\\\/index.php\\\/2026\\\/09\\\/06\\\/en-culiacan-recuperan-dos-vehiculos-uno-acaba-de-ser-despojado\\\/#respond\"]}]},{\"@type\":\"WebPage\",\"@id\":\"https:\\\/\\\/fuentesfidedignas.com.mx\\\/index.php\\\/2026\\\/09\\\/06\\\/en-culiacan-recuperan-dos-vehiculos-uno-acaba-de-ser-despojado\\\/\",\"url\":\"https:\\\/\\\/fuentesfidedignas.com.mx\\\/index.php\\\/2026\\\/09\\\/06\\\/en-culiacan-recuperan-dos-vehiculos-uno-acaba-de-ser-despojado\\\/\",\"name\":\"En Culiac\u00e1n, recuperan dos veh\u00edculos; uno acaba de ser despojado - Fuentes Fidedignas\",\"isPartOf\":{\"@id\":\"https:\\\/\\\/fuentesfidedignas.com.mx\\\/#website\"},\"primaryImageOfPage\":{\"@id\":\"https:\\\/\\\/fuentesfidedignas.com.mx\\\/index.php\\\/2026\\\/09\\\/06\\\/en-culiacan-recuperan-dos-vehiculos-uno-acaba-de-ser-despojado\\\/#primaryimage\"},\"image\":{\"@id\":\"https:\\\/\\\/fuentesfidedignas.com.mx\\\/index.php\\\/2026\\\/09\\\/06\\\/en-culiacan-recuperan-dos-vehiculos-uno-acaba-de-ser-despojado\\\/#primaryimage\"},\"thumbnailUrl\":\"https:\\\/\\\/fuentesfidedignas.com.mx\\\/wp-content\\\/uploads\\\/2026\\\/09\\\/autoss_.jpg\",\"datePublished\":\"2026-09-06T18:31:21+00:00\",\"dateModified\":\"2026-09-06T18:31:30+00:00\",\"breadcrumb\":{\"@id\":\"https:\\\/\\\/fuentesfidedignas.com.mx\\\/index.php\\\/2026\\\/09\\\/06\\\/en-culiacan-recuperan-dos-vehiculos-uno-acaba-de-ser-despojado\\\/#breadcrumb\"},\"inLanguage\":\"es\",\"potentialAction\":[{\"@type\":\"ReadAction\",\"target\":[\"https:\\\/\\\/fuentesfidedignas.com.mx\\\/index.php\\\/2026\\\/09\\\/06\\\/en-culiacan-recuperan-dos-vehiculos-uno-acaba-de-ser-despojado\\\/\"]}]},{\"@type\":\"ImageObject\",\"inLanguage\":\"es\",\"@id\":\"https:\\\/\\\/fuentesfidedignas.com.mx\\\/index.php\\\/2026\\\/09\\\/06\\\/en-culiacan-recuperan-dos-vehiculos-uno-acaba-de-ser-despojado\\\/#primaryimage\",\"url\":\"https:\\\/\\\/fuentesfidedignas.com.mx\\\/wp-content\\\/uploads\\\/2026\\\/09\\\/autoss_.jpg\",\"contentUrl\":\"https:\\\/\\\/fuentesfidedignas.com.mx\\\/wp-content\\\/uploads\\\/2026\\\/09\\\/autoss_.jpg\",\"width\":500,\"height\":307},{\"@type\":\"BreadcrumbList\",\"@id\":\"https:\\\/\\\/fuentesfidedignas.com.mx\\\/index.php\\\/2026\\\/09\\\/06\\\/en-culiacan-recuperan-dos-vehiculos-uno-acaba-de-ser-despojado\\\/#breadcrumb\",\"itemListElement\":[{\"@type\":\"ListItem\",\"position\":1,\"name\":\"Inicio\",\"item\":\"https:\\\/\\\/fuentesfidedignas.com.mx\\\/\"},{\"@type\":\"ListItem\",\"position\":2,\"name\":\"En Culiac\u00e1n, recuperan dos veh\u00edculos; uno acaba de ser despojado\"}]},{\"@type\":\"WebSite\",\"@id\":\"https:\\\/\\\/fuentesfidedignas.com.mx\\\/#website\",\"url\":\"https:\\\/\\\/fuentesfidedignas.com.mx\\\/\",\"name\":\"Fuentes Fidedignas\",\"description\":\"Otro sitio realizado con WordPress\",\"publisher\":{\"@id\":\"https:\\\/\\\/fuentesfidedignas.com.mx\\\/#organization\"},\"potentialAction\":[{\"@type\":\"SearchAction\",\"target\":{\"@type\":\"EntryPoint\",\"urlTemplate\":\"https:\\\/\\\/fuentesfidedignas.com.mx\\\/?s={search_term_string}\"},\"query-input\":{\"@type\":\"PropertyValueSpecification\",\"valueRequired\":true,\"valueName\":\"search_term_string\"}}],\"inLanguage\":\"es\"},{\"@type\":\"Organization\",\"@id\":\"https:\\\/\\\/fuentesfidedignas.com.mx\\\/#organization\",\"name\":\"Fuentes Fidedignas\",\"url\":\"https:\\\/\\\/fuentesfidedignas.com.mx\\\/\",\"logo\":{\"@type\":\"ImageObject\",\"inLanguage\":\"es\",\"@id\":\"https:\\\/\\\/fuentesfidedignas.com.mx\\\/#\\\/schema\\\/logo\\\/image\\\/\",\"url\":\"https:\\\/\\\/fuentesfidedignas.com.mx\\\/wp-content\\\/uploads\\\/2021\\\/04\\\/logo-retina.png\",\"contentUrl\":\"https:\\\/\\\/fuentesfidedignas.com.mx\\\/wp-content\\\/uploads\\\/2021\\\/04\\\/logo-retina.png\",\"width\":280,\"height\":51,\"caption\":\"Fuentes Fidedignas\"},\"image\":{\"@id\":\"https:\\\/\\\/fuentesfidedignas.com.mx\\\/#\\\/schema\\\/logo\\\/image\\\/\"},\"sameAs\":[\"https:\\\/\\\/www.facebook.com\\\/Fuentes-Fidedignas-368234489921644\",\"https:\\\/\\\/x.com\\\/fidedignas\"]},{\"@type\":\"Person\",\"@id\":\"https:\\\/\\\/fuentesfidedignas.com.mx\\\/#\\\/schema\\\/person\\\/331be9283d37198e2acd5750279085b0\",\"name\":\"Redacci\u00f3n\",\"image\":{\"@type\":\"ImageObject\",\"inLanguage\":\"es\",\"@id\":\"https:\\\/\\\/secure.gravatar.com\\\/avatar\\\/f6d8782c11d12b2d4ad3fbb6931aeab5309937a4d6cd2fc9cfaa28a6396a5aec?s=96&d=mm&r=g\",\"url\":\"https:\\\/\\\/secure.gravatar.com\\\/avatar\\\/f6d8782c11d12b2d4ad3fbb6931aeab5309937a4d6cd2fc9cfaa28a6396a5aec?s=96&d=mm&r=g\",\"contentUrl\":\"https:\\\/\\\/secure.gravatar.com\\\/avatar\\\/f6d8782c11d12b2d4ad3fbb6931aeab5309937a4d6cd2fc9cfaa28a6396a5aec?s=96&d=mm&r=g\",\"caption\":\"Redacci\u00f3n\"},\"url\":\"https:\\\/\\\/fuentesfidedignas.com.mx\\\/index.php\\\/author\\\/redaccion\\\/\"}]}<\/script>\n<!-- \/ Yoast SEO plugin. -->","yoast_head_json":{"title":"En Culiac\u00e1n, recuperan dos veh\u00edculos; uno acaba de ser despojado - Fuentes Fidedignas","robots":{"index":"index","follow":"follow","max-snippet":"max-snippet:-1","max-image-preview":"max-image-preview:large","max-video-preview":"max-video-preview:-1"},"canonical":"https:\/\/fuentesfidedignas.com.mx\/index.php\/2026\/09\/06\/en-culiacan-recuperan-dos-vehiculos-uno-acaba-de-ser-despojado\/","og_locale":"es_MX","og_type":"article","og_title":"En Culiac\u00e1n, recuperan dos veh\u00edculos; uno acaba de ser despojado - Fuentes Fidedignas","og_description":"Ambas unidades fueron aseguradas para realizar los tr\u00e1mites correspondientes para la devoluci\u00f3n a sus propietarios. Elementos de la Secretar\u00eda de Seguridad P\u00fablica del Estado (SSPE), a trav\u00e9s de la Polic\u00eda Estatal Preventiva (PEP), con apoyo del Grupo Interinstitucional, recuperaron dos veh\u00edculos, dentro del marco de resultados del operativo interinstitucional contra el robo de veh\u00edculos, en [&hellip;]","og_url":"https:\/\/fuentesfidedignas.com.mx\/index.php\/2026\/09\/06\/en-culiacan-recuperan-dos-vehiculos-uno-acaba-de-ser-despojado\/","og_site_name":"Fuentes Fidedignas","article_publisher":"https:\/\/www.facebook.com\/Fuentes-Fidedignas-368234489921644","article_published_time":"2026-09-06T18:31:21+00:00","article_modified_time":"2026-09-06T18:31:30+00:00","og_image":[{"width":500,"height":307,"url":"https:\/\/fuentesfidedignas.com.mx\/wp-content\/uploads\/2026\/09\/autoss_.jpg","type":"image\/jpeg"}],"author":"Redacci\u00f3n","twitter_card":"summary_large_image","twitter_creator":"@fidedignas","twitter_site":"@fidedignas","twitter_misc":{"Escrito por":"Redacci\u00f3n","Tiempo de lectura":"2 minutos"},"schema":{"@context":"https:\/\/schema.org","@graph":[{"@type":"Article","@id":"https:\/\/fuentesfidedignas.com.mx\/index.php\/2026\/09\/06\/en-culiacan-recuperan-dos-vehiculos-uno-acaba-de-ser-despojado\/#article","isPartOf":{"@id":"https:\/\/fuentesfidedignas.com.mx\/index.php\/2026\/09\/06\/en-culiacan-recuperan-dos-vehiculos-uno-acaba-de-ser-despojado\/"},"author":{"name":"Redacci\u00f3n","@id":"https:\/\/fuentesfidedignas.com.mx\/#\/schema\/person\/331be9283d37198e2acd5750279085b0"},"headline":"En Culiac\u00e1n, recuperan dos veh\u00edculos; uno acaba de ser despojado","datePublished":"2026-09-06T18:31:21+00:00","dateModified":"2026-09-06T18:31:30+00:00","mainEntityOfPage":{"@id":"https:\/\/fuentesfidedignas.com.mx\/index.php\/2026\/09\/06\/en-culiacan-recuperan-dos-vehiculos-uno-acaba-de-ser-despojado\/"},"wordCount":268,"commentCount":0,"publisher":{"@id":"https:\/\/fuentesfidedignas.com.mx\/#organization"},"image":{"@id":"https:\/\/fuentesfidedignas.com.mx\/index.php\/2026\/09\/06\/en-culiacan-recuperan-dos-vehiculos-uno-acaba-de-ser-despojado\/#primaryimage"},"thumbnailUrl":"https:\/\/fuentesfidedignas.com.mx\/wp-content\/uploads\/2026\/09\/autoss_.jpg","articleSection":["NOTICIAS LOCALES"],"inLanguage":"es","potentialAction":[{"@type":"CommentAction","name":"Comment","target":["https:\/\/fuentesfidedignas.com.mx\/index.php\/2026\/09\/06\/en-culiacan-recuperan-dos-vehiculos-uno-acaba-de-ser-despojado\/#respond"]}]},{"@type":"WebPage","@id":"https:\/\/fuentesfidedignas.com.mx\/index.php\/2026\/09\/06\/en-culiacan-recuperan-dos-vehiculos-uno-acaba-de-ser-despojado\/","url":"https:\/\/fuentesfidedignas.com.mx\/index.php\/2026\/09\/06\/en-culiacan-recuperan-dos-vehiculos-uno-acaba-de-ser-despojado\/","name":"En Culiac\u00e1n, recuperan dos veh\u00edculos; uno acaba de ser despojado - Fuentes Fidedignas","isPartOf":{"@id":"https:\/\/fuentesfidedignas.com.mx\/#website"},"primaryImageOfPage":{"@id":"https:\/\/fuentesfidedignas.com.mx\/index.php\/2026\/09\/06\/en-culiacan-recuperan-dos-vehiculos-uno-acaba-de-ser-despojado\/#primaryimage"},"image":{"@id":"https:\/\/fuentesfidedignas.com.mx\/index.php\/2026\/09\/06\/en-culiacan-recuperan-dos-vehiculos-uno-acaba-de-ser-despojado\/#primaryimage"},"thumbnailUrl":"https:\/\/fuentesfidedignas.com.mx\/wp-content\/uploads\/2026\/09\/autoss_.jpg","datePublished":"2026-09-06T18:31:21+00:00","dateModified":"2026-09-06T18:31:30+00:00","breadcrumb":{"@id":"https:\/\/fuentesfidedignas.com.mx\/index.php\/2026\/09\/06\/en-culiacan-recuperan-dos-vehiculos-uno-acaba-de-ser-despojado\/#breadcrumb"},"inLanguage":"es","potentialAction":[{"@type":"ReadAction","target":["https:\/\/fuentesfidedignas.com.mx\/index.php\/2026\/09\/06\/en-culiacan-recuperan-dos-vehiculos-uno-acaba-de-ser-despojado\/"]}]},{"@type":"ImageObject","inLanguage":"es","@id":"https:\/\/fuentesfidedignas.com.mx\/index.php\/2026\/09\/06\/en-culiacan-recuperan-dos-vehiculos-uno-acaba-de-ser-despojado\/#primaryimage","url":"https:\/\/fuentesfidedignas.com.mx\/wp-content\/uploads\/2026\/09\/autoss_.jpg","contentUrl":"https:\/\/fuentesfidedignas.com.mx\/wp-content\/uploads\/2026\/09\/autoss_.jpg","width":500,"height":307},{"@type":"BreadcrumbList","@id":"https:\/\/fuentesfidedignas.com.mx\/index.php\/2026\/09\/06\/en-culiacan-recuperan-dos-vehiculos-uno-acaba-de-ser-despojado\/#breadcrumb","itemListElement":[{"@type":"ListItem","position":1,"name":"Inicio","item":"https:\/\/fuentesfidedignas.com.mx\/"},{"@type":"ListItem","position":2,"name":"En Culiac\u00e1n, recuperan dos veh\u00edculos; uno acaba de ser despojado"}]},{"@type":"WebSite","@id":"https:\/\/fuentesfidedignas.com.mx\/#website","url":"https:\/\/fuentesfidedignas.com.mx\/","name":"Fuentes Fidedignas","description":"Otro sitio realizado con WordPress","publisher":{"@id":"https:\/\/fuentesfidedignas.com.mx\/#organization"},"potentialAction":[{"@type":"SearchAction","target":{"@type":"EntryPoint","urlTemplate":"https:\/\/fuentesfidedignas.com.mx\/?s={search_term_string}"},"query-input":{"@type":"PropertyValueSpecification","valueRequired":true,"valueName":"search_term_string"}}],"inLanguage":"es"},{"@type":"Organization","@id":"https:\/\/fuentesfidedignas.com.mx\/#organization","name":"Fuentes Fidedignas","url":"https:\/\/fuentesfidedignas.com.mx\/","logo":{"@type":"ImageObject","inLanguage":"es","@id":"https:\/\/fuentesfidedignas.com.mx\/#\/schema\/logo\/image\/","url":"https:\/\/fuentesfidedignas.com.mx\/wp-content\/uploads\/2021\/04\/logo-retina.png","contentUrl":"https:\/\/fuentesfidedignas.com.mx\/wp-content\/uploads\/2021\/04\/logo-retina.png","width":280,"height":51,"caption":"Fuentes Fidedignas"},"image":{"@id":"https:\/\/fuentesfidedignas.com.mx\/#\/schema\/logo\/image\/"},"sameAs":["https:\/\/www.facebook.com\/Fuentes-Fidedignas-368234489921644","https:\/\/x.com\/fidedignas"]},{"@type":"Person","@id":"https:\/\/fuentesfidedignas.com.mx\/#\/schema\/person\/331be9283d37198e2acd5750279085b0","name":"Redacci\u00f3n","image":{"@type":"ImageObject","inLanguage":"es","@id":"https:\/\/secure.gravatar.com\/avatar\/f6d8782c11d12b2d4ad3fbb6931aeab5309937a4d6cd2fc9cfaa28a6396a5aec?s=96&d=mm&r=g","url":"https:\/\/secure.gravatar.com\/avatar\/f6d8782c11d12b2d4ad3fbb6931aeab5309937a4d6cd2fc9cfaa28a6396a5aec?s=96&d=mm&r=g","contentUrl":"https:\/\/secure.gravatar.com\/avatar\/f6d8782c11d12b2d4ad3fbb6931aeab5309937a4d6cd2fc9cfaa28a6396a5aec?s=96&d=mm&r=g","caption":"Redacci\u00f3n"},"url":"https:\/\/fuentesfidedignas.com.mx\/index.php\/author\/redaccion\/"}]}},"_links":{"self":[{"href":"https:\/\/fuentesfidedignas.com.mx\/index.php\/wp-json\/wp\/v2\/posts\/141759","targetHints":{"allow":["GET"]}}],"collection":[{"href":"https:\/\/fuentesfidedignas.com.mx\/index.php\/wp-json\/wp\/v2\/posts"}],"about":[{"href":"https:\/\/fuentesfidedignas.com.mx\/index.php\/wp-json\/wp\/v2\/types\/post"}],"author":[{"embeddable":true,"href":"https:\/\/fuentesfidedignas.com.mx\/index.php\/wp-json\/wp\/v2\/users\/4"}],"replies":[{"embeddable":true,"href":"https:\/\/fuentesfidedignas.com.mx\/index.php\/wp-json\/wp\/v2\/comments?post=141759"}],"version-history":[{"count":1,"href":"https:\/\/fuentesfidedignas.com.mx\/index.php\/wp-json\/wp\/v2\/posts\/141759\/revisions"}],"predecessor-version":[{"id":141761,"href":"https:\/\/fuentesfidedignas.com.mx\/index.php\/wp-json\/wp\/v2\/posts\/141759\/revisions\/141761"}],"wp:featuredmedia":[{"embeddable":true,"href":"https:\/\/fuentesfidedignas.com.mx\/index.php\/wp-json\/wp\/v2\/media\/141760"}],"wp:attachment":[{"href":"https:\/\/fuentesfidedignas.com.mx\/index.php\/wp-json\/wp\/v2\/media?parent=141759"}],"wp:term":[{"taxonomy":"category","embeddable":true,"href":"https:\/\/fuentesfidedignas.com.mx\/index.php\/wp-json\/wp\/v2\/categories?post=141759"},{"taxonomy":"post_tag","embeddable":true,"href":"https:\/\/fuentesfidedignas.com.mx\/index.php\/wp-json\/wp\/v2\/tags?post=141759"}],"curies":[{"name":"wp","href":"https:\/\/api.w.org\/{rel}","templated":true}]}}