{"id":141756,"date":"2026-09-06T11:24:15","date_gmt":"2026-09-06T18:24:15","guid":{"rendered":"https:\/\/fuentesfidedignas.com.mx\/?p=141756"},"modified":"2026-09-06T11:24:20","modified_gmt":"2026-09-06T18:24:20","slug":"prision-preventiva-a-diego-sebastian-n-y-gerardo-n-por-los-homicidios-de-tecladista-y-su-familia","status":"publish","type":"post","link":"https:\/\/fuentesfidedignas.com.mx\/index.php\/2026\/09\/06\/prision-preventiva-a-diego-sebastian-n-y-gerardo-n-por-los-homicidios-de-tecladista-y-su-familia\/","title":{"rendered":"Prisi\u00f3n preventiva a Diego Sebasti\u00e1n \u201cN\u201d y Gerardo \u201cN\u201d por los homicidios de tecladista y su familia"},"content":{"rendered":"\n<p class=\"wp-block-paragraph\"><strong><em>Fueron presentados alrededor de 70 datos de prueba, entre ellos declaraciones, dict\u00e1menes periciales, videos y evidencias f\u00edsicas<\/em><\/strong><\/p>\n\n\n\n<p class=\"wp-block-paragraph\">Nueve horas dentro de una sala judicial bastaron para dejar una primera determinaci\u00f3n, pero no para cerrar la historia de uno de los cr\u00edmenes que m\u00e1s han conmocionado al Estado de M\u00e9xico. La audiencia inicial de Diego Sebasti\u00e1n \u201cN\u201d y Gerardo \u201cN\u201d, se\u00f1alados por su probable participaci\u00f3n en el asesinato de cuatro personas en Atizap\u00e1n de Zaragoza, termin\u00f3 antes de las 23:00 horas del s\u00e1bado.<\/p>\n\n\n\n<p class=\"wp-block-paragraph\">Hubo recesos, momentos de tensi\u00f3n y un intento de uno de los acusados por tomar la palabra. Su abogado, sin embargo, le pidi\u00f3 guardar silencio. Al final, la jueza dict\u00f3 prisi\u00f3n preventiva justificada para ambos. Su destino inmediato ser\u00e1 el penal de Barrientos. <\/p>\n\n\n\n<p class=\"wp-block-paragraph\">La decisi\u00f3n no significa que hayan sido declarados culpables. La investigaci\u00f3n contin\u00faa y ser\u00e1 en la audiencia programada para el mi\u00e9rcoles 9 de septiembre, a las 9:30 horas, cuando se determine si existen elementos suficientes para vincularlos a proceso.<\/p>\n\n\n\n<p class=\"wp-block-paragraph\">La defensa solicit\u00f3 el plazo constitucional de 144 horas para preparar esa siguiente etapa.<\/p>\n\n\n\n<p class=\"wp-block-paragraph\"><strong>Un crimen que comenz\u00f3 con una relaci\u00f3n comercial<\/strong><br>La investigaci\u00f3n tiene como punto de partida la tarde del 1 de septiembre de 2026, cuando Jonathan Mel\u00e9ndez, conocido como \u201cHonas\u201d y tecladista de Camilo S\u00e9ptimo, fue asesinado junto con su familia y una trabajadora del hogar dentro de un departamento ubicado en un fraccionamiento de Atizap\u00e1n de Zaragoza.<\/p>\n\n\n\n<p class=\"wp-block-paragraph\">Con \u00e9l murieron su esposa, Ana Paula, quien ten\u00eda cuatro meses de embarazo; su hija Sof\u00eda, de tres a\u00f1os, y la trabajadora Aleyda Romero.<\/p>\n\n\n\n<p class=\"wp-block-paragraph\">Un ni\u00f1o, hijo de la pareja, sobrevivi\u00f3 al ataque. Cuando fue localizado, no presentaba signos de violencia.<\/p>\n\n\n\n<p class=\"wp-block-paragraph\">Tambi\u00e9n muri\u00f3 un perro, hecho que forma parte de los cargos investigados por las autoridades.<\/p>\n\n\n\n<p class=\"wp-block-paragraph\">Desde los primeros avances, una pregunta comenz\u00f3 a dominar la investigaci\u00f3n: \u00bfpor qu\u00e9 fueron asesinados?<\/p>\n\n\n\n<p class=\"wp-block-paragraph\">La respuesta que la Fiscal\u00eda General de Justicia del Estado de M\u00e9xico ha planteado apunta hacia el dinero y, espec\u00edficamente, hacia activos digitales.<\/p>\n\n\n\n<p class=\"wp-block-paragraph\">Seg\u00fan las pesquisas, Diego Sebasti\u00e1n \u201cN\u201d conoc\u00eda a Jonathan Mel\u00e9ndez y manten\u00eda con \u00e9l una relaci\u00f3n comercial. La investigaci\u00f3n sostiene que el m\u00fasico ten\u00eda bajo resguardo activos en criptomonedas y que su socio habr\u00eda intentado apoderarse de ellos.<\/p>\n\n\n\n<p class=\"wp-block-paragraph\">En la audiencia, el Ministerio P\u00fablico habr\u00eda se\u00f1alado que la inversi\u00f3n rondaba los tres millones de pesos y que despu\u00e9s del crimen no fue localizada una memoria USB que presuntamente conten\u00eda las claves necesarias para acceder a esos recursos.<\/p>\n\n\n\n<p class=\"wp-block-paragraph\">La Fiscal\u00eda investiga, adem\u00e1s, si las criptomonedas fueron transferidas despu\u00e9s del homicidio.<\/p>\n\n\n\n<p class=\"wp-block-paragraph\"><strong>Entre videos, casquillos y evidencias f\u00edsicas<\/strong><br>La Fiscal\u00eda mexiquense lleg\u00f3 a la audiencia con una cantidad considerable de elementos.<\/p>\n\n\n\n<p class=\"wp-block-paragraph\">De acuerdo con la informaci\u00f3n proporcionada por la dependencia, fueron presentados alrededor de 70 datos de prueba, entre ellos declaraciones, dict\u00e1menes periciales, videos y evidencias f\u00edsicas que, seg\u00fan el Ministerio P\u00fablico, permiten reconstruir parte de lo ocurrido.<\/p>\n\n\n\n<p class=\"wp-block-paragraph\">Entre los indicios asegurados aparecen casquillos percutidos calibre 9 mil\u00edmetros, cinta adhesiva y cinchos, adem\u00e1s de otros objetos que forman parte de la investigaci\u00f3n.<\/p>\n\n\n\n<p class=\"wp-block-paragraph\">La suma de esos elementos busca establecer no s\u00f3lo qui\u00e9nes estuvieron relacionados con el crimen, sino tambi\u00e9n la forma en que se desarrollaron los hechos y cu\u00e1l habr\u00eda sido la participaci\u00f3n espec\u00edfica de cada uno de los imputados.<\/p>\n\n\n\n<p class=\"wp-block-paragraph\">Los cargos son particularmente graves: homicidio calificado m\u00faltiple, interrupci\u00f3n del embarazo y maltrato y crueldad animal, de acuerdo con la Fiscal\u00eda.<\/p>\n\n\n\n<p class=\"wp-block-paragraph\"><strong>Las familias llegaron a la audiencia<\/strong><br>Mientras los acusados enfrentaban la primera etapa del proceso, familiares de las v\u00edctimas acudieron a la audiencia.<\/p>\n\n\n\n<p class=\"wp-block-paragraph\">Entre ellos estuvieron familiares de Aleyda Romero y uno de los t\u00edos de Jonathan Mel\u00e9ndez.<\/p>\n\n\n\n<p class=\"wp-block-paragraph\">Su presencia record\u00f3 que detr\u00e1s de las cifras, los dict\u00e1menes y las evidencias existe una tragedia que comenz\u00f3 cuatro d\u00edas antes dentro de un domicilio familiar.<\/p>\n\n\n\n<p class=\"wp-block-paragraph\">Jonathan Mel\u00e9ndez y sus seres queridos ya fueron sepultados en un pante\u00f3n de Naucalpan.<\/p>\n\n\n\n<p class=\"wp-block-paragraph\">Aleyda Romero fue enterrada en San Mart\u00edn Cuautlalpan, Chalco.<\/p>\n\n\n\n<p class=\"wp-block-paragraph\">Los funerales ocurrieron mientras la investigaci\u00f3n avanzaba hacia los tribunales. <\/p>\n","protected":false},"excerpt":{"rendered":"<p>Fueron presentados alrededor de 70 datos de prueba, entre ellos declaraciones, dict\u00e1menes periciales, videos y evidencias f\u00edsicas Nueve horas dentro de una sala judicial bastaron para dejar una primera determinaci\u00f3n, pero no para cerrar la historia de uno de los cr\u00edmenes que m\u00e1s han conmocionado al Estado de M\u00e9xico. La audiencia inicial de Diego Sebasti\u00e1n [&hellip;]<\/p>\n","protected":false},"author":7,"featured_media":141757,"comment_status":"open","ping_status":"open","sticky":false,"template":"","format":"standard","meta":{"tdm_status":"","tdm_grid_status":"","footnotes":""},"categories":[39],"tags":[],"class_list":["post-141756","post","type-post","status-publish","format-standard","has-post-thumbnail","category-noticias-nacionales"],"yoast_head":"<!-- This site is optimized with the Yoast SEO plugin v28.4 - https:\/\/yoast.com\/product\/yoast-seo-wordpress\/ -->\n<title>Prisi\u00f3n preventiva a Diego Sebasti\u00e1n \u201cN\u201d y Gerardo \u201cN\u201d por los homicidios de tecladista y su familia - Fuentes Fidedignas<\/title>\n<meta name=\"robots\" content=\"index, follow, max-snippet:-1, max-image-preview:large, max-video-preview:-1\" \/>\n<link rel=\"canonical\" href=\"https:\/\/fuentesfidedignas.com.mx\/index.php\/2026\/09\/06\/prision-preventiva-a-diego-sebastian-n-y-gerardo-n-por-los-homicidios-de-tecladista-y-su-familia\/\" \/>\n<meta property=\"og:locale\" content=\"es_MX\" \/>\n<meta property=\"og:type\" content=\"article\" \/>\n<meta property=\"og:title\" content=\"Prisi\u00f3n preventiva a Diego Sebasti\u00e1n \u201cN\u201d y Gerardo \u201cN\u201d por los homicidios de tecladista y su familia - Fuentes Fidedignas\" \/>\n<meta property=\"og:description\" content=\"Fueron presentados alrededor de 70 datos de prueba, entre ellos declaraciones, dict\u00e1menes periciales, videos y evidencias f\u00edsicas Nueve horas dentro de una sala judicial bastaron para dejar una primera determinaci\u00f3n, pero no para cerrar la historia de uno de los cr\u00edmenes que m\u00e1s han conmocionado al Estado de M\u00e9xico. La audiencia inicial de Diego Sebasti\u00e1n [&hellip;]\" \/>\n<meta property=\"og:url\" content=\"https:\/\/fuentesfidedignas.com.mx\/index.php\/2026\/09\/06\/prision-preventiva-a-diego-sebastian-n-y-gerardo-n-por-los-homicidios-de-tecladista-y-su-familia\/\" \/>\n<meta property=\"og:site_name\" content=\"Fuentes Fidedignas\" \/>\n<meta property=\"article:publisher\" content=\"https:\/\/www.facebook.com\/Fuentes-Fidedignas-368234489921644\" \/>\n<meta property=\"article:published_time\" content=\"2026-09-06T18:24:15+00:00\" \/>\n<meta property=\"article:modified_time\" content=\"2026-09-06T18:24:20+00:00\" \/>\n<meta property=\"og:image\" content=\"https:\/\/fuentesfidedignas.com.mx\/wp-content\/uploads\/2026\/09\/asesino_camilo.jpeg\" \/>\n\t<meta property=\"og:image:width\" content=\"813\" \/>\n\t<meta property=\"og:image:height\" content=\"542\" \/>\n\t<meta property=\"og:image:type\" content=\"image\/jpeg\" \/>\n<meta name=\"author\" content=\"Exc\u00e9lsior\" \/>\n<meta name=\"twitter:card\" content=\"summary_large_image\" \/>\n<meta name=\"twitter:creator\" content=\"@fidedignas\" \/>\n<meta name=\"twitter:site\" content=\"@fidedignas\" \/>\n<meta name=\"twitter:label1\" content=\"Escrito por\" \/>\n\t<meta name=\"twitter:data1\" content=\"Exc\u00e9lsior\" \/>\n\t<meta name=\"twitter:label2\" content=\"Tiempo de lectura\" \/>\n\t<meta name=\"twitter:data2\" content=\"4 minutos\" \/>\n<script type=\"application\/ld+json\" class=\"yoast-schema-graph\">{\"@context\":\"https:\\\/\\\/schema.org\",\"@graph\":[{\"@type\":\"Article\",\"@id\":\"https:\\\/\\\/fuentesfidedignas.com.mx\\\/index.php\\\/2026\\\/09\\\/06\\\/prision-preventiva-a-diego-sebastian-n-y-gerardo-n-por-los-homicidios-de-tecladista-y-su-familia\\\/#article\",\"isPartOf\":{\"@id\":\"https:\\\/\\\/fuentesfidedignas.com.mx\\\/index.php\\\/2026\\\/09\\\/06\\\/prision-preventiva-a-diego-sebastian-n-y-gerardo-n-por-los-homicidios-de-tecladista-y-su-familia\\\/\"},\"author\":{\"name\":\"Exc\u00e9lsior\",\"@id\":\"https:\\\/\\\/fuentesfidedignas.com.mx\\\/#\\\/schema\\\/person\\\/ec4edd1fbf5efa3e44fce34fe2787780\"},\"headline\":\"Prisi\u00f3n preventiva a Diego Sebasti\u00e1n \u201cN\u201d y Gerardo \u201cN\u201d por los homicidios de tecladista y su familia\",\"datePublished\":\"2026-09-06T18:24:15+00:00\",\"dateModified\":\"2026-09-06T18:24:20+00:00\",\"mainEntityOfPage\":{\"@id\":\"https:\\\/\\\/fuentesfidedignas.com.mx\\\/index.php\\\/2026\\\/09\\\/06\\\/prision-preventiva-a-diego-sebastian-n-y-gerardo-n-por-los-homicidios-de-tecladista-y-su-familia\\\/\"},\"wordCount\":744,\"commentCount\":0,\"publisher\":{\"@id\":\"https:\\\/\\\/fuentesfidedignas.com.mx\\\/#organization\"},\"image\":{\"@id\":\"https:\\\/\\\/fuentesfidedignas.com.mx\\\/index.php\\\/2026\\\/09\\\/06\\\/prision-preventiva-a-diego-sebastian-n-y-gerardo-n-por-los-homicidios-de-tecladista-y-su-familia\\\/#primaryimage\"},\"thumbnailUrl\":\"https:\\\/\\\/fuentesfidedignas.com.mx\\\/wp-content\\\/uploads\\\/2026\\\/09\\\/asesino_camilo.jpeg\",\"articleSection\":[\"NOTICIAS NACIONALES\"],\"inLanguage\":\"es\",\"potentialAction\":[{\"@type\":\"CommentAction\",\"name\":\"Comment\",\"target\":[\"https:\\\/\\\/fuentesfidedignas.com.mx\\\/index.php\\\/2026\\\/09\\\/06\\\/prision-preventiva-a-diego-sebastian-n-y-gerardo-n-por-los-homicidios-de-tecladista-y-su-familia\\\/#respond\"]}]},{\"@type\":\"WebPage\",\"@id\":\"https:\\\/\\\/fuentesfidedignas.com.mx\\\/index.php\\\/2026\\\/09\\\/06\\\/prision-preventiva-a-diego-sebastian-n-y-gerardo-n-por-los-homicidios-de-tecladista-y-su-familia\\\/\",\"url\":\"https:\\\/\\\/fuentesfidedignas.com.mx\\\/index.php\\\/2026\\\/09\\\/06\\\/prision-preventiva-a-diego-sebastian-n-y-gerardo-n-por-los-homicidios-de-tecladista-y-su-familia\\\/\",\"name\":\"Prisi\u00f3n preventiva a Diego Sebasti\u00e1n \u201cN\u201d y Gerardo \u201cN\u201d por los homicidios de tecladista y su familia - Fuentes Fidedignas\",\"isPartOf\":{\"@id\":\"https:\\\/\\\/fuentesfidedignas.com.mx\\\/#website\"},\"primaryImageOfPage\":{\"@id\":\"https:\\\/\\\/fuentesfidedignas.com.mx\\\/index.php\\\/2026\\\/09\\\/06\\\/prision-preventiva-a-diego-sebastian-n-y-gerardo-n-por-los-homicidios-de-tecladista-y-su-familia\\\/#primaryimage\"},\"image\":{\"@id\":\"https:\\\/\\\/fuentesfidedignas.com.mx\\\/index.php\\\/2026\\\/09\\\/06\\\/prision-preventiva-a-diego-sebastian-n-y-gerardo-n-por-los-homicidios-de-tecladista-y-su-familia\\\/#primaryimage\"},\"thumbnailUrl\":\"https:\\\/\\\/fuentesfidedignas.com.mx\\\/wp-content\\\/uploads\\\/2026\\\/09\\\/asesino_camilo.jpeg\",\"datePublished\":\"2026-09-06T18:24:15+00:00\",\"dateModified\":\"2026-09-06T18:24:20+00:00\",\"breadcrumb\":{\"@id\":\"https:\\\/\\\/fuentesfidedignas.com.mx\\\/index.php\\\/2026\\\/09\\\/06\\\/prision-preventiva-a-diego-sebastian-n-y-gerardo-n-por-los-homicidios-de-tecladista-y-su-familia\\\/#breadcrumb\"},\"inLanguage\":\"es\",\"potentialAction\":[{\"@type\":\"ReadAction\",\"target\":[\"https:\\\/\\\/fuentesfidedignas.com.mx\\\/index.php\\\/2026\\\/09\\\/06\\\/prision-preventiva-a-diego-sebastian-n-y-gerardo-n-por-los-homicidios-de-tecladista-y-su-familia\\\/\"]}]},{\"@type\":\"ImageObject\",\"inLanguage\":\"es\",\"@id\":\"https:\\\/\\\/fuentesfidedignas.com.mx\\\/index.php\\\/2026\\\/09\\\/06\\\/prision-preventiva-a-diego-sebastian-n-y-gerardo-n-por-los-homicidios-de-tecladista-y-su-familia\\\/#primaryimage\",\"url\":\"https:\\\/\\\/fuentesfidedignas.com.mx\\\/wp-content\\\/uploads\\\/2026\\\/09\\\/asesino_camilo.jpeg\",\"contentUrl\":\"https:\\\/\\\/fuentesfidedignas.com.mx\\\/wp-content\\\/uploads\\\/2026\\\/09\\\/asesino_camilo.jpeg\",\"width\":813,\"height\":542},{\"@type\":\"BreadcrumbList\",\"@id\":\"https:\\\/\\\/fuentesfidedignas.com.mx\\\/index.php\\\/2026\\\/09\\\/06\\\/prision-preventiva-a-diego-sebastian-n-y-gerardo-n-por-los-homicidios-de-tecladista-y-su-familia\\\/#breadcrumb\",\"itemListElement\":[{\"@type\":\"ListItem\",\"position\":1,\"name\":\"Inicio\",\"item\":\"https:\\\/\\\/fuentesfidedignas.com.mx\\\/\"},{\"@type\":\"ListItem\",\"position\":2,\"name\":\"Prisi\u00f3n preventiva a Diego Sebasti\u00e1n \u201cN\u201d y Gerardo \u201cN\u201d por los homicidios de tecladista y su familia\"}]},{\"@type\":\"WebSite\",\"@id\":\"https:\\\/\\\/fuentesfidedignas.com.mx\\\/#website\",\"url\":\"https:\\\/\\\/fuentesfidedignas.com.mx\\\/\",\"name\":\"Fuentes Fidedignas\",\"description\":\"Otro sitio realizado con WordPress\",\"publisher\":{\"@id\":\"https:\\\/\\\/fuentesfidedignas.com.mx\\\/#organization\"},\"potentialAction\":[{\"@type\":\"SearchAction\",\"target\":{\"@type\":\"EntryPoint\",\"urlTemplate\":\"https:\\\/\\\/fuentesfidedignas.com.mx\\\/?s={search_term_string}\"},\"query-input\":{\"@type\":\"PropertyValueSpecification\",\"valueRequired\":true,\"valueName\":\"search_term_string\"}}],\"inLanguage\":\"es\"},{\"@type\":\"Organization\",\"@id\":\"https:\\\/\\\/fuentesfidedignas.com.mx\\\/#organization\",\"name\":\"Fuentes Fidedignas\",\"url\":\"https:\\\/\\\/fuentesfidedignas.com.mx\\\/\",\"logo\":{\"@type\":\"ImageObject\",\"inLanguage\":\"es\",\"@id\":\"https:\\\/\\\/fuentesfidedignas.com.mx\\\/#\\\/schema\\\/logo\\\/image\\\/\",\"url\":\"https:\\\/\\\/fuentesfidedignas.com.mx\\\/wp-content\\\/uploads\\\/2021\\\/04\\\/logo-retina.png\",\"contentUrl\":\"https:\\\/\\\/fuentesfidedignas.com.mx\\\/wp-content\\\/uploads\\\/2021\\\/04\\\/logo-retina.png\",\"width\":280,\"height\":51,\"caption\":\"Fuentes Fidedignas\"},\"image\":{\"@id\":\"https:\\\/\\\/fuentesfidedignas.com.mx\\\/#\\\/schema\\\/logo\\\/image\\\/\"},\"sameAs\":[\"https:\\\/\\\/www.facebook.com\\\/Fuentes-Fidedignas-368234489921644\",\"https:\\\/\\\/x.com\\\/fidedignas\"]},{\"@type\":\"Person\",\"@id\":\"https:\\\/\\\/fuentesfidedignas.com.mx\\\/#\\\/schema\\\/person\\\/ec4edd1fbf5efa3e44fce34fe2787780\",\"name\":\"Exc\u00e9lsior\",\"image\":{\"@type\":\"ImageObject\",\"inLanguage\":\"es\",\"@id\":\"https:\\\/\\\/secure.gravatar.com\\\/avatar\\\/4b7ee9206b48be08447852b3f0814dbc7c0f3b51541b164f1464a2725614020b?s=96&d=mm&r=g\",\"url\":\"https:\\\/\\\/secure.gravatar.com\\\/avatar\\\/4b7ee9206b48be08447852b3f0814dbc7c0f3b51541b164f1464a2725614020b?s=96&d=mm&r=g\",\"contentUrl\":\"https:\\\/\\\/secure.gravatar.com\\\/avatar\\\/4b7ee9206b48be08447852b3f0814dbc7c0f3b51541b164f1464a2725614020b?s=96&d=mm&r=g\",\"caption\":\"Exc\u00e9lsior\"},\"url\":\"https:\\\/\\\/fuentesfidedignas.com.mx\\\/index.php\\\/author\\\/excelsior\\\/\"}]}<\/script>\n<!-- \/ Yoast SEO plugin. -->","yoast_head_json":{"title":"Prisi\u00f3n preventiva a Diego Sebasti\u00e1n \u201cN\u201d y Gerardo \u201cN\u201d por los homicidios de tecladista y su familia - Fuentes Fidedignas","robots":{"index":"index","follow":"follow","max-snippet":"max-snippet:-1","max-image-preview":"max-image-preview:large","max-video-preview":"max-video-preview:-1"},"canonical":"https:\/\/fuentesfidedignas.com.mx\/index.php\/2026\/09\/06\/prision-preventiva-a-diego-sebastian-n-y-gerardo-n-por-los-homicidios-de-tecladista-y-su-familia\/","og_locale":"es_MX","og_type":"article","og_title":"Prisi\u00f3n preventiva a Diego Sebasti\u00e1n \u201cN\u201d y Gerardo \u201cN\u201d por los homicidios de tecladista y su familia - Fuentes Fidedignas","og_description":"Fueron presentados alrededor de 70 datos de prueba, entre ellos declaraciones, dict\u00e1menes periciales, videos y evidencias f\u00edsicas Nueve horas dentro de una sala judicial bastaron para dejar una primera determinaci\u00f3n, pero no para cerrar la historia de uno de los cr\u00edmenes que m\u00e1s han conmocionado al Estado de M\u00e9xico. La audiencia inicial de Diego Sebasti\u00e1n [&hellip;]","og_url":"https:\/\/fuentesfidedignas.com.mx\/index.php\/2026\/09\/06\/prision-preventiva-a-diego-sebastian-n-y-gerardo-n-por-los-homicidios-de-tecladista-y-su-familia\/","og_site_name":"Fuentes Fidedignas","article_publisher":"https:\/\/www.facebook.com\/Fuentes-Fidedignas-368234489921644","article_published_time":"2026-09-06T18:24:15+00:00","article_modified_time":"2026-09-06T18:24:20+00:00","og_image":[{"width":813,"height":542,"url":"https:\/\/fuentesfidedignas.com.mx\/wp-content\/uploads\/2026\/09\/asesino_camilo.jpeg","type":"image\/jpeg"}],"author":"Exc\u00e9lsior","twitter_card":"summary_large_image","twitter_creator":"@fidedignas","twitter_site":"@fidedignas","twitter_misc":{"Escrito por":"Exc\u00e9lsior","Tiempo de lectura":"4 minutos"},"schema":{"@context":"https:\/\/schema.org","@graph":[{"@type":"Article","@id":"https:\/\/fuentesfidedignas.com.mx\/index.php\/2026\/09\/06\/prision-preventiva-a-diego-sebastian-n-y-gerardo-n-por-los-homicidios-de-tecladista-y-su-familia\/#article","isPartOf":{"@id":"https:\/\/fuentesfidedignas.com.mx\/index.php\/2026\/09\/06\/prision-preventiva-a-diego-sebastian-n-y-gerardo-n-por-los-homicidios-de-tecladista-y-su-familia\/"},"author":{"name":"Exc\u00e9lsior","@id":"https:\/\/fuentesfidedignas.com.mx\/#\/schema\/person\/ec4edd1fbf5efa3e44fce34fe2787780"},"headline":"Prisi\u00f3n preventiva a Diego Sebasti\u00e1n \u201cN\u201d y Gerardo \u201cN\u201d por los homicidios de tecladista y su familia","datePublished":"2026-09-06T18:24:15+00:00","dateModified":"2026-09-06T18:24:20+00:00","mainEntityOfPage":{"@id":"https:\/\/fuentesfidedignas.com.mx\/index.php\/2026\/09\/06\/prision-preventiva-a-diego-sebastian-n-y-gerardo-n-por-los-homicidios-de-tecladista-y-su-familia\/"},"wordCount":744,"commentCount":0,"publisher":{"@id":"https:\/\/fuentesfidedignas.com.mx\/#organization"},"image":{"@id":"https:\/\/fuentesfidedignas.com.mx\/index.php\/2026\/09\/06\/prision-preventiva-a-diego-sebastian-n-y-gerardo-n-por-los-homicidios-de-tecladista-y-su-familia\/#primaryimage"},"thumbnailUrl":"https:\/\/fuentesfidedignas.com.mx\/wp-content\/uploads\/2026\/09\/asesino_camilo.jpeg","articleSection":["NOTICIAS NACIONALES"],"inLanguage":"es","potentialAction":[{"@type":"CommentAction","name":"Comment","target":["https:\/\/fuentesfidedignas.com.mx\/index.php\/2026\/09\/06\/prision-preventiva-a-diego-sebastian-n-y-gerardo-n-por-los-homicidios-de-tecladista-y-su-familia\/#respond"]}]},{"@type":"WebPage","@id":"https:\/\/fuentesfidedignas.com.mx\/index.php\/2026\/09\/06\/prision-preventiva-a-diego-sebastian-n-y-gerardo-n-por-los-homicidios-de-tecladista-y-su-familia\/","url":"https:\/\/fuentesfidedignas.com.mx\/index.php\/2026\/09\/06\/prision-preventiva-a-diego-sebastian-n-y-gerardo-n-por-los-homicidios-de-tecladista-y-su-familia\/","name":"Prisi\u00f3n preventiva a Diego Sebasti\u00e1n \u201cN\u201d y Gerardo \u201cN\u201d por los homicidios de tecladista y su familia - Fuentes Fidedignas","isPartOf":{"@id":"https:\/\/fuentesfidedignas.com.mx\/#website"},"primaryImageOfPage":{"@id":"https:\/\/fuentesfidedignas.com.mx\/index.php\/2026\/09\/06\/prision-preventiva-a-diego-sebastian-n-y-gerardo-n-por-los-homicidios-de-tecladista-y-su-familia\/#primaryimage"},"image":{"@id":"https:\/\/fuentesfidedignas.com.mx\/index.php\/2026\/09\/06\/prision-preventiva-a-diego-sebastian-n-y-gerardo-n-por-los-homicidios-de-tecladista-y-su-familia\/#primaryimage"},"thumbnailUrl":"https:\/\/fuentesfidedignas.com.mx\/wp-content\/uploads\/2026\/09\/asesino_camilo.jpeg","datePublished":"2026-09-06T18:24:15+00:00","dateModified":"2026-09-06T18:24:20+00:00","breadcrumb":{"@id":"https:\/\/fuentesfidedignas.com.mx\/index.php\/2026\/09\/06\/prision-preventiva-a-diego-sebastian-n-y-gerardo-n-por-los-homicidios-de-tecladista-y-su-familia\/#breadcrumb"},"inLanguage":"es","potentialAction":[{"@type":"ReadAction","target":["https:\/\/fuentesfidedignas.com.mx\/index.php\/2026\/09\/06\/prision-preventiva-a-diego-sebastian-n-y-gerardo-n-por-los-homicidios-de-tecladista-y-su-familia\/"]}]},{"@type":"ImageObject","inLanguage":"es","@id":"https:\/\/fuentesfidedignas.com.mx\/index.php\/2026\/09\/06\/prision-preventiva-a-diego-sebastian-n-y-gerardo-n-por-los-homicidios-de-tecladista-y-su-familia\/#primaryimage","url":"https:\/\/fuentesfidedignas.com.mx\/wp-content\/uploads\/2026\/09\/asesino_camilo.jpeg","contentUrl":"https:\/\/fuentesfidedignas.com.mx\/wp-content\/uploads\/2026\/09\/asesino_camilo.jpeg","width":813,"height":542},{"@type":"BreadcrumbList","@id":"https:\/\/fuentesfidedignas.com.mx\/index.php\/2026\/09\/06\/prision-preventiva-a-diego-sebastian-n-y-gerardo-n-por-los-homicidios-de-tecladista-y-su-familia\/#breadcrumb","itemListElement":[{"@type":"ListItem","position":1,"name":"Inicio","item":"https:\/\/fuentesfidedignas.com.mx\/"},{"@type":"ListItem","position":2,"name":"Prisi\u00f3n preventiva a Diego Sebasti\u00e1n \u201cN\u201d y Gerardo \u201cN\u201d por los homicidios de tecladista y su familia"}]},{"@type":"WebSite","@id":"https:\/\/fuentesfidedignas.com.mx\/#website","url":"https:\/\/fuentesfidedignas.com.mx\/","name":"Fuentes Fidedignas","description":"Otro sitio realizado con WordPress","publisher":{"@id":"https:\/\/fuentesfidedignas.com.mx\/#organization"},"potentialAction":[{"@type":"SearchAction","target":{"@type":"EntryPoint","urlTemplate":"https:\/\/fuentesfidedignas.com.mx\/?s={search_term_string}"},"query-input":{"@type":"PropertyValueSpecification","valueRequired":true,"valueName":"search_term_string"}}],"inLanguage":"es"},{"@type":"Organization","@id":"https:\/\/fuentesfidedignas.com.mx\/#organization","name":"Fuentes Fidedignas","url":"https:\/\/fuentesfidedignas.com.mx\/","logo":{"@type":"ImageObject","inLanguage":"es","@id":"https:\/\/fuentesfidedignas.com.mx\/#\/schema\/logo\/image\/","url":"https:\/\/fuentesfidedignas.com.mx\/wp-content\/uploads\/2021\/04\/logo-retina.png","contentUrl":"https:\/\/fuentesfidedignas.com.mx\/wp-content\/uploads\/2021\/04\/logo-retina.png","width":280,"height":51,"caption":"Fuentes Fidedignas"},"image":{"@id":"https:\/\/fuentesfidedignas.com.mx\/#\/schema\/logo\/image\/"},"sameAs":["https:\/\/www.facebook.com\/Fuentes-Fidedignas-368234489921644","https:\/\/x.com\/fidedignas"]},{"@type":"Person","@id":"https:\/\/fuentesfidedignas.com.mx\/#\/schema\/person\/ec4edd1fbf5efa3e44fce34fe2787780","name":"Exc\u00e9lsior","image":{"@type":"ImageObject","inLanguage":"es","@id":"https:\/\/secure.gravatar.com\/avatar\/4b7ee9206b48be08447852b3f0814dbc7c0f3b51541b164f1464a2725614020b?s=96&d=mm&r=g","url":"https:\/\/secure.gravatar.com\/avatar\/4b7ee9206b48be08447852b3f0814dbc7c0f3b51541b164f1464a2725614020b?s=96&d=mm&r=g","contentUrl":"https:\/\/secure.gravatar.com\/avatar\/4b7ee9206b48be08447852b3f0814dbc7c0f3b51541b164f1464a2725614020b?s=96&d=mm&r=g","caption":"Exc\u00e9lsior"},"url":"https:\/\/fuentesfidedignas.com.mx\/index.php\/author\/excelsior\/"}]}},"_links":{"self":[{"href":"https:\/\/fuentesfidedignas.com.mx\/index.php\/wp-json\/wp\/v2\/posts\/141756","targetHints":{"allow":["GET"]}}],"collection":[{"href":"https:\/\/fuentesfidedignas.com.mx\/index.php\/wp-json\/wp\/v2\/posts"}],"about":[{"href":"https:\/\/fuentesfidedignas.com.mx\/index.php\/wp-json\/wp\/v2\/types\/post"}],"author":[{"embeddable":true,"href":"https:\/\/fuentesfidedignas.com.mx\/index.php\/wp-json\/wp\/v2\/users\/7"}],"replies":[{"embeddable":true,"href":"https:\/\/fuentesfidedignas.com.mx\/index.php\/wp-json\/wp\/v2\/comments?post=141756"}],"version-history":[{"count":1,"href":"https:\/\/fuentesfidedignas.com.mx\/index.php\/wp-json\/wp\/v2\/posts\/141756\/revisions"}],"predecessor-version":[{"id":141758,"href":"https:\/\/fuentesfidedignas.com.mx\/index.php\/wp-json\/wp\/v2\/posts\/141756\/revisions\/141758"}],"wp:featuredmedia":[{"embeddable":true,"href":"https:\/\/fuentesfidedignas.com.mx\/index.php\/wp-json\/wp\/v2\/media\/141757"}],"wp:attachment":[{"href":"https:\/\/fuentesfidedignas.com.mx\/index.php\/wp-json\/wp\/v2\/media?parent=141756"}],"wp:term":[{"taxonomy":"category","embeddable":true,"href":"https:\/\/fuentesfidedignas.com.mx\/index.php\/wp-json\/wp\/v2\/categories?post=141756"},{"taxonomy":"post_tag","embeddable":true,"href":"https:\/\/fuentesfidedignas.com.mx\/index.php\/wp-json\/wp\/v2\/tags?post=141756"}],"curies":[{"name":"wp","href":"https:\/\/api.w.org\/{rel}","templated":true}]}}