{"id":141747,"date":"2026-09-05T19:13:03","date_gmt":"2026-09-06T02:13:03","guid":{"rendered":"https:\/\/fuentesfidedignas.com.mx\/?p=141747"},"modified":"2026-09-05T19:13:03","modified_gmt":"2026-09-06T02:13:03","slug":"quieren-regresar-al-pasado-sheinbaum-critica-reunion-de-fox-con-alito-en-el-pri","status":"publish","type":"post","link":"https:\/\/fuentesfidedignas.com.mx\/index.php\/2026\/09\/05\/quieren-regresar-al-pasado-sheinbaum-critica-reunion-de-fox-con-alito-en-el-pri\/","title":{"rendered":"\u2018Quieren regresar al pasado\u2019: Sheinbaum critica reuni\u00f3n de Fox con \u2018Alito\u2019 en el PRI"},"content":{"rendered":"\n<p class=\"wp-block-paragraph\">La presidenta de M\u00e9xico, Claudia Sheinbaum, se refiri\u00f3 este s\u00e1bado a la reuni\u00f3n que tuvo el exmandatario Vicente Fox con el l\u00edder del PRI, Alejandro \u2018Alito\u2019 Moreno, en la sede del Partido Revolucionario Institucional el pasado viernes.<\/p>\n\n\n\n<p class=\"wp-block-paragraph\">Durante un mitin en Colima, como parte de su gira para dar a conocer los resultados de su segundo a\u00f1o de gobierno, la mandataria record\u00f3 que los gobiernos anteriores a Morena no se preocupaban por dar una pensi\u00f3n a los adultos mayores.<\/p>\n\n\n\n<p class=\"c-paragraph wp-block-paragraph\">\u201cAyer se&nbsp;<strong>reuni\u00f3 Fox con \u2018Alito\u2019<\/strong>, imag\u00ednese, quieren regresar al pasado\u201d, dijo la mandataria ante asistentes en Colima.&nbsp;<\/p>\n\n\n\n<h2 class=\"wp-block-heading b-article-body__h2\">\u00bfQu\u00e9 dijo Sheinbaum sobre la reuni\u00f3n de Fox y \u2018Alito\u2019?<\/h2>\n\n\n\n<p class=\"wp-block-paragraph\">La presidenta Claudia Sheinbaum critic\u00f3 la reuni\u00f3n del exmandatario Vicente Fox con el l\u00edder priista, Alejandro Moreno, en la sede del partido, pues asegur\u00f3 que \u201cquieren regresar al pasado de corrupci\u00f3n y privilegios\u201d.<\/p>\n\n\n\n<p class=\"wp-block-paragraph\">Luego, enumer\u00f3 algunas de las acciones que, afirm\u00f3, hicieron los expresidentes de M\u00e9xico:<\/p>\n\n\n\n<p class=\"wp-block-paragraph\">\u201cMiguel de la Madrid, inflaci\u00f3n tremenda, termin\u00f3 y hubo un fraude electoral en 1988.<\/p>\n\n\n\n<p class=\"c-paragraph wp-block-paragraph\">Con ese fraude, gan\u00f3 Salinas de Gortari, que vendi\u00f3 todas las empresas del Estado a particulares\u201d, asegur\u00f3 la mandataria.&nbsp;<\/p>\n\n\n\n<p class=\"c-paragraph wp-block-paragraph\">\u201cEsos periodos son del&nbsp;<strong>PRIAN<\/strong>, esos partidos siempre se ayudaron\u201d, dijo Sheinbaum.<\/p>\n","protected":false},"excerpt":{"rendered":"<p>La presidenta de M\u00e9xico, Claudia Sheinbaum, se refiri\u00f3 este s\u00e1bado a la reuni\u00f3n que tuvo el exmandatario Vicente Fox con el l\u00edder del PRI, Alejandro \u2018Alito\u2019 Moreno, en la sede del Partido Revolucionario Institucional el pasado viernes. Durante un mitin en Colima, como parte de su gira para dar a conocer los resultados de su [&hellip;]<\/p>\n","protected":false},"author":21,"featured_media":140641,"comment_status":"closed","ping_status":"open","sticky":false,"template":"","format":"standard","meta":{"tdm_status":"","tdm_grid_status":"","footnotes":""},"categories":[39],"tags":[],"class_list":["post-141747","post","type-post","status-publish","format-standard","has-post-thumbnail","category-noticias-nacionales"],"yoast_head":"<!-- This site is optimized with the Yoast SEO plugin v28.4 - https:\/\/yoast.com\/product\/yoast-seo-wordpress\/ -->\n<title>\u2018Quieren regresar al pasado\u2019: Sheinbaum critica reuni\u00f3n de Fox con \u2018Alito\u2019 en el PRI - Fuentes Fidedignas<\/title>\n<meta name=\"robots\" content=\"index, follow, max-snippet:-1, max-image-preview:large, max-video-preview:-1\" \/>\n<link rel=\"canonical\" href=\"https:\/\/fuentesfidedignas.com.mx\/index.php\/2026\/09\/05\/quieren-regresar-al-pasado-sheinbaum-critica-reunion-de-fox-con-alito-en-el-pri\/\" \/>\n<meta property=\"og:locale\" content=\"es_MX\" \/>\n<meta property=\"og:type\" content=\"article\" \/>\n<meta property=\"og:title\" content=\"\u2018Quieren regresar al pasado\u2019: Sheinbaum critica reuni\u00f3n de Fox con \u2018Alito\u2019 en el PRI - Fuentes Fidedignas\" \/>\n<meta property=\"og:description\" content=\"La presidenta de M\u00e9xico, Claudia Sheinbaum, se refiri\u00f3 este s\u00e1bado a la reuni\u00f3n que tuvo el exmandatario Vicente Fox con el l\u00edder del PRI, Alejandro \u2018Alito\u2019 Moreno, en la sede del Partido Revolucionario Institucional el pasado viernes. Durante un mitin en Colima, como parte de su gira para dar a conocer los resultados de su [&hellip;]\" \/>\n<meta property=\"og:url\" content=\"https:\/\/fuentesfidedignas.com.mx\/index.php\/2026\/09\/05\/quieren-regresar-al-pasado-sheinbaum-critica-reunion-de-fox-con-alito-en-el-pri\/\" \/>\n<meta property=\"og:site_name\" content=\"Fuentes Fidedignas\" \/>\n<meta property=\"article:publisher\" content=\"https:\/\/www.facebook.com\/Fuentes-Fidedignas-368234489921644\" \/>\n<meta property=\"article:published_time\" content=\"2026-09-06T02:13:03+00:00\" \/>\n<meta property=\"og:image\" content=\"https:\/\/fuentesfidedignas.com.mx\/wp-content\/uploads\/2026\/08\/claudia-sheinbaum-2.jpg\" \/>\n\t<meta property=\"og:image:width\" content=\"1200\" \/>\n\t<meta property=\"og:image:height\" content=\"740\" \/>\n\t<meta property=\"og:image:type\" content=\"image\/jpeg\" \/>\n<meta name=\"author\" content=\"El Financiero\" \/>\n<meta name=\"twitter:card\" content=\"summary_large_image\" \/>\n<meta name=\"twitter:creator\" content=\"@fidedignas\" \/>\n<meta name=\"twitter:site\" content=\"@fidedignas\" \/>\n<meta name=\"twitter:label1\" content=\"Escrito por\" \/>\n\t<meta name=\"twitter:data1\" content=\"El Financiero\" \/>\n\t<meta name=\"twitter:label2\" content=\"Tiempo de lectura\" \/>\n\t<meta name=\"twitter:data2\" content=\"1 minuto\" \/>\n<script type=\"application\/ld+json\" class=\"yoast-schema-graph\">{\"@context\":\"https:\\\/\\\/schema.org\",\"@graph\":[{\"@type\":\"Article\",\"@id\":\"https:\\\/\\\/fuentesfidedignas.com.mx\\\/index.php\\\/2026\\\/09\\\/05\\\/quieren-regresar-al-pasado-sheinbaum-critica-reunion-de-fox-con-alito-en-el-pri\\\/#article\",\"isPartOf\":{\"@id\":\"https:\\\/\\\/fuentesfidedignas.com.mx\\\/index.php\\\/2026\\\/09\\\/05\\\/quieren-regresar-al-pasado-sheinbaum-critica-reunion-de-fox-con-alito-en-el-pri\\\/\"},\"author\":{\"name\":\"El Financiero\",\"@id\":\"https:\\\/\\\/fuentesfidedignas.com.mx\\\/#\\\/schema\\\/person\\\/494f7e0dce8dfaaec5b64f16615b78e9\"},\"headline\":\"\u2018Quieren regresar al pasado\u2019: Sheinbaum critica reuni\u00f3n de Fox con \u2018Alito\u2019 en el PRI\",\"datePublished\":\"2026-09-06T02:13:03+00:00\",\"mainEntityOfPage\":{\"@id\":\"https:\\\/\\\/fuentesfidedignas.com.mx\\\/index.php\\\/2026\\\/09\\\/05\\\/quieren-regresar-al-pasado-sheinbaum-critica-reunion-de-fox-con-alito-en-el-pri\\\/\"},\"wordCount\":229,\"publisher\":{\"@id\":\"https:\\\/\\\/fuentesfidedignas.com.mx\\\/#organization\"},\"image\":{\"@id\":\"https:\\\/\\\/fuentesfidedignas.com.mx\\\/index.php\\\/2026\\\/09\\\/05\\\/quieren-regresar-al-pasado-sheinbaum-critica-reunion-de-fox-con-alito-en-el-pri\\\/#primaryimage\"},\"thumbnailUrl\":\"https:\\\/\\\/fuentesfidedignas.com.mx\\\/wp-content\\\/uploads\\\/2026\\\/08\\\/claudia-sheinbaum-2.jpg\",\"articleSection\":[\"NOTICIAS NACIONALES\"],\"inLanguage\":\"es\"},{\"@type\":\"WebPage\",\"@id\":\"https:\\\/\\\/fuentesfidedignas.com.mx\\\/index.php\\\/2026\\\/09\\\/05\\\/quieren-regresar-al-pasado-sheinbaum-critica-reunion-de-fox-con-alito-en-el-pri\\\/\",\"url\":\"https:\\\/\\\/fuentesfidedignas.com.mx\\\/index.php\\\/2026\\\/09\\\/05\\\/quieren-regresar-al-pasado-sheinbaum-critica-reunion-de-fox-con-alito-en-el-pri\\\/\",\"name\":\"\u2018Quieren regresar al pasado\u2019: Sheinbaum critica reuni\u00f3n de Fox con \u2018Alito\u2019 en el PRI - Fuentes Fidedignas\",\"isPartOf\":{\"@id\":\"https:\\\/\\\/fuentesfidedignas.com.mx\\\/#website\"},\"primaryImageOfPage\":{\"@id\":\"https:\\\/\\\/fuentesfidedignas.com.mx\\\/index.php\\\/2026\\\/09\\\/05\\\/quieren-regresar-al-pasado-sheinbaum-critica-reunion-de-fox-con-alito-en-el-pri\\\/#primaryimage\"},\"image\":{\"@id\":\"https:\\\/\\\/fuentesfidedignas.com.mx\\\/index.php\\\/2026\\\/09\\\/05\\\/quieren-regresar-al-pasado-sheinbaum-critica-reunion-de-fox-con-alito-en-el-pri\\\/#primaryimage\"},\"thumbnailUrl\":\"https:\\\/\\\/fuentesfidedignas.com.mx\\\/wp-content\\\/uploads\\\/2026\\\/08\\\/claudia-sheinbaum-2.jpg\",\"datePublished\":\"2026-09-06T02:13:03+00:00\",\"breadcrumb\":{\"@id\":\"https:\\\/\\\/fuentesfidedignas.com.mx\\\/index.php\\\/2026\\\/09\\\/05\\\/quieren-regresar-al-pasado-sheinbaum-critica-reunion-de-fox-con-alito-en-el-pri\\\/#breadcrumb\"},\"inLanguage\":\"es\",\"potentialAction\":[{\"@type\":\"ReadAction\",\"target\":[\"https:\\\/\\\/fuentesfidedignas.com.mx\\\/index.php\\\/2026\\\/09\\\/05\\\/quieren-regresar-al-pasado-sheinbaum-critica-reunion-de-fox-con-alito-en-el-pri\\\/\"]}]},{\"@type\":\"ImageObject\",\"inLanguage\":\"es\",\"@id\":\"https:\\\/\\\/fuentesfidedignas.com.mx\\\/index.php\\\/2026\\\/09\\\/05\\\/quieren-regresar-al-pasado-sheinbaum-critica-reunion-de-fox-con-alito-en-el-pri\\\/#primaryimage\",\"url\":\"https:\\\/\\\/fuentesfidedignas.com.mx\\\/wp-content\\\/uploads\\\/2026\\\/08\\\/claudia-sheinbaum-2.jpg\",\"contentUrl\":\"https:\\\/\\\/fuentesfidedignas.com.mx\\\/wp-content\\\/uploads\\\/2026\\\/08\\\/claudia-sheinbaum-2.jpg\",\"width\":1200,\"height\":740},{\"@type\":\"BreadcrumbList\",\"@id\":\"https:\\\/\\\/fuentesfidedignas.com.mx\\\/index.php\\\/2026\\\/09\\\/05\\\/quieren-regresar-al-pasado-sheinbaum-critica-reunion-de-fox-con-alito-en-el-pri\\\/#breadcrumb\",\"itemListElement\":[{\"@type\":\"ListItem\",\"position\":1,\"name\":\"Inicio\",\"item\":\"https:\\\/\\\/fuentesfidedignas.com.mx\\\/\"},{\"@type\":\"ListItem\",\"position\":2,\"name\":\"\u2018Quieren regresar al pasado\u2019: Sheinbaum critica reuni\u00f3n de Fox con \u2018Alito\u2019 en el PRI\"}]},{\"@type\":\"WebSite\",\"@id\":\"https:\\\/\\\/fuentesfidedignas.com.mx\\\/#website\",\"url\":\"https:\\\/\\\/fuentesfidedignas.com.mx\\\/\",\"name\":\"Fuentes Fidedignas\",\"description\":\"Otro sitio realizado con WordPress\",\"publisher\":{\"@id\":\"https:\\\/\\\/fuentesfidedignas.com.mx\\\/#organization\"},\"potentialAction\":[{\"@type\":\"SearchAction\",\"target\":{\"@type\":\"EntryPoint\",\"urlTemplate\":\"https:\\\/\\\/fuentesfidedignas.com.mx\\\/?s={search_term_string}\"},\"query-input\":{\"@type\":\"PropertyValueSpecification\",\"valueRequired\":true,\"valueName\":\"search_term_string\"}}],\"inLanguage\":\"es\"},{\"@type\":\"Organization\",\"@id\":\"https:\\\/\\\/fuentesfidedignas.com.mx\\\/#organization\",\"name\":\"Fuentes Fidedignas\",\"url\":\"https:\\\/\\\/fuentesfidedignas.com.mx\\\/\",\"logo\":{\"@type\":\"ImageObject\",\"inLanguage\":\"es\",\"@id\":\"https:\\\/\\\/fuentesfidedignas.com.mx\\\/#\\\/schema\\\/logo\\\/image\\\/\",\"url\":\"https:\\\/\\\/fuentesfidedignas.com.mx\\\/wp-content\\\/uploads\\\/2021\\\/04\\\/logo-retina.png\",\"contentUrl\":\"https:\\\/\\\/fuentesfidedignas.com.mx\\\/wp-content\\\/uploads\\\/2021\\\/04\\\/logo-retina.png\",\"width\":280,\"height\":51,\"caption\":\"Fuentes Fidedignas\"},\"image\":{\"@id\":\"https:\\\/\\\/fuentesfidedignas.com.mx\\\/#\\\/schema\\\/logo\\\/image\\\/\"},\"sameAs\":[\"https:\\\/\\\/www.facebook.com\\\/Fuentes-Fidedignas-368234489921644\",\"https:\\\/\\\/x.com\\\/fidedignas\"]},{\"@type\":\"Person\",\"@id\":\"https:\\\/\\\/fuentesfidedignas.com.mx\\\/#\\\/schema\\\/person\\\/494f7e0dce8dfaaec5b64f16615b78e9\",\"name\":\"El Financiero\",\"image\":{\"@type\":\"ImageObject\",\"inLanguage\":\"es\",\"@id\":\"https:\\\/\\\/secure.gravatar.com\\\/avatar\\\/88c0f3f2079389318ef8dd35c22cb997212aa89646e357ba59b318db26ed91a9?s=96&d=mm&r=g\",\"url\":\"https:\\\/\\\/secure.gravatar.com\\\/avatar\\\/88c0f3f2079389318ef8dd35c22cb997212aa89646e357ba59b318db26ed91a9?s=96&d=mm&r=g\",\"contentUrl\":\"https:\\\/\\\/secure.gravatar.com\\\/avatar\\\/88c0f3f2079389318ef8dd35c22cb997212aa89646e357ba59b318db26ed91a9?s=96&d=mm&r=g\",\"caption\":\"El Financiero\"},\"url\":\"https:\\\/\\\/fuentesfidedignas.com.mx\\\/index.php\\\/author\\\/financiero\\\/\"}]}<\/script>\n<!-- \/ Yoast SEO plugin. -->","yoast_head_json":{"title":"\u2018Quieren regresar al pasado\u2019: Sheinbaum critica reuni\u00f3n de Fox con \u2018Alito\u2019 en el PRI - Fuentes Fidedignas","robots":{"index":"index","follow":"follow","max-snippet":"max-snippet:-1","max-image-preview":"max-image-preview:large","max-video-preview":"max-video-preview:-1"},"canonical":"https:\/\/fuentesfidedignas.com.mx\/index.php\/2026\/09\/05\/quieren-regresar-al-pasado-sheinbaum-critica-reunion-de-fox-con-alito-en-el-pri\/","og_locale":"es_MX","og_type":"article","og_title":"\u2018Quieren regresar al pasado\u2019: Sheinbaum critica reuni\u00f3n de Fox con \u2018Alito\u2019 en el PRI - Fuentes Fidedignas","og_description":"La presidenta de M\u00e9xico, Claudia Sheinbaum, se refiri\u00f3 este s\u00e1bado a la reuni\u00f3n que tuvo el exmandatario Vicente Fox con el l\u00edder del PRI, Alejandro \u2018Alito\u2019 Moreno, en la sede del Partido Revolucionario Institucional el pasado viernes. Durante un mitin en Colima, como parte de su gira para dar a conocer los resultados de su [&hellip;]","og_url":"https:\/\/fuentesfidedignas.com.mx\/index.php\/2026\/09\/05\/quieren-regresar-al-pasado-sheinbaum-critica-reunion-de-fox-con-alito-en-el-pri\/","og_site_name":"Fuentes Fidedignas","article_publisher":"https:\/\/www.facebook.com\/Fuentes-Fidedignas-368234489921644","article_published_time":"2026-09-06T02:13:03+00:00","og_image":[{"width":1200,"height":740,"url":"https:\/\/fuentesfidedignas.com.mx\/wp-content\/uploads\/2026\/08\/claudia-sheinbaum-2.jpg","type":"image\/jpeg"}],"author":"El Financiero","twitter_card":"summary_large_image","twitter_creator":"@fidedignas","twitter_site":"@fidedignas","twitter_misc":{"Escrito por":"El Financiero","Tiempo de lectura":"1 minuto"},"schema":{"@context":"https:\/\/schema.org","@graph":[{"@type":"Article","@id":"https:\/\/fuentesfidedignas.com.mx\/index.php\/2026\/09\/05\/quieren-regresar-al-pasado-sheinbaum-critica-reunion-de-fox-con-alito-en-el-pri\/#article","isPartOf":{"@id":"https:\/\/fuentesfidedignas.com.mx\/index.php\/2026\/09\/05\/quieren-regresar-al-pasado-sheinbaum-critica-reunion-de-fox-con-alito-en-el-pri\/"},"author":{"name":"El Financiero","@id":"https:\/\/fuentesfidedignas.com.mx\/#\/schema\/person\/494f7e0dce8dfaaec5b64f16615b78e9"},"headline":"\u2018Quieren regresar al pasado\u2019: Sheinbaum critica reuni\u00f3n de Fox con \u2018Alito\u2019 en el PRI","datePublished":"2026-09-06T02:13:03+00:00","mainEntityOfPage":{"@id":"https:\/\/fuentesfidedignas.com.mx\/index.php\/2026\/09\/05\/quieren-regresar-al-pasado-sheinbaum-critica-reunion-de-fox-con-alito-en-el-pri\/"},"wordCount":229,"publisher":{"@id":"https:\/\/fuentesfidedignas.com.mx\/#organization"},"image":{"@id":"https:\/\/fuentesfidedignas.com.mx\/index.php\/2026\/09\/05\/quieren-regresar-al-pasado-sheinbaum-critica-reunion-de-fox-con-alito-en-el-pri\/#primaryimage"},"thumbnailUrl":"https:\/\/fuentesfidedignas.com.mx\/wp-content\/uploads\/2026\/08\/claudia-sheinbaum-2.jpg","articleSection":["NOTICIAS NACIONALES"],"inLanguage":"es"},{"@type":"WebPage","@id":"https:\/\/fuentesfidedignas.com.mx\/index.php\/2026\/09\/05\/quieren-regresar-al-pasado-sheinbaum-critica-reunion-de-fox-con-alito-en-el-pri\/","url":"https:\/\/fuentesfidedignas.com.mx\/index.php\/2026\/09\/05\/quieren-regresar-al-pasado-sheinbaum-critica-reunion-de-fox-con-alito-en-el-pri\/","name":"\u2018Quieren regresar al pasado\u2019: Sheinbaum critica reuni\u00f3n de Fox con \u2018Alito\u2019 en el PRI - Fuentes Fidedignas","isPartOf":{"@id":"https:\/\/fuentesfidedignas.com.mx\/#website"},"primaryImageOfPage":{"@id":"https:\/\/fuentesfidedignas.com.mx\/index.php\/2026\/09\/05\/quieren-regresar-al-pasado-sheinbaum-critica-reunion-de-fox-con-alito-en-el-pri\/#primaryimage"},"image":{"@id":"https:\/\/fuentesfidedignas.com.mx\/index.php\/2026\/09\/05\/quieren-regresar-al-pasado-sheinbaum-critica-reunion-de-fox-con-alito-en-el-pri\/#primaryimage"},"thumbnailUrl":"https:\/\/fuentesfidedignas.com.mx\/wp-content\/uploads\/2026\/08\/claudia-sheinbaum-2.jpg","datePublished":"2026-09-06T02:13:03+00:00","breadcrumb":{"@id":"https:\/\/fuentesfidedignas.com.mx\/index.php\/2026\/09\/05\/quieren-regresar-al-pasado-sheinbaum-critica-reunion-de-fox-con-alito-en-el-pri\/#breadcrumb"},"inLanguage":"es","potentialAction":[{"@type":"ReadAction","target":["https:\/\/fuentesfidedignas.com.mx\/index.php\/2026\/09\/05\/quieren-regresar-al-pasado-sheinbaum-critica-reunion-de-fox-con-alito-en-el-pri\/"]}]},{"@type":"ImageObject","inLanguage":"es","@id":"https:\/\/fuentesfidedignas.com.mx\/index.php\/2026\/09\/05\/quieren-regresar-al-pasado-sheinbaum-critica-reunion-de-fox-con-alito-en-el-pri\/#primaryimage","url":"https:\/\/fuentesfidedignas.com.mx\/wp-content\/uploads\/2026\/08\/claudia-sheinbaum-2.jpg","contentUrl":"https:\/\/fuentesfidedignas.com.mx\/wp-content\/uploads\/2026\/08\/claudia-sheinbaum-2.jpg","width":1200,"height":740},{"@type":"BreadcrumbList","@id":"https:\/\/fuentesfidedignas.com.mx\/index.php\/2026\/09\/05\/quieren-regresar-al-pasado-sheinbaum-critica-reunion-de-fox-con-alito-en-el-pri\/#breadcrumb","itemListElement":[{"@type":"ListItem","position":1,"name":"Inicio","item":"https:\/\/fuentesfidedignas.com.mx\/"},{"@type":"ListItem","position":2,"name":"\u2018Quieren regresar al pasado\u2019: Sheinbaum critica reuni\u00f3n de Fox con \u2018Alito\u2019 en el PRI"}]},{"@type":"WebSite","@id":"https:\/\/fuentesfidedignas.com.mx\/#website","url":"https:\/\/fuentesfidedignas.com.mx\/","name":"Fuentes Fidedignas","description":"Otro sitio realizado con WordPress","publisher":{"@id":"https:\/\/fuentesfidedignas.com.mx\/#organization"},"potentialAction":[{"@type":"SearchAction","target":{"@type":"EntryPoint","urlTemplate":"https:\/\/fuentesfidedignas.com.mx\/?s={search_term_string}"},"query-input":{"@type":"PropertyValueSpecification","valueRequired":true,"valueName":"search_term_string"}}],"inLanguage":"es"},{"@type":"Organization","@id":"https:\/\/fuentesfidedignas.com.mx\/#organization","name":"Fuentes Fidedignas","url":"https:\/\/fuentesfidedignas.com.mx\/","logo":{"@type":"ImageObject","inLanguage":"es","@id":"https:\/\/fuentesfidedignas.com.mx\/#\/schema\/logo\/image\/","url":"https:\/\/fuentesfidedignas.com.mx\/wp-content\/uploads\/2021\/04\/logo-retina.png","contentUrl":"https:\/\/fuentesfidedignas.com.mx\/wp-content\/uploads\/2021\/04\/logo-retina.png","width":280,"height":51,"caption":"Fuentes Fidedignas"},"image":{"@id":"https:\/\/fuentesfidedignas.com.mx\/#\/schema\/logo\/image\/"},"sameAs":["https:\/\/www.facebook.com\/Fuentes-Fidedignas-368234489921644","https:\/\/x.com\/fidedignas"]},{"@type":"Person","@id":"https:\/\/fuentesfidedignas.com.mx\/#\/schema\/person\/494f7e0dce8dfaaec5b64f16615b78e9","name":"El Financiero","image":{"@type":"ImageObject","inLanguage":"es","@id":"https:\/\/secure.gravatar.com\/avatar\/88c0f3f2079389318ef8dd35c22cb997212aa89646e357ba59b318db26ed91a9?s=96&d=mm&r=g","url":"https:\/\/secure.gravatar.com\/avatar\/88c0f3f2079389318ef8dd35c22cb997212aa89646e357ba59b318db26ed91a9?s=96&d=mm&r=g","contentUrl":"https:\/\/secure.gravatar.com\/avatar\/88c0f3f2079389318ef8dd35c22cb997212aa89646e357ba59b318db26ed91a9?s=96&d=mm&r=g","caption":"El Financiero"},"url":"https:\/\/fuentesfidedignas.com.mx\/index.php\/author\/financiero\/"}]}},"_links":{"self":[{"href":"https:\/\/fuentesfidedignas.com.mx\/index.php\/wp-json\/wp\/v2\/posts\/141747","targetHints":{"allow":["GET"]}}],"collection":[{"href":"https:\/\/fuentesfidedignas.com.mx\/index.php\/wp-json\/wp\/v2\/posts"}],"about":[{"href":"https:\/\/fuentesfidedignas.com.mx\/index.php\/wp-json\/wp\/v2\/types\/post"}],"author":[{"embeddable":true,"href":"https:\/\/fuentesfidedignas.com.mx\/index.php\/wp-json\/wp\/v2\/users\/21"}],"replies":[{"embeddable":true,"href":"https:\/\/fuentesfidedignas.com.mx\/index.php\/wp-json\/wp\/v2\/comments?post=141747"}],"version-history":[{"count":1,"href":"https:\/\/fuentesfidedignas.com.mx\/index.php\/wp-json\/wp\/v2\/posts\/141747\/revisions"}],"predecessor-version":[{"id":141748,"href":"https:\/\/fuentesfidedignas.com.mx\/index.php\/wp-json\/wp\/v2\/posts\/141747\/revisions\/141748"}],"wp:featuredmedia":[{"embeddable":true,"href":"https:\/\/fuentesfidedignas.com.mx\/index.php\/wp-json\/wp\/v2\/media\/140641"}],"wp:attachment":[{"href":"https:\/\/fuentesfidedignas.com.mx\/index.php\/wp-json\/wp\/v2\/media?parent=141747"}],"wp:term":[{"taxonomy":"category","embeddable":true,"href":"https:\/\/fuentesfidedignas.com.mx\/index.php\/wp-json\/wp\/v2\/categories?post=141747"},{"taxonomy":"post_tag","embeddable":true,"href":"https:\/\/fuentesfidedignas.com.mx\/index.php\/wp-json\/wp\/v2\/tags?post=141747"}],"curies":[{"name":"wp","href":"https:\/\/api.w.org\/{rel}","templated":true}]}}