{"id":141744,"date":"2026-09-05T15:23:58","date_gmt":"2026-09-05T22:23:58","guid":{"rendered":"https:\/\/fuentesfidedignas.com.mx\/?p=141744"},"modified":"2026-09-05T15:23:58","modified_gmt":"2026-09-05T22:23:58","slug":"hoteleros-de-mazatlan-tendran-respaldo-del-gobierno-del-estado-graciela-dominguez","status":"publish","type":"post","link":"https:\/\/fuentesfidedignas.com.mx\/index.php\/2026\/09\/05\/hoteleros-de-mazatlan-tendran-respaldo-del-gobierno-del-estado-graciela-dominguez\/","title":{"rendered":"Hoteleros de Mazatl\u00e1n tendr\u00e1n respaldo del Gobierno del Estado: Graciela Dom\u00ednguez"},"content":{"rendered":"\n<p class=\"wp-block-paragraph\"><em>La titular del Ejecutivo hizo un llamado a un pacto de unidad con hoteleros para fortalecer el turismo en Mazatl\u00e1n<\/em><\/p>\n\n\n\n<p class=\"wp-block-paragraph\"><em>*La mandataria estatal sostuvo el primero de varios encuentros peri\u00f3dicos que se acordaron con los empresarios hoteleros de este puerto<\/em><\/p>\n\n\n\n<p class=\"wp-block-paragraph\">Mazatl\u00e1n, Sinaloa.- Al sostener una reuni\u00f3n de trabajo con hoteleros de Mazatl\u00e1n para escuchar directamente sus planteamientos, la gobernadora Graciela Dom\u00ednguez Nava hizo un llamado a hacer un pacto de unidad, para juntas y juntos fortalecer al sector tur\u00edstico de Mazatl\u00e1n y de Sinaloa, como se contempla en el Plan Integral de Seguridad y Gobernabilidad.<\/p>\n\n\n\n<p class=\"wp-block-paragraph\">La mandataria estatal sostuvo esta primera reuni\u00f3n con decenas de hoteleros y prestadores de servicios tur\u00edsticos de este puerto, para escuchar sus opiniones, sugerencias y demandas, las cuales recogi\u00f3 y adelant\u00f3 que ser\u00e1n integradas a dicho Plan Integral, que habr\u00e1 de presentar en unos d\u00edas m\u00e1s.<\/p>\n\n\n\n<p class=\"wp-block-paragraph\">En este encuentro con los empresarios hoteleros y sus dirigentes, la gobernadora Dom\u00ednguez Nava estuvo acompa\u00f1ada por la secretaria de Turismo, Mireya Sosa Osuna; el secretario de Econom\u00eda, Diego Aguerrebere Espitia; el secretario de Seguridad P\u00fablica, general Sinuh\u00e9 T\u00e9llez L\u00f3pez; y tambi\u00e9n por el comandante de la Tercera Regi\u00f3n Militar, el general de Divisi\u00f3n Alejandro Vargas; y el comandante de la Cuarta Regi\u00f3n Naval, vicealmirante Felipe Santill\u00e1n Murillo.<\/p>\n\n\n\n<p class=\"wp-block-paragraph\">\u201cEn lo inmediato acordamos mantener una mesa de trabajo muy din\u00e1mica, vamos a revisar si ser\u00e1 semanalmente o mensualmente, vamos a recoger todas las opiniones que ellos nos presentaron, justamente para reforzar lo que estamos trabajando del Plan Integral de Seguridad y Gobernabilidad para dar seguimiento a todas estas solicitudes\u201d, dijo a su salida de la reuni\u00f3n.<\/p>\n\n\n\n<p class=\"wp-block-paragraph\">\u201cEntendemos y coincidimos que el tema n\u00famero uno que tenemos que seguir atendiendo con prioridad es el regreso de la seguridad a Mazatl\u00e1n\u201d, a\u00f1adi\u00f3.<\/p>\n\n\n\n<p class=\"wp-block-paragraph\">Al respecto, tanto el general Alejandro Vargas, de la Defensa, como el vicealmirante Felipe Santill\u00e1n, de Marina, hicieron una explicaci\u00f3n de la participaci\u00f3n de ambas instituciones en la estrategia de seguridad, as\u00ed como sus avances y resultados.<\/p>\n\n\n\n<p class=\"wp-block-paragraph\">La gobernadora Dom\u00ednguez Nava afirm\u00f3 que Mazatl\u00e1n tiene mucho que dar al turismo local, nacional e internacional, y extern\u00f3 su confianza en que se podr\u00e1 recuperar la visita de estos turistas, para lo cual ya se trabaja a marchas forzadas, como un tema prioritario para su gobierno, ya que el turismo tiene un impacto muy importante en la econom\u00eda de Sinaloa y de Mazatl\u00e1n en particular.<\/p>\n\n\n\n<p class=\"wp-block-paragraph\">En cuanto a la reuni\u00f3n con los empresarios hoteleros, la mandataria estatal dijo que fue un encuentro cordial, de mucha apertura, donde imper\u00f3 un di\u00e1logo abierto pues se escuch\u00f3 a todos los que quisieron expresar alguna opini\u00f3n o demanda, lo que consider\u00f3 muy importante para juntos poder construir este pacto de unidad al que llam\u00f3.<\/p>\n\n\n\n<p class=\"wp-block-paragraph\">\u201cUstedes conocen sus ciclos, y saben su comportamiento, por eso venimos a escucharlos, me preguntaban ahorita qu\u00e9 tiempo tenemos, todo el tiempo, mientras ustedes no se cansen, por respeto a cada uno de ustedes, todo el tiempo, para retornar la confianza en Mazatl\u00e1n como destino principal de nuestro turismo\u201d, concluy\u00f3 la gobernadora.<\/p>\n\n\n\n<p class=\"wp-block-paragraph\">Algunas de las peticiones que hicieron los hoteleros tienen que ver con la necesidad de destinar m\u00e1s recursos a la promoci\u00f3n tur\u00edstica de Mazatl\u00e1n, crear una campa\u00f1a de culturalizaci\u00f3n para ponderar el orgullo mazatleco, continuar y reforzar la seguridad en los corredores tur\u00edsticos conocidos como C\u00f3digo Azul que son utilizados por los cruceristas en sus recorridos por el centro hist\u00f3rico, y mayor vigilancia en las carreteras.<\/p>\n\n\n\n<p class=\"wp-block-paragraph\">Tambi\u00e9n un programa de fortalecimiento del sector tur\u00edstico, el mejoramiento de la infraestructura urbana tur\u00edstica, ampliar la conectividad a\u00e9rea con Estados Unidos y Canad\u00e1, y a la par de esto, implementar campa\u00f1as de promoci\u00f3n de Mazatl\u00e1n en ciudades de esos pa\u00edses de Norteam\u00e9rica para atraer turistas.<\/p>\n\n\n\n<p class=\"wp-block-paragraph\">Otra de las peticiones fue mantener una mesa de trabajo peri\u00f3dica en la que participen las Fuerzas Armadas, solicitud que encontr\u00f3 una inmediata respuesta de parte de la gobernadora del estado y de los comandantes de la Tercera Regi\u00f3n Militar y de la Cuarta Regi\u00f3n Naval.<\/p>\n\n\n\n<p class=\"wp-block-paragraph\">Durante la reuni\u00f3n, el secretario de Seguridad P\u00fablica, general Sinuh\u00e9 T\u00e9llez, inform\u00f3 que como parte de la estrategia de seguridad Mazatl\u00e1n cuenta con 8 mil 366 efectivos de todas las fuerzas del orden, tanto federal, como son Defensa, Marina, Guardia Nacional y Secretar\u00eda de Seguridad y Protecci\u00f3n Ciudadana, que apoyan a las polic\u00edas estatal y municipal.<\/p>\n\n\n\n<p class=\"wp-block-paragraph\">\u201cEl despliegue que mantenemos en el estado se encuentra focalizado en dos ciudades, que es Culiac\u00e1n donde tenemos aproximadamente 8 mil 800 efectivos, y Mazatl\u00e1n donde tenemos 8 mil 366 efectivos, y en total en Sinaloa tenemos 17 mil 175 efectivos\u201d, inform\u00f3.<\/p>\n\n\n\n<p class=\"wp-block-paragraph\">En cuanto a los \u00edndices delictivos, dio a conocer que en el rengl\u00f3n de homicidios dolosos se tiene una reducci\u00f3n del 43.5 considerando el mes de junio de 2025 cuando se tuvieron 207 homicidios, con respecto a agosto de este a\u00f1o que se registraron 117 casos.<\/p>\n\n\n\n<p class=\"wp-block-paragraph\">Por lo que respecta al robo de veh\u00edculos, tambi\u00e9n existe una reducci\u00f3n del 63 por ciento, tomando en cuenta mayo de 2025, donde se tuvieron 640 robos, contra los 232 robos de veh\u00edculos que se registraron en el mes que acaba de concluir, de los cuales, 68 se tuvieron aqu\u00ed en Mazatl\u00e1n.<\/p>\n\n\n\n<p class=\"wp-block-paragraph\">En robo a comercio, el secretario T\u00e9llez L\u00f3pez inform\u00f3 que se tuvo una reducci\u00f3n del 66 por ciento, si se toma en cuenta el mes con m\u00e1s incidencia que fue febrero de 2025 con 283 atracos, contra 96 que se registraron en el mes de julio de 2026, 17 de ellos en Mazatl\u00e1n, reducci\u00f3n que se debe a la presencia del grupo interinstitucional<\/p>\n\n\n\n<p class=\"wp-block-paragraph\">Tambi\u00e9n acompa\u00f1aron a la gobernadora Graciela Dom\u00ednguez en esta reuni\u00f3n, los diputados locales Carla Ulloa y Carlos Escobar, as\u00ed como los legisladores federales Sebasti\u00e1n Gonz\u00e1lez, Sara Jaime Ontiveros, Olegaria Carrazco, y como anfitriona la presidenta municipal de Mazatl\u00e1n, Estrella Palacios Dom\u00ednguez, quien dio la bienvenida, mientras que el encuentro fue moderado por la secretaria de Turismo, Mireya Sosa Osuna.<\/p>\n","protected":false},"excerpt":{"rendered":"<p>La titular del Ejecutivo hizo un llamado a un pacto de unidad con hoteleros para fortalecer el turismo en Mazatl\u00e1n *La mandataria estatal sostuvo el primero de varios encuentros peri\u00f3dicos que se acordaron con los empresarios hoteleros de este puerto Mazatl\u00e1n, Sinaloa.- Al sostener una reuni\u00f3n de trabajo con hoteleros de Mazatl\u00e1n para escuchar directamente [&hellip;]<\/p>\n","protected":false},"author":4,"featured_media":141743,"comment_status":"closed","ping_status":"open","sticky":false,"template":"","format":"standard","meta":{"tdm_status":"","tdm_grid_status":"","footnotes":""},"categories":[38],"tags":[],"class_list":["post-141744","post","type-post","status-publish","format-standard","has-post-thumbnail","category-noticias-locales"],"yoast_head":"<!-- This site is optimized with the Yoast SEO plugin v28.4 - https:\/\/yoast.com\/product\/yoast-seo-wordpress\/ -->\n<title>Hoteleros de Mazatl\u00e1n tendr\u00e1n respaldo del Gobierno del Estado: Graciela Dom\u00ednguez - Fuentes Fidedignas<\/title>\n<meta name=\"robots\" content=\"index, follow, max-snippet:-1, max-image-preview:large, max-video-preview:-1\" \/>\n<link rel=\"canonical\" href=\"https:\/\/fuentesfidedignas.com.mx\/index.php\/2026\/09\/05\/hoteleros-de-mazatlan-tendran-respaldo-del-gobierno-del-estado-graciela-dominguez\/\" \/>\n<meta property=\"og:locale\" content=\"es_MX\" \/>\n<meta property=\"og:type\" content=\"article\" \/>\n<meta property=\"og:title\" content=\"Hoteleros de Mazatl\u00e1n tendr\u00e1n respaldo del Gobierno del Estado: Graciela Dom\u00ednguez - Fuentes Fidedignas\" \/>\n<meta property=\"og:description\" content=\"La titular del Ejecutivo hizo un llamado a un pacto de unidad con hoteleros para fortalecer el turismo en Mazatl\u00e1n *La mandataria estatal sostuvo el primero de varios encuentros peri\u00f3dicos que se acordaron con los empresarios hoteleros de este puerto Mazatl\u00e1n, Sinaloa.- Al sostener una reuni\u00f3n de trabajo con hoteleros de Mazatl\u00e1n para escuchar directamente [&hellip;]\" \/>\n<meta property=\"og:url\" content=\"https:\/\/fuentesfidedignas.com.mx\/index.php\/2026\/09\/05\/hoteleros-de-mazatlan-tendran-respaldo-del-gobierno-del-estado-graciela-dominguez\/\" \/>\n<meta property=\"og:site_name\" content=\"Fuentes Fidedignas\" \/>\n<meta property=\"article:publisher\" content=\"https:\/\/www.facebook.com\/Fuentes-Fidedignas-368234489921644\" \/>\n<meta property=\"article:published_time\" content=\"2026-09-05T22:23:58+00:00\" \/>\n<meta property=\"og:image\" content=\"https:\/\/fuentesfidedignas.com.mx\/wp-content\/uploads\/2026\/09\/d3ea87b4-49c7-4498-b8ff-963900008e7f.jpeg\" \/>\n\t<meta property=\"og:image:width\" content=\"1600\" \/>\n\t<meta property=\"og:image:height\" content=\"1067\" \/>\n\t<meta property=\"og:image:type\" content=\"image\/jpeg\" \/>\n<meta name=\"author\" content=\"Redacci\u00f3n\" \/>\n<meta name=\"twitter:card\" content=\"summary_large_image\" \/>\n<meta name=\"twitter:creator\" content=\"@fidedignas\" \/>\n<meta name=\"twitter:site\" content=\"@fidedignas\" \/>\n<meta name=\"twitter:label1\" content=\"Escrito por\" \/>\n\t<meta name=\"twitter:data1\" content=\"Redacci\u00f3n\" \/>\n\t<meta name=\"twitter:label2\" content=\"Tiempo de lectura\" \/>\n\t<meta name=\"twitter:data2\" content=\"5 minutos\" \/>\n<script type=\"application\/ld+json\" class=\"yoast-schema-graph\">{\"@context\":\"https:\\\/\\\/schema.org\",\"@graph\":[{\"@type\":\"Article\",\"@id\":\"https:\\\/\\\/fuentesfidedignas.com.mx\\\/index.php\\\/2026\\\/09\\\/05\\\/hoteleros-de-mazatlan-tendran-respaldo-del-gobierno-del-estado-graciela-dominguez\\\/#article\",\"isPartOf\":{\"@id\":\"https:\\\/\\\/fuentesfidedignas.com.mx\\\/index.php\\\/2026\\\/09\\\/05\\\/hoteleros-de-mazatlan-tendran-respaldo-del-gobierno-del-estado-graciela-dominguez\\\/\"},\"author\":{\"name\":\"Redacci\u00f3n\",\"@id\":\"https:\\\/\\\/fuentesfidedignas.com.mx\\\/#\\\/schema\\\/person\\\/331be9283d37198e2acd5750279085b0\"},\"headline\":\"Hoteleros de Mazatl\u00e1n tendr\u00e1n respaldo del Gobierno del Estado: Graciela Dom\u00ednguez\",\"datePublished\":\"2026-09-05T22:23:58+00:00\",\"mainEntityOfPage\":{\"@id\":\"https:\\\/\\\/fuentesfidedignas.com.mx\\\/index.php\\\/2026\\\/09\\\/05\\\/hoteleros-de-mazatlan-tendran-respaldo-del-gobierno-del-estado-graciela-dominguez\\\/\"},\"wordCount\":1060,\"publisher\":{\"@id\":\"https:\\\/\\\/fuentesfidedignas.com.mx\\\/#organization\"},\"image\":{\"@id\":\"https:\\\/\\\/fuentesfidedignas.com.mx\\\/index.php\\\/2026\\\/09\\\/05\\\/hoteleros-de-mazatlan-tendran-respaldo-del-gobierno-del-estado-graciela-dominguez\\\/#primaryimage\"},\"thumbnailUrl\":\"https:\\\/\\\/fuentesfidedignas.com.mx\\\/wp-content\\\/uploads\\\/2026\\\/09\\\/d3ea87b4-49c7-4498-b8ff-963900008e7f.jpeg\",\"articleSection\":[\"NOTICIAS LOCALES\"],\"inLanguage\":\"es\"},{\"@type\":\"WebPage\",\"@id\":\"https:\\\/\\\/fuentesfidedignas.com.mx\\\/index.php\\\/2026\\\/09\\\/05\\\/hoteleros-de-mazatlan-tendran-respaldo-del-gobierno-del-estado-graciela-dominguez\\\/\",\"url\":\"https:\\\/\\\/fuentesfidedignas.com.mx\\\/index.php\\\/2026\\\/09\\\/05\\\/hoteleros-de-mazatlan-tendran-respaldo-del-gobierno-del-estado-graciela-dominguez\\\/\",\"name\":\"Hoteleros de Mazatl\u00e1n tendr\u00e1n respaldo del Gobierno del Estado: Graciela Dom\u00ednguez - Fuentes Fidedignas\",\"isPartOf\":{\"@id\":\"https:\\\/\\\/fuentesfidedignas.com.mx\\\/#website\"},\"primaryImageOfPage\":{\"@id\":\"https:\\\/\\\/fuentesfidedignas.com.mx\\\/index.php\\\/2026\\\/09\\\/05\\\/hoteleros-de-mazatlan-tendran-respaldo-del-gobierno-del-estado-graciela-dominguez\\\/#primaryimage\"},\"image\":{\"@id\":\"https:\\\/\\\/fuentesfidedignas.com.mx\\\/index.php\\\/2026\\\/09\\\/05\\\/hoteleros-de-mazatlan-tendran-respaldo-del-gobierno-del-estado-graciela-dominguez\\\/#primaryimage\"},\"thumbnailUrl\":\"https:\\\/\\\/fuentesfidedignas.com.mx\\\/wp-content\\\/uploads\\\/2026\\\/09\\\/d3ea87b4-49c7-4498-b8ff-963900008e7f.jpeg\",\"datePublished\":\"2026-09-05T22:23:58+00:00\",\"breadcrumb\":{\"@id\":\"https:\\\/\\\/fuentesfidedignas.com.mx\\\/index.php\\\/2026\\\/09\\\/05\\\/hoteleros-de-mazatlan-tendran-respaldo-del-gobierno-del-estado-graciela-dominguez\\\/#breadcrumb\"},\"inLanguage\":\"es\",\"potentialAction\":[{\"@type\":\"ReadAction\",\"target\":[\"https:\\\/\\\/fuentesfidedignas.com.mx\\\/index.php\\\/2026\\\/09\\\/05\\\/hoteleros-de-mazatlan-tendran-respaldo-del-gobierno-del-estado-graciela-dominguez\\\/\"]}]},{\"@type\":\"ImageObject\",\"inLanguage\":\"es\",\"@id\":\"https:\\\/\\\/fuentesfidedignas.com.mx\\\/index.php\\\/2026\\\/09\\\/05\\\/hoteleros-de-mazatlan-tendran-respaldo-del-gobierno-del-estado-graciela-dominguez\\\/#primaryimage\",\"url\":\"https:\\\/\\\/fuentesfidedignas.com.mx\\\/wp-content\\\/uploads\\\/2026\\\/09\\\/d3ea87b4-49c7-4498-b8ff-963900008e7f.jpeg\",\"contentUrl\":\"https:\\\/\\\/fuentesfidedignas.com.mx\\\/wp-content\\\/uploads\\\/2026\\\/09\\\/d3ea87b4-49c7-4498-b8ff-963900008e7f.jpeg\",\"width\":1600,\"height\":1067},{\"@type\":\"BreadcrumbList\",\"@id\":\"https:\\\/\\\/fuentesfidedignas.com.mx\\\/index.php\\\/2026\\\/09\\\/05\\\/hoteleros-de-mazatlan-tendran-respaldo-del-gobierno-del-estado-graciela-dominguez\\\/#breadcrumb\",\"itemListElement\":[{\"@type\":\"ListItem\",\"position\":1,\"name\":\"Inicio\",\"item\":\"https:\\\/\\\/fuentesfidedignas.com.mx\\\/\"},{\"@type\":\"ListItem\",\"position\":2,\"name\":\"Hoteleros de Mazatl\u00e1n tendr\u00e1n respaldo del Gobierno del Estado: Graciela Dom\u00ednguez\"}]},{\"@type\":\"WebSite\",\"@id\":\"https:\\\/\\\/fuentesfidedignas.com.mx\\\/#website\",\"url\":\"https:\\\/\\\/fuentesfidedignas.com.mx\\\/\",\"name\":\"Fuentes Fidedignas\",\"description\":\"Otro sitio realizado con WordPress\",\"publisher\":{\"@id\":\"https:\\\/\\\/fuentesfidedignas.com.mx\\\/#organization\"},\"potentialAction\":[{\"@type\":\"SearchAction\",\"target\":{\"@type\":\"EntryPoint\",\"urlTemplate\":\"https:\\\/\\\/fuentesfidedignas.com.mx\\\/?s={search_term_string}\"},\"query-input\":{\"@type\":\"PropertyValueSpecification\",\"valueRequired\":true,\"valueName\":\"search_term_string\"}}],\"inLanguage\":\"es\"},{\"@type\":\"Organization\",\"@id\":\"https:\\\/\\\/fuentesfidedignas.com.mx\\\/#organization\",\"name\":\"Fuentes Fidedignas\",\"url\":\"https:\\\/\\\/fuentesfidedignas.com.mx\\\/\",\"logo\":{\"@type\":\"ImageObject\",\"inLanguage\":\"es\",\"@id\":\"https:\\\/\\\/fuentesfidedignas.com.mx\\\/#\\\/schema\\\/logo\\\/image\\\/\",\"url\":\"https:\\\/\\\/fuentesfidedignas.com.mx\\\/wp-content\\\/uploads\\\/2021\\\/04\\\/logo-retina.png\",\"contentUrl\":\"https:\\\/\\\/fuentesfidedignas.com.mx\\\/wp-content\\\/uploads\\\/2021\\\/04\\\/logo-retina.png\",\"width\":280,\"height\":51,\"caption\":\"Fuentes Fidedignas\"},\"image\":{\"@id\":\"https:\\\/\\\/fuentesfidedignas.com.mx\\\/#\\\/schema\\\/logo\\\/image\\\/\"},\"sameAs\":[\"https:\\\/\\\/www.facebook.com\\\/Fuentes-Fidedignas-368234489921644\",\"https:\\\/\\\/x.com\\\/fidedignas\"]},{\"@type\":\"Person\",\"@id\":\"https:\\\/\\\/fuentesfidedignas.com.mx\\\/#\\\/schema\\\/person\\\/331be9283d37198e2acd5750279085b0\",\"name\":\"Redacci\u00f3n\",\"image\":{\"@type\":\"ImageObject\",\"inLanguage\":\"es\",\"@id\":\"https:\\\/\\\/secure.gravatar.com\\\/avatar\\\/f6d8782c11d12b2d4ad3fbb6931aeab5309937a4d6cd2fc9cfaa28a6396a5aec?s=96&d=mm&r=g\",\"url\":\"https:\\\/\\\/secure.gravatar.com\\\/avatar\\\/f6d8782c11d12b2d4ad3fbb6931aeab5309937a4d6cd2fc9cfaa28a6396a5aec?s=96&d=mm&r=g\",\"contentUrl\":\"https:\\\/\\\/secure.gravatar.com\\\/avatar\\\/f6d8782c11d12b2d4ad3fbb6931aeab5309937a4d6cd2fc9cfaa28a6396a5aec?s=96&d=mm&r=g\",\"caption\":\"Redacci\u00f3n\"},\"url\":\"https:\\\/\\\/fuentesfidedignas.com.mx\\\/index.php\\\/author\\\/redaccion\\\/\"}]}<\/script>\n<!-- \/ Yoast SEO plugin. -->","yoast_head_json":{"title":"Hoteleros de Mazatl\u00e1n tendr\u00e1n respaldo del Gobierno del Estado: Graciela Dom\u00ednguez - Fuentes Fidedignas","robots":{"index":"index","follow":"follow","max-snippet":"max-snippet:-1","max-image-preview":"max-image-preview:large","max-video-preview":"max-video-preview:-1"},"canonical":"https:\/\/fuentesfidedignas.com.mx\/index.php\/2026\/09\/05\/hoteleros-de-mazatlan-tendran-respaldo-del-gobierno-del-estado-graciela-dominguez\/","og_locale":"es_MX","og_type":"article","og_title":"Hoteleros de Mazatl\u00e1n tendr\u00e1n respaldo del Gobierno del Estado: Graciela Dom\u00ednguez - Fuentes Fidedignas","og_description":"La titular del Ejecutivo hizo un llamado a un pacto de unidad con hoteleros para fortalecer el turismo en Mazatl\u00e1n *La mandataria estatal sostuvo el primero de varios encuentros peri\u00f3dicos que se acordaron con los empresarios hoteleros de este puerto Mazatl\u00e1n, Sinaloa.- Al sostener una reuni\u00f3n de trabajo con hoteleros de Mazatl\u00e1n para escuchar directamente [&hellip;]","og_url":"https:\/\/fuentesfidedignas.com.mx\/index.php\/2026\/09\/05\/hoteleros-de-mazatlan-tendran-respaldo-del-gobierno-del-estado-graciela-dominguez\/","og_site_name":"Fuentes Fidedignas","article_publisher":"https:\/\/www.facebook.com\/Fuentes-Fidedignas-368234489921644","article_published_time":"2026-09-05T22:23:58+00:00","og_image":[{"width":1600,"height":1067,"url":"https:\/\/fuentesfidedignas.com.mx\/wp-content\/uploads\/2026\/09\/d3ea87b4-49c7-4498-b8ff-963900008e7f.jpeg","type":"image\/jpeg"}],"author":"Redacci\u00f3n","twitter_card":"summary_large_image","twitter_creator":"@fidedignas","twitter_site":"@fidedignas","twitter_misc":{"Escrito por":"Redacci\u00f3n","Tiempo de lectura":"5 minutos"},"schema":{"@context":"https:\/\/schema.org","@graph":[{"@type":"Article","@id":"https:\/\/fuentesfidedignas.com.mx\/index.php\/2026\/09\/05\/hoteleros-de-mazatlan-tendran-respaldo-del-gobierno-del-estado-graciela-dominguez\/#article","isPartOf":{"@id":"https:\/\/fuentesfidedignas.com.mx\/index.php\/2026\/09\/05\/hoteleros-de-mazatlan-tendran-respaldo-del-gobierno-del-estado-graciela-dominguez\/"},"author":{"name":"Redacci\u00f3n","@id":"https:\/\/fuentesfidedignas.com.mx\/#\/schema\/person\/331be9283d37198e2acd5750279085b0"},"headline":"Hoteleros de Mazatl\u00e1n tendr\u00e1n respaldo del Gobierno del Estado: Graciela Dom\u00ednguez","datePublished":"2026-09-05T22:23:58+00:00","mainEntityOfPage":{"@id":"https:\/\/fuentesfidedignas.com.mx\/index.php\/2026\/09\/05\/hoteleros-de-mazatlan-tendran-respaldo-del-gobierno-del-estado-graciela-dominguez\/"},"wordCount":1060,"publisher":{"@id":"https:\/\/fuentesfidedignas.com.mx\/#organization"},"image":{"@id":"https:\/\/fuentesfidedignas.com.mx\/index.php\/2026\/09\/05\/hoteleros-de-mazatlan-tendran-respaldo-del-gobierno-del-estado-graciela-dominguez\/#primaryimage"},"thumbnailUrl":"https:\/\/fuentesfidedignas.com.mx\/wp-content\/uploads\/2026\/09\/d3ea87b4-49c7-4498-b8ff-963900008e7f.jpeg","articleSection":["NOTICIAS LOCALES"],"inLanguage":"es"},{"@type":"WebPage","@id":"https:\/\/fuentesfidedignas.com.mx\/index.php\/2026\/09\/05\/hoteleros-de-mazatlan-tendran-respaldo-del-gobierno-del-estado-graciela-dominguez\/","url":"https:\/\/fuentesfidedignas.com.mx\/index.php\/2026\/09\/05\/hoteleros-de-mazatlan-tendran-respaldo-del-gobierno-del-estado-graciela-dominguez\/","name":"Hoteleros de Mazatl\u00e1n tendr\u00e1n respaldo del Gobierno del Estado: Graciela Dom\u00ednguez - Fuentes Fidedignas","isPartOf":{"@id":"https:\/\/fuentesfidedignas.com.mx\/#website"},"primaryImageOfPage":{"@id":"https:\/\/fuentesfidedignas.com.mx\/index.php\/2026\/09\/05\/hoteleros-de-mazatlan-tendran-respaldo-del-gobierno-del-estado-graciela-dominguez\/#primaryimage"},"image":{"@id":"https:\/\/fuentesfidedignas.com.mx\/index.php\/2026\/09\/05\/hoteleros-de-mazatlan-tendran-respaldo-del-gobierno-del-estado-graciela-dominguez\/#primaryimage"},"thumbnailUrl":"https:\/\/fuentesfidedignas.com.mx\/wp-content\/uploads\/2026\/09\/d3ea87b4-49c7-4498-b8ff-963900008e7f.jpeg","datePublished":"2026-09-05T22:23:58+00:00","breadcrumb":{"@id":"https:\/\/fuentesfidedignas.com.mx\/index.php\/2026\/09\/05\/hoteleros-de-mazatlan-tendran-respaldo-del-gobierno-del-estado-graciela-dominguez\/#breadcrumb"},"inLanguage":"es","potentialAction":[{"@type":"ReadAction","target":["https:\/\/fuentesfidedignas.com.mx\/index.php\/2026\/09\/05\/hoteleros-de-mazatlan-tendran-respaldo-del-gobierno-del-estado-graciela-dominguez\/"]}]},{"@type":"ImageObject","inLanguage":"es","@id":"https:\/\/fuentesfidedignas.com.mx\/index.php\/2026\/09\/05\/hoteleros-de-mazatlan-tendran-respaldo-del-gobierno-del-estado-graciela-dominguez\/#primaryimage","url":"https:\/\/fuentesfidedignas.com.mx\/wp-content\/uploads\/2026\/09\/d3ea87b4-49c7-4498-b8ff-963900008e7f.jpeg","contentUrl":"https:\/\/fuentesfidedignas.com.mx\/wp-content\/uploads\/2026\/09\/d3ea87b4-49c7-4498-b8ff-963900008e7f.jpeg","width":1600,"height":1067},{"@type":"BreadcrumbList","@id":"https:\/\/fuentesfidedignas.com.mx\/index.php\/2026\/09\/05\/hoteleros-de-mazatlan-tendran-respaldo-del-gobierno-del-estado-graciela-dominguez\/#breadcrumb","itemListElement":[{"@type":"ListItem","position":1,"name":"Inicio","item":"https:\/\/fuentesfidedignas.com.mx\/"},{"@type":"ListItem","position":2,"name":"Hoteleros de Mazatl\u00e1n tendr\u00e1n respaldo del Gobierno del Estado: Graciela Dom\u00ednguez"}]},{"@type":"WebSite","@id":"https:\/\/fuentesfidedignas.com.mx\/#website","url":"https:\/\/fuentesfidedignas.com.mx\/","name":"Fuentes Fidedignas","description":"Otro sitio realizado con WordPress","publisher":{"@id":"https:\/\/fuentesfidedignas.com.mx\/#organization"},"potentialAction":[{"@type":"SearchAction","target":{"@type":"EntryPoint","urlTemplate":"https:\/\/fuentesfidedignas.com.mx\/?s={search_term_string}"},"query-input":{"@type":"PropertyValueSpecification","valueRequired":true,"valueName":"search_term_string"}}],"inLanguage":"es"},{"@type":"Organization","@id":"https:\/\/fuentesfidedignas.com.mx\/#organization","name":"Fuentes Fidedignas","url":"https:\/\/fuentesfidedignas.com.mx\/","logo":{"@type":"ImageObject","inLanguage":"es","@id":"https:\/\/fuentesfidedignas.com.mx\/#\/schema\/logo\/image\/","url":"https:\/\/fuentesfidedignas.com.mx\/wp-content\/uploads\/2021\/04\/logo-retina.png","contentUrl":"https:\/\/fuentesfidedignas.com.mx\/wp-content\/uploads\/2021\/04\/logo-retina.png","width":280,"height":51,"caption":"Fuentes Fidedignas"},"image":{"@id":"https:\/\/fuentesfidedignas.com.mx\/#\/schema\/logo\/image\/"},"sameAs":["https:\/\/www.facebook.com\/Fuentes-Fidedignas-368234489921644","https:\/\/x.com\/fidedignas"]},{"@type":"Person","@id":"https:\/\/fuentesfidedignas.com.mx\/#\/schema\/person\/331be9283d37198e2acd5750279085b0","name":"Redacci\u00f3n","image":{"@type":"ImageObject","inLanguage":"es","@id":"https:\/\/secure.gravatar.com\/avatar\/f6d8782c11d12b2d4ad3fbb6931aeab5309937a4d6cd2fc9cfaa28a6396a5aec?s=96&d=mm&r=g","url":"https:\/\/secure.gravatar.com\/avatar\/f6d8782c11d12b2d4ad3fbb6931aeab5309937a4d6cd2fc9cfaa28a6396a5aec?s=96&d=mm&r=g","contentUrl":"https:\/\/secure.gravatar.com\/avatar\/f6d8782c11d12b2d4ad3fbb6931aeab5309937a4d6cd2fc9cfaa28a6396a5aec?s=96&d=mm&r=g","caption":"Redacci\u00f3n"},"url":"https:\/\/fuentesfidedignas.com.mx\/index.php\/author\/redaccion\/"}]}},"_links":{"self":[{"href":"https:\/\/fuentesfidedignas.com.mx\/index.php\/wp-json\/wp\/v2\/posts\/141744","targetHints":{"allow":["GET"]}}],"collection":[{"href":"https:\/\/fuentesfidedignas.com.mx\/index.php\/wp-json\/wp\/v2\/posts"}],"about":[{"href":"https:\/\/fuentesfidedignas.com.mx\/index.php\/wp-json\/wp\/v2\/types\/post"}],"author":[{"embeddable":true,"href":"https:\/\/fuentesfidedignas.com.mx\/index.php\/wp-json\/wp\/v2\/users\/4"}],"replies":[{"embeddable":true,"href":"https:\/\/fuentesfidedignas.com.mx\/index.php\/wp-json\/wp\/v2\/comments?post=141744"}],"version-history":[{"count":1,"href":"https:\/\/fuentesfidedignas.com.mx\/index.php\/wp-json\/wp\/v2\/posts\/141744\/revisions"}],"predecessor-version":[{"id":141745,"href":"https:\/\/fuentesfidedignas.com.mx\/index.php\/wp-json\/wp\/v2\/posts\/141744\/revisions\/141745"}],"wp:featuredmedia":[{"embeddable":true,"href":"https:\/\/fuentesfidedignas.com.mx\/index.php\/wp-json\/wp\/v2\/media\/141743"}],"wp:attachment":[{"href":"https:\/\/fuentesfidedignas.com.mx\/index.php\/wp-json\/wp\/v2\/media?parent=141744"}],"wp:term":[{"taxonomy":"category","embeddable":true,"href":"https:\/\/fuentesfidedignas.com.mx\/index.php\/wp-json\/wp\/v2\/categories?post=141744"},{"taxonomy":"post_tag","embeddable":true,"href":"https:\/\/fuentesfidedignas.com.mx\/index.php\/wp-json\/wp\/v2\/tags?post=141744"}],"curies":[{"name":"wp","href":"https:\/\/api.w.org\/{rel}","templated":true}]}}