{"id":141734,"date":"2026-09-05T14:09:08","date_gmt":"2026-09-05T21:09:08","guid":{"rendered":"https:\/\/fuentesfidedignas.com.mx\/?p=141734"},"modified":"2026-09-05T14:10:03","modified_gmt":"2026-09-05T21:10:03","slug":"feuas-celebra-su-primer-aniversario-y-convoca-a-construir-un-gran-pacto-por-la-comunidad-universitaria","status":"publish","type":"post","link":"https:\/\/fuentesfidedignas.com.mx\/index.php\/2026\/09\/05\/feuas-celebra-su-primer-aniversario-y-convoca-a-construir-un-gran-pacto-por-la-comunidad-universitaria\/","title":{"rendered":"FEUAS celebra su primer aniversario y convoca a construir un Gran Pacto por la Comunidad Universitaria"},"content":{"rendered":"\n<p class=\"wp-block-paragraph\"><strong><em>Buscan fortalecer la seguridad y el bienestar del estudiantado en Sinaloa<\/em><\/strong><\/p>\n\n\n\n<p class=\"wp-block-paragraph\">Con un acto de reconocimiento al esfuerzo, dedicaci\u00f3n y responsabilidad de las y los j\u00f3venes estudiantes, la Federaci\u00f3n de Estudiantes de la Universidad Aut\u00f3noma de Sinaloa (FEUAS) celebr\u00f3 su primer aniversario, haciendo un llamado a concretar un Gran Pacto por la Comunidad Universitaria, orientado a construir una pol\u00edtica interinstitucional de cuidado mutuo y garantizar la seguridad del estudiantado en todo el estado.<\/p>\n\n\n\n<p class=\"wp-block-paragraph\">En conferencia de prensa, el presidente de la FEUAS, \u00c1ngel Gamaliel Ca\u00f1edo Reyes, destac\u00f3 que, frente al complejo contexto del Estado, es necesario cerrar filas para que estudiantes, docentes, padres de familia, autoridades universitarias, gubernamentales y la sociedad en general realicen las acciones necesarias para transformar positivamente el entorno.<\/p>\n\n\n\n<p class=\"wp-block-paragraph\">El l\u00edder estudiantil, acompa\u00f1ado por representantes de cuatro unidades regionales, fue enf\u00e1tico al se\u00f1alar que las y los alumnos universitarios requieren atenci\u00f3n y protecci\u00f3n, motivo por el cual se han acercado a las autoridades competentes recibiendo de inmediato alternativas para poner a consideraci\u00f3n del alumnado, como el ajuste de horarios y coordinaci\u00f3n para fortalecer los protocolos de seguridad.<\/p>\n\n\n\n<p class=\"wp-block-paragraph\">\u201cPor ello, desde la FEUAS proponemos lo m\u00e1s importante en este aniversario: un gran pacto por la comunidad universitaria, un pacto donde todas y todos pongamos nuestra parte, donde estudiantes, docentes, padres de familia, autoridades universitarias, autoridades del Gobierno y sociedad en general colaboremos y materialicemos una pol\u00edtica transversal de cuidado mutuo\u201d, manifest\u00f3.<\/p>\n\n\n\n<p class=\"wp-block-paragraph\">Enfatiz\u00f3 que durante el \u00faltimo a\u00f1o, se ha impulsado un activismo acad\u00e9mico, cultural y deportivo siempre pensando en lo mejor para las y los estudiantes.<\/p>\n\n\n\n<p class=\"wp-block-paragraph\">Asimismo, en d\u00edas recientes se realiz\u00f3 una consulta abierta a la comunidad estudiantil a trav\u00e9s de un portal digital. En ese sentido, la FEUAS expuso que como parte de las gestiones que ya estan realizando d\u00e1ndole voz a los j\u00f3venes, se encuentran garantizar rutas de transporte seguras hasta el \u00faltimo turno; impartir cursos y talleres, as\u00ed como difundir material informativo sobre prevenci\u00f3n del delito y autocuidado; instalar botones de p\u00e1nico en todos los accesos universitarios, y mejorar la iluminaci\u00f3n p\u00fablica en las periferias de los planteles, entre otras propuestas encaminadas a garantizar la seguridad y la integridad del alumnado.<\/p>\n\n\n\n<p class=\"wp-block-paragraph\">Al hacer un balance del primer a\u00f1o de gesti\u00f3n, Ca\u00f1edo Reyes agradeci\u00f3 el respaldo de los alumnos durante este periodo y resalt\u00f3 que la organizaci\u00f3n ha logrado consolidar una agenda horizontal de atenci\u00f3n directa, hecha por y para los estudiantes.<\/p>\n\n\n\n<p class=\"wp-block-paragraph\">El presidente de la FEUAS reiter\u00f3 que el gremio estudiantil mantendr\u00e1 una postura de di\u00e1logo y gesti\u00f3n permanente ante las instancias correspondientes, y continuar\u00e1 trabajando por el bienestar de todas y todos los alumnos.<\/p>\n\n\n\n<p class=\"wp-block-paragraph\">\u201cLa FEUAS seguir\u00e1 haciendo su parte, escuchando a los estudiantes, gestionando ante las autoridades y dando seguimiento hasta obtener resultados\u201d, reiter\u00f3 Ca\u00f1edo Reyes.<\/p>\n\n\n\n<p class=\"wp-block-paragraph\">Asimismo, cabe destacar que algunas de las demandas y medidas planteadas por la comunidad estudiantil ya han comenzado a ser atendidas por las autoridades. En este sentido, resalto que la gobernadora Graciela Dom\u00ednguez Nava se comprometi\u00f3 a trav\u00e9s de los medios a reforzar la vigilancia y aumentar los rondines de seguridad, mientras que las autoridades universitarias han implementado ajustes en los horarios acad\u00e9micos para responder de manera puntual a las solicitudes de los estudiantes.<\/p>\n","protected":false},"excerpt":{"rendered":"<p>Buscan fortalecer la seguridad y el bienestar del estudiantado en Sinaloa Con un acto de reconocimiento al esfuerzo, dedicaci\u00f3n y responsabilidad de las y los j\u00f3venes estudiantes, la Federaci\u00f3n de Estudiantes de la Universidad Aut\u00f3noma de Sinaloa (FEUAS) celebr\u00f3 su primer aniversario, haciendo un llamado a concretar un Gran Pacto por la Comunidad Universitaria, orientado [&hellip;]<\/p>\n","protected":false},"author":4,"featured_media":141733,"comment_status":"closed","ping_status":"open","sticky":false,"template":"","format":"standard","meta":{"tdm_status":"","tdm_grid_status":"","footnotes":""},"categories":[37],"tags":[],"class_list":["post-141734","post","type-post","status-publish","format-standard","has-post-thumbnail","category-nota-principal"],"yoast_head":"<!-- This site is optimized with the Yoast SEO plugin v28.4 - https:\/\/yoast.com\/product\/yoast-seo-wordpress\/ -->\n<title>FEUAS celebra su primer aniversario y convoca a construir un Gran Pacto por la Comunidad Universitaria - Fuentes Fidedignas<\/title>\n<meta name=\"robots\" content=\"index, follow, max-snippet:-1, max-image-preview:large, max-video-preview:-1\" \/>\n<link rel=\"canonical\" href=\"https:\/\/fuentesfidedignas.com.mx\/index.php\/2026\/09\/05\/feuas-celebra-su-primer-aniversario-y-convoca-a-construir-un-gran-pacto-por-la-comunidad-universitaria\/\" \/>\n<meta property=\"og:locale\" content=\"es_MX\" \/>\n<meta property=\"og:type\" content=\"article\" \/>\n<meta property=\"og:title\" content=\"FEUAS celebra su primer aniversario y convoca a construir un Gran Pacto por la Comunidad Universitaria - Fuentes Fidedignas\" \/>\n<meta property=\"og:description\" content=\"Buscan fortalecer la seguridad y el bienestar del estudiantado en Sinaloa Con un acto de reconocimiento al esfuerzo, dedicaci\u00f3n y responsabilidad de las y los j\u00f3venes estudiantes, la Federaci\u00f3n de Estudiantes de la Universidad Aut\u00f3noma de Sinaloa (FEUAS) celebr\u00f3 su primer aniversario, haciendo un llamado a concretar un Gran Pacto por la Comunidad Universitaria, orientado [&hellip;]\" \/>\n<meta property=\"og:url\" content=\"https:\/\/fuentesfidedignas.com.mx\/index.php\/2026\/09\/05\/feuas-celebra-su-primer-aniversario-y-convoca-a-construir-un-gran-pacto-por-la-comunidad-universitaria\/\" \/>\n<meta property=\"og:site_name\" content=\"Fuentes Fidedignas\" \/>\n<meta property=\"article:publisher\" content=\"https:\/\/www.facebook.com\/Fuentes-Fidedignas-368234489921644\" \/>\n<meta property=\"article:published_time\" content=\"2026-09-05T21:09:08+00:00\" \/>\n<meta property=\"article:modified_time\" content=\"2026-09-05T21:10:03+00:00\" \/>\n<meta property=\"og:image\" content=\"https:\/\/fuentesfidedignas.com.mx\/wp-content\/uploads\/2026\/09\/ba50b7ca-0bcb-4682-bcd8-ab08d8d4fe52.jpeg\" \/>\n\t<meta property=\"og:image:width\" content=\"1600\" \/>\n\t<meta property=\"og:image:height\" content=\"1066\" \/>\n\t<meta property=\"og:image:type\" content=\"image\/jpeg\" \/>\n<meta name=\"author\" content=\"Redacci\u00f3n\" \/>\n<meta name=\"twitter:card\" content=\"summary_large_image\" \/>\n<meta name=\"twitter:creator\" content=\"@fidedignas\" \/>\n<meta name=\"twitter:site\" content=\"@fidedignas\" \/>\n<meta name=\"twitter:label1\" content=\"Escrito por\" \/>\n\t<meta name=\"twitter:data1\" content=\"Redacci\u00f3n\" \/>\n\t<meta name=\"twitter:label2\" content=\"Tiempo de lectura\" \/>\n\t<meta name=\"twitter:data2\" content=\"3 minutos\" \/>\n<script type=\"application\/ld+json\" class=\"yoast-schema-graph\">{\"@context\":\"https:\\\/\\\/schema.org\",\"@graph\":[{\"@type\":\"Article\",\"@id\":\"https:\\\/\\\/fuentesfidedignas.com.mx\\\/index.php\\\/2026\\\/09\\\/05\\\/feuas-celebra-su-primer-aniversario-y-convoca-a-construir-un-gran-pacto-por-la-comunidad-universitaria\\\/#article\",\"isPartOf\":{\"@id\":\"https:\\\/\\\/fuentesfidedignas.com.mx\\\/index.php\\\/2026\\\/09\\\/05\\\/feuas-celebra-su-primer-aniversario-y-convoca-a-construir-un-gran-pacto-por-la-comunidad-universitaria\\\/\"},\"author\":{\"name\":\"Redacci\u00f3n\",\"@id\":\"https:\\\/\\\/fuentesfidedignas.com.mx\\\/#\\\/schema\\\/person\\\/331be9283d37198e2acd5750279085b0\"},\"headline\":\"FEUAS celebra su primer aniversario y convoca a construir un Gran Pacto por la Comunidad Universitaria\",\"datePublished\":\"2026-09-05T21:09:08+00:00\",\"dateModified\":\"2026-09-05T21:10:03+00:00\",\"mainEntityOfPage\":{\"@id\":\"https:\\\/\\\/fuentesfidedignas.com.mx\\\/index.php\\\/2026\\\/09\\\/05\\\/feuas-celebra-su-primer-aniversario-y-convoca-a-construir-un-gran-pacto-por-la-comunidad-universitaria\\\/\"},\"wordCount\":581,\"publisher\":{\"@id\":\"https:\\\/\\\/fuentesfidedignas.com.mx\\\/#organization\"},\"image\":{\"@id\":\"https:\\\/\\\/fuentesfidedignas.com.mx\\\/index.php\\\/2026\\\/09\\\/05\\\/feuas-celebra-su-primer-aniversario-y-convoca-a-construir-un-gran-pacto-por-la-comunidad-universitaria\\\/#primaryimage\"},\"thumbnailUrl\":\"https:\\\/\\\/fuentesfidedignas.com.mx\\\/wp-content\\\/uploads\\\/2026\\\/09\\\/ba50b7ca-0bcb-4682-bcd8-ab08d8d4fe52.jpeg\",\"articleSection\":[\"NOTA PRINCIPAL\"],\"inLanguage\":\"es\"},{\"@type\":\"WebPage\",\"@id\":\"https:\\\/\\\/fuentesfidedignas.com.mx\\\/index.php\\\/2026\\\/09\\\/05\\\/feuas-celebra-su-primer-aniversario-y-convoca-a-construir-un-gran-pacto-por-la-comunidad-universitaria\\\/\",\"url\":\"https:\\\/\\\/fuentesfidedignas.com.mx\\\/index.php\\\/2026\\\/09\\\/05\\\/feuas-celebra-su-primer-aniversario-y-convoca-a-construir-un-gran-pacto-por-la-comunidad-universitaria\\\/\",\"name\":\"FEUAS celebra su primer aniversario y convoca a construir un Gran Pacto por la Comunidad Universitaria - Fuentes Fidedignas\",\"isPartOf\":{\"@id\":\"https:\\\/\\\/fuentesfidedignas.com.mx\\\/#website\"},\"primaryImageOfPage\":{\"@id\":\"https:\\\/\\\/fuentesfidedignas.com.mx\\\/index.php\\\/2026\\\/09\\\/05\\\/feuas-celebra-su-primer-aniversario-y-convoca-a-construir-un-gran-pacto-por-la-comunidad-universitaria\\\/#primaryimage\"},\"image\":{\"@id\":\"https:\\\/\\\/fuentesfidedignas.com.mx\\\/index.php\\\/2026\\\/09\\\/05\\\/feuas-celebra-su-primer-aniversario-y-convoca-a-construir-un-gran-pacto-por-la-comunidad-universitaria\\\/#primaryimage\"},\"thumbnailUrl\":\"https:\\\/\\\/fuentesfidedignas.com.mx\\\/wp-content\\\/uploads\\\/2026\\\/09\\\/ba50b7ca-0bcb-4682-bcd8-ab08d8d4fe52.jpeg\",\"datePublished\":\"2026-09-05T21:09:08+00:00\",\"dateModified\":\"2026-09-05T21:10:03+00:00\",\"breadcrumb\":{\"@id\":\"https:\\\/\\\/fuentesfidedignas.com.mx\\\/index.php\\\/2026\\\/09\\\/05\\\/feuas-celebra-su-primer-aniversario-y-convoca-a-construir-un-gran-pacto-por-la-comunidad-universitaria\\\/#breadcrumb\"},\"inLanguage\":\"es\",\"potentialAction\":[{\"@type\":\"ReadAction\",\"target\":[\"https:\\\/\\\/fuentesfidedignas.com.mx\\\/index.php\\\/2026\\\/09\\\/05\\\/feuas-celebra-su-primer-aniversario-y-convoca-a-construir-un-gran-pacto-por-la-comunidad-universitaria\\\/\"]}]},{\"@type\":\"ImageObject\",\"inLanguage\":\"es\",\"@id\":\"https:\\\/\\\/fuentesfidedignas.com.mx\\\/index.php\\\/2026\\\/09\\\/05\\\/feuas-celebra-su-primer-aniversario-y-convoca-a-construir-un-gran-pacto-por-la-comunidad-universitaria\\\/#primaryimage\",\"url\":\"https:\\\/\\\/fuentesfidedignas.com.mx\\\/wp-content\\\/uploads\\\/2026\\\/09\\\/ba50b7ca-0bcb-4682-bcd8-ab08d8d4fe52.jpeg\",\"contentUrl\":\"https:\\\/\\\/fuentesfidedignas.com.mx\\\/wp-content\\\/uploads\\\/2026\\\/09\\\/ba50b7ca-0bcb-4682-bcd8-ab08d8d4fe52.jpeg\",\"width\":1600,\"height\":1066},{\"@type\":\"BreadcrumbList\",\"@id\":\"https:\\\/\\\/fuentesfidedignas.com.mx\\\/index.php\\\/2026\\\/09\\\/05\\\/feuas-celebra-su-primer-aniversario-y-convoca-a-construir-un-gran-pacto-por-la-comunidad-universitaria\\\/#breadcrumb\",\"itemListElement\":[{\"@type\":\"ListItem\",\"position\":1,\"name\":\"Inicio\",\"item\":\"https:\\\/\\\/fuentesfidedignas.com.mx\\\/\"},{\"@type\":\"ListItem\",\"position\":2,\"name\":\"FEUAS celebra su primer aniversario y convoca a construir un Gran Pacto por la Comunidad Universitaria\"}]},{\"@type\":\"WebSite\",\"@id\":\"https:\\\/\\\/fuentesfidedignas.com.mx\\\/#website\",\"url\":\"https:\\\/\\\/fuentesfidedignas.com.mx\\\/\",\"name\":\"Fuentes Fidedignas\",\"description\":\"Otro sitio realizado con WordPress\",\"publisher\":{\"@id\":\"https:\\\/\\\/fuentesfidedignas.com.mx\\\/#organization\"},\"potentialAction\":[{\"@type\":\"SearchAction\",\"target\":{\"@type\":\"EntryPoint\",\"urlTemplate\":\"https:\\\/\\\/fuentesfidedignas.com.mx\\\/?s={search_term_string}\"},\"query-input\":{\"@type\":\"PropertyValueSpecification\",\"valueRequired\":true,\"valueName\":\"search_term_string\"}}],\"inLanguage\":\"es\"},{\"@type\":\"Organization\",\"@id\":\"https:\\\/\\\/fuentesfidedignas.com.mx\\\/#organization\",\"name\":\"Fuentes Fidedignas\",\"url\":\"https:\\\/\\\/fuentesfidedignas.com.mx\\\/\",\"logo\":{\"@type\":\"ImageObject\",\"inLanguage\":\"es\",\"@id\":\"https:\\\/\\\/fuentesfidedignas.com.mx\\\/#\\\/schema\\\/logo\\\/image\\\/\",\"url\":\"https:\\\/\\\/fuentesfidedignas.com.mx\\\/wp-content\\\/uploads\\\/2021\\\/04\\\/logo-retina.png\",\"contentUrl\":\"https:\\\/\\\/fuentesfidedignas.com.mx\\\/wp-content\\\/uploads\\\/2021\\\/04\\\/logo-retina.png\",\"width\":280,\"height\":51,\"caption\":\"Fuentes Fidedignas\"},\"image\":{\"@id\":\"https:\\\/\\\/fuentesfidedignas.com.mx\\\/#\\\/schema\\\/logo\\\/image\\\/\"},\"sameAs\":[\"https:\\\/\\\/www.facebook.com\\\/Fuentes-Fidedignas-368234489921644\",\"https:\\\/\\\/x.com\\\/fidedignas\"]},{\"@type\":\"Person\",\"@id\":\"https:\\\/\\\/fuentesfidedignas.com.mx\\\/#\\\/schema\\\/person\\\/331be9283d37198e2acd5750279085b0\",\"name\":\"Redacci\u00f3n\",\"image\":{\"@type\":\"ImageObject\",\"inLanguage\":\"es\",\"@id\":\"https:\\\/\\\/secure.gravatar.com\\\/avatar\\\/f6d8782c11d12b2d4ad3fbb6931aeab5309937a4d6cd2fc9cfaa28a6396a5aec?s=96&d=mm&r=g\",\"url\":\"https:\\\/\\\/secure.gravatar.com\\\/avatar\\\/f6d8782c11d12b2d4ad3fbb6931aeab5309937a4d6cd2fc9cfaa28a6396a5aec?s=96&d=mm&r=g\",\"contentUrl\":\"https:\\\/\\\/secure.gravatar.com\\\/avatar\\\/f6d8782c11d12b2d4ad3fbb6931aeab5309937a4d6cd2fc9cfaa28a6396a5aec?s=96&d=mm&r=g\",\"caption\":\"Redacci\u00f3n\"},\"url\":\"https:\\\/\\\/fuentesfidedignas.com.mx\\\/index.php\\\/author\\\/redaccion\\\/\"}]}<\/script>\n<!-- \/ Yoast SEO plugin. -->","yoast_head_json":{"title":"FEUAS celebra su primer aniversario y convoca a construir un Gran Pacto por la Comunidad Universitaria - Fuentes Fidedignas","robots":{"index":"index","follow":"follow","max-snippet":"max-snippet:-1","max-image-preview":"max-image-preview:large","max-video-preview":"max-video-preview:-1"},"canonical":"https:\/\/fuentesfidedignas.com.mx\/index.php\/2026\/09\/05\/feuas-celebra-su-primer-aniversario-y-convoca-a-construir-un-gran-pacto-por-la-comunidad-universitaria\/","og_locale":"es_MX","og_type":"article","og_title":"FEUAS celebra su primer aniversario y convoca a construir un Gran Pacto por la Comunidad Universitaria - Fuentes Fidedignas","og_description":"Buscan fortalecer la seguridad y el bienestar del estudiantado en Sinaloa Con un acto de reconocimiento al esfuerzo, dedicaci\u00f3n y responsabilidad de las y los j\u00f3venes estudiantes, la Federaci\u00f3n de Estudiantes de la Universidad Aut\u00f3noma de Sinaloa (FEUAS) celebr\u00f3 su primer aniversario, haciendo un llamado a concretar un Gran Pacto por la Comunidad Universitaria, orientado [&hellip;]","og_url":"https:\/\/fuentesfidedignas.com.mx\/index.php\/2026\/09\/05\/feuas-celebra-su-primer-aniversario-y-convoca-a-construir-un-gran-pacto-por-la-comunidad-universitaria\/","og_site_name":"Fuentes Fidedignas","article_publisher":"https:\/\/www.facebook.com\/Fuentes-Fidedignas-368234489921644","article_published_time":"2026-09-05T21:09:08+00:00","article_modified_time":"2026-09-05T21:10:03+00:00","og_image":[{"width":1600,"height":1066,"url":"https:\/\/fuentesfidedignas.com.mx\/wp-content\/uploads\/2026\/09\/ba50b7ca-0bcb-4682-bcd8-ab08d8d4fe52.jpeg","type":"image\/jpeg"}],"author":"Redacci\u00f3n","twitter_card":"summary_large_image","twitter_creator":"@fidedignas","twitter_site":"@fidedignas","twitter_misc":{"Escrito por":"Redacci\u00f3n","Tiempo de lectura":"3 minutos"},"schema":{"@context":"https:\/\/schema.org","@graph":[{"@type":"Article","@id":"https:\/\/fuentesfidedignas.com.mx\/index.php\/2026\/09\/05\/feuas-celebra-su-primer-aniversario-y-convoca-a-construir-un-gran-pacto-por-la-comunidad-universitaria\/#article","isPartOf":{"@id":"https:\/\/fuentesfidedignas.com.mx\/index.php\/2026\/09\/05\/feuas-celebra-su-primer-aniversario-y-convoca-a-construir-un-gran-pacto-por-la-comunidad-universitaria\/"},"author":{"name":"Redacci\u00f3n","@id":"https:\/\/fuentesfidedignas.com.mx\/#\/schema\/person\/331be9283d37198e2acd5750279085b0"},"headline":"FEUAS celebra su primer aniversario y convoca a construir un Gran Pacto por la Comunidad Universitaria","datePublished":"2026-09-05T21:09:08+00:00","dateModified":"2026-09-05T21:10:03+00:00","mainEntityOfPage":{"@id":"https:\/\/fuentesfidedignas.com.mx\/index.php\/2026\/09\/05\/feuas-celebra-su-primer-aniversario-y-convoca-a-construir-un-gran-pacto-por-la-comunidad-universitaria\/"},"wordCount":581,"publisher":{"@id":"https:\/\/fuentesfidedignas.com.mx\/#organization"},"image":{"@id":"https:\/\/fuentesfidedignas.com.mx\/index.php\/2026\/09\/05\/feuas-celebra-su-primer-aniversario-y-convoca-a-construir-un-gran-pacto-por-la-comunidad-universitaria\/#primaryimage"},"thumbnailUrl":"https:\/\/fuentesfidedignas.com.mx\/wp-content\/uploads\/2026\/09\/ba50b7ca-0bcb-4682-bcd8-ab08d8d4fe52.jpeg","articleSection":["NOTA PRINCIPAL"],"inLanguage":"es"},{"@type":"WebPage","@id":"https:\/\/fuentesfidedignas.com.mx\/index.php\/2026\/09\/05\/feuas-celebra-su-primer-aniversario-y-convoca-a-construir-un-gran-pacto-por-la-comunidad-universitaria\/","url":"https:\/\/fuentesfidedignas.com.mx\/index.php\/2026\/09\/05\/feuas-celebra-su-primer-aniversario-y-convoca-a-construir-un-gran-pacto-por-la-comunidad-universitaria\/","name":"FEUAS celebra su primer aniversario y convoca a construir un Gran Pacto por la Comunidad Universitaria - Fuentes Fidedignas","isPartOf":{"@id":"https:\/\/fuentesfidedignas.com.mx\/#website"},"primaryImageOfPage":{"@id":"https:\/\/fuentesfidedignas.com.mx\/index.php\/2026\/09\/05\/feuas-celebra-su-primer-aniversario-y-convoca-a-construir-un-gran-pacto-por-la-comunidad-universitaria\/#primaryimage"},"image":{"@id":"https:\/\/fuentesfidedignas.com.mx\/index.php\/2026\/09\/05\/feuas-celebra-su-primer-aniversario-y-convoca-a-construir-un-gran-pacto-por-la-comunidad-universitaria\/#primaryimage"},"thumbnailUrl":"https:\/\/fuentesfidedignas.com.mx\/wp-content\/uploads\/2026\/09\/ba50b7ca-0bcb-4682-bcd8-ab08d8d4fe52.jpeg","datePublished":"2026-09-05T21:09:08+00:00","dateModified":"2026-09-05T21:10:03+00:00","breadcrumb":{"@id":"https:\/\/fuentesfidedignas.com.mx\/index.php\/2026\/09\/05\/feuas-celebra-su-primer-aniversario-y-convoca-a-construir-un-gran-pacto-por-la-comunidad-universitaria\/#breadcrumb"},"inLanguage":"es","potentialAction":[{"@type":"ReadAction","target":["https:\/\/fuentesfidedignas.com.mx\/index.php\/2026\/09\/05\/feuas-celebra-su-primer-aniversario-y-convoca-a-construir-un-gran-pacto-por-la-comunidad-universitaria\/"]}]},{"@type":"ImageObject","inLanguage":"es","@id":"https:\/\/fuentesfidedignas.com.mx\/index.php\/2026\/09\/05\/feuas-celebra-su-primer-aniversario-y-convoca-a-construir-un-gran-pacto-por-la-comunidad-universitaria\/#primaryimage","url":"https:\/\/fuentesfidedignas.com.mx\/wp-content\/uploads\/2026\/09\/ba50b7ca-0bcb-4682-bcd8-ab08d8d4fe52.jpeg","contentUrl":"https:\/\/fuentesfidedignas.com.mx\/wp-content\/uploads\/2026\/09\/ba50b7ca-0bcb-4682-bcd8-ab08d8d4fe52.jpeg","width":1600,"height":1066},{"@type":"BreadcrumbList","@id":"https:\/\/fuentesfidedignas.com.mx\/index.php\/2026\/09\/05\/feuas-celebra-su-primer-aniversario-y-convoca-a-construir-un-gran-pacto-por-la-comunidad-universitaria\/#breadcrumb","itemListElement":[{"@type":"ListItem","position":1,"name":"Inicio","item":"https:\/\/fuentesfidedignas.com.mx\/"},{"@type":"ListItem","position":2,"name":"FEUAS celebra su primer aniversario y convoca a construir un Gran Pacto por la Comunidad Universitaria"}]},{"@type":"WebSite","@id":"https:\/\/fuentesfidedignas.com.mx\/#website","url":"https:\/\/fuentesfidedignas.com.mx\/","name":"Fuentes Fidedignas","description":"Otro sitio realizado con WordPress","publisher":{"@id":"https:\/\/fuentesfidedignas.com.mx\/#organization"},"potentialAction":[{"@type":"SearchAction","target":{"@type":"EntryPoint","urlTemplate":"https:\/\/fuentesfidedignas.com.mx\/?s={search_term_string}"},"query-input":{"@type":"PropertyValueSpecification","valueRequired":true,"valueName":"search_term_string"}}],"inLanguage":"es"},{"@type":"Organization","@id":"https:\/\/fuentesfidedignas.com.mx\/#organization","name":"Fuentes Fidedignas","url":"https:\/\/fuentesfidedignas.com.mx\/","logo":{"@type":"ImageObject","inLanguage":"es","@id":"https:\/\/fuentesfidedignas.com.mx\/#\/schema\/logo\/image\/","url":"https:\/\/fuentesfidedignas.com.mx\/wp-content\/uploads\/2021\/04\/logo-retina.png","contentUrl":"https:\/\/fuentesfidedignas.com.mx\/wp-content\/uploads\/2021\/04\/logo-retina.png","width":280,"height":51,"caption":"Fuentes Fidedignas"},"image":{"@id":"https:\/\/fuentesfidedignas.com.mx\/#\/schema\/logo\/image\/"},"sameAs":["https:\/\/www.facebook.com\/Fuentes-Fidedignas-368234489921644","https:\/\/x.com\/fidedignas"]},{"@type":"Person","@id":"https:\/\/fuentesfidedignas.com.mx\/#\/schema\/person\/331be9283d37198e2acd5750279085b0","name":"Redacci\u00f3n","image":{"@type":"ImageObject","inLanguage":"es","@id":"https:\/\/secure.gravatar.com\/avatar\/f6d8782c11d12b2d4ad3fbb6931aeab5309937a4d6cd2fc9cfaa28a6396a5aec?s=96&d=mm&r=g","url":"https:\/\/secure.gravatar.com\/avatar\/f6d8782c11d12b2d4ad3fbb6931aeab5309937a4d6cd2fc9cfaa28a6396a5aec?s=96&d=mm&r=g","contentUrl":"https:\/\/secure.gravatar.com\/avatar\/f6d8782c11d12b2d4ad3fbb6931aeab5309937a4d6cd2fc9cfaa28a6396a5aec?s=96&d=mm&r=g","caption":"Redacci\u00f3n"},"url":"https:\/\/fuentesfidedignas.com.mx\/index.php\/author\/redaccion\/"}]}},"_links":{"self":[{"href":"https:\/\/fuentesfidedignas.com.mx\/index.php\/wp-json\/wp\/v2\/posts\/141734","targetHints":{"allow":["GET"]}}],"collection":[{"href":"https:\/\/fuentesfidedignas.com.mx\/index.php\/wp-json\/wp\/v2\/posts"}],"about":[{"href":"https:\/\/fuentesfidedignas.com.mx\/index.php\/wp-json\/wp\/v2\/types\/post"}],"author":[{"embeddable":true,"href":"https:\/\/fuentesfidedignas.com.mx\/index.php\/wp-json\/wp\/v2\/users\/4"}],"replies":[{"embeddable":true,"href":"https:\/\/fuentesfidedignas.com.mx\/index.php\/wp-json\/wp\/v2\/comments?post=141734"}],"version-history":[{"count":1,"href":"https:\/\/fuentesfidedignas.com.mx\/index.php\/wp-json\/wp\/v2\/posts\/141734\/revisions"}],"predecessor-version":[{"id":141735,"href":"https:\/\/fuentesfidedignas.com.mx\/index.php\/wp-json\/wp\/v2\/posts\/141734\/revisions\/141735"}],"wp:featuredmedia":[{"embeddable":true,"href":"https:\/\/fuentesfidedignas.com.mx\/index.php\/wp-json\/wp\/v2\/media\/141733"}],"wp:attachment":[{"href":"https:\/\/fuentesfidedignas.com.mx\/index.php\/wp-json\/wp\/v2\/media?parent=141734"}],"wp:term":[{"taxonomy":"category","embeddable":true,"href":"https:\/\/fuentesfidedignas.com.mx\/index.php\/wp-json\/wp\/v2\/categories?post=141734"},{"taxonomy":"post_tag","embeddable":true,"href":"https:\/\/fuentesfidedignas.com.mx\/index.php\/wp-json\/wp\/v2\/tags?post=141734"}],"curies":[{"name":"wp","href":"https:\/\/api.w.org\/{rel}","templated":true}]}}