{"id":141718,"date":"2026-09-05T11:27:01","date_gmt":"2026-09-05T18:27:01","guid":{"rendered":"https:\/\/fuentesfidedignas.com.mx\/?p=141718"},"modified":"2026-09-05T11:27:01","modified_gmt":"2026-09-05T18:27:01","slug":"encabeza-ana-miriam-ramos-la-jornada-de-salud-y-servicios-del-sistema-dif-culiacan","status":"publish","type":"post","link":"https:\/\/fuentesfidedignas.com.mx\/index.php\/2026\/09\/05\/encabeza-ana-miriam-ramos-la-jornada-de-salud-y-servicios-del-sistema-dif-culiacan\/","title":{"rendered":"Encabeza Ana Miriam Ramos la Jornada de Salud y Servicios del Sistema DIF Culiac\u00e1n"},"content":{"rendered":"\n<p class=\"wp-block-paragraph\"><\/p>\n\n\n\n<p class=\"wp-block-paragraph\"><strong><em>En esta edici\u00f3n se entregaron aparatos ortop\u00e9dicos, adem\u00e1s de brindar atenci\u00f3n m\u00e9dica y psicol\u00f3gica, gestionar servicios p\u00fablicos y contar con el acompa\u00f1amiento de la Guardia Nacional.<\/em><\/strong><\/p>\n\n\n\n<p class=\"wp-block-paragraph\">Culiac\u00e1n, Sinaloa.- El acercamiento con la ciudadan\u00eda y la atenci\u00f3n a sus principales necesidades se mantienen como un eje prioritario para la alcaldesa Ana Miriam Ramos Villarreal, al encabezar la Jornada de Salud y Servicios en la colonia Los Mezcales.<\/p>\n\n\n\n<p class=\"wp-block-paragraph\">Durante el encuentro, desarrollado en las instalaciones de la escuela primaria Justo Sierra y ante la presencia de habitantes de Las Cucas, Mezcales y Loma de Rodriguera, la presidenta municipal comparti\u00f3 que dichas jornadas buscan acercar todos los servicios del Ayuntamiento de Culiac\u00e1n y del Sistema DIF Bienestar.<\/p>\n\n\n\n<p class=\"wp-block-paragraph\">&#8220;Hay que aprovechar todos los servicios que el Ayuntamiento, que DIF, esta ma\u00f1ana les ofrece totalmente gratuitos&#8221;, detall\u00f3 la mun\u00edcipe.<\/p>\n\n\n\n<p class=\"wp-block-paragraph\">En este sentido, Ramos Villarreal refrend\u00f3 que estas acciones se realizan frecuentemente en todas las colonias y sindicaturas del municipio.<\/p>\n\n\n\n<p class=\"wp-block-paragraph\">Por su parte, el director del Sistema DIF Bienestar Culiac\u00e1n, Cirilo Celis Acu\u00f1a, agradeci\u00f3 la atenci\u00f3n de la alcaldesa y la pronta respuesta a las peticiones que realiza la ciudadan\u00eda en los respectivos centros del Sistema DIF Bienestar Culiac\u00e1n.<\/p>\n\n\n\n<p class=\"wp-block-paragraph\">&#8220;Desde el DIF estamos trabajando todos los d\u00edas, a veces en las colonias, a veces en las sindicaturas, siempre con el objetivo de aportar bienestar a las familias&#8221;, indic\u00f3 el funcionario municipal.<\/p>\n\n\n\n<p class=\"wp-block-paragraph\">En representaci\u00f3n de las familias de la zona, la se\u00f1ora Amada Reyes agradeci\u00f3 la realizaci\u00f3n de la Jornada de Salud y Servicios en la colonia Los Mezcales.<\/p>\n\n\n\n<p class=\"wp-block-paragraph\">El Ayuntamiento de Culiac\u00e1n y el Sistema DIF Bienestar Culiac\u00e1n refrendan el compromiso de avanzar con acciones para atender las principales necesidades de los habitantes de la zona urbana y de las comunidades rurales, a fin de contribuir a mejorar su calidad de vida.<\/p>\n","protected":false},"excerpt":{"rendered":"<p>En esta edici\u00f3n se entregaron aparatos ortop\u00e9dicos, adem\u00e1s de brindar atenci\u00f3n m\u00e9dica y psicol\u00f3gica, gestionar servicios p\u00fablicos y contar con el acompa\u00f1amiento de la Guardia Nacional. Culiac\u00e1n, Sinaloa.- El acercamiento con la ciudadan\u00eda y la atenci\u00f3n a sus principales necesidades se mantienen como un eje prioritario para la alcaldesa Ana Miriam Ramos Villarreal, al encabezar [&hellip;]<\/p>\n","protected":false},"author":4,"featured_media":141717,"comment_status":"closed","ping_status":"open","sticky":false,"template":"","format":"standard","meta":{"tdm_status":"","tdm_grid_status":"","footnotes":""},"categories":[37],"tags":[],"class_list":["post-141718","post","type-post","status-publish","format-standard","has-post-thumbnail","category-nota-principal"],"yoast_head":"<!-- This site is optimized with the Yoast SEO plugin v28.4 - https:\/\/yoast.com\/product\/yoast-seo-wordpress\/ -->\n<title>Encabeza Ana Miriam Ramos la Jornada de Salud y Servicios del Sistema DIF Culiac\u00e1n - Fuentes Fidedignas<\/title>\n<meta name=\"robots\" content=\"index, follow, max-snippet:-1, max-image-preview:large, max-video-preview:-1\" \/>\n<link rel=\"canonical\" href=\"https:\/\/fuentesfidedignas.com.mx\/index.php\/2026\/09\/05\/encabeza-ana-miriam-ramos-la-jornada-de-salud-y-servicios-del-sistema-dif-culiacan\/\" \/>\n<meta property=\"og:locale\" content=\"es_MX\" \/>\n<meta property=\"og:type\" content=\"article\" \/>\n<meta property=\"og:title\" content=\"Encabeza Ana Miriam Ramos la Jornada de Salud y Servicios del Sistema DIF Culiac\u00e1n - Fuentes Fidedignas\" \/>\n<meta property=\"og:description\" content=\"En esta edici\u00f3n se entregaron aparatos ortop\u00e9dicos, adem\u00e1s de brindar atenci\u00f3n m\u00e9dica y psicol\u00f3gica, gestionar servicios p\u00fablicos y contar con el acompa\u00f1amiento de la Guardia Nacional. Culiac\u00e1n, Sinaloa.- El acercamiento con la ciudadan\u00eda y la atenci\u00f3n a sus principales necesidades se mantienen como un eje prioritario para la alcaldesa Ana Miriam Ramos Villarreal, al encabezar [&hellip;]\" \/>\n<meta property=\"og:url\" content=\"https:\/\/fuentesfidedignas.com.mx\/index.php\/2026\/09\/05\/encabeza-ana-miriam-ramos-la-jornada-de-salud-y-servicios-del-sistema-dif-culiacan\/\" \/>\n<meta property=\"og:site_name\" content=\"Fuentes Fidedignas\" \/>\n<meta property=\"article:publisher\" content=\"https:\/\/www.facebook.com\/Fuentes-Fidedignas-368234489921644\" \/>\n<meta property=\"article:published_time\" content=\"2026-09-05T18:27:01+00:00\" \/>\n<meta property=\"og:image\" content=\"https:\/\/fuentesfidedignas.com.mx\/wp-content\/uploads\/2026\/09\/707f57d6-6246-4194-8d63-9e48abcc7acf.jpeg\" \/>\n\t<meta property=\"og:image:width\" content=\"1280\" \/>\n\t<meta property=\"og:image:height\" content=\"854\" \/>\n\t<meta property=\"og:image:type\" content=\"image\/jpeg\" \/>\n<meta name=\"author\" content=\"Redacci\u00f3n\" \/>\n<meta name=\"twitter:card\" content=\"summary_large_image\" \/>\n<meta name=\"twitter:creator\" content=\"@fidedignas\" \/>\n<meta name=\"twitter:site\" content=\"@fidedignas\" \/>\n<meta name=\"twitter:label1\" content=\"Escrito por\" \/>\n\t<meta name=\"twitter:data1\" content=\"Redacci\u00f3n\" \/>\n\t<meta name=\"twitter:label2\" content=\"Tiempo de lectura\" \/>\n\t<meta name=\"twitter:data2\" content=\"2 minutos\" \/>\n<script type=\"application\/ld+json\" class=\"yoast-schema-graph\">{\"@context\":\"https:\\\/\\\/schema.org\",\"@graph\":[{\"@type\":\"Article\",\"@id\":\"https:\\\/\\\/fuentesfidedignas.com.mx\\\/index.php\\\/2026\\\/09\\\/05\\\/encabeza-ana-miriam-ramos-la-jornada-de-salud-y-servicios-del-sistema-dif-culiacan\\\/#article\",\"isPartOf\":{\"@id\":\"https:\\\/\\\/fuentesfidedignas.com.mx\\\/index.php\\\/2026\\\/09\\\/05\\\/encabeza-ana-miriam-ramos-la-jornada-de-salud-y-servicios-del-sistema-dif-culiacan\\\/\"},\"author\":{\"name\":\"Redacci\u00f3n\",\"@id\":\"https:\\\/\\\/fuentesfidedignas.com.mx\\\/#\\\/schema\\\/person\\\/331be9283d37198e2acd5750279085b0\"},\"headline\":\"Encabeza Ana Miriam Ramos la Jornada de Salud y Servicios del Sistema DIF Culiac\u00e1n\",\"datePublished\":\"2026-09-05T18:27:01+00:00\",\"mainEntityOfPage\":{\"@id\":\"https:\\\/\\\/fuentesfidedignas.com.mx\\\/index.php\\\/2026\\\/09\\\/05\\\/encabeza-ana-miriam-ramos-la-jornada-de-salud-y-servicios-del-sistema-dif-culiacan\\\/\"},\"wordCount\":337,\"publisher\":{\"@id\":\"https:\\\/\\\/fuentesfidedignas.com.mx\\\/#organization\"},\"image\":{\"@id\":\"https:\\\/\\\/fuentesfidedignas.com.mx\\\/index.php\\\/2026\\\/09\\\/05\\\/encabeza-ana-miriam-ramos-la-jornada-de-salud-y-servicios-del-sistema-dif-culiacan\\\/#primaryimage\"},\"thumbnailUrl\":\"https:\\\/\\\/fuentesfidedignas.com.mx\\\/wp-content\\\/uploads\\\/2026\\\/09\\\/707f57d6-6246-4194-8d63-9e48abcc7acf.jpeg\",\"articleSection\":[\"NOTA PRINCIPAL\"],\"inLanguage\":\"es\"},{\"@type\":\"WebPage\",\"@id\":\"https:\\\/\\\/fuentesfidedignas.com.mx\\\/index.php\\\/2026\\\/09\\\/05\\\/encabeza-ana-miriam-ramos-la-jornada-de-salud-y-servicios-del-sistema-dif-culiacan\\\/\",\"url\":\"https:\\\/\\\/fuentesfidedignas.com.mx\\\/index.php\\\/2026\\\/09\\\/05\\\/encabeza-ana-miriam-ramos-la-jornada-de-salud-y-servicios-del-sistema-dif-culiacan\\\/\",\"name\":\"Encabeza Ana Miriam Ramos la Jornada de Salud y Servicios del Sistema DIF Culiac\u00e1n - Fuentes Fidedignas\",\"isPartOf\":{\"@id\":\"https:\\\/\\\/fuentesfidedignas.com.mx\\\/#website\"},\"primaryImageOfPage\":{\"@id\":\"https:\\\/\\\/fuentesfidedignas.com.mx\\\/index.php\\\/2026\\\/09\\\/05\\\/encabeza-ana-miriam-ramos-la-jornada-de-salud-y-servicios-del-sistema-dif-culiacan\\\/#primaryimage\"},\"image\":{\"@id\":\"https:\\\/\\\/fuentesfidedignas.com.mx\\\/index.php\\\/2026\\\/09\\\/05\\\/encabeza-ana-miriam-ramos-la-jornada-de-salud-y-servicios-del-sistema-dif-culiacan\\\/#primaryimage\"},\"thumbnailUrl\":\"https:\\\/\\\/fuentesfidedignas.com.mx\\\/wp-content\\\/uploads\\\/2026\\\/09\\\/707f57d6-6246-4194-8d63-9e48abcc7acf.jpeg\",\"datePublished\":\"2026-09-05T18:27:01+00:00\",\"breadcrumb\":{\"@id\":\"https:\\\/\\\/fuentesfidedignas.com.mx\\\/index.php\\\/2026\\\/09\\\/05\\\/encabeza-ana-miriam-ramos-la-jornada-de-salud-y-servicios-del-sistema-dif-culiacan\\\/#breadcrumb\"},\"inLanguage\":\"es\",\"potentialAction\":[{\"@type\":\"ReadAction\",\"target\":[\"https:\\\/\\\/fuentesfidedignas.com.mx\\\/index.php\\\/2026\\\/09\\\/05\\\/encabeza-ana-miriam-ramos-la-jornada-de-salud-y-servicios-del-sistema-dif-culiacan\\\/\"]}]},{\"@type\":\"ImageObject\",\"inLanguage\":\"es\",\"@id\":\"https:\\\/\\\/fuentesfidedignas.com.mx\\\/index.php\\\/2026\\\/09\\\/05\\\/encabeza-ana-miriam-ramos-la-jornada-de-salud-y-servicios-del-sistema-dif-culiacan\\\/#primaryimage\",\"url\":\"https:\\\/\\\/fuentesfidedignas.com.mx\\\/wp-content\\\/uploads\\\/2026\\\/09\\\/707f57d6-6246-4194-8d63-9e48abcc7acf.jpeg\",\"contentUrl\":\"https:\\\/\\\/fuentesfidedignas.com.mx\\\/wp-content\\\/uploads\\\/2026\\\/09\\\/707f57d6-6246-4194-8d63-9e48abcc7acf.jpeg\",\"width\":1280,\"height\":854},{\"@type\":\"BreadcrumbList\",\"@id\":\"https:\\\/\\\/fuentesfidedignas.com.mx\\\/index.php\\\/2026\\\/09\\\/05\\\/encabeza-ana-miriam-ramos-la-jornada-de-salud-y-servicios-del-sistema-dif-culiacan\\\/#breadcrumb\",\"itemListElement\":[{\"@type\":\"ListItem\",\"position\":1,\"name\":\"Inicio\",\"item\":\"https:\\\/\\\/fuentesfidedignas.com.mx\\\/\"},{\"@type\":\"ListItem\",\"position\":2,\"name\":\"Encabeza Ana Miriam Ramos la Jornada de Salud y Servicios del Sistema DIF Culiac\u00e1n\"}]},{\"@type\":\"WebSite\",\"@id\":\"https:\\\/\\\/fuentesfidedignas.com.mx\\\/#website\",\"url\":\"https:\\\/\\\/fuentesfidedignas.com.mx\\\/\",\"name\":\"Fuentes Fidedignas\",\"description\":\"Otro sitio realizado con WordPress\",\"publisher\":{\"@id\":\"https:\\\/\\\/fuentesfidedignas.com.mx\\\/#organization\"},\"potentialAction\":[{\"@type\":\"SearchAction\",\"target\":{\"@type\":\"EntryPoint\",\"urlTemplate\":\"https:\\\/\\\/fuentesfidedignas.com.mx\\\/?s={search_term_string}\"},\"query-input\":{\"@type\":\"PropertyValueSpecification\",\"valueRequired\":true,\"valueName\":\"search_term_string\"}}],\"inLanguage\":\"es\"},{\"@type\":\"Organization\",\"@id\":\"https:\\\/\\\/fuentesfidedignas.com.mx\\\/#organization\",\"name\":\"Fuentes Fidedignas\",\"url\":\"https:\\\/\\\/fuentesfidedignas.com.mx\\\/\",\"logo\":{\"@type\":\"ImageObject\",\"inLanguage\":\"es\",\"@id\":\"https:\\\/\\\/fuentesfidedignas.com.mx\\\/#\\\/schema\\\/logo\\\/image\\\/\",\"url\":\"https:\\\/\\\/fuentesfidedignas.com.mx\\\/wp-content\\\/uploads\\\/2021\\\/04\\\/logo-retina.png\",\"contentUrl\":\"https:\\\/\\\/fuentesfidedignas.com.mx\\\/wp-content\\\/uploads\\\/2021\\\/04\\\/logo-retina.png\",\"width\":280,\"height\":51,\"caption\":\"Fuentes Fidedignas\"},\"image\":{\"@id\":\"https:\\\/\\\/fuentesfidedignas.com.mx\\\/#\\\/schema\\\/logo\\\/image\\\/\"},\"sameAs\":[\"https:\\\/\\\/www.facebook.com\\\/Fuentes-Fidedignas-368234489921644\",\"https:\\\/\\\/x.com\\\/fidedignas\"]},{\"@type\":\"Person\",\"@id\":\"https:\\\/\\\/fuentesfidedignas.com.mx\\\/#\\\/schema\\\/person\\\/331be9283d37198e2acd5750279085b0\",\"name\":\"Redacci\u00f3n\",\"image\":{\"@type\":\"ImageObject\",\"inLanguage\":\"es\",\"@id\":\"https:\\\/\\\/secure.gravatar.com\\\/avatar\\\/f6d8782c11d12b2d4ad3fbb6931aeab5309937a4d6cd2fc9cfaa28a6396a5aec?s=96&d=mm&r=g\",\"url\":\"https:\\\/\\\/secure.gravatar.com\\\/avatar\\\/f6d8782c11d12b2d4ad3fbb6931aeab5309937a4d6cd2fc9cfaa28a6396a5aec?s=96&d=mm&r=g\",\"contentUrl\":\"https:\\\/\\\/secure.gravatar.com\\\/avatar\\\/f6d8782c11d12b2d4ad3fbb6931aeab5309937a4d6cd2fc9cfaa28a6396a5aec?s=96&d=mm&r=g\",\"caption\":\"Redacci\u00f3n\"},\"url\":\"https:\\\/\\\/fuentesfidedignas.com.mx\\\/index.php\\\/author\\\/redaccion\\\/\"}]}<\/script>\n<!-- \/ Yoast SEO plugin. -->","yoast_head_json":{"title":"Encabeza Ana Miriam Ramos la Jornada de Salud y Servicios del Sistema DIF Culiac\u00e1n - Fuentes Fidedignas","robots":{"index":"index","follow":"follow","max-snippet":"max-snippet:-1","max-image-preview":"max-image-preview:large","max-video-preview":"max-video-preview:-1"},"canonical":"https:\/\/fuentesfidedignas.com.mx\/index.php\/2026\/09\/05\/encabeza-ana-miriam-ramos-la-jornada-de-salud-y-servicios-del-sistema-dif-culiacan\/","og_locale":"es_MX","og_type":"article","og_title":"Encabeza Ana Miriam Ramos la Jornada de Salud y Servicios del Sistema DIF Culiac\u00e1n - Fuentes Fidedignas","og_description":"En esta edici\u00f3n se entregaron aparatos ortop\u00e9dicos, adem\u00e1s de brindar atenci\u00f3n m\u00e9dica y psicol\u00f3gica, gestionar servicios p\u00fablicos y contar con el acompa\u00f1amiento de la Guardia Nacional. Culiac\u00e1n, Sinaloa.- El acercamiento con la ciudadan\u00eda y la atenci\u00f3n a sus principales necesidades se mantienen como un eje prioritario para la alcaldesa Ana Miriam Ramos Villarreal, al encabezar [&hellip;]","og_url":"https:\/\/fuentesfidedignas.com.mx\/index.php\/2026\/09\/05\/encabeza-ana-miriam-ramos-la-jornada-de-salud-y-servicios-del-sistema-dif-culiacan\/","og_site_name":"Fuentes Fidedignas","article_publisher":"https:\/\/www.facebook.com\/Fuentes-Fidedignas-368234489921644","article_published_time":"2026-09-05T18:27:01+00:00","og_image":[{"width":1280,"height":854,"url":"https:\/\/fuentesfidedignas.com.mx\/wp-content\/uploads\/2026\/09\/707f57d6-6246-4194-8d63-9e48abcc7acf.jpeg","type":"image\/jpeg"}],"author":"Redacci\u00f3n","twitter_card":"summary_large_image","twitter_creator":"@fidedignas","twitter_site":"@fidedignas","twitter_misc":{"Escrito por":"Redacci\u00f3n","Tiempo de lectura":"2 minutos"},"schema":{"@context":"https:\/\/schema.org","@graph":[{"@type":"Article","@id":"https:\/\/fuentesfidedignas.com.mx\/index.php\/2026\/09\/05\/encabeza-ana-miriam-ramos-la-jornada-de-salud-y-servicios-del-sistema-dif-culiacan\/#article","isPartOf":{"@id":"https:\/\/fuentesfidedignas.com.mx\/index.php\/2026\/09\/05\/encabeza-ana-miriam-ramos-la-jornada-de-salud-y-servicios-del-sistema-dif-culiacan\/"},"author":{"name":"Redacci\u00f3n","@id":"https:\/\/fuentesfidedignas.com.mx\/#\/schema\/person\/331be9283d37198e2acd5750279085b0"},"headline":"Encabeza Ana Miriam Ramos la Jornada de Salud y Servicios del Sistema DIF Culiac\u00e1n","datePublished":"2026-09-05T18:27:01+00:00","mainEntityOfPage":{"@id":"https:\/\/fuentesfidedignas.com.mx\/index.php\/2026\/09\/05\/encabeza-ana-miriam-ramos-la-jornada-de-salud-y-servicios-del-sistema-dif-culiacan\/"},"wordCount":337,"publisher":{"@id":"https:\/\/fuentesfidedignas.com.mx\/#organization"},"image":{"@id":"https:\/\/fuentesfidedignas.com.mx\/index.php\/2026\/09\/05\/encabeza-ana-miriam-ramos-la-jornada-de-salud-y-servicios-del-sistema-dif-culiacan\/#primaryimage"},"thumbnailUrl":"https:\/\/fuentesfidedignas.com.mx\/wp-content\/uploads\/2026\/09\/707f57d6-6246-4194-8d63-9e48abcc7acf.jpeg","articleSection":["NOTA PRINCIPAL"],"inLanguage":"es"},{"@type":"WebPage","@id":"https:\/\/fuentesfidedignas.com.mx\/index.php\/2026\/09\/05\/encabeza-ana-miriam-ramos-la-jornada-de-salud-y-servicios-del-sistema-dif-culiacan\/","url":"https:\/\/fuentesfidedignas.com.mx\/index.php\/2026\/09\/05\/encabeza-ana-miriam-ramos-la-jornada-de-salud-y-servicios-del-sistema-dif-culiacan\/","name":"Encabeza Ana Miriam Ramos la Jornada de Salud y Servicios del Sistema DIF Culiac\u00e1n - Fuentes Fidedignas","isPartOf":{"@id":"https:\/\/fuentesfidedignas.com.mx\/#website"},"primaryImageOfPage":{"@id":"https:\/\/fuentesfidedignas.com.mx\/index.php\/2026\/09\/05\/encabeza-ana-miriam-ramos-la-jornada-de-salud-y-servicios-del-sistema-dif-culiacan\/#primaryimage"},"image":{"@id":"https:\/\/fuentesfidedignas.com.mx\/index.php\/2026\/09\/05\/encabeza-ana-miriam-ramos-la-jornada-de-salud-y-servicios-del-sistema-dif-culiacan\/#primaryimage"},"thumbnailUrl":"https:\/\/fuentesfidedignas.com.mx\/wp-content\/uploads\/2026\/09\/707f57d6-6246-4194-8d63-9e48abcc7acf.jpeg","datePublished":"2026-09-05T18:27:01+00:00","breadcrumb":{"@id":"https:\/\/fuentesfidedignas.com.mx\/index.php\/2026\/09\/05\/encabeza-ana-miriam-ramos-la-jornada-de-salud-y-servicios-del-sistema-dif-culiacan\/#breadcrumb"},"inLanguage":"es","potentialAction":[{"@type":"ReadAction","target":["https:\/\/fuentesfidedignas.com.mx\/index.php\/2026\/09\/05\/encabeza-ana-miriam-ramos-la-jornada-de-salud-y-servicios-del-sistema-dif-culiacan\/"]}]},{"@type":"ImageObject","inLanguage":"es","@id":"https:\/\/fuentesfidedignas.com.mx\/index.php\/2026\/09\/05\/encabeza-ana-miriam-ramos-la-jornada-de-salud-y-servicios-del-sistema-dif-culiacan\/#primaryimage","url":"https:\/\/fuentesfidedignas.com.mx\/wp-content\/uploads\/2026\/09\/707f57d6-6246-4194-8d63-9e48abcc7acf.jpeg","contentUrl":"https:\/\/fuentesfidedignas.com.mx\/wp-content\/uploads\/2026\/09\/707f57d6-6246-4194-8d63-9e48abcc7acf.jpeg","width":1280,"height":854},{"@type":"BreadcrumbList","@id":"https:\/\/fuentesfidedignas.com.mx\/index.php\/2026\/09\/05\/encabeza-ana-miriam-ramos-la-jornada-de-salud-y-servicios-del-sistema-dif-culiacan\/#breadcrumb","itemListElement":[{"@type":"ListItem","position":1,"name":"Inicio","item":"https:\/\/fuentesfidedignas.com.mx\/"},{"@type":"ListItem","position":2,"name":"Encabeza Ana Miriam Ramos la Jornada de Salud y Servicios del Sistema DIF Culiac\u00e1n"}]},{"@type":"WebSite","@id":"https:\/\/fuentesfidedignas.com.mx\/#website","url":"https:\/\/fuentesfidedignas.com.mx\/","name":"Fuentes Fidedignas","description":"Otro sitio realizado con WordPress","publisher":{"@id":"https:\/\/fuentesfidedignas.com.mx\/#organization"},"potentialAction":[{"@type":"SearchAction","target":{"@type":"EntryPoint","urlTemplate":"https:\/\/fuentesfidedignas.com.mx\/?s={search_term_string}"},"query-input":{"@type":"PropertyValueSpecification","valueRequired":true,"valueName":"search_term_string"}}],"inLanguage":"es"},{"@type":"Organization","@id":"https:\/\/fuentesfidedignas.com.mx\/#organization","name":"Fuentes Fidedignas","url":"https:\/\/fuentesfidedignas.com.mx\/","logo":{"@type":"ImageObject","inLanguage":"es","@id":"https:\/\/fuentesfidedignas.com.mx\/#\/schema\/logo\/image\/","url":"https:\/\/fuentesfidedignas.com.mx\/wp-content\/uploads\/2021\/04\/logo-retina.png","contentUrl":"https:\/\/fuentesfidedignas.com.mx\/wp-content\/uploads\/2021\/04\/logo-retina.png","width":280,"height":51,"caption":"Fuentes Fidedignas"},"image":{"@id":"https:\/\/fuentesfidedignas.com.mx\/#\/schema\/logo\/image\/"},"sameAs":["https:\/\/www.facebook.com\/Fuentes-Fidedignas-368234489921644","https:\/\/x.com\/fidedignas"]},{"@type":"Person","@id":"https:\/\/fuentesfidedignas.com.mx\/#\/schema\/person\/331be9283d37198e2acd5750279085b0","name":"Redacci\u00f3n","image":{"@type":"ImageObject","inLanguage":"es","@id":"https:\/\/secure.gravatar.com\/avatar\/f6d8782c11d12b2d4ad3fbb6931aeab5309937a4d6cd2fc9cfaa28a6396a5aec?s=96&d=mm&r=g","url":"https:\/\/secure.gravatar.com\/avatar\/f6d8782c11d12b2d4ad3fbb6931aeab5309937a4d6cd2fc9cfaa28a6396a5aec?s=96&d=mm&r=g","contentUrl":"https:\/\/secure.gravatar.com\/avatar\/f6d8782c11d12b2d4ad3fbb6931aeab5309937a4d6cd2fc9cfaa28a6396a5aec?s=96&d=mm&r=g","caption":"Redacci\u00f3n"},"url":"https:\/\/fuentesfidedignas.com.mx\/index.php\/author\/redaccion\/"}]}},"_links":{"self":[{"href":"https:\/\/fuentesfidedignas.com.mx\/index.php\/wp-json\/wp\/v2\/posts\/141718","targetHints":{"allow":["GET"]}}],"collection":[{"href":"https:\/\/fuentesfidedignas.com.mx\/index.php\/wp-json\/wp\/v2\/posts"}],"about":[{"href":"https:\/\/fuentesfidedignas.com.mx\/index.php\/wp-json\/wp\/v2\/types\/post"}],"author":[{"embeddable":true,"href":"https:\/\/fuentesfidedignas.com.mx\/index.php\/wp-json\/wp\/v2\/users\/4"}],"replies":[{"embeddable":true,"href":"https:\/\/fuentesfidedignas.com.mx\/index.php\/wp-json\/wp\/v2\/comments?post=141718"}],"version-history":[{"count":1,"href":"https:\/\/fuentesfidedignas.com.mx\/index.php\/wp-json\/wp\/v2\/posts\/141718\/revisions"}],"predecessor-version":[{"id":141719,"href":"https:\/\/fuentesfidedignas.com.mx\/index.php\/wp-json\/wp\/v2\/posts\/141718\/revisions\/141719"}],"wp:featuredmedia":[{"embeddable":true,"href":"https:\/\/fuentesfidedignas.com.mx\/index.php\/wp-json\/wp\/v2\/media\/141717"}],"wp:attachment":[{"href":"https:\/\/fuentesfidedignas.com.mx\/index.php\/wp-json\/wp\/v2\/media?parent=141718"}],"wp:term":[{"taxonomy":"category","embeddable":true,"href":"https:\/\/fuentesfidedignas.com.mx\/index.php\/wp-json\/wp\/v2\/categories?post=141718"},{"taxonomy":"post_tag","embeddable":true,"href":"https:\/\/fuentesfidedignas.com.mx\/index.php\/wp-json\/wp\/v2\/tags?post=141718"}],"curies":[{"name":"wp","href":"https:\/\/api.w.org\/{rel}","templated":true}]}}