{"id":141710,"date":"2026-09-05T09:28:18","date_gmt":"2026-09-05T16:28:18","guid":{"rendered":"https:\/\/fuentesfidedignas.com.mx\/?p=141710"},"modified":"2026-09-05T09:34:55","modified_gmt":"2026-09-05T16:34:55","slug":"cinco-carros-fueron-rescatados-tras-lluvias-registradas-durante-la-noche-en-culiacan","status":"publish","type":"post","link":"https:\/\/fuentesfidedignas.com.mx\/index.php\/2026\/09\/05\/cinco-carros-fueron-rescatados-tras-lluvias-registradas-durante-la-noche-en-culiacan\/","title":{"rendered":"Cinco carros fueron rescatados tras lluvias registradas durante la noche en Culiac\u00e1n"},"content":{"rendered":"\n<p class=\"wp-block-paragraph\"><\/p>\n\n\n\n<p class=\"wp-block-paragraph\"><em>Se realizaron 34 recorridos preventivos y atendieron diversos reportes; cinco veh\u00edculos fueron rescatados de cauces y todas las personas involucradas se encuentran a salvo.<\/em><\/p>\n\n\n\n<p class=\"wp-block-paragraph\">Culiac\u00e1n, Sinaloa.- Luego de las lluvias intensas y fuertes vientos registrados durante la noche del viernes en distintos sectores del municipio, personal de la Coordinaci\u00f3n Municipal de Protecci\u00f3n Civil de Culiac\u00e1n mantiene recorridos preventivos y monitoreo de arroyos, canales y zonas susceptibles de inundaci\u00f3n.<\/p>\n\n\n\n<p class=\"wp-block-paragraph\">Como parte de las acciones realizadas durante la jornada, se atendieron cinco veh\u00edculos varados en cauces de arroyos y canales pluviales, ubicados en las colonias Rinc\u00f3n de Alameda, Buenos Aires, Popular, Valle Bonito y Emiliano Zapata. En estos casos se realizaron labores de rescate de los ocupantes, quienes se encuentran fuera de peligro y sin lesiones.<\/p>\n\n\n\n<p class=\"wp-block-paragraph\">Asimismo, se atendieron reportes por cinco \u00e1rboles ca\u00eddos sobre vialidades y un veh\u00edculo, en las colonias Infonavit Humaya, Guadalupe Victoria, Las Quintas, Miguel Hidalgo y Josefa Ortiz de Dom\u00ednguez. Los casos fueron canalizados a la Direcci\u00f3n de Parques y Jardines y, en uno de ellos, se cont\u00f3 con la intervenci\u00f3n de personal del Ej\u00e9rcito Mexicano.<\/p>\n\n\n\n<figure class=\"wp-block-image size-large\"><img decoding=\"async\" width=\"1024\" height=\"576\" src=\"https:\/\/fuentesfidedignas.com.mx\/wp-content\/uploads\/2026\/09\/f7f96d5d-fef0-4a6a-9bb6-a340770232fd-1024x576.jpeg\" class=\"wp-image-141709\" srcset=\"https:\/\/fuentesfidedignas.com.mx\/wp-content\/uploads\/2026\/09\/f7f96d5d-fef0-4a6a-9bb6-a340770232fd-1024x576.jpeg 1024w, https:\/\/fuentesfidedignas.com.mx\/wp-content\/uploads\/2026\/09\/f7f96d5d-fef0-4a6a-9bb6-a340770232fd-300x169.jpeg 300w, https:\/\/fuentesfidedignas.com.mx\/wp-content\/uploads\/2026\/09\/f7f96d5d-fef0-4a6a-9bb6-a340770232fd-768x432.jpeg 768w, https:\/\/fuentesfidedignas.com.mx\/wp-content\/uploads\/2026\/09\/f7f96d5d-fef0-4a6a-9bb6-a340770232fd-747x420.jpeg 747w, https:\/\/fuentesfidedignas.com.mx\/wp-content\/uploads\/2026\/09\/f7f96d5d-fef0-4a6a-9bb6-a340770232fd-600x338.jpeg 600w, https:\/\/fuentesfidedignas.com.mx\/wp-content\/uploads\/2026\/09\/f7f96d5d-fef0-4a6a-9bb6-a340770232fd-696x392.jpeg 696w, https:\/\/fuentesfidedignas.com.mx\/wp-content\/uploads\/2026\/09\/f7f96d5d-fef0-4a6a-9bb6-a340770232fd-1068x601.jpeg 1068w, https:\/\/fuentesfidedignas.com.mx\/wp-content\/uploads\/2026\/09\/f7f96d5d-fef0-4a6a-9bb6-a340770232fd.jpeg 1280w\" sizes=\"(max-width: 1024px) 100vw, 1024px\" \/><\/figure>\n\n\n\n<p class=\"wp-block-paragraph\">Entre las incidencias tambi\u00e9n se report\u00f3 un poste quebrado sobre la avenida Xicot\u00e9ncatl, en la colonia Periodistas, sostenido por cableado de telecomunicaciones, por lo que el caso fue canalizado a Telmex.<\/p>\n\n\n\n<p class=\"wp-block-paragraph\">De igual manera, se atendi\u00f3 un registro con tapa desplazada en el cruce de avenida Nicol\u00e1s Bravo y bulevar Ciudades Hermanas, as\u00ed como un socav\u00f3n sobre la vialidad en calle Estado de Veracruz y bulevar Eldorado, en la colonia Las Quintas, situaci\u00f3n que fue canalizada a JAPAC y a la Secretar\u00eda de Obras y Servicios P\u00fablicos.<\/p>\n\n\n\n<p class=\"wp-block-paragraph\">Tambi\u00e9n se report\u00f3 un transformador da\u00f1ado en un cuarto de m\u00e1quinas ubicado sobre el bulevar Rolando Arjona Amabilis, en la colonia El Vallado, donde se cont\u00f3 con apoyo de Bomberos Culiac\u00e1n.<\/p>\n\n\n\n<p class=\"wp-block-paragraph\">Respecto al comportamiento de los cauces, el arroyo Agustina Ram\u00edrez registra entre 80 y 100 por ciento de su capacidad, mientras que el arroyo Capistrano alcanz\u00f3 el 100 por ciento. Tambi\u00e9n se reportan niveles altos en los arroyos El Piojo, Dren Bacurim\u00ed y otros cauces, adem\u00e1s de un desbordamiento sobre calle Escobedo, en la colonia Miguel Hidalgo.<\/p>\n\n\n\n<p class=\"wp-block-paragraph\">Por seguridad, se mantiene sin paso vehicular en algunos puntos de arroyos y canales, entre ellos Hilario Medina y Sexta, Alberto Terrones y Tarahumaras. El Parque Acu\u00e1tico tambi\u00e9n permanece completamente inundado.<\/p>\n\n\n\n<p class=\"wp-block-paragraph\">Durante la jornada se realizaron 34 recorridos preventivos para identificar condiciones de riesgo y brindar atenci\u00f3n oportuna a la poblaci\u00f3n.<\/p>\n\n\n\n<p class=\"wp-block-paragraph\">La Coordinaci\u00f3n Municipal de Protecci\u00f3n Civil mantiene el monitoreo permanente de arroyos, canales y zonas de riesgo, por lo que exhorta a la ciudadan\u00eda a extremar precauciones, evitar cruzar cauces de agua y no circular por vialidades con acumulaci\u00f3n de agua.<\/p>\n\n\n\n<p class=\"wp-block-paragraph\">Ante cualquier situaci\u00f3n de emergencia, se recomienda comunicarse al 911 y mantenerse informada a trav\u00e9s de los canales oficiales de las autoridades.<\/p>\n\n\n\n<p class=\"wp-block-paragraph\"><\/p>\n","protected":false},"excerpt":{"rendered":"<p>Se realizaron 34 recorridos preventivos y atendieron diversos reportes; cinco veh\u00edculos fueron rescatados de cauces y todas las personas involucradas se encuentran a salvo. Culiac\u00e1n, Sinaloa.- Luego de las lluvias intensas y fuertes vientos registrados durante la noche del viernes en distintos sectores del municipio, personal de la Coordinaci\u00f3n Municipal de Protecci\u00f3n Civil de Culiac\u00e1n [&hellip;]<\/p>\n","protected":false},"author":4,"featured_media":141713,"comment_status":"closed","ping_status":"open","sticky":false,"template":"","format":"standard","meta":{"tdm_status":"","tdm_grid_status":"","footnotes":""},"categories":[37],"tags":[],"class_list":["post-141710","post","type-post","status-publish","format-standard","has-post-thumbnail","category-nota-principal"],"yoast_head":"<!-- This site is optimized with the Yoast SEO plugin v28.4 - https:\/\/yoast.com\/product\/yoast-seo-wordpress\/ -->\n<title>Cinco carros fueron rescatados tras lluvias registradas durante la noche en Culiac\u00e1n - Fuentes Fidedignas<\/title>\n<meta name=\"robots\" content=\"index, follow, max-snippet:-1, max-image-preview:large, max-video-preview:-1\" \/>\n<link rel=\"canonical\" href=\"https:\/\/fuentesfidedignas.com.mx\/index.php\/2026\/09\/05\/cinco-carros-fueron-rescatados-tras-lluvias-registradas-durante-la-noche-en-culiacan\/\" \/>\n<meta property=\"og:locale\" content=\"es_MX\" \/>\n<meta property=\"og:type\" content=\"article\" \/>\n<meta property=\"og:title\" content=\"Cinco carros fueron rescatados tras lluvias registradas durante la noche en Culiac\u00e1n - Fuentes Fidedignas\" \/>\n<meta property=\"og:description\" content=\"Se realizaron 34 recorridos preventivos y atendieron diversos reportes; cinco veh\u00edculos fueron rescatados de cauces y todas las personas involucradas se encuentran a salvo. Culiac\u00e1n, Sinaloa.- Luego de las lluvias intensas y fuertes vientos registrados durante la noche del viernes en distintos sectores del municipio, personal de la Coordinaci\u00f3n Municipal de Protecci\u00f3n Civil de Culiac\u00e1n [&hellip;]\" \/>\n<meta property=\"og:url\" content=\"https:\/\/fuentesfidedignas.com.mx\/index.php\/2026\/09\/05\/cinco-carros-fueron-rescatados-tras-lluvias-registradas-durante-la-noche-en-culiacan\/\" \/>\n<meta property=\"og:site_name\" content=\"Fuentes Fidedignas\" \/>\n<meta property=\"article:publisher\" content=\"https:\/\/www.facebook.com\/Fuentes-Fidedignas-368234489921644\" \/>\n<meta property=\"article:published_time\" content=\"2026-09-05T16:28:18+00:00\" \/>\n<meta property=\"article:modified_time\" content=\"2026-09-05T16:34:55+00:00\" \/>\n<meta property=\"og:image\" content=\"https:\/\/fuentesfidedignas.com.mx\/wp-content\/uploads\/2026\/09\/img_8910.jpeg\" \/>\n\t<meta property=\"og:image:width\" content=\"1170\" \/>\n\t<meta property=\"og:image:height\" content=\"871\" \/>\n\t<meta property=\"og:image:type\" content=\"image\/jpeg\" \/>\n<meta name=\"author\" content=\"Redacci\u00f3n\" \/>\n<meta name=\"twitter:card\" content=\"summary_large_image\" \/>\n<meta name=\"twitter:creator\" content=\"@fidedignas\" \/>\n<meta name=\"twitter:site\" content=\"@fidedignas\" \/>\n<meta name=\"twitter:label1\" content=\"Escrito por\" \/>\n\t<meta name=\"twitter:data1\" content=\"Redacci\u00f3n\" \/>\n\t<meta name=\"twitter:label2\" content=\"Tiempo de lectura\" \/>\n\t<meta name=\"twitter:data2\" content=\"3 minutos\" \/>\n<script type=\"application\/ld+json\" class=\"yoast-schema-graph\">{\"@context\":\"https:\\\/\\\/schema.org\",\"@graph\":[{\"@type\":\"Article\",\"@id\":\"https:\\\/\\\/fuentesfidedignas.com.mx\\\/index.php\\\/2026\\\/09\\\/05\\\/cinco-carros-fueron-rescatados-tras-lluvias-registradas-durante-la-noche-en-culiacan\\\/#article\",\"isPartOf\":{\"@id\":\"https:\\\/\\\/fuentesfidedignas.com.mx\\\/index.php\\\/2026\\\/09\\\/05\\\/cinco-carros-fueron-rescatados-tras-lluvias-registradas-durante-la-noche-en-culiacan\\\/\"},\"author\":{\"name\":\"Redacci\u00f3n\",\"@id\":\"https:\\\/\\\/fuentesfidedignas.com.mx\\\/#\\\/schema\\\/person\\\/331be9283d37198e2acd5750279085b0\"},\"headline\":\"Cinco carros fueron rescatados tras lluvias registradas durante la noche en Culiac\u00e1n\",\"datePublished\":\"2026-09-05T16:28:18+00:00\",\"dateModified\":\"2026-09-05T16:34:55+00:00\",\"mainEntityOfPage\":{\"@id\":\"https:\\\/\\\/fuentesfidedignas.com.mx\\\/index.php\\\/2026\\\/09\\\/05\\\/cinco-carros-fueron-rescatados-tras-lluvias-registradas-durante-la-noche-en-culiacan\\\/\"},\"wordCount\":514,\"publisher\":{\"@id\":\"https:\\\/\\\/fuentesfidedignas.com.mx\\\/#organization\"},\"image\":{\"@id\":\"https:\\\/\\\/fuentesfidedignas.com.mx\\\/index.php\\\/2026\\\/09\\\/05\\\/cinco-carros-fueron-rescatados-tras-lluvias-registradas-durante-la-noche-en-culiacan\\\/#primaryimage\"},\"thumbnailUrl\":\"https:\\\/\\\/fuentesfidedignas.com.mx\\\/wp-content\\\/uploads\\\/2026\\\/09\\\/img_8910.jpeg\",\"articleSection\":[\"NOTA PRINCIPAL\"],\"inLanguage\":\"es\"},{\"@type\":\"WebPage\",\"@id\":\"https:\\\/\\\/fuentesfidedignas.com.mx\\\/index.php\\\/2026\\\/09\\\/05\\\/cinco-carros-fueron-rescatados-tras-lluvias-registradas-durante-la-noche-en-culiacan\\\/\",\"url\":\"https:\\\/\\\/fuentesfidedignas.com.mx\\\/index.php\\\/2026\\\/09\\\/05\\\/cinco-carros-fueron-rescatados-tras-lluvias-registradas-durante-la-noche-en-culiacan\\\/\",\"name\":\"Cinco carros fueron rescatados tras lluvias registradas durante la noche en Culiac\u00e1n - Fuentes Fidedignas\",\"isPartOf\":{\"@id\":\"https:\\\/\\\/fuentesfidedignas.com.mx\\\/#website\"},\"primaryImageOfPage\":{\"@id\":\"https:\\\/\\\/fuentesfidedignas.com.mx\\\/index.php\\\/2026\\\/09\\\/05\\\/cinco-carros-fueron-rescatados-tras-lluvias-registradas-durante-la-noche-en-culiacan\\\/#primaryimage\"},\"image\":{\"@id\":\"https:\\\/\\\/fuentesfidedignas.com.mx\\\/index.php\\\/2026\\\/09\\\/05\\\/cinco-carros-fueron-rescatados-tras-lluvias-registradas-durante-la-noche-en-culiacan\\\/#primaryimage\"},\"thumbnailUrl\":\"https:\\\/\\\/fuentesfidedignas.com.mx\\\/wp-content\\\/uploads\\\/2026\\\/09\\\/img_8910.jpeg\",\"datePublished\":\"2026-09-05T16:28:18+00:00\",\"dateModified\":\"2026-09-05T16:34:55+00:00\",\"breadcrumb\":{\"@id\":\"https:\\\/\\\/fuentesfidedignas.com.mx\\\/index.php\\\/2026\\\/09\\\/05\\\/cinco-carros-fueron-rescatados-tras-lluvias-registradas-durante-la-noche-en-culiacan\\\/#breadcrumb\"},\"inLanguage\":\"es\",\"potentialAction\":[{\"@type\":\"ReadAction\",\"target\":[\"https:\\\/\\\/fuentesfidedignas.com.mx\\\/index.php\\\/2026\\\/09\\\/05\\\/cinco-carros-fueron-rescatados-tras-lluvias-registradas-durante-la-noche-en-culiacan\\\/\"]}]},{\"@type\":\"ImageObject\",\"inLanguage\":\"es\",\"@id\":\"https:\\\/\\\/fuentesfidedignas.com.mx\\\/index.php\\\/2026\\\/09\\\/05\\\/cinco-carros-fueron-rescatados-tras-lluvias-registradas-durante-la-noche-en-culiacan\\\/#primaryimage\",\"url\":\"https:\\\/\\\/fuentesfidedignas.com.mx\\\/wp-content\\\/uploads\\\/2026\\\/09\\\/img_8910.jpeg\",\"contentUrl\":\"https:\\\/\\\/fuentesfidedignas.com.mx\\\/wp-content\\\/uploads\\\/2026\\\/09\\\/img_8910.jpeg\",\"width\":1170,\"height\":871},{\"@type\":\"BreadcrumbList\",\"@id\":\"https:\\\/\\\/fuentesfidedignas.com.mx\\\/index.php\\\/2026\\\/09\\\/05\\\/cinco-carros-fueron-rescatados-tras-lluvias-registradas-durante-la-noche-en-culiacan\\\/#breadcrumb\",\"itemListElement\":[{\"@type\":\"ListItem\",\"position\":1,\"name\":\"Inicio\",\"item\":\"https:\\\/\\\/fuentesfidedignas.com.mx\\\/\"},{\"@type\":\"ListItem\",\"position\":2,\"name\":\"Cinco carros fueron rescatados tras lluvias registradas durante la noche en Culiac\u00e1n\"}]},{\"@type\":\"WebSite\",\"@id\":\"https:\\\/\\\/fuentesfidedignas.com.mx\\\/#website\",\"url\":\"https:\\\/\\\/fuentesfidedignas.com.mx\\\/\",\"name\":\"Fuentes Fidedignas\",\"description\":\"Otro sitio realizado con WordPress\",\"publisher\":{\"@id\":\"https:\\\/\\\/fuentesfidedignas.com.mx\\\/#organization\"},\"potentialAction\":[{\"@type\":\"SearchAction\",\"target\":{\"@type\":\"EntryPoint\",\"urlTemplate\":\"https:\\\/\\\/fuentesfidedignas.com.mx\\\/?s={search_term_string}\"},\"query-input\":{\"@type\":\"PropertyValueSpecification\",\"valueRequired\":true,\"valueName\":\"search_term_string\"}}],\"inLanguage\":\"es\"},{\"@type\":\"Organization\",\"@id\":\"https:\\\/\\\/fuentesfidedignas.com.mx\\\/#organization\",\"name\":\"Fuentes Fidedignas\",\"url\":\"https:\\\/\\\/fuentesfidedignas.com.mx\\\/\",\"logo\":{\"@type\":\"ImageObject\",\"inLanguage\":\"es\",\"@id\":\"https:\\\/\\\/fuentesfidedignas.com.mx\\\/#\\\/schema\\\/logo\\\/image\\\/\",\"url\":\"https:\\\/\\\/fuentesfidedignas.com.mx\\\/wp-content\\\/uploads\\\/2021\\\/04\\\/logo-retina.png\",\"contentUrl\":\"https:\\\/\\\/fuentesfidedignas.com.mx\\\/wp-content\\\/uploads\\\/2021\\\/04\\\/logo-retina.png\",\"width\":280,\"height\":51,\"caption\":\"Fuentes Fidedignas\"},\"image\":{\"@id\":\"https:\\\/\\\/fuentesfidedignas.com.mx\\\/#\\\/schema\\\/logo\\\/image\\\/\"},\"sameAs\":[\"https:\\\/\\\/www.facebook.com\\\/Fuentes-Fidedignas-368234489921644\",\"https:\\\/\\\/x.com\\\/fidedignas\"]},{\"@type\":\"Person\",\"@id\":\"https:\\\/\\\/fuentesfidedignas.com.mx\\\/#\\\/schema\\\/person\\\/331be9283d37198e2acd5750279085b0\",\"name\":\"Redacci\u00f3n\",\"image\":{\"@type\":\"ImageObject\",\"inLanguage\":\"es\",\"@id\":\"https:\\\/\\\/secure.gravatar.com\\\/avatar\\\/f6d8782c11d12b2d4ad3fbb6931aeab5309937a4d6cd2fc9cfaa28a6396a5aec?s=96&d=mm&r=g\",\"url\":\"https:\\\/\\\/secure.gravatar.com\\\/avatar\\\/f6d8782c11d12b2d4ad3fbb6931aeab5309937a4d6cd2fc9cfaa28a6396a5aec?s=96&d=mm&r=g\",\"contentUrl\":\"https:\\\/\\\/secure.gravatar.com\\\/avatar\\\/f6d8782c11d12b2d4ad3fbb6931aeab5309937a4d6cd2fc9cfaa28a6396a5aec?s=96&d=mm&r=g\",\"caption\":\"Redacci\u00f3n\"},\"url\":\"https:\\\/\\\/fuentesfidedignas.com.mx\\\/index.php\\\/author\\\/redaccion\\\/\"}]}<\/script>\n<!-- \/ Yoast SEO plugin. -->","yoast_head_json":{"title":"Cinco carros fueron rescatados tras lluvias registradas durante la noche en Culiac\u00e1n - Fuentes Fidedignas","robots":{"index":"index","follow":"follow","max-snippet":"max-snippet:-1","max-image-preview":"max-image-preview:large","max-video-preview":"max-video-preview:-1"},"canonical":"https:\/\/fuentesfidedignas.com.mx\/index.php\/2026\/09\/05\/cinco-carros-fueron-rescatados-tras-lluvias-registradas-durante-la-noche-en-culiacan\/","og_locale":"es_MX","og_type":"article","og_title":"Cinco carros fueron rescatados tras lluvias registradas durante la noche en Culiac\u00e1n - Fuentes Fidedignas","og_description":"Se realizaron 34 recorridos preventivos y atendieron diversos reportes; cinco veh\u00edculos fueron rescatados de cauces y todas las personas involucradas se encuentran a salvo. Culiac\u00e1n, Sinaloa.- Luego de las lluvias intensas y fuertes vientos registrados durante la noche del viernes en distintos sectores del municipio, personal de la Coordinaci\u00f3n Municipal de Protecci\u00f3n Civil de Culiac\u00e1n [&hellip;]","og_url":"https:\/\/fuentesfidedignas.com.mx\/index.php\/2026\/09\/05\/cinco-carros-fueron-rescatados-tras-lluvias-registradas-durante-la-noche-en-culiacan\/","og_site_name":"Fuentes Fidedignas","article_publisher":"https:\/\/www.facebook.com\/Fuentes-Fidedignas-368234489921644","article_published_time":"2026-09-05T16:28:18+00:00","article_modified_time":"2026-09-05T16:34:55+00:00","og_image":[{"width":1170,"height":871,"url":"https:\/\/fuentesfidedignas.com.mx\/wp-content\/uploads\/2026\/09\/img_8910.jpeg","type":"image\/jpeg"}],"author":"Redacci\u00f3n","twitter_card":"summary_large_image","twitter_creator":"@fidedignas","twitter_site":"@fidedignas","twitter_misc":{"Escrito por":"Redacci\u00f3n","Tiempo de lectura":"3 minutos"},"schema":{"@context":"https:\/\/schema.org","@graph":[{"@type":"Article","@id":"https:\/\/fuentesfidedignas.com.mx\/index.php\/2026\/09\/05\/cinco-carros-fueron-rescatados-tras-lluvias-registradas-durante-la-noche-en-culiacan\/#article","isPartOf":{"@id":"https:\/\/fuentesfidedignas.com.mx\/index.php\/2026\/09\/05\/cinco-carros-fueron-rescatados-tras-lluvias-registradas-durante-la-noche-en-culiacan\/"},"author":{"name":"Redacci\u00f3n","@id":"https:\/\/fuentesfidedignas.com.mx\/#\/schema\/person\/331be9283d37198e2acd5750279085b0"},"headline":"Cinco carros fueron rescatados tras lluvias registradas durante la noche en Culiac\u00e1n","datePublished":"2026-09-05T16:28:18+00:00","dateModified":"2026-09-05T16:34:55+00:00","mainEntityOfPage":{"@id":"https:\/\/fuentesfidedignas.com.mx\/index.php\/2026\/09\/05\/cinco-carros-fueron-rescatados-tras-lluvias-registradas-durante-la-noche-en-culiacan\/"},"wordCount":514,"publisher":{"@id":"https:\/\/fuentesfidedignas.com.mx\/#organization"},"image":{"@id":"https:\/\/fuentesfidedignas.com.mx\/index.php\/2026\/09\/05\/cinco-carros-fueron-rescatados-tras-lluvias-registradas-durante-la-noche-en-culiacan\/#primaryimage"},"thumbnailUrl":"https:\/\/fuentesfidedignas.com.mx\/wp-content\/uploads\/2026\/09\/img_8910.jpeg","articleSection":["NOTA PRINCIPAL"],"inLanguage":"es"},{"@type":"WebPage","@id":"https:\/\/fuentesfidedignas.com.mx\/index.php\/2026\/09\/05\/cinco-carros-fueron-rescatados-tras-lluvias-registradas-durante-la-noche-en-culiacan\/","url":"https:\/\/fuentesfidedignas.com.mx\/index.php\/2026\/09\/05\/cinco-carros-fueron-rescatados-tras-lluvias-registradas-durante-la-noche-en-culiacan\/","name":"Cinco carros fueron rescatados tras lluvias registradas durante la noche en Culiac\u00e1n - Fuentes Fidedignas","isPartOf":{"@id":"https:\/\/fuentesfidedignas.com.mx\/#website"},"primaryImageOfPage":{"@id":"https:\/\/fuentesfidedignas.com.mx\/index.php\/2026\/09\/05\/cinco-carros-fueron-rescatados-tras-lluvias-registradas-durante-la-noche-en-culiacan\/#primaryimage"},"image":{"@id":"https:\/\/fuentesfidedignas.com.mx\/index.php\/2026\/09\/05\/cinco-carros-fueron-rescatados-tras-lluvias-registradas-durante-la-noche-en-culiacan\/#primaryimage"},"thumbnailUrl":"https:\/\/fuentesfidedignas.com.mx\/wp-content\/uploads\/2026\/09\/img_8910.jpeg","datePublished":"2026-09-05T16:28:18+00:00","dateModified":"2026-09-05T16:34:55+00:00","breadcrumb":{"@id":"https:\/\/fuentesfidedignas.com.mx\/index.php\/2026\/09\/05\/cinco-carros-fueron-rescatados-tras-lluvias-registradas-durante-la-noche-en-culiacan\/#breadcrumb"},"inLanguage":"es","potentialAction":[{"@type":"ReadAction","target":["https:\/\/fuentesfidedignas.com.mx\/index.php\/2026\/09\/05\/cinco-carros-fueron-rescatados-tras-lluvias-registradas-durante-la-noche-en-culiacan\/"]}]},{"@type":"ImageObject","inLanguage":"es","@id":"https:\/\/fuentesfidedignas.com.mx\/index.php\/2026\/09\/05\/cinco-carros-fueron-rescatados-tras-lluvias-registradas-durante-la-noche-en-culiacan\/#primaryimage","url":"https:\/\/fuentesfidedignas.com.mx\/wp-content\/uploads\/2026\/09\/img_8910.jpeg","contentUrl":"https:\/\/fuentesfidedignas.com.mx\/wp-content\/uploads\/2026\/09\/img_8910.jpeg","width":1170,"height":871},{"@type":"BreadcrumbList","@id":"https:\/\/fuentesfidedignas.com.mx\/index.php\/2026\/09\/05\/cinco-carros-fueron-rescatados-tras-lluvias-registradas-durante-la-noche-en-culiacan\/#breadcrumb","itemListElement":[{"@type":"ListItem","position":1,"name":"Inicio","item":"https:\/\/fuentesfidedignas.com.mx\/"},{"@type":"ListItem","position":2,"name":"Cinco carros fueron rescatados tras lluvias registradas durante la noche en Culiac\u00e1n"}]},{"@type":"WebSite","@id":"https:\/\/fuentesfidedignas.com.mx\/#website","url":"https:\/\/fuentesfidedignas.com.mx\/","name":"Fuentes Fidedignas","description":"Otro sitio realizado con WordPress","publisher":{"@id":"https:\/\/fuentesfidedignas.com.mx\/#organization"},"potentialAction":[{"@type":"SearchAction","target":{"@type":"EntryPoint","urlTemplate":"https:\/\/fuentesfidedignas.com.mx\/?s={search_term_string}"},"query-input":{"@type":"PropertyValueSpecification","valueRequired":true,"valueName":"search_term_string"}}],"inLanguage":"es"},{"@type":"Organization","@id":"https:\/\/fuentesfidedignas.com.mx\/#organization","name":"Fuentes Fidedignas","url":"https:\/\/fuentesfidedignas.com.mx\/","logo":{"@type":"ImageObject","inLanguage":"es","@id":"https:\/\/fuentesfidedignas.com.mx\/#\/schema\/logo\/image\/","url":"https:\/\/fuentesfidedignas.com.mx\/wp-content\/uploads\/2021\/04\/logo-retina.png","contentUrl":"https:\/\/fuentesfidedignas.com.mx\/wp-content\/uploads\/2021\/04\/logo-retina.png","width":280,"height":51,"caption":"Fuentes Fidedignas"},"image":{"@id":"https:\/\/fuentesfidedignas.com.mx\/#\/schema\/logo\/image\/"},"sameAs":["https:\/\/www.facebook.com\/Fuentes-Fidedignas-368234489921644","https:\/\/x.com\/fidedignas"]},{"@type":"Person","@id":"https:\/\/fuentesfidedignas.com.mx\/#\/schema\/person\/331be9283d37198e2acd5750279085b0","name":"Redacci\u00f3n","image":{"@type":"ImageObject","inLanguage":"es","@id":"https:\/\/secure.gravatar.com\/avatar\/f6d8782c11d12b2d4ad3fbb6931aeab5309937a4d6cd2fc9cfaa28a6396a5aec?s=96&d=mm&r=g","url":"https:\/\/secure.gravatar.com\/avatar\/f6d8782c11d12b2d4ad3fbb6931aeab5309937a4d6cd2fc9cfaa28a6396a5aec?s=96&d=mm&r=g","contentUrl":"https:\/\/secure.gravatar.com\/avatar\/f6d8782c11d12b2d4ad3fbb6931aeab5309937a4d6cd2fc9cfaa28a6396a5aec?s=96&d=mm&r=g","caption":"Redacci\u00f3n"},"url":"https:\/\/fuentesfidedignas.com.mx\/index.php\/author\/redaccion\/"}]}},"_links":{"self":[{"href":"https:\/\/fuentesfidedignas.com.mx\/index.php\/wp-json\/wp\/v2\/posts\/141710","targetHints":{"allow":["GET"]}}],"collection":[{"href":"https:\/\/fuentesfidedignas.com.mx\/index.php\/wp-json\/wp\/v2\/posts"}],"about":[{"href":"https:\/\/fuentesfidedignas.com.mx\/index.php\/wp-json\/wp\/v2\/types\/post"}],"author":[{"embeddable":true,"href":"https:\/\/fuentesfidedignas.com.mx\/index.php\/wp-json\/wp\/v2\/users\/4"}],"replies":[{"embeddable":true,"href":"https:\/\/fuentesfidedignas.com.mx\/index.php\/wp-json\/wp\/v2\/comments?post=141710"}],"version-history":[{"count":1,"href":"https:\/\/fuentesfidedignas.com.mx\/index.php\/wp-json\/wp\/v2\/posts\/141710\/revisions"}],"predecessor-version":[{"id":141711,"href":"https:\/\/fuentesfidedignas.com.mx\/index.php\/wp-json\/wp\/v2\/posts\/141710\/revisions\/141711"}],"wp:featuredmedia":[{"embeddable":true,"href":"https:\/\/fuentesfidedignas.com.mx\/index.php\/wp-json\/wp\/v2\/media\/141713"}],"wp:attachment":[{"href":"https:\/\/fuentesfidedignas.com.mx\/index.php\/wp-json\/wp\/v2\/media?parent=141710"}],"wp:term":[{"taxonomy":"category","embeddable":true,"href":"https:\/\/fuentesfidedignas.com.mx\/index.php\/wp-json\/wp\/v2\/categories?post=141710"},{"taxonomy":"post_tag","embeddable":true,"href":"https:\/\/fuentesfidedignas.com.mx\/index.php\/wp-json\/wp\/v2\/tags?post=141710"}],"curies":[{"name":"wp","href":"https:\/\/api.w.org\/{rel}","templated":true}]}}