{"id":141699,"date":"2026-09-05T08:51:40","date_gmt":"2026-09-05T15:51:40","guid":{"rendered":"https:\/\/fuentesfidedignas.com.mx\/?p=141699"},"modified":"2026-09-05T08:56:16","modified_gmt":"2026-09-05T15:56:16","slug":"asesinan-a-farath-coronel-el-brujo-mexicano-y-excolaborador-programa-hoy","status":"publish","type":"post","link":"https:\/\/fuentesfidedignas.com.mx\/index.php\/2026\/09\/05\/asesinan-a-farath-coronel-el-brujo-mexicano-y-excolaborador-programa-hoy\/","title":{"rendered":"Asesinan a Farath Coronel, &#8216;El Brujo Mexicano&#8217; y excolaborador del programa &#8216;Hoy&#8217;"},"content":{"rendered":"\n<p class=\"wp-block-paragraph\"><br><strong><em>El vidente y presentador de televisi\u00f3n fue localizado sin vida con impactos de bala en su casa de Cuautitl\u00e1n Izcalli; esto reportan las autoridades.<\/em><\/strong><\/p>\n\n\n\n<p class=\"wp-block-paragraph\">El conocido vidente, locutor y presentador de televisi\u00f3n Farath Coronel, popularmente identificado como&nbsp;<strong>\u201cEl Brujo Mexicano\u201d o \u201cLa Diabla\u201d<\/strong>, falleci\u00f3 tras ser asesinado a balazos al interior de su residencia en el municipio de&nbsp;<strong>Cuautitl\u00e1n Izcalli, Estado de M\u00e9xico<\/strong>.<\/p>\n\n\n\n<p class=\"wp-block-paragraph\">El hallazgo tuvo lugar durante la ma\u00f1ana de este viernes en una vivienda ubicada en la colonia&nbsp;<strong>Lago de Guadalupe (Bosques del Lago)<\/strong>, reportando las autoridades el descubrimiento del cuerpo tras el aviso de un allegado al comunicador.<\/p>\n\n\n\n<p class=\"wp-block-paragraph\">Al sitio acudieron elementos de la polic\u00eda municipal y servicios de emergencia, quienes confirmaron que la v\u00edctima ya no contaba con signos vitales debido a lesiones provocadas por disparos de arma de fuego en la cabeza.&nbsp;<strong>La Fiscal\u00eda General de Justicia del Estado de M\u00e9xico (FGJEM)<\/strong>&nbsp;acordon\u00f3 la zona para dar inicio a las investigaciones correspondientes.<\/p>\n\n\n\n<h2 class=\"wp-block-heading\">\u00bfQu\u00e9 se sabe del asesinato de Farath Coronel?<\/h2>\n\n\n\n<p class=\"wp-block-paragraph\">La noticia sobre el homicidio de&nbsp;<strong>Farath Coronel&nbsp;<\/strong>ha generado consternaci\u00f3n entre sus seguidores e integrantes del medio del espect\u00e1culo. De acuerdo con los reportes policiales preliminares, el ataque habr\u00eda ocurrido cerca de la medianoche previa al hallazgo y se investiga como una agresi\u00f3n directa.<\/p>\n\n\n\n<p class=\"wp-block-paragraph\">Las primeras indagatorias se\u00f1alan que previo a las detonaciones se habr\u00eda registrado una discusi\u00f3n al interior del domicilio. Asimismo, trascendi\u00f3 la&nbsp;<strong>posible detenci\u00f3n de un sujeto identificado como El\u00edas<\/strong>, quien se desempe\u00f1aba como escolta del vidente, a quien se le investiga por su presunta relaci\u00f3n con los hechos, as\u00ed como por la posterior sustracci\u00f3n de objetos de valor y del veh\u00edculo de la v\u00edctima.<\/p>\n","protected":false},"excerpt":{"rendered":"<p>El vidente y presentador de televisi\u00f3n fue localizado sin vida con impactos de bala en su casa de Cuautitl\u00e1n Izcalli; esto reportan las autoridades. El conocido vidente, locutor y presentador de televisi\u00f3n Farath Coronel, popularmente identificado como&nbsp;\u201cEl Brujo Mexicano\u201d o \u201cLa Diabla\u201d, falleci\u00f3 tras ser asesinado a balazos al interior de su residencia en el [&hellip;]<\/p>\n","protected":false},"author":6,"featured_media":141702,"comment_status":"closed","ping_status":"open","sticky":false,"template":"","format":"standard","meta":{"tdm_status":"","tdm_grid_status":"","footnotes":""},"categories":[39],"tags":[],"class_list":["post-141699","post","type-post","status-publish","format-standard","has-post-thumbnail","category-noticias-nacionales"],"yoast_head":"<!-- This site is optimized with the Yoast SEO plugin v28.4 - https:\/\/yoast.com\/product\/yoast-seo-wordpress\/ -->\n<title>Asesinan a Farath Coronel, &#039;El Brujo Mexicano&#039; y excolaborador del programa &#039;Hoy&#039; - Fuentes Fidedignas<\/title>\n<meta name=\"robots\" content=\"index, follow, max-snippet:-1, max-image-preview:large, max-video-preview:-1\" \/>\n<link rel=\"canonical\" href=\"https:\/\/fuentesfidedignas.com.mx\/index.php\/2026\/09\/05\/asesinan-a-farath-coronel-el-brujo-mexicano-y-excolaborador-programa-hoy\/\" \/>\n<meta property=\"og:locale\" content=\"es_MX\" \/>\n<meta property=\"og:type\" content=\"article\" \/>\n<meta property=\"og:title\" content=\"Asesinan a Farath Coronel, &#039;El Brujo Mexicano&#039; y excolaborador del programa &#039;Hoy&#039; - Fuentes Fidedignas\" \/>\n<meta property=\"og:description\" content=\"El vidente y presentador de televisi\u00f3n fue localizado sin vida con impactos de bala en su casa de Cuautitl\u00e1n Izcalli; esto reportan las autoridades. El conocido vidente, locutor y presentador de televisi\u00f3n Farath Coronel, popularmente identificado como&nbsp;\u201cEl Brujo Mexicano\u201d o \u201cLa Diabla\u201d, falleci\u00f3 tras ser asesinado a balazos al interior de su residencia en el [&hellip;]\" \/>\n<meta property=\"og:url\" content=\"https:\/\/fuentesfidedignas.com.mx\/index.php\/2026\/09\/05\/asesinan-a-farath-coronel-el-brujo-mexicano-y-excolaborador-programa-hoy\/\" \/>\n<meta property=\"og:site_name\" content=\"Fuentes Fidedignas\" \/>\n<meta property=\"article:publisher\" content=\"https:\/\/www.facebook.com\/Fuentes-Fidedignas-368234489921644\" \/>\n<meta property=\"article:published_time\" content=\"2026-09-05T15:51:40+00:00\" \/>\n<meta property=\"article:modified_time\" content=\"2026-09-05T15:56:16+00:00\" \/>\n<meta property=\"og:image\" content=\"https:\/\/fuentesfidedignas.com.mx\/wp-content\/uploads\/2026\/09\/img_8902.jpeg\" \/>\n\t<meta property=\"og:image:width\" content=\"850\" \/>\n\t<meta property=\"og:image:height\" content=\"638\" \/>\n\t<meta property=\"og:image:type\" content=\"image\/jpeg\" \/>\n<meta name=\"author\" content=\"Mediotiempo\" \/>\n<meta name=\"twitter:card\" content=\"summary_large_image\" \/>\n<meta name=\"twitter:creator\" content=\"@fidedignas\" \/>\n<meta name=\"twitter:site\" content=\"@fidedignas\" \/>\n<meta name=\"twitter:label1\" content=\"Escrito por\" \/>\n\t<meta name=\"twitter:data1\" content=\"Mediotiempo\" \/>\n\t<meta name=\"twitter:label2\" content=\"Tiempo de lectura\" \/>\n\t<meta name=\"twitter:data2\" content=\"2 minutos\" \/>\n<script type=\"application\/ld+json\" class=\"yoast-schema-graph\">{\"@context\":\"https:\\\/\\\/schema.org\",\"@graph\":[{\"@type\":\"Article\",\"@id\":\"https:\\\/\\\/fuentesfidedignas.com.mx\\\/index.php\\\/2026\\\/09\\\/05\\\/asesinan-a-farath-coronel-el-brujo-mexicano-y-excolaborador-programa-hoy\\\/#article\",\"isPartOf\":{\"@id\":\"https:\\\/\\\/fuentesfidedignas.com.mx\\\/index.php\\\/2026\\\/09\\\/05\\\/asesinan-a-farath-coronel-el-brujo-mexicano-y-excolaborador-programa-hoy\\\/\"},\"author\":{\"name\":\"Mediotiempo\",\"@id\":\"https:\\\/\\\/fuentesfidedignas.com.mx\\\/#\\\/schema\\\/person\\\/879cf78e15a88be0541285dd15da0511\"},\"headline\":\"Asesinan a Farath Coronel, &#8216;El Brujo Mexicano&#8217; y excolaborador del programa &#8216;Hoy&#8217;\",\"datePublished\":\"2026-09-05T15:51:40+00:00\",\"dateModified\":\"2026-09-05T15:56:16+00:00\",\"mainEntityOfPage\":{\"@id\":\"https:\\\/\\\/fuentesfidedignas.com.mx\\\/index.php\\\/2026\\\/09\\\/05\\\/asesinan-a-farath-coronel-el-brujo-mexicano-y-excolaborador-programa-hoy\\\/\"},\"wordCount\":318,\"publisher\":{\"@id\":\"https:\\\/\\\/fuentesfidedignas.com.mx\\\/#organization\"},\"image\":{\"@id\":\"https:\\\/\\\/fuentesfidedignas.com.mx\\\/index.php\\\/2026\\\/09\\\/05\\\/asesinan-a-farath-coronel-el-brujo-mexicano-y-excolaborador-programa-hoy\\\/#primaryimage\"},\"thumbnailUrl\":\"https:\\\/\\\/fuentesfidedignas.com.mx\\\/wp-content\\\/uploads\\\/2026\\\/09\\\/img_8902.jpeg\",\"articleSection\":[\"NOTICIAS NACIONALES\"],\"inLanguage\":\"es\"},{\"@type\":\"WebPage\",\"@id\":\"https:\\\/\\\/fuentesfidedignas.com.mx\\\/index.php\\\/2026\\\/09\\\/05\\\/asesinan-a-farath-coronel-el-brujo-mexicano-y-excolaborador-programa-hoy\\\/\",\"url\":\"https:\\\/\\\/fuentesfidedignas.com.mx\\\/index.php\\\/2026\\\/09\\\/05\\\/asesinan-a-farath-coronel-el-brujo-mexicano-y-excolaborador-programa-hoy\\\/\",\"name\":\"Asesinan a Farath Coronel, 'El Brujo Mexicano' y excolaborador del programa 'Hoy' - Fuentes Fidedignas\",\"isPartOf\":{\"@id\":\"https:\\\/\\\/fuentesfidedignas.com.mx\\\/#website\"},\"primaryImageOfPage\":{\"@id\":\"https:\\\/\\\/fuentesfidedignas.com.mx\\\/index.php\\\/2026\\\/09\\\/05\\\/asesinan-a-farath-coronel-el-brujo-mexicano-y-excolaborador-programa-hoy\\\/#primaryimage\"},\"image\":{\"@id\":\"https:\\\/\\\/fuentesfidedignas.com.mx\\\/index.php\\\/2026\\\/09\\\/05\\\/asesinan-a-farath-coronel-el-brujo-mexicano-y-excolaborador-programa-hoy\\\/#primaryimage\"},\"thumbnailUrl\":\"https:\\\/\\\/fuentesfidedignas.com.mx\\\/wp-content\\\/uploads\\\/2026\\\/09\\\/img_8902.jpeg\",\"datePublished\":\"2026-09-05T15:51:40+00:00\",\"dateModified\":\"2026-09-05T15:56:16+00:00\",\"breadcrumb\":{\"@id\":\"https:\\\/\\\/fuentesfidedignas.com.mx\\\/index.php\\\/2026\\\/09\\\/05\\\/asesinan-a-farath-coronel-el-brujo-mexicano-y-excolaborador-programa-hoy\\\/#breadcrumb\"},\"inLanguage\":\"es\",\"potentialAction\":[{\"@type\":\"ReadAction\",\"target\":[\"https:\\\/\\\/fuentesfidedignas.com.mx\\\/index.php\\\/2026\\\/09\\\/05\\\/asesinan-a-farath-coronel-el-brujo-mexicano-y-excolaborador-programa-hoy\\\/\"]}]},{\"@type\":\"ImageObject\",\"inLanguage\":\"es\",\"@id\":\"https:\\\/\\\/fuentesfidedignas.com.mx\\\/index.php\\\/2026\\\/09\\\/05\\\/asesinan-a-farath-coronel-el-brujo-mexicano-y-excolaborador-programa-hoy\\\/#primaryimage\",\"url\":\"https:\\\/\\\/fuentesfidedignas.com.mx\\\/wp-content\\\/uploads\\\/2026\\\/09\\\/img_8902.jpeg\",\"contentUrl\":\"https:\\\/\\\/fuentesfidedignas.com.mx\\\/wp-content\\\/uploads\\\/2026\\\/09\\\/img_8902.jpeg\",\"width\":850,\"height\":638},{\"@type\":\"BreadcrumbList\",\"@id\":\"https:\\\/\\\/fuentesfidedignas.com.mx\\\/index.php\\\/2026\\\/09\\\/05\\\/asesinan-a-farath-coronel-el-brujo-mexicano-y-excolaborador-programa-hoy\\\/#breadcrumb\",\"itemListElement\":[{\"@type\":\"ListItem\",\"position\":1,\"name\":\"Inicio\",\"item\":\"https:\\\/\\\/fuentesfidedignas.com.mx\\\/\"},{\"@type\":\"ListItem\",\"position\":2,\"name\":\"Asesinan a Farath Coronel, &#8216;El Brujo Mexicano&#8217; y excolaborador del programa &#8216;Hoy&#8217;\"}]},{\"@type\":\"WebSite\",\"@id\":\"https:\\\/\\\/fuentesfidedignas.com.mx\\\/#website\",\"url\":\"https:\\\/\\\/fuentesfidedignas.com.mx\\\/\",\"name\":\"Fuentes Fidedignas\",\"description\":\"Otro sitio realizado con WordPress\",\"publisher\":{\"@id\":\"https:\\\/\\\/fuentesfidedignas.com.mx\\\/#organization\"},\"potentialAction\":[{\"@type\":\"SearchAction\",\"target\":{\"@type\":\"EntryPoint\",\"urlTemplate\":\"https:\\\/\\\/fuentesfidedignas.com.mx\\\/?s={search_term_string}\"},\"query-input\":{\"@type\":\"PropertyValueSpecification\",\"valueRequired\":true,\"valueName\":\"search_term_string\"}}],\"inLanguage\":\"es\"},{\"@type\":\"Organization\",\"@id\":\"https:\\\/\\\/fuentesfidedignas.com.mx\\\/#organization\",\"name\":\"Fuentes Fidedignas\",\"url\":\"https:\\\/\\\/fuentesfidedignas.com.mx\\\/\",\"logo\":{\"@type\":\"ImageObject\",\"inLanguage\":\"es\",\"@id\":\"https:\\\/\\\/fuentesfidedignas.com.mx\\\/#\\\/schema\\\/logo\\\/image\\\/\",\"url\":\"https:\\\/\\\/fuentesfidedignas.com.mx\\\/wp-content\\\/uploads\\\/2021\\\/04\\\/logo-retina.png\",\"contentUrl\":\"https:\\\/\\\/fuentesfidedignas.com.mx\\\/wp-content\\\/uploads\\\/2021\\\/04\\\/logo-retina.png\",\"width\":280,\"height\":51,\"caption\":\"Fuentes Fidedignas\"},\"image\":{\"@id\":\"https:\\\/\\\/fuentesfidedignas.com.mx\\\/#\\\/schema\\\/logo\\\/image\\\/\"},\"sameAs\":[\"https:\\\/\\\/www.facebook.com\\\/Fuentes-Fidedignas-368234489921644\",\"https:\\\/\\\/x.com\\\/fidedignas\"]},{\"@type\":\"Person\",\"@id\":\"https:\\\/\\\/fuentesfidedignas.com.mx\\\/#\\\/schema\\\/person\\\/879cf78e15a88be0541285dd15da0511\",\"name\":\"Mediotiempo\",\"image\":{\"@type\":\"ImageObject\",\"inLanguage\":\"es\",\"@id\":\"https:\\\/\\\/secure.gravatar.com\\\/avatar\\\/ff224521f778fce0501a713c6e514ebfd4eda6a354208581604b6813a600e715?s=96&d=mm&r=g\",\"url\":\"https:\\\/\\\/secure.gravatar.com\\\/avatar\\\/ff224521f778fce0501a713c6e514ebfd4eda6a354208581604b6813a600e715?s=96&d=mm&r=g\",\"contentUrl\":\"https:\\\/\\\/secure.gravatar.com\\\/avatar\\\/ff224521f778fce0501a713c6e514ebfd4eda6a354208581604b6813a600e715?s=96&d=mm&r=g\",\"caption\":\"Mediotiempo\"},\"url\":\"https:\\\/\\\/fuentesfidedignas.com.mx\\\/index.php\\\/author\\\/mediotiempo\\\/\"}]}<\/script>\n<!-- \/ Yoast SEO plugin. -->","yoast_head_json":{"title":"Asesinan a Farath Coronel, 'El Brujo Mexicano' y excolaborador del programa 'Hoy' - Fuentes Fidedignas","robots":{"index":"index","follow":"follow","max-snippet":"max-snippet:-1","max-image-preview":"max-image-preview:large","max-video-preview":"max-video-preview:-1"},"canonical":"https:\/\/fuentesfidedignas.com.mx\/index.php\/2026\/09\/05\/asesinan-a-farath-coronel-el-brujo-mexicano-y-excolaborador-programa-hoy\/","og_locale":"es_MX","og_type":"article","og_title":"Asesinan a Farath Coronel, 'El Brujo Mexicano' y excolaborador del programa 'Hoy' - Fuentes Fidedignas","og_description":"El vidente y presentador de televisi\u00f3n fue localizado sin vida con impactos de bala en su casa de Cuautitl\u00e1n Izcalli; esto reportan las autoridades. El conocido vidente, locutor y presentador de televisi\u00f3n Farath Coronel, popularmente identificado como&nbsp;\u201cEl Brujo Mexicano\u201d o \u201cLa Diabla\u201d, falleci\u00f3 tras ser asesinado a balazos al interior de su residencia en el [&hellip;]","og_url":"https:\/\/fuentesfidedignas.com.mx\/index.php\/2026\/09\/05\/asesinan-a-farath-coronel-el-brujo-mexicano-y-excolaborador-programa-hoy\/","og_site_name":"Fuentes Fidedignas","article_publisher":"https:\/\/www.facebook.com\/Fuentes-Fidedignas-368234489921644","article_published_time":"2026-09-05T15:51:40+00:00","article_modified_time":"2026-09-05T15:56:16+00:00","og_image":[{"width":850,"height":638,"url":"https:\/\/fuentesfidedignas.com.mx\/wp-content\/uploads\/2026\/09\/img_8902.jpeg","type":"image\/jpeg"}],"author":"Mediotiempo","twitter_card":"summary_large_image","twitter_creator":"@fidedignas","twitter_site":"@fidedignas","twitter_misc":{"Escrito por":"Mediotiempo","Tiempo de lectura":"2 minutos"},"schema":{"@context":"https:\/\/schema.org","@graph":[{"@type":"Article","@id":"https:\/\/fuentesfidedignas.com.mx\/index.php\/2026\/09\/05\/asesinan-a-farath-coronel-el-brujo-mexicano-y-excolaborador-programa-hoy\/#article","isPartOf":{"@id":"https:\/\/fuentesfidedignas.com.mx\/index.php\/2026\/09\/05\/asesinan-a-farath-coronel-el-brujo-mexicano-y-excolaborador-programa-hoy\/"},"author":{"name":"Mediotiempo","@id":"https:\/\/fuentesfidedignas.com.mx\/#\/schema\/person\/879cf78e15a88be0541285dd15da0511"},"headline":"Asesinan a Farath Coronel, &#8216;El Brujo Mexicano&#8217; y excolaborador del programa &#8216;Hoy&#8217;","datePublished":"2026-09-05T15:51:40+00:00","dateModified":"2026-09-05T15:56:16+00:00","mainEntityOfPage":{"@id":"https:\/\/fuentesfidedignas.com.mx\/index.php\/2026\/09\/05\/asesinan-a-farath-coronel-el-brujo-mexicano-y-excolaborador-programa-hoy\/"},"wordCount":318,"publisher":{"@id":"https:\/\/fuentesfidedignas.com.mx\/#organization"},"image":{"@id":"https:\/\/fuentesfidedignas.com.mx\/index.php\/2026\/09\/05\/asesinan-a-farath-coronel-el-brujo-mexicano-y-excolaborador-programa-hoy\/#primaryimage"},"thumbnailUrl":"https:\/\/fuentesfidedignas.com.mx\/wp-content\/uploads\/2026\/09\/img_8902.jpeg","articleSection":["NOTICIAS NACIONALES"],"inLanguage":"es"},{"@type":"WebPage","@id":"https:\/\/fuentesfidedignas.com.mx\/index.php\/2026\/09\/05\/asesinan-a-farath-coronel-el-brujo-mexicano-y-excolaborador-programa-hoy\/","url":"https:\/\/fuentesfidedignas.com.mx\/index.php\/2026\/09\/05\/asesinan-a-farath-coronel-el-brujo-mexicano-y-excolaborador-programa-hoy\/","name":"Asesinan a Farath Coronel, 'El Brujo Mexicano' y excolaborador del programa 'Hoy' - Fuentes Fidedignas","isPartOf":{"@id":"https:\/\/fuentesfidedignas.com.mx\/#website"},"primaryImageOfPage":{"@id":"https:\/\/fuentesfidedignas.com.mx\/index.php\/2026\/09\/05\/asesinan-a-farath-coronel-el-brujo-mexicano-y-excolaborador-programa-hoy\/#primaryimage"},"image":{"@id":"https:\/\/fuentesfidedignas.com.mx\/index.php\/2026\/09\/05\/asesinan-a-farath-coronel-el-brujo-mexicano-y-excolaborador-programa-hoy\/#primaryimage"},"thumbnailUrl":"https:\/\/fuentesfidedignas.com.mx\/wp-content\/uploads\/2026\/09\/img_8902.jpeg","datePublished":"2026-09-05T15:51:40+00:00","dateModified":"2026-09-05T15:56:16+00:00","breadcrumb":{"@id":"https:\/\/fuentesfidedignas.com.mx\/index.php\/2026\/09\/05\/asesinan-a-farath-coronel-el-brujo-mexicano-y-excolaborador-programa-hoy\/#breadcrumb"},"inLanguage":"es","potentialAction":[{"@type":"ReadAction","target":["https:\/\/fuentesfidedignas.com.mx\/index.php\/2026\/09\/05\/asesinan-a-farath-coronel-el-brujo-mexicano-y-excolaborador-programa-hoy\/"]}]},{"@type":"ImageObject","inLanguage":"es","@id":"https:\/\/fuentesfidedignas.com.mx\/index.php\/2026\/09\/05\/asesinan-a-farath-coronel-el-brujo-mexicano-y-excolaborador-programa-hoy\/#primaryimage","url":"https:\/\/fuentesfidedignas.com.mx\/wp-content\/uploads\/2026\/09\/img_8902.jpeg","contentUrl":"https:\/\/fuentesfidedignas.com.mx\/wp-content\/uploads\/2026\/09\/img_8902.jpeg","width":850,"height":638},{"@type":"BreadcrumbList","@id":"https:\/\/fuentesfidedignas.com.mx\/index.php\/2026\/09\/05\/asesinan-a-farath-coronel-el-brujo-mexicano-y-excolaborador-programa-hoy\/#breadcrumb","itemListElement":[{"@type":"ListItem","position":1,"name":"Inicio","item":"https:\/\/fuentesfidedignas.com.mx\/"},{"@type":"ListItem","position":2,"name":"Asesinan a Farath Coronel, &#8216;El Brujo Mexicano&#8217; y excolaborador del programa &#8216;Hoy&#8217;"}]},{"@type":"WebSite","@id":"https:\/\/fuentesfidedignas.com.mx\/#website","url":"https:\/\/fuentesfidedignas.com.mx\/","name":"Fuentes Fidedignas","description":"Otro sitio realizado con WordPress","publisher":{"@id":"https:\/\/fuentesfidedignas.com.mx\/#organization"},"potentialAction":[{"@type":"SearchAction","target":{"@type":"EntryPoint","urlTemplate":"https:\/\/fuentesfidedignas.com.mx\/?s={search_term_string}"},"query-input":{"@type":"PropertyValueSpecification","valueRequired":true,"valueName":"search_term_string"}}],"inLanguage":"es"},{"@type":"Organization","@id":"https:\/\/fuentesfidedignas.com.mx\/#organization","name":"Fuentes Fidedignas","url":"https:\/\/fuentesfidedignas.com.mx\/","logo":{"@type":"ImageObject","inLanguage":"es","@id":"https:\/\/fuentesfidedignas.com.mx\/#\/schema\/logo\/image\/","url":"https:\/\/fuentesfidedignas.com.mx\/wp-content\/uploads\/2021\/04\/logo-retina.png","contentUrl":"https:\/\/fuentesfidedignas.com.mx\/wp-content\/uploads\/2021\/04\/logo-retina.png","width":280,"height":51,"caption":"Fuentes Fidedignas"},"image":{"@id":"https:\/\/fuentesfidedignas.com.mx\/#\/schema\/logo\/image\/"},"sameAs":["https:\/\/www.facebook.com\/Fuentes-Fidedignas-368234489921644","https:\/\/x.com\/fidedignas"]},{"@type":"Person","@id":"https:\/\/fuentesfidedignas.com.mx\/#\/schema\/person\/879cf78e15a88be0541285dd15da0511","name":"Mediotiempo","image":{"@type":"ImageObject","inLanguage":"es","@id":"https:\/\/secure.gravatar.com\/avatar\/ff224521f778fce0501a713c6e514ebfd4eda6a354208581604b6813a600e715?s=96&d=mm&r=g","url":"https:\/\/secure.gravatar.com\/avatar\/ff224521f778fce0501a713c6e514ebfd4eda6a354208581604b6813a600e715?s=96&d=mm&r=g","contentUrl":"https:\/\/secure.gravatar.com\/avatar\/ff224521f778fce0501a713c6e514ebfd4eda6a354208581604b6813a600e715?s=96&d=mm&r=g","caption":"Mediotiempo"},"url":"https:\/\/fuentesfidedignas.com.mx\/index.php\/author\/mediotiempo\/"}]}},"_links":{"self":[{"href":"https:\/\/fuentesfidedignas.com.mx\/index.php\/wp-json\/wp\/v2\/posts\/141699","targetHints":{"allow":["GET"]}}],"collection":[{"href":"https:\/\/fuentesfidedignas.com.mx\/index.php\/wp-json\/wp\/v2\/posts"}],"about":[{"href":"https:\/\/fuentesfidedignas.com.mx\/index.php\/wp-json\/wp\/v2\/types\/post"}],"author":[{"embeddable":true,"href":"https:\/\/fuentesfidedignas.com.mx\/index.php\/wp-json\/wp\/v2\/users\/6"}],"replies":[{"embeddable":true,"href":"https:\/\/fuentesfidedignas.com.mx\/index.php\/wp-json\/wp\/v2\/comments?post=141699"}],"version-history":[{"count":1,"href":"https:\/\/fuentesfidedignas.com.mx\/index.php\/wp-json\/wp\/v2\/posts\/141699\/revisions"}],"predecessor-version":[{"id":141700,"href":"https:\/\/fuentesfidedignas.com.mx\/index.php\/wp-json\/wp\/v2\/posts\/141699\/revisions\/141700"}],"wp:featuredmedia":[{"embeddable":true,"href":"https:\/\/fuentesfidedignas.com.mx\/index.php\/wp-json\/wp\/v2\/media\/141702"}],"wp:attachment":[{"href":"https:\/\/fuentesfidedignas.com.mx\/index.php\/wp-json\/wp\/v2\/media?parent=141699"}],"wp:term":[{"taxonomy":"category","embeddable":true,"href":"https:\/\/fuentesfidedignas.com.mx\/index.php\/wp-json\/wp\/v2\/categories?post=141699"},{"taxonomy":"post_tag","embeddable":true,"href":"https:\/\/fuentesfidedignas.com.mx\/index.php\/wp-json\/wp\/v2\/tags?post=141699"}],"curies":[{"name":"wp","href":"https:\/\/api.w.org\/{rel}","templated":true}]}}