{"id":141682,"date":"2026-09-05T06:56:16","date_gmt":"2026-09-05T13:56:16","guid":{"rendered":"https:\/\/fuentesfidedignas.com.mx\/?p=141682"},"modified":"2026-09-05T06:56:16","modified_gmt":"2026-09-05T13:56:16","slug":"verde-blanco-rojo-y-otros-5-colores-mexicanos-que-debes-llevar-en-tus-unas-este-mes-patrio","status":"publish","type":"post","link":"https:\/\/fuentesfidedignas.com.mx\/index.php\/2026\/09\/05\/verde-blanco-rojo-y-otros-5-colores-mexicanos-que-debes-llevar-en-tus-unas-este-mes-patrio\/","title":{"rendered":"Verde, blanco, rojo y otros 5 colores mexicanos que debes llevar en tus u\u00f1as este mes patrio"},"content":{"rendered":"\n<p class=\"wp-block-paragraph\">Del verde intenso de los nopales al rosa vibrante de la bugambilia, estos tonos permiten crear dise\u00f1os elegantes, modernos y muy mexicanos.<\/p>\n\n\n\n<p class=\"wp-block-paragraph\">Los colores como el&nbsp;<strong>verde, blanco y rojo<\/strong>, se han convertido en un cl\u00e1sico del&nbsp;<strong>mes patrio<\/strong>; sin embargo, existen otros colores inspirados en la cultura, los paisajes y las&nbsp;<strong>tradiciones mexicanas<\/strong>&nbsp;que pueden convertirse en protagonistas de tus&nbsp;<strong>u\u00f1as de septiembre<\/strong>.<\/p>\n\n\n\n<p class=\"wp-block-paragraph\">La clave est\u00e1 en incorporarlos de manera sutil o combinarlos para conseguir una manicura festiva, pero sofisticada, incluso los tonos s\u00f3lidos pueden convertirse en protagonistas durante el mes patrio, demostrando que no es necesario recurrir a los dise\u00f1os tradicionales para celebrar a M\u00e9xico con estilo.<\/p>\n\n\n\n<h2 class=\"wp-block-heading\">Los colores mexicanos que debes llevar en tus u\u00f1as este mes patrio<\/h2>\n\n\n\n<p class=\"wp-block-paragraph\">Aunque el cl\u00e1sico manicure tricolor puede ser tu punto de partida, estos colores mexicanos te permiten tener m\u00e1s opciones elegantes y coloridas para celebrar el mes patrio y darle un toque mexicano a tus u\u00f1as.<\/p>\n\n\n\n<h3 class=\"wp-block-heading\">Verde<\/h3>\n\n\n\n<p class=\"wp-block-paragraph\">Comencemos por los cl\u00e1sicos, y el verde es uno de los tonos m\u00e1s representativos de M\u00e9xico, que adem\u00e1s puedes llevar en diferentes intensidades, ya sea que quieras un dise\u00f1o llamativo o uno mucho m\u00e1s discreto un minimalista. Adem\u00e1s, puedes agregar detalles en dorado o blanco para resaltar su belleza.<\/p>\n\n\n\n<h3 class=\"wp-block-heading\">Blanco<\/h3>\n\n\n\n<p class=\"wp-block-paragraph\">Se trata de un cl\u00e1sico atemporal que nunca pasa de moda, y que durante septiembre adquiere un significado especial al formar parte de los colores de la bandera mexicana, adem\u00e1s es vers\u00e1til y puedes combinarlo con otros tonos o elementos mexicanos.<\/p>\n\n\n\n<h3 class=\"wp-block-heading\">Rojo<\/h3>\n\n\n\n<p class=\"wp-block-paragraph\">Intenso, vibrante y lleno de personalidad, el rojo es ideal para quienes quieren darle protagonismo a sus manos, y puedes apostar por un rojo cl\u00e1sico en u\u00f1as cortas o probar un acabado brillante para conseguir una manicura m\u00e1s sofisticada.<\/p>\n\n\n\n<h3 class=\"wp-block-heading\">Rosa bugambilia<\/h3>\n\n\n\n<p class=\"wp-block-paragraph\">La bugambilia forma parte del paisaje mexicano y su caracter\u00edstico color rosa puede convertirse en una alternativa femenina y alegre para celebrar septiembre, si buscas salir del tradicional verde, blanco y rojo, este tono es una excelente opci\u00f3n.<\/p>\n\n\n\n<h3 class=\"wp-block-heading\">Azul talavera<\/h3>\n\n\n\n<p class=\"wp-block-paragraph\">Los dise\u00f1os de talavera son otro referente de la artesan\u00eda mexicana y sus caracter\u00edsticos tonos azules pueden trasladarse f\u00e1cilmente a las u\u00f1as, puedes crear el dise\u00f1o o simplemente llevar todas las u\u00f1as bajo este tono azul para crear un look delicado y diferente a los dise\u00f1os patrios tradicionales.<\/p>\n\n\n\n<h3 class=\"wp-block-heading\">Terracota<\/h3>\n\n\n\n<p class=\"wp-block-paragraph\">Inspirado en la tierra, la cer\u00e1mica y los tonos c\u00e1lidos de algunos paisajes mexicanos, el terracota es perfecto para quienes prefieren colores discretos, adem\u00e1s, combina muy bien con dorado, beige, blanco y caf\u00e9, por lo que puedes crear una manicura inspirada en M\u00e9xico sin recurrir a los colores tradicionales de la bandera.<\/p>\n\n\n\n<h3 class=\"wp-block-heading\">Amarillo cempas\u00fachil<\/h3>\n\n\n\n<p class=\"wp-block-paragraph\">Aunque el D\u00eda de Muertos se celebra unas semanas despu\u00e9s, el cempas\u00fachil es uno de los s\u00edmbolos m\u00e1s representativos de las tradiciones mexicanas, por lo que sus vibrantes tonos amarillos y naranjas tambi\u00e9n pueden inspirar tu manicure durante septiembre.<\/p>\n\n\n\n<h3 class=\"wp-block-heading\">Arcilla<\/h3>\n\n\n\n<p class=\"wp-block-paragraph\">Los tonos caf\u00e9 inspirados en el barro mexicano son ideales para quienes prefieren una manicura m\u00e1s discreta, desde un marr\u00f3n chocolate hasta un tono arcilla, puedes incorporarlos en dise\u00f1os minimalistas o combinarlos con terracota y beige.<\/p>\n\n\n\n<p class=\"wp-block-paragraph\">Ya sea con una manicura completamente lisa, una french colorida o peque\u00f1os detalles de inspiraci\u00f3n mexicana, septiembre es la ocasi\u00f3n perfecta para llevar un pedacito de M\u00e9xico en las manos.<\/p>\n\n\n\n<p class=\"wp-block-paragraph\"><\/p>\n","protected":false},"excerpt":{"rendered":"<p>Del verde intenso de los nopales al rosa vibrante de la bugambilia, estos tonos permiten crear dise\u00f1os elegantes, modernos y muy mexicanos. Los colores como el&nbsp;verde, blanco y rojo, se han convertido en un cl\u00e1sico del&nbsp;mes patrio; sin embargo, existen otros colores inspirados en la cultura, los paisajes y las&nbsp;tradiciones mexicanas&nbsp;que pueden convertirse en protagonistas [&hellip;]<\/p>\n","protected":false},"author":34,"featured_media":141681,"comment_status":"closed","ping_status":"open","sticky":false,"template":"","format":"standard","meta":{"tdm_status":"","tdm_grid_status":"","footnotes":""},"categories":[41,19],"tags":[],"class_list":["post-141682","post","type-post","status-publish","format-standard","has-post-thumbnail","category-review-magazine","category-reviews"],"yoast_head":"<!-- This site is optimized with the Yoast SEO plugin v28.4 - https:\/\/yoast.com\/product\/yoast-seo-wordpress\/ -->\n<title>Verde, blanco, rojo y otros 5 colores mexicanos que debes llevar en tus u\u00f1as este mes patrio - Fuentes Fidedignas<\/title>\n<meta name=\"robots\" content=\"index, follow, max-snippet:-1, max-image-preview:large, max-video-preview:-1\" \/>\n<link rel=\"canonical\" href=\"https:\/\/fuentesfidedignas.com.mx\/index.php\/2026\/09\/05\/verde-blanco-rojo-y-otros-5-colores-mexicanos-que-debes-llevar-en-tus-unas-este-mes-patrio\/\" \/>\n<meta property=\"og:locale\" content=\"es_MX\" \/>\n<meta property=\"og:type\" content=\"article\" \/>\n<meta property=\"og:title\" content=\"Verde, blanco, rojo y otros 5 colores mexicanos que debes llevar en tus u\u00f1as este mes patrio - Fuentes Fidedignas\" \/>\n<meta property=\"og:description\" content=\"Del verde intenso de los nopales al rosa vibrante de la bugambilia, estos tonos permiten crear dise\u00f1os elegantes, modernos y muy mexicanos. Los colores como el&nbsp;verde, blanco y rojo, se han convertido en un cl\u00e1sico del&nbsp;mes patrio; sin embargo, existen otros colores inspirados en la cultura, los paisajes y las&nbsp;tradiciones mexicanas&nbsp;que pueden convertirse en protagonistas [&hellip;]\" \/>\n<meta property=\"og:url\" content=\"https:\/\/fuentesfidedignas.com.mx\/index.php\/2026\/09\/05\/verde-blanco-rojo-y-otros-5-colores-mexicanos-que-debes-llevar-en-tus-unas-este-mes-patrio\/\" \/>\n<meta property=\"og:site_name\" content=\"Fuentes Fidedignas\" \/>\n<meta property=\"article:publisher\" content=\"https:\/\/www.facebook.com\/Fuentes-Fidedignas-368234489921644\" \/>\n<meta property=\"article:published_time\" content=\"2026-09-05T13:56:16+00:00\" \/>\n<meta property=\"og:image\" content=\"https:\/\/fuentesfidedignas.com.mx\/wp-content\/uploads\/2026\/09\/img_6731.jpeg\" \/>\n\t<meta property=\"og:image:width\" content=\"1920\" \/>\n\t<meta property=\"og:image:height\" content=\"1081\" \/>\n\t<meta property=\"og:image:type\" content=\"image\/jpeg\" \/>\n<meta name=\"author\" content=\"Cosmopolitan\" \/>\n<meta name=\"twitter:card\" content=\"summary_large_image\" \/>\n<meta name=\"twitter:creator\" content=\"@fidedignas\" \/>\n<meta name=\"twitter:site\" content=\"@fidedignas\" \/>\n<meta name=\"twitter:label1\" content=\"Escrito por\" \/>\n\t<meta name=\"twitter:data1\" content=\"Cosmopolitan\" \/>\n\t<meta name=\"twitter:label2\" content=\"Tiempo de lectura\" \/>\n\t<meta name=\"twitter:data2\" content=\"3 minutos\" \/>\n<script type=\"application\/ld+json\" class=\"yoast-schema-graph\">{\"@context\":\"https:\\\/\\\/schema.org\",\"@graph\":[{\"@type\":\"Article\",\"@id\":\"https:\\\/\\\/fuentesfidedignas.com.mx\\\/index.php\\\/2026\\\/09\\\/05\\\/verde-blanco-rojo-y-otros-5-colores-mexicanos-que-debes-llevar-en-tus-unas-este-mes-patrio\\\/#article\",\"isPartOf\":{\"@id\":\"https:\\\/\\\/fuentesfidedignas.com.mx\\\/index.php\\\/2026\\\/09\\\/05\\\/verde-blanco-rojo-y-otros-5-colores-mexicanos-que-debes-llevar-en-tus-unas-este-mes-patrio\\\/\"},\"author\":{\"name\":\"Cosmopolitan\",\"@id\":\"https:\\\/\\\/fuentesfidedignas.com.mx\\\/#\\\/schema\\\/person\\\/50309ec448c3c363954c72120619e4ae\"},\"headline\":\"Verde, blanco, rojo y otros 5 colores mexicanos que debes llevar en tus u\u00f1as este mes patrio\",\"datePublished\":\"2026-09-05T13:56:16+00:00\",\"mainEntityOfPage\":{\"@id\":\"https:\\\/\\\/fuentesfidedignas.com.mx\\\/index.php\\\/2026\\\/09\\\/05\\\/verde-blanco-rojo-y-otros-5-colores-mexicanos-que-debes-llevar-en-tus-unas-este-mes-patrio\\\/\"},\"wordCount\":612,\"publisher\":{\"@id\":\"https:\\\/\\\/fuentesfidedignas.com.mx\\\/#organization\"},\"image\":{\"@id\":\"https:\\\/\\\/fuentesfidedignas.com.mx\\\/index.php\\\/2026\\\/09\\\/05\\\/verde-blanco-rojo-y-otros-5-colores-mexicanos-que-debes-llevar-en-tus-unas-este-mes-patrio\\\/#primaryimage\"},\"thumbnailUrl\":\"https:\\\/\\\/fuentesfidedignas.com.mx\\\/wp-content\\\/uploads\\\/2026\\\/09\\\/img_6731.jpeg\",\"articleSection\":[\"REVIEW MAGAZINE\",\"Reviews\"],\"inLanguage\":\"es\"},{\"@type\":\"WebPage\",\"@id\":\"https:\\\/\\\/fuentesfidedignas.com.mx\\\/index.php\\\/2026\\\/09\\\/05\\\/verde-blanco-rojo-y-otros-5-colores-mexicanos-que-debes-llevar-en-tus-unas-este-mes-patrio\\\/\",\"url\":\"https:\\\/\\\/fuentesfidedignas.com.mx\\\/index.php\\\/2026\\\/09\\\/05\\\/verde-blanco-rojo-y-otros-5-colores-mexicanos-que-debes-llevar-en-tus-unas-este-mes-patrio\\\/\",\"name\":\"Verde, blanco, rojo y otros 5 colores mexicanos que debes llevar en tus u\u00f1as este mes patrio - Fuentes Fidedignas\",\"isPartOf\":{\"@id\":\"https:\\\/\\\/fuentesfidedignas.com.mx\\\/#website\"},\"primaryImageOfPage\":{\"@id\":\"https:\\\/\\\/fuentesfidedignas.com.mx\\\/index.php\\\/2026\\\/09\\\/05\\\/verde-blanco-rojo-y-otros-5-colores-mexicanos-que-debes-llevar-en-tus-unas-este-mes-patrio\\\/#primaryimage\"},\"image\":{\"@id\":\"https:\\\/\\\/fuentesfidedignas.com.mx\\\/index.php\\\/2026\\\/09\\\/05\\\/verde-blanco-rojo-y-otros-5-colores-mexicanos-que-debes-llevar-en-tus-unas-este-mes-patrio\\\/#primaryimage\"},\"thumbnailUrl\":\"https:\\\/\\\/fuentesfidedignas.com.mx\\\/wp-content\\\/uploads\\\/2026\\\/09\\\/img_6731.jpeg\",\"datePublished\":\"2026-09-05T13:56:16+00:00\",\"breadcrumb\":{\"@id\":\"https:\\\/\\\/fuentesfidedignas.com.mx\\\/index.php\\\/2026\\\/09\\\/05\\\/verde-blanco-rojo-y-otros-5-colores-mexicanos-que-debes-llevar-en-tus-unas-este-mes-patrio\\\/#breadcrumb\"},\"inLanguage\":\"es\",\"potentialAction\":[{\"@type\":\"ReadAction\",\"target\":[\"https:\\\/\\\/fuentesfidedignas.com.mx\\\/index.php\\\/2026\\\/09\\\/05\\\/verde-blanco-rojo-y-otros-5-colores-mexicanos-que-debes-llevar-en-tus-unas-este-mes-patrio\\\/\"]}]},{\"@type\":\"ImageObject\",\"inLanguage\":\"es\",\"@id\":\"https:\\\/\\\/fuentesfidedignas.com.mx\\\/index.php\\\/2026\\\/09\\\/05\\\/verde-blanco-rojo-y-otros-5-colores-mexicanos-que-debes-llevar-en-tus-unas-este-mes-patrio\\\/#primaryimage\",\"url\":\"https:\\\/\\\/fuentesfidedignas.com.mx\\\/wp-content\\\/uploads\\\/2026\\\/09\\\/img_6731.jpeg\",\"contentUrl\":\"https:\\\/\\\/fuentesfidedignas.com.mx\\\/wp-content\\\/uploads\\\/2026\\\/09\\\/img_6731.jpeg\",\"width\":1920,\"height\":1081},{\"@type\":\"BreadcrumbList\",\"@id\":\"https:\\\/\\\/fuentesfidedignas.com.mx\\\/index.php\\\/2026\\\/09\\\/05\\\/verde-blanco-rojo-y-otros-5-colores-mexicanos-que-debes-llevar-en-tus-unas-este-mes-patrio\\\/#breadcrumb\",\"itemListElement\":[{\"@type\":\"ListItem\",\"position\":1,\"name\":\"Inicio\",\"item\":\"https:\\\/\\\/fuentesfidedignas.com.mx\\\/\"},{\"@type\":\"ListItem\",\"position\":2,\"name\":\"Verde, blanco, rojo y otros 5 colores mexicanos que debes llevar en tus u\u00f1as este mes patrio\"}]},{\"@type\":\"WebSite\",\"@id\":\"https:\\\/\\\/fuentesfidedignas.com.mx\\\/#website\",\"url\":\"https:\\\/\\\/fuentesfidedignas.com.mx\\\/\",\"name\":\"Fuentes Fidedignas\",\"description\":\"Otro sitio realizado con WordPress\",\"publisher\":{\"@id\":\"https:\\\/\\\/fuentesfidedignas.com.mx\\\/#organization\"},\"potentialAction\":[{\"@type\":\"SearchAction\",\"target\":{\"@type\":\"EntryPoint\",\"urlTemplate\":\"https:\\\/\\\/fuentesfidedignas.com.mx\\\/?s={search_term_string}\"},\"query-input\":{\"@type\":\"PropertyValueSpecification\",\"valueRequired\":true,\"valueName\":\"search_term_string\"}}],\"inLanguage\":\"es\"},{\"@type\":\"Organization\",\"@id\":\"https:\\\/\\\/fuentesfidedignas.com.mx\\\/#organization\",\"name\":\"Fuentes Fidedignas\",\"url\":\"https:\\\/\\\/fuentesfidedignas.com.mx\\\/\",\"logo\":{\"@type\":\"ImageObject\",\"inLanguage\":\"es\",\"@id\":\"https:\\\/\\\/fuentesfidedignas.com.mx\\\/#\\\/schema\\\/logo\\\/image\\\/\",\"url\":\"https:\\\/\\\/fuentesfidedignas.com.mx\\\/wp-content\\\/uploads\\\/2021\\\/04\\\/logo-retina.png\",\"contentUrl\":\"https:\\\/\\\/fuentesfidedignas.com.mx\\\/wp-content\\\/uploads\\\/2021\\\/04\\\/logo-retina.png\",\"width\":280,\"height\":51,\"caption\":\"Fuentes Fidedignas\"},\"image\":{\"@id\":\"https:\\\/\\\/fuentesfidedignas.com.mx\\\/#\\\/schema\\\/logo\\\/image\\\/\"},\"sameAs\":[\"https:\\\/\\\/www.facebook.com\\\/Fuentes-Fidedignas-368234489921644\",\"https:\\\/\\\/x.com\\\/fidedignas\"]},{\"@type\":\"Person\",\"@id\":\"https:\\\/\\\/fuentesfidedignas.com.mx\\\/#\\\/schema\\\/person\\\/50309ec448c3c363954c72120619e4ae\",\"name\":\"Cosmopolitan\",\"image\":{\"@type\":\"ImageObject\",\"inLanguage\":\"es\",\"@id\":\"https:\\\/\\\/secure.gravatar.com\\\/avatar\\\/7ef1b6954010d29f6883902ffbe53b303233edafac93682368e4c905b909a26d?s=96&d=mm&r=g\",\"url\":\"https:\\\/\\\/secure.gravatar.com\\\/avatar\\\/7ef1b6954010d29f6883902ffbe53b303233edafac93682368e4c905b909a26d?s=96&d=mm&r=g\",\"contentUrl\":\"https:\\\/\\\/secure.gravatar.com\\\/avatar\\\/7ef1b6954010d29f6883902ffbe53b303233edafac93682368e4c905b909a26d?s=96&d=mm&r=g\",\"caption\":\"Cosmopolitan\"},\"url\":\"https:\\\/\\\/fuentesfidedignas.com.mx\\\/index.php\\\/author\\\/cosmopolitan\\\/\"}]}<\/script>\n<!-- \/ Yoast SEO plugin. -->","yoast_head_json":{"title":"Verde, blanco, rojo y otros 5 colores mexicanos que debes llevar en tus u\u00f1as este mes patrio - Fuentes Fidedignas","robots":{"index":"index","follow":"follow","max-snippet":"max-snippet:-1","max-image-preview":"max-image-preview:large","max-video-preview":"max-video-preview:-1"},"canonical":"https:\/\/fuentesfidedignas.com.mx\/index.php\/2026\/09\/05\/verde-blanco-rojo-y-otros-5-colores-mexicanos-que-debes-llevar-en-tus-unas-este-mes-patrio\/","og_locale":"es_MX","og_type":"article","og_title":"Verde, blanco, rojo y otros 5 colores mexicanos que debes llevar en tus u\u00f1as este mes patrio - Fuentes Fidedignas","og_description":"Del verde intenso de los nopales al rosa vibrante de la bugambilia, estos tonos permiten crear dise\u00f1os elegantes, modernos y muy mexicanos. Los colores como el&nbsp;verde, blanco y rojo, se han convertido en un cl\u00e1sico del&nbsp;mes patrio; sin embargo, existen otros colores inspirados en la cultura, los paisajes y las&nbsp;tradiciones mexicanas&nbsp;que pueden convertirse en protagonistas [&hellip;]","og_url":"https:\/\/fuentesfidedignas.com.mx\/index.php\/2026\/09\/05\/verde-blanco-rojo-y-otros-5-colores-mexicanos-que-debes-llevar-en-tus-unas-este-mes-patrio\/","og_site_name":"Fuentes Fidedignas","article_publisher":"https:\/\/www.facebook.com\/Fuentes-Fidedignas-368234489921644","article_published_time":"2026-09-05T13:56:16+00:00","og_image":[{"width":1920,"height":1081,"url":"https:\/\/fuentesfidedignas.com.mx\/wp-content\/uploads\/2026\/09\/img_6731.jpeg","type":"image\/jpeg"}],"author":"Cosmopolitan","twitter_card":"summary_large_image","twitter_creator":"@fidedignas","twitter_site":"@fidedignas","twitter_misc":{"Escrito por":"Cosmopolitan","Tiempo de lectura":"3 minutos"},"schema":{"@context":"https:\/\/schema.org","@graph":[{"@type":"Article","@id":"https:\/\/fuentesfidedignas.com.mx\/index.php\/2026\/09\/05\/verde-blanco-rojo-y-otros-5-colores-mexicanos-que-debes-llevar-en-tus-unas-este-mes-patrio\/#article","isPartOf":{"@id":"https:\/\/fuentesfidedignas.com.mx\/index.php\/2026\/09\/05\/verde-blanco-rojo-y-otros-5-colores-mexicanos-que-debes-llevar-en-tus-unas-este-mes-patrio\/"},"author":{"name":"Cosmopolitan","@id":"https:\/\/fuentesfidedignas.com.mx\/#\/schema\/person\/50309ec448c3c363954c72120619e4ae"},"headline":"Verde, blanco, rojo y otros 5 colores mexicanos que debes llevar en tus u\u00f1as este mes patrio","datePublished":"2026-09-05T13:56:16+00:00","mainEntityOfPage":{"@id":"https:\/\/fuentesfidedignas.com.mx\/index.php\/2026\/09\/05\/verde-blanco-rojo-y-otros-5-colores-mexicanos-que-debes-llevar-en-tus-unas-este-mes-patrio\/"},"wordCount":612,"publisher":{"@id":"https:\/\/fuentesfidedignas.com.mx\/#organization"},"image":{"@id":"https:\/\/fuentesfidedignas.com.mx\/index.php\/2026\/09\/05\/verde-blanco-rojo-y-otros-5-colores-mexicanos-que-debes-llevar-en-tus-unas-este-mes-patrio\/#primaryimage"},"thumbnailUrl":"https:\/\/fuentesfidedignas.com.mx\/wp-content\/uploads\/2026\/09\/img_6731.jpeg","articleSection":["REVIEW MAGAZINE","Reviews"],"inLanguage":"es"},{"@type":"WebPage","@id":"https:\/\/fuentesfidedignas.com.mx\/index.php\/2026\/09\/05\/verde-blanco-rojo-y-otros-5-colores-mexicanos-que-debes-llevar-en-tus-unas-este-mes-patrio\/","url":"https:\/\/fuentesfidedignas.com.mx\/index.php\/2026\/09\/05\/verde-blanco-rojo-y-otros-5-colores-mexicanos-que-debes-llevar-en-tus-unas-este-mes-patrio\/","name":"Verde, blanco, rojo y otros 5 colores mexicanos que debes llevar en tus u\u00f1as este mes patrio - Fuentes Fidedignas","isPartOf":{"@id":"https:\/\/fuentesfidedignas.com.mx\/#website"},"primaryImageOfPage":{"@id":"https:\/\/fuentesfidedignas.com.mx\/index.php\/2026\/09\/05\/verde-blanco-rojo-y-otros-5-colores-mexicanos-que-debes-llevar-en-tus-unas-este-mes-patrio\/#primaryimage"},"image":{"@id":"https:\/\/fuentesfidedignas.com.mx\/index.php\/2026\/09\/05\/verde-blanco-rojo-y-otros-5-colores-mexicanos-que-debes-llevar-en-tus-unas-este-mes-patrio\/#primaryimage"},"thumbnailUrl":"https:\/\/fuentesfidedignas.com.mx\/wp-content\/uploads\/2026\/09\/img_6731.jpeg","datePublished":"2026-09-05T13:56:16+00:00","breadcrumb":{"@id":"https:\/\/fuentesfidedignas.com.mx\/index.php\/2026\/09\/05\/verde-blanco-rojo-y-otros-5-colores-mexicanos-que-debes-llevar-en-tus-unas-este-mes-patrio\/#breadcrumb"},"inLanguage":"es","potentialAction":[{"@type":"ReadAction","target":["https:\/\/fuentesfidedignas.com.mx\/index.php\/2026\/09\/05\/verde-blanco-rojo-y-otros-5-colores-mexicanos-que-debes-llevar-en-tus-unas-este-mes-patrio\/"]}]},{"@type":"ImageObject","inLanguage":"es","@id":"https:\/\/fuentesfidedignas.com.mx\/index.php\/2026\/09\/05\/verde-blanco-rojo-y-otros-5-colores-mexicanos-que-debes-llevar-en-tus-unas-este-mes-patrio\/#primaryimage","url":"https:\/\/fuentesfidedignas.com.mx\/wp-content\/uploads\/2026\/09\/img_6731.jpeg","contentUrl":"https:\/\/fuentesfidedignas.com.mx\/wp-content\/uploads\/2026\/09\/img_6731.jpeg","width":1920,"height":1081},{"@type":"BreadcrumbList","@id":"https:\/\/fuentesfidedignas.com.mx\/index.php\/2026\/09\/05\/verde-blanco-rojo-y-otros-5-colores-mexicanos-que-debes-llevar-en-tus-unas-este-mes-patrio\/#breadcrumb","itemListElement":[{"@type":"ListItem","position":1,"name":"Inicio","item":"https:\/\/fuentesfidedignas.com.mx\/"},{"@type":"ListItem","position":2,"name":"Verde, blanco, rojo y otros 5 colores mexicanos que debes llevar en tus u\u00f1as este mes patrio"}]},{"@type":"WebSite","@id":"https:\/\/fuentesfidedignas.com.mx\/#website","url":"https:\/\/fuentesfidedignas.com.mx\/","name":"Fuentes Fidedignas","description":"Otro sitio realizado con WordPress","publisher":{"@id":"https:\/\/fuentesfidedignas.com.mx\/#organization"},"potentialAction":[{"@type":"SearchAction","target":{"@type":"EntryPoint","urlTemplate":"https:\/\/fuentesfidedignas.com.mx\/?s={search_term_string}"},"query-input":{"@type":"PropertyValueSpecification","valueRequired":true,"valueName":"search_term_string"}}],"inLanguage":"es"},{"@type":"Organization","@id":"https:\/\/fuentesfidedignas.com.mx\/#organization","name":"Fuentes Fidedignas","url":"https:\/\/fuentesfidedignas.com.mx\/","logo":{"@type":"ImageObject","inLanguage":"es","@id":"https:\/\/fuentesfidedignas.com.mx\/#\/schema\/logo\/image\/","url":"https:\/\/fuentesfidedignas.com.mx\/wp-content\/uploads\/2021\/04\/logo-retina.png","contentUrl":"https:\/\/fuentesfidedignas.com.mx\/wp-content\/uploads\/2021\/04\/logo-retina.png","width":280,"height":51,"caption":"Fuentes Fidedignas"},"image":{"@id":"https:\/\/fuentesfidedignas.com.mx\/#\/schema\/logo\/image\/"},"sameAs":["https:\/\/www.facebook.com\/Fuentes-Fidedignas-368234489921644","https:\/\/x.com\/fidedignas"]},{"@type":"Person","@id":"https:\/\/fuentesfidedignas.com.mx\/#\/schema\/person\/50309ec448c3c363954c72120619e4ae","name":"Cosmopolitan","image":{"@type":"ImageObject","inLanguage":"es","@id":"https:\/\/secure.gravatar.com\/avatar\/7ef1b6954010d29f6883902ffbe53b303233edafac93682368e4c905b909a26d?s=96&d=mm&r=g","url":"https:\/\/secure.gravatar.com\/avatar\/7ef1b6954010d29f6883902ffbe53b303233edafac93682368e4c905b909a26d?s=96&d=mm&r=g","contentUrl":"https:\/\/secure.gravatar.com\/avatar\/7ef1b6954010d29f6883902ffbe53b303233edafac93682368e4c905b909a26d?s=96&d=mm&r=g","caption":"Cosmopolitan"},"url":"https:\/\/fuentesfidedignas.com.mx\/index.php\/author\/cosmopolitan\/"}]}},"_links":{"self":[{"href":"https:\/\/fuentesfidedignas.com.mx\/index.php\/wp-json\/wp\/v2\/posts\/141682","targetHints":{"allow":["GET"]}}],"collection":[{"href":"https:\/\/fuentesfidedignas.com.mx\/index.php\/wp-json\/wp\/v2\/posts"}],"about":[{"href":"https:\/\/fuentesfidedignas.com.mx\/index.php\/wp-json\/wp\/v2\/types\/post"}],"author":[{"embeddable":true,"href":"https:\/\/fuentesfidedignas.com.mx\/index.php\/wp-json\/wp\/v2\/users\/34"}],"replies":[{"embeddable":true,"href":"https:\/\/fuentesfidedignas.com.mx\/index.php\/wp-json\/wp\/v2\/comments?post=141682"}],"version-history":[{"count":1,"href":"https:\/\/fuentesfidedignas.com.mx\/index.php\/wp-json\/wp\/v2\/posts\/141682\/revisions"}],"predecessor-version":[{"id":141683,"href":"https:\/\/fuentesfidedignas.com.mx\/index.php\/wp-json\/wp\/v2\/posts\/141682\/revisions\/141683"}],"wp:featuredmedia":[{"embeddable":true,"href":"https:\/\/fuentesfidedignas.com.mx\/index.php\/wp-json\/wp\/v2\/media\/141681"}],"wp:attachment":[{"href":"https:\/\/fuentesfidedignas.com.mx\/index.php\/wp-json\/wp\/v2\/media?parent=141682"}],"wp:term":[{"taxonomy":"category","embeddable":true,"href":"https:\/\/fuentesfidedignas.com.mx\/index.php\/wp-json\/wp\/v2\/categories?post=141682"},{"taxonomy":"post_tag","embeddable":true,"href":"https:\/\/fuentesfidedignas.com.mx\/index.php\/wp-json\/wp\/v2\/tags?post=141682"}],"curies":[{"name":"wp","href":"https:\/\/api.w.org\/{rel}","templated":true}]}}