{"id":141672,"date":"2026-09-04T16:39:46","date_gmt":"2026-09-04T23:39:46","guid":{"rendered":"https:\/\/fuentesfidedignas.com.mx\/?p=141672"},"modified":"2026-09-04T16:39:53","modified_gmt":"2026-09-04T23:39:53","slug":"uas-refuerza-atencion-para-prevenir-el-abandono-escolar","status":"publish","type":"post","link":"https:\/\/fuentesfidedignas.com.mx\/index.php\/2026\/09\/04\/uas-refuerza-atencion-para-prevenir-el-abandono-escolar\/","title":{"rendered":"UAS refuerza atenci\u00f3n para prevenir el abandono escolar"},"content":{"rendered":"\n<p class=\"wp-block-paragraph\"><\/p>\n\n\n\n<p class=\"wp-block-paragraph\">Con el objetivo de unificar criterios acad\u00e9micos y dar seguimiento oportuno a la trayectoria escolar de sus estudiantes, la Universidad Aut\u00f3noma de Sinaloa (UAS), a trav\u00e9s de la Direcci\u00f3n General de Escuelas Preparatorias (DGEP), puso en marcha los trabajos del taller \u201cPlan Estrat\u00e9gico de Intervenci\u00f3n para la Atenci\u00f3n de Factores de Riesgo e Incremento de la Eficiencia Terminal\u201d.<\/p>\n\n\n\n<p class=\"wp-block-paragraph\">Durante el encuentro, que reuni\u00f3 a directores, responsables de Control Escolar y coordinadores del Programa de Tutor\u00edas de las unidades acad\u00e9micas y extensiones de la Unidad Regional Centro, se establecieron las directrices de trabajo para el ciclo escolar 2026-2027. La estrategia contempla un acompa\u00f1amiento continuo desde el inicio de clases, la aplicaci\u00f3n de evaluaciones parciales con car\u00e1cter preventivo, sin esperar a las actas finales ordinarias o extraordinarias, as\u00ed como una vinculaci\u00f3n permanente con los padres de familia para detectar y atender oportunamente las \u00e1reas de oportunidad.<\/p>\n\n\n\n<p class=\"wp-block-paragraph\">La maestra Marisol Mendoza Flores, directora general de Escuelas Preparatorias, destac\u00f3 que el bachillerato cuenta con un diagn\u00f3stico favorable y s\u00f3lidos indicadores de eficiencia terminal; sin embargo, enfatiz\u00f3 la importancia de mantener y fortalecer las acciones de seguimiento.<\/p>\n\n\n\n<p class=\"wp-block-paragraph\">\u201cEl objetivo principal es unificar criterios dentro de nuestras unidades acad\u00e9micas para desarrollar estrategias que nos ayuden a seguir fortaleciendo la eficiencia terminal. Queremos que los estudiantes que ingresan con confianza a nuestro bachillerato puedan egresar de la misma manera e ingresar al nivel superior. Siguiendo las orientaciones de nuestro rector, el doctor Jes\u00fas Madue\u00f1a Molina, trabajamos convencidos de que el trabajo en equipo siempre da mejores resultados\u201d, afirm\u00f3 Mendoza Flores.<\/p>\n\n\n\n<p class=\"wp-block-paragraph\">Por su parte, el doctor Alfonso Mercado G\u00f3mez, director general de Servicios Escolares, estuvo a cargo de la declaratoria inaugural del evento. En su mensaje, celebr\u00f3 la articulaci\u00f3n entre las \u00e1reas directivas, de tutor\u00edas y de control escolar para atender a una matr\u00edcula de nivel medio superior que supera los 63 mil estudiantes. Mercado G\u00f3mez subray\u00f3 que la atenci\u00f3n socioemocional y el seguimiento a la permanencia escolar son factores fundamentales tanto para favorecer el rendimiento acad\u00e9mico como para dar cumplimiento a las normativas federales y a los procesos de auditor\u00eda de matr\u00edcula.<\/p>\n\n\n\n<p class=\"wp-block-paragraph\">El pres\u00eddium tambi\u00e9n cont\u00f3 con la presencia de la doctora Nidia Micaela L\u00f3pez Leyva, directora del Centro de Atenci\u00f3n Estudiantil (ECA); el doctor Dami\u00e1n Rend\u00f3n Toledo, subdirector acad\u00e9mico de la DGEP; el doctor Ivonneck Carrasco Angulo, director del Colegio Regional del Bachillerato en la Unidad Regional Centro; la maestra Mar\u00eda del Carmen Melisa Quintero F\u00e9lix y el doctor Julio C\u00e9sar F\u00e9lix Herrera, coordinadores estatales de Tutor\u00edas del Bachillerato UAS e instructores del taller.<\/p>\n\n\n\n<p class=\"wp-block-paragraph\">Con estas acciones, la Universidad Aut\u00f3noma de Sinaloa reafirma su compromiso institucional de colocar a las y los estudiantes en el centro de su quehacer, mediante estrategias y herramientas integrales que contribuyan a su permanencia escolar y les permitan culminar con \u00e9xito sus estudios de nivel medio superior.<\/p>\n","protected":false},"excerpt":{"rendered":"<p>Con el objetivo de unificar criterios acad\u00e9micos y dar seguimiento oportuno a la trayectoria escolar de sus estudiantes, la Universidad Aut\u00f3noma de Sinaloa (UAS), a trav\u00e9s de la Direcci\u00f3n General de Escuelas Preparatorias (DGEP), puso en marcha los trabajos del taller \u201cPlan Estrat\u00e9gico de Intervenci\u00f3n para la Atenci\u00f3n de Factores de Riesgo e Incremento de [&hellip;]<\/p>\n","protected":false},"author":4,"featured_media":141673,"comment_status":"open","ping_status":"open","sticky":false,"template":"","format":"standard","meta":{"tdm_status":"","tdm_grid_status":"","footnotes":""},"categories":[38],"tags":[],"class_list":["post-141672","post","type-post","status-publish","format-standard","has-post-thumbnail","category-noticias-locales"],"yoast_head":"<!-- This site is optimized with the Yoast SEO plugin v28.4 - https:\/\/yoast.com\/product\/yoast-seo-wordpress\/ -->\n<title>UAS refuerza atenci\u00f3n para prevenir el abandono escolar - Fuentes Fidedignas<\/title>\n<meta name=\"robots\" content=\"index, follow, max-snippet:-1, max-image-preview:large, max-video-preview:-1\" \/>\n<link rel=\"canonical\" href=\"https:\/\/fuentesfidedignas.com.mx\/index.php\/2026\/09\/04\/uas-refuerza-atencion-para-prevenir-el-abandono-escolar\/\" \/>\n<meta property=\"og:locale\" content=\"es_MX\" \/>\n<meta property=\"og:type\" content=\"article\" \/>\n<meta property=\"og:title\" content=\"UAS refuerza atenci\u00f3n para prevenir el abandono escolar - Fuentes Fidedignas\" \/>\n<meta property=\"og:description\" content=\"Con el objetivo de unificar criterios acad\u00e9micos y dar seguimiento oportuno a la trayectoria escolar de sus estudiantes, la Universidad Aut\u00f3noma de Sinaloa (UAS), a trav\u00e9s de la Direcci\u00f3n General de Escuelas Preparatorias (DGEP), puso en marcha los trabajos del taller \u201cPlan Estrat\u00e9gico de Intervenci\u00f3n para la Atenci\u00f3n de Factores de Riesgo e Incremento de [&hellip;]\" \/>\n<meta property=\"og:url\" content=\"https:\/\/fuentesfidedignas.com.mx\/index.php\/2026\/09\/04\/uas-refuerza-atencion-para-prevenir-el-abandono-escolar\/\" \/>\n<meta property=\"og:site_name\" content=\"Fuentes Fidedignas\" \/>\n<meta property=\"article:publisher\" content=\"https:\/\/www.facebook.com\/Fuentes-Fidedignas-368234489921644\" \/>\n<meta property=\"article:published_time\" content=\"2026-09-04T23:39:46+00:00\" \/>\n<meta property=\"article:modified_time\" content=\"2026-09-04T23:39:53+00:00\" \/>\n<meta property=\"og:image\" content=\"https:\/\/fuentesfidedignas.com.mx\/wp-content\/uploads\/2026\/09\/IMG_8823.jpeg\" \/>\n\t<meta property=\"og:image:width\" content=\"1920\" \/>\n\t<meta property=\"og:image:height\" content=\"1279\" \/>\n\t<meta property=\"og:image:type\" content=\"image\/jpeg\" \/>\n<meta name=\"author\" content=\"Redacci\u00f3n\" \/>\n<meta name=\"twitter:card\" content=\"summary_large_image\" \/>\n<meta name=\"twitter:creator\" content=\"@fidedignas\" \/>\n<meta name=\"twitter:site\" content=\"@fidedignas\" \/>\n<meta name=\"twitter:label1\" content=\"Escrito por\" \/>\n\t<meta name=\"twitter:data1\" content=\"Redacci\u00f3n\" \/>\n\t<meta name=\"twitter:label2\" content=\"Tiempo de lectura\" \/>\n\t<meta name=\"twitter:data2\" content=\"3 minutos\" \/>\n<script type=\"application\/ld+json\" class=\"yoast-schema-graph\">{\"@context\":\"https:\\\/\\\/schema.org\",\"@graph\":[{\"@type\":\"Article\",\"@id\":\"https:\\\/\\\/fuentesfidedignas.com.mx\\\/index.php\\\/2026\\\/09\\\/04\\\/uas-refuerza-atencion-para-prevenir-el-abandono-escolar\\\/#article\",\"isPartOf\":{\"@id\":\"https:\\\/\\\/fuentesfidedignas.com.mx\\\/index.php\\\/2026\\\/09\\\/04\\\/uas-refuerza-atencion-para-prevenir-el-abandono-escolar\\\/\"},\"author\":{\"name\":\"Redacci\u00f3n\",\"@id\":\"https:\\\/\\\/fuentesfidedignas.com.mx\\\/#\\\/schema\\\/person\\\/331be9283d37198e2acd5750279085b0\"},\"headline\":\"UAS refuerza atenci\u00f3n para prevenir el abandono escolar\",\"datePublished\":\"2026-09-04T23:39:46+00:00\",\"dateModified\":\"2026-09-04T23:39:53+00:00\",\"mainEntityOfPage\":{\"@id\":\"https:\\\/\\\/fuentesfidedignas.com.mx\\\/index.php\\\/2026\\\/09\\\/04\\\/uas-refuerza-atencion-para-prevenir-el-abandono-escolar\\\/\"},\"wordCount\":514,\"commentCount\":0,\"publisher\":{\"@id\":\"https:\\\/\\\/fuentesfidedignas.com.mx\\\/#organization\"},\"image\":{\"@id\":\"https:\\\/\\\/fuentesfidedignas.com.mx\\\/index.php\\\/2026\\\/09\\\/04\\\/uas-refuerza-atencion-para-prevenir-el-abandono-escolar\\\/#primaryimage\"},\"thumbnailUrl\":\"https:\\\/\\\/fuentesfidedignas.com.mx\\\/wp-content\\\/uploads\\\/2026\\\/09\\\/IMG_8823.jpeg\",\"articleSection\":[\"NOTICIAS LOCALES\"],\"inLanguage\":\"es\",\"potentialAction\":[{\"@type\":\"CommentAction\",\"name\":\"Comment\",\"target\":[\"https:\\\/\\\/fuentesfidedignas.com.mx\\\/index.php\\\/2026\\\/09\\\/04\\\/uas-refuerza-atencion-para-prevenir-el-abandono-escolar\\\/#respond\"]}]},{\"@type\":\"WebPage\",\"@id\":\"https:\\\/\\\/fuentesfidedignas.com.mx\\\/index.php\\\/2026\\\/09\\\/04\\\/uas-refuerza-atencion-para-prevenir-el-abandono-escolar\\\/\",\"url\":\"https:\\\/\\\/fuentesfidedignas.com.mx\\\/index.php\\\/2026\\\/09\\\/04\\\/uas-refuerza-atencion-para-prevenir-el-abandono-escolar\\\/\",\"name\":\"UAS refuerza atenci\u00f3n para prevenir el abandono escolar - Fuentes Fidedignas\",\"isPartOf\":{\"@id\":\"https:\\\/\\\/fuentesfidedignas.com.mx\\\/#website\"},\"primaryImageOfPage\":{\"@id\":\"https:\\\/\\\/fuentesfidedignas.com.mx\\\/index.php\\\/2026\\\/09\\\/04\\\/uas-refuerza-atencion-para-prevenir-el-abandono-escolar\\\/#primaryimage\"},\"image\":{\"@id\":\"https:\\\/\\\/fuentesfidedignas.com.mx\\\/index.php\\\/2026\\\/09\\\/04\\\/uas-refuerza-atencion-para-prevenir-el-abandono-escolar\\\/#primaryimage\"},\"thumbnailUrl\":\"https:\\\/\\\/fuentesfidedignas.com.mx\\\/wp-content\\\/uploads\\\/2026\\\/09\\\/IMG_8823.jpeg\",\"datePublished\":\"2026-09-04T23:39:46+00:00\",\"dateModified\":\"2026-09-04T23:39:53+00:00\",\"breadcrumb\":{\"@id\":\"https:\\\/\\\/fuentesfidedignas.com.mx\\\/index.php\\\/2026\\\/09\\\/04\\\/uas-refuerza-atencion-para-prevenir-el-abandono-escolar\\\/#breadcrumb\"},\"inLanguage\":\"es\",\"potentialAction\":[{\"@type\":\"ReadAction\",\"target\":[\"https:\\\/\\\/fuentesfidedignas.com.mx\\\/index.php\\\/2026\\\/09\\\/04\\\/uas-refuerza-atencion-para-prevenir-el-abandono-escolar\\\/\"]}]},{\"@type\":\"ImageObject\",\"inLanguage\":\"es\",\"@id\":\"https:\\\/\\\/fuentesfidedignas.com.mx\\\/index.php\\\/2026\\\/09\\\/04\\\/uas-refuerza-atencion-para-prevenir-el-abandono-escolar\\\/#primaryimage\",\"url\":\"https:\\\/\\\/fuentesfidedignas.com.mx\\\/wp-content\\\/uploads\\\/2026\\\/09\\\/IMG_8823.jpeg\",\"contentUrl\":\"https:\\\/\\\/fuentesfidedignas.com.mx\\\/wp-content\\\/uploads\\\/2026\\\/09\\\/IMG_8823.jpeg\",\"width\":1920,\"height\":1279},{\"@type\":\"BreadcrumbList\",\"@id\":\"https:\\\/\\\/fuentesfidedignas.com.mx\\\/index.php\\\/2026\\\/09\\\/04\\\/uas-refuerza-atencion-para-prevenir-el-abandono-escolar\\\/#breadcrumb\",\"itemListElement\":[{\"@type\":\"ListItem\",\"position\":1,\"name\":\"Inicio\",\"item\":\"https:\\\/\\\/fuentesfidedignas.com.mx\\\/\"},{\"@type\":\"ListItem\",\"position\":2,\"name\":\"UAS refuerza atenci\u00f3n para prevenir el abandono escolar\"}]},{\"@type\":\"WebSite\",\"@id\":\"https:\\\/\\\/fuentesfidedignas.com.mx\\\/#website\",\"url\":\"https:\\\/\\\/fuentesfidedignas.com.mx\\\/\",\"name\":\"Fuentes Fidedignas\",\"description\":\"Otro sitio realizado con WordPress\",\"publisher\":{\"@id\":\"https:\\\/\\\/fuentesfidedignas.com.mx\\\/#organization\"},\"potentialAction\":[{\"@type\":\"SearchAction\",\"target\":{\"@type\":\"EntryPoint\",\"urlTemplate\":\"https:\\\/\\\/fuentesfidedignas.com.mx\\\/?s={search_term_string}\"},\"query-input\":{\"@type\":\"PropertyValueSpecification\",\"valueRequired\":true,\"valueName\":\"search_term_string\"}}],\"inLanguage\":\"es\"},{\"@type\":\"Organization\",\"@id\":\"https:\\\/\\\/fuentesfidedignas.com.mx\\\/#organization\",\"name\":\"Fuentes Fidedignas\",\"url\":\"https:\\\/\\\/fuentesfidedignas.com.mx\\\/\",\"logo\":{\"@type\":\"ImageObject\",\"inLanguage\":\"es\",\"@id\":\"https:\\\/\\\/fuentesfidedignas.com.mx\\\/#\\\/schema\\\/logo\\\/image\\\/\",\"url\":\"https:\\\/\\\/fuentesfidedignas.com.mx\\\/wp-content\\\/uploads\\\/2021\\\/04\\\/logo-retina.png\",\"contentUrl\":\"https:\\\/\\\/fuentesfidedignas.com.mx\\\/wp-content\\\/uploads\\\/2021\\\/04\\\/logo-retina.png\",\"width\":280,\"height\":51,\"caption\":\"Fuentes Fidedignas\"},\"image\":{\"@id\":\"https:\\\/\\\/fuentesfidedignas.com.mx\\\/#\\\/schema\\\/logo\\\/image\\\/\"},\"sameAs\":[\"https:\\\/\\\/www.facebook.com\\\/Fuentes-Fidedignas-368234489921644\",\"https:\\\/\\\/x.com\\\/fidedignas\"]},{\"@type\":\"Person\",\"@id\":\"https:\\\/\\\/fuentesfidedignas.com.mx\\\/#\\\/schema\\\/person\\\/331be9283d37198e2acd5750279085b0\",\"name\":\"Redacci\u00f3n\",\"image\":{\"@type\":\"ImageObject\",\"inLanguage\":\"es\",\"@id\":\"https:\\\/\\\/secure.gravatar.com\\\/avatar\\\/f6d8782c11d12b2d4ad3fbb6931aeab5309937a4d6cd2fc9cfaa28a6396a5aec?s=96&d=mm&r=g\",\"url\":\"https:\\\/\\\/secure.gravatar.com\\\/avatar\\\/f6d8782c11d12b2d4ad3fbb6931aeab5309937a4d6cd2fc9cfaa28a6396a5aec?s=96&d=mm&r=g\",\"contentUrl\":\"https:\\\/\\\/secure.gravatar.com\\\/avatar\\\/f6d8782c11d12b2d4ad3fbb6931aeab5309937a4d6cd2fc9cfaa28a6396a5aec?s=96&d=mm&r=g\",\"caption\":\"Redacci\u00f3n\"},\"url\":\"https:\\\/\\\/fuentesfidedignas.com.mx\\\/index.php\\\/author\\\/redaccion\\\/\"}]}<\/script>\n<!-- \/ Yoast SEO plugin. -->","yoast_head_json":{"title":"UAS refuerza atenci\u00f3n para prevenir el abandono escolar - Fuentes Fidedignas","robots":{"index":"index","follow":"follow","max-snippet":"max-snippet:-1","max-image-preview":"max-image-preview:large","max-video-preview":"max-video-preview:-1"},"canonical":"https:\/\/fuentesfidedignas.com.mx\/index.php\/2026\/09\/04\/uas-refuerza-atencion-para-prevenir-el-abandono-escolar\/","og_locale":"es_MX","og_type":"article","og_title":"UAS refuerza atenci\u00f3n para prevenir el abandono escolar - Fuentes Fidedignas","og_description":"Con el objetivo de unificar criterios acad\u00e9micos y dar seguimiento oportuno a la trayectoria escolar de sus estudiantes, la Universidad Aut\u00f3noma de Sinaloa (UAS), a trav\u00e9s de la Direcci\u00f3n General de Escuelas Preparatorias (DGEP), puso en marcha los trabajos del taller \u201cPlan Estrat\u00e9gico de Intervenci\u00f3n para la Atenci\u00f3n de Factores de Riesgo e Incremento de [&hellip;]","og_url":"https:\/\/fuentesfidedignas.com.mx\/index.php\/2026\/09\/04\/uas-refuerza-atencion-para-prevenir-el-abandono-escolar\/","og_site_name":"Fuentes Fidedignas","article_publisher":"https:\/\/www.facebook.com\/Fuentes-Fidedignas-368234489921644","article_published_time":"2026-09-04T23:39:46+00:00","article_modified_time":"2026-09-04T23:39:53+00:00","og_image":[{"width":1920,"height":1279,"url":"https:\/\/fuentesfidedignas.com.mx\/wp-content\/uploads\/2026\/09\/IMG_8823.jpeg","type":"image\/jpeg"}],"author":"Redacci\u00f3n","twitter_card":"summary_large_image","twitter_creator":"@fidedignas","twitter_site":"@fidedignas","twitter_misc":{"Escrito por":"Redacci\u00f3n","Tiempo de lectura":"3 minutos"},"schema":{"@context":"https:\/\/schema.org","@graph":[{"@type":"Article","@id":"https:\/\/fuentesfidedignas.com.mx\/index.php\/2026\/09\/04\/uas-refuerza-atencion-para-prevenir-el-abandono-escolar\/#article","isPartOf":{"@id":"https:\/\/fuentesfidedignas.com.mx\/index.php\/2026\/09\/04\/uas-refuerza-atencion-para-prevenir-el-abandono-escolar\/"},"author":{"name":"Redacci\u00f3n","@id":"https:\/\/fuentesfidedignas.com.mx\/#\/schema\/person\/331be9283d37198e2acd5750279085b0"},"headline":"UAS refuerza atenci\u00f3n para prevenir el abandono escolar","datePublished":"2026-09-04T23:39:46+00:00","dateModified":"2026-09-04T23:39:53+00:00","mainEntityOfPage":{"@id":"https:\/\/fuentesfidedignas.com.mx\/index.php\/2026\/09\/04\/uas-refuerza-atencion-para-prevenir-el-abandono-escolar\/"},"wordCount":514,"commentCount":0,"publisher":{"@id":"https:\/\/fuentesfidedignas.com.mx\/#organization"},"image":{"@id":"https:\/\/fuentesfidedignas.com.mx\/index.php\/2026\/09\/04\/uas-refuerza-atencion-para-prevenir-el-abandono-escolar\/#primaryimage"},"thumbnailUrl":"https:\/\/fuentesfidedignas.com.mx\/wp-content\/uploads\/2026\/09\/IMG_8823.jpeg","articleSection":["NOTICIAS LOCALES"],"inLanguage":"es","potentialAction":[{"@type":"CommentAction","name":"Comment","target":["https:\/\/fuentesfidedignas.com.mx\/index.php\/2026\/09\/04\/uas-refuerza-atencion-para-prevenir-el-abandono-escolar\/#respond"]}]},{"@type":"WebPage","@id":"https:\/\/fuentesfidedignas.com.mx\/index.php\/2026\/09\/04\/uas-refuerza-atencion-para-prevenir-el-abandono-escolar\/","url":"https:\/\/fuentesfidedignas.com.mx\/index.php\/2026\/09\/04\/uas-refuerza-atencion-para-prevenir-el-abandono-escolar\/","name":"UAS refuerza atenci\u00f3n para prevenir el abandono escolar - Fuentes Fidedignas","isPartOf":{"@id":"https:\/\/fuentesfidedignas.com.mx\/#website"},"primaryImageOfPage":{"@id":"https:\/\/fuentesfidedignas.com.mx\/index.php\/2026\/09\/04\/uas-refuerza-atencion-para-prevenir-el-abandono-escolar\/#primaryimage"},"image":{"@id":"https:\/\/fuentesfidedignas.com.mx\/index.php\/2026\/09\/04\/uas-refuerza-atencion-para-prevenir-el-abandono-escolar\/#primaryimage"},"thumbnailUrl":"https:\/\/fuentesfidedignas.com.mx\/wp-content\/uploads\/2026\/09\/IMG_8823.jpeg","datePublished":"2026-09-04T23:39:46+00:00","dateModified":"2026-09-04T23:39:53+00:00","breadcrumb":{"@id":"https:\/\/fuentesfidedignas.com.mx\/index.php\/2026\/09\/04\/uas-refuerza-atencion-para-prevenir-el-abandono-escolar\/#breadcrumb"},"inLanguage":"es","potentialAction":[{"@type":"ReadAction","target":["https:\/\/fuentesfidedignas.com.mx\/index.php\/2026\/09\/04\/uas-refuerza-atencion-para-prevenir-el-abandono-escolar\/"]}]},{"@type":"ImageObject","inLanguage":"es","@id":"https:\/\/fuentesfidedignas.com.mx\/index.php\/2026\/09\/04\/uas-refuerza-atencion-para-prevenir-el-abandono-escolar\/#primaryimage","url":"https:\/\/fuentesfidedignas.com.mx\/wp-content\/uploads\/2026\/09\/IMG_8823.jpeg","contentUrl":"https:\/\/fuentesfidedignas.com.mx\/wp-content\/uploads\/2026\/09\/IMG_8823.jpeg","width":1920,"height":1279},{"@type":"BreadcrumbList","@id":"https:\/\/fuentesfidedignas.com.mx\/index.php\/2026\/09\/04\/uas-refuerza-atencion-para-prevenir-el-abandono-escolar\/#breadcrumb","itemListElement":[{"@type":"ListItem","position":1,"name":"Inicio","item":"https:\/\/fuentesfidedignas.com.mx\/"},{"@type":"ListItem","position":2,"name":"UAS refuerza atenci\u00f3n para prevenir el abandono escolar"}]},{"@type":"WebSite","@id":"https:\/\/fuentesfidedignas.com.mx\/#website","url":"https:\/\/fuentesfidedignas.com.mx\/","name":"Fuentes Fidedignas","description":"Otro sitio realizado con WordPress","publisher":{"@id":"https:\/\/fuentesfidedignas.com.mx\/#organization"},"potentialAction":[{"@type":"SearchAction","target":{"@type":"EntryPoint","urlTemplate":"https:\/\/fuentesfidedignas.com.mx\/?s={search_term_string}"},"query-input":{"@type":"PropertyValueSpecification","valueRequired":true,"valueName":"search_term_string"}}],"inLanguage":"es"},{"@type":"Organization","@id":"https:\/\/fuentesfidedignas.com.mx\/#organization","name":"Fuentes Fidedignas","url":"https:\/\/fuentesfidedignas.com.mx\/","logo":{"@type":"ImageObject","inLanguage":"es","@id":"https:\/\/fuentesfidedignas.com.mx\/#\/schema\/logo\/image\/","url":"https:\/\/fuentesfidedignas.com.mx\/wp-content\/uploads\/2021\/04\/logo-retina.png","contentUrl":"https:\/\/fuentesfidedignas.com.mx\/wp-content\/uploads\/2021\/04\/logo-retina.png","width":280,"height":51,"caption":"Fuentes Fidedignas"},"image":{"@id":"https:\/\/fuentesfidedignas.com.mx\/#\/schema\/logo\/image\/"},"sameAs":["https:\/\/www.facebook.com\/Fuentes-Fidedignas-368234489921644","https:\/\/x.com\/fidedignas"]},{"@type":"Person","@id":"https:\/\/fuentesfidedignas.com.mx\/#\/schema\/person\/331be9283d37198e2acd5750279085b0","name":"Redacci\u00f3n","image":{"@type":"ImageObject","inLanguage":"es","@id":"https:\/\/secure.gravatar.com\/avatar\/f6d8782c11d12b2d4ad3fbb6931aeab5309937a4d6cd2fc9cfaa28a6396a5aec?s=96&d=mm&r=g","url":"https:\/\/secure.gravatar.com\/avatar\/f6d8782c11d12b2d4ad3fbb6931aeab5309937a4d6cd2fc9cfaa28a6396a5aec?s=96&d=mm&r=g","contentUrl":"https:\/\/secure.gravatar.com\/avatar\/f6d8782c11d12b2d4ad3fbb6931aeab5309937a4d6cd2fc9cfaa28a6396a5aec?s=96&d=mm&r=g","caption":"Redacci\u00f3n"},"url":"https:\/\/fuentesfidedignas.com.mx\/index.php\/author\/redaccion\/"}]}},"_links":{"self":[{"href":"https:\/\/fuentesfidedignas.com.mx\/index.php\/wp-json\/wp\/v2\/posts\/141672","targetHints":{"allow":["GET"]}}],"collection":[{"href":"https:\/\/fuentesfidedignas.com.mx\/index.php\/wp-json\/wp\/v2\/posts"}],"about":[{"href":"https:\/\/fuentesfidedignas.com.mx\/index.php\/wp-json\/wp\/v2\/types\/post"}],"author":[{"embeddable":true,"href":"https:\/\/fuentesfidedignas.com.mx\/index.php\/wp-json\/wp\/v2\/users\/4"}],"replies":[{"embeddable":true,"href":"https:\/\/fuentesfidedignas.com.mx\/index.php\/wp-json\/wp\/v2\/comments?post=141672"}],"version-history":[{"count":1,"href":"https:\/\/fuentesfidedignas.com.mx\/index.php\/wp-json\/wp\/v2\/posts\/141672\/revisions"}],"predecessor-version":[{"id":141674,"href":"https:\/\/fuentesfidedignas.com.mx\/index.php\/wp-json\/wp\/v2\/posts\/141672\/revisions\/141674"}],"wp:featuredmedia":[{"embeddable":true,"href":"https:\/\/fuentesfidedignas.com.mx\/index.php\/wp-json\/wp\/v2\/media\/141673"}],"wp:attachment":[{"href":"https:\/\/fuentesfidedignas.com.mx\/index.php\/wp-json\/wp\/v2\/media?parent=141672"}],"wp:term":[{"taxonomy":"category","embeddable":true,"href":"https:\/\/fuentesfidedignas.com.mx\/index.php\/wp-json\/wp\/v2\/categories?post=141672"},{"taxonomy":"post_tag","embeddable":true,"href":"https:\/\/fuentesfidedignas.com.mx\/index.php\/wp-json\/wp\/v2\/tags?post=141672"}],"curies":[{"name":"wp","href":"https:\/\/api.w.org\/{rel}","templated":true}]}}