{"id":141669,"date":"2026-09-04T15:46:01","date_gmt":"2026-09-04T22:46:01","guid":{"rendered":"https:\/\/fuentesfidedignas.com.mx\/?p=141669"},"modified":"2026-09-04T15:47:40","modified_gmt":"2026-09-04T22:47:40","slug":"sindico-de-tepuche-estaria-incomunicado-tras-asesinato-de-su-hermano","status":"publish","type":"post","link":"https:\/\/fuentesfidedignas.com.mx\/index.php\/2026\/09\/04\/sindico-de-tepuche-estaria-incomunicado-tras-asesinato-de-su-hermano\/","title":{"rendered":"S\u00edndico de Tepuche estar\u00eda incomunicado tras asesinato de su hermano"},"content":{"rendered":"\n<p class=\"wp-block-paragraph\">El s\u00edndico de Tepuche, David Guadalupe Ram\u00edrez Gonz\u00e1lez, se encuentra incomunicado desde hace varias horas, de acuerdo con informaci\u00f3n proporcionada por personas cercanas, quienes se\u00f1alaron que no han logrado establecer contacto con \u00e9l.<\/p>\n\n\n\n<p class=\"wp-block-paragraph\">La situaci\u00f3n ha generado incertidumbre entre familiares y conocidos del funcionario, particularmente despu\u00e9s del ataque armado registrado este viernes en la sindicatura de Tepuche, donde su hermano, Manuel, fue herido a balazos.<br><br>David Guadalupe Ram\u00edrez Gonz\u00e1lez no ha tenido comunicaci\u00f3n ni contacto con familiares y personas cercanas desde hace varias horas; la incertidumbre aumenta tras el asesinato de su hermano Manuel.<\/p>\n\n\n\n<p class=\"wp-block-paragraph\">Su hermano muri\u00f3 en un hospital de Culiac\u00e1n Manuel fue trasladado de Tepuche a Culiac\u00e1n para recibir atenci\u00f3n m\u00e9dica debido a la gravedad de las lesiones provocadas por los disparos.<\/p>\n\n\n\n<p class=\"wp-block-paragraph\">El hombre ingres\u00f3 al Hospital Civil de Culiac\u00e1n, donde m\u00e9dicos intentaron durante m\u00e1s de una hora estabilizarlo y salvarle la vida. Sin embargo, pese a los esfuerzos del personal m\u00e9dico, finalmente fue declarado sin vida.<\/p>\n\n\n\n<p class=\"wp-block-paragraph\">Mantienen incertidumbre sobre el paradero del s\u00edndico<\/p>\n\n\n\n<p class=\"wp-block-paragraph\">Tras conocerse el fallecimiento de Manuel, la falta de comunicaci\u00f3n con David Guadalupe Ram\u00edrez Gonz\u00e1lez increment\u00f3 la preocupaci\u00f3n de quienes buscan establecer contacto con \u00e9l.<\/p>\n\n\n\n<p class=\"wp-block-paragraph\">Hasta el momento, de acuerdo informaci\u00f3n extraoficial disponible se\u00f1ala \u00fanicamente que el s\u00edndico lleva varias horas sin responder llamadas ni mantener comunicaci\u00f3n, por lo que se mantiene la incertidumbre sobre su paradero.<\/p>\n\n\n\n<p class=\"wp-block-paragraph\">Las autoridades correspondientes deber\u00e1n determinar las circunstancias relacionadas con la incomunicaci\u00f3n del funcionario y, en su caso, establecer si existe alg\u00fan riesgo para su integridad.<\/p>\n","protected":false},"excerpt":{"rendered":"<p>El s\u00edndico de Tepuche, David Guadalupe Ram\u00edrez Gonz\u00e1lez, se encuentra incomunicado desde hace varias horas, de acuerdo con informaci\u00f3n proporcionada por personas cercanas, quienes se\u00f1alaron que no han logrado establecer contacto con \u00e9l. La situaci\u00f3n ha generado incertidumbre entre familiares y conocidos del funcionario, particularmente despu\u00e9s del ataque armado registrado este viernes en la sindicatura [&hellip;]<\/p>\n","protected":false},"author":45,"featured_media":141667,"comment_status":"open","ping_status":"open","sticky":false,"template":"","format":"standard","meta":{"tdm_status":"","tdm_grid_status":"","footnotes":""},"categories":[37],"tags":[],"class_list":["post-141669","post","type-post","status-publish","format-standard","has-post-thumbnail","category-nota-principal"],"yoast_head":"<!-- This site is optimized with the Yoast SEO plugin v28.4 - https:\/\/yoast.com\/product\/yoast-seo-wordpress\/ -->\n<title>S\u00edndico de Tepuche estar\u00eda incomunicado tras asesinato de su hermano - Fuentes Fidedignas<\/title>\n<meta name=\"robots\" content=\"index, follow, max-snippet:-1, max-image-preview:large, max-video-preview:-1\" \/>\n<link rel=\"canonical\" href=\"https:\/\/fuentesfidedignas.com.mx\/index.php\/2026\/09\/04\/sindico-de-tepuche-estaria-incomunicado-tras-asesinato-de-su-hermano\/\" \/>\n<meta property=\"og:locale\" content=\"es_MX\" \/>\n<meta property=\"og:type\" content=\"article\" \/>\n<meta property=\"og:title\" content=\"S\u00edndico de Tepuche estar\u00eda incomunicado tras asesinato de su hermano - Fuentes Fidedignas\" \/>\n<meta property=\"og:description\" content=\"El s\u00edndico de Tepuche, David Guadalupe Ram\u00edrez Gonz\u00e1lez, se encuentra incomunicado desde hace varias horas, de acuerdo con informaci\u00f3n proporcionada por personas cercanas, quienes se\u00f1alaron que no han logrado establecer contacto con \u00e9l. La situaci\u00f3n ha generado incertidumbre entre familiares y conocidos del funcionario, particularmente despu\u00e9s del ataque armado registrado este viernes en la sindicatura [&hellip;]\" \/>\n<meta property=\"og:url\" content=\"https:\/\/fuentesfidedignas.com.mx\/index.php\/2026\/09\/04\/sindico-de-tepuche-estaria-incomunicado-tras-asesinato-de-su-hermano\/\" \/>\n<meta property=\"og:site_name\" content=\"Fuentes Fidedignas\" \/>\n<meta property=\"article:publisher\" content=\"https:\/\/www.facebook.com\/Fuentes-Fidedignas-368234489921644\" \/>\n<meta property=\"article:published_time\" content=\"2026-09-04T22:46:01+00:00\" \/>\n<meta property=\"article:modified_time\" content=\"2026-09-04T22:47:40+00:00\" \/>\n<meta property=\"og:image\" content=\"https:\/\/fuentesfidedignas.com.mx\/wp-content\/uploads\/2026\/09\/IMG_8813.png\" \/>\n\t<meta property=\"og:image:width\" content=\"390\" \/>\n\t<meta property=\"og:image:height\" content=\"240\" \/>\n\t<meta property=\"og:image:type\" content=\"image\/png\" \/>\n<meta name=\"author\" content=\"La Jornada\" \/>\n<meta name=\"twitter:card\" content=\"summary_large_image\" \/>\n<meta name=\"twitter:creator\" content=\"@fidedignas\" \/>\n<meta name=\"twitter:site\" content=\"@fidedignas\" \/>\n<meta name=\"twitter:label1\" content=\"Escrito por\" \/>\n\t<meta name=\"twitter:data1\" content=\"La Jornada\" \/>\n\t<meta name=\"twitter:label2\" content=\"Tiempo de lectura\" \/>\n\t<meta name=\"twitter:data2\" content=\"2 minutos\" \/>\n<script type=\"application\/ld+json\" class=\"yoast-schema-graph\">{\"@context\":\"https:\\\/\\\/schema.org\",\"@graph\":[{\"@type\":\"Article\",\"@id\":\"https:\\\/\\\/fuentesfidedignas.com.mx\\\/index.php\\\/2026\\\/09\\\/04\\\/sindico-de-tepuche-estaria-incomunicado-tras-asesinato-de-su-hermano\\\/#article\",\"isPartOf\":{\"@id\":\"https:\\\/\\\/fuentesfidedignas.com.mx\\\/index.php\\\/2026\\\/09\\\/04\\\/sindico-de-tepuche-estaria-incomunicado-tras-asesinato-de-su-hermano\\\/\"},\"author\":{\"name\":\"La Jornada\",\"@id\":\"https:\\\/\\\/fuentesfidedignas.com.mx\\\/#\\\/schema\\\/person\\\/87eacee4072e149fccc7de67f9634f35\"},\"headline\":\"S\u00edndico de Tepuche estar\u00eda incomunicado tras asesinato de su hermano\",\"datePublished\":\"2026-09-04T22:46:01+00:00\",\"dateModified\":\"2026-09-04T22:47:40+00:00\",\"mainEntityOfPage\":{\"@id\":\"https:\\\/\\\/fuentesfidedignas.com.mx\\\/index.php\\\/2026\\\/09\\\/04\\\/sindico-de-tepuche-estaria-incomunicado-tras-asesinato-de-su-hermano\\\/\"},\"wordCount\":290,\"commentCount\":0,\"publisher\":{\"@id\":\"https:\\\/\\\/fuentesfidedignas.com.mx\\\/#organization\"},\"image\":{\"@id\":\"https:\\\/\\\/fuentesfidedignas.com.mx\\\/index.php\\\/2026\\\/09\\\/04\\\/sindico-de-tepuche-estaria-incomunicado-tras-asesinato-de-su-hermano\\\/#primaryimage\"},\"thumbnailUrl\":\"https:\\\/\\\/fuentesfidedignas.com.mx\\\/wp-content\\\/uploads\\\/2026\\\/09\\\/IMG_8813.png\",\"articleSection\":[\"NOTA PRINCIPAL\"],\"inLanguage\":\"es\",\"potentialAction\":[{\"@type\":\"CommentAction\",\"name\":\"Comment\",\"target\":[\"https:\\\/\\\/fuentesfidedignas.com.mx\\\/index.php\\\/2026\\\/09\\\/04\\\/sindico-de-tepuche-estaria-incomunicado-tras-asesinato-de-su-hermano\\\/#respond\"]}]},{\"@type\":\"WebPage\",\"@id\":\"https:\\\/\\\/fuentesfidedignas.com.mx\\\/index.php\\\/2026\\\/09\\\/04\\\/sindico-de-tepuche-estaria-incomunicado-tras-asesinato-de-su-hermano\\\/\",\"url\":\"https:\\\/\\\/fuentesfidedignas.com.mx\\\/index.php\\\/2026\\\/09\\\/04\\\/sindico-de-tepuche-estaria-incomunicado-tras-asesinato-de-su-hermano\\\/\",\"name\":\"S\u00edndico de Tepuche estar\u00eda incomunicado tras asesinato de su hermano - Fuentes Fidedignas\",\"isPartOf\":{\"@id\":\"https:\\\/\\\/fuentesfidedignas.com.mx\\\/#website\"},\"primaryImageOfPage\":{\"@id\":\"https:\\\/\\\/fuentesfidedignas.com.mx\\\/index.php\\\/2026\\\/09\\\/04\\\/sindico-de-tepuche-estaria-incomunicado-tras-asesinato-de-su-hermano\\\/#primaryimage\"},\"image\":{\"@id\":\"https:\\\/\\\/fuentesfidedignas.com.mx\\\/index.php\\\/2026\\\/09\\\/04\\\/sindico-de-tepuche-estaria-incomunicado-tras-asesinato-de-su-hermano\\\/#primaryimage\"},\"thumbnailUrl\":\"https:\\\/\\\/fuentesfidedignas.com.mx\\\/wp-content\\\/uploads\\\/2026\\\/09\\\/IMG_8813.png\",\"datePublished\":\"2026-09-04T22:46:01+00:00\",\"dateModified\":\"2026-09-04T22:47:40+00:00\",\"breadcrumb\":{\"@id\":\"https:\\\/\\\/fuentesfidedignas.com.mx\\\/index.php\\\/2026\\\/09\\\/04\\\/sindico-de-tepuche-estaria-incomunicado-tras-asesinato-de-su-hermano\\\/#breadcrumb\"},\"inLanguage\":\"es\",\"potentialAction\":[{\"@type\":\"ReadAction\",\"target\":[\"https:\\\/\\\/fuentesfidedignas.com.mx\\\/index.php\\\/2026\\\/09\\\/04\\\/sindico-de-tepuche-estaria-incomunicado-tras-asesinato-de-su-hermano\\\/\"]}]},{\"@type\":\"ImageObject\",\"inLanguage\":\"es\",\"@id\":\"https:\\\/\\\/fuentesfidedignas.com.mx\\\/index.php\\\/2026\\\/09\\\/04\\\/sindico-de-tepuche-estaria-incomunicado-tras-asesinato-de-su-hermano\\\/#primaryimage\",\"url\":\"https:\\\/\\\/fuentesfidedignas.com.mx\\\/wp-content\\\/uploads\\\/2026\\\/09\\\/IMG_8813.png\",\"contentUrl\":\"https:\\\/\\\/fuentesfidedignas.com.mx\\\/wp-content\\\/uploads\\\/2026\\\/09\\\/IMG_8813.png\",\"width\":390,\"height\":240},{\"@type\":\"BreadcrumbList\",\"@id\":\"https:\\\/\\\/fuentesfidedignas.com.mx\\\/index.php\\\/2026\\\/09\\\/04\\\/sindico-de-tepuche-estaria-incomunicado-tras-asesinato-de-su-hermano\\\/#breadcrumb\",\"itemListElement\":[{\"@type\":\"ListItem\",\"position\":1,\"name\":\"Inicio\",\"item\":\"https:\\\/\\\/fuentesfidedignas.com.mx\\\/\"},{\"@type\":\"ListItem\",\"position\":2,\"name\":\"S\u00edndico de Tepuche estar\u00eda incomunicado tras asesinato de su hermano\"}]},{\"@type\":\"WebSite\",\"@id\":\"https:\\\/\\\/fuentesfidedignas.com.mx\\\/#website\",\"url\":\"https:\\\/\\\/fuentesfidedignas.com.mx\\\/\",\"name\":\"Fuentes Fidedignas\",\"description\":\"Otro sitio realizado con WordPress\",\"publisher\":{\"@id\":\"https:\\\/\\\/fuentesfidedignas.com.mx\\\/#organization\"},\"potentialAction\":[{\"@type\":\"SearchAction\",\"target\":{\"@type\":\"EntryPoint\",\"urlTemplate\":\"https:\\\/\\\/fuentesfidedignas.com.mx\\\/?s={search_term_string}\"},\"query-input\":{\"@type\":\"PropertyValueSpecification\",\"valueRequired\":true,\"valueName\":\"search_term_string\"}}],\"inLanguage\":\"es\"},{\"@type\":\"Organization\",\"@id\":\"https:\\\/\\\/fuentesfidedignas.com.mx\\\/#organization\",\"name\":\"Fuentes Fidedignas\",\"url\":\"https:\\\/\\\/fuentesfidedignas.com.mx\\\/\",\"logo\":{\"@type\":\"ImageObject\",\"inLanguage\":\"es\",\"@id\":\"https:\\\/\\\/fuentesfidedignas.com.mx\\\/#\\\/schema\\\/logo\\\/image\\\/\",\"url\":\"https:\\\/\\\/fuentesfidedignas.com.mx\\\/wp-content\\\/uploads\\\/2021\\\/04\\\/logo-retina.png\",\"contentUrl\":\"https:\\\/\\\/fuentesfidedignas.com.mx\\\/wp-content\\\/uploads\\\/2021\\\/04\\\/logo-retina.png\",\"width\":280,\"height\":51,\"caption\":\"Fuentes Fidedignas\"},\"image\":{\"@id\":\"https:\\\/\\\/fuentesfidedignas.com.mx\\\/#\\\/schema\\\/logo\\\/image\\\/\"},\"sameAs\":[\"https:\\\/\\\/www.facebook.com\\\/Fuentes-Fidedignas-368234489921644\",\"https:\\\/\\\/x.com\\\/fidedignas\"]},{\"@type\":\"Person\",\"@id\":\"https:\\\/\\\/fuentesfidedignas.com.mx\\\/#\\\/schema\\\/person\\\/87eacee4072e149fccc7de67f9634f35\",\"name\":\"La Jornada\",\"image\":{\"@type\":\"ImageObject\",\"inLanguage\":\"es\",\"@id\":\"https:\\\/\\\/secure.gravatar.com\\\/avatar\\\/2b09f15a418e222775ffd645761e3fcecd1fb9d7a38a3ba858adf349aab82c7c?s=96&d=mm&r=g\",\"url\":\"https:\\\/\\\/secure.gravatar.com\\\/avatar\\\/2b09f15a418e222775ffd645761e3fcecd1fb9d7a38a3ba858adf349aab82c7c?s=96&d=mm&r=g\",\"contentUrl\":\"https:\\\/\\\/secure.gravatar.com\\\/avatar\\\/2b09f15a418e222775ffd645761e3fcecd1fb9d7a38a3ba858adf349aab82c7c?s=96&d=mm&r=g\",\"caption\":\"La Jornada\"},\"url\":\"https:\\\/\\\/fuentesfidedignas.com.mx\\\/index.php\\\/author\\\/jornada\\\/\"}]}<\/script>\n<!-- \/ Yoast SEO plugin. -->","yoast_head_json":{"title":"S\u00edndico de Tepuche estar\u00eda incomunicado tras asesinato de su hermano - Fuentes Fidedignas","robots":{"index":"index","follow":"follow","max-snippet":"max-snippet:-1","max-image-preview":"max-image-preview:large","max-video-preview":"max-video-preview:-1"},"canonical":"https:\/\/fuentesfidedignas.com.mx\/index.php\/2026\/09\/04\/sindico-de-tepuche-estaria-incomunicado-tras-asesinato-de-su-hermano\/","og_locale":"es_MX","og_type":"article","og_title":"S\u00edndico de Tepuche estar\u00eda incomunicado tras asesinato de su hermano - Fuentes Fidedignas","og_description":"El s\u00edndico de Tepuche, David Guadalupe Ram\u00edrez Gonz\u00e1lez, se encuentra incomunicado desde hace varias horas, de acuerdo con informaci\u00f3n proporcionada por personas cercanas, quienes se\u00f1alaron que no han logrado establecer contacto con \u00e9l. La situaci\u00f3n ha generado incertidumbre entre familiares y conocidos del funcionario, particularmente despu\u00e9s del ataque armado registrado este viernes en la sindicatura [&hellip;]","og_url":"https:\/\/fuentesfidedignas.com.mx\/index.php\/2026\/09\/04\/sindico-de-tepuche-estaria-incomunicado-tras-asesinato-de-su-hermano\/","og_site_name":"Fuentes Fidedignas","article_publisher":"https:\/\/www.facebook.com\/Fuentes-Fidedignas-368234489921644","article_published_time":"2026-09-04T22:46:01+00:00","article_modified_time":"2026-09-04T22:47:40+00:00","og_image":[{"width":390,"height":240,"url":"https:\/\/fuentesfidedignas.com.mx\/wp-content\/uploads\/2026\/09\/IMG_8813.png","type":"image\/png"}],"author":"La Jornada","twitter_card":"summary_large_image","twitter_creator":"@fidedignas","twitter_site":"@fidedignas","twitter_misc":{"Escrito por":"La Jornada","Tiempo de lectura":"2 minutos"},"schema":{"@context":"https:\/\/schema.org","@graph":[{"@type":"Article","@id":"https:\/\/fuentesfidedignas.com.mx\/index.php\/2026\/09\/04\/sindico-de-tepuche-estaria-incomunicado-tras-asesinato-de-su-hermano\/#article","isPartOf":{"@id":"https:\/\/fuentesfidedignas.com.mx\/index.php\/2026\/09\/04\/sindico-de-tepuche-estaria-incomunicado-tras-asesinato-de-su-hermano\/"},"author":{"name":"La Jornada","@id":"https:\/\/fuentesfidedignas.com.mx\/#\/schema\/person\/87eacee4072e149fccc7de67f9634f35"},"headline":"S\u00edndico de Tepuche estar\u00eda incomunicado tras asesinato de su hermano","datePublished":"2026-09-04T22:46:01+00:00","dateModified":"2026-09-04T22:47:40+00:00","mainEntityOfPage":{"@id":"https:\/\/fuentesfidedignas.com.mx\/index.php\/2026\/09\/04\/sindico-de-tepuche-estaria-incomunicado-tras-asesinato-de-su-hermano\/"},"wordCount":290,"commentCount":0,"publisher":{"@id":"https:\/\/fuentesfidedignas.com.mx\/#organization"},"image":{"@id":"https:\/\/fuentesfidedignas.com.mx\/index.php\/2026\/09\/04\/sindico-de-tepuche-estaria-incomunicado-tras-asesinato-de-su-hermano\/#primaryimage"},"thumbnailUrl":"https:\/\/fuentesfidedignas.com.mx\/wp-content\/uploads\/2026\/09\/IMG_8813.png","articleSection":["NOTA PRINCIPAL"],"inLanguage":"es","potentialAction":[{"@type":"CommentAction","name":"Comment","target":["https:\/\/fuentesfidedignas.com.mx\/index.php\/2026\/09\/04\/sindico-de-tepuche-estaria-incomunicado-tras-asesinato-de-su-hermano\/#respond"]}]},{"@type":"WebPage","@id":"https:\/\/fuentesfidedignas.com.mx\/index.php\/2026\/09\/04\/sindico-de-tepuche-estaria-incomunicado-tras-asesinato-de-su-hermano\/","url":"https:\/\/fuentesfidedignas.com.mx\/index.php\/2026\/09\/04\/sindico-de-tepuche-estaria-incomunicado-tras-asesinato-de-su-hermano\/","name":"S\u00edndico de Tepuche estar\u00eda incomunicado tras asesinato de su hermano - Fuentes Fidedignas","isPartOf":{"@id":"https:\/\/fuentesfidedignas.com.mx\/#website"},"primaryImageOfPage":{"@id":"https:\/\/fuentesfidedignas.com.mx\/index.php\/2026\/09\/04\/sindico-de-tepuche-estaria-incomunicado-tras-asesinato-de-su-hermano\/#primaryimage"},"image":{"@id":"https:\/\/fuentesfidedignas.com.mx\/index.php\/2026\/09\/04\/sindico-de-tepuche-estaria-incomunicado-tras-asesinato-de-su-hermano\/#primaryimage"},"thumbnailUrl":"https:\/\/fuentesfidedignas.com.mx\/wp-content\/uploads\/2026\/09\/IMG_8813.png","datePublished":"2026-09-04T22:46:01+00:00","dateModified":"2026-09-04T22:47:40+00:00","breadcrumb":{"@id":"https:\/\/fuentesfidedignas.com.mx\/index.php\/2026\/09\/04\/sindico-de-tepuche-estaria-incomunicado-tras-asesinato-de-su-hermano\/#breadcrumb"},"inLanguage":"es","potentialAction":[{"@type":"ReadAction","target":["https:\/\/fuentesfidedignas.com.mx\/index.php\/2026\/09\/04\/sindico-de-tepuche-estaria-incomunicado-tras-asesinato-de-su-hermano\/"]}]},{"@type":"ImageObject","inLanguage":"es","@id":"https:\/\/fuentesfidedignas.com.mx\/index.php\/2026\/09\/04\/sindico-de-tepuche-estaria-incomunicado-tras-asesinato-de-su-hermano\/#primaryimage","url":"https:\/\/fuentesfidedignas.com.mx\/wp-content\/uploads\/2026\/09\/IMG_8813.png","contentUrl":"https:\/\/fuentesfidedignas.com.mx\/wp-content\/uploads\/2026\/09\/IMG_8813.png","width":390,"height":240},{"@type":"BreadcrumbList","@id":"https:\/\/fuentesfidedignas.com.mx\/index.php\/2026\/09\/04\/sindico-de-tepuche-estaria-incomunicado-tras-asesinato-de-su-hermano\/#breadcrumb","itemListElement":[{"@type":"ListItem","position":1,"name":"Inicio","item":"https:\/\/fuentesfidedignas.com.mx\/"},{"@type":"ListItem","position":2,"name":"S\u00edndico de Tepuche estar\u00eda incomunicado tras asesinato de su hermano"}]},{"@type":"WebSite","@id":"https:\/\/fuentesfidedignas.com.mx\/#website","url":"https:\/\/fuentesfidedignas.com.mx\/","name":"Fuentes Fidedignas","description":"Otro sitio realizado con WordPress","publisher":{"@id":"https:\/\/fuentesfidedignas.com.mx\/#organization"},"potentialAction":[{"@type":"SearchAction","target":{"@type":"EntryPoint","urlTemplate":"https:\/\/fuentesfidedignas.com.mx\/?s={search_term_string}"},"query-input":{"@type":"PropertyValueSpecification","valueRequired":true,"valueName":"search_term_string"}}],"inLanguage":"es"},{"@type":"Organization","@id":"https:\/\/fuentesfidedignas.com.mx\/#organization","name":"Fuentes Fidedignas","url":"https:\/\/fuentesfidedignas.com.mx\/","logo":{"@type":"ImageObject","inLanguage":"es","@id":"https:\/\/fuentesfidedignas.com.mx\/#\/schema\/logo\/image\/","url":"https:\/\/fuentesfidedignas.com.mx\/wp-content\/uploads\/2021\/04\/logo-retina.png","contentUrl":"https:\/\/fuentesfidedignas.com.mx\/wp-content\/uploads\/2021\/04\/logo-retina.png","width":280,"height":51,"caption":"Fuentes Fidedignas"},"image":{"@id":"https:\/\/fuentesfidedignas.com.mx\/#\/schema\/logo\/image\/"},"sameAs":["https:\/\/www.facebook.com\/Fuentes-Fidedignas-368234489921644","https:\/\/x.com\/fidedignas"]},{"@type":"Person","@id":"https:\/\/fuentesfidedignas.com.mx\/#\/schema\/person\/87eacee4072e149fccc7de67f9634f35","name":"La Jornada","image":{"@type":"ImageObject","inLanguage":"es","@id":"https:\/\/secure.gravatar.com\/avatar\/2b09f15a418e222775ffd645761e3fcecd1fb9d7a38a3ba858adf349aab82c7c?s=96&d=mm&r=g","url":"https:\/\/secure.gravatar.com\/avatar\/2b09f15a418e222775ffd645761e3fcecd1fb9d7a38a3ba858adf349aab82c7c?s=96&d=mm&r=g","contentUrl":"https:\/\/secure.gravatar.com\/avatar\/2b09f15a418e222775ffd645761e3fcecd1fb9d7a38a3ba858adf349aab82c7c?s=96&d=mm&r=g","caption":"La Jornada"},"url":"https:\/\/fuentesfidedignas.com.mx\/index.php\/author\/jornada\/"}]}},"_links":{"self":[{"href":"https:\/\/fuentesfidedignas.com.mx\/index.php\/wp-json\/wp\/v2\/posts\/141669","targetHints":{"allow":["GET"]}}],"collection":[{"href":"https:\/\/fuentesfidedignas.com.mx\/index.php\/wp-json\/wp\/v2\/posts"}],"about":[{"href":"https:\/\/fuentesfidedignas.com.mx\/index.php\/wp-json\/wp\/v2\/types\/post"}],"author":[{"embeddable":true,"href":"https:\/\/fuentesfidedignas.com.mx\/index.php\/wp-json\/wp\/v2\/users\/45"}],"replies":[{"embeddable":true,"href":"https:\/\/fuentesfidedignas.com.mx\/index.php\/wp-json\/wp\/v2\/comments?post=141669"}],"version-history":[{"count":2,"href":"https:\/\/fuentesfidedignas.com.mx\/index.php\/wp-json\/wp\/v2\/posts\/141669\/revisions"}],"predecessor-version":[{"id":141671,"href":"https:\/\/fuentesfidedignas.com.mx\/index.php\/wp-json\/wp\/v2\/posts\/141669\/revisions\/141671"}],"wp:attachment":[{"href":"https:\/\/fuentesfidedignas.com.mx\/index.php\/wp-json\/wp\/v2\/media?parent=141669"}],"wp:term":[{"taxonomy":"category","embeddable":true,"href":"https:\/\/fuentesfidedignas.com.mx\/index.php\/wp-json\/wp\/v2\/categories?post=141669"},{"taxonomy":"post_tag","embeddable":true,"href":"https:\/\/fuentesfidedignas.com.mx\/index.php\/wp-json\/wp\/v2\/tags?post=141669"}],"curies":[{"name":"wp","href":"https:\/\/api.w.org\/{rel}","templated":true}]}}