{"id":141663,"date":"2026-09-04T15:28:25","date_gmt":"2026-09-04T22:28:25","guid":{"rendered":"https:\/\/fuentesfidedignas.com.mx\/?p=141663"},"modified":"2026-09-04T15:28:42","modified_gmt":"2026-09-04T22:28:42","slug":"cedh-sinaloa-y-cddh-nayarit-suscriben-convenio-de-colaboracion","status":"publish","type":"post","link":"https:\/\/fuentesfidedignas.com.mx\/index.php\/2026\/09\/04\/cedh-sinaloa-y-cddh-nayarit-suscriben-convenio-de-colaboracion\/","title":{"rendered":"CEDH Sinaloa y CDDH Nayarit suscriben convenio de colaboraci\u00f3n"},"content":{"rendered":"\n<p class=\"wp-block-paragraph\"><\/p>\n\n\n\n<p class=\"wp-block-paragraph\">Como primera acci\u00f3n del convenio de colaboraci\u00f3n entre la CEDH Sinaloa y la CDDHN, el Dr. Carlos Alberto Prieto Godoy imparti\u00f3 la capacitaci\u00f3n \u201cInnovaci\u00f3n y buenas pr\u00e1cticas en la protecci\u00f3n de los derechos humanos\u201d al personal de la CEDH Sinaloa.<\/p>\n\n\n\n<p class=\"wp-block-paragraph\">Culiac\u00e1n, Sinaloa. A 04 de septiembre del 2026.- Con el prop\u00f3sito de conjuntar esfuerzos, capacidades t\u00e9cnicas, experiencias y buenas pr\u00e1cticas para la promoci\u00f3n, protecci\u00f3n, observancia, estudio, difusi\u00f3n y fortalecimiento de los derechos humanos, la Comisi\u00f3n Estatal de los Derechos Humanos de Sinaloa y la Comisi\u00f3n de Defensa de los Derechos Humanos para el Estado de Nayarit, suscribieron un Convenio de Coordinaci\u00f3n y Colaboraci\u00f3n.<\/p>\n\n\n\n<p class=\"wp-block-paragraph\">El convenio fue firmado por el presidente de la CEDH Sinaloa, Profr. Oscar Loza Ochoa, y el presidente de la CDDHN, Dr. Carlos Alberto Prieto Godoy, quienes reconocieron la importancia de establecer bases de coordinaci\u00f3n y apoyo entre ambas instituciones, de acuerdo con sus respectivas competencias territoriales y la normatividad aplicable.<\/p>\n\n\n\n<p class=\"wp-block-paragraph\">En su mensaje, el profr. Oscar Loza Ochoa, resalt\u00f3 que la firma del convenio representa un compromiso institucional que va m\u00e1s all\u00e1 de un acto protocolario, al establecer una ruta de trabajo conjunto para compartir conocimientos, experiencias y buenas pr\u00e1cticas, as\u00ed como para impulsar acciones de capacitaci\u00f3n, investigaci\u00f3n, prevenci\u00f3n y difusi\u00f3n en materia de derechos humanos.<\/p>\n\n\n\n<p class=\"wp-block-paragraph\">\u201cEste convenio trasciende lo protocolario. Nos compromete a compartir experiencias y buenas pr\u00e1cticas, fortalecer la capacitaci\u00f3n y desarrollar acciones conjuntas de investigaci\u00f3n, prevenci\u00f3n y difusi\u00f3n con respeto a la autonom\u00eda de cada organismo. Hoy no solo firmamos un documento, abrimos una ruta de colaboraci\u00f3n, aprendizaje y esperanza que este acuerdo produzca resultados y reafirme que la dignidad humana no reconoce frontera\u201d, afirm\u00f3.<\/p>\n\n\n\n<p class=\"wp-block-paragraph\">Por su parte, el Dr. Carlos Alberto Prieto Godoy, destac\u00f3 la relevancia de este acuerdo de colaboraci\u00f3n entre ambos organismos, al considerar que permitir\u00e1 generar un intercambio de experiencias y buenas pr\u00e1cticas que contribuya al fortalecimiento de las instituciones defensoras de derechos humanos en la regi\u00f3n del Pac\u00edfico.<\/p>\n\n\n\n<p class=\"wp-block-paragraph\">\u201cEsta firma de convenio de colaboraci\u00f3n donde intercambiaremos no solo las buenas pr\u00e1cticas, sino terminaremos por fortalecernos en la zona de esta del Pac\u00edfico, que es tan importante y que tenemos, creo yo por encima de todos los objetivos que un organismo de esta naturaleza puede tener el pacificar el permear, el transformar socialmente para lograr que la calma, la tranquilidad, el respeto, la dignidad de las personas vuelva en toda esta zona del pa\u00eds que he estado tan complicada\u201d, reconoci\u00f3.<\/p>\n\n\n\n<p class=\"wp-block-paragraph\">Como parte de este acuerdo, ambas instituciones podr\u00e1n sumar esfuerzos para la realizaci\u00f3n de programas, talleres, campa\u00f1as, jornadas y otras actividades relacionadas con la promoci\u00f3n y protecci\u00f3n de los derechos humanos, as\u00ed como establecer mecanismos de comunicaci\u00f3n para el intercambio de informaci\u00f3n, experiencias, criterios y buenas pr\u00e1cticas.<\/p>\n\n\n\n<p class=\"wp-block-paragraph\">Asimismo, se contempla impulsar acciones conjuntas de capacitaci\u00f3n y profesionalizaci\u00f3n para su personal, adem\u00e1s de promover investigaciones, estudios, diagn\u00f3sticos y publicaciones sobre temas de inter\u00e9s com\u00fan, as\u00ed como estrategias preventivas en materia de derechos humanos.<\/p>\n\n\n\n<p class=\"wp-block-paragraph\">El convenio tambi\u00e9n establece el intercambio de materiales did\u00e1cticos, metodol\u00f3gicos y de difusi\u00f3n, as\u00ed como la coordinaci\u00f3n para el uso de espacios f\u00edsicos y virtuales destinados a actividades relacionadas con su objeto.<\/p>\n\n\n\n<p class=\"wp-block-paragraph\">En el acto de firma estuvieron presentes, por parte de la CDDHN, Lic. Abel Aguirre Dom\u00ednguez, Secretario Ejecutivo, la Lcda. Victoria Guadalupe Cort\u00e9s S\u00e1nchez, Visitadora Adjunta, y el Lic. H\u00e9ctor Gilberto Medina Franco, Director de la Unidad Jur\u00eddica.<br>Por parte de la CEDH Sinaloa, acompa\u00f1aron al presidente la Mtra. Reyna Isabel Mendoza Osuna, Visitadora General; Mtra. Marcela Adriana Flores Moreno, Secretaria Ejecutiva; el Lic. Jos\u00e9 Pablo Balderas Jurado, Secretario T\u00e9cnico; la Lcda. Ramona Aida Inzunza Beltr\u00e1n, Directora de Administraci\u00f3n; y el L.E. Pavel Jonathan Hern\u00e1ndez Ortiz, Titular del \u00d3rgano Interno de Control.<\/p>\n\n\n\n<p class=\"wp-block-paragraph\">Finalmente y como Como primera acci\u00f3n derivada de este convenio, se llevar\u00e1 a cabo la capacitaci\u00f3n interna \u201cInnovaci\u00f3n y buenas pr\u00e1cticas en la protecci\u00f3n de los derechos humanos\u201d, dirigida al personal de la CEDH Sinaloa, impartida por el Dr. Carlos Alberto Prieto Godoy, presidente de la Comisi\u00f3n de Defensa de los Derechos Humanos para el Estado de Nayarit.<\/p>\n","protected":false},"excerpt":{"rendered":"<p>Como primera acci\u00f3n del convenio de colaboraci\u00f3n entre la CEDH Sinaloa y la CDDHN, el Dr. Carlos Alberto Prieto Godoy imparti\u00f3 la capacitaci\u00f3n \u201cInnovaci\u00f3n y buenas pr\u00e1cticas en la protecci\u00f3n de los derechos humanos\u201d al personal de la CEDH Sinaloa. Culiac\u00e1n, Sinaloa. A 04 de septiembre del 2026.- Con el prop\u00f3sito de conjuntar esfuerzos, capacidades [&hellip;]<\/p>\n","protected":false},"author":4,"featured_media":141664,"comment_status":"open","ping_status":"open","sticky":false,"template":"","format":"standard","meta":{"tdm_status":"","tdm_grid_status":"","footnotes":""},"categories":[38],"tags":[],"class_list":["post-141663","post","type-post","status-publish","format-standard","has-post-thumbnail","category-noticias-locales"],"yoast_head":"<!-- This site is optimized with the Yoast SEO plugin v28.4 - https:\/\/yoast.com\/product\/yoast-seo-wordpress\/ -->\n<title>CEDH Sinaloa y CDDH Nayarit suscriben convenio de colaboraci\u00f3n - Fuentes Fidedignas<\/title>\n<meta name=\"robots\" content=\"index, follow, max-snippet:-1, max-image-preview:large, max-video-preview:-1\" \/>\n<link rel=\"canonical\" href=\"https:\/\/fuentesfidedignas.com.mx\/index.php\/2026\/09\/04\/cedh-sinaloa-y-cddh-nayarit-suscriben-convenio-de-colaboracion\/\" \/>\n<meta property=\"og:locale\" content=\"es_MX\" \/>\n<meta property=\"og:type\" content=\"article\" \/>\n<meta property=\"og:title\" content=\"CEDH Sinaloa y CDDH Nayarit suscriben convenio de colaboraci\u00f3n - Fuentes Fidedignas\" \/>\n<meta property=\"og:description\" content=\"Como primera acci\u00f3n del convenio de colaboraci\u00f3n entre la CEDH Sinaloa y la CDDHN, el Dr. Carlos Alberto Prieto Godoy imparti\u00f3 la capacitaci\u00f3n \u201cInnovaci\u00f3n y buenas pr\u00e1cticas en la protecci\u00f3n de los derechos humanos\u201d al personal de la CEDH Sinaloa. Culiac\u00e1n, Sinaloa. A 04 de septiembre del 2026.- Con el prop\u00f3sito de conjuntar esfuerzos, capacidades [&hellip;]\" \/>\n<meta property=\"og:url\" content=\"https:\/\/fuentesfidedignas.com.mx\/index.php\/2026\/09\/04\/cedh-sinaloa-y-cddh-nayarit-suscriben-convenio-de-colaboracion\/\" \/>\n<meta property=\"og:site_name\" content=\"Fuentes Fidedignas\" \/>\n<meta property=\"article:publisher\" content=\"https:\/\/www.facebook.com\/Fuentes-Fidedignas-368234489921644\" \/>\n<meta property=\"article:published_time\" content=\"2026-09-04T22:28:25+00:00\" \/>\n<meta property=\"article:modified_time\" content=\"2026-09-04T22:28:42+00:00\" \/>\n<meta property=\"og:image\" content=\"https:\/\/fuentesfidedignas.com.mx\/wp-content\/uploads\/2026\/09\/4ac32f68-dfd2-4a74-9a00-9f0e1e9b1146.jpeg\" \/>\n\t<meta property=\"og:image:width\" content=\"1280\" \/>\n\t<meta property=\"og:image:height\" content=\"854\" \/>\n\t<meta property=\"og:image:type\" content=\"image\/jpeg\" \/>\n<meta name=\"author\" content=\"Redacci\u00f3n\" \/>\n<meta name=\"twitter:card\" content=\"summary_large_image\" \/>\n<meta name=\"twitter:creator\" content=\"@fidedignas\" \/>\n<meta name=\"twitter:site\" content=\"@fidedignas\" \/>\n<meta name=\"twitter:label1\" content=\"Escrito por\" \/>\n\t<meta name=\"twitter:data1\" content=\"Redacci\u00f3n\" \/>\n\t<meta name=\"twitter:label2\" content=\"Tiempo de lectura\" \/>\n\t<meta name=\"twitter:data2\" content=\"4 minutos\" \/>\n<script type=\"application\/ld+json\" class=\"yoast-schema-graph\">{\"@context\":\"https:\\\/\\\/schema.org\",\"@graph\":[{\"@type\":\"Article\",\"@id\":\"https:\\\/\\\/fuentesfidedignas.com.mx\\\/index.php\\\/2026\\\/09\\\/04\\\/cedh-sinaloa-y-cddh-nayarit-suscriben-convenio-de-colaboracion\\\/#article\",\"isPartOf\":{\"@id\":\"https:\\\/\\\/fuentesfidedignas.com.mx\\\/index.php\\\/2026\\\/09\\\/04\\\/cedh-sinaloa-y-cddh-nayarit-suscriben-convenio-de-colaboracion\\\/\"},\"author\":{\"name\":\"Redacci\u00f3n\",\"@id\":\"https:\\\/\\\/fuentesfidedignas.com.mx\\\/#\\\/schema\\\/person\\\/331be9283d37198e2acd5750279085b0\"},\"headline\":\"CEDH Sinaloa y CDDH Nayarit suscriben convenio de colaboraci\u00f3n\",\"datePublished\":\"2026-09-04T22:28:25+00:00\",\"dateModified\":\"2026-09-04T22:28:42+00:00\",\"mainEntityOfPage\":{\"@id\":\"https:\\\/\\\/fuentesfidedignas.com.mx\\\/index.php\\\/2026\\\/09\\\/04\\\/cedh-sinaloa-y-cddh-nayarit-suscriben-convenio-de-colaboracion\\\/\"},\"wordCount\":750,\"commentCount\":0,\"publisher\":{\"@id\":\"https:\\\/\\\/fuentesfidedignas.com.mx\\\/#organization\"},\"image\":{\"@id\":\"https:\\\/\\\/fuentesfidedignas.com.mx\\\/index.php\\\/2026\\\/09\\\/04\\\/cedh-sinaloa-y-cddh-nayarit-suscriben-convenio-de-colaboracion\\\/#primaryimage\"},\"thumbnailUrl\":\"https:\\\/\\\/fuentesfidedignas.com.mx\\\/wp-content\\\/uploads\\\/2026\\\/09\\\/4ac32f68-dfd2-4a74-9a00-9f0e1e9b1146.jpeg\",\"articleSection\":[\"NOTICIAS LOCALES\"],\"inLanguage\":\"es\",\"potentialAction\":[{\"@type\":\"CommentAction\",\"name\":\"Comment\",\"target\":[\"https:\\\/\\\/fuentesfidedignas.com.mx\\\/index.php\\\/2026\\\/09\\\/04\\\/cedh-sinaloa-y-cddh-nayarit-suscriben-convenio-de-colaboracion\\\/#respond\"]}]},{\"@type\":\"WebPage\",\"@id\":\"https:\\\/\\\/fuentesfidedignas.com.mx\\\/index.php\\\/2026\\\/09\\\/04\\\/cedh-sinaloa-y-cddh-nayarit-suscriben-convenio-de-colaboracion\\\/\",\"url\":\"https:\\\/\\\/fuentesfidedignas.com.mx\\\/index.php\\\/2026\\\/09\\\/04\\\/cedh-sinaloa-y-cddh-nayarit-suscriben-convenio-de-colaboracion\\\/\",\"name\":\"CEDH Sinaloa y CDDH Nayarit suscriben convenio de colaboraci\u00f3n - Fuentes Fidedignas\",\"isPartOf\":{\"@id\":\"https:\\\/\\\/fuentesfidedignas.com.mx\\\/#website\"},\"primaryImageOfPage\":{\"@id\":\"https:\\\/\\\/fuentesfidedignas.com.mx\\\/index.php\\\/2026\\\/09\\\/04\\\/cedh-sinaloa-y-cddh-nayarit-suscriben-convenio-de-colaboracion\\\/#primaryimage\"},\"image\":{\"@id\":\"https:\\\/\\\/fuentesfidedignas.com.mx\\\/index.php\\\/2026\\\/09\\\/04\\\/cedh-sinaloa-y-cddh-nayarit-suscriben-convenio-de-colaboracion\\\/#primaryimage\"},\"thumbnailUrl\":\"https:\\\/\\\/fuentesfidedignas.com.mx\\\/wp-content\\\/uploads\\\/2026\\\/09\\\/4ac32f68-dfd2-4a74-9a00-9f0e1e9b1146.jpeg\",\"datePublished\":\"2026-09-04T22:28:25+00:00\",\"dateModified\":\"2026-09-04T22:28:42+00:00\",\"breadcrumb\":{\"@id\":\"https:\\\/\\\/fuentesfidedignas.com.mx\\\/index.php\\\/2026\\\/09\\\/04\\\/cedh-sinaloa-y-cddh-nayarit-suscriben-convenio-de-colaboracion\\\/#breadcrumb\"},\"inLanguage\":\"es\",\"potentialAction\":[{\"@type\":\"ReadAction\",\"target\":[\"https:\\\/\\\/fuentesfidedignas.com.mx\\\/index.php\\\/2026\\\/09\\\/04\\\/cedh-sinaloa-y-cddh-nayarit-suscriben-convenio-de-colaboracion\\\/\"]}]},{\"@type\":\"ImageObject\",\"inLanguage\":\"es\",\"@id\":\"https:\\\/\\\/fuentesfidedignas.com.mx\\\/index.php\\\/2026\\\/09\\\/04\\\/cedh-sinaloa-y-cddh-nayarit-suscriben-convenio-de-colaboracion\\\/#primaryimage\",\"url\":\"https:\\\/\\\/fuentesfidedignas.com.mx\\\/wp-content\\\/uploads\\\/2026\\\/09\\\/4ac32f68-dfd2-4a74-9a00-9f0e1e9b1146.jpeg\",\"contentUrl\":\"https:\\\/\\\/fuentesfidedignas.com.mx\\\/wp-content\\\/uploads\\\/2026\\\/09\\\/4ac32f68-dfd2-4a74-9a00-9f0e1e9b1146.jpeg\",\"width\":1280,\"height\":854},{\"@type\":\"BreadcrumbList\",\"@id\":\"https:\\\/\\\/fuentesfidedignas.com.mx\\\/index.php\\\/2026\\\/09\\\/04\\\/cedh-sinaloa-y-cddh-nayarit-suscriben-convenio-de-colaboracion\\\/#breadcrumb\",\"itemListElement\":[{\"@type\":\"ListItem\",\"position\":1,\"name\":\"Inicio\",\"item\":\"https:\\\/\\\/fuentesfidedignas.com.mx\\\/\"},{\"@type\":\"ListItem\",\"position\":2,\"name\":\"CEDH Sinaloa y CDDH Nayarit suscriben convenio de colaboraci\u00f3n\"}]},{\"@type\":\"WebSite\",\"@id\":\"https:\\\/\\\/fuentesfidedignas.com.mx\\\/#website\",\"url\":\"https:\\\/\\\/fuentesfidedignas.com.mx\\\/\",\"name\":\"Fuentes Fidedignas\",\"description\":\"Otro sitio realizado con WordPress\",\"publisher\":{\"@id\":\"https:\\\/\\\/fuentesfidedignas.com.mx\\\/#organization\"},\"potentialAction\":[{\"@type\":\"SearchAction\",\"target\":{\"@type\":\"EntryPoint\",\"urlTemplate\":\"https:\\\/\\\/fuentesfidedignas.com.mx\\\/?s={search_term_string}\"},\"query-input\":{\"@type\":\"PropertyValueSpecification\",\"valueRequired\":true,\"valueName\":\"search_term_string\"}}],\"inLanguage\":\"es\"},{\"@type\":\"Organization\",\"@id\":\"https:\\\/\\\/fuentesfidedignas.com.mx\\\/#organization\",\"name\":\"Fuentes Fidedignas\",\"url\":\"https:\\\/\\\/fuentesfidedignas.com.mx\\\/\",\"logo\":{\"@type\":\"ImageObject\",\"inLanguage\":\"es\",\"@id\":\"https:\\\/\\\/fuentesfidedignas.com.mx\\\/#\\\/schema\\\/logo\\\/image\\\/\",\"url\":\"https:\\\/\\\/fuentesfidedignas.com.mx\\\/wp-content\\\/uploads\\\/2021\\\/04\\\/logo-retina.png\",\"contentUrl\":\"https:\\\/\\\/fuentesfidedignas.com.mx\\\/wp-content\\\/uploads\\\/2021\\\/04\\\/logo-retina.png\",\"width\":280,\"height\":51,\"caption\":\"Fuentes Fidedignas\"},\"image\":{\"@id\":\"https:\\\/\\\/fuentesfidedignas.com.mx\\\/#\\\/schema\\\/logo\\\/image\\\/\"},\"sameAs\":[\"https:\\\/\\\/www.facebook.com\\\/Fuentes-Fidedignas-368234489921644\",\"https:\\\/\\\/x.com\\\/fidedignas\"]},{\"@type\":\"Person\",\"@id\":\"https:\\\/\\\/fuentesfidedignas.com.mx\\\/#\\\/schema\\\/person\\\/331be9283d37198e2acd5750279085b0\",\"name\":\"Redacci\u00f3n\",\"image\":{\"@type\":\"ImageObject\",\"inLanguage\":\"es\",\"@id\":\"https:\\\/\\\/secure.gravatar.com\\\/avatar\\\/f6d8782c11d12b2d4ad3fbb6931aeab5309937a4d6cd2fc9cfaa28a6396a5aec?s=96&d=mm&r=g\",\"url\":\"https:\\\/\\\/secure.gravatar.com\\\/avatar\\\/f6d8782c11d12b2d4ad3fbb6931aeab5309937a4d6cd2fc9cfaa28a6396a5aec?s=96&d=mm&r=g\",\"contentUrl\":\"https:\\\/\\\/secure.gravatar.com\\\/avatar\\\/f6d8782c11d12b2d4ad3fbb6931aeab5309937a4d6cd2fc9cfaa28a6396a5aec?s=96&d=mm&r=g\",\"caption\":\"Redacci\u00f3n\"},\"url\":\"https:\\\/\\\/fuentesfidedignas.com.mx\\\/index.php\\\/author\\\/redaccion\\\/\"}]}<\/script>\n<!-- \/ Yoast SEO plugin. -->","yoast_head_json":{"title":"CEDH Sinaloa y CDDH Nayarit suscriben convenio de colaboraci\u00f3n - Fuentes Fidedignas","robots":{"index":"index","follow":"follow","max-snippet":"max-snippet:-1","max-image-preview":"max-image-preview:large","max-video-preview":"max-video-preview:-1"},"canonical":"https:\/\/fuentesfidedignas.com.mx\/index.php\/2026\/09\/04\/cedh-sinaloa-y-cddh-nayarit-suscriben-convenio-de-colaboracion\/","og_locale":"es_MX","og_type":"article","og_title":"CEDH Sinaloa y CDDH Nayarit suscriben convenio de colaboraci\u00f3n - Fuentes Fidedignas","og_description":"Como primera acci\u00f3n del convenio de colaboraci\u00f3n entre la CEDH Sinaloa y la CDDHN, el Dr. Carlos Alberto Prieto Godoy imparti\u00f3 la capacitaci\u00f3n \u201cInnovaci\u00f3n y buenas pr\u00e1cticas en la protecci\u00f3n de los derechos humanos\u201d al personal de la CEDH Sinaloa. Culiac\u00e1n, Sinaloa. A 04 de septiembre del 2026.- Con el prop\u00f3sito de conjuntar esfuerzos, capacidades [&hellip;]","og_url":"https:\/\/fuentesfidedignas.com.mx\/index.php\/2026\/09\/04\/cedh-sinaloa-y-cddh-nayarit-suscriben-convenio-de-colaboracion\/","og_site_name":"Fuentes Fidedignas","article_publisher":"https:\/\/www.facebook.com\/Fuentes-Fidedignas-368234489921644","article_published_time":"2026-09-04T22:28:25+00:00","article_modified_time":"2026-09-04T22:28:42+00:00","og_image":[{"width":1280,"height":854,"url":"https:\/\/fuentesfidedignas.com.mx\/wp-content\/uploads\/2026\/09\/4ac32f68-dfd2-4a74-9a00-9f0e1e9b1146.jpeg","type":"image\/jpeg"}],"author":"Redacci\u00f3n","twitter_card":"summary_large_image","twitter_creator":"@fidedignas","twitter_site":"@fidedignas","twitter_misc":{"Escrito por":"Redacci\u00f3n","Tiempo de lectura":"4 minutos"},"schema":{"@context":"https:\/\/schema.org","@graph":[{"@type":"Article","@id":"https:\/\/fuentesfidedignas.com.mx\/index.php\/2026\/09\/04\/cedh-sinaloa-y-cddh-nayarit-suscriben-convenio-de-colaboracion\/#article","isPartOf":{"@id":"https:\/\/fuentesfidedignas.com.mx\/index.php\/2026\/09\/04\/cedh-sinaloa-y-cddh-nayarit-suscriben-convenio-de-colaboracion\/"},"author":{"name":"Redacci\u00f3n","@id":"https:\/\/fuentesfidedignas.com.mx\/#\/schema\/person\/331be9283d37198e2acd5750279085b0"},"headline":"CEDH Sinaloa y CDDH Nayarit suscriben convenio de colaboraci\u00f3n","datePublished":"2026-09-04T22:28:25+00:00","dateModified":"2026-09-04T22:28:42+00:00","mainEntityOfPage":{"@id":"https:\/\/fuentesfidedignas.com.mx\/index.php\/2026\/09\/04\/cedh-sinaloa-y-cddh-nayarit-suscriben-convenio-de-colaboracion\/"},"wordCount":750,"commentCount":0,"publisher":{"@id":"https:\/\/fuentesfidedignas.com.mx\/#organization"},"image":{"@id":"https:\/\/fuentesfidedignas.com.mx\/index.php\/2026\/09\/04\/cedh-sinaloa-y-cddh-nayarit-suscriben-convenio-de-colaboracion\/#primaryimage"},"thumbnailUrl":"https:\/\/fuentesfidedignas.com.mx\/wp-content\/uploads\/2026\/09\/4ac32f68-dfd2-4a74-9a00-9f0e1e9b1146.jpeg","articleSection":["NOTICIAS LOCALES"],"inLanguage":"es","potentialAction":[{"@type":"CommentAction","name":"Comment","target":["https:\/\/fuentesfidedignas.com.mx\/index.php\/2026\/09\/04\/cedh-sinaloa-y-cddh-nayarit-suscriben-convenio-de-colaboracion\/#respond"]}]},{"@type":"WebPage","@id":"https:\/\/fuentesfidedignas.com.mx\/index.php\/2026\/09\/04\/cedh-sinaloa-y-cddh-nayarit-suscriben-convenio-de-colaboracion\/","url":"https:\/\/fuentesfidedignas.com.mx\/index.php\/2026\/09\/04\/cedh-sinaloa-y-cddh-nayarit-suscriben-convenio-de-colaboracion\/","name":"CEDH Sinaloa y CDDH Nayarit suscriben convenio de colaboraci\u00f3n - Fuentes Fidedignas","isPartOf":{"@id":"https:\/\/fuentesfidedignas.com.mx\/#website"},"primaryImageOfPage":{"@id":"https:\/\/fuentesfidedignas.com.mx\/index.php\/2026\/09\/04\/cedh-sinaloa-y-cddh-nayarit-suscriben-convenio-de-colaboracion\/#primaryimage"},"image":{"@id":"https:\/\/fuentesfidedignas.com.mx\/index.php\/2026\/09\/04\/cedh-sinaloa-y-cddh-nayarit-suscriben-convenio-de-colaboracion\/#primaryimage"},"thumbnailUrl":"https:\/\/fuentesfidedignas.com.mx\/wp-content\/uploads\/2026\/09\/4ac32f68-dfd2-4a74-9a00-9f0e1e9b1146.jpeg","datePublished":"2026-09-04T22:28:25+00:00","dateModified":"2026-09-04T22:28:42+00:00","breadcrumb":{"@id":"https:\/\/fuentesfidedignas.com.mx\/index.php\/2026\/09\/04\/cedh-sinaloa-y-cddh-nayarit-suscriben-convenio-de-colaboracion\/#breadcrumb"},"inLanguage":"es","potentialAction":[{"@type":"ReadAction","target":["https:\/\/fuentesfidedignas.com.mx\/index.php\/2026\/09\/04\/cedh-sinaloa-y-cddh-nayarit-suscriben-convenio-de-colaboracion\/"]}]},{"@type":"ImageObject","inLanguage":"es","@id":"https:\/\/fuentesfidedignas.com.mx\/index.php\/2026\/09\/04\/cedh-sinaloa-y-cddh-nayarit-suscriben-convenio-de-colaboracion\/#primaryimage","url":"https:\/\/fuentesfidedignas.com.mx\/wp-content\/uploads\/2026\/09\/4ac32f68-dfd2-4a74-9a00-9f0e1e9b1146.jpeg","contentUrl":"https:\/\/fuentesfidedignas.com.mx\/wp-content\/uploads\/2026\/09\/4ac32f68-dfd2-4a74-9a00-9f0e1e9b1146.jpeg","width":1280,"height":854},{"@type":"BreadcrumbList","@id":"https:\/\/fuentesfidedignas.com.mx\/index.php\/2026\/09\/04\/cedh-sinaloa-y-cddh-nayarit-suscriben-convenio-de-colaboracion\/#breadcrumb","itemListElement":[{"@type":"ListItem","position":1,"name":"Inicio","item":"https:\/\/fuentesfidedignas.com.mx\/"},{"@type":"ListItem","position":2,"name":"CEDH Sinaloa y CDDH Nayarit suscriben convenio de colaboraci\u00f3n"}]},{"@type":"WebSite","@id":"https:\/\/fuentesfidedignas.com.mx\/#website","url":"https:\/\/fuentesfidedignas.com.mx\/","name":"Fuentes Fidedignas","description":"Otro sitio realizado con WordPress","publisher":{"@id":"https:\/\/fuentesfidedignas.com.mx\/#organization"},"potentialAction":[{"@type":"SearchAction","target":{"@type":"EntryPoint","urlTemplate":"https:\/\/fuentesfidedignas.com.mx\/?s={search_term_string}"},"query-input":{"@type":"PropertyValueSpecification","valueRequired":true,"valueName":"search_term_string"}}],"inLanguage":"es"},{"@type":"Organization","@id":"https:\/\/fuentesfidedignas.com.mx\/#organization","name":"Fuentes Fidedignas","url":"https:\/\/fuentesfidedignas.com.mx\/","logo":{"@type":"ImageObject","inLanguage":"es","@id":"https:\/\/fuentesfidedignas.com.mx\/#\/schema\/logo\/image\/","url":"https:\/\/fuentesfidedignas.com.mx\/wp-content\/uploads\/2021\/04\/logo-retina.png","contentUrl":"https:\/\/fuentesfidedignas.com.mx\/wp-content\/uploads\/2021\/04\/logo-retina.png","width":280,"height":51,"caption":"Fuentes Fidedignas"},"image":{"@id":"https:\/\/fuentesfidedignas.com.mx\/#\/schema\/logo\/image\/"},"sameAs":["https:\/\/www.facebook.com\/Fuentes-Fidedignas-368234489921644","https:\/\/x.com\/fidedignas"]},{"@type":"Person","@id":"https:\/\/fuentesfidedignas.com.mx\/#\/schema\/person\/331be9283d37198e2acd5750279085b0","name":"Redacci\u00f3n","image":{"@type":"ImageObject","inLanguage":"es","@id":"https:\/\/secure.gravatar.com\/avatar\/f6d8782c11d12b2d4ad3fbb6931aeab5309937a4d6cd2fc9cfaa28a6396a5aec?s=96&d=mm&r=g","url":"https:\/\/secure.gravatar.com\/avatar\/f6d8782c11d12b2d4ad3fbb6931aeab5309937a4d6cd2fc9cfaa28a6396a5aec?s=96&d=mm&r=g","contentUrl":"https:\/\/secure.gravatar.com\/avatar\/f6d8782c11d12b2d4ad3fbb6931aeab5309937a4d6cd2fc9cfaa28a6396a5aec?s=96&d=mm&r=g","caption":"Redacci\u00f3n"},"url":"https:\/\/fuentesfidedignas.com.mx\/index.php\/author\/redaccion\/"}]}},"_links":{"self":[{"href":"https:\/\/fuentesfidedignas.com.mx\/index.php\/wp-json\/wp\/v2\/posts\/141663","targetHints":{"allow":["GET"]}}],"collection":[{"href":"https:\/\/fuentesfidedignas.com.mx\/index.php\/wp-json\/wp\/v2\/posts"}],"about":[{"href":"https:\/\/fuentesfidedignas.com.mx\/index.php\/wp-json\/wp\/v2\/types\/post"}],"author":[{"embeddable":true,"href":"https:\/\/fuentesfidedignas.com.mx\/index.php\/wp-json\/wp\/v2\/users\/4"}],"replies":[{"embeddable":true,"href":"https:\/\/fuentesfidedignas.com.mx\/index.php\/wp-json\/wp\/v2\/comments?post=141663"}],"version-history":[{"count":1,"href":"https:\/\/fuentesfidedignas.com.mx\/index.php\/wp-json\/wp\/v2\/posts\/141663\/revisions"}],"predecessor-version":[{"id":141665,"href":"https:\/\/fuentesfidedignas.com.mx\/index.php\/wp-json\/wp\/v2\/posts\/141663\/revisions\/141665"}],"wp:featuredmedia":[{"embeddable":true,"href":"https:\/\/fuentesfidedignas.com.mx\/index.php\/wp-json\/wp\/v2\/media\/141664"}],"wp:attachment":[{"href":"https:\/\/fuentesfidedignas.com.mx\/index.php\/wp-json\/wp\/v2\/media?parent=141663"}],"wp:term":[{"taxonomy":"category","embeddable":true,"href":"https:\/\/fuentesfidedignas.com.mx\/index.php\/wp-json\/wp\/v2\/categories?post=141663"},{"taxonomy":"post_tag","embeddable":true,"href":"https:\/\/fuentesfidedignas.com.mx\/index.php\/wp-json\/wp\/v2\/tags?post=141663"}],"curies":[{"name":"wp","href":"https:\/\/api.w.org\/{rel}","templated":true}]}}