{"id":141660,"date":"2026-09-04T13:57:20","date_gmt":"2026-09-04T20:57:20","guid":{"rendered":"https:\/\/fuentesfidedignas.com.mx\/?p=141660"},"modified":"2026-09-04T13:57:25","modified_gmt":"2026-09-04T20:57:25","slug":"gobernadora-encabeza-la-mesa-de-construccion-de-paz-y-seguridad-en-el-municipio-de-choix","status":"publish","type":"post","link":"https:\/\/fuentesfidedignas.com.mx\/index.php\/2026\/09\/04\/gobernadora-encabeza-la-mesa-de-construccion-de-paz-y-seguridad-en-el-municipio-de-choix\/","title":{"rendered":"Gobernadora encabeza la Mesa de Construcci\u00f3n de Paz y Seguridad en el municipio de Choix"},"content":{"rendered":"\n<p class=\"wp-block-paragraph\"><strong><em>Este tipo de reuniones son con el objetivo de conocer los indicadores en materia de seguridad, de cada municipio del estado<\/em><\/strong><\/p>\n\n\n\n<p class=\"wp-block-paragraph\">Choix, Sin.- La Gobernadora de Sinaloa, Graciela Dom\u00ednguez Nava, encabez\u00f3 la Mesa de Construcci\u00f3n de Paz y Seguridad en el municipio de Choix, en donde, estuvo acompa\u00f1ada por mandos militares, navales, cuerpos de auxilio y los alcaldes Yoneida G\u00e1mez V\u00e1zquez y Gildardo Leyva, de Choix y El Fuerte, respectivamente, as\u00ed como el Secretario de Seguridad P\u00fablica en el Estado, Sinuh\u00e9 T\u00e9llez L\u00f3pez.<\/p>\n\n\n\n<p class=\"wp-block-paragraph\">Con la instrucci\u00f3n de llevar a cabo estas mesas de forma itinerante a lo largo y ancho del estado, este viernes se realiz\u00f3 en las instalaciones de la Guardia Nacional, en donde las autoridades de los tres \u00f3rdenes de Gobierno, que integran el Grupo Interinstitucional, analizaron la incidencia registrada en la zona norte de Sinaloa con el objetivo de afinar y direccionar las estrategias, por lo que se tomaron algunos acuerdos.<\/p>\n\n\n\n<p class=\"wp-block-paragraph\">Durante dicho encuentro, se presentaron estad\u00edsticas de los delitos m\u00e1s recurrentes, por lo que se hicieron compromisos para atenderlos de forma m\u00e1s puntual y de forma conjunta para mejores resultados.<\/p>\n\n\n\n<p class=\"wp-block-paragraph\">La mandataria, escuch\u00f3 los datos ah\u00ed expuestos, por lo que se\u00f1al\u00f3 es importante mantener los trabajos preventivos y de forma coordinada entre autoridades de los tres \u00f3rdenes de gobierno.<\/p>\n\n\n\n<p class=\"wp-block-paragraph\">Agreg\u00f3 que Sinaloa contar\u00e1 con un Plan Integral de Seguridad y Gobernabilidad cuyos ejes centrales son, el fortalecimiento de los cuerpos polic\u00edacos, profundizar acciones sociales y generar confianza en la ciudadan\u00eda, que coadyuven a la pacificaci\u00f3n del estado.<\/p>\n","protected":false},"excerpt":{"rendered":"<p>Este tipo de reuniones son con el objetivo de conocer los indicadores en materia de seguridad, de cada municipio del estado Choix, Sin.- La Gobernadora de Sinaloa, Graciela Dom\u00ednguez Nava, encabez\u00f3 la Mesa de Construcci\u00f3n de Paz y Seguridad en el municipio de Choix, en donde, estuvo acompa\u00f1ada por mandos militares, navales, cuerpos de auxilio [&hellip;]<\/p>\n","protected":false},"author":4,"featured_media":141661,"comment_status":"open","ping_status":"open","sticky":false,"template":"","format":"standard","meta":{"tdm_status":"","tdm_grid_status":"","footnotes":""},"categories":[37],"tags":[],"class_list":["post-141660","post","type-post","status-publish","format-standard","has-post-thumbnail","category-nota-principal"],"yoast_head":"<!-- This site is optimized with the Yoast SEO plugin v28.4 - https:\/\/yoast.com\/product\/yoast-seo-wordpress\/ -->\n<title>Gobernadora encabeza la Mesa de Construcci\u00f3n de Paz y Seguridad en el municipio de Choix - Fuentes Fidedignas<\/title>\n<meta name=\"robots\" content=\"index, follow, max-snippet:-1, max-image-preview:large, max-video-preview:-1\" \/>\n<link rel=\"canonical\" href=\"https:\/\/fuentesfidedignas.com.mx\/index.php\/2026\/09\/04\/gobernadora-encabeza-la-mesa-de-construccion-de-paz-y-seguridad-en-el-municipio-de-choix\/\" \/>\n<meta property=\"og:locale\" content=\"es_MX\" \/>\n<meta property=\"og:type\" content=\"article\" \/>\n<meta property=\"og:title\" content=\"Gobernadora encabeza la Mesa de Construcci\u00f3n de Paz y Seguridad en el municipio de Choix - Fuentes Fidedignas\" \/>\n<meta property=\"og:description\" content=\"Este tipo de reuniones son con el objetivo de conocer los indicadores en materia de seguridad, de cada municipio del estado Choix, Sin.- La Gobernadora de Sinaloa, Graciela Dom\u00ednguez Nava, encabez\u00f3 la Mesa de Construcci\u00f3n de Paz y Seguridad en el municipio de Choix, en donde, estuvo acompa\u00f1ada por mandos militares, navales, cuerpos de auxilio [&hellip;]\" \/>\n<meta property=\"og:url\" content=\"https:\/\/fuentesfidedignas.com.mx\/index.php\/2026\/09\/04\/gobernadora-encabeza-la-mesa-de-construccion-de-paz-y-seguridad-en-el-municipio-de-choix\/\" \/>\n<meta property=\"og:site_name\" content=\"Fuentes Fidedignas\" \/>\n<meta property=\"article:publisher\" content=\"https:\/\/www.facebook.com\/Fuentes-Fidedignas-368234489921644\" \/>\n<meta property=\"article:published_time\" content=\"2026-09-04T20:57:20+00:00\" \/>\n<meta property=\"article:modified_time\" content=\"2026-09-04T20:57:25+00:00\" \/>\n<meta property=\"og:image\" content=\"https:\/\/fuentesfidedignas.com.mx\/wp-content\/uploads\/2026\/09\/WhatsApp-Image-2026-09-04-at-1.40.47-PM.jpeg\" \/>\n\t<meta property=\"og:image:width\" content=\"500\" \/>\n\t<meta property=\"og:image:height\" content=\"333\" \/>\n\t<meta property=\"og:image:type\" content=\"image\/jpeg\" \/>\n<meta name=\"author\" content=\"Redacci\u00f3n\" \/>\n<meta name=\"twitter:card\" content=\"summary_large_image\" \/>\n<meta name=\"twitter:creator\" content=\"@fidedignas\" \/>\n<meta name=\"twitter:site\" content=\"@fidedignas\" \/>\n<meta name=\"twitter:label1\" content=\"Escrito por\" \/>\n\t<meta name=\"twitter:data1\" content=\"Redacci\u00f3n\" \/>\n\t<meta name=\"twitter:label2\" content=\"Tiempo de lectura\" \/>\n\t<meta name=\"twitter:data2\" content=\"2 minutos\" \/>\n<script type=\"application\/ld+json\" class=\"yoast-schema-graph\">{\"@context\":\"https:\\\/\\\/schema.org\",\"@graph\":[{\"@type\":\"Article\",\"@id\":\"https:\\\/\\\/fuentesfidedignas.com.mx\\\/index.php\\\/2026\\\/09\\\/04\\\/gobernadora-encabeza-la-mesa-de-construccion-de-paz-y-seguridad-en-el-municipio-de-choix\\\/#article\",\"isPartOf\":{\"@id\":\"https:\\\/\\\/fuentesfidedignas.com.mx\\\/index.php\\\/2026\\\/09\\\/04\\\/gobernadora-encabeza-la-mesa-de-construccion-de-paz-y-seguridad-en-el-municipio-de-choix\\\/\"},\"author\":{\"name\":\"Redacci\u00f3n\",\"@id\":\"https:\\\/\\\/fuentesfidedignas.com.mx\\\/#\\\/schema\\\/person\\\/331be9283d37198e2acd5750279085b0\"},\"headline\":\"Gobernadora encabeza la Mesa de Construcci\u00f3n de Paz y Seguridad en el municipio de Choix\",\"datePublished\":\"2026-09-04T20:57:20+00:00\",\"dateModified\":\"2026-09-04T20:57:25+00:00\",\"mainEntityOfPage\":{\"@id\":\"https:\\\/\\\/fuentesfidedignas.com.mx\\\/index.php\\\/2026\\\/09\\\/04\\\/gobernadora-encabeza-la-mesa-de-construccion-de-paz-y-seguridad-en-el-municipio-de-choix\\\/\"},\"wordCount\":284,\"commentCount\":0,\"publisher\":{\"@id\":\"https:\\\/\\\/fuentesfidedignas.com.mx\\\/#organization\"},\"image\":{\"@id\":\"https:\\\/\\\/fuentesfidedignas.com.mx\\\/index.php\\\/2026\\\/09\\\/04\\\/gobernadora-encabeza-la-mesa-de-construccion-de-paz-y-seguridad-en-el-municipio-de-choix\\\/#primaryimage\"},\"thumbnailUrl\":\"https:\\\/\\\/fuentesfidedignas.com.mx\\\/wp-content\\\/uploads\\\/2026\\\/09\\\/WhatsApp-Image-2026-09-04-at-1.40.47-PM.jpeg\",\"articleSection\":[\"NOTA PRINCIPAL\"],\"inLanguage\":\"es\",\"potentialAction\":[{\"@type\":\"CommentAction\",\"name\":\"Comment\",\"target\":[\"https:\\\/\\\/fuentesfidedignas.com.mx\\\/index.php\\\/2026\\\/09\\\/04\\\/gobernadora-encabeza-la-mesa-de-construccion-de-paz-y-seguridad-en-el-municipio-de-choix\\\/#respond\"]}]},{\"@type\":\"WebPage\",\"@id\":\"https:\\\/\\\/fuentesfidedignas.com.mx\\\/index.php\\\/2026\\\/09\\\/04\\\/gobernadora-encabeza-la-mesa-de-construccion-de-paz-y-seguridad-en-el-municipio-de-choix\\\/\",\"url\":\"https:\\\/\\\/fuentesfidedignas.com.mx\\\/index.php\\\/2026\\\/09\\\/04\\\/gobernadora-encabeza-la-mesa-de-construccion-de-paz-y-seguridad-en-el-municipio-de-choix\\\/\",\"name\":\"Gobernadora encabeza la Mesa de Construcci\u00f3n de Paz y Seguridad en el municipio de Choix - Fuentes Fidedignas\",\"isPartOf\":{\"@id\":\"https:\\\/\\\/fuentesfidedignas.com.mx\\\/#website\"},\"primaryImageOfPage\":{\"@id\":\"https:\\\/\\\/fuentesfidedignas.com.mx\\\/index.php\\\/2026\\\/09\\\/04\\\/gobernadora-encabeza-la-mesa-de-construccion-de-paz-y-seguridad-en-el-municipio-de-choix\\\/#primaryimage\"},\"image\":{\"@id\":\"https:\\\/\\\/fuentesfidedignas.com.mx\\\/index.php\\\/2026\\\/09\\\/04\\\/gobernadora-encabeza-la-mesa-de-construccion-de-paz-y-seguridad-en-el-municipio-de-choix\\\/#primaryimage\"},\"thumbnailUrl\":\"https:\\\/\\\/fuentesfidedignas.com.mx\\\/wp-content\\\/uploads\\\/2026\\\/09\\\/WhatsApp-Image-2026-09-04-at-1.40.47-PM.jpeg\",\"datePublished\":\"2026-09-04T20:57:20+00:00\",\"dateModified\":\"2026-09-04T20:57:25+00:00\",\"breadcrumb\":{\"@id\":\"https:\\\/\\\/fuentesfidedignas.com.mx\\\/index.php\\\/2026\\\/09\\\/04\\\/gobernadora-encabeza-la-mesa-de-construccion-de-paz-y-seguridad-en-el-municipio-de-choix\\\/#breadcrumb\"},\"inLanguage\":\"es\",\"potentialAction\":[{\"@type\":\"ReadAction\",\"target\":[\"https:\\\/\\\/fuentesfidedignas.com.mx\\\/index.php\\\/2026\\\/09\\\/04\\\/gobernadora-encabeza-la-mesa-de-construccion-de-paz-y-seguridad-en-el-municipio-de-choix\\\/\"]}]},{\"@type\":\"ImageObject\",\"inLanguage\":\"es\",\"@id\":\"https:\\\/\\\/fuentesfidedignas.com.mx\\\/index.php\\\/2026\\\/09\\\/04\\\/gobernadora-encabeza-la-mesa-de-construccion-de-paz-y-seguridad-en-el-municipio-de-choix\\\/#primaryimage\",\"url\":\"https:\\\/\\\/fuentesfidedignas.com.mx\\\/wp-content\\\/uploads\\\/2026\\\/09\\\/WhatsApp-Image-2026-09-04-at-1.40.47-PM.jpeg\",\"contentUrl\":\"https:\\\/\\\/fuentesfidedignas.com.mx\\\/wp-content\\\/uploads\\\/2026\\\/09\\\/WhatsApp-Image-2026-09-04-at-1.40.47-PM.jpeg\",\"width\":500,\"height\":333},{\"@type\":\"BreadcrumbList\",\"@id\":\"https:\\\/\\\/fuentesfidedignas.com.mx\\\/index.php\\\/2026\\\/09\\\/04\\\/gobernadora-encabeza-la-mesa-de-construccion-de-paz-y-seguridad-en-el-municipio-de-choix\\\/#breadcrumb\",\"itemListElement\":[{\"@type\":\"ListItem\",\"position\":1,\"name\":\"Inicio\",\"item\":\"https:\\\/\\\/fuentesfidedignas.com.mx\\\/\"},{\"@type\":\"ListItem\",\"position\":2,\"name\":\"Gobernadora encabeza la Mesa de Construcci\u00f3n de Paz y Seguridad en el municipio de Choix\"}]},{\"@type\":\"WebSite\",\"@id\":\"https:\\\/\\\/fuentesfidedignas.com.mx\\\/#website\",\"url\":\"https:\\\/\\\/fuentesfidedignas.com.mx\\\/\",\"name\":\"Fuentes Fidedignas\",\"description\":\"Otro sitio realizado con WordPress\",\"publisher\":{\"@id\":\"https:\\\/\\\/fuentesfidedignas.com.mx\\\/#organization\"},\"potentialAction\":[{\"@type\":\"SearchAction\",\"target\":{\"@type\":\"EntryPoint\",\"urlTemplate\":\"https:\\\/\\\/fuentesfidedignas.com.mx\\\/?s={search_term_string}\"},\"query-input\":{\"@type\":\"PropertyValueSpecification\",\"valueRequired\":true,\"valueName\":\"search_term_string\"}}],\"inLanguage\":\"es\"},{\"@type\":\"Organization\",\"@id\":\"https:\\\/\\\/fuentesfidedignas.com.mx\\\/#organization\",\"name\":\"Fuentes Fidedignas\",\"url\":\"https:\\\/\\\/fuentesfidedignas.com.mx\\\/\",\"logo\":{\"@type\":\"ImageObject\",\"inLanguage\":\"es\",\"@id\":\"https:\\\/\\\/fuentesfidedignas.com.mx\\\/#\\\/schema\\\/logo\\\/image\\\/\",\"url\":\"https:\\\/\\\/fuentesfidedignas.com.mx\\\/wp-content\\\/uploads\\\/2021\\\/04\\\/logo-retina.png\",\"contentUrl\":\"https:\\\/\\\/fuentesfidedignas.com.mx\\\/wp-content\\\/uploads\\\/2021\\\/04\\\/logo-retina.png\",\"width\":280,\"height\":51,\"caption\":\"Fuentes Fidedignas\"},\"image\":{\"@id\":\"https:\\\/\\\/fuentesfidedignas.com.mx\\\/#\\\/schema\\\/logo\\\/image\\\/\"},\"sameAs\":[\"https:\\\/\\\/www.facebook.com\\\/Fuentes-Fidedignas-368234489921644\",\"https:\\\/\\\/x.com\\\/fidedignas\"]},{\"@type\":\"Person\",\"@id\":\"https:\\\/\\\/fuentesfidedignas.com.mx\\\/#\\\/schema\\\/person\\\/331be9283d37198e2acd5750279085b0\",\"name\":\"Redacci\u00f3n\",\"image\":{\"@type\":\"ImageObject\",\"inLanguage\":\"es\",\"@id\":\"https:\\\/\\\/secure.gravatar.com\\\/avatar\\\/f6d8782c11d12b2d4ad3fbb6931aeab5309937a4d6cd2fc9cfaa28a6396a5aec?s=96&d=mm&r=g\",\"url\":\"https:\\\/\\\/secure.gravatar.com\\\/avatar\\\/f6d8782c11d12b2d4ad3fbb6931aeab5309937a4d6cd2fc9cfaa28a6396a5aec?s=96&d=mm&r=g\",\"contentUrl\":\"https:\\\/\\\/secure.gravatar.com\\\/avatar\\\/f6d8782c11d12b2d4ad3fbb6931aeab5309937a4d6cd2fc9cfaa28a6396a5aec?s=96&d=mm&r=g\",\"caption\":\"Redacci\u00f3n\"},\"url\":\"https:\\\/\\\/fuentesfidedignas.com.mx\\\/index.php\\\/author\\\/redaccion\\\/\"}]}<\/script>\n<!-- \/ Yoast SEO plugin. -->","yoast_head_json":{"title":"Gobernadora encabeza la Mesa de Construcci\u00f3n de Paz y Seguridad en el municipio de Choix - Fuentes Fidedignas","robots":{"index":"index","follow":"follow","max-snippet":"max-snippet:-1","max-image-preview":"max-image-preview:large","max-video-preview":"max-video-preview:-1"},"canonical":"https:\/\/fuentesfidedignas.com.mx\/index.php\/2026\/09\/04\/gobernadora-encabeza-la-mesa-de-construccion-de-paz-y-seguridad-en-el-municipio-de-choix\/","og_locale":"es_MX","og_type":"article","og_title":"Gobernadora encabeza la Mesa de Construcci\u00f3n de Paz y Seguridad en el municipio de Choix - Fuentes Fidedignas","og_description":"Este tipo de reuniones son con el objetivo de conocer los indicadores en materia de seguridad, de cada municipio del estado Choix, Sin.- La Gobernadora de Sinaloa, Graciela Dom\u00ednguez Nava, encabez\u00f3 la Mesa de Construcci\u00f3n de Paz y Seguridad en el municipio de Choix, en donde, estuvo acompa\u00f1ada por mandos militares, navales, cuerpos de auxilio [&hellip;]","og_url":"https:\/\/fuentesfidedignas.com.mx\/index.php\/2026\/09\/04\/gobernadora-encabeza-la-mesa-de-construccion-de-paz-y-seguridad-en-el-municipio-de-choix\/","og_site_name":"Fuentes Fidedignas","article_publisher":"https:\/\/www.facebook.com\/Fuentes-Fidedignas-368234489921644","article_published_time":"2026-09-04T20:57:20+00:00","article_modified_time":"2026-09-04T20:57:25+00:00","og_image":[{"width":500,"height":333,"url":"https:\/\/fuentesfidedignas.com.mx\/wp-content\/uploads\/2026\/09\/WhatsApp-Image-2026-09-04-at-1.40.47-PM.jpeg","type":"image\/jpeg"}],"author":"Redacci\u00f3n","twitter_card":"summary_large_image","twitter_creator":"@fidedignas","twitter_site":"@fidedignas","twitter_misc":{"Escrito por":"Redacci\u00f3n","Tiempo de lectura":"2 minutos"},"schema":{"@context":"https:\/\/schema.org","@graph":[{"@type":"Article","@id":"https:\/\/fuentesfidedignas.com.mx\/index.php\/2026\/09\/04\/gobernadora-encabeza-la-mesa-de-construccion-de-paz-y-seguridad-en-el-municipio-de-choix\/#article","isPartOf":{"@id":"https:\/\/fuentesfidedignas.com.mx\/index.php\/2026\/09\/04\/gobernadora-encabeza-la-mesa-de-construccion-de-paz-y-seguridad-en-el-municipio-de-choix\/"},"author":{"name":"Redacci\u00f3n","@id":"https:\/\/fuentesfidedignas.com.mx\/#\/schema\/person\/331be9283d37198e2acd5750279085b0"},"headline":"Gobernadora encabeza la Mesa de Construcci\u00f3n de Paz y Seguridad en el municipio de Choix","datePublished":"2026-09-04T20:57:20+00:00","dateModified":"2026-09-04T20:57:25+00:00","mainEntityOfPage":{"@id":"https:\/\/fuentesfidedignas.com.mx\/index.php\/2026\/09\/04\/gobernadora-encabeza-la-mesa-de-construccion-de-paz-y-seguridad-en-el-municipio-de-choix\/"},"wordCount":284,"commentCount":0,"publisher":{"@id":"https:\/\/fuentesfidedignas.com.mx\/#organization"},"image":{"@id":"https:\/\/fuentesfidedignas.com.mx\/index.php\/2026\/09\/04\/gobernadora-encabeza-la-mesa-de-construccion-de-paz-y-seguridad-en-el-municipio-de-choix\/#primaryimage"},"thumbnailUrl":"https:\/\/fuentesfidedignas.com.mx\/wp-content\/uploads\/2026\/09\/WhatsApp-Image-2026-09-04-at-1.40.47-PM.jpeg","articleSection":["NOTA PRINCIPAL"],"inLanguage":"es","potentialAction":[{"@type":"CommentAction","name":"Comment","target":["https:\/\/fuentesfidedignas.com.mx\/index.php\/2026\/09\/04\/gobernadora-encabeza-la-mesa-de-construccion-de-paz-y-seguridad-en-el-municipio-de-choix\/#respond"]}]},{"@type":"WebPage","@id":"https:\/\/fuentesfidedignas.com.mx\/index.php\/2026\/09\/04\/gobernadora-encabeza-la-mesa-de-construccion-de-paz-y-seguridad-en-el-municipio-de-choix\/","url":"https:\/\/fuentesfidedignas.com.mx\/index.php\/2026\/09\/04\/gobernadora-encabeza-la-mesa-de-construccion-de-paz-y-seguridad-en-el-municipio-de-choix\/","name":"Gobernadora encabeza la Mesa de Construcci\u00f3n de Paz y Seguridad en el municipio de Choix - Fuentes Fidedignas","isPartOf":{"@id":"https:\/\/fuentesfidedignas.com.mx\/#website"},"primaryImageOfPage":{"@id":"https:\/\/fuentesfidedignas.com.mx\/index.php\/2026\/09\/04\/gobernadora-encabeza-la-mesa-de-construccion-de-paz-y-seguridad-en-el-municipio-de-choix\/#primaryimage"},"image":{"@id":"https:\/\/fuentesfidedignas.com.mx\/index.php\/2026\/09\/04\/gobernadora-encabeza-la-mesa-de-construccion-de-paz-y-seguridad-en-el-municipio-de-choix\/#primaryimage"},"thumbnailUrl":"https:\/\/fuentesfidedignas.com.mx\/wp-content\/uploads\/2026\/09\/WhatsApp-Image-2026-09-04-at-1.40.47-PM.jpeg","datePublished":"2026-09-04T20:57:20+00:00","dateModified":"2026-09-04T20:57:25+00:00","breadcrumb":{"@id":"https:\/\/fuentesfidedignas.com.mx\/index.php\/2026\/09\/04\/gobernadora-encabeza-la-mesa-de-construccion-de-paz-y-seguridad-en-el-municipio-de-choix\/#breadcrumb"},"inLanguage":"es","potentialAction":[{"@type":"ReadAction","target":["https:\/\/fuentesfidedignas.com.mx\/index.php\/2026\/09\/04\/gobernadora-encabeza-la-mesa-de-construccion-de-paz-y-seguridad-en-el-municipio-de-choix\/"]}]},{"@type":"ImageObject","inLanguage":"es","@id":"https:\/\/fuentesfidedignas.com.mx\/index.php\/2026\/09\/04\/gobernadora-encabeza-la-mesa-de-construccion-de-paz-y-seguridad-en-el-municipio-de-choix\/#primaryimage","url":"https:\/\/fuentesfidedignas.com.mx\/wp-content\/uploads\/2026\/09\/WhatsApp-Image-2026-09-04-at-1.40.47-PM.jpeg","contentUrl":"https:\/\/fuentesfidedignas.com.mx\/wp-content\/uploads\/2026\/09\/WhatsApp-Image-2026-09-04-at-1.40.47-PM.jpeg","width":500,"height":333},{"@type":"BreadcrumbList","@id":"https:\/\/fuentesfidedignas.com.mx\/index.php\/2026\/09\/04\/gobernadora-encabeza-la-mesa-de-construccion-de-paz-y-seguridad-en-el-municipio-de-choix\/#breadcrumb","itemListElement":[{"@type":"ListItem","position":1,"name":"Inicio","item":"https:\/\/fuentesfidedignas.com.mx\/"},{"@type":"ListItem","position":2,"name":"Gobernadora encabeza la Mesa de Construcci\u00f3n de Paz y Seguridad en el municipio de Choix"}]},{"@type":"WebSite","@id":"https:\/\/fuentesfidedignas.com.mx\/#website","url":"https:\/\/fuentesfidedignas.com.mx\/","name":"Fuentes Fidedignas","description":"Otro sitio realizado con WordPress","publisher":{"@id":"https:\/\/fuentesfidedignas.com.mx\/#organization"},"potentialAction":[{"@type":"SearchAction","target":{"@type":"EntryPoint","urlTemplate":"https:\/\/fuentesfidedignas.com.mx\/?s={search_term_string}"},"query-input":{"@type":"PropertyValueSpecification","valueRequired":true,"valueName":"search_term_string"}}],"inLanguage":"es"},{"@type":"Organization","@id":"https:\/\/fuentesfidedignas.com.mx\/#organization","name":"Fuentes Fidedignas","url":"https:\/\/fuentesfidedignas.com.mx\/","logo":{"@type":"ImageObject","inLanguage":"es","@id":"https:\/\/fuentesfidedignas.com.mx\/#\/schema\/logo\/image\/","url":"https:\/\/fuentesfidedignas.com.mx\/wp-content\/uploads\/2021\/04\/logo-retina.png","contentUrl":"https:\/\/fuentesfidedignas.com.mx\/wp-content\/uploads\/2021\/04\/logo-retina.png","width":280,"height":51,"caption":"Fuentes Fidedignas"},"image":{"@id":"https:\/\/fuentesfidedignas.com.mx\/#\/schema\/logo\/image\/"},"sameAs":["https:\/\/www.facebook.com\/Fuentes-Fidedignas-368234489921644","https:\/\/x.com\/fidedignas"]},{"@type":"Person","@id":"https:\/\/fuentesfidedignas.com.mx\/#\/schema\/person\/331be9283d37198e2acd5750279085b0","name":"Redacci\u00f3n","image":{"@type":"ImageObject","inLanguage":"es","@id":"https:\/\/secure.gravatar.com\/avatar\/f6d8782c11d12b2d4ad3fbb6931aeab5309937a4d6cd2fc9cfaa28a6396a5aec?s=96&d=mm&r=g","url":"https:\/\/secure.gravatar.com\/avatar\/f6d8782c11d12b2d4ad3fbb6931aeab5309937a4d6cd2fc9cfaa28a6396a5aec?s=96&d=mm&r=g","contentUrl":"https:\/\/secure.gravatar.com\/avatar\/f6d8782c11d12b2d4ad3fbb6931aeab5309937a4d6cd2fc9cfaa28a6396a5aec?s=96&d=mm&r=g","caption":"Redacci\u00f3n"},"url":"https:\/\/fuentesfidedignas.com.mx\/index.php\/author\/redaccion\/"}]}},"_links":{"self":[{"href":"https:\/\/fuentesfidedignas.com.mx\/index.php\/wp-json\/wp\/v2\/posts\/141660","targetHints":{"allow":["GET"]}}],"collection":[{"href":"https:\/\/fuentesfidedignas.com.mx\/index.php\/wp-json\/wp\/v2\/posts"}],"about":[{"href":"https:\/\/fuentesfidedignas.com.mx\/index.php\/wp-json\/wp\/v2\/types\/post"}],"author":[{"embeddable":true,"href":"https:\/\/fuentesfidedignas.com.mx\/index.php\/wp-json\/wp\/v2\/users\/4"}],"replies":[{"embeddable":true,"href":"https:\/\/fuentesfidedignas.com.mx\/index.php\/wp-json\/wp\/v2\/comments?post=141660"}],"version-history":[{"count":1,"href":"https:\/\/fuentesfidedignas.com.mx\/index.php\/wp-json\/wp\/v2\/posts\/141660\/revisions"}],"predecessor-version":[{"id":141662,"href":"https:\/\/fuentesfidedignas.com.mx\/index.php\/wp-json\/wp\/v2\/posts\/141660\/revisions\/141662"}],"wp:featuredmedia":[{"embeddable":true,"href":"https:\/\/fuentesfidedignas.com.mx\/index.php\/wp-json\/wp\/v2\/media\/141661"}],"wp:attachment":[{"href":"https:\/\/fuentesfidedignas.com.mx\/index.php\/wp-json\/wp\/v2\/media?parent=141660"}],"wp:term":[{"taxonomy":"category","embeddable":true,"href":"https:\/\/fuentesfidedignas.com.mx\/index.php\/wp-json\/wp\/v2\/categories?post=141660"},{"taxonomy":"post_tag","embeddable":true,"href":"https:\/\/fuentesfidedignas.com.mx\/index.php\/wp-json\/wp\/v2\/tags?post=141660"}],"curies":[{"name":"wp","href":"https:\/\/api.w.org\/{rel}","templated":true}]}}