{"id":141658,"date":"2026-09-04T13:47:26","date_gmt":"2026-09-04T20:47:26","guid":{"rendered":"https:\/\/fuentesfidedignas.com.mx\/?p=141658"},"modified":"2026-09-04T13:47:32","modified_gmt":"2026-09-04T20:47:32","slug":"mexico-pide-a-eu-detener-y-extraditar-a-linda-cristina-pereyra-esposa-de-genaro-garcia-luna","status":"publish","type":"post","link":"https:\/\/fuentesfidedignas.com.mx\/index.php\/2026\/09\/04\/mexico-pide-a-eu-detener-y-extraditar-a-linda-cristina-pereyra-esposa-de-genaro-garcia-luna\/","title":{"rendered":"M\u00e9xico pide a EU detener y extraditar a Linda Cristina Pereyra, esposa de Genaro Garc\u00eda Luna"},"content":{"rendered":"\n<p class=\"wp-block-paragraph\"><strong><em>Claudia Sheinbaum confirm\u00f3 que M\u00e9xico solicit\u00f3 a EU detener y extraditar a Linda Cristina Pereyra por lavado de dinero.<\/em><\/strong><\/p>\n\n\n\n<p class=\"wp-block-paragraph\">El Gobierno de M\u00e9xico solicit\u00f3 formalmente a Estados Unidos la detenci\u00f3n provisional con fines de extradici\u00f3n de Linda Cristina Pereyra G\u00e1lvez, esposa del exsecretario de Seguridad P\u00fablica, Genaro Garc\u00eda Luna, por su presunta participaci\u00f3n en delitos de lavado de dinero y delincuencia organizada.<\/p>\n\n\n\n<p class=\"wp-block-paragraph\">La Presidenta Claudia Sheinbaum Pardo confirm\u00f3 este viernes la existencia de la solicitud durante su conferencia de prensa matutina y se\u00f1al\u00f3 que forma parte de una investigaci\u00f3n que la Fiscal\u00eda General de la Rep\u00fablica (FGR) mantiene desde hace tiempo.<\/p>\n\n\n\n<p class=\"wp-block-paragraph\">\u201cEs parte de una investigaci\u00f3n que viene de hace tiempo de la Fiscal\u00eda General de la Rep\u00fablica\u201d, respondi\u00f3 la mandataria al ser cuestionada sobre la petici\u00f3n de las autoridades mexicanas.<\/p>\n\n\n\n<p class=\"wp-block-paragraph\">Pereyra G\u00e1lvez se encuentra actualmente en Estados Unidos y es se\u00f1alada por las autoridades mexicanas por su presunta participaci\u00f3n en la red de corrupci\u00f3n y operaciones con recursos de procedencia il\u00edcita vinculada con su esposo, quien permanece preso en ese pa\u00eds.<\/p>\n\n\n\n<p class=\"wp-block-paragraph\">La solicitud de detenci\u00f3n y extradici\u00f3n se encuentra bajo an\u00e1lisis de las autoridades estadounidenses, que deber\u00e1n determinar si procede la captura provisional y, posteriormente, iniciar el proceso para su eventual entrega a M\u00e9xico.<\/p>\n\n\n\n<p class=\"wp-block-paragraph\"><strong>FGR mantiene investigaci\u00f3n por presunta red de lavado de dinero<\/strong><br>La petici\u00f3n contra Pereyra G\u00e1lvez est\u00e1 relacionada con las investigaciones de la FGR sobre el presunto entramado de corrupci\u00f3n y lavado de dinero encabezado por Garc\u00eda Luna, quien fue Secretario de Seguridad P\u00fablica federal durante el sexenio del expresidente Felipe Calder\u00f3n.<\/p>\n\n\n\n<p class=\"wp-block-paragraph\">El exfuncionario fue declarado culpable en Estados Unidos por delitos relacionados con el narcotr\u00e1fico y actualmente cumple una sentencia de prisi\u00f3n en ese pa\u00eds.<\/p>\n\n\n\n<p class=\"wp-block-paragraph\">De acuerdo con las indagatorias mexicanas, la esposa de Garc\u00eda Luna habr\u00eda tenido participaci\u00f3n en operaciones financieras vinculadas con la presunta red mediante la cual se desviaron recursos p\u00fablicos y se realizaron operaciones con dinero de procedencia il\u00edcita.<\/p>\n\n\n\n<p class=\"wp-block-paragraph\"><strong>M\u00e9xico recupera 5.8 millones de d\u00f3lares vinculados al caso Garc\u00eda Luna<\/strong><br>La solicitud de extradici\u00f3n ocurre d\u00edas despu\u00e9s de que el Gobierno de M\u00e9xico anunci\u00f3 la recuperaci\u00f3n de 5,805,693.50 d\u00f3lares, relacionados con un complejo esquema de lavado de dinero en el que estuvieron involucrados la familia Weinberg y Genaro Garc\u00eda Luna.<\/p>\n\n\n\n<p class=\"wp-block-paragraph\">El titular de la Unidad de Inteligencia Financiera (UIF), Omar Reyes Colmenares, inform\u00f3 el pasado 28 de agosto que los recursos fueron recuperados mediante el cobro de una p\u00f3liza de fianza y la liquidaci\u00f3n de 12 propiedades ubicadas en Florida, Estados Unidos, vinculadas con la familia Weinberg.<\/p>\n\n\n\n<p class=\"wp-block-paragraph\">Sheinbaum Pardo inform\u00f3 que los recursos recuperados, equivalentes a alrededor de 100 millones de pesos, ser\u00e1n destinados a proyectos educativos en las zonas con mayores necesidades del pa\u00eds, particularmente en la Monta\u00f1a de Guerrero.<\/p>\n\n\n\n<p class=\"wp-block-paragraph\">Los fondos recuperados ya ingresaron a la Tesorer\u00eda de la Federaci\u00f3n, mientras las autoridades mexicanas mantienen los procesos para recuperar otros activos relacionados con la red investigada.<\/p>\n","protected":false},"excerpt":{"rendered":"<p>Claudia Sheinbaum confirm\u00f3 que M\u00e9xico solicit\u00f3 a EU detener y extraditar a Linda Cristina Pereyra por lavado de dinero. El Gobierno de M\u00e9xico solicit\u00f3 formalmente a Estados Unidos la detenci\u00f3n provisional con fines de extradici\u00f3n de Linda Cristina Pereyra G\u00e1lvez, esposa del exsecretario de Seguridad P\u00fablica, Genaro Garc\u00eda Luna, por su presunta participaci\u00f3n en delitos [&hellip;]<\/p>\n","protected":false},"author":44,"featured_media":61968,"comment_status":"open","ping_status":"open","sticky":false,"template":"","format":"standard","meta":{"tdm_status":"","tdm_grid_status":"","footnotes":""},"categories":[39],"tags":[],"class_list":["post-141658","post","type-post","status-publish","format-standard","has-post-thumbnail","category-noticias-nacionales"],"yoast_head":"<!-- This site is optimized with the Yoast SEO plugin v28.4 - https:\/\/yoast.com\/product\/yoast-seo-wordpress\/ -->\n<title>M\u00e9xico pide a EU detener y extraditar a Linda Cristina Pereyra, esposa de Genaro Garc\u00eda Luna - Fuentes Fidedignas<\/title>\n<meta name=\"robots\" content=\"index, follow, max-snippet:-1, max-image-preview:large, max-video-preview:-1\" \/>\n<link rel=\"canonical\" href=\"https:\/\/fuentesfidedignas.com.mx\/index.php\/2026\/09\/04\/mexico-pide-a-eu-detener-y-extraditar-a-linda-cristina-pereyra-esposa-de-genaro-garcia-luna\/\" \/>\n<meta property=\"og:locale\" content=\"es_MX\" \/>\n<meta property=\"og:type\" content=\"article\" \/>\n<meta property=\"og:title\" content=\"M\u00e9xico pide a EU detener y extraditar a Linda Cristina Pereyra, esposa de Genaro Garc\u00eda Luna - Fuentes Fidedignas\" \/>\n<meta property=\"og:description\" content=\"Claudia Sheinbaum confirm\u00f3 que M\u00e9xico solicit\u00f3 a EU detener y extraditar a Linda Cristina Pereyra por lavado de dinero. El Gobierno de M\u00e9xico solicit\u00f3 formalmente a Estados Unidos la detenci\u00f3n provisional con fines de extradici\u00f3n de Linda Cristina Pereyra G\u00e1lvez, esposa del exsecretario de Seguridad P\u00fablica, Genaro Garc\u00eda Luna, por su presunta participaci\u00f3n en delitos [&hellip;]\" \/>\n<meta property=\"og:url\" content=\"https:\/\/fuentesfidedignas.com.mx\/index.php\/2026\/09\/04\/mexico-pide-a-eu-detener-y-extraditar-a-linda-cristina-pereyra-esposa-de-genaro-garcia-luna\/\" \/>\n<meta property=\"og:site_name\" content=\"Fuentes Fidedignas\" \/>\n<meta property=\"article:publisher\" content=\"https:\/\/www.facebook.com\/Fuentes-Fidedignas-368234489921644\" \/>\n<meta property=\"article:published_time\" content=\"2026-09-04T20:47:26+00:00\" \/>\n<meta property=\"article:modified_time\" content=\"2026-09-04T20:47:32+00:00\" \/>\n<meta property=\"og:image\" content=\"https:\/\/fuentesfidedignas.com.mx\/wp-content\/uploads\/2023\/10\/ESPOSA_GARCIA_LUNA.jpg\" \/>\n\t<meta property=\"og:image:width\" content=\"960\" \/>\n\t<meta property=\"og:image:height\" content=\"540\" \/>\n\t<meta property=\"og:image:type\" content=\"image\/jpeg\" \/>\n<meta name=\"author\" content=\"El Economista\" \/>\n<meta name=\"twitter:card\" content=\"summary_large_image\" \/>\n<meta name=\"twitter:creator\" content=\"@fidedignas\" \/>\n<meta name=\"twitter:site\" content=\"@fidedignas\" \/>\n<meta name=\"twitter:label1\" content=\"Escrito por\" \/>\n\t<meta name=\"twitter:data1\" content=\"El Economista\" \/>\n\t<meta name=\"twitter:label2\" content=\"Tiempo de lectura\" \/>\n\t<meta name=\"twitter:data2\" content=\"3 minutos\" \/>\n<script type=\"application\/ld+json\" class=\"yoast-schema-graph\">{\"@context\":\"https:\\\/\\\/schema.org\",\"@graph\":[{\"@type\":\"Article\",\"@id\":\"https:\\\/\\\/fuentesfidedignas.com.mx\\\/index.php\\\/2026\\\/09\\\/04\\\/mexico-pide-a-eu-detener-y-extraditar-a-linda-cristina-pereyra-esposa-de-genaro-garcia-luna\\\/#article\",\"isPartOf\":{\"@id\":\"https:\\\/\\\/fuentesfidedignas.com.mx\\\/index.php\\\/2026\\\/09\\\/04\\\/mexico-pide-a-eu-detener-y-extraditar-a-linda-cristina-pereyra-esposa-de-genaro-garcia-luna\\\/\"},\"author\":{\"name\":\"El Economista\",\"@id\":\"https:\\\/\\\/fuentesfidedignas.com.mx\\\/#\\\/schema\\\/person\\\/6af43e831c61354ecb5ffe61c99a9bf1\"},\"headline\":\"M\u00e9xico pide a EU detener y extraditar a Linda Cristina Pereyra, esposa de Genaro Garc\u00eda Luna\",\"datePublished\":\"2026-09-04T20:47:26+00:00\",\"dateModified\":\"2026-09-04T20:47:32+00:00\",\"mainEntityOfPage\":{\"@id\":\"https:\\\/\\\/fuentesfidedignas.com.mx\\\/index.php\\\/2026\\\/09\\\/04\\\/mexico-pide-a-eu-detener-y-extraditar-a-linda-cristina-pereyra-esposa-de-genaro-garcia-luna\\\/\"},\"wordCount\":549,\"commentCount\":0,\"publisher\":{\"@id\":\"https:\\\/\\\/fuentesfidedignas.com.mx\\\/#organization\"},\"image\":{\"@id\":\"https:\\\/\\\/fuentesfidedignas.com.mx\\\/index.php\\\/2026\\\/09\\\/04\\\/mexico-pide-a-eu-detener-y-extraditar-a-linda-cristina-pereyra-esposa-de-genaro-garcia-luna\\\/#primaryimage\"},\"thumbnailUrl\":\"https:\\\/\\\/fuentesfidedignas.com.mx\\\/wp-content\\\/uploads\\\/2023\\\/10\\\/ESPOSA_GARCIA_LUNA.jpg\",\"articleSection\":[\"NOTICIAS NACIONALES\"],\"inLanguage\":\"es\",\"potentialAction\":[{\"@type\":\"CommentAction\",\"name\":\"Comment\",\"target\":[\"https:\\\/\\\/fuentesfidedignas.com.mx\\\/index.php\\\/2026\\\/09\\\/04\\\/mexico-pide-a-eu-detener-y-extraditar-a-linda-cristina-pereyra-esposa-de-genaro-garcia-luna\\\/#respond\"]}]},{\"@type\":\"WebPage\",\"@id\":\"https:\\\/\\\/fuentesfidedignas.com.mx\\\/index.php\\\/2026\\\/09\\\/04\\\/mexico-pide-a-eu-detener-y-extraditar-a-linda-cristina-pereyra-esposa-de-genaro-garcia-luna\\\/\",\"url\":\"https:\\\/\\\/fuentesfidedignas.com.mx\\\/index.php\\\/2026\\\/09\\\/04\\\/mexico-pide-a-eu-detener-y-extraditar-a-linda-cristina-pereyra-esposa-de-genaro-garcia-luna\\\/\",\"name\":\"M\u00e9xico pide a EU detener y extraditar a Linda Cristina Pereyra, esposa de Genaro Garc\u00eda Luna - Fuentes Fidedignas\",\"isPartOf\":{\"@id\":\"https:\\\/\\\/fuentesfidedignas.com.mx\\\/#website\"},\"primaryImageOfPage\":{\"@id\":\"https:\\\/\\\/fuentesfidedignas.com.mx\\\/index.php\\\/2026\\\/09\\\/04\\\/mexico-pide-a-eu-detener-y-extraditar-a-linda-cristina-pereyra-esposa-de-genaro-garcia-luna\\\/#primaryimage\"},\"image\":{\"@id\":\"https:\\\/\\\/fuentesfidedignas.com.mx\\\/index.php\\\/2026\\\/09\\\/04\\\/mexico-pide-a-eu-detener-y-extraditar-a-linda-cristina-pereyra-esposa-de-genaro-garcia-luna\\\/#primaryimage\"},\"thumbnailUrl\":\"https:\\\/\\\/fuentesfidedignas.com.mx\\\/wp-content\\\/uploads\\\/2023\\\/10\\\/ESPOSA_GARCIA_LUNA.jpg\",\"datePublished\":\"2026-09-04T20:47:26+00:00\",\"dateModified\":\"2026-09-04T20:47:32+00:00\",\"breadcrumb\":{\"@id\":\"https:\\\/\\\/fuentesfidedignas.com.mx\\\/index.php\\\/2026\\\/09\\\/04\\\/mexico-pide-a-eu-detener-y-extraditar-a-linda-cristina-pereyra-esposa-de-genaro-garcia-luna\\\/#breadcrumb\"},\"inLanguage\":\"es\",\"potentialAction\":[{\"@type\":\"ReadAction\",\"target\":[\"https:\\\/\\\/fuentesfidedignas.com.mx\\\/index.php\\\/2026\\\/09\\\/04\\\/mexico-pide-a-eu-detener-y-extraditar-a-linda-cristina-pereyra-esposa-de-genaro-garcia-luna\\\/\"]}]},{\"@type\":\"ImageObject\",\"inLanguage\":\"es\",\"@id\":\"https:\\\/\\\/fuentesfidedignas.com.mx\\\/index.php\\\/2026\\\/09\\\/04\\\/mexico-pide-a-eu-detener-y-extraditar-a-linda-cristina-pereyra-esposa-de-genaro-garcia-luna\\\/#primaryimage\",\"url\":\"https:\\\/\\\/fuentesfidedignas.com.mx\\\/wp-content\\\/uploads\\\/2023\\\/10\\\/ESPOSA_GARCIA_LUNA.jpg\",\"contentUrl\":\"https:\\\/\\\/fuentesfidedignas.com.mx\\\/wp-content\\\/uploads\\\/2023\\\/10\\\/ESPOSA_GARCIA_LUNA.jpg\",\"width\":960,\"height\":540},{\"@type\":\"BreadcrumbList\",\"@id\":\"https:\\\/\\\/fuentesfidedignas.com.mx\\\/index.php\\\/2026\\\/09\\\/04\\\/mexico-pide-a-eu-detener-y-extraditar-a-linda-cristina-pereyra-esposa-de-genaro-garcia-luna\\\/#breadcrumb\",\"itemListElement\":[{\"@type\":\"ListItem\",\"position\":1,\"name\":\"Inicio\",\"item\":\"https:\\\/\\\/fuentesfidedignas.com.mx\\\/\"},{\"@type\":\"ListItem\",\"position\":2,\"name\":\"M\u00e9xico pide a EU detener y extraditar a Linda Cristina Pereyra, esposa de Genaro Garc\u00eda Luna\"}]},{\"@type\":\"WebSite\",\"@id\":\"https:\\\/\\\/fuentesfidedignas.com.mx\\\/#website\",\"url\":\"https:\\\/\\\/fuentesfidedignas.com.mx\\\/\",\"name\":\"Fuentes Fidedignas\",\"description\":\"Otro sitio realizado con WordPress\",\"publisher\":{\"@id\":\"https:\\\/\\\/fuentesfidedignas.com.mx\\\/#organization\"},\"potentialAction\":[{\"@type\":\"SearchAction\",\"target\":{\"@type\":\"EntryPoint\",\"urlTemplate\":\"https:\\\/\\\/fuentesfidedignas.com.mx\\\/?s={search_term_string}\"},\"query-input\":{\"@type\":\"PropertyValueSpecification\",\"valueRequired\":true,\"valueName\":\"search_term_string\"}}],\"inLanguage\":\"es\"},{\"@type\":\"Organization\",\"@id\":\"https:\\\/\\\/fuentesfidedignas.com.mx\\\/#organization\",\"name\":\"Fuentes Fidedignas\",\"url\":\"https:\\\/\\\/fuentesfidedignas.com.mx\\\/\",\"logo\":{\"@type\":\"ImageObject\",\"inLanguage\":\"es\",\"@id\":\"https:\\\/\\\/fuentesfidedignas.com.mx\\\/#\\\/schema\\\/logo\\\/image\\\/\",\"url\":\"https:\\\/\\\/fuentesfidedignas.com.mx\\\/wp-content\\\/uploads\\\/2021\\\/04\\\/logo-retina.png\",\"contentUrl\":\"https:\\\/\\\/fuentesfidedignas.com.mx\\\/wp-content\\\/uploads\\\/2021\\\/04\\\/logo-retina.png\",\"width\":280,\"height\":51,\"caption\":\"Fuentes Fidedignas\"},\"image\":{\"@id\":\"https:\\\/\\\/fuentesfidedignas.com.mx\\\/#\\\/schema\\\/logo\\\/image\\\/\"},\"sameAs\":[\"https:\\\/\\\/www.facebook.com\\\/Fuentes-Fidedignas-368234489921644\",\"https:\\\/\\\/x.com\\\/fidedignas\"]},{\"@type\":\"Person\",\"@id\":\"https:\\\/\\\/fuentesfidedignas.com.mx\\\/#\\\/schema\\\/person\\\/6af43e831c61354ecb5ffe61c99a9bf1\",\"name\":\"El Economista\",\"image\":{\"@type\":\"ImageObject\",\"inLanguage\":\"es\",\"@id\":\"https:\\\/\\\/secure.gravatar.com\\\/avatar\\\/cdb633edc72997b061038aff7c4738bf3a38a4e4089c4c7ba9509ccee48b1447?s=96&d=mm&r=g\",\"url\":\"https:\\\/\\\/secure.gravatar.com\\\/avatar\\\/cdb633edc72997b061038aff7c4738bf3a38a4e4089c4c7ba9509ccee48b1447?s=96&d=mm&r=g\",\"contentUrl\":\"https:\\\/\\\/secure.gravatar.com\\\/avatar\\\/cdb633edc72997b061038aff7c4738bf3a38a4e4089c4c7ba9509ccee48b1447?s=96&d=mm&r=g\",\"caption\":\"El Economista\"},\"url\":\"https:\\\/\\\/fuentesfidedignas.com.mx\\\/index.php\\\/author\\\/economista\\\/\"}]}<\/script>\n<!-- \/ Yoast SEO plugin. -->","yoast_head_json":{"title":"M\u00e9xico pide a EU detener y extraditar a Linda Cristina Pereyra, esposa de Genaro Garc\u00eda Luna - Fuentes Fidedignas","robots":{"index":"index","follow":"follow","max-snippet":"max-snippet:-1","max-image-preview":"max-image-preview:large","max-video-preview":"max-video-preview:-1"},"canonical":"https:\/\/fuentesfidedignas.com.mx\/index.php\/2026\/09\/04\/mexico-pide-a-eu-detener-y-extraditar-a-linda-cristina-pereyra-esposa-de-genaro-garcia-luna\/","og_locale":"es_MX","og_type":"article","og_title":"M\u00e9xico pide a EU detener y extraditar a Linda Cristina Pereyra, esposa de Genaro Garc\u00eda Luna - Fuentes Fidedignas","og_description":"Claudia Sheinbaum confirm\u00f3 que M\u00e9xico solicit\u00f3 a EU detener y extraditar a Linda Cristina Pereyra por lavado de dinero. El Gobierno de M\u00e9xico solicit\u00f3 formalmente a Estados Unidos la detenci\u00f3n provisional con fines de extradici\u00f3n de Linda Cristina Pereyra G\u00e1lvez, esposa del exsecretario de Seguridad P\u00fablica, Genaro Garc\u00eda Luna, por su presunta participaci\u00f3n en delitos [&hellip;]","og_url":"https:\/\/fuentesfidedignas.com.mx\/index.php\/2026\/09\/04\/mexico-pide-a-eu-detener-y-extraditar-a-linda-cristina-pereyra-esposa-de-genaro-garcia-luna\/","og_site_name":"Fuentes Fidedignas","article_publisher":"https:\/\/www.facebook.com\/Fuentes-Fidedignas-368234489921644","article_published_time":"2026-09-04T20:47:26+00:00","article_modified_time":"2026-09-04T20:47:32+00:00","og_image":[{"width":960,"height":540,"url":"https:\/\/fuentesfidedignas.com.mx\/wp-content\/uploads\/2023\/10\/ESPOSA_GARCIA_LUNA.jpg","type":"image\/jpeg"}],"author":"El Economista","twitter_card":"summary_large_image","twitter_creator":"@fidedignas","twitter_site":"@fidedignas","twitter_misc":{"Escrito por":"El Economista","Tiempo de lectura":"3 minutos"},"schema":{"@context":"https:\/\/schema.org","@graph":[{"@type":"Article","@id":"https:\/\/fuentesfidedignas.com.mx\/index.php\/2026\/09\/04\/mexico-pide-a-eu-detener-y-extraditar-a-linda-cristina-pereyra-esposa-de-genaro-garcia-luna\/#article","isPartOf":{"@id":"https:\/\/fuentesfidedignas.com.mx\/index.php\/2026\/09\/04\/mexico-pide-a-eu-detener-y-extraditar-a-linda-cristina-pereyra-esposa-de-genaro-garcia-luna\/"},"author":{"name":"El Economista","@id":"https:\/\/fuentesfidedignas.com.mx\/#\/schema\/person\/6af43e831c61354ecb5ffe61c99a9bf1"},"headline":"M\u00e9xico pide a EU detener y extraditar a Linda Cristina Pereyra, esposa de Genaro Garc\u00eda Luna","datePublished":"2026-09-04T20:47:26+00:00","dateModified":"2026-09-04T20:47:32+00:00","mainEntityOfPage":{"@id":"https:\/\/fuentesfidedignas.com.mx\/index.php\/2026\/09\/04\/mexico-pide-a-eu-detener-y-extraditar-a-linda-cristina-pereyra-esposa-de-genaro-garcia-luna\/"},"wordCount":549,"commentCount":0,"publisher":{"@id":"https:\/\/fuentesfidedignas.com.mx\/#organization"},"image":{"@id":"https:\/\/fuentesfidedignas.com.mx\/index.php\/2026\/09\/04\/mexico-pide-a-eu-detener-y-extraditar-a-linda-cristina-pereyra-esposa-de-genaro-garcia-luna\/#primaryimage"},"thumbnailUrl":"https:\/\/fuentesfidedignas.com.mx\/wp-content\/uploads\/2023\/10\/ESPOSA_GARCIA_LUNA.jpg","articleSection":["NOTICIAS NACIONALES"],"inLanguage":"es","potentialAction":[{"@type":"CommentAction","name":"Comment","target":["https:\/\/fuentesfidedignas.com.mx\/index.php\/2026\/09\/04\/mexico-pide-a-eu-detener-y-extraditar-a-linda-cristina-pereyra-esposa-de-genaro-garcia-luna\/#respond"]}]},{"@type":"WebPage","@id":"https:\/\/fuentesfidedignas.com.mx\/index.php\/2026\/09\/04\/mexico-pide-a-eu-detener-y-extraditar-a-linda-cristina-pereyra-esposa-de-genaro-garcia-luna\/","url":"https:\/\/fuentesfidedignas.com.mx\/index.php\/2026\/09\/04\/mexico-pide-a-eu-detener-y-extraditar-a-linda-cristina-pereyra-esposa-de-genaro-garcia-luna\/","name":"M\u00e9xico pide a EU detener y extraditar a Linda Cristina Pereyra, esposa de Genaro Garc\u00eda Luna - Fuentes Fidedignas","isPartOf":{"@id":"https:\/\/fuentesfidedignas.com.mx\/#website"},"primaryImageOfPage":{"@id":"https:\/\/fuentesfidedignas.com.mx\/index.php\/2026\/09\/04\/mexico-pide-a-eu-detener-y-extraditar-a-linda-cristina-pereyra-esposa-de-genaro-garcia-luna\/#primaryimage"},"image":{"@id":"https:\/\/fuentesfidedignas.com.mx\/index.php\/2026\/09\/04\/mexico-pide-a-eu-detener-y-extraditar-a-linda-cristina-pereyra-esposa-de-genaro-garcia-luna\/#primaryimage"},"thumbnailUrl":"https:\/\/fuentesfidedignas.com.mx\/wp-content\/uploads\/2023\/10\/ESPOSA_GARCIA_LUNA.jpg","datePublished":"2026-09-04T20:47:26+00:00","dateModified":"2026-09-04T20:47:32+00:00","breadcrumb":{"@id":"https:\/\/fuentesfidedignas.com.mx\/index.php\/2026\/09\/04\/mexico-pide-a-eu-detener-y-extraditar-a-linda-cristina-pereyra-esposa-de-genaro-garcia-luna\/#breadcrumb"},"inLanguage":"es","potentialAction":[{"@type":"ReadAction","target":["https:\/\/fuentesfidedignas.com.mx\/index.php\/2026\/09\/04\/mexico-pide-a-eu-detener-y-extraditar-a-linda-cristina-pereyra-esposa-de-genaro-garcia-luna\/"]}]},{"@type":"ImageObject","inLanguage":"es","@id":"https:\/\/fuentesfidedignas.com.mx\/index.php\/2026\/09\/04\/mexico-pide-a-eu-detener-y-extraditar-a-linda-cristina-pereyra-esposa-de-genaro-garcia-luna\/#primaryimage","url":"https:\/\/fuentesfidedignas.com.mx\/wp-content\/uploads\/2023\/10\/ESPOSA_GARCIA_LUNA.jpg","contentUrl":"https:\/\/fuentesfidedignas.com.mx\/wp-content\/uploads\/2023\/10\/ESPOSA_GARCIA_LUNA.jpg","width":960,"height":540},{"@type":"BreadcrumbList","@id":"https:\/\/fuentesfidedignas.com.mx\/index.php\/2026\/09\/04\/mexico-pide-a-eu-detener-y-extraditar-a-linda-cristina-pereyra-esposa-de-genaro-garcia-luna\/#breadcrumb","itemListElement":[{"@type":"ListItem","position":1,"name":"Inicio","item":"https:\/\/fuentesfidedignas.com.mx\/"},{"@type":"ListItem","position":2,"name":"M\u00e9xico pide a EU detener y extraditar a Linda Cristina Pereyra, esposa de Genaro Garc\u00eda Luna"}]},{"@type":"WebSite","@id":"https:\/\/fuentesfidedignas.com.mx\/#website","url":"https:\/\/fuentesfidedignas.com.mx\/","name":"Fuentes Fidedignas","description":"Otro sitio realizado con WordPress","publisher":{"@id":"https:\/\/fuentesfidedignas.com.mx\/#organization"},"potentialAction":[{"@type":"SearchAction","target":{"@type":"EntryPoint","urlTemplate":"https:\/\/fuentesfidedignas.com.mx\/?s={search_term_string}"},"query-input":{"@type":"PropertyValueSpecification","valueRequired":true,"valueName":"search_term_string"}}],"inLanguage":"es"},{"@type":"Organization","@id":"https:\/\/fuentesfidedignas.com.mx\/#organization","name":"Fuentes Fidedignas","url":"https:\/\/fuentesfidedignas.com.mx\/","logo":{"@type":"ImageObject","inLanguage":"es","@id":"https:\/\/fuentesfidedignas.com.mx\/#\/schema\/logo\/image\/","url":"https:\/\/fuentesfidedignas.com.mx\/wp-content\/uploads\/2021\/04\/logo-retina.png","contentUrl":"https:\/\/fuentesfidedignas.com.mx\/wp-content\/uploads\/2021\/04\/logo-retina.png","width":280,"height":51,"caption":"Fuentes Fidedignas"},"image":{"@id":"https:\/\/fuentesfidedignas.com.mx\/#\/schema\/logo\/image\/"},"sameAs":["https:\/\/www.facebook.com\/Fuentes-Fidedignas-368234489921644","https:\/\/x.com\/fidedignas"]},{"@type":"Person","@id":"https:\/\/fuentesfidedignas.com.mx\/#\/schema\/person\/6af43e831c61354ecb5ffe61c99a9bf1","name":"El Economista","image":{"@type":"ImageObject","inLanguage":"es","@id":"https:\/\/secure.gravatar.com\/avatar\/cdb633edc72997b061038aff7c4738bf3a38a4e4089c4c7ba9509ccee48b1447?s=96&d=mm&r=g","url":"https:\/\/secure.gravatar.com\/avatar\/cdb633edc72997b061038aff7c4738bf3a38a4e4089c4c7ba9509ccee48b1447?s=96&d=mm&r=g","contentUrl":"https:\/\/secure.gravatar.com\/avatar\/cdb633edc72997b061038aff7c4738bf3a38a4e4089c4c7ba9509ccee48b1447?s=96&d=mm&r=g","caption":"El Economista"},"url":"https:\/\/fuentesfidedignas.com.mx\/index.php\/author\/economista\/"}]}},"_links":{"self":[{"href":"https:\/\/fuentesfidedignas.com.mx\/index.php\/wp-json\/wp\/v2\/posts\/141658","targetHints":{"allow":["GET"]}}],"collection":[{"href":"https:\/\/fuentesfidedignas.com.mx\/index.php\/wp-json\/wp\/v2\/posts"}],"about":[{"href":"https:\/\/fuentesfidedignas.com.mx\/index.php\/wp-json\/wp\/v2\/types\/post"}],"author":[{"embeddable":true,"href":"https:\/\/fuentesfidedignas.com.mx\/index.php\/wp-json\/wp\/v2\/users\/44"}],"replies":[{"embeddable":true,"href":"https:\/\/fuentesfidedignas.com.mx\/index.php\/wp-json\/wp\/v2\/comments?post=141658"}],"version-history":[{"count":1,"href":"https:\/\/fuentesfidedignas.com.mx\/index.php\/wp-json\/wp\/v2\/posts\/141658\/revisions"}],"predecessor-version":[{"id":141659,"href":"https:\/\/fuentesfidedignas.com.mx\/index.php\/wp-json\/wp\/v2\/posts\/141658\/revisions\/141659"}],"wp:featuredmedia":[{"embeddable":true,"href":"https:\/\/fuentesfidedignas.com.mx\/index.php\/wp-json\/wp\/v2\/media\/61968"}],"wp:attachment":[{"href":"https:\/\/fuentesfidedignas.com.mx\/index.php\/wp-json\/wp\/v2\/media?parent=141658"}],"wp:term":[{"taxonomy":"category","embeddable":true,"href":"https:\/\/fuentesfidedignas.com.mx\/index.php\/wp-json\/wp\/v2\/categories?post=141658"},{"taxonomy":"post_tag","embeddable":true,"href":"https:\/\/fuentesfidedignas.com.mx\/index.php\/wp-json\/wp\/v2\/tags?post=141658"}],"curies":[{"name":"wp","href":"https:\/\/api.w.org\/{rel}","templated":true}]}}