{"id":141655,"date":"2026-09-04T13:25:30","date_gmt":"2026-09-04T20:25:30","guid":{"rendered":"https:\/\/fuentesfidedignas.com.mx\/?p=141655"},"modified":"2026-09-04T13:25:34","modified_gmt":"2026-09-04T20:25:34","slug":"capacita-congreso-de-sinaloa-a-su-unidad-interna-de-pc-en-prevencion-y-atencion-de-emergencias","status":"publish","type":"post","link":"https:\/\/fuentesfidedignas.com.mx\/index.php\/2026\/09\/04\/capacita-congreso-de-sinaloa-a-su-unidad-interna-de-pc-en-prevencion-y-atencion-de-emergencias\/","title":{"rendered":"Capacita Congreso de Sinaloa a su Unidad Interna de PC en prevenci\u00f3n y atenci\u00f3n de emergencias"},"content":{"rendered":"\n<p class=\"wp-block-paragraph\"><strong><em>Permitir\u00e1 a las y los brigadistas contar con mayores elementos para prevenir, controlar y responder ante una emergencia por incendio, realizar operaciones b\u00e1sicas de b\u00fasqueda y rescate, as\u00ed como ejecutar correctamente simulacros de evacuaci\u00f3n, priorizando la seguridad tanto del personal como de la ciudadan\u00eda que acude a las instalaciones del Congreso.<\/em><\/strong><\/p>\n\n\n\n<p class=\"wp-block-paragraph\">Culiac\u00e1n, Sin.- Con el objetivo de fortalecer los conocimientos, habilidades y herramientas necesarias para actuar de manera adecuada ante situaciones de emergencia, el Congreso del Estado de Sinaloa, a trav\u00e9s del Instituto de Investigaciones Parlamentarias, puso en marcha el taller de capacitaci\u00f3n \u201cPrevenci\u00f3n y combate de incendios, b\u00fasqueda y rescate, simulacro de evacuaci\u00f3n\u201d, dirigido a las y los  de Protecci\u00f3n Civil del Poder Legislativo.<\/p>\n\n\n\n<p class=\"wp-block-paragraph\">Durante la inauguraci\u00f3n, la presidenta de la Comisi\u00f3n de Protecci\u00f3n Civil del Congreso del Estado, diputada Reynalda Leyva Ur\u00edas, destac\u00f3 que la capacitaci\u00f3n permitir\u00e1 a las y los brigadistas contar con mayores elementos para prevenir, controlar y responder ante una emergencia por incendio, realizar operaciones b\u00e1sicas de b\u00fasqueda y rescate, as\u00ed como ejecutar correctamente simulacros de evacuaci\u00f3n, priorizando la seguridad tanto del personal como de la ciudadan\u00eda que acude a las instalaciones del Congreso.<\/p>\n\n\n\n<p class=\"wp-block-paragraph\">La legisladora reconoci\u00f3 la disposici\u00f3n y vocaci\u00f3n de servicio de las y los brigadistas participantes, al considerar que su preparaci\u00f3n representa un compromiso con la prevenci\u00f3n y el bienestar colectivo. Asimismo, resalt\u00f3 el respaldo del presidente de la Junta de Coordinaci\u00f3n Pol\u00edtica, diputado Eligio L\u00f3pez Portillo; de la secretaria general del Congreso, doctora Conzuelo Guti\u00e9rrez Guti\u00e9rrez, y de la directora del Instituto de Investigaciones Parlamentarias, doctora Juana Cruz Fern\u00e1ndez, para llevar a cabo estas acciones de capacitaci\u00f3n.<br>Por su parte, el coordinador municipal de Protecci\u00f3n Civil del Ayuntamiento de Culiac\u00e1n, Jes\u00fas Bill Mendoza Ontiveros, subray\u00f3 que el taller es principalmente pr\u00e1ctico y permite a las y los participantes conocer c\u00f3mo actuar ante situaciones de evacuaci\u00f3n, b\u00fasqueda y rescate, as\u00ed como otros escenarios de emergencia. Se\u00f1al\u00f3 que la autoprotecci\u00f3n constituye uno de los principios fundamentales de la Protecci\u00f3n Civil, pues antes de auxiliar a otras personas es necesario saber c\u00f3mo ponerse a salvo, y destac\u00f3 que los conocimientos adquiridos podr\u00e1n ser replicados en los hogares, centros de trabajo y comunidades.<\/p>\n\n\n\n<p class=\"wp-block-paragraph\">El taller fue impartido con el apoyo de la Coordinaci\u00f3n Municipal de Protecci\u00f3n Civil de Culiac\u00e1n, a trav\u00e9s del jefe del \u00e1rea de Capacitaci\u00f3n, Juan Alberto Rodr\u00edguez S\u00e1nchez, quien cuenta con 21 a\u00f1os de experiencia en esta materia. Las actividades iniciaron este viernes y concluir\u00e1n hasta el pr\u00f3ximo 7 de septiembre, como parte de las acciones contempladas en el Programa Interno de Protecci\u00f3n Civil del Congreso del Estado.<\/p>\n","protected":false},"excerpt":{"rendered":"<p>Permitir\u00e1 a las y los brigadistas contar con mayores elementos para prevenir, controlar y responder ante una emergencia por incendio, realizar operaciones b\u00e1sicas de b\u00fasqueda y rescate, as\u00ed como ejecutar correctamente simulacros de evacuaci\u00f3n, priorizando la seguridad tanto del personal como de la ciudadan\u00eda que acude a las instalaciones del Congreso. Culiac\u00e1n, Sin.- Con el [&hellip;]<\/p>\n","protected":false},"author":4,"featured_media":141656,"comment_status":"open","ping_status":"open","sticky":false,"template":"","format":"standard","meta":{"tdm_status":"","tdm_grid_status":"","footnotes":""},"categories":[37],"tags":[],"class_list":["post-141655","post","type-post","status-publish","format-standard","has-post-thumbnail","category-nota-principal"],"yoast_head":"<!-- This site is optimized with the Yoast SEO plugin v28.4 - https:\/\/yoast.com\/product\/yoast-seo-wordpress\/ -->\n<title>Capacita Congreso de Sinaloa a su Unidad Interna de PC en prevenci\u00f3n y atenci\u00f3n de emergencias - Fuentes Fidedignas<\/title>\n<meta name=\"robots\" content=\"index, follow, max-snippet:-1, max-image-preview:large, max-video-preview:-1\" \/>\n<link rel=\"canonical\" href=\"https:\/\/fuentesfidedignas.com.mx\/index.php\/2026\/09\/04\/capacita-congreso-de-sinaloa-a-su-unidad-interna-de-pc-en-prevencion-y-atencion-de-emergencias\/\" \/>\n<meta property=\"og:locale\" content=\"es_MX\" \/>\n<meta property=\"og:type\" content=\"article\" \/>\n<meta property=\"og:title\" content=\"Capacita Congreso de Sinaloa a su Unidad Interna de PC en prevenci\u00f3n y atenci\u00f3n de emergencias - Fuentes Fidedignas\" \/>\n<meta property=\"og:description\" content=\"Permitir\u00e1 a las y los brigadistas contar con mayores elementos para prevenir, controlar y responder ante una emergencia por incendio, realizar operaciones b\u00e1sicas de b\u00fasqueda y rescate, as\u00ed como ejecutar correctamente simulacros de evacuaci\u00f3n, priorizando la seguridad tanto del personal como de la ciudadan\u00eda que acude a las instalaciones del Congreso. Culiac\u00e1n, Sin.- Con el [&hellip;]\" \/>\n<meta property=\"og:url\" content=\"https:\/\/fuentesfidedignas.com.mx\/index.php\/2026\/09\/04\/capacita-congreso-de-sinaloa-a-su-unidad-interna-de-pc-en-prevencion-y-atencion-de-emergencias\/\" \/>\n<meta property=\"og:site_name\" content=\"Fuentes Fidedignas\" \/>\n<meta property=\"article:publisher\" content=\"https:\/\/www.facebook.com\/Fuentes-Fidedignas-368234489921644\" \/>\n<meta property=\"article:published_time\" content=\"2026-09-04T20:25:30+00:00\" \/>\n<meta property=\"article:modified_time\" content=\"2026-09-04T20:25:34+00:00\" \/>\n<meta property=\"og:image\" content=\"https:\/\/fuentesfidedignas.com.mx\/wp-content\/uploads\/2026\/09\/unnamed-4.jpg\" \/>\n\t<meta property=\"og:image:width\" content=\"500\" \/>\n\t<meta property=\"og:image:height\" content=\"334\" \/>\n\t<meta property=\"og:image:type\" content=\"image\/jpeg\" \/>\n<meta name=\"author\" content=\"Redacci\u00f3n\" \/>\n<meta name=\"twitter:card\" content=\"summary_large_image\" \/>\n<meta name=\"twitter:creator\" content=\"@fidedignas\" \/>\n<meta name=\"twitter:site\" content=\"@fidedignas\" \/>\n<meta name=\"twitter:label1\" content=\"Escrito por\" \/>\n\t<meta name=\"twitter:data1\" content=\"Redacci\u00f3n\" \/>\n\t<meta name=\"twitter:label2\" content=\"Tiempo de lectura\" \/>\n\t<meta name=\"twitter:data2\" content=\"3 minutos\" \/>\n<script type=\"application\/ld+json\" class=\"yoast-schema-graph\">{\"@context\":\"https:\\\/\\\/schema.org\",\"@graph\":[{\"@type\":\"Article\",\"@id\":\"https:\\\/\\\/fuentesfidedignas.com.mx\\\/index.php\\\/2026\\\/09\\\/04\\\/capacita-congreso-de-sinaloa-a-su-unidad-interna-de-pc-en-prevencion-y-atencion-de-emergencias\\\/#article\",\"isPartOf\":{\"@id\":\"https:\\\/\\\/fuentesfidedignas.com.mx\\\/index.php\\\/2026\\\/09\\\/04\\\/capacita-congreso-de-sinaloa-a-su-unidad-interna-de-pc-en-prevencion-y-atencion-de-emergencias\\\/\"},\"author\":{\"name\":\"Redacci\u00f3n\",\"@id\":\"https:\\\/\\\/fuentesfidedignas.com.mx\\\/#\\\/schema\\\/person\\\/331be9283d37198e2acd5750279085b0\"},\"headline\":\"Capacita Congreso de Sinaloa a su Unidad Interna de PC en prevenci\u00f3n y atenci\u00f3n de emergencias\",\"datePublished\":\"2026-09-04T20:25:30+00:00\",\"dateModified\":\"2026-09-04T20:25:34+00:00\",\"mainEntityOfPage\":{\"@id\":\"https:\\\/\\\/fuentesfidedignas.com.mx\\\/index.php\\\/2026\\\/09\\\/04\\\/capacita-congreso-de-sinaloa-a-su-unidad-interna-de-pc-en-prevencion-y-atencion-de-emergencias\\\/\"},\"wordCount\":497,\"commentCount\":0,\"publisher\":{\"@id\":\"https:\\\/\\\/fuentesfidedignas.com.mx\\\/#organization\"},\"image\":{\"@id\":\"https:\\\/\\\/fuentesfidedignas.com.mx\\\/index.php\\\/2026\\\/09\\\/04\\\/capacita-congreso-de-sinaloa-a-su-unidad-interna-de-pc-en-prevencion-y-atencion-de-emergencias\\\/#primaryimage\"},\"thumbnailUrl\":\"https:\\\/\\\/fuentesfidedignas.com.mx\\\/wp-content\\\/uploads\\\/2026\\\/09\\\/unnamed-4.jpg\",\"articleSection\":[\"NOTA PRINCIPAL\"],\"inLanguage\":\"es\",\"potentialAction\":[{\"@type\":\"CommentAction\",\"name\":\"Comment\",\"target\":[\"https:\\\/\\\/fuentesfidedignas.com.mx\\\/index.php\\\/2026\\\/09\\\/04\\\/capacita-congreso-de-sinaloa-a-su-unidad-interna-de-pc-en-prevencion-y-atencion-de-emergencias\\\/#respond\"]}]},{\"@type\":\"WebPage\",\"@id\":\"https:\\\/\\\/fuentesfidedignas.com.mx\\\/index.php\\\/2026\\\/09\\\/04\\\/capacita-congreso-de-sinaloa-a-su-unidad-interna-de-pc-en-prevencion-y-atencion-de-emergencias\\\/\",\"url\":\"https:\\\/\\\/fuentesfidedignas.com.mx\\\/index.php\\\/2026\\\/09\\\/04\\\/capacita-congreso-de-sinaloa-a-su-unidad-interna-de-pc-en-prevencion-y-atencion-de-emergencias\\\/\",\"name\":\"Capacita Congreso de Sinaloa a su Unidad Interna de PC en prevenci\u00f3n y atenci\u00f3n de emergencias - Fuentes Fidedignas\",\"isPartOf\":{\"@id\":\"https:\\\/\\\/fuentesfidedignas.com.mx\\\/#website\"},\"primaryImageOfPage\":{\"@id\":\"https:\\\/\\\/fuentesfidedignas.com.mx\\\/index.php\\\/2026\\\/09\\\/04\\\/capacita-congreso-de-sinaloa-a-su-unidad-interna-de-pc-en-prevencion-y-atencion-de-emergencias\\\/#primaryimage\"},\"image\":{\"@id\":\"https:\\\/\\\/fuentesfidedignas.com.mx\\\/index.php\\\/2026\\\/09\\\/04\\\/capacita-congreso-de-sinaloa-a-su-unidad-interna-de-pc-en-prevencion-y-atencion-de-emergencias\\\/#primaryimage\"},\"thumbnailUrl\":\"https:\\\/\\\/fuentesfidedignas.com.mx\\\/wp-content\\\/uploads\\\/2026\\\/09\\\/unnamed-4.jpg\",\"datePublished\":\"2026-09-04T20:25:30+00:00\",\"dateModified\":\"2026-09-04T20:25:34+00:00\",\"breadcrumb\":{\"@id\":\"https:\\\/\\\/fuentesfidedignas.com.mx\\\/index.php\\\/2026\\\/09\\\/04\\\/capacita-congreso-de-sinaloa-a-su-unidad-interna-de-pc-en-prevencion-y-atencion-de-emergencias\\\/#breadcrumb\"},\"inLanguage\":\"es\",\"potentialAction\":[{\"@type\":\"ReadAction\",\"target\":[\"https:\\\/\\\/fuentesfidedignas.com.mx\\\/index.php\\\/2026\\\/09\\\/04\\\/capacita-congreso-de-sinaloa-a-su-unidad-interna-de-pc-en-prevencion-y-atencion-de-emergencias\\\/\"]}]},{\"@type\":\"ImageObject\",\"inLanguage\":\"es\",\"@id\":\"https:\\\/\\\/fuentesfidedignas.com.mx\\\/index.php\\\/2026\\\/09\\\/04\\\/capacita-congreso-de-sinaloa-a-su-unidad-interna-de-pc-en-prevencion-y-atencion-de-emergencias\\\/#primaryimage\",\"url\":\"https:\\\/\\\/fuentesfidedignas.com.mx\\\/wp-content\\\/uploads\\\/2026\\\/09\\\/unnamed-4.jpg\",\"contentUrl\":\"https:\\\/\\\/fuentesfidedignas.com.mx\\\/wp-content\\\/uploads\\\/2026\\\/09\\\/unnamed-4.jpg\",\"width\":500,\"height\":334},{\"@type\":\"BreadcrumbList\",\"@id\":\"https:\\\/\\\/fuentesfidedignas.com.mx\\\/index.php\\\/2026\\\/09\\\/04\\\/capacita-congreso-de-sinaloa-a-su-unidad-interna-de-pc-en-prevencion-y-atencion-de-emergencias\\\/#breadcrumb\",\"itemListElement\":[{\"@type\":\"ListItem\",\"position\":1,\"name\":\"Inicio\",\"item\":\"https:\\\/\\\/fuentesfidedignas.com.mx\\\/\"},{\"@type\":\"ListItem\",\"position\":2,\"name\":\"Capacita Congreso de Sinaloa a su Unidad Interna de PC en prevenci\u00f3n y atenci\u00f3n de emergencias\"}]},{\"@type\":\"WebSite\",\"@id\":\"https:\\\/\\\/fuentesfidedignas.com.mx\\\/#website\",\"url\":\"https:\\\/\\\/fuentesfidedignas.com.mx\\\/\",\"name\":\"Fuentes Fidedignas\",\"description\":\"Otro sitio realizado con WordPress\",\"publisher\":{\"@id\":\"https:\\\/\\\/fuentesfidedignas.com.mx\\\/#organization\"},\"potentialAction\":[{\"@type\":\"SearchAction\",\"target\":{\"@type\":\"EntryPoint\",\"urlTemplate\":\"https:\\\/\\\/fuentesfidedignas.com.mx\\\/?s={search_term_string}\"},\"query-input\":{\"@type\":\"PropertyValueSpecification\",\"valueRequired\":true,\"valueName\":\"search_term_string\"}}],\"inLanguage\":\"es\"},{\"@type\":\"Organization\",\"@id\":\"https:\\\/\\\/fuentesfidedignas.com.mx\\\/#organization\",\"name\":\"Fuentes Fidedignas\",\"url\":\"https:\\\/\\\/fuentesfidedignas.com.mx\\\/\",\"logo\":{\"@type\":\"ImageObject\",\"inLanguage\":\"es\",\"@id\":\"https:\\\/\\\/fuentesfidedignas.com.mx\\\/#\\\/schema\\\/logo\\\/image\\\/\",\"url\":\"https:\\\/\\\/fuentesfidedignas.com.mx\\\/wp-content\\\/uploads\\\/2021\\\/04\\\/logo-retina.png\",\"contentUrl\":\"https:\\\/\\\/fuentesfidedignas.com.mx\\\/wp-content\\\/uploads\\\/2021\\\/04\\\/logo-retina.png\",\"width\":280,\"height\":51,\"caption\":\"Fuentes Fidedignas\"},\"image\":{\"@id\":\"https:\\\/\\\/fuentesfidedignas.com.mx\\\/#\\\/schema\\\/logo\\\/image\\\/\"},\"sameAs\":[\"https:\\\/\\\/www.facebook.com\\\/Fuentes-Fidedignas-368234489921644\",\"https:\\\/\\\/x.com\\\/fidedignas\"]},{\"@type\":\"Person\",\"@id\":\"https:\\\/\\\/fuentesfidedignas.com.mx\\\/#\\\/schema\\\/person\\\/331be9283d37198e2acd5750279085b0\",\"name\":\"Redacci\u00f3n\",\"image\":{\"@type\":\"ImageObject\",\"inLanguage\":\"es\",\"@id\":\"https:\\\/\\\/secure.gravatar.com\\\/avatar\\\/f6d8782c11d12b2d4ad3fbb6931aeab5309937a4d6cd2fc9cfaa28a6396a5aec?s=96&d=mm&r=g\",\"url\":\"https:\\\/\\\/secure.gravatar.com\\\/avatar\\\/f6d8782c11d12b2d4ad3fbb6931aeab5309937a4d6cd2fc9cfaa28a6396a5aec?s=96&d=mm&r=g\",\"contentUrl\":\"https:\\\/\\\/secure.gravatar.com\\\/avatar\\\/f6d8782c11d12b2d4ad3fbb6931aeab5309937a4d6cd2fc9cfaa28a6396a5aec?s=96&d=mm&r=g\",\"caption\":\"Redacci\u00f3n\"},\"url\":\"https:\\\/\\\/fuentesfidedignas.com.mx\\\/index.php\\\/author\\\/redaccion\\\/\"}]}<\/script>\n<!-- \/ Yoast SEO plugin. -->","yoast_head_json":{"title":"Capacita Congreso de Sinaloa a su Unidad Interna de PC en prevenci\u00f3n y atenci\u00f3n de emergencias - Fuentes Fidedignas","robots":{"index":"index","follow":"follow","max-snippet":"max-snippet:-1","max-image-preview":"max-image-preview:large","max-video-preview":"max-video-preview:-1"},"canonical":"https:\/\/fuentesfidedignas.com.mx\/index.php\/2026\/09\/04\/capacita-congreso-de-sinaloa-a-su-unidad-interna-de-pc-en-prevencion-y-atencion-de-emergencias\/","og_locale":"es_MX","og_type":"article","og_title":"Capacita Congreso de Sinaloa a su Unidad Interna de PC en prevenci\u00f3n y atenci\u00f3n de emergencias - Fuentes Fidedignas","og_description":"Permitir\u00e1 a las y los brigadistas contar con mayores elementos para prevenir, controlar y responder ante una emergencia por incendio, realizar operaciones b\u00e1sicas de b\u00fasqueda y rescate, as\u00ed como ejecutar correctamente simulacros de evacuaci\u00f3n, priorizando la seguridad tanto del personal como de la ciudadan\u00eda que acude a las instalaciones del Congreso. Culiac\u00e1n, Sin.- Con el [&hellip;]","og_url":"https:\/\/fuentesfidedignas.com.mx\/index.php\/2026\/09\/04\/capacita-congreso-de-sinaloa-a-su-unidad-interna-de-pc-en-prevencion-y-atencion-de-emergencias\/","og_site_name":"Fuentes Fidedignas","article_publisher":"https:\/\/www.facebook.com\/Fuentes-Fidedignas-368234489921644","article_published_time":"2026-09-04T20:25:30+00:00","article_modified_time":"2026-09-04T20:25:34+00:00","og_image":[{"width":500,"height":334,"url":"https:\/\/fuentesfidedignas.com.mx\/wp-content\/uploads\/2026\/09\/unnamed-4.jpg","type":"image\/jpeg"}],"author":"Redacci\u00f3n","twitter_card":"summary_large_image","twitter_creator":"@fidedignas","twitter_site":"@fidedignas","twitter_misc":{"Escrito por":"Redacci\u00f3n","Tiempo de lectura":"3 minutos"},"schema":{"@context":"https:\/\/schema.org","@graph":[{"@type":"Article","@id":"https:\/\/fuentesfidedignas.com.mx\/index.php\/2026\/09\/04\/capacita-congreso-de-sinaloa-a-su-unidad-interna-de-pc-en-prevencion-y-atencion-de-emergencias\/#article","isPartOf":{"@id":"https:\/\/fuentesfidedignas.com.mx\/index.php\/2026\/09\/04\/capacita-congreso-de-sinaloa-a-su-unidad-interna-de-pc-en-prevencion-y-atencion-de-emergencias\/"},"author":{"name":"Redacci\u00f3n","@id":"https:\/\/fuentesfidedignas.com.mx\/#\/schema\/person\/331be9283d37198e2acd5750279085b0"},"headline":"Capacita Congreso de Sinaloa a su Unidad Interna de PC en prevenci\u00f3n y atenci\u00f3n de emergencias","datePublished":"2026-09-04T20:25:30+00:00","dateModified":"2026-09-04T20:25:34+00:00","mainEntityOfPage":{"@id":"https:\/\/fuentesfidedignas.com.mx\/index.php\/2026\/09\/04\/capacita-congreso-de-sinaloa-a-su-unidad-interna-de-pc-en-prevencion-y-atencion-de-emergencias\/"},"wordCount":497,"commentCount":0,"publisher":{"@id":"https:\/\/fuentesfidedignas.com.mx\/#organization"},"image":{"@id":"https:\/\/fuentesfidedignas.com.mx\/index.php\/2026\/09\/04\/capacita-congreso-de-sinaloa-a-su-unidad-interna-de-pc-en-prevencion-y-atencion-de-emergencias\/#primaryimage"},"thumbnailUrl":"https:\/\/fuentesfidedignas.com.mx\/wp-content\/uploads\/2026\/09\/unnamed-4.jpg","articleSection":["NOTA PRINCIPAL"],"inLanguage":"es","potentialAction":[{"@type":"CommentAction","name":"Comment","target":["https:\/\/fuentesfidedignas.com.mx\/index.php\/2026\/09\/04\/capacita-congreso-de-sinaloa-a-su-unidad-interna-de-pc-en-prevencion-y-atencion-de-emergencias\/#respond"]}]},{"@type":"WebPage","@id":"https:\/\/fuentesfidedignas.com.mx\/index.php\/2026\/09\/04\/capacita-congreso-de-sinaloa-a-su-unidad-interna-de-pc-en-prevencion-y-atencion-de-emergencias\/","url":"https:\/\/fuentesfidedignas.com.mx\/index.php\/2026\/09\/04\/capacita-congreso-de-sinaloa-a-su-unidad-interna-de-pc-en-prevencion-y-atencion-de-emergencias\/","name":"Capacita Congreso de Sinaloa a su Unidad Interna de PC en prevenci\u00f3n y atenci\u00f3n de emergencias - Fuentes Fidedignas","isPartOf":{"@id":"https:\/\/fuentesfidedignas.com.mx\/#website"},"primaryImageOfPage":{"@id":"https:\/\/fuentesfidedignas.com.mx\/index.php\/2026\/09\/04\/capacita-congreso-de-sinaloa-a-su-unidad-interna-de-pc-en-prevencion-y-atencion-de-emergencias\/#primaryimage"},"image":{"@id":"https:\/\/fuentesfidedignas.com.mx\/index.php\/2026\/09\/04\/capacita-congreso-de-sinaloa-a-su-unidad-interna-de-pc-en-prevencion-y-atencion-de-emergencias\/#primaryimage"},"thumbnailUrl":"https:\/\/fuentesfidedignas.com.mx\/wp-content\/uploads\/2026\/09\/unnamed-4.jpg","datePublished":"2026-09-04T20:25:30+00:00","dateModified":"2026-09-04T20:25:34+00:00","breadcrumb":{"@id":"https:\/\/fuentesfidedignas.com.mx\/index.php\/2026\/09\/04\/capacita-congreso-de-sinaloa-a-su-unidad-interna-de-pc-en-prevencion-y-atencion-de-emergencias\/#breadcrumb"},"inLanguage":"es","potentialAction":[{"@type":"ReadAction","target":["https:\/\/fuentesfidedignas.com.mx\/index.php\/2026\/09\/04\/capacita-congreso-de-sinaloa-a-su-unidad-interna-de-pc-en-prevencion-y-atencion-de-emergencias\/"]}]},{"@type":"ImageObject","inLanguage":"es","@id":"https:\/\/fuentesfidedignas.com.mx\/index.php\/2026\/09\/04\/capacita-congreso-de-sinaloa-a-su-unidad-interna-de-pc-en-prevencion-y-atencion-de-emergencias\/#primaryimage","url":"https:\/\/fuentesfidedignas.com.mx\/wp-content\/uploads\/2026\/09\/unnamed-4.jpg","contentUrl":"https:\/\/fuentesfidedignas.com.mx\/wp-content\/uploads\/2026\/09\/unnamed-4.jpg","width":500,"height":334},{"@type":"BreadcrumbList","@id":"https:\/\/fuentesfidedignas.com.mx\/index.php\/2026\/09\/04\/capacita-congreso-de-sinaloa-a-su-unidad-interna-de-pc-en-prevencion-y-atencion-de-emergencias\/#breadcrumb","itemListElement":[{"@type":"ListItem","position":1,"name":"Inicio","item":"https:\/\/fuentesfidedignas.com.mx\/"},{"@type":"ListItem","position":2,"name":"Capacita Congreso de Sinaloa a su Unidad Interna de PC en prevenci\u00f3n y atenci\u00f3n de emergencias"}]},{"@type":"WebSite","@id":"https:\/\/fuentesfidedignas.com.mx\/#website","url":"https:\/\/fuentesfidedignas.com.mx\/","name":"Fuentes Fidedignas","description":"Otro sitio realizado con WordPress","publisher":{"@id":"https:\/\/fuentesfidedignas.com.mx\/#organization"},"potentialAction":[{"@type":"SearchAction","target":{"@type":"EntryPoint","urlTemplate":"https:\/\/fuentesfidedignas.com.mx\/?s={search_term_string}"},"query-input":{"@type":"PropertyValueSpecification","valueRequired":true,"valueName":"search_term_string"}}],"inLanguage":"es"},{"@type":"Organization","@id":"https:\/\/fuentesfidedignas.com.mx\/#organization","name":"Fuentes Fidedignas","url":"https:\/\/fuentesfidedignas.com.mx\/","logo":{"@type":"ImageObject","inLanguage":"es","@id":"https:\/\/fuentesfidedignas.com.mx\/#\/schema\/logo\/image\/","url":"https:\/\/fuentesfidedignas.com.mx\/wp-content\/uploads\/2021\/04\/logo-retina.png","contentUrl":"https:\/\/fuentesfidedignas.com.mx\/wp-content\/uploads\/2021\/04\/logo-retina.png","width":280,"height":51,"caption":"Fuentes Fidedignas"},"image":{"@id":"https:\/\/fuentesfidedignas.com.mx\/#\/schema\/logo\/image\/"},"sameAs":["https:\/\/www.facebook.com\/Fuentes-Fidedignas-368234489921644","https:\/\/x.com\/fidedignas"]},{"@type":"Person","@id":"https:\/\/fuentesfidedignas.com.mx\/#\/schema\/person\/331be9283d37198e2acd5750279085b0","name":"Redacci\u00f3n","image":{"@type":"ImageObject","inLanguage":"es","@id":"https:\/\/secure.gravatar.com\/avatar\/f6d8782c11d12b2d4ad3fbb6931aeab5309937a4d6cd2fc9cfaa28a6396a5aec?s=96&d=mm&r=g","url":"https:\/\/secure.gravatar.com\/avatar\/f6d8782c11d12b2d4ad3fbb6931aeab5309937a4d6cd2fc9cfaa28a6396a5aec?s=96&d=mm&r=g","contentUrl":"https:\/\/secure.gravatar.com\/avatar\/f6d8782c11d12b2d4ad3fbb6931aeab5309937a4d6cd2fc9cfaa28a6396a5aec?s=96&d=mm&r=g","caption":"Redacci\u00f3n"},"url":"https:\/\/fuentesfidedignas.com.mx\/index.php\/author\/redaccion\/"}]}},"_links":{"self":[{"href":"https:\/\/fuentesfidedignas.com.mx\/index.php\/wp-json\/wp\/v2\/posts\/141655","targetHints":{"allow":["GET"]}}],"collection":[{"href":"https:\/\/fuentesfidedignas.com.mx\/index.php\/wp-json\/wp\/v2\/posts"}],"about":[{"href":"https:\/\/fuentesfidedignas.com.mx\/index.php\/wp-json\/wp\/v2\/types\/post"}],"author":[{"embeddable":true,"href":"https:\/\/fuentesfidedignas.com.mx\/index.php\/wp-json\/wp\/v2\/users\/4"}],"replies":[{"embeddable":true,"href":"https:\/\/fuentesfidedignas.com.mx\/index.php\/wp-json\/wp\/v2\/comments?post=141655"}],"version-history":[{"count":1,"href":"https:\/\/fuentesfidedignas.com.mx\/index.php\/wp-json\/wp\/v2\/posts\/141655\/revisions"}],"predecessor-version":[{"id":141657,"href":"https:\/\/fuentesfidedignas.com.mx\/index.php\/wp-json\/wp\/v2\/posts\/141655\/revisions\/141657"}],"wp:featuredmedia":[{"embeddable":true,"href":"https:\/\/fuentesfidedignas.com.mx\/index.php\/wp-json\/wp\/v2\/media\/141656"}],"wp:attachment":[{"href":"https:\/\/fuentesfidedignas.com.mx\/index.php\/wp-json\/wp\/v2\/media?parent=141655"}],"wp:term":[{"taxonomy":"category","embeddable":true,"href":"https:\/\/fuentesfidedignas.com.mx\/index.php\/wp-json\/wp\/v2\/categories?post=141655"},{"taxonomy":"post_tag","embeddable":true,"href":"https:\/\/fuentesfidedignas.com.mx\/index.php\/wp-json\/wp\/v2\/tags?post=141655"}],"curies":[{"name":"wp","href":"https:\/\/api.w.org\/{rel}","templated":true}]}}