{"id":141631,"date":"2026-09-04T08:53:24","date_gmt":"2026-09-04T15:53:24","guid":{"rendered":"https:\/\/fuentesfidedignas.com.mx\/?p=141631"},"modified":"2026-09-04T08:53:33","modified_gmt":"2026-09-04T15:53:33","slug":"drones-derribados-por-eu-en-la-frontera-eran-usados-para-vigilar-rutas-de-trafico-de-migrantes-sedena","status":"publish","type":"post","link":"https:\/\/fuentesfidedignas.com.mx\/index.php\/2026\/09\/04\/drones-derribados-por-eu-en-la-frontera-eran-usados-para-vigilar-rutas-de-trafico-de-migrantes-sedena\/","title":{"rendered":"Drones derribados por EU en la frontera eran usados para vigilar rutas de tr\u00e1fico de migrantes: Sedena"},"content":{"rendered":"\n<p class=\"wp-block-paragraph\">El general secretario Ricardo Trevilla Trejo remarc\u00f3 que hay una colaboraci\u00f3n \u2018en el marco del respeto a la soberan\u00eda\u2019 con las autoridades de Estados Unidos.<\/p>\n\n\n\n<p class=\"wp-block-paragraph\">Los\u00a0drones derribados por Estados Unidos en la frontera norte\u00a0eran utilizados por\u00a0<strong>grupos de traficantes de migrantes<\/strong>, dijo el general secretario Ricardo Trevilla Trejo este viernes 4 de septiembre.<\/p>\n\n\n\n<p class=\"wp-block-paragraph\">El titular de la Defensa Nacional respondi\u00f3 as\u00ed al reporte de&nbsp;<em>Fox News<\/em>&nbsp;de que el Grupo de Trabajo de la Frontera Sur de EU destruy\u00f3 alrededor de&nbsp;<strong>100 drones presuntamente de c\u00e1rteles&nbsp;<\/strong>durante agosto.<\/p>\n\n\n\n<p class=\"wp-block-paragraph\">\u201cLo que nos ha comentado las autoridades de Estados Unidos en las juntas de comandantes fronterizos, mencionan que los utilizan grupos delictivos. Son drones comerciales que capturan im\u00e1genes y lo que buscan es ver esas rutas, que est\u00e9n libres,&nbsp;<strong>que no haya presencia de la autoridad<\/strong>\u201d, dijo en la \u2018ma\u00f1anera\u2019 desde Zacatecas.<\/p>\n\n\n\n<h2 class=\"wp-block-heading\">\u00bfM\u00e9xico buscar\u00e1 que EU le preste su rayo para derribar drones?<\/h2>\n\n\n\n<p class=\"wp-block-paragraph\">Los drones fueron derribados por un aparato de alta tecnolog\u00eda en manos del Ej\u00e9rcito de EU: El\u00a0L\u00e1ser de Alta Energ\u00eda Multiprop\u00f3sito (AMP-HEL).<\/p>\n\n\n\n<p class=\"wp-block-paragraph\">Cuestionado sobre si las Fuerzas Armadas de M\u00e9xico estudiar\u00edan adquirir ese l\u00e1ser, el secretario de la Defensa Nacional dijo que nuestro pa\u00eds est\u00e1 \u2018cubierto\u2019 en ese departamento.<\/p>\n\n\n\n<p class=\"wp-block-paragraph\">\u201c<strong>Tenemos 165 equipos antidrones<\/strong>&nbsp;en la frontera norte y con eso estamos obteniendo buenos resultados. No hemos entrado en pl\u00e1ticas sobre eso\u201d, a\u00f1adi\u00f3.<\/p>\n\n\n\n<p class=\"wp-block-paragraph\"><strong>Curtis Taylor<\/strong>, comandante de la&nbsp;<strong>Fuerza de Tarea Conjunta-Frontera Sur<\/strong>, advirti\u00f3 que los c\u00e1rteles usan cada vez m\u00e1s drones para \u2018cazar\u2019 a militares y agentes fronterizos.<\/p>\n\n\n\n<figure class=\"wp-block-embed is-type-rich is-provider-x wp-block-embed-x\"><div class=\"wp-block-embed__wrapper\">\n<blockquote class=\"twitter-tweet\" data-width=\"550\" data-dnt=\"true\"><p lang=\"en\" dir=\"ltr\">Assessing sUAS Capabilities \ud83d\udef0\ufe0f <a href=\"https:\/\/x.com\/hashtag\/Marines?src=hash&amp;ref_src=twsrc%5Etfw\">#Marines<\/a> with <a href=\"https:\/\/x.com\/hashtag\/JTF_SB?src=hash&amp;ref_src=twsrc%5Etfw\">#JTF_SB<\/a> held a small unmanned aircraft system (sUAS) demonstration, assessing real-time observation capabilities to support <a href=\"https:\/\/x.com\/CBP?ref_src=twsrc%5Etfw\">@CBP<\/a> on the <a href=\"https:\/\/x.com\/hashtag\/southernborder?src=hash&amp;ref_src=twsrc%5Etfw\">#southernborder<\/a>.<br><br>\ud83c\udfa5 Watch: <a href=\"https:\/\/t.co\/iTQVzj2J9i\">https:\/\/t.co\/iTQVzj2J9i<\/a><a href=\"https:\/\/x.com\/USNorthernCmd?ref_src=twsrc%5Etfw\">@usnortherncmd<\/a> <a href=\"https:\/\/x.com\/DeptofWar?ref_src=twsrc%5Etfw\">@DeptofWar<\/a> <a href=\"https:\/\/x.com\/hashtag\/ArdentVanguard?src=hash&amp;ref_src=twsrc%5Etfw\">#ArdentVanguard<\/a> <a href=\"https:\/\/t.co\/sTNbLQFrvo\">pic.twitter.com\/sTNbLQFrvo<\/a><\/p>&mdash; Joint Task Force Southern Border (@JointTFSB) <a href=\"https:\/\/x.com\/JointTFSB\/status\/2095542337007190475?ref_src=twsrc%5Etfw\">September 3, 2026<\/a><\/blockquote><script async src=\"https:\/\/platform.x.com\/widgets.js\" charset=\"utf-8\"><\/script>\n<\/div><\/figure>\n\n\n\n<h2 class=\"wp-block-heading\"><strong>Esto sabemos de la campa\u00f1a de drones de EU contra c\u00e1rteles mexicanos<\/strong><\/h2>\n\n\n\n<p class=\"wp-block-paragraph\">Desde febrero de 2022, la Oficina de Aduanas y Protecci\u00f3n Fronteriza (CBP) ha detectado 155 mil drones empleados por grupos criminales para monitorear las operaciones de seguridad o intentar cruzar narc\u00f3ticos.<\/p>\n\n\n\n<p class=\"wp-block-paragraph\">La respuesta estadounidense dio un nuevo paso el 25 y 26 de agosto de 2026, cuando el Ej\u00e9rcito derrib\u00f3 tres drones&nbsp;<strong>cerca de la frontera entre Texas y M\u00e9xico<\/strong>&nbsp;con el L\u00e1ser de Alta Energ\u00eda Multiprop\u00f3sito, en la primera ocasi\u00f3n en que ese sistema fue utilizado.<\/p>\n\n\n\n<p class=\"wp-block-paragraph\">La Secretar\u00eda de la Defensa Nacional precis\u00f3 posteriormente que los tres dispositivos fueron inhabilitados&nbsp;<strong>en territorio estadounidense<\/strong>. El operativo ocurri\u00f3 en el contexto de las llamadas operaciones \u201cespejo\u201d, mediante las cuales fuerzas de M\u00e9xico y Estados Unidos realizan reconocimientos simult\u00e1neos a lo largo de la frontera,&nbsp;<strong>pero cada una dentro de su respectivo territorio<\/strong>.<\/p>\n\n\n\n<p class=\"wp-block-paragraph\">Meses antes, el despliegue de tecnolog\u00eda antidrones ya hab\u00eda provocado controversia en\u00a0El Paso, Texas. En febrero, el\u00a0cierre temporal del espacio a\u00e9reo\u00a0fue atribuido inicialmente por funcionarios de la administraci\u00f3n de Donald Trump a una incursi\u00f3n de drones de c\u00e1rteles; sin embargo, posteriormente surgieron versiones que apuntaban a\u00a0<strong>pruebas del Pent\u00e1gono con tecnolog\u00eda antidrones<\/strong>\u00a0y a problemas de coordinaci\u00f3n con la Administraci\u00f3n Federal de Aviaci\u00f3n (FAA).<\/p>\n\n\n\n<p class=\"wp-block-paragraph\">El Pent\u00e1gono busca ampliar el uso de armas de energ\u00eda dirigida, como l\u00e1seres y sistemas de microondas de alta potencia, para enfrentar aeronaves no tripuladas&nbsp;<strong>sin depender de misiles m\u00e1s costosos<\/strong>.<\/p>\n\n\n\n<p class=\"wp-block-paragraph\"><\/p>\n","protected":false},"excerpt":{"rendered":"<p>El general secretario Ricardo Trevilla Trejo remarc\u00f3 que hay una colaboraci\u00f3n \u2018en el marco del respeto a la soberan\u00eda\u2019 con las autoridades de Estados Unidos. Los\u00a0drones derribados por Estados Unidos en la frontera norte\u00a0eran utilizados por\u00a0grupos de traficantes de migrantes, dijo el general secretario Ricardo Trevilla Trejo este viernes 4 de septiembre. El titular de [&hellip;]<\/p>\n","protected":false},"author":21,"featured_media":141632,"comment_status":"open","ping_status":"open","sticky":false,"template":"","format":"standard","meta":{"tdm_status":"","tdm_grid_status":"","footnotes":""},"categories":[39],"tags":[],"class_list":["post-141631","post","type-post","status-publish","format-standard","has-post-thumbnail","category-noticias-nacionales"],"yoast_head":"<!-- This site is optimized with the Yoast SEO plugin v28.4 - https:\/\/yoast.com\/product\/yoast-seo-wordpress\/ -->\n<title>Drones derribados por EU en la frontera eran usados para vigilar rutas de tr\u00e1fico de migrantes: Sedena - Fuentes Fidedignas<\/title>\n<meta name=\"robots\" content=\"index, follow, max-snippet:-1, max-image-preview:large, max-video-preview:-1\" \/>\n<link rel=\"canonical\" href=\"https:\/\/fuentesfidedignas.com.mx\/index.php\/2026\/09\/04\/drones-derribados-por-eu-en-la-frontera-eran-usados-para-vigilar-rutas-de-trafico-de-migrantes-sedena\/\" \/>\n<meta property=\"og:locale\" content=\"es_MX\" \/>\n<meta property=\"og:type\" content=\"article\" \/>\n<meta property=\"og:title\" content=\"Drones derribados por EU en la frontera eran usados para vigilar rutas de tr\u00e1fico de migrantes: Sedena - Fuentes Fidedignas\" \/>\n<meta property=\"og:description\" content=\"El general secretario Ricardo Trevilla Trejo remarc\u00f3 que hay una colaboraci\u00f3n \u2018en el marco del respeto a la soberan\u00eda\u2019 con las autoridades de Estados Unidos. Los\u00a0drones derribados por Estados Unidos en la frontera norte\u00a0eran utilizados por\u00a0grupos de traficantes de migrantes, dijo el general secretario Ricardo Trevilla Trejo este viernes 4 de septiembre. El titular de [&hellip;]\" \/>\n<meta property=\"og:url\" content=\"https:\/\/fuentesfidedignas.com.mx\/index.php\/2026\/09\/04\/drones-derribados-por-eu-en-la-frontera-eran-usados-para-vigilar-rutas-de-trafico-de-migrantes-sedena\/\" \/>\n<meta property=\"og:site_name\" content=\"Fuentes Fidedignas\" \/>\n<meta property=\"article:publisher\" content=\"https:\/\/www.facebook.com\/Fuentes-Fidedignas-368234489921644\" \/>\n<meta property=\"article:published_time\" content=\"2026-09-04T15:53:24+00:00\" \/>\n<meta property=\"article:modified_time\" content=\"2026-09-04T15:53:33+00:00\" \/>\n<meta property=\"og:image\" content=\"https:\/\/fuentesfidedignas.com.mx\/wp-content\/uploads\/2021\/04\/logo-retina.png\" \/>\n\t<meta property=\"og:image:width\" content=\"280\" \/>\n\t<meta property=\"og:image:height\" content=\"51\" \/>\n\t<meta property=\"og:image:type\" content=\"image\/png\" \/>\n<meta name=\"author\" content=\"El Financiero\" \/>\n<meta name=\"twitter:card\" content=\"summary_large_image\" \/>\n<meta name=\"twitter:creator\" content=\"@fidedignas\" \/>\n<meta name=\"twitter:site\" content=\"@fidedignas\" \/>\n<meta name=\"twitter:label1\" content=\"Escrito por\" \/>\n\t<meta name=\"twitter:data1\" content=\"El Financiero\" \/>\n\t<meta name=\"twitter:label2\" content=\"Tiempo de lectura\" \/>\n\t<meta name=\"twitter:data2\" content=\"3 minutos\" \/>\n<script type=\"application\/ld+json\" class=\"yoast-schema-graph\">{\"@context\":\"https:\\\/\\\/schema.org\",\"@graph\":[{\"@type\":\"Article\",\"@id\":\"https:\\\/\\\/fuentesfidedignas.com.mx\\\/index.php\\\/2026\\\/09\\\/04\\\/drones-derribados-por-eu-en-la-frontera-eran-usados-para-vigilar-rutas-de-trafico-de-migrantes-sedena\\\/#article\",\"isPartOf\":{\"@id\":\"https:\\\/\\\/fuentesfidedignas.com.mx\\\/index.php\\\/2026\\\/09\\\/04\\\/drones-derribados-por-eu-en-la-frontera-eran-usados-para-vigilar-rutas-de-trafico-de-migrantes-sedena\\\/\"},\"author\":{\"name\":\"El Financiero\",\"@id\":\"https:\\\/\\\/fuentesfidedignas.com.mx\\\/#\\\/schema\\\/person\\\/494f7e0dce8dfaaec5b64f16615b78e9\"},\"headline\":\"Drones derribados por EU en la frontera eran usados para vigilar rutas de tr\u00e1fico de migrantes: Sedena\",\"datePublished\":\"2026-09-04T15:53:24+00:00\",\"dateModified\":\"2026-09-04T15:53:33+00:00\",\"mainEntityOfPage\":{\"@id\":\"https:\\\/\\\/fuentesfidedignas.com.mx\\\/index.php\\\/2026\\\/09\\\/04\\\/drones-derribados-por-eu-en-la-frontera-eran-usados-para-vigilar-rutas-de-trafico-de-migrantes-sedena\\\/\"},\"wordCount\":568,\"commentCount\":0,\"publisher\":{\"@id\":\"https:\\\/\\\/fuentesfidedignas.com.mx\\\/#organization\"},\"image\":{\"@id\":\"https:\\\/\\\/fuentesfidedignas.com.mx\\\/index.php\\\/2026\\\/09\\\/04\\\/drones-derribados-por-eu-en-la-frontera-eran-usados-para-vigilar-rutas-de-trafico-de-migrantes-sedena\\\/#primaryimage\"},\"thumbnailUrl\":\"https:\\\/\\\/fuentesfidedignas.com.mx\\\/wp-content\\\/uploads\\\/2026\\\/09\\\/U7MMTRBPLJHGZG7VNOUM7DJQCQ.avif\",\"articleSection\":[\"NOTICIAS NACIONALES\"],\"inLanguage\":\"es\",\"potentialAction\":[{\"@type\":\"CommentAction\",\"name\":\"Comment\",\"target\":[\"https:\\\/\\\/fuentesfidedignas.com.mx\\\/index.php\\\/2026\\\/09\\\/04\\\/drones-derribados-por-eu-en-la-frontera-eran-usados-para-vigilar-rutas-de-trafico-de-migrantes-sedena\\\/#respond\"]}]},{\"@type\":\"WebPage\",\"@id\":\"https:\\\/\\\/fuentesfidedignas.com.mx\\\/index.php\\\/2026\\\/09\\\/04\\\/drones-derribados-por-eu-en-la-frontera-eran-usados-para-vigilar-rutas-de-trafico-de-migrantes-sedena\\\/\",\"url\":\"https:\\\/\\\/fuentesfidedignas.com.mx\\\/index.php\\\/2026\\\/09\\\/04\\\/drones-derribados-por-eu-en-la-frontera-eran-usados-para-vigilar-rutas-de-trafico-de-migrantes-sedena\\\/\",\"name\":\"Drones derribados por EU en la frontera eran usados para vigilar rutas de tr\u00e1fico de migrantes: Sedena - Fuentes Fidedignas\",\"isPartOf\":{\"@id\":\"https:\\\/\\\/fuentesfidedignas.com.mx\\\/#website\"},\"primaryImageOfPage\":{\"@id\":\"https:\\\/\\\/fuentesfidedignas.com.mx\\\/index.php\\\/2026\\\/09\\\/04\\\/drones-derribados-por-eu-en-la-frontera-eran-usados-para-vigilar-rutas-de-trafico-de-migrantes-sedena\\\/#primaryimage\"},\"image\":{\"@id\":\"https:\\\/\\\/fuentesfidedignas.com.mx\\\/index.php\\\/2026\\\/09\\\/04\\\/drones-derribados-por-eu-en-la-frontera-eran-usados-para-vigilar-rutas-de-trafico-de-migrantes-sedena\\\/#primaryimage\"},\"thumbnailUrl\":\"https:\\\/\\\/fuentesfidedignas.com.mx\\\/wp-content\\\/uploads\\\/2026\\\/09\\\/U7MMTRBPLJHGZG7VNOUM7DJQCQ.avif\",\"datePublished\":\"2026-09-04T15:53:24+00:00\",\"dateModified\":\"2026-09-04T15:53:33+00:00\",\"breadcrumb\":{\"@id\":\"https:\\\/\\\/fuentesfidedignas.com.mx\\\/index.php\\\/2026\\\/09\\\/04\\\/drones-derribados-por-eu-en-la-frontera-eran-usados-para-vigilar-rutas-de-trafico-de-migrantes-sedena\\\/#breadcrumb\"},\"inLanguage\":\"es\",\"potentialAction\":[{\"@type\":\"ReadAction\",\"target\":[\"https:\\\/\\\/fuentesfidedignas.com.mx\\\/index.php\\\/2026\\\/09\\\/04\\\/drones-derribados-por-eu-en-la-frontera-eran-usados-para-vigilar-rutas-de-trafico-de-migrantes-sedena\\\/\"]}]},{\"@type\":\"ImageObject\",\"inLanguage\":\"es\",\"@id\":\"https:\\\/\\\/fuentesfidedignas.com.mx\\\/index.php\\\/2026\\\/09\\\/04\\\/drones-derribados-por-eu-en-la-frontera-eran-usados-para-vigilar-rutas-de-trafico-de-migrantes-sedena\\\/#primaryimage\",\"url\":\"https:\\\/\\\/fuentesfidedignas.com.mx\\\/wp-content\\\/uploads\\\/2026\\\/09\\\/U7MMTRBPLJHGZG7VNOUM7DJQCQ.avif\",\"contentUrl\":\"https:\\\/\\\/fuentesfidedignas.com.mx\\\/wp-content\\\/uploads\\\/2026\\\/09\\\/U7MMTRBPLJHGZG7VNOUM7DJQCQ.avif\",\"width\":1200,\"height\":675},{\"@type\":\"BreadcrumbList\",\"@id\":\"https:\\\/\\\/fuentesfidedignas.com.mx\\\/index.php\\\/2026\\\/09\\\/04\\\/drones-derribados-por-eu-en-la-frontera-eran-usados-para-vigilar-rutas-de-trafico-de-migrantes-sedena\\\/#breadcrumb\",\"itemListElement\":[{\"@type\":\"ListItem\",\"position\":1,\"name\":\"Inicio\",\"item\":\"https:\\\/\\\/fuentesfidedignas.com.mx\\\/\"},{\"@type\":\"ListItem\",\"position\":2,\"name\":\"Drones derribados por EU en la frontera eran usados para vigilar rutas de tr\u00e1fico de migrantes: Sedena\"}]},{\"@type\":\"WebSite\",\"@id\":\"https:\\\/\\\/fuentesfidedignas.com.mx\\\/#website\",\"url\":\"https:\\\/\\\/fuentesfidedignas.com.mx\\\/\",\"name\":\"Fuentes Fidedignas\",\"description\":\"Otro sitio realizado con WordPress\",\"publisher\":{\"@id\":\"https:\\\/\\\/fuentesfidedignas.com.mx\\\/#organization\"},\"potentialAction\":[{\"@type\":\"SearchAction\",\"target\":{\"@type\":\"EntryPoint\",\"urlTemplate\":\"https:\\\/\\\/fuentesfidedignas.com.mx\\\/?s={search_term_string}\"},\"query-input\":{\"@type\":\"PropertyValueSpecification\",\"valueRequired\":true,\"valueName\":\"search_term_string\"}}],\"inLanguage\":\"es\"},{\"@type\":\"Organization\",\"@id\":\"https:\\\/\\\/fuentesfidedignas.com.mx\\\/#organization\",\"name\":\"Fuentes Fidedignas\",\"url\":\"https:\\\/\\\/fuentesfidedignas.com.mx\\\/\",\"logo\":{\"@type\":\"ImageObject\",\"inLanguage\":\"es\",\"@id\":\"https:\\\/\\\/fuentesfidedignas.com.mx\\\/#\\\/schema\\\/logo\\\/image\\\/\",\"url\":\"https:\\\/\\\/fuentesfidedignas.com.mx\\\/wp-content\\\/uploads\\\/2021\\\/04\\\/logo-retina.png\",\"contentUrl\":\"https:\\\/\\\/fuentesfidedignas.com.mx\\\/wp-content\\\/uploads\\\/2021\\\/04\\\/logo-retina.png\",\"width\":280,\"height\":51,\"caption\":\"Fuentes Fidedignas\"},\"image\":{\"@id\":\"https:\\\/\\\/fuentesfidedignas.com.mx\\\/#\\\/schema\\\/logo\\\/image\\\/\"},\"sameAs\":[\"https:\\\/\\\/www.facebook.com\\\/Fuentes-Fidedignas-368234489921644\",\"https:\\\/\\\/x.com\\\/fidedignas\"]},{\"@type\":\"Person\",\"@id\":\"https:\\\/\\\/fuentesfidedignas.com.mx\\\/#\\\/schema\\\/person\\\/494f7e0dce8dfaaec5b64f16615b78e9\",\"name\":\"El Financiero\",\"image\":{\"@type\":\"ImageObject\",\"inLanguage\":\"es\",\"@id\":\"https:\\\/\\\/secure.gravatar.com\\\/avatar\\\/88c0f3f2079389318ef8dd35c22cb997212aa89646e357ba59b318db26ed91a9?s=96&d=mm&r=g\",\"url\":\"https:\\\/\\\/secure.gravatar.com\\\/avatar\\\/88c0f3f2079389318ef8dd35c22cb997212aa89646e357ba59b318db26ed91a9?s=96&d=mm&r=g\",\"contentUrl\":\"https:\\\/\\\/secure.gravatar.com\\\/avatar\\\/88c0f3f2079389318ef8dd35c22cb997212aa89646e357ba59b318db26ed91a9?s=96&d=mm&r=g\",\"caption\":\"El Financiero\"},\"url\":\"https:\\\/\\\/fuentesfidedignas.com.mx\\\/index.php\\\/author\\\/financiero\\\/\"}]}<\/script>\n<!-- \/ Yoast SEO plugin. -->","yoast_head_json":{"title":"Drones derribados por EU en la frontera eran usados para vigilar rutas de tr\u00e1fico de migrantes: Sedena - Fuentes Fidedignas","robots":{"index":"index","follow":"follow","max-snippet":"max-snippet:-1","max-image-preview":"max-image-preview:large","max-video-preview":"max-video-preview:-1"},"canonical":"https:\/\/fuentesfidedignas.com.mx\/index.php\/2026\/09\/04\/drones-derribados-por-eu-en-la-frontera-eran-usados-para-vigilar-rutas-de-trafico-de-migrantes-sedena\/","og_locale":"es_MX","og_type":"article","og_title":"Drones derribados por EU en la frontera eran usados para vigilar rutas de tr\u00e1fico de migrantes: Sedena - Fuentes Fidedignas","og_description":"El general secretario Ricardo Trevilla Trejo remarc\u00f3 que hay una colaboraci\u00f3n \u2018en el marco del respeto a la soberan\u00eda\u2019 con las autoridades de Estados Unidos. Los\u00a0drones derribados por Estados Unidos en la frontera norte\u00a0eran utilizados por\u00a0grupos de traficantes de migrantes, dijo el general secretario Ricardo Trevilla Trejo este viernes 4 de septiembre. El titular de [&hellip;]","og_url":"https:\/\/fuentesfidedignas.com.mx\/index.php\/2026\/09\/04\/drones-derribados-por-eu-en-la-frontera-eran-usados-para-vigilar-rutas-de-trafico-de-migrantes-sedena\/","og_site_name":"Fuentes Fidedignas","article_publisher":"https:\/\/www.facebook.com\/Fuentes-Fidedignas-368234489921644","article_published_time":"2026-09-04T15:53:24+00:00","article_modified_time":"2026-09-04T15:53:33+00:00","og_image":[{"width":280,"height":51,"url":"https:\/\/fuentesfidedignas.com.mx\/wp-content\/uploads\/2021\/04\/logo-retina.png","type":"image\/png"}],"author":"El Financiero","twitter_card":"summary_large_image","twitter_creator":"@fidedignas","twitter_site":"@fidedignas","twitter_misc":{"Escrito por":"El Financiero","Tiempo de lectura":"3 minutos"},"schema":{"@context":"https:\/\/schema.org","@graph":[{"@type":"Article","@id":"https:\/\/fuentesfidedignas.com.mx\/index.php\/2026\/09\/04\/drones-derribados-por-eu-en-la-frontera-eran-usados-para-vigilar-rutas-de-trafico-de-migrantes-sedena\/#article","isPartOf":{"@id":"https:\/\/fuentesfidedignas.com.mx\/index.php\/2026\/09\/04\/drones-derribados-por-eu-en-la-frontera-eran-usados-para-vigilar-rutas-de-trafico-de-migrantes-sedena\/"},"author":{"name":"El Financiero","@id":"https:\/\/fuentesfidedignas.com.mx\/#\/schema\/person\/494f7e0dce8dfaaec5b64f16615b78e9"},"headline":"Drones derribados por EU en la frontera eran usados para vigilar rutas de tr\u00e1fico de migrantes: Sedena","datePublished":"2026-09-04T15:53:24+00:00","dateModified":"2026-09-04T15:53:33+00:00","mainEntityOfPage":{"@id":"https:\/\/fuentesfidedignas.com.mx\/index.php\/2026\/09\/04\/drones-derribados-por-eu-en-la-frontera-eran-usados-para-vigilar-rutas-de-trafico-de-migrantes-sedena\/"},"wordCount":568,"commentCount":0,"publisher":{"@id":"https:\/\/fuentesfidedignas.com.mx\/#organization"},"image":{"@id":"https:\/\/fuentesfidedignas.com.mx\/index.php\/2026\/09\/04\/drones-derribados-por-eu-en-la-frontera-eran-usados-para-vigilar-rutas-de-trafico-de-migrantes-sedena\/#primaryimage"},"thumbnailUrl":"https:\/\/fuentesfidedignas.com.mx\/wp-content\/uploads\/2026\/09\/U7MMTRBPLJHGZG7VNOUM7DJQCQ.avif","articleSection":["NOTICIAS NACIONALES"],"inLanguage":"es","potentialAction":[{"@type":"CommentAction","name":"Comment","target":["https:\/\/fuentesfidedignas.com.mx\/index.php\/2026\/09\/04\/drones-derribados-por-eu-en-la-frontera-eran-usados-para-vigilar-rutas-de-trafico-de-migrantes-sedena\/#respond"]}]},{"@type":"WebPage","@id":"https:\/\/fuentesfidedignas.com.mx\/index.php\/2026\/09\/04\/drones-derribados-por-eu-en-la-frontera-eran-usados-para-vigilar-rutas-de-trafico-de-migrantes-sedena\/","url":"https:\/\/fuentesfidedignas.com.mx\/index.php\/2026\/09\/04\/drones-derribados-por-eu-en-la-frontera-eran-usados-para-vigilar-rutas-de-trafico-de-migrantes-sedena\/","name":"Drones derribados por EU en la frontera eran usados para vigilar rutas de tr\u00e1fico de migrantes: Sedena - Fuentes Fidedignas","isPartOf":{"@id":"https:\/\/fuentesfidedignas.com.mx\/#website"},"primaryImageOfPage":{"@id":"https:\/\/fuentesfidedignas.com.mx\/index.php\/2026\/09\/04\/drones-derribados-por-eu-en-la-frontera-eran-usados-para-vigilar-rutas-de-trafico-de-migrantes-sedena\/#primaryimage"},"image":{"@id":"https:\/\/fuentesfidedignas.com.mx\/index.php\/2026\/09\/04\/drones-derribados-por-eu-en-la-frontera-eran-usados-para-vigilar-rutas-de-trafico-de-migrantes-sedena\/#primaryimage"},"thumbnailUrl":"https:\/\/fuentesfidedignas.com.mx\/wp-content\/uploads\/2026\/09\/U7MMTRBPLJHGZG7VNOUM7DJQCQ.avif","datePublished":"2026-09-04T15:53:24+00:00","dateModified":"2026-09-04T15:53:33+00:00","breadcrumb":{"@id":"https:\/\/fuentesfidedignas.com.mx\/index.php\/2026\/09\/04\/drones-derribados-por-eu-en-la-frontera-eran-usados-para-vigilar-rutas-de-trafico-de-migrantes-sedena\/#breadcrumb"},"inLanguage":"es","potentialAction":[{"@type":"ReadAction","target":["https:\/\/fuentesfidedignas.com.mx\/index.php\/2026\/09\/04\/drones-derribados-por-eu-en-la-frontera-eran-usados-para-vigilar-rutas-de-trafico-de-migrantes-sedena\/"]}]},{"@type":"ImageObject","inLanguage":"es","@id":"https:\/\/fuentesfidedignas.com.mx\/index.php\/2026\/09\/04\/drones-derribados-por-eu-en-la-frontera-eran-usados-para-vigilar-rutas-de-trafico-de-migrantes-sedena\/#primaryimage","url":"https:\/\/fuentesfidedignas.com.mx\/wp-content\/uploads\/2026\/09\/U7MMTRBPLJHGZG7VNOUM7DJQCQ.avif","contentUrl":"https:\/\/fuentesfidedignas.com.mx\/wp-content\/uploads\/2026\/09\/U7MMTRBPLJHGZG7VNOUM7DJQCQ.avif","width":1200,"height":675},{"@type":"BreadcrumbList","@id":"https:\/\/fuentesfidedignas.com.mx\/index.php\/2026\/09\/04\/drones-derribados-por-eu-en-la-frontera-eran-usados-para-vigilar-rutas-de-trafico-de-migrantes-sedena\/#breadcrumb","itemListElement":[{"@type":"ListItem","position":1,"name":"Inicio","item":"https:\/\/fuentesfidedignas.com.mx\/"},{"@type":"ListItem","position":2,"name":"Drones derribados por EU en la frontera eran usados para vigilar rutas de tr\u00e1fico de migrantes: Sedena"}]},{"@type":"WebSite","@id":"https:\/\/fuentesfidedignas.com.mx\/#website","url":"https:\/\/fuentesfidedignas.com.mx\/","name":"Fuentes Fidedignas","description":"Otro sitio realizado con WordPress","publisher":{"@id":"https:\/\/fuentesfidedignas.com.mx\/#organization"},"potentialAction":[{"@type":"SearchAction","target":{"@type":"EntryPoint","urlTemplate":"https:\/\/fuentesfidedignas.com.mx\/?s={search_term_string}"},"query-input":{"@type":"PropertyValueSpecification","valueRequired":true,"valueName":"search_term_string"}}],"inLanguage":"es"},{"@type":"Organization","@id":"https:\/\/fuentesfidedignas.com.mx\/#organization","name":"Fuentes Fidedignas","url":"https:\/\/fuentesfidedignas.com.mx\/","logo":{"@type":"ImageObject","inLanguage":"es","@id":"https:\/\/fuentesfidedignas.com.mx\/#\/schema\/logo\/image\/","url":"https:\/\/fuentesfidedignas.com.mx\/wp-content\/uploads\/2021\/04\/logo-retina.png","contentUrl":"https:\/\/fuentesfidedignas.com.mx\/wp-content\/uploads\/2021\/04\/logo-retina.png","width":280,"height":51,"caption":"Fuentes Fidedignas"},"image":{"@id":"https:\/\/fuentesfidedignas.com.mx\/#\/schema\/logo\/image\/"},"sameAs":["https:\/\/www.facebook.com\/Fuentes-Fidedignas-368234489921644","https:\/\/x.com\/fidedignas"]},{"@type":"Person","@id":"https:\/\/fuentesfidedignas.com.mx\/#\/schema\/person\/494f7e0dce8dfaaec5b64f16615b78e9","name":"El Financiero","image":{"@type":"ImageObject","inLanguage":"es","@id":"https:\/\/secure.gravatar.com\/avatar\/88c0f3f2079389318ef8dd35c22cb997212aa89646e357ba59b318db26ed91a9?s=96&d=mm&r=g","url":"https:\/\/secure.gravatar.com\/avatar\/88c0f3f2079389318ef8dd35c22cb997212aa89646e357ba59b318db26ed91a9?s=96&d=mm&r=g","contentUrl":"https:\/\/secure.gravatar.com\/avatar\/88c0f3f2079389318ef8dd35c22cb997212aa89646e357ba59b318db26ed91a9?s=96&d=mm&r=g","caption":"El Financiero"},"url":"https:\/\/fuentesfidedignas.com.mx\/index.php\/author\/financiero\/"}]}},"_links":{"self":[{"href":"https:\/\/fuentesfidedignas.com.mx\/index.php\/wp-json\/wp\/v2\/posts\/141631","targetHints":{"allow":["GET"]}}],"collection":[{"href":"https:\/\/fuentesfidedignas.com.mx\/index.php\/wp-json\/wp\/v2\/posts"}],"about":[{"href":"https:\/\/fuentesfidedignas.com.mx\/index.php\/wp-json\/wp\/v2\/types\/post"}],"author":[{"embeddable":true,"href":"https:\/\/fuentesfidedignas.com.mx\/index.php\/wp-json\/wp\/v2\/users\/21"}],"replies":[{"embeddable":true,"href":"https:\/\/fuentesfidedignas.com.mx\/index.php\/wp-json\/wp\/v2\/comments?post=141631"}],"version-history":[{"count":1,"href":"https:\/\/fuentesfidedignas.com.mx\/index.php\/wp-json\/wp\/v2\/posts\/141631\/revisions"}],"predecessor-version":[{"id":141633,"href":"https:\/\/fuentesfidedignas.com.mx\/index.php\/wp-json\/wp\/v2\/posts\/141631\/revisions\/141633"}],"wp:featuredmedia":[{"embeddable":true,"href":"https:\/\/fuentesfidedignas.com.mx\/index.php\/wp-json\/wp\/v2\/media\/141632"}],"wp:attachment":[{"href":"https:\/\/fuentesfidedignas.com.mx\/index.php\/wp-json\/wp\/v2\/media?parent=141631"}],"wp:term":[{"taxonomy":"category","embeddable":true,"href":"https:\/\/fuentesfidedignas.com.mx\/index.php\/wp-json\/wp\/v2\/categories?post=141631"},{"taxonomy":"post_tag","embeddable":true,"href":"https:\/\/fuentesfidedignas.com.mx\/index.php\/wp-json\/wp\/v2\/tags?post=141631"}],"curies":[{"name":"wp","href":"https:\/\/api.w.org\/{rel}","templated":true}]}}