{"id":141629,"date":"2026-09-04T08:07:11","date_gmt":"2026-09-04T15:07:11","guid":{"rendered":"https:\/\/fuentesfidedignas.com.mx\/?p=141629"},"modified":"2026-09-04T08:07:11","modified_gmt":"2026-09-04T15:07:11","slug":"ataque-con-explosivos-en-ojocaliente-zacatecas-apunta-a-disputa-entre-cartel-de-sinaloa-y-cjng-harfuch","status":"publish","type":"post","link":"https:\/\/fuentesfidedignas.com.mx\/index.php\/2026\/09\/04\/ataque-con-explosivos-en-ojocaliente-zacatecas-apunta-a-disputa-entre-cartel-de-sinaloa-y-cjng-harfuch\/","title":{"rendered":"Ataque con explosivos en Ojocaliente, Zacatecas, apunta a disputa entre c\u00e1rtel de Sinaloa y &#8216;CJNG&#8217;: Harfuch"},"content":{"rendered":"\n<p class=\"wp-block-paragraph\">En el marco de la ma\u00f1anera de la presidenta Claudia Sheinbaum Pardo que se realiza en este municipio, el funcionario federal detall\u00f3 que hasta ahora han sido detenidos tres presuntos implicados en estos hechos, que se dieron la tarde-noche del domingo 30 de agosto y dejaron once personas lesionadas. Cuartoscuro.<\/p>\n\n\n\n<p class=\"nota-justify wp-block-paragraph\"><em>Guadalupe, Zacatecas.-&nbsp;<\/em>El titular de la Secretar\u00eda de Seguridad y Protecci\u00f3n Ciudadana (SSPC ), Omar Garc\u00eda Harfuch, afirm\u00f3 que las primeras investigaciones arrojan que el \u201ccobarde ataque\u201d con un coche bomba contra la comandancia de polic\u00eda del municipio de Ojocaliente est\u00e1 relacionado con la confrontaci\u00f3n entre los c\u00e1rteles del Pac\u00edfico y Jalisco Nueva Generaci\u00f3n por el control del territorio en esta entidad.<\/p>\n\n\n\n<p class=\"nota-justify wp-block-paragraph\">En el marco de la ma\u00f1anera de la presidenta Claudia Sheinbaum Pardo que se realiza en este municipio, el funcionario federal detall\u00f3 que hasta ahora han sido detenidos tres presuntos implicados en estos hechos, que se dieron la tarde-noche del domingo 30 de agosto y dejaron once personas lesionadas.<\/p>\n\n\n\n<p class=\"nota-justify wp-block-paragraph\">\u201cEn distintas regiones del estado persiste una confrontaci\u00f3n de c\u00e9lulas delictivas, esa disputa sigue generando estos episodios de violencia y agresiones contra autoridades. Una l\u00ednea de investigaci\u00f3n (sobre este ataque) es esta disputa entre CJNG y el del Pac\u00edfico\u201d, se\u00f1al\u00f3.<\/p>\n\n\n\n<p class=\"nota-justify wp-block-paragraph\">Inform\u00f3 que, de acuerdo a las investigaciones que realiza la Fiscal\u00eda General de Justicia del Estado, se utilizaron alrededor de 200 kilogramos de material explosivo para este ataque.<\/p>\n\n\n\n<p class=\"nota-justify wp-block-paragraph\">Refiri\u00f3 que tras la agresi\u00f3n con el carro \u2014que ten\u00eda reporte de robo\u2014, la mesa de seguridad acord\u00f3 reforzar el per\u00edmetro en la zona con la participaci\u00f3n de todas las instituciones del gabinete de seguridad federal.<\/p>\n\n\n\n<p class=\"nota-justify wp-block-paragraph\">\u201cDesde el primer momento, las instituciones que integran gabinete de seguridad acompa\u00f1an a autoridades estatales en investigaciones para esclarecer los hechos y detener a involucrados\u201d.<\/p>\n\n\n\n<p class=\"nota-justify wp-block-paragraph\">Debido al despliegue y a las indagatorias, dijo el secretario, se ha logrado la aprehensi\u00f3n de Juan Pedro \u201cN\u201d, a quien se le se\u00f1ala como el principal responsable de la colocaci\u00f3n de los artefactos explosivos.<\/p>\n\n\n\n<p class=\"nota-justify wp-block-paragraph\">As\u00ed como a Hip\u00f3lito \u201cN\u201d y Miguel \u201cN\u201d, quienes, de acuerdo a las indagatorias, habr\u00edan &nbsp;realizado labores de vigilancia para realizar el ataque. Ambos son parte de una c\u00e9lula delictiva.<\/p>\n\n\n\n<p class=\"nota-justify wp-block-paragraph\">\u201cHemos profundizado las investigaciones para dar con los responsables, incluyendo a los que no est\u00e1n en Zacatecas\u201d, subray\u00f3 Garc\u00eda Harfuch.<\/p>\n\n\n\n<p class=\"nota-justify wp-block-paragraph\">Afirm\u00f3 que \u00e9sta \u201cno es una investigaci\u00f3n acabada\u201d, por lo que seguir\u00e1n las diligencias y los operativos en la zona.&nbsp;<\/p>\n\n\n\n<h2 class=\"wp-block-heading\">Un coche con explosivos<\/h2>\n\n\n\n<p class=\"wp-block-paragraph\">La noche del 30 de agosto, la comandancia de Seguridad P\u00fablica de la cabecera municipal de Ojocaliente, localidad donde una multitud estaba reunida por la coronaci\u00f3n de las fiestas patronales del lugar, fue atacada con un coche robado lleno de explosivos.&nbsp;<\/p>\n\n\n\n<p class=\"wp-block-paragraph\">Dos polic\u00edas fueron seriamente heridos \u2013un hombre y una mujer\u2014, as\u00ed como 15 personas de distintas edades lesionadas por esquirlas, entre ellas un beb\u00e9. Rodrigo Reyes Muguerza, secretario de Gobierno estatal, asegur\u00f3 a su vez en un comunicado que hubo \u201cseis civiles heridos\u201d, pero no habl\u00f3 de polic\u00edas lastimados o muertos.<\/p>\n\n\n\n<p class=\"wp-block-paragraph\">El territorio de Ojocaliente, como muchos otros municipios del centro y sureste de Zacatecas, es disputado desde hace tres a\u00f1os por el c\u00e1rtel Jalisco&nbsp;<em>Nueva Generaci\u00f3n&nbsp;<\/em>y la facci\u00f3n del C\u00e1rtel de Sinaloa conocida como&nbsp;<em>Mayo<\/em>&nbsp;Zambada\u2013Cabreras.<\/p>\n\n\n\n<p class=\"wp-block-paragraph\"><\/p>\n","protected":false},"excerpt":{"rendered":"<p>En el marco de la ma\u00f1anera de la presidenta Claudia Sheinbaum Pardo que se realiza en este municipio, el funcionario federal detall\u00f3 que hasta ahora han sido detenidos tres presuntos implicados en estos hechos, que se dieron la tarde-noche del domingo 30 de agosto y dejaron once personas lesionadas. Cuartoscuro. Guadalupe, Zacatecas.-&nbsp;El titular de la [&hellip;]<\/p>\n","protected":false},"author":45,"featured_media":141628,"comment_status":"closed","ping_status":"open","sticky":false,"template":"","format":"standard","meta":{"tdm_status":"","tdm_grid_status":"","footnotes":""},"categories":[39],"tags":[],"class_list":["post-141629","post","type-post","status-publish","format-standard","has-post-thumbnail","category-noticias-nacionales"],"yoast_head":"<!-- This site is optimized with the Yoast SEO plugin v28.4 - https:\/\/yoast.com\/product\/yoast-seo-wordpress\/ -->\n<title>Ataque con explosivos en Ojocaliente, Zacatecas, apunta a disputa entre c\u00e1rtel de Sinaloa y &#039;CJNG&#039;: Harfuch - Fuentes Fidedignas<\/title>\n<meta name=\"robots\" content=\"index, follow, max-snippet:-1, max-image-preview:large, max-video-preview:-1\" \/>\n<link rel=\"canonical\" href=\"https:\/\/fuentesfidedignas.com.mx\/index.php\/2026\/09\/04\/ataque-con-explosivos-en-ojocaliente-zacatecas-apunta-a-disputa-entre-cartel-de-sinaloa-y-cjng-harfuch\/\" \/>\n<meta property=\"og:locale\" content=\"es_MX\" \/>\n<meta property=\"og:type\" content=\"article\" \/>\n<meta property=\"og:title\" content=\"Ataque con explosivos en Ojocaliente, Zacatecas, apunta a disputa entre c\u00e1rtel de Sinaloa y &#039;CJNG&#039;: Harfuch - Fuentes Fidedignas\" \/>\n<meta property=\"og:description\" content=\"En el marco de la ma\u00f1anera de la presidenta Claudia Sheinbaum Pardo que se realiza en este municipio, el funcionario federal detall\u00f3 que hasta ahora han sido detenidos tres presuntos implicados en estos hechos, que se dieron la tarde-noche del domingo 30 de agosto y dejaron once personas lesionadas. Cuartoscuro. Guadalupe, Zacatecas.-&nbsp;El titular de la [&hellip;]\" \/>\n<meta property=\"og:url\" content=\"https:\/\/fuentesfidedignas.com.mx\/index.php\/2026\/09\/04\/ataque-con-explosivos-en-ojocaliente-zacatecas-apunta-a-disputa-entre-cartel-de-sinaloa-y-cjng-harfuch\/\" \/>\n<meta property=\"og:site_name\" content=\"Fuentes Fidedignas\" \/>\n<meta property=\"article:publisher\" content=\"https:\/\/www.facebook.com\/Fuentes-Fidedignas-368234489921644\" \/>\n<meta property=\"article:published_time\" content=\"2026-09-04T15:07:11+00:00\" \/>\n<meta property=\"og:image\" content=\"https:\/\/fuentesfidedignas.com.mx\/wp-content\/uploads\/2026\/09\/img_6688.jpeg\" \/>\n\t<meta property=\"og:image:width\" content=\"1200\" \/>\n\t<meta property=\"og:image:height\" content=\"799\" \/>\n\t<meta property=\"og:image:type\" content=\"image\/jpeg\" \/>\n<meta name=\"author\" content=\"La Jornada\" \/>\n<meta name=\"twitter:card\" content=\"summary_large_image\" \/>\n<meta name=\"twitter:creator\" content=\"@fidedignas\" \/>\n<meta name=\"twitter:site\" content=\"@fidedignas\" \/>\n<meta name=\"twitter:label1\" content=\"Escrito por\" \/>\n\t<meta name=\"twitter:data1\" content=\"La Jornada\" \/>\n\t<meta name=\"twitter:label2\" content=\"Tiempo de lectura\" \/>\n\t<meta name=\"twitter:data2\" content=\"3 minutos\" \/>\n<script type=\"application\/ld+json\" class=\"yoast-schema-graph\">{\"@context\":\"https:\\\/\\\/schema.org\",\"@graph\":[{\"@type\":\"Article\",\"@id\":\"https:\\\/\\\/fuentesfidedignas.com.mx\\\/index.php\\\/2026\\\/09\\\/04\\\/ataque-con-explosivos-en-ojocaliente-zacatecas-apunta-a-disputa-entre-cartel-de-sinaloa-y-cjng-harfuch\\\/#article\",\"isPartOf\":{\"@id\":\"https:\\\/\\\/fuentesfidedignas.com.mx\\\/index.php\\\/2026\\\/09\\\/04\\\/ataque-con-explosivos-en-ojocaliente-zacatecas-apunta-a-disputa-entre-cartel-de-sinaloa-y-cjng-harfuch\\\/\"},\"author\":{\"name\":\"La Jornada\",\"@id\":\"https:\\\/\\\/fuentesfidedignas.com.mx\\\/#\\\/schema\\\/person\\\/87eacee4072e149fccc7de67f9634f35\"},\"headline\":\"Ataque con explosivos en Ojocaliente, Zacatecas, apunta a disputa entre c\u00e1rtel de Sinaloa y &#8216;CJNG&#8217;: Harfuch\",\"datePublished\":\"2026-09-04T15:07:11+00:00\",\"mainEntityOfPage\":{\"@id\":\"https:\\\/\\\/fuentesfidedignas.com.mx\\\/index.php\\\/2026\\\/09\\\/04\\\/ataque-con-explosivos-en-ojocaliente-zacatecas-apunta-a-disputa-entre-cartel-de-sinaloa-y-cjng-harfuch\\\/\"},\"wordCount\":590,\"publisher\":{\"@id\":\"https:\\\/\\\/fuentesfidedignas.com.mx\\\/#organization\"},\"image\":{\"@id\":\"https:\\\/\\\/fuentesfidedignas.com.mx\\\/index.php\\\/2026\\\/09\\\/04\\\/ataque-con-explosivos-en-ojocaliente-zacatecas-apunta-a-disputa-entre-cartel-de-sinaloa-y-cjng-harfuch\\\/#primaryimage\"},\"thumbnailUrl\":\"https:\\\/\\\/fuentesfidedignas.com.mx\\\/wp-content\\\/uploads\\\/2026\\\/09\\\/img_6688.jpeg\",\"articleSection\":[\"NOTICIAS NACIONALES\"],\"inLanguage\":\"es\"},{\"@type\":\"WebPage\",\"@id\":\"https:\\\/\\\/fuentesfidedignas.com.mx\\\/index.php\\\/2026\\\/09\\\/04\\\/ataque-con-explosivos-en-ojocaliente-zacatecas-apunta-a-disputa-entre-cartel-de-sinaloa-y-cjng-harfuch\\\/\",\"url\":\"https:\\\/\\\/fuentesfidedignas.com.mx\\\/index.php\\\/2026\\\/09\\\/04\\\/ataque-con-explosivos-en-ojocaliente-zacatecas-apunta-a-disputa-entre-cartel-de-sinaloa-y-cjng-harfuch\\\/\",\"name\":\"Ataque con explosivos en Ojocaliente, Zacatecas, apunta a disputa entre c\u00e1rtel de Sinaloa y 'CJNG': Harfuch - Fuentes Fidedignas\",\"isPartOf\":{\"@id\":\"https:\\\/\\\/fuentesfidedignas.com.mx\\\/#website\"},\"primaryImageOfPage\":{\"@id\":\"https:\\\/\\\/fuentesfidedignas.com.mx\\\/index.php\\\/2026\\\/09\\\/04\\\/ataque-con-explosivos-en-ojocaliente-zacatecas-apunta-a-disputa-entre-cartel-de-sinaloa-y-cjng-harfuch\\\/#primaryimage\"},\"image\":{\"@id\":\"https:\\\/\\\/fuentesfidedignas.com.mx\\\/index.php\\\/2026\\\/09\\\/04\\\/ataque-con-explosivos-en-ojocaliente-zacatecas-apunta-a-disputa-entre-cartel-de-sinaloa-y-cjng-harfuch\\\/#primaryimage\"},\"thumbnailUrl\":\"https:\\\/\\\/fuentesfidedignas.com.mx\\\/wp-content\\\/uploads\\\/2026\\\/09\\\/img_6688.jpeg\",\"datePublished\":\"2026-09-04T15:07:11+00:00\",\"breadcrumb\":{\"@id\":\"https:\\\/\\\/fuentesfidedignas.com.mx\\\/index.php\\\/2026\\\/09\\\/04\\\/ataque-con-explosivos-en-ojocaliente-zacatecas-apunta-a-disputa-entre-cartel-de-sinaloa-y-cjng-harfuch\\\/#breadcrumb\"},\"inLanguage\":\"es\",\"potentialAction\":[{\"@type\":\"ReadAction\",\"target\":[\"https:\\\/\\\/fuentesfidedignas.com.mx\\\/index.php\\\/2026\\\/09\\\/04\\\/ataque-con-explosivos-en-ojocaliente-zacatecas-apunta-a-disputa-entre-cartel-de-sinaloa-y-cjng-harfuch\\\/\"]}]},{\"@type\":\"ImageObject\",\"inLanguage\":\"es\",\"@id\":\"https:\\\/\\\/fuentesfidedignas.com.mx\\\/index.php\\\/2026\\\/09\\\/04\\\/ataque-con-explosivos-en-ojocaliente-zacatecas-apunta-a-disputa-entre-cartel-de-sinaloa-y-cjng-harfuch\\\/#primaryimage\",\"url\":\"https:\\\/\\\/fuentesfidedignas.com.mx\\\/wp-content\\\/uploads\\\/2026\\\/09\\\/img_6688.jpeg\",\"contentUrl\":\"https:\\\/\\\/fuentesfidedignas.com.mx\\\/wp-content\\\/uploads\\\/2026\\\/09\\\/img_6688.jpeg\",\"width\":1200,\"height\":799},{\"@type\":\"BreadcrumbList\",\"@id\":\"https:\\\/\\\/fuentesfidedignas.com.mx\\\/index.php\\\/2026\\\/09\\\/04\\\/ataque-con-explosivos-en-ojocaliente-zacatecas-apunta-a-disputa-entre-cartel-de-sinaloa-y-cjng-harfuch\\\/#breadcrumb\",\"itemListElement\":[{\"@type\":\"ListItem\",\"position\":1,\"name\":\"Inicio\",\"item\":\"https:\\\/\\\/fuentesfidedignas.com.mx\\\/\"},{\"@type\":\"ListItem\",\"position\":2,\"name\":\"Ataque con explosivos en Ojocaliente, Zacatecas, apunta a disputa entre c\u00e1rtel de Sinaloa y &#8216;CJNG&#8217;: Harfuch\"}]},{\"@type\":\"WebSite\",\"@id\":\"https:\\\/\\\/fuentesfidedignas.com.mx\\\/#website\",\"url\":\"https:\\\/\\\/fuentesfidedignas.com.mx\\\/\",\"name\":\"Fuentes Fidedignas\",\"description\":\"Otro sitio realizado con WordPress\",\"publisher\":{\"@id\":\"https:\\\/\\\/fuentesfidedignas.com.mx\\\/#organization\"},\"potentialAction\":[{\"@type\":\"SearchAction\",\"target\":{\"@type\":\"EntryPoint\",\"urlTemplate\":\"https:\\\/\\\/fuentesfidedignas.com.mx\\\/?s={search_term_string}\"},\"query-input\":{\"@type\":\"PropertyValueSpecification\",\"valueRequired\":true,\"valueName\":\"search_term_string\"}}],\"inLanguage\":\"es\"},{\"@type\":\"Organization\",\"@id\":\"https:\\\/\\\/fuentesfidedignas.com.mx\\\/#organization\",\"name\":\"Fuentes Fidedignas\",\"url\":\"https:\\\/\\\/fuentesfidedignas.com.mx\\\/\",\"logo\":{\"@type\":\"ImageObject\",\"inLanguage\":\"es\",\"@id\":\"https:\\\/\\\/fuentesfidedignas.com.mx\\\/#\\\/schema\\\/logo\\\/image\\\/\",\"url\":\"https:\\\/\\\/fuentesfidedignas.com.mx\\\/wp-content\\\/uploads\\\/2021\\\/04\\\/logo-retina.png\",\"contentUrl\":\"https:\\\/\\\/fuentesfidedignas.com.mx\\\/wp-content\\\/uploads\\\/2021\\\/04\\\/logo-retina.png\",\"width\":280,\"height\":51,\"caption\":\"Fuentes Fidedignas\"},\"image\":{\"@id\":\"https:\\\/\\\/fuentesfidedignas.com.mx\\\/#\\\/schema\\\/logo\\\/image\\\/\"},\"sameAs\":[\"https:\\\/\\\/www.facebook.com\\\/Fuentes-Fidedignas-368234489921644\",\"https:\\\/\\\/x.com\\\/fidedignas\"]},{\"@type\":\"Person\",\"@id\":\"https:\\\/\\\/fuentesfidedignas.com.mx\\\/#\\\/schema\\\/person\\\/87eacee4072e149fccc7de67f9634f35\",\"name\":\"La Jornada\",\"image\":{\"@type\":\"ImageObject\",\"inLanguage\":\"es\",\"@id\":\"https:\\\/\\\/secure.gravatar.com\\\/avatar\\\/2b09f15a418e222775ffd645761e3fcecd1fb9d7a38a3ba858adf349aab82c7c?s=96&d=mm&r=g\",\"url\":\"https:\\\/\\\/secure.gravatar.com\\\/avatar\\\/2b09f15a418e222775ffd645761e3fcecd1fb9d7a38a3ba858adf349aab82c7c?s=96&d=mm&r=g\",\"contentUrl\":\"https:\\\/\\\/secure.gravatar.com\\\/avatar\\\/2b09f15a418e222775ffd645761e3fcecd1fb9d7a38a3ba858adf349aab82c7c?s=96&d=mm&r=g\",\"caption\":\"La Jornada\"},\"url\":\"https:\\\/\\\/fuentesfidedignas.com.mx\\\/index.php\\\/author\\\/jornada\\\/\"}]}<\/script>\n<!-- \/ Yoast SEO plugin. -->","yoast_head_json":{"title":"Ataque con explosivos en Ojocaliente, Zacatecas, apunta a disputa entre c\u00e1rtel de Sinaloa y 'CJNG': Harfuch - Fuentes Fidedignas","robots":{"index":"index","follow":"follow","max-snippet":"max-snippet:-1","max-image-preview":"max-image-preview:large","max-video-preview":"max-video-preview:-1"},"canonical":"https:\/\/fuentesfidedignas.com.mx\/index.php\/2026\/09\/04\/ataque-con-explosivos-en-ojocaliente-zacatecas-apunta-a-disputa-entre-cartel-de-sinaloa-y-cjng-harfuch\/","og_locale":"es_MX","og_type":"article","og_title":"Ataque con explosivos en Ojocaliente, Zacatecas, apunta a disputa entre c\u00e1rtel de Sinaloa y 'CJNG': Harfuch - Fuentes Fidedignas","og_description":"En el marco de la ma\u00f1anera de la presidenta Claudia Sheinbaum Pardo que se realiza en este municipio, el funcionario federal detall\u00f3 que hasta ahora han sido detenidos tres presuntos implicados en estos hechos, que se dieron la tarde-noche del domingo 30 de agosto y dejaron once personas lesionadas. Cuartoscuro. Guadalupe, Zacatecas.-&nbsp;El titular de la [&hellip;]","og_url":"https:\/\/fuentesfidedignas.com.mx\/index.php\/2026\/09\/04\/ataque-con-explosivos-en-ojocaliente-zacatecas-apunta-a-disputa-entre-cartel-de-sinaloa-y-cjng-harfuch\/","og_site_name":"Fuentes Fidedignas","article_publisher":"https:\/\/www.facebook.com\/Fuentes-Fidedignas-368234489921644","article_published_time":"2026-09-04T15:07:11+00:00","og_image":[{"width":1200,"height":799,"url":"https:\/\/fuentesfidedignas.com.mx\/wp-content\/uploads\/2026\/09\/img_6688.jpeg","type":"image\/jpeg"}],"author":"La Jornada","twitter_card":"summary_large_image","twitter_creator":"@fidedignas","twitter_site":"@fidedignas","twitter_misc":{"Escrito por":"La Jornada","Tiempo de lectura":"3 minutos"},"schema":{"@context":"https:\/\/schema.org","@graph":[{"@type":"Article","@id":"https:\/\/fuentesfidedignas.com.mx\/index.php\/2026\/09\/04\/ataque-con-explosivos-en-ojocaliente-zacatecas-apunta-a-disputa-entre-cartel-de-sinaloa-y-cjng-harfuch\/#article","isPartOf":{"@id":"https:\/\/fuentesfidedignas.com.mx\/index.php\/2026\/09\/04\/ataque-con-explosivos-en-ojocaliente-zacatecas-apunta-a-disputa-entre-cartel-de-sinaloa-y-cjng-harfuch\/"},"author":{"name":"La Jornada","@id":"https:\/\/fuentesfidedignas.com.mx\/#\/schema\/person\/87eacee4072e149fccc7de67f9634f35"},"headline":"Ataque con explosivos en Ojocaliente, Zacatecas, apunta a disputa entre c\u00e1rtel de Sinaloa y &#8216;CJNG&#8217;: Harfuch","datePublished":"2026-09-04T15:07:11+00:00","mainEntityOfPage":{"@id":"https:\/\/fuentesfidedignas.com.mx\/index.php\/2026\/09\/04\/ataque-con-explosivos-en-ojocaliente-zacatecas-apunta-a-disputa-entre-cartel-de-sinaloa-y-cjng-harfuch\/"},"wordCount":590,"publisher":{"@id":"https:\/\/fuentesfidedignas.com.mx\/#organization"},"image":{"@id":"https:\/\/fuentesfidedignas.com.mx\/index.php\/2026\/09\/04\/ataque-con-explosivos-en-ojocaliente-zacatecas-apunta-a-disputa-entre-cartel-de-sinaloa-y-cjng-harfuch\/#primaryimage"},"thumbnailUrl":"https:\/\/fuentesfidedignas.com.mx\/wp-content\/uploads\/2026\/09\/img_6688.jpeg","articleSection":["NOTICIAS NACIONALES"],"inLanguage":"es"},{"@type":"WebPage","@id":"https:\/\/fuentesfidedignas.com.mx\/index.php\/2026\/09\/04\/ataque-con-explosivos-en-ojocaliente-zacatecas-apunta-a-disputa-entre-cartel-de-sinaloa-y-cjng-harfuch\/","url":"https:\/\/fuentesfidedignas.com.mx\/index.php\/2026\/09\/04\/ataque-con-explosivos-en-ojocaliente-zacatecas-apunta-a-disputa-entre-cartel-de-sinaloa-y-cjng-harfuch\/","name":"Ataque con explosivos en Ojocaliente, Zacatecas, apunta a disputa entre c\u00e1rtel de Sinaloa y 'CJNG': Harfuch - Fuentes Fidedignas","isPartOf":{"@id":"https:\/\/fuentesfidedignas.com.mx\/#website"},"primaryImageOfPage":{"@id":"https:\/\/fuentesfidedignas.com.mx\/index.php\/2026\/09\/04\/ataque-con-explosivos-en-ojocaliente-zacatecas-apunta-a-disputa-entre-cartel-de-sinaloa-y-cjng-harfuch\/#primaryimage"},"image":{"@id":"https:\/\/fuentesfidedignas.com.mx\/index.php\/2026\/09\/04\/ataque-con-explosivos-en-ojocaliente-zacatecas-apunta-a-disputa-entre-cartel-de-sinaloa-y-cjng-harfuch\/#primaryimage"},"thumbnailUrl":"https:\/\/fuentesfidedignas.com.mx\/wp-content\/uploads\/2026\/09\/img_6688.jpeg","datePublished":"2026-09-04T15:07:11+00:00","breadcrumb":{"@id":"https:\/\/fuentesfidedignas.com.mx\/index.php\/2026\/09\/04\/ataque-con-explosivos-en-ojocaliente-zacatecas-apunta-a-disputa-entre-cartel-de-sinaloa-y-cjng-harfuch\/#breadcrumb"},"inLanguage":"es","potentialAction":[{"@type":"ReadAction","target":["https:\/\/fuentesfidedignas.com.mx\/index.php\/2026\/09\/04\/ataque-con-explosivos-en-ojocaliente-zacatecas-apunta-a-disputa-entre-cartel-de-sinaloa-y-cjng-harfuch\/"]}]},{"@type":"ImageObject","inLanguage":"es","@id":"https:\/\/fuentesfidedignas.com.mx\/index.php\/2026\/09\/04\/ataque-con-explosivos-en-ojocaliente-zacatecas-apunta-a-disputa-entre-cartel-de-sinaloa-y-cjng-harfuch\/#primaryimage","url":"https:\/\/fuentesfidedignas.com.mx\/wp-content\/uploads\/2026\/09\/img_6688.jpeg","contentUrl":"https:\/\/fuentesfidedignas.com.mx\/wp-content\/uploads\/2026\/09\/img_6688.jpeg","width":1200,"height":799},{"@type":"BreadcrumbList","@id":"https:\/\/fuentesfidedignas.com.mx\/index.php\/2026\/09\/04\/ataque-con-explosivos-en-ojocaliente-zacatecas-apunta-a-disputa-entre-cartel-de-sinaloa-y-cjng-harfuch\/#breadcrumb","itemListElement":[{"@type":"ListItem","position":1,"name":"Inicio","item":"https:\/\/fuentesfidedignas.com.mx\/"},{"@type":"ListItem","position":2,"name":"Ataque con explosivos en Ojocaliente, Zacatecas, apunta a disputa entre c\u00e1rtel de Sinaloa y &#8216;CJNG&#8217;: Harfuch"}]},{"@type":"WebSite","@id":"https:\/\/fuentesfidedignas.com.mx\/#website","url":"https:\/\/fuentesfidedignas.com.mx\/","name":"Fuentes Fidedignas","description":"Otro sitio realizado con WordPress","publisher":{"@id":"https:\/\/fuentesfidedignas.com.mx\/#organization"},"potentialAction":[{"@type":"SearchAction","target":{"@type":"EntryPoint","urlTemplate":"https:\/\/fuentesfidedignas.com.mx\/?s={search_term_string}"},"query-input":{"@type":"PropertyValueSpecification","valueRequired":true,"valueName":"search_term_string"}}],"inLanguage":"es"},{"@type":"Organization","@id":"https:\/\/fuentesfidedignas.com.mx\/#organization","name":"Fuentes Fidedignas","url":"https:\/\/fuentesfidedignas.com.mx\/","logo":{"@type":"ImageObject","inLanguage":"es","@id":"https:\/\/fuentesfidedignas.com.mx\/#\/schema\/logo\/image\/","url":"https:\/\/fuentesfidedignas.com.mx\/wp-content\/uploads\/2021\/04\/logo-retina.png","contentUrl":"https:\/\/fuentesfidedignas.com.mx\/wp-content\/uploads\/2021\/04\/logo-retina.png","width":280,"height":51,"caption":"Fuentes Fidedignas"},"image":{"@id":"https:\/\/fuentesfidedignas.com.mx\/#\/schema\/logo\/image\/"},"sameAs":["https:\/\/www.facebook.com\/Fuentes-Fidedignas-368234489921644","https:\/\/x.com\/fidedignas"]},{"@type":"Person","@id":"https:\/\/fuentesfidedignas.com.mx\/#\/schema\/person\/87eacee4072e149fccc7de67f9634f35","name":"La Jornada","image":{"@type":"ImageObject","inLanguage":"es","@id":"https:\/\/secure.gravatar.com\/avatar\/2b09f15a418e222775ffd645761e3fcecd1fb9d7a38a3ba858adf349aab82c7c?s=96&d=mm&r=g","url":"https:\/\/secure.gravatar.com\/avatar\/2b09f15a418e222775ffd645761e3fcecd1fb9d7a38a3ba858adf349aab82c7c?s=96&d=mm&r=g","contentUrl":"https:\/\/secure.gravatar.com\/avatar\/2b09f15a418e222775ffd645761e3fcecd1fb9d7a38a3ba858adf349aab82c7c?s=96&d=mm&r=g","caption":"La Jornada"},"url":"https:\/\/fuentesfidedignas.com.mx\/index.php\/author\/jornada\/"}]}},"_links":{"self":[{"href":"https:\/\/fuentesfidedignas.com.mx\/index.php\/wp-json\/wp\/v2\/posts\/141629","targetHints":{"allow":["GET"]}}],"collection":[{"href":"https:\/\/fuentesfidedignas.com.mx\/index.php\/wp-json\/wp\/v2\/posts"}],"about":[{"href":"https:\/\/fuentesfidedignas.com.mx\/index.php\/wp-json\/wp\/v2\/types\/post"}],"author":[{"embeddable":true,"href":"https:\/\/fuentesfidedignas.com.mx\/index.php\/wp-json\/wp\/v2\/users\/45"}],"replies":[{"embeddable":true,"href":"https:\/\/fuentesfidedignas.com.mx\/index.php\/wp-json\/wp\/v2\/comments?post=141629"}],"version-history":[{"count":1,"href":"https:\/\/fuentesfidedignas.com.mx\/index.php\/wp-json\/wp\/v2\/posts\/141629\/revisions"}],"predecessor-version":[{"id":141630,"href":"https:\/\/fuentesfidedignas.com.mx\/index.php\/wp-json\/wp\/v2\/posts\/141629\/revisions\/141630"}],"wp:featuredmedia":[{"embeddable":true,"href":"https:\/\/fuentesfidedignas.com.mx\/index.php\/wp-json\/wp\/v2\/media\/141628"}],"wp:attachment":[{"href":"https:\/\/fuentesfidedignas.com.mx\/index.php\/wp-json\/wp\/v2\/media?parent=141629"}],"wp:term":[{"taxonomy":"category","embeddable":true,"href":"https:\/\/fuentesfidedignas.com.mx\/index.php\/wp-json\/wp\/v2\/categories?post=141629"},{"taxonomy":"post_tag","embeddable":true,"href":"https:\/\/fuentesfidedignas.com.mx\/index.php\/wp-json\/wp\/v2\/tags?post=141629"}],"curies":[{"name":"wp","href":"https:\/\/api.w.org\/{rel}","templated":true}]}}