{"id":141626,"date":"2026-09-05T01:00:00","date_gmt":"2026-09-05T08:00:00","guid":{"rendered":"https:\/\/fuentesfidedignas.com.mx\/?p=141626"},"modified":"2026-09-04T09:18:00","modified_gmt":"2026-09-04T16:18:00","slug":"nino-fan-de-michael-jackson-conoce-a-un-imitador-en-su-fiesta-y-su-reaccion-dejo-sorprendidos-a-todos-video","status":"publish","type":"post","link":"https:\/\/fuentesfidedignas.com.mx\/index.php\/2026\/09\/05\/nino-fan-de-michael-jackson-conoce-a-un-imitador-en-su-fiesta-y-su-reaccion-dejo-sorprendidos-a-todos-video\/","title":{"rendered":"Ni\u00f1o fan de Michael Jackson conoce a un imitador en su fiesta y su reacci\u00f3n dej\u00f3 sorprendidos a todos | VIDEO"},"content":{"rendered":"\n<p class=\"wp-block-paragraph\">La publicaci\u00f3n cuenta con 11 mil interacciones y decenas de comentarios donde los usuarios hablan de la actuaci\u00f3n del menor de edad.<\/p>\n\n\n\n<p class=\"wp-block-paragraph\">Un&nbsp;<strong>menor de edad&nbsp;<\/strong>se volvi\u00f3&nbsp;<strong>viral<\/strong>&nbsp;en las&nbsp;<strong>redes sociales&nbsp;<\/strong>luego de que&nbsp;<strong>conociera a un imitador de Michael Jackson<\/strong>,&nbsp;<strong>su mayor \u00eddolo<\/strong>, durante su&nbsp;<strong>fiesta de cumplea\u00f1os<\/strong>. Y es que su&nbsp;<strong>reacci\u00f3n al ver al&nbsp;supuesto &#8220;Rey del Pop&#8221; dej\u00f3 impactados a todos los presentes en la celebraci\u00f3n<\/strong>&nbsp;y a los usuarios que vieron el video en internet.<\/p>\n\n\n\n<p class=\"wp-block-paragraph\">La grabaci\u00f3n de casi un minuto comienza con&nbsp;<strong>el imitador de Jackson escondido&nbsp;<\/strong>detr\u00e1s de una puerta de cristal&nbsp;y unos segundos despu\u00e9s&nbsp;<strong>entra de un salto<\/strong>coloc\u00e1ndose frente al festejado y todos los invitados que comienzan a gritar emocionados. Es ah\u00ed cuando&nbsp;<strong>la c\u00e1mara enfoca al peque\u00f1o&nbsp;<\/strong>que est\u00e1 en los brazos de su padre y se ve su&nbsp;<strong>rostro&nbsp;completamente sorprendido<\/strong>.<\/p>\n\n\n\n<p class=\"wp-block-paragraph\">Acto seguido,&nbsp;<strong>el ni\u00f1ode tan solo 3 a\u00f1os de edadcoloca una&nbsp;mano en su cabeza y se baja de los brazos de su pap\u00e1<\/strong>, quien lo mira muy contento, y&nbsp;<strong>se pone a bailar como un verdadero Rey del Pop<\/strong>, rob\u00e1ndose el show y dejando impresionados a todos con&nbsp;sus pasos.<\/p>\n\n\n\n<p class=\"wp-block-paragraph\">Con&nbsp;<strong>movimientos de hombros, pies y manos<\/strong>, el peque\u00f1o&nbsp;<strong>lo dio todo y bail\u00f3 como un profesional junto a su \u00eddolo<\/strong>, tratando de<strong>&nbsp;seguirle el ritmo&nbsp;<\/strong>e<strong>&nbsp;intentando hacer el famoso moonwalk&nbsp;<\/strong>en medio de&nbsp;<strong>aplausos<\/strong>&nbsp;y&nbsp;<strong>porras<\/strong>&nbsp;de todos los invitados.<\/p>\n\n\n\n<p class=\"wp-block-paragraph\">La publicaci\u00f3n cuenta con&nbsp;<strong>11 mil interacciones<\/strong>&nbsp;y decenas de comentarios donde los usuarios elogian al menor de edad con comentarios como &#8220;Michael seguir\u00e1 teniendo fans por siglos&#8221;, &#8220;Ese ni\u00f1o entendi\u00f3 toda la vibra&#8221;, &#8220;Qu\u00e9 buen gusto tiene el ni\u00f1o&#8221;, &#8220;Am\u00e9 al mini Michael Jackson&#8221;, &#8220;Qu\u00e9 incre\u00edble momento&#8221;.<\/p>\n\n\n\n<figure class=\"wp-block-embed is-type-rich is-provider-x wp-block-embed-x\"><div class=\"wp-block-embed__wrapper\">\n<blockquote class=\"twitter-tweet\" data-width=\"550\" data-dnt=\"true\"><p lang=\"es\" dir=\"ltr\">Era su cumplea\u00f1os y es muy fan de Michael Jackson, as\u00ed que su familia decidi\u00f3 darle una sorpresa muy especial. <a href=\"https:\/\/t.co\/LP4WGN4pbf\">pic.twitter.com\/LP4WGN4pbf<\/a><\/p>&mdash; ceciarmy (@ceciarmy) <a href=\"https:\/\/x.com\/ceciarmy\/status\/2095534206038196366?ref_src=twsrc%5Etfw\">September 3, 2026<\/a><\/blockquote><script async src=\"https:\/\/platform.x.com\/widgets.js\" charset=\"utf-8\"><\/script>\n<\/div><\/figure>\n\n\n\n<p class=\"wp-block-paragraph\"><\/p>\n","protected":false},"excerpt":{"rendered":"<p>La publicaci\u00f3n cuenta con 11 mil interacciones y decenas de comentarios donde los usuarios hablan de la actuaci\u00f3n del menor de edad. Un&nbsp;menor de edad&nbsp;se volvi\u00f3&nbsp;viral&nbsp;en las&nbsp;redes sociales&nbsp;luego de que&nbsp;conociera a un imitador de Michael Jackson,&nbsp;su mayor \u00eddolo, durante su&nbsp;fiesta de cumplea\u00f1os. Y es que su&nbsp;reacci\u00f3n al ver al&nbsp;supuesto &#8220;Rey del Pop&#8221; dej\u00f3 impactados a [&hellip;]<\/p>\n","protected":false},"author":37,"featured_media":141625,"comment_status":"closed","ping_status":"open","sticky":false,"template":"","format":"standard","meta":{"tdm_status":"","tdm_grid_status":"","footnotes":""},"categories":[40],"tags":[],"class_list":["post-141626","post","type-post","status-publish","format-standard","has-post-thumbnail","category-las-asombrosas"],"yoast_head":"<!-- This site is optimized with the Yoast SEO plugin v28.4 - https:\/\/yoast.com\/product\/yoast-seo-wordpress\/ -->\n<title>Ni\u00f1o fan de Michael Jackson conoce a un imitador en su fiesta y su reacci\u00f3n dej\u00f3 sorprendidos a todos | VIDEO - Fuentes Fidedignas<\/title>\n<meta name=\"robots\" content=\"index, follow, max-snippet:-1, max-image-preview:large, max-video-preview:-1\" \/>\n<link rel=\"canonical\" href=\"https:\/\/fuentesfidedignas.com.mx\/index.php\/2026\/09\/05\/nino-fan-de-michael-jackson-conoce-a-un-imitador-en-su-fiesta-y-su-reaccion-dejo-sorprendidos-a-todos-video\/\" \/>\n<meta property=\"og:locale\" content=\"es_MX\" \/>\n<meta property=\"og:type\" content=\"article\" \/>\n<meta property=\"og:title\" content=\"Ni\u00f1o fan de Michael Jackson conoce a un imitador en su fiesta y su reacci\u00f3n dej\u00f3 sorprendidos a todos | VIDEO - Fuentes Fidedignas\" \/>\n<meta property=\"og:description\" content=\"La publicaci\u00f3n cuenta con 11 mil interacciones y decenas de comentarios donde los usuarios hablan de la actuaci\u00f3n del menor de edad. Un&nbsp;menor de edad&nbsp;se volvi\u00f3&nbsp;viral&nbsp;en las&nbsp;redes sociales&nbsp;luego de que&nbsp;conociera a un imitador de Michael Jackson,&nbsp;su mayor \u00eddolo, durante su&nbsp;fiesta de cumplea\u00f1os. Y es que su&nbsp;reacci\u00f3n al ver al&nbsp;supuesto &#8220;Rey del Pop&#8221; dej\u00f3 impactados a [&hellip;]\" \/>\n<meta property=\"og:url\" content=\"https:\/\/fuentesfidedignas.com.mx\/index.php\/2026\/09\/05\/nino-fan-de-michael-jackson-conoce-a-un-imitador-en-su-fiesta-y-su-reaccion-dejo-sorprendidos-a-todos-video\/\" \/>\n<meta property=\"og:site_name\" content=\"Fuentes Fidedignas\" \/>\n<meta property=\"article:publisher\" content=\"https:\/\/www.facebook.com\/Fuentes-Fidedignas-368234489921644\" \/>\n<meta property=\"article:published_time\" content=\"2026-09-05T08:00:00+00:00\" \/>\n<meta property=\"og:image\" content=\"https:\/\/fuentesfidedignas.com.mx\/wp-content\/uploads\/2026\/09\/img_6687.jpeg\" \/>\n\t<meta property=\"og:image:width\" content=\"414\" \/>\n\t<meta property=\"og:image:height\" content=\"232\" \/>\n\t<meta property=\"og:image:type\" content=\"image\/jpeg\" \/>\n<meta name=\"author\" content=\"Heraldo de M\u00e9xico\" \/>\n<meta name=\"twitter:card\" content=\"summary_large_image\" \/>\n<meta name=\"twitter:creator\" content=\"@fidedignas\" \/>\n<meta name=\"twitter:site\" content=\"@fidedignas\" \/>\n<meta name=\"twitter:label1\" content=\"Escrito por\" \/>\n\t<meta name=\"twitter:data1\" content=\"Heraldo de M\u00e9xico\" \/>\n\t<meta name=\"twitter:label2\" content=\"Tiempo de lectura\" \/>\n\t<meta name=\"twitter:data2\" content=\"2 minutos\" \/>\n<script type=\"application\/ld+json\" class=\"yoast-schema-graph\">{\"@context\":\"https:\\\/\\\/schema.org\",\"@graph\":[{\"@type\":\"Article\",\"@id\":\"https:\\\/\\\/fuentesfidedignas.com.mx\\\/index.php\\\/2026\\\/09\\\/05\\\/nino-fan-de-michael-jackson-conoce-a-un-imitador-en-su-fiesta-y-su-reaccion-dejo-sorprendidos-a-todos-video\\\/#article\",\"isPartOf\":{\"@id\":\"https:\\\/\\\/fuentesfidedignas.com.mx\\\/index.php\\\/2026\\\/09\\\/05\\\/nino-fan-de-michael-jackson-conoce-a-un-imitador-en-su-fiesta-y-su-reaccion-dejo-sorprendidos-a-todos-video\\\/\"},\"author\":{\"name\":\"Heraldo de M\u00e9xico\",\"@id\":\"https:\\\/\\\/fuentesfidedignas.com.mx\\\/#\\\/schema\\\/person\\\/1c75a595e538894333ebe35c2bf6e23a\"},\"headline\":\"Ni\u00f1o fan de Michael Jackson conoce a un imitador en su fiesta y su reacci\u00f3n dej\u00f3 sorprendidos a todos | VIDEO\",\"datePublished\":\"2026-09-05T08:00:00+00:00\",\"mainEntityOfPage\":{\"@id\":\"https:\\\/\\\/fuentesfidedignas.com.mx\\\/index.php\\\/2026\\\/09\\\/05\\\/nino-fan-de-michael-jackson-conoce-a-un-imitador-en-su-fiesta-y-su-reaccion-dejo-sorprendidos-a-todos-video\\\/\"},\"wordCount\":364,\"publisher\":{\"@id\":\"https:\\\/\\\/fuentesfidedignas.com.mx\\\/#organization\"},\"image\":{\"@id\":\"https:\\\/\\\/fuentesfidedignas.com.mx\\\/index.php\\\/2026\\\/09\\\/05\\\/nino-fan-de-michael-jackson-conoce-a-un-imitador-en-su-fiesta-y-su-reaccion-dejo-sorprendidos-a-todos-video\\\/#primaryimage\"},\"thumbnailUrl\":\"https:\\\/\\\/fuentesfidedignas.com.mx\\\/wp-content\\\/uploads\\\/2026\\\/09\\\/img_6687.jpeg\",\"articleSection\":[\"LAS ASOMBROSAS\"],\"inLanguage\":\"es\"},{\"@type\":\"WebPage\",\"@id\":\"https:\\\/\\\/fuentesfidedignas.com.mx\\\/index.php\\\/2026\\\/09\\\/05\\\/nino-fan-de-michael-jackson-conoce-a-un-imitador-en-su-fiesta-y-su-reaccion-dejo-sorprendidos-a-todos-video\\\/\",\"url\":\"https:\\\/\\\/fuentesfidedignas.com.mx\\\/index.php\\\/2026\\\/09\\\/05\\\/nino-fan-de-michael-jackson-conoce-a-un-imitador-en-su-fiesta-y-su-reaccion-dejo-sorprendidos-a-todos-video\\\/\",\"name\":\"Ni\u00f1o fan de Michael Jackson conoce a un imitador en su fiesta y su reacci\u00f3n dej\u00f3 sorprendidos a todos | VIDEO - Fuentes Fidedignas\",\"isPartOf\":{\"@id\":\"https:\\\/\\\/fuentesfidedignas.com.mx\\\/#website\"},\"primaryImageOfPage\":{\"@id\":\"https:\\\/\\\/fuentesfidedignas.com.mx\\\/index.php\\\/2026\\\/09\\\/05\\\/nino-fan-de-michael-jackson-conoce-a-un-imitador-en-su-fiesta-y-su-reaccion-dejo-sorprendidos-a-todos-video\\\/#primaryimage\"},\"image\":{\"@id\":\"https:\\\/\\\/fuentesfidedignas.com.mx\\\/index.php\\\/2026\\\/09\\\/05\\\/nino-fan-de-michael-jackson-conoce-a-un-imitador-en-su-fiesta-y-su-reaccion-dejo-sorprendidos-a-todos-video\\\/#primaryimage\"},\"thumbnailUrl\":\"https:\\\/\\\/fuentesfidedignas.com.mx\\\/wp-content\\\/uploads\\\/2026\\\/09\\\/img_6687.jpeg\",\"datePublished\":\"2026-09-05T08:00:00+00:00\",\"breadcrumb\":{\"@id\":\"https:\\\/\\\/fuentesfidedignas.com.mx\\\/index.php\\\/2026\\\/09\\\/05\\\/nino-fan-de-michael-jackson-conoce-a-un-imitador-en-su-fiesta-y-su-reaccion-dejo-sorprendidos-a-todos-video\\\/#breadcrumb\"},\"inLanguage\":\"es\",\"potentialAction\":[{\"@type\":\"ReadAction\",\"target\":[\"https:\\\/\\\/fuentesfidedignas.com.mx\\\/index.php\\\/2026\\\/09\\\/05\\\/nino-fan-de-michael-jackson-conoce-a-un-imitador-en-su-fiesta-y-su-reaccion-dejo-sorprendidos-a-todos-video\\\/\"]}]},{\"@type\":\"ImageObject\",\"inLanguage\":\"es\",\"@id\":\"https:\\\/\\\/fuentesfidedignas.com.mx\\\/index.php\\\/2026\\\/09\\\/05\\\/nino-fan-de-michael-jackson-conoce-a-un-imitador-en-su-fiesta-y-su-reaccion-dejo-sorprendidos-a-todos-video\\\/#primaryimage\",\"url\":\"https:\\\/\\\/fuentesfidedignas.com.mx\\\/wp-content\\\/uploads\\\/2026\\\/09\\\/img_6687.jpeg\",\"contentUrl\":\"https:\\\/\\\/fuentesfidedignas.com.mx\\\/wp-content\\\/uploads\\\/2026\\\/09\\\/img_6687.jpeg\",\"width\":414,\"height\":232},{\"@type\":\"BreadcrumbList\",\"@id\":\"https:\\\/\\\/fuentesfidedignas.com.mx\\\/index.php\\\/2026\\\/09\\\/05\\\/nino-fan-de-michael-jackson-conoce-a-un-imitador-en-su-fiesta-y-su-reaccion-dejo-sorprendidos-a-todos-video\\\/#breadcrumb\",\"itemListElement\":[{\"@type\":\"ListItem\",\"position\":1,\"name\":\"Inicio\",\"item\":\"https:\\\/\\\/fuentesfidedignas.com.mx\\\/\"},{\"@type\":\"ListItem\",\"position\":2,\"name\":\"Ni\u00f1o fan de Michael Jackson conoce a un imitador en su fiesta y su reacci\u00f3n dej\u00f3 sorprendidos a todos | VIDEO\"}]},{\"@type\":\"WebSite\",\"@id\":\"https:\\\/\\\/fuentesfidedignas.com.mx\\\/#website\",\"url\":\"https:\\\/\\\/fuentesfidedignas.com.mx\\\/\",\"name\":\"Fuentes Fidedignas\",\"description\":\"Otro sitio realizado con WordPress\",\"publisher\":{\"@id\":\"https:\\\/\\\/fuentesfidedignas.com.mx\\\/#organization\"},\"potentialAction\":[{\"@type\":\"SearchAction\",\"target\":{\"@type\":\"EntryPoint\",\"urlTemplate\":\"https:\\\/\\\/fuentesfidedignas.com.mx\\\/?s={search_term_string}\"},\"query-input\":{\"@type\":\"PropertyValueSpecification\",\"valueRequired\":true,\"valueName\":\"search_term_string\"}}],\"inLanguage\":\"es\"},{\"@type\":\"Organization\",\"@id\":\"https:\\\/\\\/fuentesfidedignas.com.mx\\\/#organization\",\"name\":\"Fuentes Fidedignas\",\"url\":\"https:\\\/\\\/fuentesfidedignas.com.mx\\\/\",\"logo\":{\"@type\":\"ImageObject\",\"inLanguage\":\"es\",\"@id\":\"https:\\\/\\\/fuentesfidedignas.com.mx\\\/#\\\/schema\\\/logo\\\/image\\\/\",\"url\":\"https:\\\/\\\/fuentesfidedignas.com.mx\\\/wp-content\\\/uploads\\\/2021\\\/04\\\/logo-retina.png\",\"contentUrl\":\"https:\\\/\\\/fuentesfidedignas.com.mx\\\/wp-content\\\/uploads\\\/2021\\\/04\\\/logo-retina.png\",\"width\":280,\"height\":51,\"caption\":\"Fuentes Fidedignas\"},\"image\":{\"@id\":\"https:\\\/\\\/fuentesfidedignas.com.mx\\\/#\\\/schema\\\/logo\\\/image\\\/\"},\"sameAs\":[\"https:\\\/\\\/www.facebook.com\\\/Fuentes-Fidedignas-368234489921644\",\"https:\\\/\\\/x.com\\\/fidedignas\"]},{\"@type\":\"Person\",\"@id\":\"https:\\\/\\\/fuentesfidedignas.com.mx\\\/#\\\/schema\\\/person\\\/1c75a595e538894333ebe35c2bf6e23a\",\"name\":\"Heraldo de M\u00e9xico\",\"image\":{\"@type\":\"ImageObject\",\"inLanguage\":\"es\",\"@id\":\"https:\\\/\\\/secure.gravatar.com\\\/avatar\\\/6a6c40de68e5cf2d8aac15267bd2dad2b9fdeb309dac7c5a7c2bb87ed5b81cb6?s=96&d=mm&r=g\",\"url\":\"https:\\\/\\\/secure.gravatar.com\\\/avatar\\\/6a6c40de68e5cf2d8aac15267bd2dad2b9fdeb309dac7c5a7c2bb87ed5b81cb6?s=96&d=mm&r=g\",\"contentUrl\":\"https:\\\/\\\/secure.gravatar.com\\\/avatar\\\/6a6c40de68e5cf2d8aac15267bd2dad2b9fdeb309dac7c5a7c2bb87ed5b81cb6?s=96&d=mm&r=g\",\"caption\":\"Heraldo de M\u00e9xico\"},\"url\":\"https:\\\/\\\/fuentesfidedignas.com.mx\\\/index.php\\\/author\\\/heraldo\\\/\"}]}<\/script>\n<!-- \/ Yoast SEO plugin. -->","yoast_head_json":{"title":"Ni\u00f1o fan de Michael Jackson conoce a un imitador en su fiesta y su reacci\u00f3n dej\u00f3 sorprendidos a todos | VIDEO - Fuentes Fidedignas","robots":{"index":"index","follow":"follow","max-snippet":"max-snippet:-1","max-image-preview":"max-image-preview:large","max-video-preview":"max-video-preview:-1"},"canonical":"https:\/\/fuentesfidedignas.com.mx\/index.php\/2026\/09\/05\/nino-fan-de-michael-jackson-conoce-a-un-imitador-en-su-fiesta-y-su-reaccion-dejo-sorprendidos-a-todos-video\/","og_locale":"es_MX","og_type":"article","og_title":"Ni\u00f1o fan de Michael Jackson conoce a un imitador en su fiesta y su reacci\u00f3n dej\u00f3 sorprendidos a todos | VIDEO - Fuentes Fidedignas","og_description":"La publicaci\u00f3n cuenta con 11 mil interacciones y decenas de comentarios donde los usuarios hablan de la actuaci\u00f3n del menor de edad. Un&nbsp;menor de edad&nbsp;se volvi\u00f3&nbsp;viral&nbsp;en las&nbsp;redes sociales&nbsp;luego de que&nbsp;conociera a un imitador de Michael Jackson,&nbsp;su mayor \u00eddolo, durante su&nbsp;fiesta de cumplea\u00f1os. Y es que su&nbsp;reacci\u00f3n al ver al&nbsp;supuesto &#8220;Rey del Pop&#8221; dej\u00f3 impactados a [&hellip;]","og_url":"https:\/\/fuentesfidedignas.com.mx\/index.php\/2026\/09\/05\/nino-fan-de-michael-jackson-conoce-a-un-imitador-en-su-fiesta-y-su-reaccion-dejo-sorprendidos-a-todos-video\/","og_site_name":"Fuentes Fidedignas","article_publisher":"https:\/\/www.facebook.com\/Fuentes-Fidedignas-368234489921644","article_published_time":"2026-09-05T08:00:00+00:00","og_image":[{"width":414,"height":232,"url":"https:\/\/fuentesfidedignas.com.mx\/wp-content\/uploads\/2026\/09\/img_6687.jpeg","type":"image\/jpeg"}],"author":"Heraldo de M\u00e9xico","twitter_card":"summary_large_image","twitter_creator":"@fidedignas","twitter_site":"@fidedignas","twitter_misc":{"Escrito por":"Heraldo de M\u00e9xico","Tiempo de lectura":"2 minutos"},"schema":{"@context":"https:\/\/schema.org","@graph":[{"@type":"Article","@id":"https:\/\/fuentesfidedignas.com.mx\/index.php\/2026\/09\/05\/nino-fan-de-michael-jackson-conoce-a-un-imitador-en-su-fiesta-y-su-reaccion-dejo-sorprendidos-a-todos-video\/#article","isPartOf":{"@id":"https:\/\/fuentesfidedignas.com.mx\/index.php\/2026\/09\/05\/nino-fan-de-michael-jackson-conoce-a-un-imitador-en-su-fiesta-y-su-reaccion-dejo-sorprendidos-a-todos-video\/"},"author":{"name":"Heraldo de M\u00e9xico","@id":"https:\/\/fuentesfidedignas.com.mx\/#\/schema\/person\/1c75a595e538894333ebe35c2bf6e23a"},"headline":"Ni\u00f1o fan de Michael Jackson conoce a un imitador en su fiesta y su reacci\u00f3n dej\u00f3 sorprendidos a todos | VIDEO","datePublished":"2026-09-05T08:00:00+00:00","mainEntityOfPage":{"@id":"https:\/\/fuentesfidedignas.com.mx\/index.php\/2026\/09\/05\/nino-fan-de-michael-jackson-conoce-a-un-imitador-en-su-fiesta-y-su-reaccion-dejo-sorprendidos-a-todos-video\/"},"wordCount":364,"publisher":{"@id":"https:\/\/fuentesfidedignas.com.mx\/#organization"},"image":{"@id":"https:\/\/fuentesfidedignas.com.mx\/index.php\/2026\/09\/05\/nino-fan-de-michael-jackson-conoce-a-un-imitador-en-su-fiesta-y-su-reaccion-dejo-sorprendidos-a-todos-video\/#primaryimage"},"thumbnailUrl":"https:\/\/fuentesfidedignas.com.mx\/wp-content\/uploads\/2026\/09\/img_6687.jpeg","articleSection":["LAS ASOMBROSAS"],"inLanguage":"es"},{"@type":"WebPage","@id":"https:\/\/fuentesfidedignas.com.mx\/index.php\/2026\/09\/05\/nino-fan-de-michael-jackson-conoce-a-un-imitador-en-su-fiesta-y-su-reaccion-dejo-sorprendidos-a-todos-video\/","url":"https:\/\/fuentesfidedignas.com.mx\/index.php\/2026\/09\/05\/nino-fan-de-michael-jackson-conoce-a-un-imitador-en-su-fiesta-y-su-reaccion-dejo-sorprendidos-a-todos-video\/","name":"Ni\u00f1o fan de Michael Jackson conoce a un imitador en su fiesta y su reacci\u00f3n dej\u00f3 sorprendidos a todos | VIDEO - Fuentes Fidedignas","isPartOf":{"@id":"https:\/\/fuentesfidedignas.com.mx\/#website"},"primaryImageOfPage":{"@id":"https:\/\/fuentesfidedignas.com.mx\/index.php\/2026\/09\/05\/nino-fan-de-michael-jackson-conoce-a-un-imitador-en-su-fiesta-y-su-reaccion-dejo-sorprendidos-a-todos-video\/#primaryimage"},"image":{"@id":"https:\/\/fuentesfidedignas.com.mx\/index.php\/2026\/09\/05\/nino-fan-de-michael-jackson-conoce-a-un-imitador-en-su-fiesta-y-su-reaccion-dejo-sorprendidos-a-todos-video\/#primaryimage"},"thumbnailUrl":"https:\/\/fuentesfidedignas.com.mx\/wp-content\/uploads\/2026\/09\/img_6687.jpeg","datePublished":"2026-09-05T08:00:00+00:00","breadcrumb":{"@id":"https:\/\/fuentesfidedignas.com.mx\/index.php\/2026\/09\/05\/nino-fan-de-michael-jackson-conoce-a-un-imitador-en-su-fiesta-y-su-reaccion-dejo-sorprendidos-a-todos-video\/#breadcrumb"},"inLanguage":"es","potentialAction":[{"@type":"ReadAction","target":["https:\/\/fuentesfidedignas.com.mx\/index.php\/2026\/09\/05\/nino-fan-de-michael-jackson-conoce-a-un-imitador-en-su-fiesta-y-su-reaccion-dejo-sorprendidos-a-todos-video\/"]}]},{"@type":"ImageObject","inLanguage":"es","@id":"https:\/\/fuentesfidedignas.com.mx\/index.php\/2026\/09\/05\/nino-fan-de-michael-jackson-conoce-a-un-imitador-en-su-fiesta-y-su-reaccion-dejo-sorprendidos-a-todos-video\/#primaryimage","url":"https:\/\/fuentesfidedignas.com.mx\/wp-content\/uploads\/2026\/09\/img_6687.jpeg","contentUrl":"https:\/\/fuentesfidedignas.com.mx\/wp-content\/uploads\/2026\/09\/img_6687.jpeg","width":414,"height":232},{"@type":"BreadcrumbList","@id":"https:\/\/fuentesfidedignas.com.mx\/index.php\/2026\/09\/05\/nino-fan-de-michael-jackson-conoce-a-un-imitador-en-su-fiesta-y-su-reaccion-dejo-sorprendidos-a-todos-video\/#breadcrumb","itemListElement":[{"@type":"ListItem","position":1,"name":"Inicio","item":"https:\/\/fuentesfidedignas.com.mx\/"},{"@type":"ListItem","position":2,"name":"Ni\u00f1o fan de Michael Jackson conoce a un imitador en su fiesta y su reacci\u00f3n dej\u00f3 sorprendidos a todos | VIDEO"}]},{"@type":"WebSite","@id":"https:\/\/fuentesfidedignas.com.mx\/#website","url":"https:\/\/fuentesfidedignas.com.mx\/","name":"Fuentes Fidedignas","description":"Otro sitio realizado con WordPress","publisher":{"@id":"https:\/\/fuentesfidedignas.com.mx\/#organization"},"potentialAction":[{"@type":"SearchAction","target":{"@type":"EntryPoint","urlTemplate":"https:\/\/fuentesfidedignas.com.mx\/?s={search_term_string}"},"query-input":{"@type":"PropertyValueSpecification","valueRequired":true,"valueName":"search_term_string"}}],"inLanguage":"es"},{"@type":"Organization","@id":"https:\/\/fuentesfidedignas.com.mx\/#organization","name":"Fuentes Fidedignas","url":"https:\/\/fuentesfidedignas.com.mx\/","logo":{"@type":"ImageObject","inLanguage":"es","@id":"https:\/\/fuentesfidedignas.com.mx\/#\/schema\/logo\/image\/","url":"https:\/\/fuentesfidedignas.com.mx\/wp-content\/uploads\/2021\/04\/logo-retina.png","contentUrl":"https:\/\/fuentesfidedignas.com.mx\/wp-content\/uploads\/2021\/04\/logo-retina.png","width":280,"height":51,"caption":"Fuentes Fidedignas"},"image":{"@id":"https:\/\/fuentesfidedignas.com.mx\/#\/schema\/logo\/image\/"},"sameAs":["https:\/\/www.facebook.com\/Fuentes-Fidedignas-368234489921644","https:\/\/x.com\/fidedignas"]},{"@type":"Person","@id":"https:\/\/fuentesfidedignas.com.mx\/#\/schema\/person\/1c75a595e538894333ebe35c2bf6e23a","name":"Heraldo de M\u00e9xico","image":{"@type":"ImageObject","inLanguage":"es","@id":"https:\/\/secure.gravatar.com\/avatar\/6a6c40de68e5cf2d8aac15267bd2dad2b9fdeb309dac7c5a7c2bb87ed5b81cb6?s=96&d=mm&r=g","url":"https:\/\/secure.gravatar.com\/avatar\/6a6c40de68e5cf2d8aac15267bd2dad2b9fdeb309dac7c5a7c2bb87ed5b81cb6?s=96&d=mm&r=g","contentUrl":"https:\/\/secure.gravatar.com\/avatar\/6a6c40de68e5cf2d8aac15267bd2dad2b9fdeb309dac7c5a7c2bb87ed5b81cb6?s=96&d=mm&r=g","caption":"Heraldo de M\u00e9xico"},"url":"https:\/\/fuentesfidedignas.com.mx\/index.php\/author\/heraldo\/"}]}},"_links":{"self":[{"href":"https:\/\/fuentesfidedignas.com.mx\/index.php\/wp-json\/wp\/v2\/posts\/141626","targetHints":{"allow":["GET"]}}],"collection":[{"href":"https:\/\/fuentesfidedignas.com.mx\/index.php\/wp-json\/wp\/v2\/posts"}],"about":[{"href":"https:\/\/fuentesfidedignas.com.mx\/index.php\/wp-json\/wp\/v2\/types\/post"}],"author":[{"embeddable":true,"href":"https:\/\/fuentesfidedignas.com.mx\/index.php\/wp-json\/wp\/v2\/users\/37"}],"replies":[{"embeddable":true,"href":"https:\/\/fuentesfidedignas.com.mx\/index.php\/wp-json\/wp\/v2\/comments?post=141626"}],"version-history":[{"count":2,"href":"https:\/\/fuentesfidedignas.com.mx\/index.php\/wp-json\/wp\/v2\/posts\/141626\/revisions"}],"predecessor-version":[{"id":141641,"href":"https:\/\/fuentesfidedignas.com.mx\/index.php\/wp-json\/wp\/v2\/posts\/141626\/revisions\/141641"}],"wp:featuredmedia":[{"embeddable":true,"href":"https:\/\/fuentesfidedignas.com.mx\/index.php\/wp-json\/wp\/v2\/media\/141625"}],"wp:attachment":[{"href":"https:\/\/fuentesfidedignas.com.mx\/index.php\/wp-json\/wp\/v2\/media?parent=141626"}],"wp:term":[{"taxonomy":"category","embeddable":true,"href":"https:\/\/fuentesfidedignas.com.mx\/index.php\/wp-json\/wp\/v2\/categories?post=141626"},{"taxonomy":"post_tag","embeddable":true,"href":"https:\/\/fuentesfidedignas.com.mx\/index.php\/wp-json\/wp\/v2\/tags?post=141626"}],"curies":[{"name":"wp","href":"https:\/\/api.w.org\/{rel}","templated":true}]}}