{"id":141620,"date":"2026-09-05T01:57:00","date_gmt":"2026-09-05T08:57:00","guid":{"rendered":"https:\/\/fuentesfidedignas.com.mx\/?p=141620"},"modified":"2026-09-04T09:10:29","modified_gmt":"2026-09-04T16:10:29","slug":"video-un-hombre-enciende-la-luz-y-provoca-una-potente-explosion-que-lo-lanza-por-los-aires","status":"publish","type":"post","link":"https:\/\/fuentesfidedignas.com.mx\/index.php\/2026\/09\/05\/video-un-hombre-enciende-la-luz-y-provoca-una-potente-explosion-que-lo-lanza-por-los-aires\/","title":{"rendered":"VIDEO: Un hombre enciende la luz y provoca una potente explosi\u00f3n que lo lanza por los aires"},"content":{"rendered":"\n<p class=\"wp-block-paragraph\">Un empleado de una tienda de Guizhou, China, result\u00f3 herido tras provocar accidentalmente una explosi\u00f3n de gas al encender un interruptor de luz. Un video de las c\u00e1maras de vigilancia muestra al trabajador entrando al local y, apenas unos segundos despu\u00e9s, una potente deflagraci\u00f3n lo lanza violentamente hacia la calle, destrozando la fachada y arranc\u00e1ndole la ropa hasta dejarlo pr\u00e1cticamente en ropa interior. El hombre se levanta aturdido y sale corriendo en busca de ayuda.<\/p>\n\n\n\n<figure class=\"wp-block-embed is-type-rich is-provider-x wp-block-embed-x\"><div class=\"wp-block-embed__wrapper\">\n<blockquote class=\"twitter-tweet\" data-width=\"550\" data-dnt=\"true\"><p lang=\"en\" dir=\"ltr\">WATCH: A shop worker in China&#39;s Guizhou Province flipped a light switch in a gas-filled room.<br><br>The spark triggered an explosion that blew him out of the shop, ripping his clothes off.<br><br>He got up in his underwear and ran. <a href=\"https:\/\/t.co\/9jcNmITYuX\">pic.twitter.com\/9jcNmITYuX<\/a><\/p>&mdash; Clash Report (@clashreport) <a href=\"https:\/\/x.com\/clashreport\/status\/2095859764928332232?ref_src=twsrc%5Etfw\">September 4, 2026<\/a><\/blockquote><script async src=\"https:\/\/platform.x.com\/widgets.js\" charset=\"utf-8\"><\/script>\n<\/div><\/figure>\n\n\n\n<p class=\"wp-block-paragraph\"><\/p>\n","protected":false},"excerpt":{"rendered":"<p>Un empleado de una tienda de Guizhou, China, result\u00f3 herido tras provocar accidentalmente una explosi\u00f3n de gas al encender un interruptor de luz. Un video de las c\u00e1maras de vigilancia muestra al trabajador entrando al local y, apenas unos segundos despu\u00e9s, una potente deflagraci\u00f3n lo lanza violentamente hacia la calle, destrozando la fachada y arranc\u00e1ndole [&hellip;]<\/p>\n","protected":false},"author":38,"featured_media":141619,"comment_status":"closed","ping_status":"open","sticky":false,"template":"","format":"standard","meta":{"tdm_status":"","tdm_grid_status":"","footnotes":""},"categories":[40],"tags":[],"class_list":["post-141620","post","type-post","status-publish","format-standard","has-post-thumbnail","category-las-asombrosas"],"yoast_head":"<!-- This site is optimized with the Yoast SEO plugin v28.4 - https:\/\/yoast.com\/product\/yoast-seo-wordpress\/ -->\n<title>VIDEO: Un hombre enciende la luz y provoca una potente explosi\u00f3n que lo lanza por los aires - Fuentes Fidedignas<\/title>\n<meta name=\"robots\" content=\"index, follow, max-snippet:-1, max-image-preview:large, max-video-preview:-1\" \/>\n<link rel=\"canonical\" href=\"https:\/\/fuentesfidedignas.com.mx\/index.php\/2026\/09\/05\/video-un-hombre-enciende-la-luz-y-provoca-una-potente-explosion-que-lo-lanza-por-los-aires\/\" \/>\n<meta property=\"og:locale\" content=\"es_MX\" \/>\n<meta property=\"og:type\" content=\"article\" \/>\n<meta property=\"og:title\" content=\"VIDEO: Un hombre enciende la luz y provoca una potente explosi\u00f3n que lo lanza por los aires - Fuentes Fidedignas\" \/>\n<meta property=\"og:description\" content=\"Un empleado de una tienda de Guizhou, China, result\u00f3 herido tras provocar accidentalmente una explosi\u00f3n de gas al encender un interruptor de luz. Un video de las c\u00e1maras de vigilancia muestra al trabajador entrando al local y, apenas unos segundos despu\u00e9s, una potente deflagraci\u00f3n lo lanza violentamente hacia la calle, destrozando la fachada y arranc\u00e1ndole [&hellip;]\" \/>\n<meta property=\"og:url\" content=\"https:\/\/fuentesfidedignas.com.mx\/index.php\/2026\/09\/05\/video-un-hombre-enciende-la-luz-y-provoca-una-potente-explosion-que-lo-lanza-por-los-aires\/\" \/>\n<meta property=\"og:site_name\" content=\"Fuentes Fidedignas\" \/>\n<meta property=\"article:publisher\" content=\"https:\/\/www.facebook.com\/Fuentes-Fidedignas-368234489921644\" \/>\n<meta property=\"article:published_time\" content=\"2026-09-05T08:57:00+00:00\" \/>\n<meta property=\"og:image\" content=\"https:\/\/fuentesfidedignas.com.mx\/wp-content\/uploads\/2026\/09\/img_6685.jpeg\" \/>\n\t<meta property=\"og:image:width\" content=\"1104\" \/>\n\t<meta property=\"og:image:height\" content=\"622\" \/>\n\t<meta property=\"og:image:type\" content=\"image\/jpeg\" \/>\n<meta name=\"author\" content=\"Actualidad RT\" \/>\n<meta name=\"twitter:card\" content=\"summary_large_image\" \/>\n<meta name=\"twitter:creator\" content=\"@fidedignas\" \/>\n<meta name=\"twitter:site\" content=\"@fidedignas\" \/>\n<meta name=\"twitter:label1\" content=\"Escrito por\" \/>\n\t<meta name=\"twitter:data1\" content=\"Actualidad RT\" \/>\n\t<meta name=\"twitter:label2\" content=\"Tiempo de lectura\" \/>\n\t<meta name=\"twitter:data2\" content=\"1 minuto\" \/>\n<script type=\"application\/ld+json\" class=\"yoast-schema-graph\">{\"@context\":\"https:\\\/\\\/schema.org\",\"@graph\":[{\"@type\":\"Article\",\"@id\":\"https:\\\/\\\/fuentesfidedignas.com.mx\\\/index.php\\\/2026\\\/09\\\/05\\\/video-un-hombre-enciende-la-luz-y-provoca-una-potente-explosion-que-lo-lanza-por-los-aires\\\/#article\",\"isPartOf\":{\"@id\":\"https:\\\/\\\/fuentesfidedignas.com.mx\\\/index.php\\\/2026\\\/09\\\/05\\\/video-un-hombre-enciende-la-luz-y-provoca-una-potente-explosion-que-lo-lanza-por-los-aires\\\/\"},\"author\":{\"name\":\"Actualidad RT\",\"@id\":\"https:\\\/\\\/fuentesfidedignas.com.mx\\\/#\\\/schema\\\/person\\\/eade03a5d4a96f9b557ac266e3d63718\"},\"headline\":\"VIDEO: Un hombre enciende la luz y provoca una potente explosi\u00f3n que lo lanza por los aires\",\"datePublished\":\"2026-09-05T08:57:00+00:00\",\"mainEntityOfPage\":{\"@id\":\"https:\\\/\\\/fuentesfidedignas.com.mx\\\/index.php\\\/2026\\\/09\\\/05\\\/video-un-hombre-enciende-la-luz-y-provoca-una-potente-explosion-que-lo-lanza-por-los-aires\\\/\"},\"wordCount\":104,\"publisher\":{\"@id\":\"https:\\\/\\\/fuentesfidedignas.com.mx\\\/#organization\"},\"image\":{\"@id\":\"https:\\\/\\\/fuentesfidedignas.com.mx\\\/index.php\\\/2026\\\/09\\\/05\\\/video-un-hombre-enciende-la-luz-y-provoca-una-potente-explosion-que-lo-lanza-por-los-aires\\\/#primaryimage\"},\"thumbnailUrl\":\"https:\\\/\\\/fuentesfidedignas.com.mx\\\/wp-content\\\/uploads\\\/2026\\\/09\\\/img_6685.jpeg\",\"articleSection\":[\"LAS ASOMBROSAS\"],\"inLanguage\":\"es\"},{\"@type\":\"WebPage\",\"@id\":\"https:\\\/\\\/fuentesfidedignas.com.mx\\\/index.php\\\/2026\\\/09\\\/05\\\/video-un-hombre-enciende-la-luz-y-provoca-una-potente-explosion-que-lo-lanza-por-los-aires\\\/\",\"url\":\"https:\\\/\\\/fuentesfidedignas.com.mx\\\/index.php\\\/2026\\\/09\\\/05\\\/video-un-hombre-enciende-la-luz-y-provoca-una-potente-explosion-que-lo-lanza-por-los-aires\\\/\",\"name\":\"VIDEO: Un hombre enciende la luz y provoca una potente explosi\u00f3n que lo lanza por los aires - Fuentes Fidedignas\",\"isPartOf\":{\"@id\":\"https:\\\/\\\/fuentesfidedignas.com.mx\\\/#website\"},\"primaryImageOfPage\":{\"@id\":\"https:\\\/\\\/fuentesfidedignas.com.mx\\\/index.php\\\/2026\\\/09\\\/05\\\/video-un-hombre-enciende-la-luz-y-provoca-una-potente-explosion-que-lo-lanza-por-los-aires\\\/#primaryimage\"},\"image\":{\"@id\":\"https:\\\/\\\/fuentesfidedignas.com.mx\\\/index.php\\\/2026\\\/09\\\/05\\\/video-un-hombre-enciende-la-luz-y-provoca-una-potente-explosion-que-lo-lanza-por-los-aires\\\/#primaryimage\"},\"thumbnailUrl\":\"https:\\\/\\\/fuentesfidedignas.com.mx\\\/wp-content\\\/uploads\\\/2026\\\/09\\\/img_6685.jpeg\",\"datePublished\":\"2026-09-05T08:57:00+00:00\",\"breadcrumb\":{\"@id\":\"https:\\\/\\\/fuentesfidedignas.com.mx\\\/index.php\\\/2026\\\/09\\\/05\\\/video-un-hombre-enciende-la-luz-y-provoca-una-potente-explosion-que-lo-lanza-por-los-aires\\\/#breadcrumb\"},\"inLanguage\":\"es\",\"potentialAction\":[{\"@type\":\"ReadAction\",\"target\":[\"https:\\\/\\\/fuentesfidedignas.com.mx\\\/index.php\\\/2026\\\/09\\\/05\\\/video-un-hombre-enciende-la-luz-y-provoca-una-potente-explosion-que-lo-lanza-por-los-aires\\\/\"]}]},{\"@type\":\"ImageObject\",\"inLanguage\":\"es\",\"@id\":\"https:\\\/\\\/fuentesfidedignas.com.mx\\\/index.php\\\/2026\\\/09\\\/05\\\/video-un-hombre-enciende-la-luz-y-provoca-una-potente-explosion-que-lo-lanza-por-los-aires\\\/#primaryimage\",\"url\":\"https:\\\/\\\/fuentesfidedignas.com.mx\\\/wp-content\\\/uploads\\\/2026\\\/09\\\/img_6685.jpeg\",\"contentUrl\":\"https:\\\/\\\/fuentesfidedignas.com.mx\\\/wp-content\\\/uploads\\\/2026\\\/09\\\/img_6685.jpeg\",\"width\":1104,\"height\":622},{\"@type\":\"BreadcrumbList\",\"@id\":\"https:\\\/\\\/fuentesfidedignas.com.mx\\\/index.php\\\/2026\\\/09\\\/05\\\/video-un-hombre-enciende-la-luz-y-provoca-una-potente-explosion-que-lo-lanza-por-los-aires\\\/#breadcrumb\",\"itemListElement\":[{\"@type\":\"ListItem\",\"position\":1,\"name\":\"Inicio\",\"item\":\"https:\\\/\\\/fuentesfidedignas.com.mx\\\/\"},{\"@type\":\"ListItem\",\"position\":2,\"name\":\"VIDEO: Un hombre enciende la luz y provoca una potente explosi\u00f3n que lo lanza por los aires\"}]},{\"@type\":\"WebSite\",\"@id\":\"https:\\\/\\\/fuentesfidedignas.com.mx\\\/#website\",\"url\":\"https:\\\/\\\/fuentesfidedignas.com.mx\\\/\",\"name\":\"Fuentes Fidedignas\",\"description\":\"Otro sitio realizado con WordPress\",\"publisher\":{\"@id\":\"https:\\\/\\\/fuentesfidedignas.com.mx\\\/#organization\"},\"potentialAction\":[{\"@type\":\"SearchAction\",\"target\":{\"@type\":\"EntryPoint\",\"urlTemplate\":\"https:\\\/\\\/fuentesfidedignas.com.mx\\\/?s={search_term_string}\"},\"query-input\":{\"@type\":\"PropertyValueSpecification\",\"valueRequired\":true,\"valueName\":\"search_term_string\"}}],\"inLanguage\":\"es\"},{\"@type\":\"Organization\",\"@id\":\"https:\\\/\\\/fuentesfidedignas.com.mx\\\/#organization\",\"name\":\"Fuentes Fidedignas\",\"url\":\"https:\\\/\\\/fuentesfidedignas.com.mx\\\/\",\"logo\":{\"@type\":\"ImageObject\",\"inLanguage\":\"es\",\"@id\":\"https:\\\/\\\/fuentesfidedignas.com.mx\\\/#\\\/schema\\\/logo\\\/image\\\/\",\"url\":\"https:\\\/\\\/fuentesfidedignas.com.mx\\\/wp-content\\\/uploads\\\/2021\\\/04\\\/logo-retina.png\",\"contentUrl\":\"https:\\\/\\\/fuentesfidedignas.com.mx\\\/wp-content\\\/uploads\\\/2021\\\/04\\\/logo-retina.png\",\"width\":280,\"height\":51,\"caption\":\"Fuentes Fidedignas\"},\"image\":{\"@id\":\"https:\\\/\\\/fuentesfidedignas.com.mx\\\/#\\\/schema\\\/logo\\\/image\\\/\"},\"sameAs\":[\"https:\\\/\\\/www.facebook.com\\\/Fuentes-Fidedignas-368234489921644\",\"https:\\\/\\\/x.com\\\/fidedignas\"]},{\"@type\":\"Person\",\"@id\":\"https:\\\/\\\/fuentesfidedignas.com.mx\\\/#\\\/schema\\\/person\\\/eade03a5d4a96f9b557ac266e3d63718\",\"name\":\"Actualidad RT\",\"image\":{\"@type\":\"ImageObject\",\"inLanguage\":\"es\",\"@id\":\"https:\\\/\\\/secure.gravatar.com\\\/avatar\\\/443e88260a6a7111cf83d7014ab1894f91a4053ffd4e9da37d79effad3a35c81?s=96&d=mm&r=g\",\"url\":\"https:\\\/\\\/secure.gravatar.com\\\/avatar\\\/443e88260a6a7111cf83d7014ab1894f91a4053ffd4e9da37d79effad3a35c81?s=96&d=mm&r=g\",\"contentUrl\":\"https:\\\/\\\/secure.gravatar.com\\\/avatar\\\/443e88260a6a7111cf83d7014ab1894f91a4053ffd4e9da37d79effad3a35c81?s=96&d=mm&r=g\",\"caption\":\"Actualidad RT\"},\"url\":\"https:\\\/\\\/fuentesfidedignas.com.mx\\\/index.php\\\/author\\\/actualidad\\\/\"}]}<\/script>\n<!-- \/ Yoast SEO plugin. -->","yoast_head_json":{"title":"VIDEO: Un hombre enciende la luz y provoca una potente explosi\u00f3n que lo lanza por los aires - Fuentes Fidedignas","robots":{"index":"index","follow":"follow","max-snippet":"max-snippet:-1","max-image-preview":"max-image-preview:large","max-video-preview":"max-video-preview:-1"},"canonical":"https:\/\/fuentesfidedignas.com.mx\/index.php\/2026\/09\/05\/video-un-hombre-enciende-la-luz-y-provoca-una-potente-explosion-que-lo-lanza-por-los-aires\/","og_locale":"es_MX","og_type":"article","og_title":"VIDEO: Un hombre enciende la luz y provoca una potente explosi\u00f3n que lo lanza por los aires - Fuentes Fidedignas","og_description":"Un empleado de una tienda de Guizhou, China, result\u00f3 herido tras provocar accidentalmente una explosi\u00f3n de gas al encender un interruptor de luz. Un video de las c\u00e1maras de vigilancia muestra al trabajador entrando al local y, apenas unos segundos despu\u00e9s, una potente deflagraci\u00f3n lo lanza violentamente hacia la calle, destrozando la fachada y arranc\u00e1ndole [&hellip;]","og_url":"https:\/\/fuentesfidedignas.com.mx\/index.php\/2026\/09\/05\/video-un-hombre-enciende-la-luz-y-provoca-una-potente-explosion-que-lo-lanza-por-los-aires\/","og_site_name":"Fuentes Fidedignas","article_publisher":"https:\/\/www.facebook.com\/Fuentes-Fidedignas-368234489921644","article_published_time":"2026-09-05T08:57:00+00:00","og_image":[{"width":1104,"height":622,"url":"https:\/\/fuentesfidedignas.com.mx\/wp-content\/uploads\/2026\/09\/img_6685.jpeg","type":"image\/jpeg"}],"author":"Actualidad RT","twitter_card":"summary_large_image","twitter_creator":"@fidedignas","twitter_site":"@fidedignas","twitter_misc":{"Escrito por":"Actualidad RT","Tiempo de lectura":"1 minuto"},"schema":{"@context":"https:\/\/schema.org","@graph":[{"@type":"Article","@id":"https:\/\/fuentesfidedignas.com.mx\/index.php\/2026\/09\/05\/video-un-hombre-enciende-la-luz-y-provoca-una-potente-explosion-que-lo-lanza-por-los-aires\/#article","isPartOf":{"@id":"https:\/\/fuentesfidedignas.com.mx\/index.php\/2026\/09\/05\/video-un-hombre-enciende-la-luz-y-provoca-una-potente-explosion-que-lo-lanza-por-los-aires\/"},"author":{"name":"Actualidad RT","@id":"https:\/\/fuentesfidedignas.com.mx\/#\/schema\/person\/eade03a5d4a96f9b557ac266e3d63718"},"headline":"VIDEO: Un hombre enciende la luz y provoca una potente explosi\u00f3n que lo lanza por los aires","datePublished":"2026-09-05T08:57:00+00:00","mainEntityOfPage":{"@id":"https:\/\/fuentesfidedignas.com.mx\/index.php\/2026\/09\/05\/video-un-hombre-enciende-la-luz-y-provoca-una-potente-explosion-que-lo-lanza-por-los-aires\/"},"wordCount":104,"publisher":{"@id":"https:\/\/fuentesfidedignas.com.mx\/#organization"},"image":{"@id":"https:\/\/fuentesfidedignas.com.mx\/index.php\/2026\/09\/05\/video-un-hombre-enciende-la-luz-y-provoca-una-potente-explosion-que-lo-lanza-por-los-aires\/#primaryimage"},"thumbnailUrl":"https:\/\/fuentesfidedignas.com.mx\/wp-content\/uploads\/2026\/09\/img_6685.jpeg","articleSection":["LAS ASOMBROSAS"],"inLanguage":"es"},{"@type":"WebPage","@id":"https:\/\/fuentesfidedignas.com.mx\/index.php\/2026\/09\/05\/video-un-hombre-enciende-la-luz-y-provoca-una-potente-explosion-que-lo-lanza-por-los-aires\/","url":"https:\/\/fuentesfidedignas.com.mx\/index.php\/2026\/09\/05\/video-un-hombre-enciende-la-luz-y-provoca-una-potente-explosion-que-lo-lanza-por-los-aires\/","name":"VIDEO: Un hombre enciende la luz y provoca una potente explosi\u00f3n que lo lanza por los aires - Fuentes Fidedignas","isPartOf":{"@id":"https:\/\/fuentesfidedignas.com.mx\/#website"},"primaryImageOfPage":{"@id":"https:\/\/fuentesfidedignas.com.mx\/index.php\/2026\/09\/05\/video-un-hombre-enciende-la-luz-y-provoca-una-potente-explosion-que-lo-lanza-por-los-aires\/#primaryimage"},"image":{"@id":"https:\/\/fuentesfidedignas.com.mx\/index.php\/2026\/09\/05\/video-un-hombre-enciende-la-luz-y-provoca-una-potente-explosion-que-lo-lanza-por-los-aires\/#primaryimage"},"thumbnailUrl":"https:\/\/fuentesfidedignas.com.mx\/wp-content\/uploads\/2026\/09\/img_6685.jpeg","datePublished":"2026-09-05T08:57:00+00:00","breadcrumb":{"@id":"https:\/\/fuentesfidedignas.com.mx\/index.php\/2026\/09\/05\/video-un-hombre-enciende-la-luz-y-provoca-una-potente-explosion-que-lo-lanza-por-los-aires\/#breadcrumb"},"inLanguage":"es","potentialAction":[{"@type":"ReadAction","target":["https:\/\/fuentesfidedignas.com.mx\/index.php\/2026\/09\/05\/video-un-hombre-enciende-la-luz-y-provoca-una-potente-explosion-que-lo-lanza-por-los-aires\/"]}]},{"@type":"ImageObject","inLanguage":"es","@id":"https:\/\/fuentesfidedignas.com.mx\/index.php\/2026\/09\/05\/video-un-hombre-enciende-la-luz-y-provoca-una-potente-explosion-que-lo-lanza-por-los-aires\/#primaryimage","url":"https:\/\/fuentesfidedignas.com.mx\/wp-content\/uploads\/2026\/09\/img_6685.jpeg","contentUrl":"https:\/\/fuentesfidedignas.com.mx\/wp-content\/uploads\/2026\/09\/img_6685.jpeg","width":1104,"height":622},{"@type":"BreadcrumbList","@id":"https:\/\/fuentesfidedignas.com.mx\/index.php\/2026\/09\/05\/video-un-hombre-enciende-la-luz-y-provoca-una-potente-explosion-que-lo-lanza-por-los-aires\/#breadcrumb","itemListElement":[{"@type":"ListItem","position":1,"name":"Inicio","item":"https:\/\/fuentesfidedignas.com.mx\/"},{"@type":"ListItem","position":2,"name":"VIDEO: Un hombre enciende la luz y provoca una potente explosi\u00f3n que lo lanza por los aires"}]},{"@type":"WebSite","@id":"https:\/\/fuentesfidedignas.com.mx\/#website","url":"https:\/\/fuentesfidedignas.com.mx\/","name":"Fuentes Fidedignas","description":"Otro sitio realizado con WordPress","publisher":{"@id":"https:\/\/fuentesfidedignas.com.mx\/#organization"},"potentialAction":[{"@type":"SearchAction","target":{"@type":"EntryPoint","urlTemplate":"https:\/\/fuentesfidedignas.com.mx\/?s={search_term_string}"},"query-input":{"@type":"PropertyValueSpecification","valueRequired":true,"valueName":"search_term_string"}}],"inLanguage":"es"},{"@type":"Organization","@id":"https:\/\/fuentesfidedignas.com.mx\/#organization","name":"Fuentes Fidedignas","url":"https:\/\/fuentesfidedignas.com.mx\/","logo":{"@type":"ImageObject","inLanguage":"es","@id":"https:\/\/fuentesfidedignas.com.mx\/#\/schema\/logo\/image\/","url":"https:\/\/fuentesfidedignas.com.mx\/wp-content\/uploads\/2021\/04\/logo-retina.png","contentUrl":"https:\/\/fuentesfidedignas.com.mx\/wp-content\/uploads\/2021\/04\/logo-retina.png","width":280,"height":51,"caption":"Fuentes Fidedignas"},"image":{"@id":"https:\/\/fuentesfidedignas.com.mx\/#\/schema\/logo\/image\/"},"sameAs":["https:\/\/www.facebook.com\/Fuentes-Fidedignas-368234489921644","https:\/\/x.com\/fidedignas"]},{"@type":"Person","@id":"https:\/\/fuentesfidedignas.com.mx\/#\/schema\/person\/eade03a5d4a96f9b557ac266e3d63718","name":"Actualidad RT","image":{"@type":"ImageObject","inLanguage":"es","@id":"https:\/\/secure.gravatar.com\/avatar\/443e88260a6a7111cf83d7014ab1894f91a4053ffd4e9da37d79effad3a35c81?s=96&d=mm&r=g","url":"https:\/\/secure.gravatar.com\/avatar\/443e88260a6a7111cf83d7014ab1894f91a4053ffd4e9da37d79effad3a35c81?s=96&d=mm&r=g","contentUrl":"https:\/\/secure.gravatar.com\/avatar\/443e88260a6a7111cf83d7014ab1894f91a4053ffd4e9da37d79effad3a35c81?s=96&d=mm&r=g","caption":"Actualidad RT"},"url":"https:\/\/fuentesfidedignas.com.mx\/index.php\/author\/actualidad\/"}]}},"_links":{"self":[{"href":"https:\/\/fuentesfidedignas.com.mx\/index.php\/wp-json\/wp\/v2\/posts\/141620","targetHints":{"allow":["GET"]}}],"collection":[{"href":"https:\/\/fuentesfidedignas.com.mx\/index.php\/wp-json\/wp\/v2\/posts"}],"about":[{"href":"https:\/\/fuentesfidedignas.com.mx\/index.php\/wp-json\/wp\/v2\/types\/post"}],"author":[{"embeddable":true,"href":"https:\/\/fuentesfidedignas.com.mx\/index.php\/wp-json\/wp\/v2\/users\/38"}],"replies":[{"embeddable":true,"href":"https:\/\/fuentesfidedignas.com.mx\/index.php\/wp-json\/wp\/v2\/comments?post=141620"}],"version-history":[{"count":2,"href":"https:\/\/fuentesfidedignas.com.mx\/index.php\/wp-json\/wp\/v2\/posts\/141620\/revisions"}],"predecessor-version":[{"id":141637,"href":"https:\/\/fuentesfidedignas.com.mx\/index.php\/wp-json\/wp\/v2\/posts\/141620\/revisions\/141637"}],"wp:featuredmedia":[{"embeddable":true,"href":"https:\/\/fuentesfidedignas.com.mx\/index.php\/wp-json\/wp\/v2\/media\/141619"}],"wp:attachment":[{"href":"https:\/\/fuentesfidedignas.com.mx\/index.php\/wp-json\/wp\/v2\/media?parent=141620"}],"wp:term":[{"taxonomy":"category","embeddable":true,"href":"https:\/\/fuentesfidedignas.com.mx\/index.php\/wp-json\/wp\/v2\/categories?post=141620"},{"taxonomy":"post_tag","embeddable":true,"href":"https:\/\/fuentesfidedignas.com.mx\/index.php\/wp-json\/wp\/v2\/tags?post=141620"}],"curies":[{"name":"wp","href":"https:\/\/api.w.org\/{rel}","templated":true}]}}