{"id":141610,"date":"2026-09-04T06:28:31","date_gmt":"2026-09-04T13:28:31","guid":{"rendered":"https:\/\/fuentesfidedignas.com.mx\/?p=141610"},"modified":"2026-09-04T06:30:45","modified_gmt":"2026-09-04T13:30:45","slug":"ubu-e-imss-fortalecen-la-prevencion-de-enfermedades-y-promocion-de-la-salud-en-agronomia-de-la-uas","status":"publish","type":"post","link":"https:\/\/fuentesfidedignas.com.mx\/index.php\/2026\/09\/04\/ubu-e-imss-fortalecen-la-prevencion-de-enfermedades-y-promocion-de-la-salud-en-agronomia-de-la-uas\/","title":{"rendered":"UBU e IMSS fortalecen la prevenci\u00f3n de enfermedades y promoci\u00f3n de la salud en Agronom\u00eda de la UAS"},"content":{"rendered":"\n<p class=\"wp-block-paragraph\"><strong><em>El taller tiene como objetivo brindar a los trabajadores de la m\u00e1xima casa de estudios sinaloense informaci\u00f3n clara y sencilla sobre la importancia de la prevenci\u00f3n y la detecci\u00f3n temprana de las principales enfermedades no transmisibles, con el prop\u00f3sito de fomentar estilos de vida saludables y detectar oportunamente factores de riesgo para la salud.<\/em><\/strong><\/p>\n\n\n\n<p class=\"wp-block-paragraph\">M\u00e9xico es, por desgracia, un pa\u00eds que presenta un alto \u00edndice de enfermedades cr\u00f3nicas, motivo por el cual la Universidad Aut\u00f3noma de Sinaloa (UAS), a trav\u00e9s de la Unidad de Bienestar Universitario (UBU), realiza jornadas de prevenci\u00f3n de enfermedades y promoci\u00f3n de la salud en el entorno laboral, en colaboraci\u00f3n con el Instituto Mexicano del Seguro Social (IMSS). En esta ocasi\u00f3n, la actividad se llev\u00f3 a cabo en la Facultad de Agronom\u00eda.<\/p>\n\n\n\n<p class=\"wp-block-paragraph\">El encargado de impartir este programa fue el doctor Juan Ram\u00f3n Cruz Zazueta, m\u00e9dico del IMSS, quien explic\u00f3 que el taller tiene como objetivo brindar a los trabajadores de la m\u00e1xima casa de estudios sinaloense informaci\u00f3n clara y sencilla sobre la importancia de la prevenci\u00f3n y la detecci\u00f3n temprana de las principales enfermedades no transmisibles, con el prop\u00f3sito de fomentar estilos de vida saludables y detectar oportunamente factores de riesgo para la salud.<\/p>\n\n\n\n<p class=\"wp-block-paragraph\">En ese sentido, el especialista subray\u00f3 la importancia de la promoci\u00f3n de la salud, ya que permite a las personas incrementar el control sobre su bienestar y adoptar medidas para prevenir enfermedades en sus diferentes etapas: primaria, secundaria y terciaria. Esto se logra mediante campa\u00f1as de concientizaci\u00f3n, evaluaciones peri\u00f3dicas y programas educativos.<\/p>\n\n\n\n<p class=\"wp-block-paragraph\">Se\u00f1al\u00f3 que uno de los factores m\u00e1s importantes para conservar una buena salud es la prevenci\u00f3n, y destac\u00f3 diversas acciones que contribuyen a promoverla, entre ellas la actividad f\u00edsica, una alimentaci\u00f3n saludable, la creaci\u00f3n de entornos favorables para el bienestar y programas espec\u00edficos, como las campa\u00f1as contra el tabaquismo y las estrategias de prevenci\u00f3n impulsadas por la Organizaci\u00f3n Mundial de la Salud (OMS).<\/p>\n","protected":false},"excerpt":{"rendered":"<p>El taller tiene como objetivo brindar a los trabajadores de la m\u00e1xima casa de estudios sinaloense informaci\u00f3n clara y sencilla sobre la importancia de la prevenci\u00f3n y la detecci\u00f3n temprana de las principales enfermedades no transmisibles, con el prop\u00f3sito de fomentar estilos de vida saludables y detectar oportunamente factores de riesgo para la salud. M\u00e9xico [&hellip;]<\/p>\n","protected":false},"author":4,"featured_media":141611,"comment_status":"open","ping_status":"open","sticky":false,"template":"","format":"standard","meta":{"tdm_status":"","tdm_grid_status":"","footnotes":""},"categories":[38],"tags":[],"class_list":["post-141610","post","type-post","status-publish","format-standard","has-post-thumbnail","category-noticias-locales"],"yoast_head":"<!-- This site is optimized with the Yoast SEO plugin v28.4 - https:\/\/yoast.com\/product\/yoast-seo-wordpress\/ -->\n<title>UBU e IMSS fortalecen la prevenci\u00f3n de enfermedades y promoci\u00f3n de la salud en Agronom\u00eda de la UAS - Fuentes Fidedignas<\/title>\n<meta name=\"robots\" content=\"index, follow, max-snippet:-1, max-image-preview:large, max-video-preview:-1\" \/>\n<link rel=\"canonical\" href=\"https:\/\/fuentesfidedignas.com.mx\/index.php\/2026\/09\/04\/ubu-e-imss-fortalecen-la-prevencion-de-enfermedades-y-promocion-de-la-salud-en-agronomia-de-la-uas\/\" \/>\n<meta property=\"og:locale\" content=\"es_MX\" \/>\n<meta property=\"og:type\" content=\"article\" \/>\n<meta property=\"og:title\" content=\"UBU e IMSS fortalecen la prevenci\u00f3n de enfermedades y promoci\u00f3n de la salud en Agronom\u00eda de la UAS - Fuentes Fidedignas\" \/>\n<meta property=\"og:description\" content=\"El taller tiene como objetivo brindar a los trabajadores de la m\u00e1xima casa de estudios sinaloense informaci\u00f3n clara y sencilla sobre la importancia de la prevenci\u00f3n y la detecci\u00f3n temprana de las principales enfermedades no transmisibles, con el prop\u00f3sito de fomentar estilos de vida saludables y detectar oportunamente factores de riesgo para la salud. M\u00e9xico [&hellip;]\" \/>\n<meta property=\"og:url\" content=\"https:\/\/fuentesfidedignas.com.mx\/index.php\/2026\/09\/04\/ubu-e-imss-fortalecen-la-prevencion-de-enfermedades-y-promocion-de-la-salud-en-agronomia-de-la-uas\/\" \/>\n<meta property=\"og:site_name\" content=\"Fuentes Fidedignas\" \/>\n<meta property=\"article:publisher\" content=\"https:\/\/www.facebook.com\/Fuentes-Fidedignas-368234489921644\" \/>\n<meta property=\"article:published_time\" content=\"2026-09-04T13:28:31+00:00\" \/>\n<meta property=\"article:modified_time\" content=\"2026-09-04T13:30:45+00:00\" \/>\n<meta property=\"og:image\" content=\"https:\/\/fuentesfidedignas.com.mx\/wp-content\/uploads\/2026\/09\/PROGRAMA-ELSSA-IMSS-PLATICA-PREVENCION-ENFERMEDADES-FAC-AGRONOMIA-1.jpg\" \/>\n\t<meta property=\"og:image:width\" content=\"500\" \/>\n\t<meta property=\"og:image:height\" content=\"333\" \/>\n\t<meta property=\"og:image:type\" content=\"image\/jpeg\" \/>\n<meta name=\"author\" content=\"Redacci\u00f3n\" \/>\n<meta name=\"twitter:card\" content=\"summary_large_image\" \/>\n<meta name=\"twitter:creator\" content=\"@fidedignas\" \/>\n<meta name=\"twitter:site\" content=\"@fidedignas\" \/>\n<meta name=\"twitter:label1\" content=\"Escrito por\" \/>\n\t<meta name=\"twitter:data1\" content=\"Redacci\u00f3n\" \/>\n\t<meta name=\"twitter:label2\" content=\"Tiempo de lectura\" \/>\n\t<meta name=\"twitter:data2\" content=\"2 minutos\" \/>\n<script type=\"application\/ld+json\" class=\"yoast-schema-graph\">{\"@context\":\"https:\\\/\\\/schema.org\",\"@graph\":[{\"@type\":\"Article\",\"@id\":\"https:\\\/\\\/fuentesfidedignas.com.mx\\\/index.php\\\/2026\\\/09\\\/04\\\/ubu-e-imss-fortalecen-la-prevencion-de-enfermedades-y-promocion-de-la-salud-en-agronomia-de-la-uas\\\/#article\",\"isPartOf\":{\"@id\":\"https:\\\/\\\/fuentesfidedignas.com.mx\\\/index.php\\\/2026\\\/09\\\/04\\\/ubu-e-imss-fortalecen-la-prevencion-de-enfermedades-y-promocion-de-la-salud-en-agronomia-de-la-uas\\\/\"},\"author\":{\"name\":\"Redacci\u00f3n\",\"@id\":\"https:\\\/\\\/fuentesfidedignas.com.mx\\\/#\\\/schema\\\/person\\\/331be9283d37198e2acd5750279085b0\"},\"headline\":\"UBU e IMSS fortalecen la prevenci\u00f3n de enfermedades y promoci\u00f3n de la salud en Agronom\u00eda de la UAS\",\"datePublished\":\"2026-09-04T13:28:31+00:00\",\"dateModified\":\"2026-09-04T13:30:45+00:00\",\"mainEntityOfPage\":{\"@id\":\"https:\\\/\\\/fuentesfidedignas.com.mx\\\/index.php\\\/2026\\\/09\\\/04\\\/ubu-e-imss-fortalecen-la-prevencion-de-enfermedades-y-promocion-de-la-salud-en-agronomia-de-la-uas\\\/\"},\"wordCount\":371,\"commentCount\":0,\"publisher\":{\"@id\":\"https:\\\/\\\/fuentesfidedignas.com.mx\\\/#organization\"},\"image\":{\"@id\":\"https:\\\/\\\/fuentesfidedignas.com.mx\\\/index.php\\\/2026\\\/09\\\/04\\\/ubu-e-imss-fortalecen-la-prevencion-de-enfermedades-y-promocion-de-la-salud-en-agronomia-de-la-uas\\\/#primaryimage\"},\"thumbnailUrl\":\"https:\\\/\\\/fuentesfidedignas.com.mx\\\/wp-content\\\/uploads\\\/2026\\\/09\\\/PROGRAMA-ELSSA-IMSS-PLATICA-PREVENCION-ENFERMEDADES-FAC-AGRONOMIA-1.jpg\",\"articleSection\":[\"NOTICIAS LOCALES\"],\"inLanguage\":\"es\",\"potentialAction\":[{\"@type\":\"CommentAction\",\"name\":\"Comment\",\"target\":[\"https:\\\/\\\/fuentesfidedignas.com.mx\\\/index.php\\\/2026\\\/09\\\/04\\\/ubu-e-imss-fortalecen-la-prevencion-de-enfermedades-y-promocion-de-la-salud-en-agronomia-de-la-uas\\\/#respond\"]}]},{\"@type\":\"WebPage\",\"@id\":\"https:\\\/\\\/fuentesfidedignas.com.mx\\\/index.php\\\/2026\\\/09\\\/04\\\/ubu-e-imss-fortalecen-la-prevencion-de-enfermedades-y-promocion-de-la-salud-en-agronomia-de-la-uas\\\/\",\"url\":\"https:\\\/\\\/fuentesfidedignas.com.mx\\\/index.php\\\/2026\\\/09\\\/04\\\/ubu-e-imss-fortalecen-la-prevencion-de-enfermedades-y-promocion-de-la-salud-en-agronomia-de-la-uas\\\/\",\"name\":\"UBU e IMSS fortalecen la prevenci\u00f3n de enfermedades y promoci\u00f3n de la salud en Agronom\u00eda de la UAS - Fuentes Fidedignas\",\"isPartOf\":{\"@id\":\"https:\\\/\\\/fuentesfidedignas.com.mx\\\/#website\"},\"primaryImageOfPage\":{\"@id\":\"https:\\\/\\\/fuentesfidedignas.com.mx\\\/index.php\\\/2026\\\/09\\\/04\\\/ubu-e-imss-fortalecen-la-prevencion-de-enfermedades-y-promocion-de-la-salud-en-agronomia-de-la-uas\\\/#primaryimage\"},\"image\":{\"@id\":\"https:\\\/\\\/fuentesfidedignas.com.mx\\\/index.php\\\/2026\\\/09\\\/04\\\/ubu-e-imss-fortalecen-la-prevencion-de-enfermedades-y-promocion-de-la-salud-en-agronomia-de-la-uas\\\/#primaryimage\"},\"thumbnailUrl\":\"https:\\\/\\\/fuentesfidedignas.com.mx\\\/wp-content\\\/uploads\\\/2026\\\/09\\\/PROGRAMA-ELSSA-IMSS-PLATICA-PREVENCION-ENFERMEDADES-FAC-AGRONOMIA-1.jpg\",\"datePublished\":\"2026-09-04T13:28:31+00:00\",\"dateModified\":\"2026-09-04T13:30:45+00:00\",\"breadcrumb\":{\"@id\":\"https:\\\/\\\/fuentesfidedignas.com.mx\\\/index.php\\\/2026\\\/09\\\/04\\\/ubu-e-imss-fortalecen-la-prevencion-de-enfermedades-y-promocion-de-la-salud-en-agronomia-de-la-uas\\\/#breadcrumb\"},\"inLanguage\":\"es\",\"potentialAction\":[{\"@type\":\"ReadAction\",\"target\":[\"https:\\\/\\\/fuentesfidedignas.com.mx\\\/index.php\\\/2026\\\/09\\\/04\\\/ubu-e-imss-fortalecen-la-prevencion-de-enfermedades-y-promocion-de-la-salud-en-agronomia-de-la-uas\\\/\"]}]},{\"@type\":\"ImageObject\",\"inLanguage\":\"es\",\"@id\":\"https:\\\/\\\/fuentesfidedignas.com.mx\\\/index.php\\\/2026\\\/09\\\/04\\\/ubu-e-imss-fortalecen-la-prevencion-de-enfermedades-y-promocion-de-la-salud-en-agronomia-de-la-uas\\\/#primaryimage\",\"url\":\"https:\\\/\\\/fuentesfidedignas.com.mx\\\/wp-content\\\/uploads\\\/2026\\\/09\\\/PROGRAMA-ELSSA-IMSS-PLATICA-PREVENCION-ENFERMEDADES-FAC-AGRONOMIA-1.jpg\",\"contentUrl\":\"https:\\\/\\\/fuentesfidedignas.com.mx\\\/wp-content\\\/uploads\\\/2026\\\/09\\\/PROGRAMA-ELSSA-IMSS-PLATICA-PREVENCION-ENFERMEDADES-FAC-AGRONOMIA-1.jpg\",\"width\":500,\"height\":333},{\"@type\":\"BreadcrumbList\",\"@id\":\"https:\\\/\\\/fuentesfidedignas.com.mx\\\/index.php\\\/2026\\\/09\\\/04\\\/ubu-e-imss-fortalecen-la-prevencion-de-enfermedades-y-promocion-de-la-salud-en-agronomia-de-la-uas\\\/#breadcrumb\",\"itemListElement\":[{\"@type\":\"ListItem\",\"position\":1,\"name\":\"Inicio\",\"item\":\"https:\\\/\\\/fuentesfidedignas.com.mx\\\/\"},{\"@type\":\"ListItem\",\"position\":2,\"name\":\"UBU e IMSS fortalecen la prevenci\u00f3n de enfermedades y promoci\u00f3n de la salud en Agronom\u00eda de la UAS\"}]},{\"@type\":\"WebSite\",\"@id\":\"https:\\\/\\\/fuentesfidedignas.com.mx\\\/#website\",\"url\":\"https:\\\/\\\/fuentesfidedignas.com.mx\\\/\",\"name\":\"Fuentes Fidedignas\",\"description\":\"Otro sitio realizado con WordPress\",\"publisher\":{\"@id\":\"https:\\\/\\\/fuentesfidedignas.com.mx\\\/#organization\"},\"potentialAction\":[{\"@type\":\"SearchAction\",\"target\":{\"@type\":\"EntryPoint\",\"urlTemplate\":\"https:\\\/\\\/fuentesfidedignas.com.mx\\\/?s={search_term_string}\"},\"query-input\":{\"@type\":\"PropertyValueSpecification\",\"valueRequired\":true,\"valueName\":\"search_term_string\"}}],\"inLanguage\":\"es\"},{\"@type\":\"Organization\",\"@id\":\"https:\\\/\\\/fuentesfidedignas.com.mx\\\/#organization\",\"name\":\"Fuentes Fidedignas\",\"url\":\"https:\\\/\\\/fuentesfidedignas.com.mx\\\/\",\"logo\":{\"@type\":\"ImageObject\",\"inLanguage\":\"es\",\"@id\":\"https:\\\/\\\/fuentesfidedignas.com.mx\\\/#\\\/schema\\\/logo\\\/image\\\/\",\"url\":\"https:\\\/\\\/fuentesfidedignas.com.mx\\\/wp-content\\\/uploads\\\/2021\\\/04\\\/logo-retina.png\",\"contentUrl\":\"https:\\\/\\\/fuentesfidedignas.com.mx\\\/wp-content\\\/uploads\\\/2021\\\/04\\\/logo-retina.png\",\"width\":280,\"height\":51,\"caption\":\"Fuentes Fidedignas\"},\"image\":{\"@id\":\"https:\\\/\\\/fuentesfidedignas.com.mx\\\/#\\\/schema\\\/logo\\\/image\\\/\"},\"sameAs\":[\"https:\\\/\\\/www.facebook.com\\\/Fuentes-Fidedignas-368234489921644\",\"https:\\\/\\\/x.com\\\/fidedignas\"]},{\"@type\":\"Person\",\"@id\":\"https:\\\/\\\/fuentesfidedignas.com.mx\\\/#\\\/schema\\\/person\\\/331be9283d37198e2acd5750279085b0\",\"name\":\"Redacci\u00f3n\",\"image\":{\"@type\":\"ImageObject\",\"inLanguage\":\"es\",\"@id\":\"https:\\\/\\\/secure.gravatar.com\\\/avatar\\\/f6d8782c11d12b2d4ad3fbb6931aeab5309937a4d6cd2fc9cfaa28a6396a5aec?s=96&d=mm&r=g\",\"url\":\"https:\\\/\\\/secure.gravatar.com\\\/avatar\\\/f6d8782c11d12b2d4ad3fbb6931aeab5309937a4d6cd2fc9cfaa28a6396a5aec?s=96&d=mm&r=g\",\"contentUrl\":\"https:\\\/\\\/secure.gravatar.com\\\/avatar\\\/f6d8782c11d12b2d4ad3fbb6931aeab5309937a4d6cd2fc9cfaa28a6396a5aec?s=96&d=mm&r=g\",\"caption\":\"Redacci\u00f3n\"},\"url\":\"https:\\\/\\\/fuentesfidedignas.com.mx\\\/index.php\\\/author\\\/redaccion\\\/\"}]}<\/script>\n<!-- \/ Yoast SEO plugin. -->","yoast_head_json":{"title":"UBU e IMSS fortalecen la prevenci\u00f3n de enfermedades y promoci\u00f3n de la salud en Agronom\u00eda de la UAS - Fuentes Fidedignas","robots":{"index":"index","follow":"follow","max-snippet":"max-snippet:-1","max-image-preview":"max-image-preview:large","max-video-preview":"max-video-preview:-1"},"canonical":"https:\/\/fuentesfidedignas.com.mx\/index.php\/2026\/09\/04\/ubu-e-imss-fortalecen-la-prevencion-de-enfermedades-y-promocion-de-la-salud-en-agronomia-de-la-uas\/","og_locale":"es_MX","og_type":"article","og_title":"UBU e IMSS fortalecen la prevenci\u00f3n de enfermedades y promoci\u00f3n de la salud en Agronom\u00eda de la UAS - Fuentes Fidedignas","og_description":"El taller tiene como objetivo brindar a los trabajadores de la m\u00e1xima casa de estudios sinaloense informaci\u00f3n clara y sencilla sobre la importancia de la prevenci\u00f3n y la detecci\u00f3n temprana de las principales enfermedades no transmisibles, con el prop\u00f3sito de fomentar estilos de vida saludables y detectar oportunamente factores de riesgo para la salud. M\u00e9xico [&hellip;]","og_url":"https:\/\/fuentesfidedignas.com.mx\/index.php\/2026\/09\/04\/ubu-e-imss-fortalecen-la-prevencion-de-enfermedades-y-promocion-de-la-salud-en-agronomia-de-la-uas\/","og_site_name":"Fuentes Fidedignas","article_publisher":"https:\/\/www.facebook.com\/Fuentes-Fidedignas-368234489921644","article_published_time":"2026-09-04T13:28:31+00:00","article_modified_time":"2026-09-04T13:30:45+00:00","og_image":[{"width":500,"height":333,"url":"https:\/\/fuentesfidedignas.com.mx\/wp-content\/uploads\/2026\/09\/PROGRAMA-ELSSA-IMSS-PLATICA-PREVENCION-ENFERMEDADES-FAC-AGRONOMIA-1.jpg","type":"image\/jpeg"}],"author":"Redacci\u00f3n","twitter_card":"summary_large_image","twitter_creator":"@fidedignas","twitter_site":"@fidedignas","twitter_misc":{"Escrito por":"Redacci\u00f3n","Tiempo de lectura":"2 minutos"},"schema":{"@context":"https:\/\/schema.org","@graph":[{"@type":"Article","@id":"https:\/\/fuentesfidedignas.com.mx\/index.php\/2026\/09\/04\/ubu-e-imss-fortalecen-la-prevencion-de-enfermedades-y-promocion-de-la-salud-en-agronomia-de-la-uas\/#article","isPartOf":{"@id":"https:\/\/fuentesfidedignas.com.mx\/index.php\/2026\/09\/04\/ubu-e-imss-fortalecen-la-prevencion-de-enfermedades-y-promocion-de-la-salud-en-agronomia-de-la-uas\/"},"author":{"name":"Redacci\u00f3n","@id":"https:\/\/fuentesfidedignas.com.mx\/#\/schema\/person\/331be9283d37198e2acd5750279085b0"},"headline":"UBU e IMSS fortalecen la prevenci\u00f3n de enfermedades y promoci\u00f3n de la salud en Agronom\u00eda de la UAS","datePublished":"2026-09-04T13:28:31+00:00","dateModified":"2026-09-04T13:30:45+00:00","mainEntityOfPage":{"@id":"https:\/\/fuentesfidedignas.com.mx\/index.php\/2026\/09\/04\/ubu-e-imss-fortalecen-la-prevencion-de-enfermedades-y-promocion-de-la-salud-en-agronomia-de-la-uas\/"},"wordCount":371,"commentCount":0,"publisher":{"@id":"https:\/\/fuentesfidedignas.com.mx\/#organization"},"image":{"@id":"https:\/\/fuentesfidedignas.com.mx\/index.php\/2026\/09\/04\/ubu-e-imss-fortalecen-la-prevencion-de-enfermedades-y-promocion-de-la-salud-en-agronomia-de-la-uas\/#primaryimage"},"thumbnailUrl":"https:\/\/fuentesfidedignas.com.mx\/wp-content\/uploads\/2026\/09\/PROGRAMA-ELSSA-IMSS-PLATICA-PREVENCION-ENFERMEDADES-FAC-AGRONOMIA-1.jpg","articleSection":["NOTICIAS LOCALES"],"inLanguage":"es","potentialAction":[{"@type":"CommentAction","name":"Comment","target":["https:\/\/fuentesfidedignas.com.mx\/index.php\/2026\/09\/04\/ubu-e-imss-fortalecen-la-prevencion-de-enfermedades-y-promocion-de-la-salud-en-agronomia-de-la-uas\/#respond"]}]},{"@type":"WebPage","@id":"https:\/\/fuentesfidedignas.com.mx\/index.php\/2026\/09\/04\/ubu-e-imss-fortalecen-la-prevencion-de-enfermedades-y-promocion-de-la-salud-en-agronomia-de-la-uas\/","url":"https:\/\/fuentesfidedignas.com.mx\/index.php\/2026\/09\/04\/ubu-e-imss-fortalecen-la-prevencion-de-enfermedades-y-promocion-de-la-salud-en-agronomia-de-la-uas\/","name":"UBU e IMSS fortalecen la prevenci\u00f3n de enfermedades y promoci\u00f3n de la salud en Agronom\u00eda de la UAS - Fuentes Fidedignas","isPartOf":{"@id":"https:\/\/fuentesfidedignas.com.mx\/#website"},"primaryImageOfPage":{"@id":"https:\/\/fuentesfidedignas.com.mx\/index.php\/2026\/09\/04\/ubu-e-imss-fortalecen-la-prevencion-de-enfermedades-y-promocion-de-la-salud-en-agronomia-de-la-uas\/#primaryimage"},"image":{"@id":"https:\/\/fuentesfidedignas.com.mx\/index.php\/2026\/09\/04\/ubu-e-imss-fortalecen-la-prevencion-de-enfermedades-y-promocion-de-la-salud-en-agronomia-de-la-uas\/#primaryimage"},"thumbnailUrl":"https:\/\/fuentesfidedignas.com.mx\/wp-content\/uploads\/2026\/09\/PROGRAMA-ELSSA-IMSS-PLATICA-PREVENCION-ENFERMEDADES-FAC-AGRONOMIA-1.jpg","datePublished":"2026-09-04T13:28:31+00:00","dateModified":"2026-09-04T13:30:45+00:00","breadcrumb":{"@id":"https:\/\/fuentesfidedignas.com.mx\/index.php\/2026\/09\/04\/ubu-e-imss-fortalecen-la-prevencion-de-enfermedades-y-promocion-de-la-salud-en-agronomia-de-la-uas\/#breadcrumb"},"inLanguage":"es","potentialAction":[{"@type":"ReadAction","target":["https:\/\/fuentesfidedignas.com.mx\/index.php\/2026\/09\/04\/ubu-e-imss-fortalecen-la-prevencion-de-enfermedades-y-promocion-de-la-salud-en-agronomia-de-la-uas\/"]}]},{"@type":"ImageObject","inLanguage":"es","@id":"https:\/\/fuentesfidedignas.com.mx\/index.php\/2026\/09\/04\/ubu-e-imss-fortalecen-la-prevencion-de-enfermedades-y-promocion-de-la-salud-en-agronomia-de-la-uas\/#primaryimage","url":"https:\/\/fuentesfidedignas.com.mx\/wp-content\/uploads\/2026\/09\/PROGRAMA-ELSSA-IMSS-PLATICA-PREVENCION-ENFERMEDADES-FAC-AGRONOMIA-1.jpg","contentUrl":"https:\/\/fuentesfidedignas.com.mx\/wp-content\/uploads\/2026\/09\/PROGRAMA-ELSSA-IMSS-PLATICA-PREVENCION-ENFERMEDADES-FAC-AGRONOMIA-1.jpg","width":500,"height":333},{"@type":"BreadcrumbList","@id":"https:\/\/fuentesfidedignas.com.mx\/index.php\/2026\/09\/04\/ubu-e-imss-fortalecen-la-prevencion-de-enfermedades-y-promocion-de-la-salud-en-agronomia-de-la-uas\/#breadcrumb","itemListElement":[{"@type":"ListItem","position":1,"name":"Inicio","item":"https:\/\/fuentesfidedignas.com.mx\/"},{"@type":"ListItem","position":2,"name":"UBU e IMSS fortalecen la prevenci\u00f3n de enfermedades y promoci\u00f3n de la salud en Agronom\u00eda de la UAS"}]},{"@type":"WebSite","@id":"https:\/\/fuentesfidedignas.com.mx\/#website","url":"https:\/\/fuentesfidedignas.com.mx\/","name":"Fuentes Fidedignas","description":"Otro sitio realizado con WordPress","publisher":{"@id":"https:\/\/fuentesfidedignas.com.mx\/#organization"},"potentialAction":[{"@type":"SearchAction","target":{"@type":"EntryPoint","urlTemplate":"https:\/\/fuentesfidedignas.com.mx\/?s={search_term_string}"},"query-input":{"@type":"PropertyValueSpecification","valueRequired":true,"valueName":"search_term_string"}}],"inLanguage":"es"},{"@type":"Organization","@id":"https:\/\/fuentesfidedignas.com.mx\/#organization","name":"Fuentes Fidedignas","url":"https:\/\/fuentesfidedignas.com.mx\/","logo":{"@type":"ImageObject","inLanguage":"es","@id":"https:\/\/fuentesfidedignas.com.mx\/#\/schema\/logo\/image\/","url":"https:\/\/fuentesfidedignas.com.mx\/wp-content\/uploads\/2021\/04\/logo-retina.png","contentUrl":"https:\/\/fuentesfidedignas.com.mx\/wp-content\/uploads\/2021\/04\/logo-retina.png","width":280,"height":51,"caption":"Fuentes Fidedignas"},"image":{"@id":"https:\/\/fuentesfidedignas.com.mx\/#\/schema\/logo\/image\/"},"sameAs":["https:\/\/www.facebook.com\/Fuentes-Fidedignas-368234489921644","https:\/\/x.com\/fidedignas"]},{"@type":"Person","@id":"https:\/\/fuentesfidedignas.com.mx\/#\/schema\/person\/331be9283d37198e2acd5750279085b0","name":"Redacci\u00f3n","image":{"@type":"ImageObject","inLanguage":"es","@id":"https:\/\/secure.gravatar.com\/avatar\/f6d8782c11d12b2d4ad3fbb6931aeab5309937a4d6cd2fc9cfaa28a6396a5aec?s=96&d=mm&r=g","url":"https:\/\/secure.gravatar.com\/avatar\/f6d8782c11d12b2d4ad3fbb6931aeab5309937a4d6cd2fc9cfaa28a6396a5aec?s=96&d=mm&r=g","contentUrl":"https:\/\/secure.gravatar.com\/avatar\/f6d8782c11d12b2d4ad3fbb6931aeab5309937a4d6cd2fc9cfaa28a6396a5aec?s=96&d=mm&r=g","caption":"Redacci\u00f3n"},"url":"https:\/\/fuentesfidedignas.com.mx\/index.php\/author\/redaccion\/"}]}},"_links":{"self":[{"href":"https:\/\/fuentesfidedignas.com.mx\/index.php\/wp-json\/wp\/v2\/posts\/141610","targetHints":{"allow":["GET"]}}],"collection":[{"href":"https:\/\/fuentesfidedignas.com.mx\/index.php\/wp-json\/wp\/v2\/posts"}],"about":[{"href":"https:\/\/fuentesfidedignas.com.mx\/index.php\/wp-json\/wp\/v2\/types\/post"}],"author":[{"embeddable":true,"href":"https:\/\/fuentesfidedignas.com.mx\/index.php\/wp-json\/wp\/v2\/users\/4"}],"replies":[{"embeddable":true,"href":"https:\/\/fuentesfidedignas.com.mx\/index.php\/wp-json\/wp\/v2\/comments?post=141610"}],"version-history":[{"count":3,"href":"https:\/\/fuentesfidedignas.com.mx\/index.php\/wp-json\/wp\/v2\/posts\/141610\/revisions"}],"predecessor-version":[{"id":141614,"href":"https:\/\/fuentesfidedignas.com.mx\/index.php\/wp-json\/wp\/v2\/posts\/141610\/revisions\/141614"}],"wp:featuredmedia":[{"embeddable":true,"href":"https:\/\/fuentesfidedignas.com.mx\/index.php\/wp-json\/wp\/v2\/media\/141611"}],"wp:attachment":[{"href":"https:\/\/fuentesfidedignas.com.mx\/index.php\/wp-json\/wp\/v2\/media?parent=141610"}],"wp:term":[{"taxonomy":"category","embeddable":true,"href":"https:\/\/fuentesfidedignas.com.mx\/index.php\/wp-json\/wp\/v2\/categories?post=141610"},{"taxonomy":"post_tag","embeddable":true,"href":"https:\/\/fuentesfidedignas.com.mx\/index.php\/wp-json\/wp\/v2\/tags?post=141610"}],"curies":[{"name":"wp","href":"https:\/\/api.w.org\/{rel}","templated":true}]}}