{"id":141604,"date":"2026-09-03T19:05:18","date_gmt":"2026-09-04T02:05:18","guid":{"rendered":"https:\/\/fuentesfidedignas.com.mx\/?p=141604"},"modified":"2026-09-03T19:05:18","modified_gmt":"2026-09-04T02:05:18","slug":"tras-atentado-afuera-de-cu-uas-anuncia-medidas-de-seguridad","status":"publish","type":"post","link":"https:\/\/fuentesfidedignas.com.mx\/index.php\/2026\/09\/03\/tras-atentado-afuera-de-cu-uas-anuncia-medidas-de-seguridad\/","title":{"rendered":"Tras atentado afuera de CU, UAS anuncia medidas de seguridad"},"content":{"rendered":"\n<p class=\"wp-block-paragraph\">La Universidad Aut\u00f3noma de Sinaloa (UAS), desde el \u00e1mbito de sus competencias y con el compromiso permanente de procurar el bienestar de su comunidad, mantiene en operaci\u00f3n sus actividades sustantivas y sus espacios universitarios, respaldada por diversos protocolos que permiten desarrollar con normalidad las labores acad\u00e9micas, administrativas, de investigaci\u00f3n y de vinculaci\u00f3n.<\/p>\n\n\n\n<p class=\"wp-block-paragraph\">Como parte de su responsabilidad institucional, la m\u00e1xima casa de estudios sinaloense cuenta con mecanismos de organizaci\u00f3n y atenci\u00f3n que contribuyen a generar condiciones adecuadas para el desempe\u00f1o de estudiantes, docentes, investigadores, personal administrativo y trabajadores, fortaleciendo de manera permanente una cultura de prevenci\u00f3n, cuidado y corresponsabilidad.<\/p>\n\n\n\n<p class=\"wp-block-paragraph\">En este sentido, las aulas, laboratorios, oficinas, centros de investigaci\u00f3n y dem\u00e1s instalaciones universitarias contin\u00faan trabajando bajo esquemas establecidos para favorecer el desarrollo de las actividades y brindar certeza a quienes integran la comunidad universitaria.<\/p>\n\n\n\n<p class=\"wp-block-paragraph\">La Universidad destaca que mantener la continuidad de sus funciones sustantivas representa una de sus principales prioridades, por lo que las distintas unidades acad\u00e9micas y dependencias trabajan de manera coordinada para garantizar el cumplimiento de los programas acad\u00e9micos y de investigaci\u00f3n, as\u00ed como de las tareas administrativas y de servicio que forman parte de la vida institucional.<\/p>\n\n\n\n<p class=\"wp-block-paragraph\">La aplicaci\u00f3n de protocolos y medidas de organizaci\u00f3n permite a la UAS responder de manera responsable a las circunstancias de su entorno, siempre dentro de sus facultades y competencias, fortaleciendo las condiciones que favorecen el desarrollo cotidiano de la comunidad.<\/p>\n\n\n\n<p class=\"wp-block-paragraph\">Con esta labor, la Universidad Aut\u00f3noma de Sinaloa refrenda su compromiso con una educaci\u00f3n de calidad y con el bienestar de quienes forman parte de ella, manteniendo sus espacios activos y sus servicios en funcionamiento.<\/p>\n\n\n\n<p class=\"wp-block-paragraph\">La UAS reconoce la participaci\u00f3n responsable de estudiantes, trabajadores y docentes, quienes contribuyen diariamente a que la instituci\u00f3n contin\u00fae avanzando y cumpliendo con su misi\u00f3n de formar profesionales, generar conocimiento, promover la cultura y aportar al desarrollo de Sinaloa.<\/p>\n\n\n\n<p class=\"wp-block-paragraph\">De esta manera, la m\u00e1xima casa de estudios sinaloense mantiene una din\u00e1mica institucional s\u00f3lida, organizada y comprometida, en la que la seguridad, el bienestar y la continuidad de las actividades sustantivas forman parte de un mismo esfuerzo para seguir construyendo una Universidad cercana, activa y al servicio de su comunidad.<\/p>\n","protected":false},"excerpt":{"rendered":"<p>La Universidad Aut\u00f3noma de Sinaloa (UAS), desde el \u00e1mbito de sus competencias y con el compromiso permanente de procurar el bienestar de su comunidad, mantiene en operaci\u00f3n sus actividades sustantivas y sus espacios universitarios, respaldada por diversos protocolos que permiten desarrollar con normalidad las labores acad\u00e9micas, administrativas, de investigaci\u00f3n y de vinculaci\u00f3n. Como parte de [&hellip;]<\/p>\n","protected":false},"author":4,"featured_media":141603,"comment_status":"closed","ping_status":"open","sticky":false,"template":"","format":"standard","meta":{"tdm_status":"","tdm_grid_status":"","footnotes":""},"categories":[37],"tags":[],"class_list":["post-141604","post","type-post","status-publish","format-standard","has-post-thumbnail","category-nota-principal"],"yoast_head":"<!-- This site is optimized with the Yoast SEO plugin v28.4 - https:\/\/yoast.com\/product\/yoast-seo-wordpress\/ -->\n<title>Tras atentado afuera de CU, UAS anuncia medidas de seguridad - Fuentes Fidedignas<\/title>\n<meta name=\"robots\" content=\"index, follow, max-snippet:-1, max-image-preview:large, max-video-preview:-1\" \/>\n<link rel=\"canonical\" href=\"https:\/\/fuentesfidedignas.com.mx\/index.php\/2026\/09\/03\/tras-atentado-afuera-de-cu-uas-anuncia-medidas-de-seguridad\/\" \/>\n<meta property=\"og:locale\" content=\"es_MX\" \/>\n<meta property=\"og:type\" content=\"article\" \/>\n<meta property=\"og:title\" content=\"Tras atentado afuera de CU, UAS anuncia medidas de seguridad - Fuentes Fidedignas\" \/>\n<meta property=\"og:description\" content=\"La Universidad Aut\u00f3noma de Sinaloa (UAS), desde el \u00e1mbito de sus competencias y con el compromiso permanente de procurar el bienestar de su comunidad, mantiene en operaci\u00f3n sus actividades sustantivas y sus espacios universitarios, respaldada por diversos protocolos que permiten desarrollar con normalidad las labores acad\u00e9micas, administrativas, de investigaci\u00f3n y de vinculaci\u00f3n. Como parte de [&hellip;]\" \/>\n<meta property=\"og:url\" content=\"https:\/\/fuentesfidedignas.com.mx\/index.php\/2026\/09\/03\/tras-atentado-afuera-de-cu-uas-anuncia-medidas-de-seguridad\/\" \/>\n<meta property=\"og:site_name\" content=\"Fuentes Fidedignas\" \/>\n<meta property=\"article:publisher\" content=\"https:\/\/www.facebook.com\/Fuentes-Fidedignas-368234489921644\" \/>\n<meta property=\"article:published_time\" content=\"2026-09-04T02:05:18+00:00\" \/>\n<meta property=\"og:image\" content=\"https:\/\/fuentesfidedignas.com.mx\/wp-content\/uploads\/2026\/09\/img_8777.jpeg\" \/>\n\t<meta property=\"og:image:width\" content=\"1600\" \/>\n\t<meta property=\"og:image:height\" content=\"1200\" \/>\n\t<meta property=\"og:image:type\" content=\"image\/jpeg\" \/>\n<meta name=\"author\" content=\"Redacci\u00f3n\" \/>\n<meta name=\"twitter:card\" content=\"summary_large_image\" \/>\n<meta name=\"twitter:creator\" content=\"@fidedignas\" \/>\n<meta name=\"twitter:site\" content=\"@fidedignas\" \/>\n<meta name=\"twitter:label1\" content=\"Escrito por\" \/>\n\t<meta name=\"twitter:data1\" content=\"Redacci\u00f3n\" \/>\n\t<meta name=\"twitter:label2\" content=\"Tiempo de lectura\" \/>\n\t<meta name=\"twitter:data2\" content=\"2 minutos\" \/>\n<script type=\"application\/ld+json\" class=\"yoast-schema-graph\">{\"@context\":\"https:\\\/\\\/schema.org\",\"@graph\":[{\"@type\":\"Article\",\"@id\":\"https:\\\/\\\/fuentesfidedignas.com.mx\\\/index.php\\\/2026\\\/09\\\/03\\\/tras-atentado-afuera-de-cu-uas-anuncia-medidas-de-seguridad\\\/#article\",\"isPartOf\":{\"@id\":\"https:\\\/\\\/fuentesfidedignas.com.mx\\\/index.php\\\/2026\\\/09\\\/03\\\/tras-atentado-afuera-de-cu-uas-anuncia-medidas-de-seguridad\\\/\"},\"author\":{\"name\":\"Redacci\u00f3n\",\"@id\":\"https:\\\/\\\/fuentesfidedignas.com.mx\\\/#\\\/schema\\\/person\\\/331be9283d37198e2acd5750279085b0\"},\"headline\":\"Tras atentado afuera de CU, UAS anuncia medidas de seguridad\",\"datePublished\":\"2026-09-04T02:05:18+00:00\",\"mainEntityOfPage\":{\"@id\":\"https:\\\/\\\/fuentesfidedignas.com.mx\\\/index.php\\\/2026\\\/09\\\/03\\\/tras-atentado-afuera-de-cu-uas-anuncia-medidas-de-seguridad\\\/\"},\"wordCount\":392,\"publisher\":{\"@id\":\"https:\\\/\\\/fuentesfidedignas.com.mx\\\/#organization\"},\"image\":{\"@id\":\"https:\\\/\\\/fuentesfidedignas.com.mx\\\/index.php\\\/2026\\\/09\\\/03\\\/tras-atentado-afuera-de-cu-uas-anuncia-medidas-de-seguridad\\\/#primaryimage\"},\"thumbnailUrl\":\"https:\\\/\\\/fuentesfidedignas.com.mx\\\/wp-content\\\/uploads\\\/2026\\\/09\\\/img_8777.jpeg\",\"articleSection\":[\"NOTA PRINCIPAL\"],\"inLanguage\":\"es\"},{\"@type\":\"WebPage\",\"@id\":\"https:\\\/\\\/fuentesfidedignas.com.mx\\\/index.php\\\/2026\\\/09\\\/03\\\/tras-atentado-afuera-de-cu-uas-anuncia-medidas-de-seguridad\\\/\",\"url\":\"https:\\\/\\\/fuentesfidedignas.com.mx\\\/index.php\\\/2026\\\/09\\\/03\\\/tras-atentado-afuera-de-cu-uas-anuncia-medidas-de-seguridad\\\/\",\"name\":\"Tras atentado afuera de CU, UAS anuncia medidas de seguridad - Fuentes Fidedignas\",\"isPartOf\":{\"@id\":\"https:\\\/\\\/fuentesfidedignas.com.mx\\\/#website\"},\"primaryImageOfPage\":{\"@id\":\"https:\\\/\\\/fuentesfidedignas.com.mx\\\/index.php\\\/2026\\\/09\\\/03\\\/tras-atentado-afuera-de-cu-uas-anuncia-medidas-de-seguridad\\\/#primaryimage\"},\"image\":{\"@id\":\"https:\\\/\\\/fuentesfidedignas.com.mx\\\/index.php\\\/2026\\\/09\\\/03\\\/tras-atentado-afuera-de-cu-uas-anuncia-medidas-de-seguridad\\\/#primaryimage\"},\"thumbnailUrl\":\"https:\\\/\\\/fuentesfidedignas.com.mx\\\/wp-content\\\/uploads\\\/2026\\\/09\\\/img_8777.jpeg\",\"datePublished\":\"2026-09-04T02:05:18+00:00\",\"breadcrumb\":{\"@id\":\"https:\\\/\\\/fuentesfidedignas.com.mx\\\/index.php\\\/2026\\\/09\\\/03\\\/tras-atentado-afuera-de-cu-uas-anuncia-medidas-de-seguridad\\\/#breadcrumb\"},\"inLanguage\":\"es\",\"potentialAction\":[{\"@type\":\"ReadAction\",\"target\":[\"https:\\\/\\\/fuentesfidedignas.com.mx\\\/index.php\\\/2026\\\/09\\\/03\\\/tras-atentado-afuera-de-cu-uas-anuncia-medidas-de-seguridad\\\/\"]}]},{\"@type\":\"ImageObject\",\"inLanguage\":\"es\",\"@id\":\"https:\\\/\\\/fuentesfidedignas.com.mx\\\/index.php\\\/2026\\\/09\\\/03\\\/tras-atentado-afuera-de-cu-uas-anuncia-medidas-de-seguridad\\\/#primaryimage\",\"url\":\"https:\\\/\\\/fuentesfidedignas.com.mx\\\/wp-content\\\/uploads\\\/2026\\\/09\\\/img_8777.jpeg\",\"contentUrl\":\"https:\\\/\\\/fuentesfidedignas.com.mx\\\/wp-content\\\/uploads\\\/2026\\\/09\\\/img_8777.jpeg\",\"width\":1600,\"height\":1200},{\"@type\":\"BreadcrumbList\",\"@id\":\"https:\\\/\\\/fuentesfidedignas.com.mx\\\/index.php\\\/2026\\\/09\\\/03\\\/tras-atentado-afuera-de-cu-uas-anuncia-medidas-de-seguridad\\\/#breadcrumb\",\"itemListElement\":[{\"@type\":\"ListItem\",\"position\":1,\"name\":\"Inicio\",\"item\":\"https:\\\/\\\/fuentesfidedignas.com.mx\\\/\"},{\"@type\":\"ListItem\",\"position\":2,\"name\":\"Tras atentado afuera de CU, UAS anuncia medidas de seguridad\"}]},{\"@type\":\"WebSite\",\"@id\":\"https:\\\/\\\/fuentesfidedignas.com.mx\\\/#website\",\"url\":\"https:\\\/\\\/fuentesfidedignas.com.mx\\\/\",\"name\":\"Fuentes Fidedignas\",\"description\":\"Otro sitio realizado con WordPress\",\"publisher\":{\"@id\":\"https:\\\/\\\/fuentesfidedignas.com.mx\\\/#organization\"},\"potentialAction\":[{\"@type\":\"SearchAction\",\"target\":{\"@type\":\"EntryPoint\",\"urlTemplate\":\"https:\\\/\\\/fuentesfidedignas.com.mx\\\/?s={search_term_string}\"},\"query-input\":{\"@type\":\"PropertyValueSpecification\",\"valueRequired\":true,\"valueName\":\"search_term_string\"}}],\"inLanguage\":\"es\"},{\"@type\":\"Organization\",\"@id\":\"https:\\\/\\\/fuentesfidedignas.com.mx\\\/#organization\",\"name\":\"Fuentes Fidedignas\",\"url\":\"https:\\\/\\\/fuentesfidedignas.com.mx\\\/\",\"logo\":{\"@type\":\"ImageObject\",\"inLanguage\":\"es\",\"@id\":\"https:\\\/\\\/fuentesfidedignas.com.mx\\\/#\\\/schema\\\/logo\\\/image\\\/\",\"url\":\"https:\\\/\\\/fuentesfidedignas.com.mx\\\/wp-content\\\/uploads\\\/2021\\\/04\\\/logo-retina.png\",\"contentUrl\":\"https:\\\/\\\/fuentesfidedignas.com.mx\\\/wp-content\\\/uploads\\\/2021\\\/04\\\/logo-retina.png\",\"width\":280,\"height\":51,\"caption\":\"Fuentes Fidedignas\"},\"image\":{\"@id\":\"https:\\\/\\\/fuentesfidedignas.com.mx\\\/#\\\/schema\\\/logo\\\/image\\\/\"},\"sameAs\":[\"https:\\\/\\\/www.facebook.com\\\/Fuentes-Fidedignas-368234489921644\",\"https:\\\/\\\/x.com\\\/fidedignas\"]},{\"@type\":\"Person\",\"@id\":\"https:\\\/\\\/fuentesfidedignas.com.mx\\\/#\\\/schema\\\/person\\\/331be9283d37198e2acd5750279085b0\",\"name\":\"Redacci\u00f3n\",\"image\":{\"@type\":\"ImageObject\",\"inLanguage\":\"es\",\"@id\":\"https:\\\/\\\/secure.gravatar.com\\\/avatar\\\/f6d8782c11d12b2d4ad3fbb6931aeab5309937a4d6cd2fc9cfaa28a6396a5aec?s=96&d=mm&r=g\",\"url\":\"https:\\\/\\\/secure.gravatar.com\\\/avatar\\\/f6d8782c11d12b2d4ad3fbb6931aeab5309937a4d6cd2fc9cfaa28a6396a5aec?s=96&d=mm&r=g\",\"contentUrl\":\"https:\\\/\\\/secure.gravatar.com\\\/avatar\\\/f6d8782c11d12b2d4ad3fbb6931aeab5309937a4d6cd2fc9cfaa28a6396a5aec?s=96&d=mm&r=g\",\"caption\":\"Redacci\u00f3n\"},\"url\":\"https:\\\/\\\/fuentesfidedignas.com.mx\\\/index.php\\\/author\\\/redaccion\\\/\"}]}<\/script>\n<!-- \/ Yoast SEO plugin. -->","yoast_head_json":{"title":"Tras atentado afuera de CU, UAS anuncia medidas de seguridad - Fuentes Fidedignas","robots":{"index":"index","follow":"follow","max-snippet":"max-snippet:-1","max-image-preview":"max-image-preview:large","max-video-preview":"max-video-preview:-1"},"canonical":"https:\/\/fuentesfidedignas.com.mx\/index.php\/2026\/09\/03\/tras-atentado-afuera-de-cu-uas-anuncia-medidas-de-seguridad\/","og_locale":"es_MX","og_type":"article","og_title":"Tras atentado afuera de CU, UAS anuncia medidas de seguridad - Fuentes Fidedignas","og_description":"La Universidad Aut\u00f3noma de Sinaloa (UAS), desde el \u00e1mbito de sus competencias y con el compromiso permanente de procurar el bienestar de su comunidad, mantiene en operaci\u00f3n sus actividades sustantivas y sus espacios universitarios, respaldada por diversos protocolos que permiten desarrollar con normalidad las labores acad\u00e9micas, administrativas, de investigaci\u00f3n y de vinculaci\u00f3n. Como parte de [&hellip;]","og_url":"https:\/\/fuentesfidedignas.com.mx\/index.php\/2026\/09\/03\/tras-atentado-afuera-de-cu-uas-anuncia-medidas-de-seguridad\/","og_site_name":"Fuentes Fidedignas","article_publisher":"https:\/\/www.facebook.com\/Fuentes-Fidedignas-368234489921644","article_published_time":"2026-09-04T02:05:18+00:00","og_image":[{"width":1600,"height":1200,"url":"https:\/\/fuentesfidedignas.com.mx\/wp-content\/uploads\/2026\/09\/img_8777.jpeg","type":"image\/jpeg"}],"author":"Redacci\u00f3n","twitter_card":"summary_large_image","twitter_creator":"@fidedignas","twitter_site":"@fidedignas","twitter_misc":{"Escrito por":"Redacci\u00f3n","Tiempo de lectura":"2 minutos"},"schema":{"@context":"https:\/\/schema.org","@graph":[{"@type":"Article","@id":"https:\/\/fuentesfidedignas.com.mx\/index.php\/2026\/09\/03\/tras-atentado-afuera-de-cu-uas-anuncia-medidas-de-seguridad\/#article","isPartOf":{"@id":"https:\/\/fuentesfidedignas.com.mx\/index.php\/2026\/09\/03\/tras-atentado-afuera-de-cu-uas-anuncia-medidas-de-seguridad\/"},"author":{"name":"Redacci\u00f3n","@id":"https:\/\/fuentesfidedignas.com.mx\/#\/schema\/person\/331be9283d37198e2acd5750279085b0"},"headline":"Tras atentado afuera de CU, UAS anuncia medidas de seguridad","datePublished":"2026-09-04T02:05:18+00:00","mainEntityOfPage":{"@id":"https:\/\/fuentesfidedignas.com.mx\/index.php\/2026\/09\/03\/tras-atentado-afuera-de-cu-uas-anuncia-medidas-de-seguridad\/"},"wordCount":392,"publisher":{"@id":"https:\/\/fuentesfidedignas.com.mx\/#organization"},"image":{"@id":"https:\/\/fuentesfidedignas.com.mx\/index.php\/2026\/09\/03\/tras-atentado-afuera-de-cu-uas-anuncia-medidas-de-seguridad\/#primaryimage"},"thumbnailUrl":"https:\/\/fuentesfidedignas.com.mx\/wp-content\/uploads\/2026\/09\/img_8777.jpeg","articleSection":["NOTA PRINCIPAL"],"inLanguage":"es"},{"@type":"WebPage","@id":"https:\/\/fuentesfidedignas.com.mx\/index.php\/2026\/09\/03\/tras-atentado-afuera-de-cu-uas-anuncia-medidas-de-seguridad\/","url":"https:\/\/fuentesfidedignas.com.mx\/index.php\/2026\/09\/03\/tras-atentado-afuera-de-cu-uas-anuncia-medidas-de-seguridad\/","name":"Tras atentado afuera de CU, UAS anuncia medidas de seguridad - Fuentes Fidedignas","isPartOf":{"@id":"https:\/\/fuentesfidedignas.com.mx\/#website"},"primaryImageOfPage":{"@id":"https:\/\/fuentesfidedignas.com.mx\/index.php\/2026\/09\/03\/tras-atentado-afuera-de-cu-uas-anuncia-medidas-de-seguridad\/#primaryimage"},"image":{"@id":"https:\/\/fuentesfidedignas.com.mx\/index.php\/2026\/09\/03\/tras-atentado-afuera-de-cu-uas-anuncia-medidas-de-seguridad\/#primaryimage"},"thumbnailUrl":"https:\/\/fuentesfidedignas.com.mx\/wp-content\/uploads\/2026\/09\/img_8777.jpeg","datePublished":"2026-09-04T02:05:18+00:00","breadcrumb":{"@id":"https:\/\/fuentesfidedignas.com.mx\/index.php\/2026\/09\/03\/tras-atentado-afuera-de-cu-uas-anuncia-medidas-de-seguridad\/#breadcrumb"},"inLanguage":"es","potentialAction":[{"@type":"ReadAction","target":["https:\/\/fuentesfidedignas.com.mx\/index.php\/2026\/09\/03\/tras-atentado-afuera-de-cu-uas-anuncia-medidas-de-seguridad\/"]}]},{"@type":"ImageObject","inLanguage":"es","@id":"https:\/\/fuentesfidedignas.com.mx\/index.php\/2026\/09\/03\/tras-atentado-afuera-de-cu-uas-anuncia-medidas-de-seguridad\/#primaryimage","url":"https:\/\/fuentesfidedignas.com.mx\/wp-content\/uploads\/2026\/09\/img_8777.jpeg","contentUrl":"https:\/\/fuentesfidedignas.com.mx\/wp-content\/uploads\/2026\/09\/img_8777.jpeg","width":1600,"height":1200},{"@type":"BreadcrumbList","@id":"https:\/\/fuentesfidedignas.com.mx\/index.php\/2026\/09\/03\/tras-atentado-afuera-de-cu-uas-anuncia-medidas-de-seguridad\/#breadcrumb","itemListElement":[{"@type":"ListItem","position":1,"name":"Inicio","item":"https:\/\/fuentesfidedignas.com.mx\/"},{"@type":"ListItem","position":2,"name":"Tras atentado afuera de CU, UAS anuncia medidas de seguridad"}]},{"@type":"WebSite","@id":"https:\/\/fuentesfidedignas.com.mx\/#website","url":"https:\/\/fuentesfidedignas.com.mx\/","name":"Fuentes Fidedignas","description":"Otro sitio realizado con WordPress","publisher":{"@id":"https:\/\/fuentesfidedignas.com.mx\/#organization"},"potentialAction":[{"@type":"SearchAction","target":{"@type":"EntryPoint","urlTemplate":"https:\/\/fuentesfidedignas.com.mx\/?s={search_term_string}"},"query-input":{"@type":"PropertyValueSpecification","valueRequired":true,"valueName":"search_term_string"}}],"inLanguage":"es"},{"@type":"Organization","@id":"https:\/\/fuentesfidedignas.com.mx\/#organization","name":"Fuentes Fidedignas","url":"https:\/\/fuentesfidedignas.com.mx\/","logo":{"@type":"ImageObject","inLanguage":"es","@id":"https:\/\/fuentesfidedignas.com.mx\/#\/schema\/logo\/image\/","url":"https:\/\/fuentesfidedignas.com.mx\/wp-content\/uploads\/2021\/04\/logo-retina.png","contentUrl":"https:\/\/fuentesfidedignas.com.mx\/wp-content\/uploads\/2021\/04\/logo-retina.png","width":280,"height":51,"caption":"Fuentes Fidedignas"},"image":{"@id":"https:\/\/fuentesfidedignas.com.mx\/#\/schema\/logo\/image\/"},"sameAs":["https:\/\/www.facebook.com\/Fuentes-Fidedignas-368234489921644","https:\/\/x.com\/fidedignas"]},{"@type":"Person","@id":"https:\/\/fuentesfidedignas.com.mx\/#\/schema\/person\/331be9283d37198e2acd5750279085b0","name":"Redacci\u00f3n","image":{"@type":"ImageObject","inLanguage":"es","@id":"https:\/\/secure.gravatar.com\/avatar\/f6d8782c11d12b2d4ad3fbb6931aeab5309937a4d6cd2fc9cfaa28a6396a5aec?s=96&d=mm&r=g","url":"https:\/\/secure.gravatar.com\/avatar\/f6d8782c11d12b2d4ad3fbb6931aeab5309937a4d6cd2fc9cfaa28a6396a5aec?s=96&d=mm&r=g","contentUrl":"https:\/\/secure.gravatar.com\/avatar\/f6d8782c11d12b2d4ad3fbb6931aeab5309937a4d6cd2fc9cfaa28a6396a5aec?s=96&d=mm&r=g","caption":"Redacci\u00f3n"},"url":"https:\/\/fuentesfidedignas.com.mx\/index.php\/author\/redaccion\/"}]}},"_links":{"self":[{"href":"https:\/\/fuentesfidedignas.com.mx\/index.php\/wp-json\/wp\/v2\/posts\/141604","targetHints":{"allow":["GET"]}}],"collection":[{"href":"https:\/\/fuentesfidedignas.com.mx\/index.php\/wp-json\/wp\/v2\/posts"}],"about":[{"href":"https:\/\/fuentesfidedignas.com.mx\/index.php\/wp-json\/wp\/v2\/types\/post"}],"author":[{"embeddable":true,"href":"https:\/\/fuentesfidedignas.com.mx\/index.php\/wp-json\/wp\/v2\/users\/4"}],"replies":[{"embeddable":true,"href":"https:\/\/fuentesfidedignas.com.mx\/index.php\/wp-json\/wp\/v2\/comments?post=141604"}],"version-history":[{"count":1,"href":"https:\/\/fuentesfidedignas.com.mx\/index.php\/wp-json\/wp\/v2\/posts\/141604\/revisions"}],"predecessor-version":[{"id":141605,"href":"https:\/\/fuentesfidedignas.com.mx\/index.php\/wp-json\/wp\/v2\/posts\/141604\/revisions\/141605"}],"wp:featuredmedia":[{"embeddable":true,"href":"https:\/\/fuentesfidedignas.com.mx\/index.php\/wp-json\/wp\/v2\/media\/141603"}],"wp:attachment":[{"href":"https:\/\/fuentesfidedignas.com.mx\/index.php\/wp-json\/wp\/v2\/media?parent=141604"}],"wp:term":[{"taxonomy":"category","embeddable":true,"href":"https:\/\/fuentesfidedignas.com.mx\/index.php\/wp-json\/wp\/v2\/categories?post=141604"},{"taxonomy":"post_tag","embeddable":true,"href":"https:\/\/fuentesfidedignas.com.mx\/index.php\/wp-json\/wp\/v2\/tags?post=141604"}],"curies":[{"name":"wp","href":"https:\/\/api.w.org\/{rel}","templated":true}]}}