{"id":141600,"date":"2026-09-03T18:37:51","date_gmt":"2026-09-04T01:37:51","guid":{"rendered":"https:\/\/fuentesfidedignas.com.mx\/?p=141600"},"modified":"2026-09-03T18:37:51","modified_gmt":"2026-09-04T01:37:51","slug":"cuerpos-de-emergencia-se-coordinan-para-el-cosaltazo-off-road-26","status":"publish","type":"post","link":"https:\/\/fuentesfidedignas.com.mx\/index.php\/2026\/09\/03\/cuerpos-de-emergencia-se-coordinan-para-el-cosaltazo-off-road-26\/","title":{"rendered":"Cuerpos de emergencia se coordinan para el &#8220;Cosaltazo OFF-ROAD 26&#8221;"},"content":{"rendered":"\n<p class=\"wp-block-paragraph\"><\/p>\n\n\n\n<p class=\"wp-block-paragraph\"><em>\u2022 Las diversas actividades dar\u00e1n inicio este viernes 4 y concluyen el domingo 6 de septiembre<\/em><\/p>\n\n\n\n<p class=\"wp-block-paragraph\">Culiac\u00e1n, Sin.- Del 4 al 6 de septiembre se llevar\u00e1 a cabo el &#8220;Cosaltazo OFF-ROAD 26&#8221;, por lo que, autoridades de seguridad y cuerpos de auxilio llevaron a cabo una reuni\u00f3n de trabajo para coordinar el despliegue a implementarse durante dicho evento.<\/p>\n\n\n\n<p class=\"wp-block-paragraph\">En representaci\u00f3n del Secretario de Seguridad del Estado, Sinuh\u00e9 T\u00e9llez L\u00f3pez, el Subsecretario de Seguridad, de Prevenci\u00f3n y Reinserci\u00f3n Social inform\u00f3 que, el trabajo de las corporaci\u00f3n que conforman el Grupo Interinstitucional, es garantizar la seguridad durante las actividades a desarrollarse, por lo que exhort\u00f3 a los involucrados a mantenerse atentos a cualquier apoyo que se requiera para actuar de manera oportuna, todo a fin de que el evento transcurran en un entorno ameno y prevenir accidentes.<\/p>\n\n\n\n<p class=\"wp-block-paragraph\">Por su parte, el organizador Jos\u00e9 Carlos Arroyo Castilla, agradeci\u00f3 la disposici\u00f3n y apoyo de las autoridades federales, estatales y municipales, as\u00ed como los cuerpos de auxilio, para que las actividades transcurran en un ambiente seguro y familiar.<\/p>\n\n\n\n<p class=\"wp-block-paragraph\">Se inform\u00f3 que se estima una participaci\u00f3n de al menos 100 veh\u00edculos y 500 personas en las actividades que inician este viernes a las 11 de la ma\u00f1ana en Culiac\u00e1n desde donde partir\u00e1n hacia Cosal\u00e1, asimismo, el s\u00e1bado se contempla una ruta en poblados cercanos y por la tarde una fiesta popular en la plazuela municipal, y, para concluir, el domingo es el retorno a la capital del estado.<\/p>\n\n\n\n<p class=\"wp-block-paragraph\">Durante este encuentro estuvieron presentes el Ej\u00e9rcito Mexicano, Guardia Nacional, Secretar\u00eda de Marina, SSPC, Polic\u00eda Estatal Preventiva, Polic\u00eda Municipal, Protecci\u00f3n Civil Estatal, Cruz Roja y CRUM, mantienen una disposici\u00f3n de apoyo con los organizadores de este evento de actividad extrema.<\/p>\n\n\n\n<p class=\"wp-block-paragraph\">Las autoridades de los tres \u00f3rdenes de gobierno refrendan su compromiso de salvaguardar la seguridad e integridad de la ciudadan\u00eda durante el desarrollo de eventos familiares y de recreaci\u00f3n.<\/p>\n\n\n\n<p class=\"wp-block-paragraph\"><\/p>\n","protected":false},"excerpt":{"rendered":"<p>\u2022 Las diversas actividades dar\u00e1n inicio este viernes 4 y concluyen el domingo 6 de septiembre Culiac\u00e1n, Sin.- Del 4 al 6 de septiembre se llevar\u00e1 a cabo el &#8220;Cosaltazo OFF-ROAD 26&#8221;, por lo que, autoridades de seguridad y cuerpos de auxilio llevaron a cabo una reuni\u00f3n de trabajo para coordinar el despliegue a implementarse [&hellip;]<\/p>\n","protected":false},"author":4,"featured_media":141599,"comment_status":"closed","ping_status":"open","sticky":false,"template":"","format":"standard","meta":{"tdm_status":"","tdm_grid_status":"","footnotes":""},"categories":[38],"tags":[],"class_list":["post-141600","post","type-post","status-publish","format-standard","has-post-thumbnail","category-noticias-locales"],"yoast_head":"<!-- This site is optimized with the Yoast SEO plugin v28.4 - https:\/\/yoast.com\/product\/yoast-seo-wordpress\/ -->\n<title>Cuerpos de emergencia se coordinan para el &quot;Cosaltazo OFF-ROAD 26&quot; - Fuentes Fidedignas<\/title>\n<meta name=\"robots\" content=\"index, follow, max-snippet:-1, max-image-preview:large, max-video-preview:-1\" \/>\n<link rel=\"canonical\" href=\"https:\/\/fuentesfidedignas.com.mx\/index.php\/2026\/09\/03\/cuerpos-de-emergencia-se-coordinan-para-el-cosaltazo-off-road-26\/\" \/>\n<meta property=\"og:locale\" content=\"es_MX\" \/>\n<meta property=\"og:type\" content=\"article\" \/>\n<meta property=\"og:title\" content=\"Cuerpos de emergencia se coordinan para el &quot;Cosaltazo OFF-ROAD 26&quot; - Fuentes Fidedignas\" \/>\n<meta property=\"og:description\" content=\"\u2022 Las diversas actividades dar\u00e1n inicio este viernes 4 y concluyen el domingo 6 de septiembre Culiac\u00e1n, Sin.- Del 4 al 6 de septiembre se llevar\u00e1 a cabo el &#8220;Cosaltazo OFF-ROAD 26&#8221;, por lo que, autoridades de seguridad y cuerpos de auxilio llevaron a cabo una reuni\u00f3n de trabajo para coordinar el despliegue a implementarse [&hellip;]\" \/>\n<meta property=\"og:url\" content=\"https:\/\/fuentesfidedignas.com.mx\/index.php\/2026\/09\/03\/cuerpos-de-emergencia-se-coordinan-para-el-cosaltazo-off-road-26\/\" \/>\n<meta property=\"og:site_name\" content=\"Fuentes Fidedignas\" \/>\n<meta property=\"article:publisher\" content=\"https:\/\/www.facebook.com\/Fuentes-Fidedignas-368234489921644\" \/>\n<meta property=\"article:published_time\" content=\"2026-09-04T01:37:51+00:00\" \/>\n<meta property=\"og:image\" content=\"https:\/\/fuentesfidedignas.com.mx\/wp-content\/uploads\/2026\/09\/6f2a1329-0f81-402c-878c-c8f3a444a670.jpeg\" \/>\n\t<meta property=\"og:image:width\" content=\"1600\" \/>\n\t<meta property=\"og:image:height\" content=\"1066\" \/>\n\t<meta property=\"og:image:type\" content=\"image\/jpeg\" \/>\n<meta name=\"author\" content=\"Redacci\u00f3n\" \/>\n<meta name=\"twitter:card\" content=\"summary_large_image\" \/>\n<meta name=\"twitter:creator\" content=\"@fidedignas\" \/>\n<meta name=\"twitter:site\" content=\"@fidedignas\" \/>\n<meta name=\"twitter:label1\" content=\"Escrito por\" \/>\n\t<meta name=\"twitter:data1\" content=\"Redacci\u00f3n\" \/>\n\t<meta name=\"twitter:label2\" content=\"Tiempo de lectura\" \/>\n\t<meta name=\"twitter:data2\" content=\"2 minutos\" \/>\n<script type=\"application\/ld+json\" class=\"yoast-schema-graph\">{\"@context\":\"https:\\\/\\\/schema.org\",\"@graph\":[{\"@type\":\"Article\",\"@id\":\"https:\\\/\\\/fuentesfidedignas.com.mx\\\/index.php\\\/2026\\\/09\\\/03\\\/cuerpos-de-emergencia-se-coordinan-para-el-cosaltazo-off-road-26\\\/#article\",\"isPartOf\":{\"@id\":\"https:\\\/\\\/fuentesfidedignas.com.mx\\\/index.php\\\/2026\\\/09\\\/03\\\/cuerpos-de-emergencia-se-coordinan-para-el-cosaltazo-off-road-26\\\/\"},\"author\":{\"name\":\"Redacci\u00f3n\",\"@id\":\"https:\\\/\\\/fuentesfidedignas.com.mx\\\/#\\\/schema\\\/person\\\/331be9283d37198e2acd5750279085b0\"},\"headline\":\"Cuerpos de emergencia se coordinan para el &#8220;Cosaltazo OFF-ROAD 26&#8221;\",\"datePublished\":\"2026-09-04T01:37:51+00:00\",\"mainEntityOfPage\":{\"@id\":\"https:\\\/\\\/fuentesfidedignas.com.mx\\\/index.php\\\/2026\\\/09\\\/03\\\/cuerpos-de-emergencia-se-coordinan-para-el-cosaltazo-off-road-26\\\/\"},\"wordCount\":336,\"publisher\":{\"@id\":\"https:\\\/\\\/fuentesfidedignas.com.mx\\\/#organization\"},\"image\":{\"@id\":\"https:\\\/\\\/fuentesfidedignas.com.mx\\\/index.php\\\/2026\\\/09\\\/03\\\/cuerpos-de-emergencia-se-coordinan-para-el-cosaltazo-off-road-26\\\/#primaryimage\"},\"thumbnailUrl\":\"https:\\\/\\\/fuentesfidedignas.com.mx\\\/wp-content\\\/uploads\\\/2026\\\/09\\\/6f2a1329-0f81-402c-878c-c8f3a444a670.jpeg\",\"articleSection\":[\"NOTICIAS LOCALES\"],\"inLanguage\":\"es\"},{\"@type\":\"WebPage\",\"@id\":\"https:\\\/\\\/fuentesfidedignas.com.mx\\\/index.php\\\/2026\\\/09\\\/03\\\/cuerpos-de-emergencia-se-coordinan-para-el-cosaltazo-off-road-26\\\/\",\"url\":\"https:\\\/\\\/fuentesfidedignas.com.mx\\\/index.php\\\/2026\\\/09\\\/03\\\/cuerpos-de-emergencia-se-coordinan-para-el-cosaltazo-off-road-26\\\/\",\"name\":\"Cuerpos de emergencia se coordinan para el \\\"Cosaltazo OFF-ROAD 26\\\" - Fuentes Fidedignas\",\"isPartOf\":{\"@id\":\"https:\\\/\\\/fuentesfidedignas.com.mx\\\/#website\"},\"primaryImageOfPage\":{\"@id\":\"https:\\\/\\\/fuentesfidedignas.com.mx\\\/index.php\\\/2026\\\/09\\\/03\\\/cuerpos-de-emergencia-se-coordinan-para-el-cosaltazo-off-road-26\\\/#primaryimage\"},\"image\":{\"@id\":\"https:\\\/\\\/fuentesfidedignas.com.mx\\\/index.php\\\/2026\\\/09\\\/03\\\/cuerpos-de-emergencia-se-coordinan-para-el-cosaltazo-off-road-26\\\/#primaryimage\"},\"thumbnailUrl\":\"https:\\\/\\\/fuentesfidedignas.com.mx\\\/wp-content\\\/uploads\\\/2026\\\/09\\\/6f2a1329-0f81-402c-878c-c8f3a444a670.jpeg\",\"datePublished\":\"2026-09-04T01:37:51+00:00\",\"breadcrumb\":{\"@id\":\"https:\\\/\\\/fuentesfidedignas.com.mx\\\/index.php\\\/2026\\\/09\\\/03\\\/cuerpos-de-emergencia-se-coordinan-para-el-cosaltazo-off-road-26\\\/#breadcrumb\"},\"inLanguage\":\"es\",\"potentialAction\":[{\"@type\":\"ReadAction\",\"target\":[\"https:\\\/\\\/fuentesfidedignas.com.mx\\\/index.php\\\/2026\\\/09\\\/03\\\/cuerpos-de-emergencia-se-coordinan-para-el-cosaltazo-off-road-26\\\/\"]}]},{\"@type\":\"ImageObject\",\"inLanguage\":\"es\",\"@id\":\"https:\\\/\\\/fuentesfidedignas.com.mx\\\/index.php\\\/2026\\\/09\\\/03\\\/cuerpos-de-emergencia-se-coordinan-para-el-cosaltazo-off-road-26\\\/#primaryimage\",\"url\":\"https:\\\/\\\/fuentesfidedignas.com.mx\\\/wp-content\\\/uploads\\\/2026\\\/09\\\/6f2a1329-0f81-402c-878c-c8f3a444a670.jpeg\",\"contentUrl\":\"https:\\\/\\\/fuentesfidedignas.com.mx\\\/wp-content\\\/uploads\\\/2026\\\/09\\\/6f2a1329-0f81-402c-878c-c8f3a444a670.jpeg\",\"width\":1600,\"height\":1066},{\"@type\":\"BreadcrumbList\",\"@id\":\"https:\\\/\\\/fuentesfidedignas.com.mx\\\/index.php\\\/2026\\\/09\\\/03\\\/cuerpos-de-emergencia-se-coordinan-para-el-cosaltazo-off-road-26\\\/#breadcrumb\",\"itemListElement\":[{\"@type\":\"ListItem\",\"position\":1,\"name\":\"Inicio\",\"item\":\"https:\\\/\\\/fuentesfidedignas.com.mx\\\/\"},{\"@type\":\"ListItem\",\"position\":2,\"name\":\"Cuerpos de emergencia se coordinan para el &#8220;Cosaltazo OFF-ROAD 26&#8221;\"}]},{\"@type\":\"WebSite\",\"@id\":\"https:\\\/\\\/fuentesfidedignas.com.mx\\\/#website\",\"url\":\"https:\\\/\\\/fuentesfidedignas.com.mx\\\/\",\"name\":\"Fuentes Fidedignas\",\"description\":\"Otro sitio realizado con WordPress\",\"publisher\":{\"@id\":\"https:\\\/\\\/fuentesfidedignas.com.mx\\\/#organization\"},\"potentialAction\":[{\"@type\":\"SearchAction\",\"target\":{\"@type\":\"EntryPoint\",\"urlTemplate\":\"https:\\\/\\\/fuentesfidedignas.com.mx\\\/?s={search_term_string}\"},\"query-input\":{\"@type\":\"PropertyValueSpecification\",\"valueRequired\":true,\"valueName\":\"search_term_string\"}}],\"inLanguage\":\"es\"},{\"@type\":\"Organization\",\"@id\":\"https:\\\/\\\/fuentesfidedignas.com.mx\\\/#organization\",\"name\":\"Fuentes Fidedignas\",\"url\":\"https:\\\/\\\/fuentesfidedignas.com.mx\\\/\",\"logo\":{\"@type\":\"ImageObject\",\"inLanguage\":\"es\",\"@id\":\"https:\\\/\\\/fuentesfidedignas.com.mx\\\/#\\\/schema\\\/logo\\\/image\\\/\",\"url\":\"https:\\\/\\\/fuentesfidedignas.com.mx\\\/wp-content\\\/uploads\\\/2021\\\/04\\\/logo-retina.png\",\"contentUrl\":\"https:\\\/\\\/fuentesfidedignas.com.mx\\\/wp-content\\\/uploads\\\/2021\\\/04\\\/logo-retina.png\",\"width\":280,\"height\":51,\"caption\":\"Fuentes Fidedignas\"},\"image\":{\"@id\":\"https:\\\/\\\/fuentesfidedignas.com.mx\\\/#\\\/schema\\\/logo\\\/image\\\/\"},\"sameAs\":[\"https:\\\/\\\/www.facebook.com\\\/Fuentes-Fidedignas-368234489921644\",\"https:\\\/\\\/x.com\\\/fidedignas\"]},{\"@type\":\"Person\",\"@id\":\"https:\\\/\\\/fuentesfidedignas.com.mx\\\/#\\\/schema\\\/person\\\/331be9283d37198e2acd5750279085b0\",\"name\":\"Redacci\u00f3n\",\"image\":{\"@type\":\"ImageObject\",\"inLanguage\":\"es\",\"@id\":\"https:\\\/\\\/secure.gravatar.com\\\/avatar\\\/f6d8782c11d12b2d4ad3fbb6931aeab5309937a4d6cd2fc9cfaa28a6396a5aec?s=96&d=mm&r=g\",\"url\":\"https:\\\/\\\/secure.gravatar.com\\\/avatar\\\/f6d8782c11d12b2d4ad3fbb6931aeab5309937a4d6cd2fc9cfaa28a6396a5aec?s=96&d=mm&r=g\",\"contentUrl\":\"https:\\\/\\\/secure.gravatar.com\\\/avatar\\\/f6d8782c11d12b2d4ad3fbb6931aeab5309937a4d6cd2fc9cfaa28a6396a5aec?s=96&d=mm&r=g\",\"caption\":\"Redacci\u00f3n\"},\"url\":\"https:\\\/\\\/fuentesfidedignas.com.mx\\\/index.php\\\/author\\\/redaccion\\\/\"}]}<\/script>\n<!-- \/ Yoast SEO plugin. -->","yoast_head_json":{"title":"Cuerpos de emergencia se coordinan para el \"Cosaltazo OFF-ROAD 26\" - Fuentes Fidedignas","robots":{"index":"index","follow":"follow","max-snippet":"max-snippet:-1","max-image-preview":"max-image-preview:large","max-video-preview":"max-video-preview:-1"},"canonical":"https:\/\/fuentesfidedignas.com.mx\/index.php\/2026\/09\/03\/cuerpos-de-emergencia-se-coordinan-para-el-cosaltazo-off-road-26\/","og_locale":"es_MX","og_type":"article","og_title":"Cuerpos de emergencia se coordinan para el \"Cosaltazo OFF-ROAD 26\" - Fuentes Fidedignas","og_description":"\u2022 Las diversas actividades dar\u00e1n inicio este viernes 4 y concluyen el domingo 6 de septiembre Culiac\u00e1n, Sin.- Del 4 al 6 de septiembre se llevar\u00e1 a cabo el &#8220;Cosaltazo OFF-ROAD 26&#8221;, por lo que, autoridades de seguridad y cuerpos de auxilio llevaron a cabo una reuni\u00f3n de trabajo para coordinar el despliegue a implementarse [&hellip;]","og_url":"https:\/\/fuentesfidedignas.com.mx\/index.php\/2026\/09\/03\/cuerpos-de-emergencia-se-coordinan-para-el-cosaltazo-off-road-26\/","og_site_name":"Fuentes Fidedignas","article_publisher":"https:\/\/www.facebook.com\/Fuentes-Fidedignas-368234489921644","article_published_time":"2026-09-04T01:37:51+00:00","og_image":[{"width":1600,"height":1066,"url":"https:\/\/fuentesfidedignas.com.mx\/wp-content\/uploads\/2026\/09\/6f2a1329-0f81-402c-878c-c8f3a444a670.jpeg","type":"image\/jpeg"}],"author":"Redacci\u00f3n","twitter_card":"summary_large_image","twitter_creator":"@fidedignas","twitter_site":"@fidedignas","twitter_misc":{"Escrito por":"Redacci\u00f3n","Tiempo de lectura":"2 minutos"},"schema":{"@context":"https:\/\/schema.org","@graph":[{"@type":"Article","@id":"https:\/\/fuentesfidedignas.com.mx\/index.php\/2026\/09\/03\/cuerpos-de-emergencia-se-coordinan-para-el-cosaltazo-off-road-26\/#article","isPartOf":{"@id":"https:\/\/fuentesfidedignas.com.mx\/index.php\/2026\/09\/03\/cuerpos-de-emergencia-se-coordinan-para-el-cosaltazo-off-road-26\/"},"author":{"name":"Redacci\u00f3n","@id":"https:\/\/fuentesfidedignas.com.mx\/#\/schema\/person\/331be9283d37198e2acd5750279085b0"},"headline":"Cuerpos de emergencia se coordinan para el &#8220;Cosaltazo OFF-ROAD 26&#8221;","datePublished":"2026-09-04T01:37:51+00:00","mainEntityOfPage":{"@id":"https:\/\/fuentesfidedignas.com.mx\/index.php\/2026\/09\/03\/cuerpos-de-emergencia-se-coordinan-para-el-cosaltazo-off-road-26\/"},"wordCount":336,"publisher":{"@id":"https:\/\/fuentesfidedignas.com.mx\/#organization"},"image":{"@id":"https:\/\/fuentesfidedignas.com.mx\/index.php\/2026\/09\/03\/cuerpos-de-emergencia-se-coordinan-para-el-cosaltazo-off-road-26\/#primaryimage"},"thumbnailUrl":"https:\/\/fuentesfidedignas.com.mx\/wp-content\/uploads\/2026\/09\/6f2a1329-0f81-402c-878c-c8f3a444a670.jpeg","articleSection":["NOTICIAS LOCALES"],"inLanguage":"es"},{"@type":"WebPage","@id":"https:\/\/fuentesfidedignas.com.mx\/index.php\/2026\/09\/03\/cuerpos-de-emergencia-se-coordinan-para-el-cosaltazo-off-road-26\/","url":"https:\/\/fuentesfidedignas.com.mx\/index.php\/2026\/09\/03\/cuerpos-de-emergencia-se-coordinan-para-el-cosaltazo-off-road-26\/","name":"Cuerpos de emergencia se coordinan para el \"Cosaltazo OFF-ROAD 26\" - Fuentes Fidedignas","isPartOf":{"@id":"https:\/\/fuentesfidedignas.com.mx\/#website"},"primaryImageOfPage":{"@id":"https:\/\/fuentesfidedignas.com.mx\/index.php\/2026\/09\/03\/cuerpos-de-emergencia-se-coordinan-para-el-cosaltazo-off-road-26\/#primaryimage"},"image":{"@id":"https:\/\/fuentesfidedignas.com.mx\/index.php\/2026\/09\/03\/cuerpos-de-emergencia-se-coordinan-para-el-cosaltazo-off-road-26\/#primaryimage"},"thumbnailUrl":"https:\/\/fuentesfidedignas.com.mx\/wp-content\/uploads\/2026\/09\/6f2a1329-0f81-402c-878c-c8f3a444a670.jpeg","datePublished":"2026-09-04T01:37:51+00:00","breadcrumb":{"@id":"https:\/\/fuentesfidedignas.com.mx\/index.php\/2026\/09\/03\/cuerpos-de-emergencia-se-coordinan-para-el-cosaltazo-off-road-26\/#breadcrumb"},"inLanguage":"es","potentialAction":[{"@type":"ReadAction","target":["https:\/\/fuentesfidedignas.com.mx\/index.php\/2026\/09\/03\/cuerpos-de-emergencia-se-coordinan-para-el-cosaltazo-off-road-26\/"]}]},{"@type":"ImageObject","inLanguage":"es","@id":"https:\/\/fuentesfidedignas.com.mx\/index.php\/2026\/09\/03\/cuerpos-de-emergencia-se-coordinan-para-el-cosaltazo-off-road-26\/#primaryimage","url":"https:\/\/fuentesfidedignas.com.mx\/wp-content\/uploads\/2026\/09\/6f2a1329-0f81-402c-878c-c8f3a444a670.jpeg","contentUrl":"https:\/\/fuentesfidedignas.com.mx\/wp-content\/uploads\/2026\/09\/6f2a1329-0f81-402c-878c-c8f3a444a670.jpeg","width":1600,"height":1066},{"@type":"BreadcrumbList","@id":"https:\/\/fuentesfidedignas.com.mx\/index.php\/2026\/09\/03\/cuerpos-de-emergencia-se-coordinan-para-el-cosaltazo-off-road-26\/#breadcrumb","itemListElement":[{"@type":"ListItem","position":1,"name":"Inicio","item":"https:\/\/fuentesfidedignas.com.mx\/"},{"@type":"ListItem","position":2,"name":"Cuerpos de emergencia se coordinan para el &#8220;Cosaltazo OFF-ROAD 26&#8221;"}]},{"@type":"WebSite","@id":"https:\/\/fuentesfidedignas.com.mx\/#website","url":"https:\/\/fuentesfidedignas.com.mx\/","name":"Fuentes Fidedignas","description":"Otro sitio realizado con WordPress","publisher":{"@id":"https:\/\/fuentesfidedignas.com.mx\/#organization"},"potentialAction":[{"@type":"SearchAction","target":{"@type":"EntryPoint","urlTemplate":"https:\/\/fuentesfidedignas.com.mx\/?s={search_term_string}"},"query-input":{"@type":"PropertyValueSpecification","valueRequired":true,"valueName":"search_term_string"}}],"inLanguage":"es"},{"@type":"Organization","@id":"https:\/\/fuentesfidedignas.com.mx\/#organization","name":"Fuentes Fidedignas","url":"https:\/\/fuentesfidedignas.com.mx\/","logo":{"@type":"ImageObject","inLanguage":"es","@id":"https:\/\/fuentesfidedignas.com.mx\/#\/schema\/logo\/image\/","url":"https:\/\/fuentesfidedignas.com.mx\/wp-content\/uploads\/2021\/04\/logo-retina.png","contentUrl":"https:\/\/fuentesfidedignas.com.mx\/wp-content\/uploads\/2021\/04\/logo-retina.png","width":280,"height":51,"caption":"Fuentes Fidedignas"},"image":{"@id":"https:\/\/fuentesfidedignas.com.mx\/#\/schema\/logo\/image\/"},"sameAs":["https:\/\/www.facebook.com\/Fuentes-Fidedignas-368234489921644","https:\/\/x.com\/fidedignas"]},{"@type":"Person","@id":"https:\/\/fuentesfidedignas.com.mx\/#\/schema\/person\/331be9283d37198e2acd5750279085b0","name":"Redacci\u00f3n","image":{"@type":"ImageObject","inLanguage":"es","@id":"https:\/\/secure.gravatar.com\/avatar\/f6d8782c11d12b2d4ad3fbb6931aeab5309937a4d6cd2fc9cfaa28a6396a5aec?s=96&d=mm&r=g","url":"https:\/\/secure.gravatar.com\/avatar\/f6d8782c11d12b2d4ad3fbb6931aeab5309937a4d6cd2fc9cfaa28a6396a5aec?s=96&d=mm&r=g","contentUrl":"https:\/\/secure.gravatar.com\/avatar\/f6d8782c11d12b2d4ad3fbb6931aeab5309937a4d6cd2fc9cfaa28a6396a5aec?s=96&d=mm&r=g","caption":"Redacci\u00f3n"},"url":"https:\/\/fuentesfidedignas.com.mx\/index.php\/author\/redaccion\/"}]}},"_links":{"self":[{"href":"https:\/\/fuentesfidedignas.com.mx\/index.php\/wp-json\/wp\/v2\/posts\/141600","targetHints":{"allow":["GET"]}}],"collection":[{"href":"https:\/\/fuentesfidedignas.com.mx\/index.php\/wp-json\/wp\/v2\/posts"}],"about":[{"href":"https:\/\/fuentesfidedignas.com.mx\/index.php\/wp-json\/wp\/v2\/types\/post"}],"author":[{"embeddable":true,"href":"https:\/\/fuentesfidedignas.com.mx\/index.php\/wp-json\/wp\/v2\/users\/4"}],"replies":[{"embeddable":true,"href":"https:\/\/fuentesfidedignas.com.mx\/index.php\/wp-json\/wp\/v2\/comments?post=141600"}],"version-history":[{"count":1,"href":"https:\/\/fuentesfidedignas.com.mx\/index.php\/wp-json\/wp\/v2\/posts\/141600\/revisions"}],"predecessor-version":[{"id":141601,"href":"https:\/\/fuentesfidedignas.com.mx\/index.php\/wp-json\/wp\/v2\/posts\/141600\/revisions\/141601"}],"wp:featuredmedia":[{"embeddable":true,"href":"https:\/\/fuentesfidedignas.com.mx\/index.php\/wp-json\/wp\/v2\/media\/141599"}],"wp:attachment":[{"href":"https:\/\/fuentesfidedignas.com.mx\/index.php\/wp-json\/wp\/v2\/media?parent=141600"}],"wp:term":[{"taxonomy":"category","embeddable":true,"href":"https:\/\/fuentesfidedignas.com.mx\/index.php\/wp-json\/wp\/v2\/categories?post=141600"},{"taxonomy":"post_tag","embeddable":true,"href":"https:\/\/fuentesfidedignas.com.mx\/index.php\/wp-json\/wp\/v2\/tags?post=141600"}],"curies":[{"name":"wp","href":"https:\/\/api.w.org\/{rel}","templated":true}]}}