{"id":141594,"date":"2026-09-03T18:03:23","date_gmt":"2026-09-04T01:03:23","guid":{"rendered":"https:\/\/fuentesfidedignas.com.mx\/?p=141594"},"modified":"2026-09-03T18:03:23","modified_gmt":"2026-09-04T01:03:23","slug":"detienen-a-excolaborador-de-badabun-por-presunta-trata-y-pornografia-infantil","status":"publish","type":"post","link":"https:\/\/fuentesfidedignas.com.mx\/index.php\/2026\/09\/03\/detienen-a-excolaborador-de-badabun-por-presunta-trata-y-pornografia-infantil\/","title":{"rendered":"Detienen a excolaborador de Badabun, por presunta trata y pornograf\u00eda infantil"},"content":{"rendered":"\n<p class=\"wp-block-paragraph\"><\/p>\n\n\n\n<p class=\"wp-block-paragraph\"><strong><em>La investigaci\u00f3n comenz\u00f3 tras una alerta del Centro Nacional para Menores Desaparecidos y Explotados que vincul\u00f3 IP y correos con \u00d3scar Adri\u00e1n<\/em><\/strong><\/p>\n\n\n\n<p class=\"wp-block-paragraph\">La Fiscal\u00eda de Jalisco detuvo al influencer&nbsp;<strong>\u00d3scar Adri\u00e1n<\/strong>&nbsp;por el delito de&nbsp;<strong>trata de personas,<\/strong>&nbsp;en su modalidad de elaboraci\u00f3n y almacenamiento de&nbsp;<strong>pornograf\u00eda infantil<\/strong>.<\/p>\n\n\n\n<p class=\"wp-block-paragraph\">El fiscal estatal&nbsp;inform\u00f3 que la investigaci\u00f3n comenz\u00f3 tras una alerta del&nbsp;<strong>Centro Nacional para Menores Desaparecidos y Explotados<\/strong>, que relacion\u00f3 diversas direcciones IP y correos electr\u00f3nicos con el influencer y su domicilio.<\/p>\n\n\n\n<p class=\"wp-block-paragraph\">\u201cFue detenido en el domicilio donde se ejecut\u00f3 un cateo, en la colonia 5 de Mayo, del municipio de Guadalajara\u201d, explic\u00f3 el fiscal.<\/p>\n\n\n\n<p class=\"wp-block-paragraph\">Durante el operativo, las autoridades aseguraron tel\u00e9fonos celulares, chips, tarjetas de memoria, computadoras, un chaleco bal\u00edstico, insignias y diversas identificaciones, adem\u00e1s de documentos relacionados con un supuesto ministerio internacional de derechos humanos.<\/p>\n\n\n\n<p class=\"wp-block-paragraph\">La&nbsp;<strong>Fiscal\u00eda<\/strong>&nbsp;se\u00f1al\u00f3 que cuenta con informaci\u00f3n sobre el presunto acceso del influencer a un sitio de internet para adquirir material de&nbsp;<strong>pornograf\u00eda infantil<\/strong>, por lo que las investigaciones continuar\u00e1n para determinar si estar\u00eda relacionado con la distribuci\u00f3n de este contenido u otros delitos.<\/p>\n\n\n\n<p class=\"wp-block-paragraph\">El detenido fue colaborador del canal de&nbsp;<strong>YouTube Badabun<\/strong>&nbsp;y actualmente acumula m\u00e1s de cuatro millones de seguidores en&nbsp;<strong>TikTok,<\/strong>&nbsp;donde se promocionaba como productor, promotor y coordinador de eventos.<\/p>\n","protected":false},"excerpt":{"rendered":"<p>La investigaci\u00f3n comenz\u00f3 tras una alerta del Centro Nacional para Menores Desaparecidos y Explotados que vincul\u00f3 IP y correos con \u00d3scar Adri\u00e1n La Fiscal\u00eda de Jalisco detuvo al influencer&nbsp;\u00d3scar Adri\u00e1n&nbsp;por el delito de&nbsp;trata de personas,&nbsp;en su modalidad de elaboraci\u00f3n y almacenamiento de&nbsp;pornograf\u00eda infantil. El fiscal estatal&nbsp;inform\u00f3 que la investigaci\u00f3n comenz\u00f3 tras una alerta del&nbsp;Centro Nacional [&hellip;]<\/p>\n","protected":false},"author":47,"featured_media":141593,"comment_status":"closed","ping_status":"open","sticky":false,"template":"","format":"standard","meta":{"tdm_status":"","tdm_grid_status":"","footnotes":""},"categories":[39],"tags":[],"class_list":["post-141594","post","type-post","status-publish","format-standard","has-post-thumbnail","category-noticias-nacionales"],"yoast_head":"<!-- This site is optimized with the Yoast SEO plugin v28.4 - https:\/\/yoast.com\/product\/yoast-seo-wordpress\/ -->\n<title>Detienen a excolaborador de Badabun, por presunta trata y pornograf\u00eda infantil - Fuentes Fidedignas<\/title>\n<meta name=\"robots\" content=\"index, follow, max-snippet:-1, max-image-preview:large, max-video-preview:-1\" \/>\n<link rel=\"canonical\" href=\"https:\/\/fuentesfidedignas.com.mx\/index.php\/2026\/09\/03\/detienen-a-excolaborador-de-badabun-por-presunta-trata-y-pornografia-infantil\/\" \/>\n<meta property=\"og:locale\" content=\"es_MX\" \/>\n<meta property=\"og:type\" content=\"article\" \/>\n<meta property=\"og:title\" content=\"Detienen a excolaborador de Badabun, por presunta trata y pornograf\u00eda infantil - Fuentes Fidedignas\" \/>\n<meta property=\"og:description\" content=\"La investigaci\u00f3n comenz\u00f3 tras una alerta del Centro Nacional para Menores Desaparecidos y Explotados que vincul\u00f3 IP y correos con \u00d3scar Adri\u00e1n La Fiscal\u00eda de Jalisco detuvo al influencer&nbsp;\u00d3scar Adri\u00e1n&nbsp;por el delito de&nbsp;trata de personas,&nbsp;en su modalidad de elaboraci\u00f3n y almacenamiento de&nbsp;pornograf\u00eda infantil. El fiscal estatal&nbsp;inform\u00f3 que la investigaci\u00f3n comenz\u00f3 tras una alerta del&nbsp;Centro Nacional [&hellip;]\" \/>\n<meta property=\"og:url\" content=\"https:\/\/fuentesfidedignas.com.mx\/index.php\/2026\/09\/03\/detienen-a-excolaborador-de-badabun-por-presunta-trata-y-pornografia-infantil\/\" \/>\n<meta property=\"og:site_name\" content=\"Fuentes Fidedignas\" \/>\n<meta property=\"article:publisher\" content=\"https:\/\/www.facebook.com\/Fuentes-Fidedignas-368234489921644\" \/>\n<meta property=\"article:published_time\" content=\"2026-09-04T01:03:23+00:00\" \/>\n<meta property=\"og:image\" content=\"https:\/\/fuentesfidedignas.com.mx\/wp-content\/uploads\/2026\/09\/img_8775.jpeg\" \/>\n\t<meta property=\"og:image:width\" content=\"1536\" \/>\n\t<meta property=\"og:image:height\" content=\"864\" \/>\n\t<meta property=\"og:image:type\" content=\"image\/jpeg\" \/>\n<meta name=\"author\" content=\"L\u00f3pez D\u00f3riga\" \/>\n<meta name=\"twitter:card\" content=\"summary_large_image\" \/>\n<meta name=\"twitter:creator\" content=\"@fidedignas\" \/>\n<meta name=\"twitter:site\" content=\"@fidedignas\" \/>\n<meta name=\"twitter:label1\" content=\"Escrito por\" \/>\n\t<meta name=\"twitter:data1\" content=\"L\u00f3pez D\u00f3riga\" \/>\n\t<meta name=\"twitter:label2\" content=\"Tiempo de lectura\" \/>\n\t<meta name=\"twitter:data2\" content=\"1 minuto\" \/>\n<script type=\"application\/ld+json\" class=\"yoast-schema-graph\">{\"@context\":\"https:\\\/\\\/schema.org\",\"@graph\":[{\"@type\":\"Article\",\"@id\":\"https:\\\/\\\/fuentesfidedignas.com.mx\\\/index.php\\\/2026\\\/09\\\/03\\\/detienen-a-excolaborador-de-badabun-por-presunta-trata-y-pornografia-infantil\\\/#article\",\"isPartOf\":{\"@id\":\"https:\\\/\\\/fuentesfidedignas.com.mx\\\/index.php\\\/2026\\\/09\\\/03\\\/detienen-a-excolaborador-de-badabun-por-presunta-trata-y-pornografia-infantil\\\/\"},\"author\":{\"name\":\"L\u00f3pez D\u00f3riga\",\"@id\":\"https:\\\/\\\/fuentesfidedignas.com.mx\\\/#\\\/schema\\\/person\\\/67d852f0557c8509146a4b9ddebd543a\"},\"headline\":\"Detienen a excolaborador de Badabun, por presunta trata y pornograf\u00eda infantil\",\"datePublished\":\"2026-09-04T01:03:23+00:00\",\"mainEntityOfPage\":{\"@id\":\"https:\\\/\\\/fuentesfidedignas.com.mx\\\/index.php\\\/2026\\\/09\\\/03\\\/detienen-a-excolaborador-de-badabun-por-presunta-trata-y-pornografia-infantil\\\/\"},\"wordCount\":254,\"publisher\":{\"@id\":\"https:\\\/\\\/fuentesfidedignas.com.mx\\\/#organization\"},\"image\":{\"@id\":\"https:\\\/\\\/fuentesfidedignas.com.mx\\\/index.php\\\/2026\\\/09\\\/03\\\/detienen-a-excolaborador-de-badabun-por-presunta-trata-y-pornografia-infantil\\\/#primaryimage\"},\"thumbnailUrl\":\"https:\\\/\\\/fuentesfidedignas.com.mx\\\/wp-content\\\/uploads\\\/2026\\\/09\\\/img_8775.jpeg\",\"articleSection\":[\"NOTICIAS NACIONALES\"],\"inLanguage\":\"es\"},{\"@type\":\"WebPage\",\"@id\":\"https:\\\/\\\/fuentesfidedignas.com.mx\\\/index.php\\\/2026\\\/09\\\/03\\\/detienen-a-excolaborador-de-badabun-por-presunta-trata-y-pornografia-infantil\\\/\",\"url\":\"https:\\\/\\\/fuentesfidedignas.com.mx\\\/index.php\\\/2026\\\/09\\\/03\\\/detienen-a-excolaborador-de-badabun-por-presunta-trata-y-pornografia-infantil\\\/\",\"name\":\"Detienen a excolaborador de Badabun, por presunta trata y pornograf\u00eda infantil - Fuentes Fidedignas\",\"isPartOf\":{\"@id\":\"https:\\\/\\\/fuentesfidedignas.com.mx\\\/#website\"},\"primaryImageOfPage\":{\"@id\":\"https:\\\/\\\/fuentesfidedignas.com.mx\\\/index.php\\\/2026\\\/09\\\/03\\\/detienen-a-excolaborador-de-badabun-por-presunta-trata-y-pornografia-infantil\\\/#primaryimage\"},\"image\":{\"@id\":\"https:\\\/\\\/fuentesfidedignas.com.mx\\\/index.php\\\/2026\\\/09\\\/03\\\/detienen-a-excolaborador-de-badabun-por-presunta-trata-y-pornografia-infantil\\\/#primaryimage\"},\"thumbnailUrl\":\"https:\\\/\\\/fuentesfidedignas.com.mx\\\/wp-content\\\/uploads\\\/2026\\\/09\\\/img_8775.jpeg\",\"datePublished\":\"2026-09-04T01:03:23+00:00\",\"breadcrumb\":{\"@id\":\"https:\\\/\\\/fuentesfidedignas.com.mx\\\/index.php\\\/2026\\\/09\\\/03\\\/detienen-a-excolaborador-de-badabun-por-presunta-trata-y-pornografia-infantil\\\/#breadcrumb\"},\"inLanguage\":\"es\",\"potentialAction\":[{\"@type\":\"ReadAction\",\"target\":[\"https:\\\/\\\/fuentesfidedignas.com.mx\\\/index.php\\\/2026\\\/09\\\/03\\\/detienen-a-excolaborador-de-badabun-por-presunta-trata-y-pornografia-infantil\\\/\"]}]},{\"@type\":\"ImageObject\",\"inLanguage\":\"es\",\"@id\":\"https:\\\/\\\/fuentesfidedignas.com.mx\\\/index.php\\\/2026\\\/09\\\/03\\\/detienen-a-excolaborador-de-badabun-por-presunta-trata-y-pornografia-infantil\\\/#primaryimage\",\"url\":\"https:\\\/\\\/fuentesfidedignas.com.mx\\\/wp-content\\\/uploads\\\/2026\\\/09\\\/img_8775.jpeg\",\"contentUrl\":\"https:\\\/\\\/fuentesfidedignas.com.mx\\\/wp-content\\\/uploads\\\/2026\\\/09\\\/img_8775.jpeg\",\"width\":1536,\"height\":864},{\"@type\":\"BreadcrumbList\",\"@id\":\"https:\\\/\\\/fuentesfidedignas.com.mx\\\/index.php\\\/2026\\\/09\\\/03\\\/detienen-a-excolaborador-de-badabun-por-presunta-trata-y-pornografia-infantil\\\/#breadcrumb\",\"itemListElement\":[{\"@type\":\"ListItem\",\"position\":1,\"name\":\"Inicio\",\"item\":\"https:\\\/\\\/fuentesfidedignas.com.mx\\\/\"},{\"@type\":\"ListItem\",\"position\":2,\"name\":\"Detienen a excolaborador de Badabun, por presunta trata y pornograf\u00eda infantil\"}]},{\"@type\":\"WebSite\",\"@id\":\"https:\\\/\\\/fuentesfidedignas.com.mx\\\/#website\",\"url\":\"https:\\\/\\\/fuentesfidedignas.com.mx\\\/\",\"name\":\"Fuentes Fidedignas\",\"description\":\"Otro sitio realizado con WordPress\",\"publisher\":{\"@id\":\"https:\\\/\\\/fuentesfidedignas.com.mx\\\/#organization\"},\"potentialAction\":[{\"@type\":\"SearchAction\",\"target\":{\"@type\":\"EntryPoint\",\"urlTemplate\":\"https:\\\/\\\/fuentesfidedignas.com.mx\\\/?s={search_term_string}\"},\"query-input\":{\"@type\":\"PropertyValueSpecification\",\"valueRequired\":true,\"valueName\":\"search_term_string\"}}],\"inLanguage\":\"es\"},{\"@type\":\"Organization\",\"@id\":\"https:\\\/\\\/fuentesfidedignas.com.mx\\\/#organization\",\"name\":\"Fuentes Fidedignas\",\"url\":\"https:\\\/\\\/fuentesfidedignas.com.mx\\\/\",\"logo\":{\"@type\":\"ImageObject\",\"inLanguage\":\"es\",\"@id\":\"https:\\\/\\\/fuentesfidedignas.com.mx\\\/#\\\/schema\\\/logo\\\/image\\\/\",\"url\":\"https:\\\/\\\/fuentesfidedignas.com.mx\\\/wp-content\\\/uploads\\\/2021\\\/04\\\/logo-retina.png\",\"contentUrl\":\"https:\\\/\\\/fuentesfidedignas.com.mx\\\/wp-content\\\/uploads\\\/2021\\\/04\\\/logo-retina.png\",\"width\":280,\"height\":51,\"caption\":\"Fuentes Fidedignas\"},\"image\":{\"@id\":\"https:\\\/\\\/fuentesfidedignas.com.mx\\\/#\\\/schema\\\/logo\\\/image\\\/\"},\"sameAs\":[\"https:\\\/\\\/www.facebook.com\\\/Fuentes-Fidedignas-368234489921644\",\"https:\\\/\\\/x.com\\\/fidedignas\"]},{\"@type\":\"Person\",\"@id\":\"https:\\\/\\\/fuentesfidedignas.com.mx\\\/#\\\/schema\\\/person\\\/67d852f0557c8509146a4b9ddebd543a\",\"name\":\"L\u00f3pez D\u00f3riga\",\"image\":{\"@type\":\"ImageObject\",\"inLanguage\":\"es\",\"@id\":\"https:\\\/\\\/secure.gravatar.com\\\/avatar\\\/e525b06574ca18b33cded59dfe5778d6c823b9513154eff47da551b0551bdd1e?s=96&d=mm&r=g\",\"url\":\"https:\\\/\\\/secure.gravatar.com\\\/avatar\\\/e525b06574ca18b33cded59dfe5778d6c823b9513154eff47da551b0551bdd1e?s=96&d=mm&r=g\",\"contentUrl\":\"https:\\\/\\\/secure.gravatar.com\\\/avatar\\\/e525b06574ca18b33cded59dfe5778d6c823b9513154eff47da551b0551bdd1e?s=96&d=mm&r=g\",\"caption\":\"L\u00f3pez D\u00f3riga\"},\"url\":\"https:\\\/\\\/fuentesfidedignas.com.mx\\\/index.php\\\/author\\\/doriga\\\/\"}]}<\/script>\n<!-- \/ Yoast SEO plugin. -->","yoast_head_json":{"title":"Detienen a excolaborador de Badabun, por presunta trata y pornograf\u00eda infantil - Fuentes Fidedignas","robots":{"index":"index","follow":"follow","max-snippet":"max-snippet:-1","max-image-preview":"max-image-preview:large","max-video-preview":"max-video-preview:-1"},"canonical":"https:\/\/fuentesfidedignas.com.mx\/index.php\/2026\/09\/03\/detienen-a-excolaborador-de-badabun-por-presunta-trata-y-pornografia-infantil\/","og_locale":"es_MX","og_type":"article","og_title":"Detienen a excolaborador de Badabun, por presunta trata y pornograf\u00eda infantil - Fuentes Fidedignas","og_description":"La investigaci\u00f3n comenz\u00f3 tras una alerta del Centro Nacional para Menores Desaparecidos y Explotados que vincul\u00f3 IP y correos con \u00d3scar Adri\u00e1n La Fiscal\u00eda de Jalisco detuvo al influencer&nbsp;\u00d3scar Adri\u00e1n&nbsp;por el delito de&nbsp;trata de personas,&nbsp;en su modalidad de elaboraci\u00f3n y almacenamiento de&nbsp;pornograf\u00eda infantil. El fiscal estatal&nbsp;inform\u00f3 que la investigaci\u00f3n comenz\u00f3 tras una alerta del&nbsp;Centro Nacional [&hellip;]","og_url":"https:\/\/fuentesfidedignas.com.mx\/index.php\/2026\/09\/03\/detienen-a-excolaborador-de-badabun-por-presunta-trata-y-pornografia-infantil\/","og_site_name":"Fuentes Fidedignas","article_publisher":"https:\/\/www.facebook.com\/Fuentes-Fidedignas-368234489921644","article_published_time":"2026-09-04T01:03:23+00:00","og_image":[{"width":1536,"height":864,"url":"https:\/\/fuentesfidedignas.com.mx\/wp-content\/uploads\/2026\/09\/img_8775.jpeg","type":"image\/jpeg"}],"author":"L\u00f3pez D\u00f3riga","twitter_card":"summary_large_image","twitter_creator":"@fidedignas","twitter_site":"@fidedignas","twitter_misc":{"Escrito por":"L\u00f3pez D\u00f3riga","Tiempo de lectura":"1 minuto"},"schema":{"@context":"https:\/\/schema.org","@graph":[{"@type":"Article","@id":"https:\/\/fuentesfidedignas.com.mx\/index.php\/2026\/09\/03\/detienen-a-excolaborador-de-badabun-por-presunta-trata-y-pornografia-infantil\/#article","isPartOf":{"@id":"https:\/\/fuentesfidedignas.com.mx\/index.php\/2026\/09\/03\/detienen-a-excolaborador-de-badabun-por-presunta-trata-y-pornografia-infantil\/"},"author":{"name":"L\u00f3pez D\u00f3riga","@id":"https:\/\/fuentesfidedignas.com.mx\/#\/schema\/person\/67d852f0557c8509146a4b9ddebd543a"},"headline":"Detienen a excolaborador de Badabun, por presunta trata y pornograf\u00eda infantil","datePublished":"2026-09-04T01:03:23+00:00","mainEntityOfPage":{"@id":"https:\/\/fuentesfidedignas.com.mx\/index.php\/2026\/09\/03\/detienen-a-excolaborador-de-badabun-por-presunta-trata-y-pornografia-infantil\/"},"wordCount":254,"publisher":{"@id":"https:\/\/fuentesfidedignas.com.mx\/#organization"},"image":{"@id":"https:\/\/fuentesfidedignas.com.mx\/index.php\/2026\/09\/03\/detienen-a-excolaborador-de-badabun-por-presunta-trata-y-pornografia-infantil\/#primaryimage"},"thumbnailUrl":"https:\/\/fuentesfidedignas.com.mx\/wp-content\/uploads\/2026\/09\/img_8775.jpeg","articleSection":["NOTICIAS NACIONALES"],"inLanguage":"es"},{"@type":"WebPage","@id":"https:\/\/fuentesfidedignas.com.mx\/index.php\/2026\/09\/03\/detienen-a-excolaborador-de-badabun-por-presunta-trata-y-pornografia-infantil\/","url":"https:\/\/fuentesfidedignas.com.mx\/index.php\/2026\/09\/03\/detienen-a-excolaborador-de-badabun-por-presunta-trata-y-pornografia-infantil\/","name":"Detienen a excolaborador de Badabun, por presunta trata y pornograf\u00eda infantil - Fuentes Fidedignas","isPartOf":{"@id":"https:\/\/fuentesfidedignas.com.mx\/#website"},"primaryImageOfPage":{"@id":"https:\/\/fuentesfidedignas.com.mx\/index.php\/2026\/09\/03\/detienen-a-excolaborador-de-badabun-por-presunta-trata-y-pornografia-infantil\/#primaryimage"},"image":{"@id":"https:\/\/fuentesfidedignas.com.mx\/index.php\/2026\/09\/03\/detienen-a-excolaborador-de-badabun-por-presunta-trata-y-pornografia-infantil\/#primaryimage"},"thumbnailUrl":"https:\/\/fuentesfidedignas.com.mx\/wp-content\/uploads\/2026\/09\/img_8775.jpeg","datePublished":"2026-09-04T01:03:23+00:00","breadcrumb":{"@id":"https:\/\/fuentesfidedignas.com.mx\/index.php\/2026\/09\/03\/detienen-a-excolaborador-de-badabun-por-presunta-trata-y-pornografia-infantil\/#breadcrumb"},"inLanguage":"es","potentialAction":[{"@type":"ReadAction","target":["https:\/\/fuentesfidedignas.com.mx\/index.php\/2026\/09\/03\/detienen-a-excolaborador-de-badabun-por-presunta-trata-y-pornografia-infantil\/"]}]},{"@type":"ImageObject","inLanguage":"es","@id":"https:\/\/fuentesfidedignas.com.mx\/index.php\/2026\/09\/03\/detienen-a-excolaborador-de-badabun-por-presunta-trata-y-pornografia-infantil\/#primaryimage","url":"https:\/\/fuentesfidedignas.com.mx\/wp-content\/uploads\/2026\/09\/img_8775.jpeg","contentUrl":"https:\/\/fuentesfidedignas.com.mx\/wp-content\/uploads\/2026\/09\/img_8775.jpeg","width":1536,"height":864},{"@type":"BreadcrumbList","@id":"https:\/\/fuentesfidedignas.com.mx\/index.php\/2026\/09\/03\/detienen-a-excolaborador-de-badabun-por-presunta-trata-y-pornografia-infantil\/#breadcrumb","itemListElement":[{"@type":"ListItem","position":1,"name":"Inicio","item":"https:\/\/fuentesfidedignas.com.mx\/"},{"@type":"ListItem","position":2,"name":"Detienen a excolaborador de Badabun, por presunta trata y pornograf\u00eda infantil"}]},{"@type":"WebSite","@id":"https:\/\/fuentesfidedignas.com.mx\/#website","url":"https:\/\/fuentesfidedignas.com.mx\/","name":"Fuentes Fidedignas","description":"Otro sitio realizado con WordPress","publisher":{"@id":"https:\/\/fuentesfidedignas.com.mx\/#organization"},"potentialAction":[{"@type":"SearchAction","target":{"@type":"EntryPoint","urlTemplate":"https:\/\/fuentesfidedignas.com.mx\/?s={search_term_string}"},"query-input":{"@type":"PropertyValueSpecification","valueRequired":true,"valueName":"search_term_string"}}],"inLanguage":"es"},{"@type":"Organization","@id":"https:\/\/fuentesfidedignas.com.mx\/#organization","name":"Fuentes Fidedignas","url":"https:\/\/fuentesfidedignas.com.mx\/","logo":{"@type":"ImageObject","inLanguage":"es","@id":"https:\/\/fuentesfidedignas.com.mx\/#\/schema\/logo\/image\/","url":"https:\/\/fuentesfidedignas.com.mx\/wp-content\/uploads\/2021\/04\/logo-retina.png","contentUrl":"https:\/\/fuentesfidedignas.com.mx\/wp-content\/uploads\/2021\/04\/logo-retina.png","width":280,"height":51,"caption":"Fuentes Fidedignas"},"image":{"@id":"https:\/\/fuentesfidedignas.com.mx\/#\/schema\/logo\/image\/"},"sameAs":["https:\/\/www.facebook.com\/Fuentes-Fidedignas-368234489921644","https:\/\/x.com\/fidedignas"]},{"@type":"Person","@id":"https:\/\/fuentesfidedignas.com.mx\/#\/schema\/person\/67d852f0557c8509146a4b9ddebd543a","name":"L\u00f3pez D\u00f3riga","image":{"@type":"ImageObject","inLanguage":"es","@id":"https:\/\/secure.gravatar.com\/avatar\/e525b06574ca18b33cded59dfe5778d6c823b9513154eff47da551b0551bdd1e?s=96&d=mm&r=g","url":"https:\/\/secure.gravatar.com\/avatar\/e525b06574ca18b33cded59dfe5778d6c823b9513154eff47da551b0551bdd1e?s=96&d=mm&r=g","contentUrl":"https:\/\/secure.gravatar.com\/avatar\/e525b06574ca18b33cded59dfe5778d6c823b9513154eff47da551b0551bdd1e?s=96&d=mm&r=g","caption":"L\u00f3pez D\u00f3riga"},"url":"https:\/\/fuentesfidedignas.com.mx\/index.php\/author\/doriga\/"}]}},"_links":{"self":[{"href":"https:\/\/fuentesfidedignas.com.mx\/index.php\/wp-json\/wp\/v2\/posts\/141594","targetHints":{"allow":["GET"]}}],"collection":[{"href":"https:\/\/fuentesfidedignas.com.mx\/index.php\/wp-json\/wp\/v2\/posts"}],"about":[{"href":"https:\/\/fuentesfidedignas.com.mx\/index.php\/wp-json\/wp\/v2\/types\/post"}],"author":[{"embeddable":true,"href":"https:\/\/fuentesfidedignas.com.mx\/index.php\/wp-json\/wp\/v2\/users\/47"}],"replies":[{"embeddable":true,"href":"https:\/\/fuentesfidedignas.com.mx\/index.php\/wp-json\/wp\/v2\/comments?post=141594"}],"version-history":[{"count":1,"href":"https:\/\/fuentesfidedignas.com.mx\/index.php\/wp-json\/wp\/v2\/posts\/141594\/revisions"}],"predecessor-version":[{"id":141595,"href":"https:\/\/fuentesfidedignas.com.mx\/index.php\/wp-json\/wp\/v2\/posts\/141594\/revisions\/141595"}],"wp:featuredmedia":[{"embeddable":true,"href":"https:\/\/fuentesfidedignas.com.mx\/index.php\/wp-json\/wp\/v2\/media\/141593"}],"wp:attachment":[{"href":"https:\/\/fuentesfidedignas.com.mx\/index.php\/wp-json\/wp\/v2\/media?parent=141594"}],"wp:term":[{"taxonomy":"category","embeddable":true,"href":"https:\/\/fuentesfidedignas.com.mx\/index.php\/wp-json\/wp\/v2\/categories?post=141594"},{"taxonomy":"post_tag","embeddable":true,"href":"https:\/\/fuentesfidedignas.com.mx\/index.php\/wp-json\/wp\/v2\/tags?post=141594"}],"curies":[{"name":"wp","href":"https:\/\/api.w.org\/{rel}","templated":true}]}}