{"id":141586,"date":"2026-09-03T15:11:16","date_gmt":"2026-09-03T22:11:16","guid":{"rendered":"https:\/\/fuentesfidedignas.com.mx\/?p=141586"},"modified":"2026-09-03T15:11:22","modified_gmt":"2026-09-03T22:11:22","slug":"anuncian-la-copa-gobernadora-2026-con-equipos-de-liga-mexicana-del-pacifico-en-guamuchil","status":"publish","type":"post","link":"https:\/\/fuentesfidedignas.com.mx\/index.php\/2026\/09\/03\/anuncian-la-copa-gobernadora-2026-con-equipos-de-liga-mexicana-del-pacifico-en-guamuchil\/","title":{"rendered":"Anuncian la Copa Gobernadora 2026 con equipos de Liga Mexicana del Pac\u00edfico en Guam\u00fachil"},"content":{"rendered":"\n<p class=\"wp-block-paragraph\">CULIAC\u00c1N, Sin.- Esta ma\u00f1ana fueron dadas a conocer, en conferencia de prensa, las fechas oficiales para la realizaci\u00f3n de la Copa Gobernadora 2026, tradicional evento de beisbol que tendr\u00e1 lugar los d\u00edas 7, 8 y 9 de octubre en el Estadio Alberto Vega Ch\u00e1vez, de Guam\u00fachil, Salvador Alvarado<\/p>\n\n\n\n<p class=\"wp-block-paragraph\">Est\u00e1 conferencia estuvo encabezada por Lupita L\u00f3pez Gonz\u00e1lez, Alcaldesa de Salvador Alvarado, Ulises Sanchez del Real Director del deporte en el municipio y Gilberto Escobar Lugo organizador del evento.<\/p>\n\n\n\n<p class=\"wp-block-paragraph\">La edici\u00f3n de este a\u00f1o marcar\u00e1 un hecho hist\u00f3rico, ya que por primera vez la tradicional Copa Gobernador cambiar\u00e1 su denominaci\u00f3n a Copa Gobernadora, iniciando una nueva etapa para uno de los encuentros deportivos de mayor tradici\u00f3n en Sinaloa.<\/p>\n\n\n\n<p class=\"wp-block-paragraph\">El evento contar\u00e1 con el respaldo del Gobierno del Estado de Sinaloa, a trav\u00e9s del Instituto Sinaloense de Cultura F\u00edsica y el Deporte (ISDE), que dirige Armando Camacho Aguilar.<\/p>\n\n\n\n<p class=\"wp-block-paragraph\">Para esta edici\u00f3n ya se encuentran confirmados los cuatro equipos sinaloenses de la Liga Mexicana del Pac\u00edfico: Ca\u00f1eros de Los Mochis, Algodoneros de Guasave, Tomateros de Culiac\u00e1n y Venados de Mazatl\u00e1n, garantizando tres d\u00edas de beisbol de alto nivel para los aficionados.<\/p>\n\n\n\n<p class=\"wp-block-paragraph\">La Copa Gobernadora representar\u00e1 adem\u00e1s una importante etapa de preparaci\u00f3n para las cuatro organizaciones, que llegar\u00e1n a Guam\u00fachil en la parte final de su pretemporada y aprovechar\u00e1n estos encuentros para realizar los \u00faltimos ajustes de cara al arranque de la temporada 2026-2027 de la Liga Mexicana del Pac\u00edfico.<\/p>\n\n\n\n<p class=\"wp-block-paragraph\">Como ya es una tradici\u00f3n, el Estadio Alberto Vega Ch\u00e1vez volver\u00e1 a convertirse en punto de encuentro para la afici\u00f3n sinaloense, que tendr\u00e1 la oportunidad de observar en un mismo escenario a las cuatro organizaciones profesionales que representan al estado en el circuito invernal mexicano.<\/p>\n\n\n\n<p class=\"wp-block-paragraph\">Con la participaci\u00f3n de Ca\u00f1eros, Algodoneros, Tomateros y Venados, la Copa Gobernadora 2026 refrenda su importancia dentro del calendario deportivo de Sinaloa y fortalece una tradici\u00f3n que une al beisbol profesional con la afici\u00f3n de todo el estado.<\/p>\n","protected":false},"excerpt":{"rendered":"<p>CULIAC\u00c1N, Sin.- Esta ma\u00f1ana fueron dadas a conocer, en conferencia de prensa, las fechas oficiales para la realizaci\u00f3n de la Copa Gobernadora 2026, tradicional evento de beisbol que tendr\u00e1 lugar los d\u00edas 7, 8 y 9 de octubre en el Estadio Alberto Vega Ch\u00e1vez, de Guam\u00fachil, Salvador Alvarado Est\u00e1 conferencia estuvo encabezada por Lupita L\u00f3pez [&hellip;]<\/p>\n","protected":false},"author":4,"featured_media":141587,"comment_status":"open","ping_status":"open","sticky":false,"template":"","format":"standard","meta":{"tdm_status":"","tdm_grid_status":"","footnotes":""},"categories":[38],"tags":[],"class_list":["post-141586","post","type-post","status-publish","format-standard","has-post-thumbnail","category-noticias-locales"],"yoast_head":"<!-- This site is optimized with the Yoast SEO plugin v28.4 - https:\/\/yoast.com\/product\/yoast-seo-wordpress\/ -->\n<title>Anuncian la Copa Gobernadora 2026 con equipos de Liga Mexicana del Pac\u00edfico en Guam\u00fachil - Fuentes Fidedignas<\/title>\n<meta name=\"robots\" content=\"index, follow, max-snippet:-1, max-image-preview:large, max-video-preview:-1\" \/>\n<link rel=\"canonical\" href=\"https:\/\/fuentesfidedignas.com.mx\/index.php\/2026\/09\/03\/anuncian-la-copa-gobernadora-2026-con-equipos-de-liga-mexicana-del-pacifico-en-guamuchil\/\" \/>\n<meta property=\"og:locale\" content=\"es_MX\" \/>\n<meta property=\"og:type\" content=\"article\" \/>\n<meta property=\"og:title\" content=\"Anuncian la Copa Gobernadora 2026 con equipos de Liga Mexicana del Pac\u00edfico en Guam\u00fachil - Fuentes Fidedignas\" \/>\n<meta property=\"og:description\" content=\"CULIAC\u00c1N, Sin.- Esta ma\u00f1ana fueron dadas a conocer, en conferencia de prensa, las fechas oficiales para la realizaci\u00f3n de la Copa Gobernadora 2026, tradicional evento de beisbol que tendr\u00e1 lugar los d\u00edas 7, 8 y 9 de octubre en el Estadio Alberto Vega Ch\u00e1vez, de Guam\u00fachil, Salvador Alvarado Est\u00e1 conferencia estuvo encabezada por Lupita L\u00f3pez [&hellip;]\" \/>\n<meta property=\"og:url\" content=\"https:\/\/fuentesfidedignas.com.mx\/index.php\/2026\/09\/03\/anuncian-la-copa-gobernadora-2026-con-equipos-de-liga-mexicana-del-pacifico-en-guamuchil\/\" \/>\n<meta property=\"og:site_name\" content=\"Fuentes Fidedignas\" \/>\n<meta property=\"article:publisher\" content=\"https:\/\/www.facebook.com\/Fuentes-Fidedignas-368234489921644\" \/>\n<meta property=\"article:published_time\" content=\"2026-09-03T22:11:16+00:00\" \/>\n<meta property=\"article:modified_time\" content=\"2026-09-03T22:11:22+00:00\" \/>\n<meta property=\"og:image\" content=\"https:\/\/fuentesfidedignas.com.mx\/wp-content\/uploads\/2026\/09\/WhatsApp-Image-2026-09-03-at-2.33.44-PM.jpeg\" \/>\n\t<meta property=\"og:image:width\" content=\"1280\" \/>\n\t<meta property=\"og:image:height\" content=\"720\" \/>\n\t<meta property=\"og:image:type\" content=\"image\/jpeg\" \/>\n<meta name=\"author\" content=\"Redacci\u00f3n\" \/>\n<meta name=\"twitter:card\" content=\"summary_large_image\" \/>\n<meta name=\"twitter:creator\" content=\"@fidedignas\" \/>\n<meta name=\"twitter:site\" content=\"@fidedignas\" \/>\n<meta name=\"twitter:label1\" content=\"Escrito por\" \/>\n\t<meta name=\"twitter:data1\" content=\"Redacci\u00f3n\" \/>\n\t<meta name=\"twitter:label2\" content=\"Tiempo de lectura\" \/>\n\t<meta name=\"twitter:data2\" content=\"2 minutos\" \/>\n<script type=\"application\/ld+json\" class=\"yoast-schema-graph\">{\"@context\":\"https:\\\/\\\/schema.org\",\"@graph\":[{\"@type\":\"Article\",\"@id\":\"https:\\\/\\\/fuentesfidedignas.com.mx\\\/index.php\\\/2026\\\/09\\\/03\\\/anuncian-la-copa-gobernadora-2026-con-equipos-de-liga-mexicana-del-pacifico-en-guamuchil\\\/#article\",\"isPartOf\":{\"@id\":\"https:\\\/\\\/fuentesfidedignas.com.mx\\\/index.php\\\/2026\\\/09\\\/03\\\/anuncian-la-copa-gobernadora-2026-con-equipos-de-liga-mexicana-del-pacifico-en-guamuchil\\\/\"},\"author\":{\"name\":\"Redacci\u00f3n\",\"@id\":\"https:\\\/\\\/fuentesfidedignas.com.mx\\\/#\\\/schema\\\/person\\\/331be9283d37198e2acd5750279085b0\"},\"headline\":\"Anuncian la Copa Gobernadora 2026 con equipos de Liga Mexicana del Pac\u00edfico en Guam\u00fachil\",\"datePublished\":\"2026-09-03T22:11:16+00:00\",\"dateModified\":\"2026-09-03T22:11:22+00:00\",\"mainEntityOfPage\":{\"@id\":\"https:\\\/\\\/fuentesfidedignas.com.mx\\\/index.php\\\/2026\\\/09\\\/03\\\/anuncian-la-copa-gobernadora-2026-con-equipos-de-liga-mexicana-del-pacifico-en-guamuchil\\\/\"},\"wordCount\":363,\"commentCount\":0,\"publisher\":{\"@id\":\"https:\\\/\\\/fuentesfidedignas.com.mx\\\/#organization\"},\"image\":{\"@id\":\"https:\\\/\\\/fuentesfidedignas.com.mx\\\/index.php\\\/2026\\\/09\\\/03\\\/anuncian-la-copa-gobernadora-2026-con-equipos-de-liga-mexicana-del-pacifico-en-guamuchil\\\/#primaryimage\"},\"thumbnailUrl\":\"https:\\\/\\\/fuentesfidedignas.com.mx\\\/wp-content\\\/uploads\\\/2026\\\/09\\\/WhatsApp-Image-2026-09-03-at-2.33.44-PM.jpeg\",\"articleSection\":[\"NOTICIAS LOCALES\"],\"inLanguage\":\"es\",\"potentialAction\":[{\"@type\":\"CommentAction\",\"name\":\"Comment\",\"target\":[\"https:\\\/\\\/fuentesfidedignas.com.mx\\\/index.php\\\/2026\\\/09\\\/03\\\/anuncian-la-copa-gobernadora-2026-con-equipos-de-liga-mexicana-del-pacifico-en-guamuchil\\\/#respond\"]}]},{\"@type\":\"WebPage\",\"@id\":\"https:\\\/\\\/fuentesfidedignas.com.mx\\\/index.php\\\/2026\\\/09\\\/03\\\/anuncian-la-copa-gobernadora-2026-con-equipos-de-liga-mexicana-del-pacifico-en-guamuchil\\\/\",\"url\":\"https:\\\/\\\/fuentesfidedignas.com.mx\\\/index.php\\\/2026\\\/09\\\/03\\\/anuncian-la-copa-gobernadora-2026-con-equipos-de-liga-mexicana-del-pacifico-en-guamuchil\\\/\",\"name\":\"Anuncian la Copa Gobernadora 2026 con equipos de Liga Mexicana del Pac\u00edfico en Guam\u00fachil - Fuentes Fidedignas\",\"isPartOf\":{\"@id\":\"https:\\\/\\\/fuentesfidedignas.com.mx\\\/#website\"},\"primaryImageOfPage\":{\"@id\":\"https:\\\/\\\/fuentesfidedignas.com.mx\\\/index.php\\\/2026\\\/09\\\/03\\\/anuncian-la-copa-gobernadora-2026-con-equipos-de-liga-mexicana-del-pacifico-en-guamuchil\\\/#primaryimage\"},\"image\":{\"@id\":\"https:\\\/\\\/fuentesfidedignas.com.mx\\\/index.php\\\/2026\\\/09\\\/03\\\/anuncian-la-copa-gobernadora-2026-con-equipos-de-liga-mexicana-del-pacifico-en-guamuchil\\\/#primaryimage\"},\"thumbnailUrl\":\"https:\\\/\\\/fuentesfidedignas.com.mx\\\/wp-content\\\/uploads\\\/2026\\\/09\\\/WhatsApp-Image-2026-09-03-at-2.33.44-PM.jpeg\",\"datePublished\":\"2026-09-03T22:11:16+00:00\",\"dateModified\":\"2026-09-03T22:11:22+00:00\",\"breadcrumb\":{\"@id\":\"https:\\\/\\\/fuentesfidedignas.com.mx\\\/index.php\\\/2026\\\/09\\\/03\\\/anuncian-la-copa-gobernadora-2026-con-equipos-de-liga-mexicana-del-pacifico-en-guamuchil\\\/#breadcrumb\"},\"inLanguage\":\"es\",\"potentialAction\":[{\"@type\":\"ReadAction\",\"target\":[\"https:\\\/\\\/fuentesfidedignas.com.mx\\\/index.php\\\/2026\\\/09\\\/03\\\/anuncian-la-copa-gobernadora-2026-con-equipos-de-liga-mexicana-del-pacifico-en-guamuchil\\\/\"]}]},{\"@type\":\"ImageObject\",\"inLanguage\":\"es\",\"@id\":\"https:\\\/\\\/fuentesfidedignas.com.mx\\\/index.php\\\/2026\\\/09\\\/03\\\/anuncian-la-copa-gobernadora-2026-con-equipos-de-liga-mexicana-del-pacifico-en-guamuchil\\\/#primaryimage\",\"url\":\"https:\\\/\\\/fuentesfidedignas.com.mx\\\/wp-content\\\/uploads\\\/2026\\\/09\\\/WhatsApp-Image-2026-09-03-at-2.33.44-PM.jpeg\",\"contentUrl\":\"https:\\\/\\\/fuentesfidedignas.com.mx\\\/wp-content\\\/uploads\\\/2026\\\/09\\\/WhatsApp-Image-2026-09-03-at-2.33.44-PM.jpeg\",\"width\":1280,\"height\":720},{\"@type\":\"BreadcrumbList\",\"@id\":\"https:\\\/\\\/fuentesfidedignas.com.mx\\\/index.php\\\/2026\\\/09\\\/03\\\/anuncian-la-copa-gobernadora-2026-con-equipos-de-liga-mexicana-del-pacifico-en-guamuchil\\\/#breadcrumb\",\"itemListElement\":[{\"@type\":\"ListItem\",\"position\":1,\"name\":\"Inicio\",\"item\":\"https:\\\/\\\/fuentesfidedignas.com.mx\\\/\"},{\"@type\":\"ListItem\",\"position\":2,\"name\":\"Anuncian la Copa Gobernadora 2026 con equipos de Liga Mexicana del Pac\u00edfico en Guam\u00fachil\"}]},{\"@type\":\"WebSite\",\"@id\":\"https:\\\/\\\/fuentesfidedignas.com.mx\\\/#website\",\"url\":\"https:\\\/\\\/fuentesfidedignas.com.mx\\\/\",\"name\":\"Fuentes Fidedignas\",\"description\":\"Otro sitio realizado con WordPress\",\"publisher\":{\"@id\":\"https:\\\/\\\/fuentesfidedignas.com.mx\\\/#organization\"},\"potentialAction\":[{\"@type\":\"SearchAction\",\"target\":{\"@type\":\"EntryPoint\",\"urlTemplate\":\"https:\\\/\\\/fuentesfidedignas.com.mx\\\/?s={search_term_string}\"},\"query-input\":{\"@type\":\"PropertyValueSpecification\",\"valueRequired\":true,\"valueName\":\"search_term_string\"}}],\"inLanguage\":\"es\"},{\"@type\":\"Organization\",\"@id\":\"https:\\\/\\\/fuentesfidedignas.com.mx\\\/#organization\",\"name\":\"Fuentes Fidedignas\",\"url\":\"https:\\\/\\\/fuentesfidedignas.com.mx\\\/\",\"logo\":{\"@type\":\"ImageObject\",\"inLanguage\":\"es\",\"@id\":\"https:\\\/\\\/fuentesfidedignas.com.mx\\\/#\\\/schema\\\/logo\\\/image\\\/\",\"url\":\"https:\\\/\\\/fuentesfidedignas.com.mx\\\/wp-content\\\/uploads\\\/2021\\\/04\\\/logo-retina.png\",\"contentUrl\":\"https:\\\/\\\/fuentesfidedignas.com.mx\\\/wp-content\\\/uploads\\\/2021\\\/04\\\/logo-retina.png\",\"width\":280,\"height\":51,\"caption\":\"Fuentes Fidedignas\"},\"image\":{\"@id\":\"https:\\\/\\\/fuentesfidedignas.com.mx\\\/#\\\/schema\\\/logo\\\/image\\\/\"},\"sameAs\":[\"https:\\\/\\\/www.facebook.com\\\/Fuentes-Fidedignas-368234489921644\",\"https:\\\/\\\/x.com\\\/fidedignas\"]},{\"@type\":\"Person\",\"@id\":\"https:\\\/\\\/fuentesfidedignas.com.mx\\\/#\\\/schema\\\/person\\\/331be9283d37198e2acd5750279085b0\",\"name\":\"Redacci\u00f3n\",\"image\":{\"@type\":\"ImageObject\",\"inLanguage\":\"es\",\"@id\":\"https:\\\/\\\/secure.gravatar.com\\\/avatar\\\/f6d8782c11d12b2d4ad3fbb6931aeab5309937a4d6cd2fc9cfaa28a6396a5aec?s=96&d=mm&r=g\",\"url\":\"https:\\\/\\\/secure.gravatar.com\\\/avatar\\\/f6d8782c11d12b2d4ad3fbb6931aeab5309937a4d6cd2fc9cfaa28a6396a5aec?s=96&d=mm&r=g\",\"contentUrl\":\"https:\\\/\\\/secure.gravatar.com\\\/avatar\\\/f6d8782c11d12b2d4ad3fbb6931aeab5309937a4d6cd2fc9cfaa28a6396a5aec?s=96&d=mm&r=g\",\"caption\":\"Redacci\u00f3n\"},\"url\":\"https:\\\/\\\/fuentesfidedignas.com.mx\\\/index.php\\\/author\\\/redaccion\\\/\"}]}<\/script>\n<!-- \/ Yoast SEO plugin. -->","yoast_head_json":{"title":"Anuncian la Copa Gobernadora 2026 con equipos de Liga Mexicana del Pac\u00edfico en Guam\u00fachil - Fuentes Fidedignas","robots":{"index":"index","follow":"follow","max-snippet":"max-snippet:-1","max-image-preview":"max-image-preview:large","max-video-preview":"max-video-preview:-1"},"canonical":"https:\/\/fuentesfidedignas.com.mx\/index.php\/2026\/09\/03\/anuncian-la-copa-gobernadora-2026-con-equipos-de-liga-mexicana-del-pacifico-en-guamuchil\/","og_locale":"es_MX","og_type":"article","og_title":"Anuncian la Copa Gobernadora 2026 con equipos de Liga Mexicana del Pac\u00edfico en Guam\u00fachil - Fuentes Fidedignas","og_description":"CULIAC\u00c1N, Sin.- Esta ma\u00f1ana fueron dadas a conocer, en conferencia de prensa, las fechas oficiales para la realizaci\u00f3n de la Copa Gobernadora 2026, tradicional evento de beisbol que tendr\u00e1 lugar los d\u00edas 7, 8 y 9 de octubre en el Estadio Alberto Vega Ch\u00e1vez, de Guam\u00fachil, Salvador Alvarado Est\u00e1 conferencia estuvo encabezada por Lupita L\u00f3pez [&hellip;]","og_url":"https:\/\/fuentesfidedignas.com.mx\/index.php\/2026\/09\/03\/anuncian-la-copa-gobernadora-2026-con-equipos-de-liga-mexicana-del-pacifico-en-guamuchil\/","og_site_name":"Fuentes Fidedignas","article_publisher":"https:\/\/www.facebook.com\/Fuentes-Fidedignas-368234489921644","article_published_time":"2026-09-03T22:11:16+00:00","article_modified_time":"2026-09-03T22:11:22+00:00","og_image":[{"width":1280,"height":720,"url":"https:\/\/fuentesfidedignas.com.mx\/wp-content\/uploads\/2026\/09\/WhatsApp-Image-2026-09-03-at-2.33.44-PM.jpeg","type":"image\/jpeg"}],"author":"Redacci\u00f3n","twitter_card":"summary_large_image","twitter_creator":"@fidedignas","twitter_site":"@fidedignas","twitter_misc":{"Escrito por":"Redacci\u00f3n","Tiempo de lectura":"2 minutos"},"schema":{"@context":"https:\/\/schema.org","@graph":[{"@type":"Article","@id":"https:\/\/fuentesfidedignas.com.mx\/index.php\/2026\/09\/03\/anuncian-la-copa-gobernadora-2026-con-equipos-de-liga-mexicana-del-pacifico-en-guamuchil\/#article","isPartOf":{"@id":"https:\/\/fuentesfidedignas.com.mx\/index.php\/2026\/09\/03\/anuncian-la-copa-gobernadora-2026-con-equipos-de-liga-mexicana-del-pacifico-en-guamuchil\/"},"author":{"name":"Redacci\u00f3n","@id":"https:\/\/fuentesfidedignas.com.mx\/#\/schema\/person\/331be9283d37198e2acd5750279085b0"},"headline":"Anuncian la Copa Gobernadora 2026 con equipos de Liga Mexicana del Pac\u00edfico en Guam\u00fachil","datePublished":"2026-09-03T22:11:16+00:00","dateModified":"2026-09-03T22:11:22+00:00","mainEntityOfPage":{"@id":"https:\/\/fuentesfidedignas.com.mx\/index.php\/2026\/09\/03\/anuncian-la-copa-gobernadora-2026-con-equipos-de-liga-mexicana-del-pacifico-en-guamuchil\/"},"wordCount":363,"commentCount":0,"publisher":{"@id":"https:\/\/fuentesfidedignas.com.mx\/#organization"},"image":{"@id":"https:\/\/fuentesfidedignas.com.mx\/index.php\/2026\/09\/03\/anuncian-la-copa-gobernadora-2026-con-equipos-de-liga-mexicana-del-pacifico-en-guamuchil\/#primaryimage"},"thumbnailUrl":"https:\/\/fuentesfidedignas.com.mx\/wp-content\/uploads\/2026\/09\/WhatsApp-Image-2026-09-03-at-2.33.44-PM.jpeg","articleSection":["NOTICIAS LOCALES"],"inLanguage":"es","potentialAction":[{"@type":"CommentAction","name":"Comment","target":["https:\/\/fuentesfidedignas.com.mx\/index.php\/2026\/09\/03\/anuncian-la-copa-gobernadora-2026-con-equipos-de-liga-mexicana-del-pacifico-en-guamuchil\/#respond"]}]},{"@type":"WebPage","@id":"https:\/\/fuentesfidedignas.com.mx\/index.php\/2026\/09\/03\/anuncian-la-copa-gobernadora-2026-con-equipos-de-liga-mexicana-del-pacifico-en-guamuchil\/","url":"https:\/\/fuentesfidedignas.com.mx\/index.php\/2026\/09\/03\/anuncian-la-copa-gobernadora-2026-con-equipos-de-liga-mexicana-del-pacifico-en-guamuchil\/","name":"Anuncian la Copa Gobernadora 2026 con equipos de Liga Mexicana del Pac\u00edfico en Guam\u00fachil - Fuentes Fidedignas","isPartOf":{"@id":"https:\/\/fuentesfidedignas.com.mx\/#website"},"primaryImageOfPage":{"@id":"https:\/\/fuentesfidedignas.com.mx\/index.php\/2026\/09\/03\/anuncian-la-copa-gobernadora-2026-con-equipos-de-liga-mexicana-del-pacifico-en-guamuchil\/#primaryimage"},"image":{"@id":"https:\/\/fuentesfidedignas.com.mx\/index.php\/2026\/09\/03\/anuncian-la-copa-gobernadora-2026-con-equipos-de-liga-mexicana-del-pacifico-en-guamuchil\/#primaryimage"},"thumbnailUrl":"https:\/\/fuentesfidedignas.com.mx\/wp-content\/uploads\/2026\/09\/WhatsApp-Image-2026-09-03-at-2.33.44-PM.jpeg","datePublished":"2026-09-03T22:11:16+00:00","dateModified":"2026-09-03T22:11:22+00:00","breadcrumb":{"@id":"https:\/\/fuentesfidedignas.com.mx\/index.php\/2026\/09\/03\/anuncian-la-copa-gobernadora-2026-con-equipos-de-liga-mexicana-del-pacifico-en-guamuchil\/#breadcrumb"},"inLanguage":"es","potentialAction":[{"@type":"ReadAction","target":["https:\/\/fuentesfidedignas.com.mx\/index.php\/2026\/09\/03\/anuncian-la-copa-gobernadora-2026-con-equipos-de-liga-mexicana-del-pacifico-en-guamuchil\/"]}]},{"@type":"ImageObject","inLanguage":"es","@id":"https:\/\/fuentesfidedignas.com.mx\/index.php\/2026\/09\/03\/anuncian-la-copa-gobernadora-2026-con-equipos-de-liga-mexicana-del-pacifico-en-guamuchil\/#primaryimage","url":"https:\/\/fuentesfidedignas.com.mx\/wp-content\/uploads\/2026\/09\/WhatsApp-Image-2026-09-03-at-2.33.44-PM.jpeg","contentUrl":"https:\/\/fuentesfidedignas.com.mx\/wp-content\/uploads\/2026\/09\/WhatsApp-Image-2026-09-03-at-2.33.44-PM.jpeg","width":1280,"height":720},{"@type":"BreadcrumbList","@id":"https:\/\/fuentesfidedignas.com.mx\/index.php\/2026\/09\/03\/anuncian-la-copa-gobernadora-2026-con-equipos-de-liga-mexicana-del-pacifico-en-guamuchil\/#breadcrumb","itemListElement":[{"@type":"ListItem","position":1,"name":"Inicio","item":"https:\/\/fuentesfidedignas.com.mx\/"},{"@type":"ListItem","position":2,"name":"Anuncian la Copa Gobernadora 2026 con equipos de Liga Mexicana del Pac\u00edfico en Guam\u00fachil"}]},{"@type":"WebSite","@id":"https:\/\/fuentesfidedignas.com.mx\/#website","url":"https:\/\/fuentesfidedignas.com.mx\/","name":"Fuentes Fidedignas","description":"Otro sitio realizado con WordPress","publisher":{"@id":"https:\/\/fuentesfidedignas.com.mx\/#organization"},"potentialAction":[{"@type":"SearchAction","target":{"@type":"EntryPoint","urlTemplate":"https:\/\/fuentesfidedignas.com.mx\/?s={search_term_string}"},"query-input":{"@type":"PropertyValueSpecification","valueRequired":true,"valueName":"search_term_string"}}],"inLanguage":"es"},{"@type":"Organization","@id":"https:\/\/fuentesfidedignas.com.mx\/#organization","name":"Fuentes Fidedignas","url":"https:\/\/fuentesfidedignas.com.mx\/","logo":{"@type":"ImageObject","inLanguage":"es","@id":"https:\/\/fuentesfidedignas.com.mx\/#\/schema\/logo\/image\/","url":"https:\/\/fuentesfidedignas.com.mx\/wp-content\/uploads\/2021\/04\/logo-retina.png","contentUrl":"https:\/\/fuentesfidedignas.com.mx\/wp-content\/uploads\/2021\/04\/logo-retina.png","width":280,"height":51,"caption":"Fuentes Fidedignas"},"image":{"@id":"https:\/\/fuentesfidedignas.com.mx\/#\/schema\/logo\/image\/"},"sameAs":["https:\/\/www.facebook.com\/Fuentes-Fidedignas-368234489921644","https:\/\/x.com\/fidedignas"]},{"@type":"Person","@id":"https:\/\/fuentesfidedignas.com.mx\/#\/schema\/person\/331be9283d37198e2acd5750279085b0","name":"Redacci\u00f3n","image":{"@type":"ImageObject","inLanguage":"es","@id":"https:\/\/secure.gravatar.com\/avatar\/f6d8782c11d12b2d4ad3fbb6931aeab5309937a4d6cd2fc9cfaa28a6396a5aec?s=96&d=mm&r=g","url":"https:\/\/secure.gravatar.com\/avatar\/f6d8782c11d12b2d4ad3fbb6931aeab5309937a4d6cd2fc9cfaa28a6396a5aec?s=96&d=mm&r=g","contentUrl":"https:\/\/secure.gravatar.com\/avatar\/f6d8782c11d12b2d4ad3fbb6931aeab5309937a4d6cd2fc9cfaa28a6396a5aec?s=96&d=mm&r=g","caption":"Redacci\u00f3n"},"url":"https:\/\/fuentesfidedignas.com.mx\/index.php\/author\/redaccion\/"}]}},"_links":{"self":[{"href":"https:\/\/fuentesfidedignas.com.mx\/index.php\/wp-json\/wp\/v2\/posts\/141586","targetHints":{"allow":["GET"]}}],"collection":[{"href":"https:\/\/fuentesfidedignas.com.mx\/index.php\/wp-json\/wp\/v2\/posts"}],"about":[{"href":"https:\/\/fuentesfidedignas.com.mx\/index.php\/wp-json\/wp\/v2\/types\/post"}],"author":[{"embeddable":true,"href":"https:\/\/fuentesfidedignas.com.mx\/index.php\/wp-json\/wp\/v2\/users\/4"}],"replies":[{"embeddable":true,"href":"https:\/\/fuentesfidedignas.com.mx\/index.php\/wp-json\/wp\/v2\/comments?post=141586"}],"version-history":[{"count":1,"href":"https:\/\/fuentesfidedignas.com.mx\/index.php\/wp-json\/wp\/v2\/posts\/141586\/revisions"}],"predecessor-version":[{"id":141588,"href":"https:\/\/fuentesfidedignas.com.mx\/index.php\/wp-json\/wp\/v2\/posts\/141586\/revisions\/141588"}],"wp:featuredmedia":[{"embeddable":true,"href":"https:\/\/fuentesfidedignas.com.mx\/index.php\/wp-json\/wp\/v2\/media\/141587"}],"wp:attachment":[{"href":"https:\/\/fuentesfidedignas.com.mx\/index.php\/wp-json\/wp\/v2\/media?parent=141586"}],"wp:term":[{"taxonomy":"category","embeddable":true,"href":"https:\/\/fuentesfidedignas.com.mx\/index.php\/wp-json\/wp\/v2\/categories?post=141586"},{"taxonomy":"post_tag","embeddable":true,"href":"https:\/\/fuentesfidedignas.com.mx\/index.php\/wp-json\/wp\/v2\/tags?post=141586"}],"curies":[{"name":"wp","href":"https:\/\/api.w.org\/{rel}","templated":true}]}}