{"id":141580,"date":"2026-09-04T00:47:30","date_gmt":"2026-09-04T07:47:30","guid":{"rendered":"https:\/\/fuentesfidedignas.com.mx\/?p=141580"},"modified":"2026-09-04T06:31:01","modified_gmt":"2026-09-04T13:31:01","slug":"jovenes-mujeres-discapacitados-y-lgbtq-los-grupos-con-mas-discriminacion-laboral-en-cdmx","status":"publish","type":"post","link":"https:\/\/fuentesfidedignas.com.mx\/index.php\/2026\/09\/04\/jovenes-mujeres-discapacitados-y-lgbtq-los-grupos-con-mas-discriminacion-laboral-en-cdmx\/","title":{"rendered":"J\u00f3venes, mujeres, discapacitados y LGBTQ+, los grupos con m\u00e1s discriminaci\u00f3n laboral en CDMX"},"content":{"rendered":"\n<p class=\"wp-block-paragraph\">Los j\u00f3venes, las mujeres, la poblaci\u00f3n LGBTQ+ y las personas con discapacidad representan los grupos que padecen mayores niveles de discriminaci\u00f3n laboral en la Ciudad de M\u00e9xico, de acuerdo con un diagn\u00f3stico del Consejo para Prevenir y Eliminar la Discriminaci\u00f3n (Copred).<\/p>\n\n\n\n<p class=\"wp-block-paragraph\">La segregaci\u00f3n ocurre en distintas fases del ciclo laboral: inicia durante los procesos de reclutamiento y selecci\u00f3n, se profundiza durante el desempe\u00f1o del puesto mediante la negativa de ascensos o el bloqueo a derechos fundamentales como seguros sociales y pensiones, y se manifiesta en los despidos injustificados, donde las v\u00edctimas se\u00f1alan haber sido separadas por su estado de salud, embarazo, orientaci\u00f3n sexual o identidad de g\u00e9nero. <\/p>\n\n\n\n<p class=\"wp-block-paragraph\">\u201cLos principales motivos de discriminaci\u00f3n laboral que son denunciados ante el consejo son: embarazo, condici\u00f3n o estado de salud y g\u00e9nero\u201d, precisa el diagn\u00f3stico publicado en la Gaceta Oficial. <\/p>\n\n\n\n<p class=\"wp-block-paragraph\">El organismo detall\u00f3 que, desde su creaci\u00f3n en 2011, alrededor de 70% de los actos de discriminaci\u00f3n atendidos por la instituci\u00f3n corresponden al \u00e1mbito laboral.<\/p>\n\n\n\n<p class=\"wp-block-paragraph\">Asimismo, la documentaci\u00f3n evidencia que los centros de trabajo concentran m\u00e1s de la tercera parte del total de los actos discriminatorios registrados en la metr\u00f3poli.<\/p>\n\n\n\n<p class=\"wp-block-paragraph\">OBST\u00c1CULOS<\/p>\n\n\n\n<p class=\"wp-block-paragraph\">Respecto a la poblaci\u00f3n joven, el informe subraya que las juventudes enfrentan severas barreras para insertarse en el mercado formal, principalmente por convocatorias que exigen altos grados de escolaridad combinados con experiencia previa.<\/p>\n\n\n\n<p class=\"wp-block-paragraph\">Las juventudes son un grupo que de manera hist\u00f3rica y reiterada han sido discriminadas en el empleo con base en prejuicios y estereotipos como que son personas menos dedicadas o que no pondr\u00e1n empe\u00f1o al trabajo.\u201d<br>En el caso de las mujeres, el diagn\u00f3stico expone una menor tasa de incorporaci\u00f3n a la Poblaci\u00f3n Econ\u00f3micamente Activa (PEA) como reflejo directo de la desigualdad estructural.<\/p>\n\n\n\n<p class=\"wp-block-paragraph\">El Copred a\u00f1ade que las trabajadoras enfrentan obst\u00e1culos significativos al compaginar la b\u00fasqueda de empleo con las labores no remuneradas de cuidado en el hogar, sumado a la brecha salarial, ya que en el pa\u00eds las mujeres tienden a ganar 15% menos que los hombres por desempe\u00f1ar las mismas funciones.<\/p>\n\n\n\n<p class=\"wp-block-paragraph\">En tanto, el sector de personas con discapacidad afronta barreras severas en los entornos de trabajo. El reporte indica que dentro de este grupo, las personas con problemas de movilidad son quienes registran menor demanda de ocupaci\u00f3n, mientras que las personas con discapacidad visual representan el sector que m\u00e1s demanda empleo en t\u00e9rminos relativos.<\/p>\n\n\n\n<p class=\"wp-block-paragraph\">El Copred identific\u00f3 que las empresas e instituciones enfrentan resistencias internas para consolidar pol\u00edticas institucionales de diversidad e inclusi\u00f3n.<\/p>\n\n\n\n<p class=\"wp-block-paragraph\">Entre las principales trabas destacan las posturas del propio personal basadas en roles y estereotipos tradicionales de g\u00e9nero, la falta de presupuesto destinado a la implementaci\u00f3n de estas estrategias y la carencia de capacitaci\u00f3n t\u00e9cnica para aplicar las medidas antidiscriminatorias. <\/p>\n\n\n\n<p class=\"wp-block-paragraph\"><\/p>\n","protected":false},"excerpt":{"rendered":"<p>Los j\u00f3venes, las mujeres, la poblaci\u00f3n LGBTQ+ y las personas con discapacidad representan los grupos que padecen mayores niveles de discriminaci\u00f3n laboral en la Ciudad de M\u00e9xico, de acuerdo con un diagn\u00f3stico del Consejo para Prevenir y Eliminar la Discriminaci\u00f3n (Copred). La segregaci\u00f3n ocurre en distintas fases del ciclo laboral: inicia durante los procesos de [&hellip;]<\/p>\n","protected":false},"author":9,"featured_media":78491,"comment_status":"open","ping_status":"open","sticky":false,"template":"","format":"standard","meta":{"tdm_status":"","tdm_grid_status":"","footnotes":""},"categories":[35,36],"tags":[],"class_list":["post-141580","post","type-post","status-publish","format-standard","has-post-thumbnail","category-amor-es-amor","category-semanales"],"yoast_head":"<!-- This site is optimized with the Yoast SEO plugin v28.4 - https:\/\/yoast.com\/product\/yoast-seo-wordpress\/ -->\n<title>J\u00f3venes, mujeres, discapacitados y LGBTQ+, los grupos con m\u00e1s discriminaci\u00f3n laboral en CDMX - Fuentes Fidedignas<\/title>\n<meta name=\"robots\" content=\"index, follow, max-snippet:-1, max-image-preview:large, max-video-preview:-1\" \/>\n<link rel=\"canonical\" href=\"https:\/\/fuentesfidedignas.com.mx\/index.php\/2026\/09\/04\/jovenes-mujeres-discapacitados-y-lgbtq-los-grupos-con-mas-discriminacion-laboral-en-cdmx\/\" \/>\n<meta property=\"og:locale\" content=\"es_MX\" \/>\n<meta property=\"og:type\" content=\"article\" \/>\n<meta property=\"og:title\" content=\"J\u00f3venes, mujeres, discapacitados y LGBTQ+, los grupos con m\u00e1s discriminaci\u00f3n laboral en CDMX - Fuentes Fidedignas\" \/>\n<meta property=\"og:description\" content=\"Los j\u00f3venes, las mujeres, la poblaci\u00f3n LGBTQ+ y las personas con discapacidad representan los grupos que padecen mayores niveles de discriminaci\u00f3n laboral en la Ciudad de M\u00e9xico, de acuerdo con un diagn\u00f3stico del Consejo para Prevenir y Eliminar la Discriminaci\u00f3n (Copred). La segregaci\u00f3n ocurre en distintas fases del ciclo laboral: inicia durante los procesos de [&hellip;]\" \/>\n<meta property=\"og:url\" content=\"https:\/\/fuentesfidedignas.com.mx\/index.php\/2026\/09\/04\/jovenes-mujeres-discapacitados-y-lgbtq-los-grupos-con-mas-discriminacion-laboral-en-cdmx\/\" \/>\n<meta property=\"og:site_name\" content=\"Fuentes Fidedignas\" \/>\n<meta property=\"article:publisher\" content=\"https:\/\/www.facebook.com\/Fuentes-Fidedignas-368234489921644\" \/>\n<meta property=\"article:published_time\" content=\"2026-09-04T07:47:30+00:00\" \/>\n<meta property=\"article:modified_time\" content=\"2026-09-04T13:31:01+00:00\" \/>\n<meta property=\"og:image\" content=\"https:\/\/fuentesfidedignas.com.mx\/wp-content\/uploads\/2024\/04\/Candidatos-lgbt.jpg\" \/>\n\t<meta property=\"og:image:width\" content=\"600\" \/>\n\t<meta property=\"og:image:height\" content=\"403\" \/>\n\t<meta property=\"og:image:type\" content=\"image\/jpeg\" \/>\n<meta name=\"author\" content=\"Milenio\" \/>\n<meta name=\"twitter:card\" content=\"summary_large_image\" \/>\n<meta name=\"twitter:creator\" content=\"@fidedignas\" \/>\n<meta name=\"twitter:site\" content=\"@fidedignas\" \/>\n<meta name=\"twitter:label1\" content=\"Escrito por\" \/>\n\t<meta name=\"twitter:data1\" content=\"Milenio\" \/>\n\t<meta name=\"twitter:label2\" content=\"Tiempo de lectura\" \/>\n\t<meta name=\"twitter:data2\" content=\"3 minutos\" \/>\n<script type=\"application\/ld+json\" class=\"yoast-schema-graph\">{\"@context\":\"https:\\\/\\\/schema.org\",\"@graph\":[{\"@type\":\"Article\",\"@id\":\"https:\\\/\\\/fuentesfidedignas.com.mx\\\/index.php\\\/2026\\\/09\\\/04\\\/jovenes-mujeres-discapacitados-y-lgbtq-los-grupos-con-mas-discriminacion-laboral-en-cdmx\\\/#article\",\"isPartOf\":{\"@id\":\"https:\\\/\\\/fuentesfidedignas.com.mx\\\/index.php\\\/2026\\\/09\\\/04\\\/jovenes-mujeres-discapacitados-y-lgbtq-los-grupos-con-mas-discriminacion-laboral-en-cdmx\\\/\"},\"author\":{\"name\":\"Milenio\",\"@id\":\"https:\\\/\\\/fuentesfidedignas.com.mx\\\/#\\\/schema\\\/person\\\/47ec0135738f4b0c7495f06a77a2c976\"},\"headline\":\"J\u00f3venes, mujeres, discapacitados y LGBTQ+, los grupos con m\u00e1s discriminaci\u00f3n laboral en CDMX\",\"datePublished\":\"2026-09-04T07:47:30+00:00\",\"dateModified\":\"2026-09-04T13:31:01+00:00\",\"mainEntityOfPage\":{\"@id\":\"https:\\\/\\\/fuentesfidedignas.com.mx\\\/index.php\\\/2026\\\/09\\\/04\\\/jovenes-mujeres-discapacitados-y-lgbtq-los-grupos-con-mas-discriminacion-laboral-en-cdmx\\\/\"},\"wordCount\":505,\"commentCount\":0,\"publisher\":{\"@id\":\"https:\\\/\\\/fuentesfidedignas.com.mx\\\/#organization\"},\"image\":{\"@id\":\"https:\\\/\\\/fuentesfidedignas.com.mx\\\/index.php\\\/2026\\\/09\\\/04\\\/jovenes-mujeres-discapacitados-y-lgbtq-los-grupos-con-mas-discriminacion-laboral-en-cdmx\\\/#primaryimage\"},\"thumbnailUrl\":\"https:\\\/\\\/fuentesfidedignas.com.mx\\\/wp-content\\\/uploads\\\/2024\\\/04\\\/Candidatos-lgbt.jpg\",\"articleSection\":[\"AMOR ES AMOR\",\"SEMANALES\"],\"inLanguage\":\"es\",\"potentialAction\":[{\"@type\":\"CommentAction\",\"name\":\"Comment\",\"target\":[\"https:\\\/\\\/fuentesfidedignas.com.mx\\\/index.php\\\/2026\\\/09\\\/04\\\/jovenes-mujeres-discapacitados-y-lgbtq-los-grupos-con-mas-discriminacion-laboral-en-cdmx\\\/#respond\"]}]},{\"@type\":\"WebPage\",\"@id\":\"https:\\\/\\\/fuentesfidedignas.com.mx\\\/index.php\\\/2026\\\/09\\\/04\\\/jovenes-mujeres-discapacitados-y-lgbtq-los-grupos-con-mas-discriminacion-laboral-en-cdmx\\\/\",\"url\":\"https:\\\/\\\/fuentesfidedignas.com.mx\\\/index.php\\\/2026\\\/09\\\/04\\\/jovenes-mujeres-discapacitados-y-lgbtq-los-grupos-con-mas-discriminacion-laboral-en-cdmx\\\/\",\"name\":\"J\u00f3venes, mujeres, discapacitados y LGBTQ+, los grupos con m\u00e1s discriminaci\u00f3n laboral en CDMX - Fuentes Fidedignas\",\"isPartOf\":{\"@id\":\"https:\\\/\\\/fuentesfidedignas.com.mx\\\/#website\"},\"primaryImageOfPage\":{\"@id\":\"https:\\\/\\\/fuentesfidedignas.com.mx\\\/index.php\\\/2026\\\/09\\\/04\\\/jovenes-mujeres-discapacitados-y-lgbtq-los-grupos-con-mas-discriminacion-laboral-en-cdmx\\\/#primaryimage\"},\"image\":{\"@id\":\"https:\\\/\\\/fuentesfidedignas.com.mx\\\/index.php\\\/2026\\\/09\\\/04\\\/jovenes-mujeres-discapacitados-y-lgbtq-los-grupos-con-mas-discriminacion-laboral-en-cdmx\\\/#primaryimage\"},\"thumbnailUrl\":\"https:\\\/\\\/fuentesfidedignas.com.mx\\\/wp-content\\\/uploads\\\/2024\\\/04\\\/Candidatos-lgbt.jpg\",\"datePublished\":\"2026-09-04T07:47:30+00:00\",\"dateModified\":\"2026-09-04T13:31:01+00:00\",\"breadcrumb\":{\"@id\":\"https:\\\/\\\/fuentesfidedignas.com.mx\\\/index.php\\\/2026\\\/09\\\/04\\\/jovenes-mujeres-discapacitados-y-lgbtq-los-grupos-con-mas-discriminacion-laboral-en-cdmx\\\/#breadcrumb\"},\"inLanguage\":\"es\",\"potentialAction\":[{\"@type\":\"ReadAction\",\"target\":[\"https:\\\/\\\/fuentesfidedignas.com.mx\\\/index.php\\\/2026\\\/09\\\/04\\\/jovenes-mujeres-discapacitados-y-lgbtq-los-grupos-con-mas-discriminacion-laboral-en-cdmx\\\/\"]}]},{\"@type\":\"ImageObject\",\"inLanguage\":\"es\",\"@id\":\"https:\\\/\\\/fuentesfidedignas.com.mx\\\/index.php\\\/2026\\\/09\\\/04\\\/jovenes-mujeres-discapacitados-y-lgbtq-los-grupos-con-mas-discriminacion-laboral-en-cdmx\\\/#primaryimage\",\"url\":\"https:\\\/\\\/fuentesfidedignas.com.mx\\\/wp-content\\\/uploads\\\/2024\\\/04\\\/Candidatos-lgbt.jpg\",\"contentUrl\":\"https:\\\/\\\/fuentesfidedignas.com.mx\\\/wp-content\\\/uploads\\\/2024\\\/04\\\/Candidatos-lgbt.jpg\",\"width\":600,\"height\":403},{\"@type\":\"BreadcrumbList\",\"@id\":\"https:\\\/\\\/fuentesfidedignas.com.mx\\\/index.php\\\/2026\\\/09\\\/04\\\/jovenes-mujeres-discapacitados-y-lgbtq-los-grupos-con-mas-discriminacion-laboral-en-cdmx\\\/#breadcrumb\",\"itemListElement\":[{\"@type\":\"ListItem\",\"position\":1,\"name\":\"Inicio\",\"item\":\"https:\\\/\\\/fuentesfidedignas.com.mx\\\/\"},{\"@type\":\"ListItem\",\"position\":2,\"name\":\"J\u00f3venes, mujeres, discapacitados y LGBTQ+, los grupos con m\u00e1s discriminaci\u00f3n laboral en CDMX\"}]},{\"@type\":\"WebSite\",\"@id\":\"https:\\\/\\\/fuentesfidedignas.com.mx\\\/#website\",\"url\":\"https:\\\/\\\/fuentesfidedignas.com.mx\\\/\",\"name\":\"Fuentes Fidedignas\",\"description\":\"Otro sitio realizado con WordPress\",\"publisher\":{\"@id\":\"https:\\\/\\\/fuentesfidedignas.com.mx\\\/#organization\"},\"potentialAction\":[{\"@type\":\"SearchAction\",\"target\":{\"@type\":\"EntryPoint\",\"urlTemplate\":\"https:\\\/\\\/fuentesfidedignas.com.mx\\\/?s={search_term_string}\"},\"query-input\":{\"@type\":\"PropertyValueSpecification\",\"valueRequired\":true,\"valueName\":\"search_term_string\"}}],\"inLanguage\":\"es\"},{\"@type\":\"Organization\",\"@id\":\"https:\\\/\\\/fuentesfidedignas.com.mx\\\/#organization\",\"name\":\"Fuentes Fidedignas\",\"url\":\"https:\\\/\\\/fuentesfidedignas.com.mx\\\/\",\"logo\":{\"@type\":\"ImageObject\",\"inLanguage\":\"es\",\"@id\":\"https:\\\/\\\/fuentesfidedignas.com.mx\\\/#\\\/schema\\\/logo\\\/image\\\/\",\"url\":\"https:\\\/\\\/fuentesfidedignas.com.mx\\\/wp-content\\\/uploads\\\/2021\\\/04\\\/logo-retina.png\",\"contentUrl\":\"https:\\\/\\\/fuentesfidedignas.com.mx\\\/wp-content\\\/uploads\\\/2021\\\/04\\\/logo-retina.png\",\"width\":280,\"height\":51,\"caption\":\"Fuentes Fidedignas\"},\"image\":{\"@id\":\"https:\\\/\\\/fuentesfidedignas.com.mx\\\/#\\\/schema\\\/logo\\\/image\\\/\"},\"sameAs\":[\"https:\\\/\\\/www.facebook.com\\\/Fuentes-Fidedignas-368234489921644\",\"https:\\\/\\\/x.com\\\/fidedignas\"]},{\"@type\":\"Person\",\"@id\":\"https:\\\/\\\/fuentesfidedignas.com.mx\\\/#\\\/schema\\\/person\\\/47ec0135738f4b0c7495f06a77a2c976\",\"name\":\"Milenio\",\"image\":{\"@type\":\"ImageObject\",\"inLanguage\":\"es\",\"@id\":\"https:\\\/\\\/secure.gravatar.com\\\/avatar\\\/acabf7b54753e51c2c76457954577c236b3b764789b19879565769739d1e4a75?s=96&d=mm&r=g\",\"url\":\"https:\\\/\\\/secure.gravatar.com\\\/avatar\\\/acabf7b54753e51c2c76457954577c236b3b764789b19879565769739d1e4a75?s=96&d=mm&r=g\",\"contentUrl\":\"https:\\\/\\\/secure.gravatar.com\\\/avatar\\\/acabf7b54753e51c2c76457954577c236b3b764789b19879565769739d1e4a75?s=96&d=mm&r=g\",\"caption\":\"Milenio\"},\"url\":\"https:\\\/\\\/fuentesfidedignas.com.mx\\\/index.php\\\/author\\\/milenio\\\/\"}]}<\/script>\n<!-- \/ Yoast SEO plugin. -->","yoast_head_json":{"title":"J\u00f3venes, mujeres, discapacitados y LGBTQ+, los grupos con m\u00e1s discriminaci\u00f3n laboral en CDMX - Fuentes Fidedignas","robots":{"index":"index","follow":"follow","max-snippet":"max-snippet:-1","max-image-preview":"max-image-preview:large","max-video-preview":"max-video-preview:-1"},"canonical":"https:\/\/fuentesfidedignas.com.mx\/index.php\/2026\/09\/04\/jovenes-mujeres-discapacitados-y-lgbtq-los-grupos-con-mas-discriminacion-laboral-en-cdmx\/","og_locale":"es_MX","og_type":"article","og_title":"J\u00f3venes, mujeres, discapacitados y LGBTQ+, los grupos con m\u00e1s discriminaci\u00f3n laboral en CDMX - Fuentes Fidedignas","og_description":"Los j\u00f3venes, las mujeres, la poblaci\u00f3n LGBTQ+ y las personas con discapacidad representan los grupos que padecen mayores niveles de discriminaci\u00f3n laboral en la Ciudad de M\u00e9xico, de acuerdo con un diagn\u00f3stico del Consejo para Prevenir y Eliminar la Discriminaci\u00f3n (Copred). La segregaci\u00f3n ocurre en distintas fases del ciclo laboral: inicia durante los procesos de [&hellip;]","og_url":"https:\/\/fuentesfidedignas.com.mx\/index.php\/2026\/09\/04\/jovenes-mujeres-discapacitados-y-lgbtq-los-grupos-con-mas-discriminacion-laboral-en-cdmx\/","og_site_name":"Fuentes Fidedignas","article_publisher":"https:\/\/www.facebook.com\/Fuentes-Fidedignas-368234489921644","article_published_time":"2026-09-04T07:47:30+00:00","article_modified_time":"2026-09-04T13:31:01+00:00","og_image":[{"width":600,"height":403,"url":"https:\/\/fuentesfidedignas.com.mx\/wp-content\/uploads\/2024\/04\/Candidatos-lgbt.jpg","type":"image\/jpeg"}],"author":"Milenio","twitter_card":"summary_large_image","twitter_creator":"@fidedignas","twitter_site":"@fidedignas","twitter_misc":{"Escrito por":"Milenio","Tiempo de lectura":"3 minutos"},"schema":{"@context":"https:\/\/schema.org","@graph":[{"@type":"Article","@id":"https:\/\/fuentesfidedignas.com.mx\/index.php\/2026\/09\/04\/jovenes-mujeres-discapacitados-y-lgbtq-los-grupos-con-mas-discriminacion-laboral-en-cdmx\/#article","isPartOf":{"@id":"https:\/\/fuentesfidedignas.com.mx\/index.php\/2026\/09\/04\/jovenes-mujeres-discapacitados-y-lgbtq-los-grupos-con-mas-discriminacion-laboral-en-cdmx\/"},"author":{"name":"Milenio","@id":"https:\/\/fuentesfidedignas.com.mx\/#\/schema\/person\/47ec0135738f4b0c7495f06a77a2c976"},"headline":"J\u00f3venes, mujeres, discapacitados y LGBTQ+, los grupos con m\u00e1s discriminaci\u00f3n laboral en CDMX","datePublished":"2026-09-04T07:47:30+00:00","dateModified":"2026-09-04T13:31:01+00:00","mainEntityOfPage":{"@id":"https:\/\/fuentesfidedignas.com.mx\/index.php\/2026\/09\/04\/jovenes-mujeres-discapacitados-y-lgbtq-los-grupos-con-mas-discriminacion-laboral-en-cdmx\/"},"wordCount":505,"commentCount":0,"publisher":{"@id":"https:\/\/fuentesfidedignas.com.mx\/#organization"},"image":{"@id":"https:\/\/fuentesfidedignas.com.mx\/index.php\/2026\/09\/04\/jovenes-mujeres-discapacitados-y-lgbtq-los-grupos-con-mas-discriminacion-laboral-en-cdmx\/#primaryimage"},"thumbnailUrl":"https:\/\/fuentesfidedignas.com.mx\/wp-content\/uploads\/2024\/04\/Candidatos-lgbt.jpg","articleSection":["AMOR ES AMOR","SEMANALES"],"inLanguage":"es","potentialAction":[{"@type":"CommentAction","name":"Comment","target":["https:\/\/fuentesfidedignas.com.mx\/index.php\/2026\/09\/04\/jovenes-mujeres-discapacitados-y-lgbtq-los-grupos-con-mas-discriminacion-laboral-en-cdmx\/#respond"]}]},{"@type":"WebPage","@id":"https:\/\/fuentesfidedignas.com.mx\/index.php\/2026\/09\/04\/jovenes-mujeres-discapacitados-y-lgbtq-los-grupos-con-mas-discriminacion-laboral-en-cdmx\/","url":"https:\/\/fuentesfidedignas.com.mx\/index.php\/2026\/09\/04\/jovenes-mujeres-discapacitados-y-lgbtq-los-grupos-con-mas-discriminacion-laboral-en-cdmx\/","name":"J\u00f3venes, mujeres, discapacitados y LGBTQ+, los grupos con m\u00e1s discriminaci\u00f3n laboral en CDMX - Fuentes Fidedignas","isPartOf":{"@id":"https:\/\/fuentesfidedignas.com.mx\/#website"},"primaryImageOfPage":{"@id":"https:\/\/fuentesfidedignas.com.mx\/index.php\/2026\/09\/04\/jovenes-mujeres-discapacitados-y-lgbtq-los-grupos-con-mas-discriminacion-laboral-en-cdmx\/#primaryimage"},"image":{"@id":"https:\/\/fuentesfidedignas.com.mx\/index.php\/2026\/09\/04\/jovenes-mujeres-discapacitados-y-lgbtq-los-grupos-con-mas-discriminacion-laboral-en-cdmx\/#primaryimage"},"thumbnailUrl":"https:\/\/fuentesfidedignas.com.mx\/wp-content\/uploads\/2024\/04\/Candidatos-lgbt.jpg","datePublished":"2026-09-04T07:47:30+00:00","dateModified":"2026-09-04T13:31:01+00:00","breadcrumb":{"@id":"https:\/\/fuentesfidedignas.com.mx\/index.php\/2026\/09\/04\/jovenes-mujeres-discapacitados-y-lgbtq-los-grupos-con-mas-discriminacion-laboral-en-cdmx\/#breadcrumb"},"inLanguage":"es","potentialAction":[{"@type":"ReadAction","target":["https:\/\/fuentesfidedignas.com.mx\/index.php\/2026\/09\/04\/jovenes-mujeres-discapacitados-y-lgbtq-los-grupos-con-mas-discriminacion-laboral-en-cdmx\/"]}]},{"@type":"ImageObject","inLanguage":"es","@id":"https:\/\/fuentesfidedignas.com.mx\/index.php\/2026\/09\/04\/jovenes-mujeres-discapacitados-y-lgbtq-los-grupos-con-mas-discriminacion-laboral-en-cdmx\/#primaryimage","url":"https:\/\/fuentesfidedignas.com.mx\/wp-content\/uploads\/2024\/04\/Candidatos-lgbt.jpg","contentUrl":"https:\/\/fuentesfidedignas.com.mx\/wp-content\/uploads\/2024\/04\/Candidatos-lgbt.jpg","width":600,"height":403},{"@type":"BreadcrumbList","@id":"https:\/\/fuentesfidedignas.com.mx\/index.php\/2026\/09\/04\/jovenes-mujeres-discapacitados-y-lgbtq-los-grupos-con-mas-discriminacion-laboral-en-cdmx\/#breadcrumb","itemListElement":[{"@type":"ListItem","position":1,"name":"Inicio","item":"https:\/\/fuentesfidedignas.com.mx\/"},{"@type":"ListItem","position":2,"name":"J\u00f3venes, mujeres, discapacitados y LGBTQ+, los grupos con m\u00e1s discriminaci\u00f3n laboral en CDMX"}]},{"@type":"WebSite","@id":"https:\/\/fuentesfidedignas.com.mx\/#website","url":"https:\/\/fuentesfidedignas.com.mx\/","name":"Fuentes Fidedignas","description":"Otro sitio realizado con WordPress","publisher":{"@id":"https:\/\/fuentesfidedignas.com.mx\/#organization"},"potentialAction":[{"@type":"SearchAction","target":{"@type":"EntryPoint","urlTemplate":"https:\/\/fuentesfidedignas.com.mx\/?s={search_term_string}"},"query-input":{"@type":"PropertyValueSpecification","valueRequired":true,"valueName":"search_term_string"}}],"inLanguage":"es"},{"@type":"Organization","@id":"https:\/\/fuentesfidedignas.com.mx\/#organization","name":"Fuentes Fidedignas","url":"https:\/\/fuentesfidedignas.com.mx\/","logo":{"@type":"ImageObject","inLanguage":"es","@id":"https:\/\/fuentesfidedignas.com.mx\/#\/schema\/logo\/image\/","url":"https:\/\/fuentesfidedignas.com.mx\/wp-content\/uploads\/2021\/04\/logo-retina.png","contentUrl":"https:\/\/fuentesfidedignas.com.mx\/wp-content\/uploads\/2021\/04\/logo-retina.png","width":280,"height":51,"caption":"Fuentes Fidedignas"},"image":{"@id":"https:\/\/fuentesfidedignas.com.mx\/#\/schema\/logo\/image\/"},"sameAs":["https:\/\/www.facebook.com\/Fuentes-Fidedignas-368234489921644","https:\/\/x.com\/fidedignas"]},{"@type":"Person","@id":"https:\/\/fuentesfidedignas.com.mx\/#\/schema\/person\/47ec0135738f4b0c7495f06a77a2c976","name":"Milenio","image":{"@type":"ImageObject","inLanguage":"es","@id":"https:\/\/secure.gravatar.com\/avatar\/acabf7b54753e51c2c76457954577c236b3b764789b19879565769739d1e4a75?s=96&d=mm&r=g","url":"https:\/\/secure.gravatar.com\/avatar\/acabf7b54753e51c2c76457954577c236b3b764789b19879565769739d1e4a75?s=96&d=mm&r=g","contentUrl":"https:\/\/secure.gravatar.com\/avatar\/acabf7b54753e51c2c76457954577c236b3b764789b19879565769739d1e4a75?s=96&d=mm&r=g","caption":"Milenio"},"url":"https:\/\/fuentesfidedignas.com.mx\/index.php\/author\/milenio\/"}]}},"_links":{"self":[{"href":"https:\/\/fuentesfidedignas.com.mx\/index.php\/wp-json\/wp\/v2\/posts\/141580","targetHints":{"allow":["GET"]}}],"collection":[{"href":"https:\/\/fuentesfidedignas.com.mx\/index.php\/wp-json\/wp\/v2\/posts"}],"about":[{"href":"https:\/\/fuentesfidedignas.com.mx\/index.php\/wp-json\/wp\/v2\/types\/post"}],"author":[{"embeddable":true,"href":"https:\/\/fuentesfidedignas.com.mx\/index.php\/wp-json\/wp\/v2\/users\/9"}],"replies":[{"embeddable":true,"href":"https:\/\/fuentesfidedignas.com.mx\/index.php\/wp-json\/wp\/v2\/comments?post=141580"}],"version-history":[{"count":1,"href":"https:\/\/fuentesfidedignas.com.mx\/index.php\/wp-json\/wp\/v2\/posts\/141580\/revisions"}],"predecessor-version":[{"id":141585,"href":"https:\/\/fuentesfidedignas.com.mx\/index.php\/wp-json\/wp\/v2\/posts\/141580\/revisions\/141585"}],"wp:featuredmedia":[{"embeddable":true,"href":"https:\/\/fuentesfidedignas.com.mx\/index.php\/wp-json\/wp\/v2\/media\/78491"}],"wp:attachment":[{"href":"https:\/\/fuentesfidedignas.com.mx\/index.php\/wp-json\/wp\/v2\/media?parent=141580"}],"wp:term":[{"taxonomy":"category","embeddable":true,"href":"https:\/\/fuentesfidedignas.com.mx\/index.php\/wp-json\/wp\/v2\/categories?post=141580"},{"taxonomy":"post_tag","embeddable":true,"href":"https:\/\/fuentesfidedignas.com.mx\/index.php\/wp-json\/wp\/v2\/tags?post=141580"}],"curies":[{"name":"wp","href":"https:\/\/api.w.org\/{rel}","templated":true}]}}